{"id":13531,"date":"2020-05-01T08:00:55","date_gmt":"2020-05-01T06:00:55","guid":{"rendered":"http:\/\/pakosc-kalwaria.franciszkanie.net\/?p=13531"},"modified":"2020-05-11T15:18:47","modified_gmt":"2020-05-11T13:18:47","slug":"uroczystosc-nmp-krolowej-polski-i-pierwsza-sobota-miesiaca-na-kalwaryjskim-wzgorzu-2-maja-2020r","status":"publish","type":"post","link":"https:\/\/pakosc-kalwaria.franciszkanie.net\/index.php\/2020\/05\/01\/uroczystosc-nmp-krolowej-polski-i-pierwsza-sobota-miesiaca-na-kalwaryjskim-wzgorzu-2-maja-2020r\/","title":{"rendered":"Uroczysto\u015b\u0107 NMP Kr\u00f3lowej Polski i Pierwsza Sobota Miesi\u0105ca na kalwaryjskim Wzg\u00f3rzu &#8211; 2 maja 2020r."},"content":{"rendered":"<p><strong>W tym roku uroczysto\u015b\u0107 Naj\u015bwi\u0119tszej Maryi Panny Kr\u00f3lowej Polski (3 maja) zbiega si\u0119 z obchodem 4. niedzieli wielkanocnej. <\/strong><strong>Na pro\u015bb\u0119 Konferencji Episkopatu Polski, rzymska Kongregacja ds. Kultu Bo\u017cego i Dyscypliny Sakrament\u00f3w moc\u0105 dekretu zdecydowa\u0142a, \u017ce <\/strong><strong>uroczysto\u015b\u0107 Naj\u015bwi\u0119tszej Maryi Panny Kr\u00f3lowej Polski b\u0119dzie obchodzona w sobot\u0119, 2 maja 2020 r.<\/strong><\/p>\n<p><strong><span style=\"color: #ff0000;\">W Sanktuarium Ukrzy\u017cowania<\/span> na kalwaryjskim Wzg\u00f3rzu <span style=\"color: #ff0000;\">porz\u0105dek nabo\u017ce\u0144stw 2 maja 2020r.<\/span> jest nast\u0119puj\u0105cy:<\/strong><br \/>\n<span style=\"color: #ff0000;\"><strong>Msze \u015bw. o 9.00 i 11.00.<\/strong><\/span><br \/>\n<strong>Okazja do Spowied\u017a \u015bw. p\u00f3l godziny przed Msz\u0105 \u015bw.<\/strong><\/p>\n<p><strong>Z racji Pierwszej Soboty Miesi\u0105ca <span style=\"color: #ff0000;\">o 8.30 R\u00f3\u017caniec wynagradzaj\u0105cy Niepokalanemu Sercu Maryi.<\/span> Natomiast 15 &#8211; to minutowe rozwa\u017canie tajemnic r\u00f3\u017ca\u0144cowych odprawiamy indywidualnie.<\/strong><\/p>\n<p><strong><span style=\"color: #ff0000;\">Po Mszy \u015bw. o 9.00 Nowenna<\/span> przygotowuj\u0105ca do Nawiedzenia Obrazu Matki Boskiej Cz\u0119stochowskiej w Archidiecezji Gnie\u017anie\u0144skiej i w naszej Parafii.<\/strong><\/p>\n<p><strong><span style=\"color: #ff0000;\">O 10.30 nabo\u017ce\u0144stwo majowe<\/span> <span style=\"color: #ff0000;\">i o 11.00 Msza \u015bw. w intencji Ojczyzny <\/span>(b\u0119dzie transmisja on-line na naszej stronie internetowej).<\/strong><\/p>\n<p><strong><span style=\"color: #ff0000;\">W sobot\u0119 Msza \u015bw. wieczorna o 17.00 z liturgi\u0105 z niedzieli.\u00a0\u00a0\u00a0<\/span><\/strong><br \/>\n<strong><br \/>\nZ powodu panuj\u0105cej epidemii nie b\u0119dzie spotkania dla \u017bywego R\u00f3\u017ca\u0144ca.<\/strong><br \/>\n<strong>Zach\u0119camy doros\u0142ych i m\u0142odzie\u017c do w\u0142\u0105czenia si\u0119 w\u00a0 <span style=\"color: #ff0000;\">\u017bywy R\u00f3\u017caniec,<\/span> do R\u00f3\u017cy Matki Bo\u017cej Nieustaj\u0105cej Pomocy. Odpowiednie deklaracje na stoliku pod ch\u00f3rem i na stronie internetowej.<br \/>\n<\/strong><strong><span style=\"color: #ff0000;\">W maju<\/span> \u017bywy R\u00f3\u017caniec w naszej Parafii modli si\u0119 wed\u0142ug \u201e<span style=\"color: #ff0000;\">Zestawu nr 2\u201d. \u00a0\u00a0\u00a0\u00a0\u00a0\u00a0<\/span><\/strong><\/p>\n","protected":false},"excerpt":{"rendered":"<p>W tym roku uroczysto\u015b\u0107 Naj\u015bwi\u0119tszej Maryi Panny Kr\u00f3lowej Polski (3 maja) zbiega si\u0119 z obchodem 4. niedzieli wielkanocnej. Na pro\u015bb\u0119 Konferencji Episkopatu Polski, rzymska Kongregacja ds. Kultu Bo\u017cego i Dyscypliny Sakrament\u00f3w moc\u0105 dekretu zdecydowa\u0142a, \u017ce uroczysto\u015b\u0107 Naj\u015bwi\u0119tszej Maryi Panny Kr\u00f3lowej Polski b\u0119dzie obchodzona w sobot\u0119, 2 maja 2020 r. W Sanktuarium Ukrzy\u017cowania na kalwaryjskim Wzg\u00f3rzu &hellip;<\/p>\n","protected":false},"author":2,"featured_media":13532,"comment_status":"closed","ping_status":"open","sticky":false,"template":"","format":"standard","meta":{"_mi_skip_tracking":false,"_exactmetrics_sitenote_active":false,"_exactmetrics_sitenote_note":"","_exactmetrics_sitenote_category":0},"categories":[13],"tags":[],"yoast_head":"<!-- This site is optimized with the Yoast SEO plugin v18.1 - https:\/\/yoast.com\/wordpress\/plugins\/seo\/ -->\n<title>Uroczysto\u015b\u0107 NMP Kr\u00f3lowej Polski i Pierwsza Sobota Miesi\u0105ca na kalwaryjskim Wzg\u00f3rzu - 2 maja 2020r. - Pako\u015b\u0107 \u2013 Kalwaria<\/title>\n<meta name=\"robots\" content=\"index, follow, max-snippet:-1, max-image-preview:large, max-video-preview:-1\" \/>\n<link rel=\"canonical\" href=\"https:\/\/pakosc-kalwaria.franciszkanie.net\/index.php\/2020\/05\/01\/uroczystosc-nmp-krolowej-polski-i-pierwsza-sobota-miesiaca-na-kalwaryjskim-wzgorzu-2-maja-2020r\/\" \/>\n<meta property=\"og:locale\" content=\"pl_PL\" \/>\n<meta property=\"og:type\" content=\"article\" \/>\n<meta property=\"og:title\" content=\"Uroczysto\u015b\u0107 NMP Kr\u00f3lowej Polski i Pierwsza Sobota Miesi\u0105ca na kalwaryjskim Wzg\u00f3rzu - 2 maja 2020r. - Pako\u015b\u0107 \u2013 Kalwaria\" \/>\n<meta property=\"og:description\" content=\"W tym roku uroczysto\u015b\u0107 Naj\u015bwi\u0119tszej Maryi Panny Kr\u00f3lowej Polski (3 maja) zbiega si\u0119 z obchodem 4. niedzieli wielkanocnej. Na pro\u015bb\u0119 Konferencji Episkopatu Polski, rzymska Kongregacja ds. Kultu Bo\u017cego i Dyscypliny Sakrament\u00f3w moc\u0105 dekretu zdecydowa\u0142a, \u017ce uroczysto\u015b\u0107 Naj\u015bwi\u0119tszej Maryi Panny Kr\u00f3lowej Polski b\u0119dzie obchodzona w sobot\u0119, 2 maja 2020 r. W Sanktuarium Ukrzy\u017cowania na kalwaryjskim Wzg\u00f3rzu &hellip;\" \/>\n<meta property=\"og:url\" content=\"https:\/\/pakosc-kalwaria.franciszkanie.net\/index.php\/2020\/05\/01\/uroczystosc-nmp-krolowej-polski-i-pierwsza-sobota-miesiaca-na-kalwaryjskim-wzgorzu-2-maja-2020r\/\" \/>\n<meta property=\"og:site_name\" content=\"Pako\u015b\u0107 \u2013 Kalwaria\" \/>\n<meta property=\"article:author\" content=\"https:\/\/www.facebook.com\/KalwariaPakosc\/\" \/>\n<meta property=\"article:published_time\" content=\"2020-05-01T06:00:55+00:00\" \/>\n<meta property=\"article:modified_time\" content=\"2020-05-11T13:18:47+00:00\" \/>\n<meta property=\"og:image\" content=\"https:\/\/pakosc-kalwaria.franciszkanie.net\/wp-content\/uploads\/2020\/04\/MBCz20-678x381.jpg\" \/>\n\t<meta property=\"og:image:width\" content=\"350\" \/>\n\t<meta property=\"og:image:height\" content=\"197\" \/>\n\t<meta property=\"og:image:type\" content=\"image\/jpeg\" \/>\n<meta name=\"twitter:card\" content=\"summary\" \/>\n<meta name=\"twitter:label1\" content=\"Napisane przez\" \/>\n\t<meta name=\"twitter:data1\" content=\"pakosc-kalwaria\" \/>\n\t<meta name=\"twitter:label2\" content=\"Szacowany czas czytania\" \/>\n\t<meta name=\"twitter:data2\" content=\"1 minuta\" \/>\n<script type=\"application\/ld+json\" class=\"yoast-schema-graph\">{\"@context\":\"https:\/\/schema.org\",\"@graph\":[{\"@type\":\"WebSite\",\"@id\":\"https:\/\/pakosc-kalwaria.franciszkanie.net\/#website\",\"url\":\"https:\/\/pakosc-kalwaria.franciszkanie.net\/\",\"name\":\"Pako\u015b\u0107 \u2013 Kalwaria\",\"description\":\"Parafia Rzymsko \u2013 Katolicka p.w. Pana Jezusa Ukrzy\u017cowanego i  Matki Bo\u017cej Bolesnej ul. Barci\u0144ska 60, 88\u2013170 Pako\u015b\u0107 \u2013 Kalwaria\",\"potentialAction\":[{\"@type\":\"SearchAction\",\"target\":{\"@type\":\"EntryPoint\",\"urlTemplate\":\"https:\/\/pakosc-kalwaria.franciszkanie.net\/?s={search_term_string}\"},\"query-input\":\"required name=search_term_string\"}],\"inLanguage\":\"pl-PL\"},{\"@type\":\"ImageObject\",\"@id\":\"https:\/\/pakosc-kalwaria.franciszkanie.net\/index.php\/2020\/05\/01\/uroczystosc-nmp-krolowej-polski-i-pierwsza-sobota-miesiaca-na-kalwaryjskim-wzgorzu-2-maja-2020r\/#primaryimage\",\"inLanguage\":\"pl-PL\",\"url\":\"https:\/\/pakosc-kalwaria.franciszkanie.net\/wp-content\/uploads\/2020\/04\/MBCz20-678x381.jpg\",\"contentUrl\":\"https:\/\/pakosc-kalwaria.franciszkanie.net\/wp-content\/uploads\/2020\/04\/MBCz20-678x381.jpg\",\"width\":350,\"height\":197},{\"@type\":\"WebPage\",\"@id\":\"https:\/\/pakosc-kalwaria.franciszkanie.net\/index.php\/2020\/05\/01\/uroczystosc-nmp-krolowej-polski-i-pierwsza-sobota-miesiaca-na-kalwaryjskim-wzgorzu-2-maja-2020r\/#webpage\",\"url\":\"https:\/\/pakosc-kalwaria.franciszkanie.net\/index.php\/2020\/05\/01\/uroczystosc-nmp-krolowej-polski-i-pierwsza-sobota-miesiaca-na-kalwaryjskim-wzgorzu-2-maja-2020r\/\",\"name\":\"Uroczysto\u015b\u0107 NMP Kr\u00f3lowej Polski i Pierwsza Sobota Miesi\u0105ca na kalwaryjskim Wzg\u00f3rzu - 2 maja 2020r. - Pako\u015b\u0107 \u2013 Kalwaria\",\"isPartOf\":{\"@id\":\"https:\/\/pakosc-kalwaria.franciszkanie.net\/#website\"},\"primaryImageOfPage\":{\"@id\":\"https:\/\/pakosc-kalwaria.franciszkanie.net\/index.php\/2020\/05\/01\/uroczystosc-nmp-krolowej-polski-i-pierwsza-sobota-miesiaca-na-kalwaryjskim-wzgorzu-2-maja-2020r\/#primaryimage\"},\"datePublished\":\"2020-05-01T06:00:55+00:00\",\"dateModified\":\"2020-05-11T13:18:47+00:00\",\"author\":{\"@id\":\"https:\/\/pakosc-kalwaria.franciszkanie.net\/#\/schema\/person\/af10b943be0760709227d060eadcb2aa\"},\"breadcrumb\":{\"@id\":\"https:\/\/pakosc-kalwaria.franciszkanie.net\/index.php\/2020\/05\/01\/uroczystosc-nmp-krolowej-polski-i-pierwsza-sobota-miesiaca-na-kalwaryjskim-wzgorzu-2-maja-2020r\/#breadcrumb\"},\"inLanguage\":\"pl-PL\",\"potentialAction\":[{\"@type\":\"ReadAction\",\"target\":[\"https:\/\/pakosc-kalwaria.franciszkanie.net\/index.php\/2020\/05\/01\/uroczystosc-nmp-krolowej-polski-i-pierwsza-sobota-miesiaca-na-kalwaryjskim-wzgorzu-2-maja-2020r\/\"]}]},{\"@type\":\"BreadcrumbList\",\"@id\":\"https:\/\/pakosc-kalwaria.franciszkanie.net\/index.php\/2020\/05\/01\/uroczystosc-nmp-krolowej-polski-i-pierwsza-sobota-miesiaca-na-kalwaryjskim-wzgorzu-2-maja-2020r\/#breadcrumb\",\"itemListElement\":[{\"@type\":\"ListItem\",\"position\":1,\"name\":\"Strona g\u0142\u00f3wna\",\"item\":\"https:\/\/pakosc-kalwaria.franciszkanie.net\/\"},{\"@type\":\"ListItem\",\"position\":2,\"name\":\"Uroczysto\u015b\u0107 NMP Kr\u00f3lowej Polski i Pierwsza Sobota Miesi\u0105ca na kalwaryjskim Wzg\u00f3rzu &#8211; 2 maja 2020r.\"}]},{\"@type\":\"Person\",\"@id\":\"https:\/\/pakosc-kalwaria.franciszkanie.net\/#\/schema\/person\/af10b943be0760709227d060eadcb2aa\",\"name\":\"pakosc-kalwaria\",\"image\":{\"@type\":\"ImageObject\",\"@id\":\"https:\/\/pakosc-kalwaria.franciszkanie.net\/#personlogo\",\"inLanguage\":\"pl-PL\",\"url\":\"https:\/\/secure.gravatar.com\/avatar\/e7049d338b55eac6a0027ff3218b8d02?s=96&d=mm&r=g\",\"contentUrl\":\"https:\/\/secure.gravatar.com\/avatar\/e7049d338b55eac6a0027ff3218b8d02?s=96&d=mm&r=g\",\"caption\":\"pakosc-kalwaria\"},\"sameAs\":[\"https:\/\/www.facebook.com\/KalwariaPakosc\/\"],\"url\":\"https:\/\/pakosc-kalwaria.franciszkanie.net\/index.php\/author\/pakosc-kalwaria\/\"}]}<\/script>\n<!-- \/ Yoast SEO plugin. -->","yoast_head_json":{"title":"Uroczysto\u015b\u0107 NMP Kr\u00f3lowej Polski i Pierwsza Sobota Miesi\u0105ca na kalwaryjskim Wzg\u00f3rzu - 2 maja 2020r. - Pako\u015b\u0107 \u2013 Kalwaria","robots":{"index":"index","follow":"follow","max-snippet":"max-snippet:-1","max-image-preview":"max-image-preview:large","max-video-preview":"max-video-preview:-1"},"canonical":"https:\/\/pakosc-kalwaria.franciszkanie.net\/index.php\/2020\/05\/01\/uroczystosc-nmp-krolowej-polski-i-pierwsza-sobota-miesiaca-na-kalwaryjskim-wzgorzu-2-maja-2020r\/","og_locale":"pl_PL","og_type":"article","og_title":"Uroczysto\u015b\u0107 NMP Kr\u00f3lowej Polski i Pierwsza Sobota Miesi\u0105ca na kalwaryjskim Wzg\u00f3rzu - 2 maja 2020r. - Pako\u015b\u0107 \u2013 Kalwaria","og_description":"W tym roku uroczysto\u015b\u0107 Naj\u015bwi\u0119tszej Maryi Panny Kr\u00f3lowej Polski (3 maja) zbiega si\u0119 z obchodem 4. niedzieli wielkanocnej. Na pro\u015bb\u0119 Konferencji Episkopatu Polski, rzymska Kongregacja ds. Kultu Bo\u017cego i Dyscypliny Sakrament\u00f3w moc\u0105 dekretu zdecydowa\u0142a, \u017ce uroczysto\u015b\u0107 Naj\u015bwi\u0119tszej Maryi Panny Kr\u00f3lowej Polski b\u0119dzie obchodzona w sobot\u0119, 2 maja 2020 r. W Sanktuarium Ukrzy\u017cowania na kalwaryjskim Wzg\u00f3rzu &hellip;","og_url":"https:\/\/pakosc-kalwaria.franciszkanie.net\/index.php\/2020\/05\/01\/uroczystosc-nmp-krolowej-polski-i-pierwsza-sobota-miesiaca-na-kalwaryjskim-wzgorzu-2-maja-2020r\/","og_site_name":"Pako\u015b\u0107 \u2013 Kalwaria","article_author":"https:\/\/www.facebook.com\/KalwariaPakosc\/","article_published_time":"2020-05-01T06:00:55+00:00","article_modified_time":"2020-05-11T13:18:47+00:00","og_image":[{"width":350,"height":197,"url":"https:\/\/pakosc-kalwaria.franciszkanie.net\/wp-content\/uploads\/2020\/04\/MBCz20-678x381.jpg","type":"image\/jpeg"}],"twitter_card":"summary","twitter_misc":{"Napisane przez":"pakosc-kalwaria","Szacowany czas czytania":"1 minuta"},"schema":{"@context":"https:\/\/schema.org","@graph":[{"@type":"WebSite","@id":"https:\/\/pakosc-kalwaria.franciszkanie.net\/#website","url":"https:\/\/pakosc-kalwaria.franciszkanie.net\/","name":"Pako\u015b\u0107 \u2013 Kalwaria","description":"Parafia Rzymsko \u2013 Katolicka p.w. Pana Jezusa Ukrzy\u017cowanego i  Matki Bo\u017cej Bolesnej ul. Barci\u0144ska 60, 88\u2013170 Pako\u015b\u0107 \u2013 Kalwaria","potentialAction":[{"@type":"SearchAction","target":{"@type":"EntryPoint","urlTemplate":"https:\/\/pakosc-kalwaria.franciszkanie.net\/?s={search_term_string}"},"query-input":"required name=search_term_string"}],"inLanguage":"pl-PL"},{"@type":"ImageObject","@id":"https:\/\/pakosc-kalwaria.franciszkanie.net\/index.php\/2020\/05\/01\/uroczystosc-nmp-krolowej-polski-i-pierwsza-sobota-miesiaca-na-kalwaryjskim-wzgorzu-2-maja-2020r\/#primaryimage","inLanguage":"pl-PL","url":"https:\/\/pakosc-kalwaria.franciszkanie.net\/wp-content\/uploads\/2020\/04\/MBCz20-678x381.jpg","contentUrl":"https:\/\/pakosc-kalwaria.franciszkanie.net\/wp-content\/uploads\/2020\/04\/MBCz20-678x381.jpg","width":350,"height":197},{"@type":"WebPage","@id":"https:\/\/pakosc-kalwaria.franciszkanie.net\/index.php\/2020\/05\/01\/uroczystosc-nmp-krolowej-polski-i-pierwsza-sobota-miesiaca-na-kalwaryjskim-wzgorzu-2-maja-2020r\/#webpage","url":"https:\/\/pakosc-kalwaria.franciszkanie.net\/index.php\/2020\/05\/01\/uroczystosc-nmp-krolowej-polski-i-pierwsza-sobota-miesiaca-na-kalwaryjskim-wzgorzu-2-maja-2020r\/","name":"Uroczysto\u015b\u0107 NMP Kr\u00f3lowej Polski i Pierwsza Sobota Miesi\u0105ca na kalwaryjskim Wzg\u00f3rzu - 2 maja 2020r. - Pako\u015b\u0107 \u2013 Kalwaria","isPartOf":{"@id":"https:\/\/pakosc-kalwaria.franciszkanie.net\/#website"},"primaryImageOfPage":{"@id":"https:\/\/pakosc-kalwaria.franciszkanie.net\/index.php\/2020\/05\/01\/uroczystosc-nmp-krolowej-polski-i-pierwsza-sobota-miesiaca-na-kalwaryjskim-wzgorzu-2-maja-2020r\/#primaryimage"},"datePublished":"2020-05-01T06:00:55+00:00","dateModified":"2020-05-11T13:18:47+00:00","author":{"@id":"https:\/\/pakosc-kalwaria.franciszkanie.net\/#\/schema\/person\/af10b943be0760709227d060eadcb2aa"},"breadcrumb":{"@id":"https:\/\/pakosc-kalwaria.franciszkanie.net\/index.php\/2020\/05\/01\/uroczystosc-nmp-krolowej-polski-i-pierwsza-sobota-miesiaca-na-kalwaryjskim-wzgorzu-2-maja-2020r\/#breadcrumb"},"inLanguage":"pl-PL","potentialAction":[{"@type":"ReadAction","target":["https:\/\/pakosc-kalwaria.franciszkanie.net\/index.php\/2020\/05\/01\/uroczystosc-nmp-krolowej-polski-i-pierwsza-sobota-miesiaca-na-kalwaryjskim-wzgorzu-2-maja-2020r\/"]}]},{"@type":"BreadcrumbList","@id":"https:\/\/pakosc-kalwaria.franciszkanie.net\/index.php\/2020\/05\/01\/uroczystosc-nmp-krolowej-polski-i-pierwsza-sobota-miesiaca-na-kalwaryjskim-wzgorzu-2-maja-2020r\/#breadcrumb","itemListElement":[{"@type":"ListItem","position":1,"name":"Strona g\u0142\u00f3wna","item":"https:\/\/pakosc-kalwaria.franciszkanie.net\/"},{"@type":"ListItem","position":2,"name":"Uroczysto\u015b\u0107 NMP Kr\u00f3lowej Polski i Pierwsza Sobota Miesi\u0105ca na kalwaryjskim Wzg\u00f3rzu &#8211; 2 maja 2020r."}]},{"@type":"Person","@id":"https:\/\/pakosc-kalwaria.franciszkanie.net\/#\/schema\/person\/af10b943be0760709227d060eadcb2aa","name":"pakosc-kalwaria","image":{"@type":"ImageObject","@id":"https:\/\/pakosc-kalwaria.franciszkanie.net\/#personlogo","inLanguage":"pl-PL","url":"https:\/\/secure.gravatar.com\/avatar\/e7049d338b55eac6a0027ff3218b8d02?s=96&d=mm&r=g","contentUrl":"https:\/\/secure.gravatar.com\/avatar\/e7049d338b55eac6a0027ff3218b8d02?s=96&d=mm&r=g","caption":"pakosc-kalwaria"},"sameAs":["https:\/\/www.facebook.com\/KalwariaPakosc\/"],"url":"https:\/\/pakosc-kalwaria.franciszkanie.net\/index.php\/author\/pakosc-kalwaria\/"}]}},"_links":{"self":[{"href":"https:\/\/pakosc-kalwaria.franciszkanie.net\/index.php\/wp-json\/wp\/v2\/posts\/13531"}],"collection":[{"href":"https:\/\/pakosc-kalwaria.franciszkanie.net\/index.php\/wp-json\/wp\/v2\/posts"}],"about":[{"href":"https:\/\/pakosc-kalwaria.franciszkanie.net\/index.php\/wp-json\/wp\/v2\/types\/post"}],"author":[{"embeddable":true,"href":"https:\/\/pakosc-kalwaria.franciszkanie.net\/index.php\/wp-json\/wp\/v2\/users\/2"}],"replies":[{"embeddable":true,"href":"https:\/\/pakosc-kalwaria.franciszkanie.net\/index.php\/wp-json\/wp\/v2\/comments?post=13531"}],"version-history":[{"count":6,"href":"https:\/\/pakosc-kalwaria.franciszkanie.net\/index.php\/wp-json\/wp\/v2\/posts\/13531\/revisions"}],"predecessor-version":[{"id":13777,"href":"https:\/\/pakosc-kalwaria.franciszkanie.net\/index.php\/wp-json\/wp\/v2\/posts\/13531\/revisions\/13777"}],"wp:featuredmedia":[{"embeddable":true,"href":"https:\/\/pakosc-kalwaria.franciszkanie.net\/index.php\/wp-json\/wp\/v2\/media\/13532"}],"wp:attachment":[{"href":"https:\/\/pakosc-kalwaria.franciszkanie.net\/index.php\/wp-json\/wp\/v2\/media?parent=13531"}],"wp:term":[{"taxonomy":"category","embeddable":true,"href":"https:\/\/pakosc-kalwaria.franciszkanie.net\/index.php\/wp-json\/wp\/v2\/categories?post=13531"},{"taxonomy":"post_tag","embeddable":true,"href":"https:\/\/pakosc-kalwaria.franciszkanie.net\/index.php\/wp-json\/wp\/v2\/tags?post=13531"}],"curies":[{"name":"wp","href":"https:\/\/api.w.org\/{rel}","templated":true}]}}