{"id":13538,"date":"2020-05-01T08:30:22","date_gmt":"2020-05-01T06:30:22","guid":{"rendered":"http:\/\/pakosc-kalwaria.franciszkanie.net\/?p=13538"},"modified":"2020-05-11T15:18:21","modified_gmt":"2020-05-11T13:18:21","slug":"dni-odnowy-wewnetrznej-maj-2020r","status":"publish","type":"post","link":"https:\/\/pakosc-kalwaria.franciszkanie.net\/index.php\/2020\/05\/01\/dni-odnowy-wewnetrznej-maj-2020r\/","title":{"rendered":"Dni Odnowy Wewn\u0119trznej &#8211; maj 2020r."},"content":{"rendered":"<p><strong><span style=\"color: #ff0000;\">Dni Odnowy Wewn\u0119trznej &#8211; maj 2020r.<\/span><br \/>\nZe wzgl\u0119du na epidemi\u0119 koronawirusa oraz zarz\u0105dzenia\u00a0 pa\u0144stwowe i ko\u015bcielne, ograniczone jest nadal przyst\u0119powanie do Spowiedzi i Komunii \u015bw.<br \/>\nW naszym ko\u015bciele <\/strong><strong>w czasie Mszy \u015bw. i nabo\u017ce\u0144stw <\/strong><strong>mo\u017ce przebywa\u0107\u00a0 obecnie <\/strong><span style=\"color: #ff0000;\"><strong>10<\/strong><\/span><strong><span style=\"color: #ff0000;\"> os\u00f3b!\u00a0<\/span><\/strong><\/p>\n<p><strong><u><span style=\"color: #ff0000;\">PIERWSZY\u00a0 PI\u0104TEK\u00a0 MIESI\u0104CA \u2013 1 maja 2020r.<\/span><br \/>\n<\/u><\/strong><strong>Komunia \u015bw. wynagradzaj\u0105ca Naj\u015bwi\u0119tszemu Sercu Pana Jezusa<br \/>\n<span style=\"color: #ff0000;\">16.30<\/span><\/strong><strong><span style=\"color: #ff0000;\"> &#8211;<\/span> Nabo\u017ce\u0144stwo majowe i okazja do Spowiedzi \u015bw.<br \/>\n<span style=\"color: #ff0000;\">17.00 &#8211; Msza \u015bw.<\/span> w intencjach zbiorowych do Bo\u017cego Mi\u0142osierdzia oraz za\u00a0 zmar\u0142ych polecanych w rocznych wypominkach <\/strong>(intencje mo\u017cna sk\u0142ada\u0107 w ko\u015bciele do skarbonki, w zakrystii lub przez skrzynk\u0119 intencji na stronie internetowej)<strong><br \/>\n<\/strong><strong>&#8211; po Mszy \u015bw. nabo\u017ce\u0144stwo do Naj\u015bwi\u0119tszego Serca Pana Jezusa<\/strong><\/p>\n<p><span style=\"color: #ff0000;\"><strong><u>PIERWSZA SOBOTA MIESI\u0104CA \u2013 2 maja 2020r.<\/u><\/strong><\/span><strong><span style=\"color: #ff0000;\">\u00a0<\/span><br \/>\n<\/strong><strong><span style=\"color: #ff0000;\">Uroczysto\u015b\u0107 NMP Kr\u00f3lowej Polski<\/span><br \/>\n<\/strong><strong>Nabo\u017ce\u0144stwo wynagradzaj\u0105ce Niepokalanemu Sercu Maryi<br \/>\nOkazja do Spowied\u017a \u015bw. p\u00f3l godziny przed Msz\u0105 \u015bw.<br \/>\n<span style=\"color: #ff0000;\"><br \/>\n8.30 &#8211;<\/span> <span style=\"color: #ff0000;\">R\u00f3\u017caniec<\/span> wynagradzaj\u0105cy Niepokalanemu Sercu Maryi (15-to minutowe rozwa\u017canie tajemnic r\u00f3\u017ca\u0144cowych odprawiamy indywidualnie)<br \/>\n<span style=\"color: #ff0000;\">9.00 &#8211; Msza \u015bw.<\/span> w intencji \u017bywego R\u00f3\u017ca\u0144ca <\/strong><strong><br \/>\n<span style=\"color: #ff0000;\">&#8211; po Mszy \u015bw. o 9.00 Nowenna<\/span><\/strong><strong> przygotowuj\u0105ca do Nawiedzenia Obrazu Matki Boskiej Cz\u0119stochowskiej w Archidiecezji Gnie\u017anie\u0144skiej i w naszej Parafii<\/strong><\/p>\n<p><strong><span style=\"color: #ff0000;\">10.30 &#8211;<\/span> Nabo\u017ce\u0144stwo majowe <\/strong><strong>(transmisja <span style=\"color: #ff0000;\">on-line<\/span> na stronie internetowej)<\/strong><strong><br \/>\n<span style=\"color: #ff0000;\">11.00 &#8211; Msza \u015bw.<\/span><\/strong><span style=\"color: #ff0000;\"><strong> w intencji Ojczyzny <\/strong><\/span><strong>(transmisja <span style=\"color: #ff0000;\">on-line<\/span> na stronie internetowej)<\/strong><\/p>\n<p><strong><span style=\"color: #ff0000;\">17.00 &#8211; Msza \u015bw.<\/span> wieczorna z liturgi\u0105 z niedzieli<\/strong><\/p>\n<p><strong><u><span style=\"color: #ff0000;\">PIERWSZY\u00a0 CZWARTEK\u00a0 MIESI\u0104CA \u00a0&#8211;\u00a0 7 maja 2020r.<\/span><br \/>\n<\/u><\/strong><strong>Komunia \u015bwi\u0119ta pod dwoma postaciami \u2013 <span style=\"color: #ff0000;\">nie b\u0119dzie udzielana<br \/>\n<\/span><\/strong><span style=\"color: #ff0000;\"><strong>16.30<\/strong><\/span><strong><span style=\"color: #ff0000;\"> \u2013<\/span> Nabo\u017ce\u0144stwo majowe i okazja do Spowiedzi \u015bw.<br \/>\n<span style=\"color: #ff0000;\">17.00 \u2013 Msza \u015bw.<\/span><\/strong> <strong>o nowe powo\u0142ania\u00a0 kap\u0142a\u0144skie i zakonne oraz w intencji ministrant\u00f3w i ich Rodzin<br \/>\n&#8211; po Mszy \u015bw. nabo\u017ce\u0144stwo ku czci \u015bw. Franciszka z Asy\u017cu<br \/>\n<span style=\"color: #ff0000;\">19.00 \u2013 20.00 Adoracja<\/span> Naj\u015bwi\u0119tszego Sakramentu i Spowied\u017a \u015bwi\u0119ta<\/strong><\/p>\n<p><strong>Serdecznie zapraszaj\u0105<br \/>\nBracia Mniejsi Franciszkanie \u00a0z Pako\u015bci &#8211; Kalwarii <\/strong><\/p>\n","protected":false},"excerpt":{"rendered":"<p>Dni Odnowy Wewn\u0119trznej &#8211; maj 2020r. Ze wzgl\u0119du na epidemi\u0119 koronawirusa oraz zarz\u0105dzenia\u00a0 pa\u0144stwowe i ko\u015bcielne, ograniczone jest nadal przyst\u0119powanie do Spowiedzi i Komunii \u015bw. W naszym ko\u015bciele w czasie Mszy \u015bw. i nabo\u017ce\u0144stw mo\u017ce przebywa\u0107\u00a0 obecnie 10 os\u00f3b!\u00a0 PIERWSZY\u00a0 PI\u0104TEK\u00a0 MIESI\u0104CA \u2013 1 maja 2020r. Komunia \u015bw. wynagradzaj\u0105ca Naj\u015bwi\u0119tszemu Sercu Pana Jezusa 16.30 &#8211; &hellip;<\/p>\n","protected":false},"author":2,"featured_media":13539,"comment_status":"closed","ping_status":"open","sticky":false,"template":"","format":"standard","meta":{"_mi_skip_tracking":false,"_exactmetrics_sitenote_active":false,"_exactmetrics_sitenote_note":"","_exactmetrics_sitenote_category":0},"categories":[13],"tags":[],"yoast_head":"<!-- This site is optimized with the Yoast SEO plugin v18.1 - https:\/\/yoast.com\/wordpress\/plugins\/seo\/ -->\n<title>Dni Odnowy Wewn\u0119trznej - maj 2020r. - Pako\u015b\u0107 \u2013 Kalwaria<\/title>\n<meta name=\"robots\" content=\"index, follow, max-snippet:-1, max-image-preview:large, max-video-preview:-1\" \/>\n<link rel=\"canonical\" href=\"https:\/\/pakosc-kalwaria.franciszkanie.net\/index.php\/2020\/05\/01\/dni-odnowy-wewnetrznej-maj-2020r\/\" \/>\n<meta property=\"og:locale\" content=\"pl_PL\" \/>\n<meta property=\"og:type\" content=\"article\" \/>\n<meta property=\"og:title\" content=\"Dni Odnowy Wewn\u0119trznej - maj 2020r. - Pako\u015b\u0107 \u2013 Kalwaria\" \/>\n<meta property=\"og:description\" content=\"Dni Odnowy Wewn\u0119trznej &#8211; maj 2020r. Ze wzgl\u0119du na epidemi\u0119 koronawirusa oraz zarz\u0105dzenia\u00a0 pa\u0144stwowe i ko\u015bcielne, ograniczone jest nadal przyst\u0119powanie do Spowiedzi i Komunii \u015bw. W naszym ko\u015bciele w czasie Mszy \u015bw. i nabo\u017ce\u0144stw mo\u017ce przebywa\u0107\u00a0 obecnie 10 os\u00f3b!\u00a0 PIERWSZY\u00a0 PI\u0104TEK\u00a0 MIESI\u0104CA \u2013 1 maja 2020r. Komunia \u015bw. wynagradzaj\u0105ca Naj\u015bwi\u0119tszemu Sercu Pana Jezusa 16.30 &#8211; &hellip;\" \/>\n<meta property=\"og:url\" content=\"https:\/\/pakosc-kalwaria.franciszkanie.net\/index.php\/2020\/05\/01\/dni-odnowy-wewnetrznej-maj-2020r\/\" \/>\n<meta property=\"og:site_name\" content=\"Pako\u015b\u0107 \u2013 Kalwaria\" \/>\n<meta property=\"article:author\" content=\"https:\/\/www.facebook.com\/KalwariaPakosc\/\" \/>\n<meta property=\"article:published_time\" content=\"2020-05-01T06:30:22+00:00\" \/>\n<meta property=\"article:modified_time\" content=\"2020-05-11T13:18:21+00:00\" \/>\n<meta property=\"og:image\" content=\"https:\/\/pakosc-kalwaria.franciszkanie.net\/wp-content\/uploads\/2020\/04\/jezus-i-maryja.jpg\" \/>\n\t<meta property=\"og:image:width\" content=\"300\" \/>\n\t<meta property=\"og:image:height\" content=\"214\" \/>\n\t<meta property=\"og:image:type\" content=\"image\/jpeg\" \/>\n<meta name=\"twitter:card\" content=\"summary\" \/>\n<meta name=\"twitter:label1\" content=\"Napisane przez\" \/>\n\t<meta name=\"twitter:data1\" content=\"pakosc-kalwaria\" \/>\n\t<meta name=\"twitter:label2\" content=\"Szacowany czas czytania\" \/>\n\t<meta name=\"twitter:data2\" content=\"2 minuty\" \/>\n<script type=\"application\/ld+json\" class=\"yoast-schema-graph\">{\"@context\":\"https:\/\/schema.org\",\"@graph\":[{\"@type\":\"WebSite\",\"@id\":\"https:\/\/pakosc-kalwaria.franciszkanie.net\/#website\",\"url\":\"https:\/\/pakosc-kalwaria.franciszkanie.net\/\",\"name\":\"Pako\u015b\u0107 \u2013 Kalwaria\",\"description\":\"Parafia Rzymsko \u2013 Katolicka p.w. Pana Jezusa Ukrzy\u017cowanego i  Matki Bo\u017cej Bolesnej ul. Barci\u0144ska 60, 88\u2013170 Pako\u015b\u0107 \u2013 Kalwaria\",\"potentialAction\":[{\"@type\":\"SearchAction\",\"target\":{\"@type\":\"EntryPoint\",\"urlTemplate\":\"https:\/\/pakosc-kalwaria.franciszkanie.net\/?s={search_term_string}\"},\"query-input\":\"required name=search_term_string\"}],\"inLanguage\":\"pl-PL\"},{\"@type\":\"ImageObject\",\"@id\":\"https:\/\/pakosc-kalwaria.franciszkanie.net\/index.php\/2020\/05\/01\/dni-odnowy-wewnetrznej-maj-2020r\/#primaryimage\",\"inLanguage\":\"pl-PL\",\"url\":\"https:\/\/pakosc-kalwaria.franciszkanie.net\/wp-content\/uploads\/2020\/04\/jezus-i-maryja.jpg\",\"contentUrl\":\"https:\/\/pakosc-kalwaria.franciszkanie.net\/wp-content\/uploads\/2020\/04\/jezus-i-maryja.jpg\",\"width\":300,\"height\":214},{\"@type\":\"WebPage\",\"@id\":\"https:\/\/pakosc-kalwaria.franciszkanie.net\/index.php\/2020\/05\/01\/dni-odnowy-wewnetrznej-maj-2020r\/#webpage\",\"url\":\"https:\/\/pakosc-kalwaria.franciszkanie.net\/index.php\/2020\/05\/01\/dni-odnowy-wewnetrznej-maj-2020r\/\",\"name\":\"Dni Odnowy Wewn\u0119trznej - maj 2020r. - Pako\u015b\u0107 \u2013 Kalwaria\",\"isPartOf\":{\"@id\":\"https:\/\/pakosc-kalwaria.franciszkanie.net\/#website\"},\"primaryImageOfPage\":{\"@id\":\"https:\/\/pakosc-kalwaria.franciszkanie.net\/index.php\/2020\/05\/01\/dni-odnowy-wewnetrznej-maj-2020r\/#primaryimage\"},\"datePublished\":\"2020-05-01T06:30:22+00:00\",\"dateModified\":\"2020-05-11T13:18:21+00:00\",\"author\":{\"@id\":\"https:\/\/pakosc-kalwaria.franciszkanie.net\/#\/schema\/person\/af10b943be0760709227d060eadcb2aa\"},\"breadcrumb\":{\"@id\":\"https:\/\/pakosc-kalwaria.franciszkanie.net\/index.php\/2020\/05\/01\/dni-odnowy-wewnetrznej-maj-2020r\/#breadcrumb\"},\"inLanguage\":\"pl-PL\",\"potentialAction\":[{\"@type\":\"ReadAction\",\"target\":[\"https:\/\/pakosc-kalwaria.franciszkanie.net\/index.php\/2020\/05\/01\/dni-odnowy-wewnetrznej-maj-2020r\/\"]}]},{\"@type\":\"BreadcrumbList\",\"@id\":\"https:\/\/pakosc-kalwaria.franciszkanie.net\/index.php\/2020\/05\/01\/dni-odnowy-wewnetrznej-maj-2020r\/#breadcrumb\",\"itemListElement\":[{\"@type\":\"ListItem\",\"position\":1,\"name\":\"Strona g\u0142\u00f3wna\",\"item\":\"https:\/\/pakosc-kalwaria.franciszkanie.net\/\"},{\"@type\":\"ListItem\",\"position\":2,\"name\":\"Dni Odnowy Wewn\u0119trznej &#8211; maj 2020r.\"}]},{\"@type\":\"Person\",\"@id\":\"https:\/\/pakosc-kalwaria.franciszkanie.net\/#\/schema\/person\/af10b943be0760709227d060eadcb2aa\",\"name\":\"pakosc-kalwaria\",\"image\":{\"@type\":\"ImageObject\",\"@id\":\"https:\/\/pakosc-kalwaria.franciszkanie.net\/#personlogo\",\"inLanguage\":\"pl-PL\",\"url\":\"https:\/\/secure.gravatar.com\/avatar\/e7049d338b55eac6a0027ff3218b8d02?s=96&d=mm&r=g\",\"contentUrl\":\"https:\/\/secure.gravatar.com\/avatar\/e7049d338b55eac6a0027ff3218b8d02?s=96&d=mm&r=g\",\"caption\":\"pakosc-kalwaria\"},\"sameAs\":[\"https:\/\/www.facebook.com\/KalwariaPakosc\/\"],\"url\":\"https:\/\/pakosc-kalwaria.franciszkanie.net\/index.php\/author\/pakosc-kalwaria\/\"}]}<\/script>\n<!-- \/ Yoast SEO plugin. -->","yoast_head_json":{"title":"Dni Odnowy Wewn\u0119trznej - maj 2020r. - Pako\u015b\u0107 \u2013 Kalwaria","robots":{"index":"index","follow":"follow","max-snippet":"max-snippet:-1","max-image-preview":"max-image-preview:large","max-video-preview":"max-video-preview:-1"},"canonical":"https:\/\/pakosc-kalwaria.franciszkanie.net\/index.php\/2020\/05\/01\/dni-odnowy-wewnetrznej-maj-2020r\/","og_locale":"pl_PL","og_type":"article","og_title":"Dni Odnowy Wewn\u0119trznej - maj 2020r. - Pako\u015b\u0107 \u2013 Kalwaria","og_description":"Dni Odnowy Wewn\u0119trznej &#8211; maj 2020r. Ze wzgl\u0119du na epidemi\u0119 koronawirusa oraz zarz\u0105dzenia\u00a0 pa\u0144stwowe i ko\u015bcielne, ograniczone jest nadal przyst\u0119powanie do Spowiedzi i Komunii \u015bw. W naszym ko\u015bciele w czasie Mszy \u015bw. i nabo\u017ce\u0144stw mo\u017ce przebywa\u0107\u00a0 obecnie 10 os\u00f3b!\u00a0 PIERWSZY\u00a0 PI\u0104TEK\u00a0 MIESI\u0104CA \u2013 1 maja 2020r. Komunia \u015bw. wynagradzaj\u0105ca Naj\u015bwi\u0119tszemu Sercu Pana Jezusa 16.30 &#8211; &hellip;","og_url":"https:\/\/pakosc-kalwaria.franciszkanie.net\/index.php\/2020\/05\/01\/dni-odnowy-wewnetrznej-maj-2020r\/","og_site_name":"Pako\u015b\u0107 \u2013 Kalwaria","article_author":"https:\/\/www.facebook.com\/KalwariaPakosc\/","article_published_time":"2020-05-01T06:30:22+00:00","article_modified_time":"2020-05-11T13:18:21+00:00","og_image":[{"width":300,"height":214,"url":"https:\/\/pakosc-kalwaria.franciszkanie.net\/wp-content\/uploads\/2020\/04\/jezus-i-maryja.jpg","type":"image\/jpeg"}],"twitter_card":"summary","twitter_misc":{"Napisane przez":"pakosc-kalwaria","Szacowany czas czytania":"2 minuty"},"schema":{"@context":"https:\/\/schema.org","@graph":[{"@type":"WebSite","@id":"https:\/\/pakosc-kalwaria.franciszkanie.net\/#website","url":"https:\/\/pakosc-kalwaria.franciszkanie.net\/","name":"Pako\u015b\u0107 \u2013 Kalwaria","description":"Parafia Rzymsko \u2013 Katolicka p.w. Pana Jezusa Ukrzy\u017cowanego i  Matki Bo\u017cej Bolesnej ul. Barci\u0144ska 60, 88\u2013170 Pako\u015b\u0107 \u2013 Kalwaria","potentialAction":[{"@type":"SearchAction","target":{"@type":"EntryPoint","urlTemplate":"https:\/\/pakosc-kalwaria.franciszkanie.net\/?s={search_term_string}"},"query-input":"required name=search_term_string"}],"inLanguage":"pl-PL"},{"@type":"ImageObject","@id":"https:\/\/pakosc-kalwaria.franciszkanie.net\/index.php\/2020\/05\/01\/dni-odnowy-wewnetrznej-maj-2020r\/#primaryimage","inLanguage":"pl-PL","url":"https:\/\/pakosc-kalwaria.franciszkanie.net\/wp-content\/uploads\/2020\/04\/jezus-i-maryja.jpg","contentUrl":"https:\/\/pakosc-kalwaria.franciszkanie.net\/wp-content\/uploads\/2020\/04\/jezus-i-maryja.jpg","width":300,"height":214},{"@type":"WebPage","@id":"https:\/\/pakosc-kalwaria.franciszkanie.net\/index.php\/2020\/05\/01\/dni-odnowy-wewnetrznej-maj-2020r\/#webpage","url":"https:\/\/pakosc-kalwaria.franciszkanie.net\/index.php\/2020\/05\/01\/dni-odnowy-wewnetrznej-maj-2020r\/","name":"Dni Odnowy Wewn\u0119trznej - maj 2020r. - Pako\u015b\u0107 \u2013 Kalwaria","isPartOf":{"@id":"https:\/\/pakosc-kalwaria.franciszkanie.net\/#website"},"primaryImageOfPage":{"@id":"https:\/\/pakosc-kalwaria.franciszkanie.net\/index.php\/2020\/05\/01\/dni-odnowy-wewnetrznej-maj-2020r\/#primaryimage"},"datePublished":"2020-05-01T06:30:22+00:00","dateModified":"2020-05-11T13:18:21+00:00","author":{"@id":"https:\/\/pakosc-kalwaria.franciszkanie.net\/#\/schema\/person\/af10b943be0760709227d060eadcb2aa"},"breadcrumb":{"@id":"https:\/\/pakosc-kalwaria.franciszkanie.net\/index.php\/2020\/05\/01\/dni-odnowy-wewnetrznej-maj-2020r\/#breadcrumb"},"inLanguage":"pl-PL","potentialAction":[{"@type":"ReadAction","target":["https:\/\/pakosc-kalwaria.franciszkanie.net\/index.php\/2020\/05\/01\/dni-odnowy-wewnetrznej-maj-2020r\/"]}]},{"@type":"BreadcrumbList","@id":"https:\/\/pakosc-kalwaria.franciszkanie.net\/index.php\/2020\/05\/01\/dni-odnowy-wewnetrznej-maj-2020r\/#breadcrumb","itemListElement":[{"@type":"ListItem","position":1,"name":"Strona g\u0142\u00f3wna","item":"https:\/\/pakosc-kalwaria.franciszkanie.net\/"},{"@type":"ListItem","position":2,"name":"Dni Odnowy Wewn\u0119trznej &#8211; maj 2020r."}]},{"@type":"Person","@id":"https:\/\/pakosc-kalwaria.franciszkanie.net\/#\/schema\/person\/af10b943be0760709227d060eadcb2aa","name":"pakosc-kalwaria","image":{"@type":"ImageObject","@id":"https:\/\/pakosc-kalwaria.franciszkanie.net\/#personlogo","inLanguage":"pl-PL","url":"https:\/\/secure.gravatar.com\/avatar\/e7049d338b55eac6a0027ff3218b8d02?s=96&d=mm&r=g","contentUrl":"https:\/\/secure.gravatar.com\/avatar\/e7049d338b55eac6a0027ff3218b8d02?s=96&d=mm&r=g","caption":"pakosc-kalwaria"},"sameAs":["https:\/\/www.facebook.com\/KalwariaPakosc\/"],"url":"https:\/\/pakosc-kalwaria.franciszkanie.net\/index.php\/author\/pakosc-kalwaria\/"}]}},"_links":{"self":[{"href":"https:\/\/pakosc-kalwaria.franciszkanie.net\/index.php\/wp-json\/wp\/v2\/posts\/13538"}],"collection":[{"href":"https:\/\/pakosc-kalwaria.franciszkanie.net\/index.php\/wp-json\/wp\/v2\/posts"}],"about":[{"href":"https:\/\/pakosc-kalwaria.franciszkanie.net\/index.php\/wp-json\/wp\/v2\/types\/post"}],"author":[{"embeddable":true,"href":"https:\/\/pakosc-kalwaria.franciszkanie.net\/index.php\/wp-json\/wp\/v2\/users\/2"}],"replies":[{"embeddable":true,"href":"https:\/\/pakosc-kalwaria.franciszkanie.net\/index.php\/wp-json\/wp\/v2\/comments?post=13538"}],"version-history":[{"count":2,"href":"https:\/\/pakosc-kalwaria.franciszkanie.net\/index.php\/wp-json\/wp\/v2\/posts\/13538\/revisions"}],"predecessor-version":[{"id":13541,"href":"https:\/\/pakosc-kalwaria.franciszkanie.net\/index.php\/wp-json\/wp\/v2\/posts\/13538\/revisions\/13541"}],"wp:featuredmedia":[{"embeddable":true,"href":"https:\/\/pakosc-kalwaria.franciszkanie.net\/index.php\/wp-json\/wp\/v2\/media\/13539"}],"wp:attachment":[{"href":"https:\/\/pakosc-kalwaria.franciszkanie.net\/index.php\/wp-json\/wp\/v2\/media?parent=13538"}],"wp:term":[{"taxonomy":"category","embeddable":true,"href":"https:\/\/pakosc-kalwaria.franciszkanie.net\/index.php\/wp-json\/wp\/v2\/categories?post=13538"},{"taxonomy":"post_tag","embeddable":true,"href":"https:\/\/pakosc-kalwaria.franciszkanie.net\/index.php\/wp-json\/wp\/v2\/tags?post=13538"}],"curies":[{"name":"wp","href":"https:\/\/api.w.org\/{rel}","templated":true}]}}