{"id":13546,"date":"2020-05-02T08:15:41","date_gmt":"2020-05-02T06:15:41","guid":{"rendered":"http:\/\/pakosc-kalwaria.franciszkanie.net\/?p=13546"},"modified":"2020-05-05T09:41:03","modified_gmt":"2020-05-05T07:41:03","slug":"transmisja-z-kalwaryjskiego-wzgorza-w-pakosci-w-niedziele-3-maja-2020r-zapraszamy","status":"publish","type":"post","link":"https:\/\/pakosc-kalwaria.franciszkanie.net\/index.php\/2020\/05\/02\/transmisja-z-kalwaryjskiego-wzgorza-w-pakosci-w-niedziele-3-maja-2020r-zapraszamy\/","title":{"rendered":"Transmisja Mszy \u015bw. z kalwaryjskiego Wzg\u00f3rza w Pako\u015bci z niedzieli 3 maja 2020r."},"content":{"rendered":"<p><strong>Transmisja z kalwaryjskiego Wzg\u00f3rza <span style=\"color: #ff0000;\">z Mszy \u015bw. z niedzieli 3 maja 2020r. <\/span>pod linkiem <a href=\"https:\/\/youtu.be\/IthT2QX4wF4\">https:\/\/youtu.be\/IthT2QX4wF4<\/a><\/strong><\/p>\n<p><strong>Bracia Mniejsi Franciszkanie z Pako\u015bci \u2013 Kalwarii<\/strong><\/p>\n","protected":false},"excerpt":{"rendered":"<p>Transmisja z kalwaryjskiego Wzg\u00f3rza z Mszy \u015bw. z niedzieli 3 maja 2020r. pod linkiem https:\/\/youtu.be\/IthT2QX4wF4 Bracia Mniejsi Franciszkanie z Pako\u015bci \u2013 Kalwarii<\/p>\n","protected":false},"author":2,"featured_media":13547,"comment_status":"closed","ping_status":"open","sticky":false,"template":"","format":"standard","meta":{"_mi_skip_tracking":false,"_exactmetrics_sitenote_active":false,"_exactmetrics_sitenote_note":"","_exactmetrics_sitenote_category":0},"categories":[13,14],"tags":[],"yoast_head":"<!-- This site is optimized with the Yoast SEO plugin v18.1 - https:\/\/yoast.com\/wordpress\/plugins\/seo\/ -->\n<title>Transmisja Mszy \u015bw. z kalwaryjskiego Wzg\u00f3rza w Pako\u015bci z niedzieli 3 maja 2020r. - Pako\u015b\u0107 \u2013 Kalwaria<\/title>\n<meta name=\"robots\" content=\"index, follow, max-snippet:-1, max-image-preview:large, max-video-preview:-1\" \/>\n<link rel=\"canonical\" href=\"https:\/\/pakosc-kalwaria.franciszkanie.net\/index.php\/2020\/05\/02\/transmisja-z-kalwaryjskiego-wzgorza-w-pakosci-w-niedziele-3-maja-2020r-zapraszamy\/\" \/>\n<meta property=\"og:locale\" content=\"pl_PL\" \/>\n<meta property=\"og:type\" content=\"article\" \/>\n<meta property=\"og:title\" content=\"Transmisja Mszy \u015bw. z kalwaryjskiego Wzg\u00f3rza w Pako\u015bci z niedzieli 3 maja 2020r. - Pako\u015b\u0107 \u2013 Kalwaria\" \/>\n<meta property=\"og:description\" content=\"Transmisja z kalwaryjskiego Wzg\u00f3rza z Mszy \u015bw. z niedzieli 3 maja 2020r. pod linkiem https:\/\/youtu.be\/IthT2QX4wF4 Bracia Mniejsi Franciszkanie z Pako\u015bci \u2013 Kalwarii\" \/>\n<meta property=\"og:url\" content=\"https:\/\/pakosc-kalwaria.franciszkanie.net\/index.php\/2020\/05\/02\/transmisja-z-kalwaryjskiego-wzgorza-w-pakosci-w-niedziele-3-maja-2020r-zapraszamy\/\" \/>\n<meta property=\"og:site_name\" content=\"Pako\u015b\u0107 \u2013 Kalwaria\" \/>\n<meta property=\"article:author\" content=\"https:\/\/www.facebook.com\/KalwariaPakosc\/\" \/>\n<meta property=\"article:published_time\" content=\"2020-05-02T06:15:41+00:00\" \/>\n<meta property=\"article:modified_time\" content=\"2020-05-05T07:41:03+00:00\" \/>\n<meta property=\"og:image\" content=\"https:\/\/pakosc-kalwaria.franciszkanie.net\/wp-content\/uploads\/2020\/04\/transmisja-mszy-kalwaria-3-maja.jpg\" \/>\n\t<meta property=\"og:image:width\" content=\"350\" \/>\n\t<meta property=\"og:image:height\" content=\"199\" \/>\n\t<meta property=\"og:image:type\" content=\"image\/jpeg\" \/>\n<meta name=\"twitter:card\" content=\"summary\" \/>\n<meta name=\"twitter:label1\" content=\"Napisane przez\" \/>\n\t<meta name=\"twitter:data1\" content=\"pakosc-kalwaria\" \/>\n<script type=\"application\/ld+json\" class=\"yoast-schema-graph\">{\"@context\":\"https:\/\/schema.org\",\"@graph\":[{\"@type\":\"WebSite\",\"@id\":\"https:\/\/pakosc-kalwaria.franciszkanie.net\/#website\",\"url\":\"https:\/\/pakosc-kalwaria.franciszkanie.net\/\",\"name\":\"Pako\u015b\u0107 \u2013 Kalwaria\",\"description\":\"Parafia Rzymsko \u2013 Katolicka p.w. Pana Jezusa Ukrzy\u017cowanego i  Matki Bo\u017cej Bolesnej ul. Barci\u0144ska 60, 88\u2013170 Pako\u015b\u0107 \u2013 Kalwaria\",\"potentialAction\":[{\"@type\":\"SearchAction\",\"target\":{\"@type\":\"EntryPoint\",\"urlTemplate\":\"https:\/\/pakosc-kalwaria.franciszkanie.net\/?s={search_term_string}\"},\"query-input\":\"required name=search_term_string\"}],\"inLanguage\":\"pl-PL\"},{\"@type\":\"ImageObject\",\"@id\":\"https:\/\/pakosc-kalwaria.franciszkanie.net\/index.php\/2020\/05\/02\/transmisja-z-kalwaryjskiego-wzgorza-w-pakosci-w-niedziele-3-maja-2020r-zapraszamy\/#primaryimage\",\"inLanguage\":\"pl-PL\",\"url\":\"https:\/\/pakosc-kalwaria.franciszkanie.net\/wp-content\/uploads\/2020\/04\/transmisja-mszy-kalwaria-3-maja.jpg\",\"contentUrl\":\"https:\/\/pakosc-kalwaria.franciszkanie.net\/wp-content\/uploads\/2020\/04\/transmisja-mszy-kalwaria-3-maja.jpg\",\"width\":350,\"height\":199},{\"@type\":\"WebPage\",\"@id\":\"https:\/\/pakosc-kalwaria.franciszkanie.net\/index.php\/2020\/05\/02\/transmisja-z-kalwaryjskiego-wzgorza-w-pakosci-w-niedziele-3-maja-2020r-zapraszamy\/#webpage\",\"url\":\"https:\/\/pakosc-kalwaria.franciszkanie.net\/index.php\/2020\/05\/02\/transmisja-z-kalwaryjskiego-wzgorza-w-pakosci-w-niedziele-3-maja-2020r-zapraszamy\/\",\"name\":\"Transmisja Mszy \u015bw. z kalwaryjskiego Wzg\u00f3rza w Pako\u015bci z niedzieli 3 maja 2020r. - Pako\u015b\u0107 \u2013 Kalwaria\",\"isPartOf\":{\"@id\":\"https:\/\/pakosc-kalwaria.franciszkanie.net\/#website\"},\"primaryImageOfPage\":{\"@id\":\"https:\/\/pakosc-kalwaria.franciszkanie.net\/index.php\/2020\/05\/02\/transmisja-z-kalwaryjskiego-wzgorza-w-pakosci-w-niedziele-3-maja-2020r-zapraszamy\/#primaryimage\"},\"datePublished\":\"2020-05-02T06:15:41+00:00\",\"dateModified\":\"2020-05-05T07:41:03+00:00\",\"author\":{\"@id\":\"https:\/\/pakosc-kalwaria.franciszkanie.net\/#\/schema\/person\/af10b943be0760709227d060eadcb2aa\"},\"breadcrumb\":{\"@id\":\"https:\/\/pakosc-kalwaria.franciszkanie.net\/index.php\/2020\/05\/02\/transmisja-z-kalwaryjskiego-wzgorza-w-pakosci-w-niedziele-3-maja-2020r-zapraszamy\/#breadcrumb\"},\"inLanguage\":\"pl-PL\",\"potentialAction\":[{\"@type\":\"ReadAction\",\"target\":[\"https:\/\/pakosc-kalwaria.franciszkanie.net\/index.php\/2020\/05\/02\/transmisja-z-kalwaryjskiego-wzgorza-w-pakosci-w-niedziele-3-maja-2020r-zapraszamy\/\"]}]},{\"@type\":\"BreadcrumbList\",\"@id\":\"https:\/\/pakosc-kalwaria.franciszkanie.net\/index.php\/2020\/05\/02\/transmisja-z-kalwaryjskiego-wzgorza-w-pakosci-w-niedziele-3-maja-2020r-zapraszamy\/#breadcrumb\",\"itemListElement\":[{\"@type\":\"ListItem\",\"position\":1,\"name\":\"Strona g\u0142\u00f3wna\",\"item\":\"https:\/\/pakosc-kalwaria.franciszkanie.net\/\"},{\"@type\":\"ListItem\",\"position\":2,\"name\":\"Transmisja Mszy \u015bw. z kalwaryjskiego Wzg\u00f3rza w Pako\u015bci z niedzieli 3 maja 2020r.\"}]},{\"@type\":\"Person\",\"@id\":\"https:\/\/pakosc-kalwaria.franciszkanie.net\/#\/schema\/person\/af10b943be0760709227d060eadcb2aa\",\"name\":\"pakosc-kalwaria\",\"image\":{\"@type\":\"ImageObject\",\"@id\":\"https:\/\/pakosc-kalwaria.franciszkanie.net\/#personlogo\",\"inLanguage\":\"pl-PL\",\"url\":\"https:\/\/secure.gravatar.com\/avatar\/e7049d338b55eac6a0027ff3218b8d02?s=96&d=mm&r=g\",\"contentUrl\":\"https:\/\/secure.gravatar.com\/avatar\/e7049d338b55eac6a0027ff3218b8d02?s=96&d=mm&r=g\",\"caption\":\"pakosc-kalwaria\"},\"sameAs\":[\"https:\/\/www.facebook.com\/KalwariaPakosc\/\"],\"url\":\"https:\/\/pakosc-kalwaria.franciszkanie.net\/index.php\/author\/pakosc-kalwaria\/\"}]}<\/script>\n<!-- \/ Yoast SEO plugin. -->","yoast_head_json":{"title":"Transmisja Mszy \u015bw. z kalwaryjskiego Wzg\u00f3rza w Pako\u015bci z niedzieli 3 maja 2020r. - Pako\u015b\u0107 \u2013 Kalwaria","robots":{"index":"index","follow":"follow","max-snippet":"max-snippet:-1","max-image-preview":"max-image-preview:large","max-video-preview":"max-video-preview:-1"},"canonical":"https:\/\/pakosc-kalwaria.franciszkanie.net\/index.php\/2020\/05\/02\/transmisja-z-kalwaryjskiego-wzgorza-w-pakosci-w-niedziele-3-maja-2020r-zapraszamy\/","og_locale":"pl_PL","og_type":"article","og_title":"Transmisja Mszy \u015bw. z kalwaryjskiego Wzg\u00f3rza w Pako\u015bci z niedzieli 3 maja 2020r. - Pako\u015b\u0107 \u2013 Kalwaria","og_description":"Transmisja z kalwaryjskiego Wzg\u00f3rza z Mszy \u015bw. z niedzieli 3 maja 2020r. pod linkiem https:\/\/youtu.be\/IthT2QX4wF4 Bracia Mniejsi Franciszkanie z Pako\u015bci \u2013 Kalwarii","og_url":"https:\/\/pakosc-kalwaria.franciszkanie.net\/index.php\/2020\/05\/02\/transmisja-z-kalwaryjskiego-wzgorza-w-pakosci-w-niedziele-3-maja-2020r-zapraszamy\/","og_site_name":"Pako\u015b\u0107 \u2013 Kalwaria","article_author":"https:\/\/www.facebook.com\/KalwariaPakosc\/","article_published_time":"2020-05-02T06:15:41+00:00","article_modified_time":"2020-05-05T07:41:03+00:00","og_image":[{"width":350,"height":199,"url":"https:\/\/pakosc-kalwaria.franciszkanie.net\/wp-content\/uploads\/2020\/04\/transmisja-mszy-kalwaria-3-maja.jpg","type":"image\/jpeg"}],"twitter_card":"summary","twitter_misc":{"Napisane przez":"pakosc-kalwaria"},"schema":{"@context":"https:\/\/schema.org","@graph":[{"@type":"WebSite","@id":"https:\/\/pakosc-kalwaria.franciszkanie.net\/#website","url":"https:\/\/pakosc-kalwaria.franciszkanie.net\/","name":"Pako\u015b\u0107 \u2013 Kalwaria","description":"Parafia Rzymsko \u2013 Katolicka p.w. Pana Jezusa Ukrzy\u017cowanego i  Matki Bo\u017cej Bolesnej ul. Barci\u0144ska 60, 88\u2013170 Pako\u015b\u0107 \u2013 Kalwaria","potentialAction":[{"@type":"SearchAction","target":{"@type":"EntryPoint","urlTemplate":"https:\/\/pakosc-kalwaria.franciszkanie.net\/?s={search_term_string}"},"query-input":"required name=search_term_string"}],"inLanguage":"pl-PL"},{"@type":"ImageObject","@id":"https:\/\/pakosc-kalwaria.franciszkanie.net\/index.php\/2020\/05\/02\/transmisja-z-kalwaryjskiego-wzgorza-w-pakosci-w-niedziele-3-maja-2020r-zapraszamy\/#primaryimage","inLanguage":"pl-PL","url":"https:\/\/pakosc-kalwaria.franciszkanie.net\/wp-content\/uploads\/2020\/04\/transmisja-mszy-kalwaria-3-maja.jpg","contentUrl":"https:\/\/pakosc-kalwaria.franciszkanie.net\/wp-content\/uploads\/2020\/04\/transmisja-mszy-kalwaria-3-maja.jpg","width":350,"height":199},{"@type":"WebPage","@id":"https:\/\/pakosc-kalwaria.franciszkanie.net\/index.php\/2020\/05\/02\/transmisja-z-kalwaryjskiego-wzgorza-w-pakosci-w-niedziele-3-maja-2020r-zapraszamy\/#webpage","url":"https:\/\/pakosc-kalwaria.franciszkanie.net\/index.php\/2020\/05\/02\/transmisja-z-kalwaryjskiego-wzgorza-w-pakosci-w-niedziele-3-maja-2020r-zapraszamy\/","name":"Transmisja Mszy \u015bw. z kalwaryjskiego Wzg\u00f3rza w Pako\u015bci z niedzieli 3 maja 2020r. - Pako\u015b\u0107 \u2013 Kalwaria","isPartOf":{"@id":"https:\/\/pakosc-kalwaria.franciszkanie.net\/#website"},"primaryImageOfPage":{"@id":"https:\/\/pakosc-kalwaria.franciszkanie.net\/index.php\/2020\/05\/02\/transmisja-z-kalwaryjskiego-wzgorza-w-pakosci-w-niedziele-3-maja-2020r-zapraszamy\/#primaryimage"},"datePublished":"2020-05-02T06:15:41+00:00","dateModified":"2020-05-05T07:41:03+00:00","author":{"@id":"https:\/\/pakosc-kalwaria.franciszkanie.net\/#\/schema\/person\/af10b943be0760709227d060eadcb2aa"},"breadcrumb":{"@id":"https:\/\/pakosc-kalwaria.franciszkanie.net\/index.php\/2020\/05\/02\/transmisja-z-kalwaryjskiego-wzgorza-w-pakosci-w-niedziele-3-maja-2020r-zapraszamy\/#breadcrumb"},"inLanguage":"pl-PL","potentialAction":[{"@type":"ReadAction","target":["https:\/\/pakosc-kalwaria.franciszkanie.net\/index.php\/2020\/05\/02\/transmisja-z-kalwaryjskiego-wzgorza-w-pakosci-w-niedziele-3-maja-2020r-zapraszamy\/"]}]},{"@type":"BreadcrumbList","@id":"https:\/\/pakosc-kalwaria.franciszkanie.net\/index.php\/2020\/05\/02\/transmisja-z-kalwaryjskiego-wzgorza-w-pakosci-w-niedziele-3-maja-2020r-zapraszamy\/#breadcrumb","itemListElement":[{"@type":"ListItem","position":1,"name":"Strona g\u0142\u00f3wna","item":"https:\/\/pakosc-kalwaria.franciszkanie.net\/"},{"@type":"ListItem","position":2,"name":"Transmisja Mszy \u015bw. z kalwaryjskiego Wzg\u00f3rza w Pako\u015bci z niedzieli 3 maja 2020r."}]},{"@type":"Person","@id":"https:\/\/pakosc-kalwaria.franciszkanie.net\/#\/schema\/person\/af10b943be0760709227d060eadcb2aa","name":"pakosc-kalwaria","image":{"@type":"ImageObject","@id":"https:\/\/pakosc-kalwaria.franciszkanie.net\/#personlogo","inLanguage":"pl-PL","url":"https:\/\/secure.gravatar.com\/avatar\/e7049d338b55eac6a0027ff3218b8d02?s=96&d=mm&r=g","contentUrl":"https:\/\/secure.gravatar.com\/avatar\/e7049d338b55eac6a0027ff3218b8d02?s=96&d=mm&r=g","caption":"pakosc-kalwaria"},"sameAs":["https:\/\/www.facebook.com\/KalwariaPakosc\/"],"url":"https:\/\/pakosc-kalwaria.franciszkanie.net\/index.php\/author\/pakosc-kalwaria\/"}]}},"_links":{"self":[{"href":"https:\/\/pakosc-kalwaria.franciszkanie.net\/index.php\/wp-json\/wp\/v2\/posts\/13546"}],"collection":[{"href":"https:\/\/pakosc-kalwaria.franciszkanie.net\/index.php\/wp-json\/wp\/v2\/posts"}],"about":[{"href":"https:\/\/pakosc-kalwaria.franciszkanie.net\/index.php\/wp-json\/wp\/v2\/types\/post"}],"author":[{"embeddable":true,"href":"https:\/\/pakosc-kalwaria.franciszkanie.net\/index.php\/wp-json\/wp\/v2\/users\/2"}],"replies":[{"embeddable":true,"href":"https:\/\/pakosc-kalwaria.franciszkanie.net\/index.php\/wp-json\/wp\/v2\/comments?post=13546"}],"version-history":[{"count":4,"href":"https:\/\/pakosc-kalwaria.franciszkanie.net\/index.php\/wp-json\/wp\/v2\/posts\/13546\/revisions"}],"predecessor-version":[{"id":13675,"href":"https:\/\/pakosc-kalwaria.franciszkanie.net\/index.php\/wp-json\/wp\/v2\/posts\/13546\/revisions\/13675"}],"wp:featuredmedia":[{"embeddable":true,"href":"https:\/\/pakosc-kalwaria.franciszkanie.net\/index.php\/wp-json\/wp\/v2\/media\/13547"}],"wp:attachment":[{"href":"https:\/\/pakosc-kalwaria.franciszkanie.net\/index.php\/wp-json\/wp\/v2\/media?parent=13546"}],"wp:term":[{"taxonomy":"category","embeddable":true,"href":"https:\/\/pakosc-kalwaria.franciszkanie.net\/index.php\/wp-json\/wp\/v2\/categories?post=13546"},{"taxonomy":"post_tag","embeddable":true,"href":"https:\/\/pakosc-kalwaria.franciszkanie.net\/index.php\/wp-json\/wp\/v2\/tags?post=13546"}],"curies":[{"name":"wp","href":"https:\/\/api.w.org\/{rel}","templated":true}]}}