{"id":13550,"date":"2020-05-01T10:00:12","date_gmt":"2020-05-01T08:00:12","guid":{"rendered":"http:\/\/pakosc-kalwaria.franciszkanie.net\/?p=13550"},"modified":"2020-05-03T07:39:33","modified_gmt":"2020-05-03T05:39:33","slug":"papieska-intencja-apostolstwa-modlitwy-maj-2020","status":"publish","type":"post","link":"https:\/\/pakosc-kalwaria.franciszkanie.net\/index.php\/2020\/05\/01\/papieska-intencja-apostolstwa-modlitwy-maj-2020\/","title":{"rendered":"Papieska Intencja Apostolstwa Modlitwy &#8211; Maj 2020"},"content":{"rendered":"<p><strong>Papieska Intencja Apostolstwa Modlitwy &#8211; <span style=\"color: #ff0000;\">Maj 2020<\/span> <\/strong><\/p>\n<p><span style=\"color: #ff0000;\"><strong>Intencja ewangelizacyjna: za diakon\u00f3w.<\/strong><\/span><strong><span style=\"color: #ff0000;\">\u00a0\u00a0<\/span> <\/strong><br \/>\n<strong>M\u00f3dlmy si\u0119, aby diakoni, wierni s\u0142u\u017cbie S\u0142owa i ubogim, byli o\u017cywiaj\u0105cym znakiem dla ca\u0142ego Ko\u015bcio\u0142a.<\/strong><\/p>\n<p><strong><span style=\"color: #ff0000;\">\u017bywy R\u00f3\u017caniec<\/span> w naszej Parafii modli si\u0119 <span style=\"color: #ff0000;\">w maju<\/span> wed\u0142ug <span style=\"color: #ff0000;\">\u201ezestawu nr 2\u201d<\/span>.<\/strong><\/p>\n<p>S\u0142owo &#8222;diakon&#8221; oznacza: &#8222;ten, kt\u00f3ry pos\u0142uguje&#8221;. Diakoni odgrywaj\u0105 znacz\u0105c\u0105 rol\u0119 w Ko\u015bciele. Diakoni g\u0142osz\u0105 wiernym S\u0142owo Bo\u017ce, mog\u0105 udziela\u0107 sakramentu chrztu \u015bwi\u0119tego, rozdawa\u0107 Komuni\u0119 \u015bw, asystowa\u0107 i b\u0142ogos\u0142awienie w imieniu Ko\u015bcio\u0142a zwi\u0105zki ma\u0142\u017ce\u0144skie, przewodniczy\u0107 obrz\u0119dom pogrzebowym. W odr\u00f3\u017cnieniu od kap\u0142an\u00f3w nie mog\u0105 odprawia\u0107 Mszy \u015bw. i s\u0142ucha\u0107 Spowiedzi \u015bw.<br \/>\nPami\u0119tajmy wi\u0119c w modlitwach o diakonach, dla kt\u00f3rych \u015bwi\u0119cenia diakonatu to tak\u017ce ostatni etap drogi do kap\u0142a\u0144stwa.<\/p>\n","protected":false},"excerpt":{"rendered":"<p>Papieska Intencja Apostolstwa Modlitwy &#8211; Maj 2020 Intencja ewangelizacyjna: za diakon\u00f3w.\u00a0\u00a0 M\u00f3dlmy si\u0119, aby diakoni, wierni s\u0142u\u017cbie S\u0142owa i ubogim, byli o\u017cywiaj\u0105cym znakiem dla ca\u0142ego Ko\u015bcio\u0142a. \u017bywy R\u00f3\u017caniec w naszej Parafii modli si\u0119 w maju wed\u0142ug \u201ezestawu nr 2\u201d. S\u0142owo &#8222;diakon&#8221; oznacza: &#8222;ten, kt\u00f3ry pos\u0142uguje&#8221;. Diakoni odgrywaj\u0105 znacz\u0105c\u0105 rol\u0119 w Ko\u015bciele. Diakoni g\u0142osz\u0105 wiernym S\u0142owo &hellip;<\/p>\n","protected":false},"author":2,"featured_media":13551,"comment_status":"closed","ping_status":"open","sticky":false,"template":"","format":"standard","meta":{"_mi_skip_tracking":false,"_exactmetrics_sitenote_active":false,"_exactmetrics_sitenote_note":"","_exactmetrics_sitenote_category":0},"categories":[6],"tags":[],"yoast_head":"<!-- This site is optimized with the Yoast SEO plugin v18.1 - https:\/\/yoast.com\/wordpress\/plugins\/seo\/ -->\n<title>Papieska Intencja Apostolstwa Modlitwy - Maj 2020 - Pako\u015b\u0107 \u2013 Kalwaria<\/title>\n<meta name=\"robots\" content=\"index, follow, max-snippet:-1, max-image-preview:large, max-video-preview:-1\" \/>\n<link rel=\"canonical\" href=\"https:\/\/pakosc-kalwaria.franciszkanie.net\/index.php\/2020\/05\/01\/papieska-intencja-apostolstwa-modlitwy-maj-2020\/\" \/>\n<meta property=\"og:locale\" content=\"pl_PL\" \/>\n<meta property=\"og:type\" content=\"article\" \/>\n<meta property=\"og:title\" content=\"Papieska Intencja Apostolstwa Modlitwy - Maj 2020 - Pako\u015b\u0107 \u2013 Kalwaria\" \/>\n<meta property=\"og:description\" content=\"Papieska Intencja Apostolstwa Modlitwy &#8211; Maj 2020 Intencja ewangelizacyjna: za diakon\u00f3w.\u00a0\u00a0 M\u00f3dlmy si\u0119, aby diakoni, wierni s\u0142u\u017cbie S\u0142owa i ubogim, byli o\u017cywiaj\u0105cym znakiem dla ca\u0142ego Ko\u015bcio\u0142a. \u017bywy R\u00f3\u017caniec w naszej Parafii modli si\u0119 w maju wed\u0142ug \u201ezestawu nr 2\u201d. S\u0142owo &#8222;diakon&#8221; oznacza: &#8222;ten, kt\u00f3ry pos\u0142uguje&#8221;. Diakoni odgrywaj\u0105 znacz\u0105c\u0105 rol\u0119 w Ko\u015bciele. Diakoni g\u0142osz\u0105 wiernym S\u0142owo &hellip;\" \/>\n<meta property=\"og:url\" content=\"https:\/\/pakosc-kalwaria.franciszkanie.net\/index.php\/2020\/05\/01\/papieska-intencja-apostolstwa-modlitwy-maj-2020\/\" \/>\n<meta property=\"og:site_name\" content=\"Pako\u015b\u0107 \u2013 Kalwaria\" \/>\n<meta property=\"article:author\" content=\"https:\/\/www.facebook.com\/KalwariaPakosc\/\" \/>\n<meta property=\"article:published_time\" content=\"2020-05-01T08:00:12+00:00\" \/>\n<meta property=\"article:modified_time\" content=\"2020-05-03T05:39:33+00:00\" \/>\n<meta property=\"og:image\" content=\"https:\/\/pakosc-kalwaria.franciszkanie.net\/wp-content\/uploads\/2020\/04\/papa-francesco.jpg\" \/>\n\t<meta property=\"og:image:width\" content=\"300\" \/>\n\t<meta property=\"og:image:height\" content=\"200\" \/>\n\t<meta property=\"og:image:type\" content=\"image\/jpeg\" \/>\n<meta name=\"twitter:card\" content=\"summary\" \/>\n<meta name=\"twitter:label1\" content=\"Napisane przez\" \/>\n\t<meta name=\"twitter:data1\" content=\"pakosc-kalwaria\" \/>\n\t<meta name=\"twitter:label2\" content=\"Szacowany czas czytania\" \/>\n\t<meta name=\"twitter:data2\" content=\"1 minuta\" \/>\n<script type=\"application\/ld+json\" class=\"yoast-schema-graph\">{\"@context\":\"https:\/\/schema.org\",\"@graph\":[{\"@type\":\"WebSite\",\"@id\":\"https:\/\/pakosc-kalwaria.franciszkanie.net\/#website\",\"url\":\"https:\/\/pakosc-kalwaria.franciszkanie.net\/\",\"name\":\"Pako\u015b\u0107 \u2013 Kalwaria\",\"description\":\"Parafia Rzymsko \u2013 Katolicka p.w. Pana Jezusa Ukrzy\u017cowanego i  Matki Bo\u017cej Bolesnej ul. Barci\u0144ska 60, 88\u2013170 Pako\u015b\u0107 \u2013 Kalwaria\",\"potentialAction\":[{\"@type\":\"SearchAction\",\"target\":{\"@type\":\"EntryPoint\",\"urlTemplate\":\"https:\/\/pakosc-kalwaria.franciszkanie.net\/?s={search_term_string}\"},\"query-input\":\"required name=search_term_string\"}],\"inLanguage\":\"pl-PL\"},{\"@type\":\"ImageObject\",\"@id\":\"https:\/\/pakosc-kalwaria.franciszkanie.net\/index.php\/2020\/05\/01\/papieska-intencja-apostolstwa-modlitwy-maj-2020\/#primaryimage\",\"inLanguage\":\"pl-PL\",\"url\":\"https:\/\/pakosc-kalwaria.franciszkanie.net\/wp-content\/uploads\/2020\/04\/papa-francesco.jpg\",\"contentUrl\":\"https:\/\/pakosc-kalwaria.franciszkanie.net\/wp-content\/uploads\/2020\/04\/papa-francesco.jpg\",\"width\":300,\"height\":200},{\"@type\":\"WebPage\",\"@id\":\"https:\/\/pakosc-kalwaria.franciszkanie.net\/index.php\/2020\/05\/01\/papieska-intencja-apostolstwa-modlitwy-maj-2020\/#webpage\",\"url\":\"https:\/\/pakosc-kalwaria.franciszkanie.net\/index.php\/2020\/05\/01\/papieska-intencja-apostolstwa-modlitwy-maj-2020\/\",\"name\":\"Papieska Intencja Apostolstwa Modlitwy - Maj 2020 - Pako\u015b\u0107 \u2013 Kalwaria\",\"isPartOf\":{\"@id\":\"https:\/\/pakosc-kalwaria.franciszkanie.net\/#website\"},\"primaryImageOfPage\":{\"@id\":\"https:\/\/pakosc-kalwaria.franciszkanie.net\/index.php\/2020\/05\/01\/papieska-intencja-apostolstwa-modlitwy-maj-2020\/#primaryimage\"},\"datePublished\":\"2020-05-01T08:00:12+00:00\",\"dateModified\":\"2020-05-03T05:39:33+00:00\",\"author\":{\"@id\":\"https:\/\/pakosc-kalwaria.franciszkanie.net\/#\/schema\/person\/af10b943be0760709227d060eadcb2aa\"},\"breadcrumb\":{\"@id\":\"https:\/\/pakosc-kalwaria.franciszkanie.net\/index.php\/2020\/05\/01\/papieska-intencja-apostolstwa-modlitwy-maj-2020\/#breadcrumb\"},\"inLanguage\":\"pl-PL\",\"potentialAction\":[{\"@type\":\"ReadAction\",\"target\":[\"https:\/\/pakosc-kalwaria.franciszkanie.net\/index.php\/2020\/05\/01\/papieska-intencja-apostolstwa-modlitwy-maj-2020\/\"]}]},{\"@type\":\"BreadcrumbList\",\"@id\":\"https:\/\/pakosc-kalwaria.franciszkanie.net\/index.php\/2020\/05\/01\/papieska-intencja-apostolstwa-modlitwy-maj-2020\/#breadcrumb\",\"itemListElement\":[{\"@type\":\"ListItem\",\"position\":1,\"name\":\"Strona g\u0142\u00f3wna\",\"item\":\"https:\/\/pakosc-kalwaria.franciszkanie.net\/\"},{\"@type\":\"ListItem\",\"position\":2,\"name\":\"Papieska Intencja Apostolstwa Modlitwy &#8211; Maj 2020\"}]},{\"@type\":\"Person\",\"@id\":\"https:\/\/pakosc-kalwaria.franciszkanie.net\/#\/schema\/person\/af10b943be0760709227d060eadcb2aa\",\"name\":\"pakosc-kalwaria\",\"image\":{\"@type\":\"ImageObject\",\"@id\":\"https:\/\/pakosc-kalwaria.franciszkanie.net\/#personlogo\",\"inLanguage\":\"pl-PL\",\"url\":\"https:\/\/secure.gravatar.com\/avatar\/e7049d338b55eac6a0027ff3218b8d02?s=96&d=mm&r=g\",\"contentUrl\":\"https:\/\/secure.gravatar.com\/avatar\/e7049d338b55eac6a0027ff3218b8d02?s=96&d=mm&r=g\",\"caption\":\"pakosc-kalwaria\"},\"sameAs\":[\"https:\/\/www.facebook.com\/KalwariaPakosc\/\"],\"url\":\"https:\/\/pakosc-kalwaria.franciszkanie.net\/index.php\/author\/pakosc-kalwaria\/\"}]}<\/script>\n<!-- \/ Yoast SEO plugin. -->","yoast_head_json":{"title":"Papieska Intencja Apostolstwa Modlitwy - Maj 2020 - Pako\u015b\u0107 \u2013 Kalwaria","robots":{"index":"index","follow":"follow","max-snippet":"max-snippet:-1","max-image-preview":"max-image-preview:large","max-video-preview":"max-video-preview:-1"},"canonical":"https:\/\/pakosc-kalwaria.franciszkanie.net\/index.php\/2020\/05\/01\/papieska-intencja-apostolstwa-modlitwy-maj-2020\/","og_locale":"pl_PL","og_type":"article","og_title":"Papieska Intencja Apostolstwa Modlitwy - Maj 2020 - Pako\u015b\u0107 \u2013 Kalwaria","og_description":"Papieska Intencja Apostolstwa Modlitwy &#8211; Maj 2020 Intencja ewangelizacyjna: za diakon\u00f3w.\u00a0\u00a0 M\u00f3dlmy si\u0119, aby diakoni, wierni s\u0142u\u017cbie S\u0142owa i ubogim, byli o\u017cywiaj\u0105cym znakiem dla ca\u0142ego Ko\u015bcio\u0142a. \u017bywy R\u00f3\u017caniec w naszej Parafii modli si\u0119 w maju wed\u0142ug \u201ezestawu nr 2\u201d. S\u0142owo &#8222;diakon&#8221; oznacza: &#8222;ten, kt\u00f3ry pos\u0142uguje&#8221;. Diakoni odgrywaj\u0105 znacz\u0105c\u0105 rol\u0119 w Ko\u015bciele. Diakoni g\u0142osz\u0105 wiernym S\u0142owo &hellip;","og_url":"https:\/\/pakosc-kalwaria.franciszkanie.net\/index.php\/2020\/05\/01\/papieska-intencja-apostolstwa-modlitwy-maj-2020\/","og_site_name":"Pako\u015b\u0107 \u2013 Kalwaria","article_author":"https:\/\/www.facebook.com\/KalwariaPakosc\/","article_published_time":"2020-05-01T08:00:12+00:00","article_modified_time":"2020-05-03T05:39:33+00:00","og_image":[{"width":300,"height":200,"url":"https:\/\/pakosc-kalwaria.franciszkanie.net\/wp-content\/uploads\/2020\/04\/papa-francesco.jpg","type":"image\/jpeg"}],"twitter_card":"summary","twitter_misc":{"Napisane przez":"pakosc-kalwaria","Szacowany czas czytania":"1 minuta"},"schema":{"@context":"https:\/\/schema.org","@graph":[{"@type":"WebSite","@id":"https:\/\/pakosc-kalwaria.franciszkanie.net\/#website","url":"https:\/\/pakosc-kalwaria.franciszkanie.net\/","name":"Pako\u015b\u0107 \u2013 Kalwaria","description":"Parafia Rzymsko \u2013 Katolicka p.w. Pana Jezusa Ukrzy\u017cowanego i  Matki Bo\u017cej Bolesnej ul. Barci\u0144ska 60, 88\u2013170 Pako\u015b\u0107 \u2013 Kalwaria","potentialAction":[{"@type":"SearchAction","target":{"@type":"EntryPoint","urlTemplate":"https:\/\/pakosc-kalwaria.franciszkanie.net\/?s={search_term_string}"},"query-input":"required name=search_term_string"}],"inLanguage":"pl-PL"},{"@type":"ImageObject","@id":"https:\/\/pakosc-kalwaria.franciszkanie.net\/index.php\/2020\/05\/01\/papieska-intencja-apostolstwa-modlitwy-maj-2020\/#primaryimage","inLanguage":"pl-PL","url":"https:\/\/pakosc-kalwaria.franciszkanie.net\/wp-content\/uploads\/2020\/04\/papa-francesco.jpg","contentUrl":"https:\/\/pakosc-kalwaria.franciszkanie.net\/wp-content\/uploads\/2020\/04\/papa-francesco.jpg","width":300,"height":200},{"@type":"WebPage","@id":"https:\/\/pakosc-kalwaria.franciszkanie.net\/index.php\/2020\/05\/01\/papieska-intencja-apostolstwa-modlitwy-maj-2020\/#webpage","url":"https:\/\/pakosc-kalwaria.franciszkanie.net\/index.php\/2020\/05\/01\/papieska-intencja-apostolstwa-modlitwy-maj-2020\/","name":"Papieska Intencja Apostolstwa Modlitwy - Maj 2020 - Pako\u015b\u0107 \u2013 Kalwaria","isPartOf":{"@id":"https:\/\/pakosc-kalwaria.franciszkanie.net\/#website"},"primaryImageOfPage":{"@id":"https:\/\/pakosc-kalwaria.franciszkanie.net\/index.php\/2020\/05\/01\/papieska-intencja-apostolstwa-modlitwy-maj-2020\/#primaryimage"},"datePublished":"2020-05-01T08:00:12+00:00","dateModified":"2020-05-03T05:39:33+00:00","author":{"@id":"https:\/\/pakosc-kalwaria.franciszkanie.net\/#\/schema\/person\/af10b943be0760709227d060eadcb2aa"},"breadcrumb":{"@id":"https:\/\/pakosc-kalwaria.franciszkanie.net\/index.php\/2020\/05\/01\/papieska-intencja-apostolstwa-modlitwy-maj-2020\/#breadcrumb"},"inLanguage":"pl-PL","potentialAction":[{"@type":"ReadAction","target":["https:\/\/pakosc-kalwaria.franciszkanie.net\/index.php\/2020\/05\/01\/papieska-intencja-apostolstwa-modlitwy-maj-2020\/"]}]},{"@type":"BreadcrumbList","@id":"https:\/\/pakosc-kalwaria.franciszkanie.net\/index.php\/2020\/05\/01\/papieska-intencja-apostolstwa-modlitwy-maj-2020\/#breadcrumb","itemListElement":[{"@type":"ListItem","position":1,"name":"Strona g\u0142\u00f3wna","item":"https:\/\/pakosc-kalwaria.franciszkanie.net\/"},{"@type":"ListItem","position":2,"name":"Papieska Intencja Apostolstwa Modlitwy &#8211; Maj 2020"}]},{"@type":"Person","@id":"https:\/\/pakosc-kalwaria.franciszkanie.net\/#\/schema\/person\/af10b943be0760709227d060eadcb2aa","name":"pakosc-kalwaria","image":{"@type":"ImageObject","@id":"https:\/\/pakosc-kalwaria.franciszkanie.net\/#personlogo","inLanguage":"pl-PL","url":"https:\/\/secure.gravatar.com\/avatar\/e7049d338b55eac6a0027ff3218b8d02?s=96&d=mm&r=g","contentUrl":"https:\/\/secure.gravatar.com\/avatar\/e7049d338b55eac6a0027ff3218b8d02?s=96&d=mm&r=g","caption":"pakosc-kalwaria"},"sameAs":["https:\/\/www.facebook.com\/KalwariaPakosc\/"],"url":"https:\/\/pakosc-kalwaria.franciszkanie.net\/index.php\/author\/pakosc-kalwaria\/"}]}},"_links":{"self":[{"href":"https:\/\/pakosc-kalwaria.franciszkanie.net\/index.php\/wp-json\/wp\/v2\/posts\/13550"}],"collection":[{"href":"https:\/\/pakosc-kalwaria.franciszkanie.net\/index.php\/wp-json\/wp\/v2\/posts"}],"about":[{"href":"https:\/\/pakosc-kalwaria.franciszkanie.net\/index.php\/wp-json\/wp\/v2\/types\/post"}],"author":[{"embeddable":true,"href":"https:\/\/pakosc-kalwaria.franciszkanie.net\/index.php\/wp-json\/wp\/v2\/users\/2"}],"replies":[{"embeddable":true,"href":"https:\/\/pakosc-kalwaria.franciszkanie.net\/index.php\/wp-json\/wp\/v2\/comments?post=13550"}],"version-history":[{"count":2,"href":"https:\/\/pakosc-kalwaria.franciszkanie.net\/index.php\/wp-json\/wp\/v2\/posts\/13550\/revisions"}],"predecessor-version":[{"id":13673,"href":"https:\/\/pakosc-kalwaria.franciszkanie.net\/index.php\/wp-json\/wp\/v2\/posts\/13550\/revisions\/13673"}],"wp:featuredmedia":[{"embeddable":true,"href":"https:\/\/pakosc-kalwaria.franciszkanie.net\/index.php\/wp-json\/wp\/v2\/media\/13551"}],"wp:attachment":[{"href":"https:\/\/pakosc-kalwaria.franciszkanie.net\/index.php\/wp-json\/wp\/v2\/media?parent=13550"}],"wp:term":[{"taxonomy":"category","embeddable":true,"href":"https:\/\/pakosc-kalwaria.franciszkanie.net\/index.php\/wp-json\/wp\/v2\/categories?post=13550"},{"taxonomy":"post_tag","embeddable":true,"href":"https:\/\/pakosc-kalwaria.franciszkanie.net\/index.php\/wp-json\/wp\/v2\/tags?post=13550"}],"curies":[{"name":"wp","href":"https:\/\/api.w.org\/{rel}","templated":true}]}}