{"id":13553,"date":"2020-05-04T15:00:52","date_gmt":"2020-05-04T13:00:52","guid":{"rendered":"http:\/\/pakosc-kalwaria.franciszkanie.net\/?p=13553"},"modified":"2020-05-04T17:54:14","modified_gmt":"2020-05-04T15:54:14","slug":"oredzie-papieza-franciszka-na-swiatowy-dzien-modlitw-o-powolania-2020r","status":"publish","type":"post","link":"https:\/\/pakosc-kalwaria.franciszkanie.net\/index.php\/2020\/05\/04\/oredzie-papieza-franciszka-na-swiatowy-dzien-modlitw-o-powolania-2020r\/","title":{"rendered":"Or\u0119dzie Papie\u017ca Franciszka na \u015awiatowy Dzie\u0144 Modlitw o Powo\u0142ania 2020r."},"content":{"rendered":"<p><strong>Or\u0119dzie Papie\u017ca Franciszka na \u015awiatowy Dzie\u0144 Modlitw o Powo\u0142ania.<br \/>\nIV Niedziela Wielkanocna (Niedziela Dobrego Pasterza)\u00a0 \u2013 3 maja 2020r.<\/strong><\/p>\n<p><strong>S\u0142owa powo\u0142ania<\/strong><\/p>\n<p>Drodzy bracia i siostry!<\/p>\n<p>4 sierpnia ubieg\u0142ego roku, w 160. rocznic\u0119 \u015bmierci \u015bwi\u0119tego Proboszcza z Ars, zechcia\u0142em wystosowa\u0107 List do kap\u0142an\u00f3w, kt\u00f3rzy codziennie po\u015bwi\u0119caj\u0105 swe \u017cycie powo\u0142aniu, jakie skierowa\u0142 do nich Pan, s\u0142u\u017c\u0105c Ludowi Bo\u017cemu.<\/p>\n<p>Przy tej okazji wybra\u0142em cztery kluczowe s\u0142owa \u2013<em> smutek, wdzi\u0119czno\u015b\u0107, odwaga i uwielbienie<\/em> \u2013 by podzi\u0119kowa\u0107 kap\u0142anom i wesprze\u0107 ich pos\u0142ug\u0119. Uwa\u017cam, \u017ce dzi\u015b, w 57. \u015awiatowy Dzie\u0144 Modlitw o Powo\u0142ania, s\u0142owa te mog\u0105 zosta\u0107 podj\u0119te na nowo i skierowane do ca\u0142ego Ludu Bo\u017cego na tle fragmentu Ewangelii, kt\u00f3ry m\u00f3wi nam o szczeg\u00f3lnym do\u015bwiadczeniu, kt\u00f3re spotka\u0142o Jezusa i Piotra podczas burzliwej nocy nad jeziorem Tyberiadzkim (por. <em>Mt<\/em> 14, 22-36).<\/p>\n<p>Po rozmno\u017ceniu chleb\u00f3w, kt\u00f3re wprowadzi\u0142o t\u0142um w zachwyt, Jezus nakaza\u0142 swoim uczniom wsi\u0105\u015b\u0107 do \u0142odzi i wyprzedzi\u0107 Go na drugi brzeg, zanim odprawi lud. Obraz tej przeprawy przez jezioro w jaki\u015b spos\u00f3b przypomina podr\u00f3\u017c naszego istnienia. \u0141\u00f3d\u017a naszego \u017cycia powoli p\u0142ynie naprz\u00f3d, wci\u0105\u017c niespokojna, poniewa\u017c szuka szcz\u0119\u015bliwej przystani, gotowa rzuci\u0107 wyzwanie niebezpiecze\u0144stwom i mo\u017cliwo\u015bciom morza, ale tak\u017ce oczekuj\u0105ca na manewr sternika, kt\u00f3ry ostatecznie naprowadzi na w\u0142a\u015bciwy kurs. Czasami jednak mo\u017ce si\u0119 zdarzy\u0107, \u017ce si\u0119 zagubi, \u017ce da si\u0119 o\u015blepi\u0107 iluzjami, zamiast pod\u0105\u017ca\u0107 za latarni\u0105 morsk\u0105, kt\u00f3ra prowadzi j\u0105 do bezpiecznego portu, lub \u017ce zderzy si\u0119 z przeciwnymi wiatrami trudno\u015bci, w\u0105tpliwo\u015bci i obaw.<\/p>\n<p>Dzieje si\u0119 tak r\u00f3wnie\u017c w sercach uczni\u00f3w, kt\u00f3rzy, powo\u0142ani do pod\u0105\u017cania za Nauczycielem z Nazaretu, musz\u0105 zdecydowa\u0107 si\u0119 przep\u0142yn\u0105\u0107 na drugi brzeg, wybieraj\u0105c odwa\u017cnie porzucenie swoich zabezpiecze\u0144 i wyruszenie za Panem. Ta przygoda nie jest spokojna: nadchodzi noc, wieje wiatr przeciwny, \u0142\u00f3d\u017a jest miotana falami, i grozi im, \u017ce przero\u015bnie ich strach przed tym, \u017ce si\u0119 nie uda i \u017ce nie potrafi\u0105 sprosta\u0107 powo\u0142aniu.<\/p>\n<p>Ewangelia m\u00f3wi nam jednak, \u017ce w przygodzie tej trudnej podr\u00f3\u017cy nie jeste\u015bmy sami. Pan, niemal wymuszaj\u0105c jutrzenk\u0119 w \u015brodku nocy, idzie po wzburzonych wodach i dociera do uczni\u00f3w, zaprasza Piotra, by po falach wyszed\u0142 Mu na spotkanie, ratuje go, gdy widzi, \u017ce tonie, i wreszcie wsiada do \u0142odzi i sprawia, i\u017c ustaje wiatr.<\/p>\n<p>Zatem pierwszym s\u0142owem powo\u0142ania jest <em>wdzi\u0119czno\u015b\u0107<\/em>. Nawigacja we w\u0142a\u015bciwym kierunku nie jest zadaniem powierzonym wy\u0142\u0105cznie naszym wysi\u0142kom, ani nie zale\u017cy tylko od wybranych przez nas tras. Realizacja siebie i naszych plan\u00f3w \u017cyciowych nie jest matematycznym wynikiem tego, co postanawiamy w odizolowanym \u201eja\u201d; wr\u0119cz przeciwnie, jest to przede wszystkim odpowied\u017a na powo\u0142anie, kt\u00f3re otrzymujemy z wysoka. To Pan wskazuje nam brzeg, ku kt\u00f3remu powinni\u015bmy si\u0119 uda\u0107, a jeszcze wcze\u015bniej dodaje nam odwagi, aby wej\u015b\u0107 na \u0142\u00f3d\u017a; to On, wzywaj\u0105c nas, staje si\u0119 r\u00f3wnie\u017c naszym sternikiem, by nam towarzyszy\u0107, wskaza\u0107 nam kierunek, zapobiec, by\u015bmy nie osiedli na rafach niezdecydowania i uzdolni\u0107 nas wr\u0119cz do chodzenia po wzburzonych wodach.<\/p>\n<p>Ka\u017cde powo\u0142anie rodzi si\u0119 z tego mi\u0142uj\u0105cego spojrzenia, z jakim Pan wyszed\u0142 nam na spotkanie, by\u0107 mo\u017ce w\u0142a\u015bnie w chwili, kiedy nasza \u0142\u00f3d\u017a by\u0142a ogarni\u0119ta burz\u0105. \u201eJest ono nie tyle naszym wyborem, ile odpowiedzi\u0105 na bezinteresowne wezwanie Pana\u201d (<em>List do kap\u0142an\u00f3w<\/em>, 4 sierpnia 2019 r.); dlatego b\u0119dziemy mogli je odkry\u0107 i przyj\u0105\u0107, gdy nasze serce otworzy si\u0119 na wdzi\u0119czno\u015b\u0107 i b\u0119dzie potrafi\u0142o przyj\u0105\u0107 przej\u015bcie Boga w naszym \u017cyciu.<\/p>\n<p>Kiedy uczniowie widz\u0105 zbli\u017caj\u0105cego si\u0119 Jezusa id\u0105cego po wodzie, pocz\u0105tkowo my\u015bl\u0105, \u017ce to zjawa i boj\u0105 si\u0119. Ale Jezus natychmiast uspokaja ich s\u0142owem, kt\u00f3re musi zawsze towarzyszy\u0107 naszemu \u017cyciu i naszej drodze powo\u0142ania: \u201eOdwagi! Ja jestem, nie b\u00f3jcie si\u0119!\u201d (w. 27). To jest w\u0142a\u015bnie drugie s\u0142owo, kt\u00f3re chcia\u0142bym wam przekaza\u0107: <em>odwaga<\/em>.<\/p>\n<p>Tym, co cz\u0119sto przeszkadza nam i\u015b\u0107, wzrasta\u0107, obiera\u0107 drog\u0119, jak\u0105 Pan dla nas wytycza, s\u0105 zjawy, kt\u00f3re miotaj\u0105 si\u0119 w naszym sercu. Kiedy jeste\u015bmy powo\u0142ani do opuszczenia naszego pewnego brzegu i przyj\u0119cia stanu \u017cycia \u2013 takiego, jak ma\u0142\u017ce\u0144stwo, \u015bwi\u0119cenia kap\u0142a\u0144skie, \u017cycie konsekrowane \u2013 pierwsz\u0105 reakcj\u0105 jest cz\u0119sto \u201ezjawa niewiary\u201d: to niemo\u017cliwe, aby to powo\u0142anie by\u0142o dla mnie; czy to naprawd\u0119 w\u0142a\u015bciwa droga? Czy Pan chce tego w\u0142a\u015bnie ode mnie?<\/p>\n<p>Stopniowo narastaj\u0105 w nas wszystkie te rozwa\u017cania, usprawiedliwienia i kalkulacje, kt\u00f3re powoduj\u0105, \u017ce tracimy rozmach, wprawiaj\u0105 w zak\u0142opotanie i pozostawiaj\u0105 nas sparali\u017cowanych na brzegu wyj\u015bciowym: s\u0105dzimy, \u017ce co\u015b nas za\u015blepi\u0142o, \u017ce nie jeste\u015bmy na wysoko\u015bci zadania, po prostu, \u017ce zobaczyli\u015bmy zjaw\u0119, kt\u00f3r\u0105 trzeba odp\u0119dzi\u0107.<\/p>\n<p>Pan wie, \u017ce fundamentalna decyzja \u017cyciowa \u2013 taka, jak zawarcie ma\u0142\u017ce\u0144stwa lub po\u015bwi\u0119cenie si\u0119 w spos\u00f3b szczeg\u00f3lny Jego s\u0142u\u017cbie \u2013 wymaga <em>odwagi<\/em>. On zna pytania, w\u0105tpliwo\u015bci i trudno\u015bci, kt\u00f3re wstrz\u0105saj\u0105 \u0142odzi\u0105 naszego serca, i dlatego zapewnia nas: \u201eNie b\u00f3j si\u0119, jestem z tob\u0105!\u201d. Wiara w Jego obecno\u015b\u0107, kt\u00f3ra wychodzi nam na spotkanie i nam towarzyszy, nawet gdy morze jest wzburzone, wyzwala nas ze znu\u017cenia, kt\u00f3re mia\u0142em ju\u017c okazj\u0119 okre\u015bli\u0107 jako \u201es\u0142odkawy smutek\u201d (<em>List do kap\u0142an\u00f3w<\/em>, 4 sierpnia 2019 r.), to znaczy wewn\u0119trzne zniech\u0119cenie, kt\u00f3re nas blokuje i nie pozwala nam zasmakowa\u0107 pi\u0119kna naszego powo\u0142ania.<\/p>\n<p>W <em>Li\u015bcie do kap\u0142an\u00f3w<\/em> m\u00f3wi\u0142em tak\u017ce o cierpieniu, ale tutaj chcia\u0142bym przet\u0142umaczy\u0107 to s\u0142owo inaczej i odnie\u015b\u0107 si\u0119 do<em> znu\u017cenia<\/em>. Ka\u017cde powo\u0142anie wymaga zaanga\u017cowania. Pan nas powo\u0142uje, poniewa\u017c chce uczyni\u0107 nas podobnymi do Piotra, zdolnymi do \u201echodzenia po wodzie\u201d, to znaczy do wzi\u0119cia naszego \u017cycia w swe r\u0119ce, aby odda\u0107 je na s\u0142u\u017cb\u0119 Ewangelii, w spos\u00f3b konkretny i codzienny, jaki On nam wskazuje, a zw\u0142aszcza w r\u00f3\u017cnych formach powo\u0142ania \u015bwieckiego, kap\u0142a\u0144skiego oraz \u017cycia konsekrowanego. Ale jeste\u015bmy podobni do Aposto\u0142a: mamy pragnienie i zapa\u0142, ale jednocze\u015bnie jeste\u015bmy naznaczeni s\u0142abo\u015bciami i obawami.<\/p>\n<p>Je\u015bli pozwolimy si\u0119 przyt\u0142oczy\u0107 my\u015blom o oczekuj\u0105cych nas obowi\u0105zkach \u2013 w \u017cyciu ma\u0142\u017ce\u0144skim lub kap\u0142a\u0144skim \u2013 lub przeciwno\u015bciach, kt\u00f3re si\u0119 pojawi\u0105, wkr\u00f3tce odwr\u00f3cimy si\u0119 od spojrzenia Jezusa i, podobnie jak Piotrowi, grozi nam, \u017ce zaczniemy ton\u0105\u0107. Przeciwnie, pomimo naszych s\u0142abo\u015bci i ub\u00f3stwa, wiara pozwala nam i\u015b\u0107 w kierunku Zmartwychwsta\u0142ego Pana i pokona\u0107 tak\u017ce burze. On rzeczywi\u015bcie wyci\u0105ga ku nam r\u0119k\u0119, gdy z powodu znu\u017cenia lub strachu grozi nam zatoni\u0119cie, i daje nam zapa\u0142 niezb\u0119dny do prze\u017cywania naszego powo\u0142ania z rado\u015bci\u0105 i entuzjazmem.<\/p>\n<p>Wreszcie, kiedy Jezus wsiada do \u0142odzi, wiatr ustaje a fale si\u0119 uspokajaj\u0105. Jest to pi\u0119kny obraz tego, jak Pan dzia\u0142a w naszym \u017cyciu i podczas zawirowa\u0144 historycznych, zw\u0142aszcza gdy prze\u017cywamy burz\u0119: On nakazuje przeciwnym wiatrom, by zamilk\u0142y, a moce z\u0142a, l\u0119ku, rezygnacji nie maj\u0105 ju\u017c nad nami w\u0142adzy.<\/p>\n<p>Wiatry te mog\u0105 nas wyczerpa\u0107 w konkretnym powo\u0142aniu, do kt\u00f3rego prze\u017cywania jeste\u015bmy powo\u0142ani. My\u015bl\u0119 o tych, kt\u00f3rzy podejmuj\u0105 wa\u017cne obowi\u0105zki w spo\u0142ecze\u0144stwie obywatelskim, o ma\u0142\u017conkach, kt\u00f3rych nie przypadkiem lubi\u0119 nazywa\u0107 \u201eodwa\u017cnymi\u201d, a zw\u0142aszcza o tych, kt\u00f3rzy podejmuj\u0105 \u017cycie konsekrowane i kap\u0142a\u0144stwo. Znam wasze trudy, samotno\u015b\u0107, kt\u00f3ra czasem obci\u0105\u017ca serce, ryzyko rutyny, kt\u00f3ra powoli gasi \u017car powo\u0142ania, brzemi\u0119 niepewno\u015bci i niedostatku naszych czas\u00f3w, l\u0119k przed przysz\u0142o\u015bci\u0105. Odwagi, nie l\u0119kajcie si\u0119! Jezus jest obok nas i je\u015bli uznajemy Go za jedynego Pana naszego \u017cycia, On wyci\u0105ga ku nam r\u0119k\u0119 i chwyta nas, aby nas zbawi\u0107.<\/p>\n<p>A w\u00f3wczas, nawet po\u015br\u00f3d fal, nasze \u017cycie otwiera si\u0119 na <em>uwielbienie<\/em>. Jest to ostatnie s\u0142owo powo\u0142ania, kt\u00f3re chce by\u0107 tak\u017ce zaproszeniem do piel\u0119gnowania wewn\u0119trznej postawy Naj\u015bwi\u0119tszej Maryi Panny: wdzi\u0119czna za spojrzenie Boga, kt\u00f3re na Niej spocz\u0119\u0142o, oddaj\u0105c w wierze l\u0119ki i troski, odwa\u017cnie podejmuj\u0105c powo\u0142anie, Ona uczyni\u0142a swoje \u017cycie wieczn\u0105 pie\u015bni\u0105 uwielbienia dla Pana.<\/p>\n<p>Najmilsi, szczeg\u00f3lnie w tym Dniu, ale tak\u017ce w zwyk\u0142ym dzia\u0142aniu duszpasterskim naszych wsp\u00f3lnot, pragn\u0119, aby Ko\u015bci\u00f3\u0142 pod\u0105\u017ca\u0142 t\u0105 drog\u0105 w s\u0142u\u017cbie powo\u0142a\u0144, otwieraj\u0105c przestrze\u0144 w sercu ka\u017cdego wierz\u0105cego, aby m\u00f3g\u0142 z wdzi\u0119czno\u015bci\u0105 odkry\u0107 powo\u0142anie, jakie kieruje do niego B\u00f3g, znale\u017a\u0107 odwag\u0119, by powiedzie\u0107 \u201etak\u201d, przezwyci\u0119\u017cy\u0107 znu\u017cenie w wierze w Chrystusa i wreszcie ofiarowa\u0107 swoje \u017cycie jako pie\u015b\u0144 chwa\u0142y dla Boga, braci i ca\u0142ego \u015bwiata. Niech Dziewica Maryja towarzyszy nam i wstawia si\u0119 za nami.<\/p>\n<p>Rzym, u \u015bw. Jana na Lateranie, 8 marca, w II Niedziel\u0119 Wielkiego Postu<\/p>\n<p>FRANCISZEK<\/p>\n","protected":false},"excerpt":{"rendered":"<p>Or\u0119dzie Papie\u017ca Franciszka na \u015awiatowy Dzie\u0144 Modlitw o Powo\u0142ania. IV Niedziela Wielkanocna (Niedziela Dobrego Pasterza)\u00a0 \u2013 3 maja 2020r. S\u0142owa powo\u0142ania Drodzy bracia i siostry! 4 sierpnia ubieg\u0142ego roku, w 160. rocznic\u0119 \u015bmierci \u015bwi\u0119tego Proboszcza z Ars, zechcia\u0142em wystosowa\u0107 List do kap\u0142an\u00f3w, kt\u00f3rzy codziennie po\u015bwi\u0119caj\u0105 swe \u017cycie powo\u0142aniu, jakie skierowa\u0142 do nich Pan, s\u0142u\u017c\u0105c Ludowi &hellip;<\/p>\n","protected":false},"author":2,"featured_media":13555,"comment_status":"closed","ping_status":"open","sticky":false,"template":"","format":"standard","meta":{"_mi_skip_tracking":false,"_exactmetrics_sitenote_active":false,"_exactmetrics_sitenote_note":"","_exactmetrics_sitenote_category":0},"categories":[7],"tags":[],"yoast_head":"<!-- This site is optimized with the Yoast SEO plugin v18.1 - https:\/\/yoast.com\/wordpress\/plugins\/seo\/ -->\n<title>Or\u0119dzie Papie\u017ca Franciszka na \u015awiatowy Dzie\u0144 Modlitw o Powo\u0142ania 2020r. - Pako\u015b\u0107 \u2013 Kalwaria<\/title>\n<meta name=\"robots\" content=\"index, follow, max-snippet:-1, max-image-preview:large, max-video-preview:-1\" \/>\n<link rel=\"canonical\" href=\"https:\/\/pakosc-kalwaria.franciszkanie.net\/index.php\/2020\/05\/04\/oredzie-papieza-franciszka-na-swiatowy-dzien-modlitw-o-powolania-2020r\/\" \/>\n<meta property=\"og:locale\" content=\"pl_PL\" \/>\n<meta property=\"og:type\" content=\"article\" \/>\n<meta property=\"og:title\" content=\"Or\u0119dzie Papie\u017ca Franciszka na \u015awiatowy Dzie\u0144 Modlitw o Powo\u0142ania 2020r. - Pako\u015b\u0107 \u2013 Kalwaria\" \/>\n<meta property=\"og:description\" content=\"Or\u0119dzie Papie\u017ca Franciszka na \u015awiatowy Dzie\u0144 Modlitw o Powo\u0142ania. IV Niedziela Wielkanocna (Niedziela Dobrego Pasterza)\u00a0 \u2013 3 maja 2020r. S\u0142owa powo\u0142ania Drodzy bracia i siostry! 4 sierpnia ubieg\u0142ego roku, w 160. rocznic\u0119 \u015bmierci \u015bwi\u0119tego Proboszcza z Ars, zechcia\u0142em wystosowa\u0107 List do kap\u0142an\u00f3w, kt\u00f3rzy codziennie po\u015bwi\u0119caj\u0105 swe \u017cycie powo\u0142aniu, jakie skierowa\u0142 do nich Pan, s\u0142u\u017c\u0105c Ludowi &hellip;\" \/>\n<meta property=\"og:url\" content=\"https:\/\/pakosc-kalwaria.franciszkanie.net\/index.php\/2020\/05\/04\/oredzie-papieza-franciszka-na-swiatowy-dzien-modlitw-o-powolania-2020r\/\" \/>\n<meta property=\"og:site_name\" content=\"Pako\u015b\u0107 \u2013 Kalwaria\" \/>\n<meta property=\"article:author\" content=\"https:\/\/www.facebook.com\/KalwariaPakosc\/\" \/>\n<meta property=\"article:published_time\" content=\"2020-05-04T13:00:52+00:00\" \/>\n<meta property=\"article:modified_time\" content=\"2020-05-04T15:54:14+00:00\" \/>\n<meta property=\"og:image\" content=\"https:\/\/pakosc-kalwaria.franciszkanie.net\/wp-content\/uploads\/2020\/04\/Oredzie-pap-Franciszka-1.jpg\" \/>\n\t<meta property=\"og:image:width\" content=\"350\" \/>\n\t<meta property=\"og:image:height\" content=\"222\" \/>\n\t<meta property=\"og:image:type\" content=\"image\/jpeg\" \/>\n<meta name=\"twitter:card\" content=\"summary\" \/>\n<meta name=\"twitter:label1\" content=\"Napisane przez\" \/>\n\t<meta name=\"twitter:data1\" content=\"pakosc-kalwaria\" \/>\n\t<meta name=\"twitter:label2\" content=\"Szacowany czas czytania\" \/>\n\t<meta name=\"twitter:data2\" content=\"8 minut\" \/>\n<script type=\"application\/ld+json\" class=\"yoast-schema-graph\">{\"@context\":\"https:\/\/schema.org\",\"@graph\":[{\"@type\":\"WebSite\",\"@id\":\"https:\/\/pakosc-kalwaria.franciszkanie.net\/#website\",\"url\":\"https:\/\/pakosc-kalwaria.franciszkanie.net\/\",\"name\":\"Pako\u015b\u0107 \u2013 Kalwaria\",\"description\":\"Parafia Rzymsko \u2013 Katolicka p.w. Pana Jezusa Ukrzy\u017cowanego i  Matki Bo\u017cej Bolesnej ul. Barci\u0144ska 60, 88\u2013170 Pako\u015b\u0107 \u2013 Kalwaria\",\"potentialAction\":[{\"@type\":\"SearchAction\",\"target\":{\"@type\":\"EntryPoint\",\"urlTemplate\":\"https:\/\/pakosc-kalwaria.franciszkanie.net\/?s={search_term_string}\"},\"query-input\":\"required name=search_term_string\"}],\"inLanguage\":\"pl-PL\"},{\"@type\":\"ImageObject\",\"@id\":\"https:\/\/pakosc-kalwaria.franciszkanie.net\/index.php\/2020\/05\/04\/oredzie-papieza-franciszka-na-swiatowy-dzien-modlitw-o-powolania-2020r\/#primaryimage\",\"inLanguage\":\"pl-PL\",\"url\":\"https:\/\/pakosc-kalwaria.franciszkanie.net\/wp-content\/uploads\/2020\/04\/Oredzie-pap-Franciszka-1.jpg\",\"contentUrl\":\"https:\/\/pakosc-kalwaria.franciszkanie.net\/wp-content\/uploads\/2020\/04\/Oredzie-pap-Franciszka-1.jpg\",\"width\":350,\"height\":222},{\"@type\":\"WebPage\",\"@id\":\"https:\/\/pakosc-kalwaria.franciszkanie.net\/index.php\/2020\/05\/04\/oredzie-papieza-franciszka-na-swiatowy-dzien-modlitw-o-powolania-2020r\/#webpage\",\"url\":\"https:\/\/pakosc-kalwaria.franciszkanie.net\/index.php\/2020\/05\/04\/oredzie-papieza-franciszka-na-swiatowy-dzien-modlitw-o-powolania-2020r\/\",\"name\":\"Or\u0119dzie Papie\u017ca Franciszka na \u015awiatowy Dzie\u0144 Modlitw o Powo\u0142ania 2020r. - Pako\u015b\u0107 \u2013 Kalwaria\",\"isPartOf\":{\"@id\":\"https:\/\/pakosc-kalwaria.franciszkanie.net\/#website\"},\"primaryImageOfPage\":{\"@id\":\"https:\/\/pakosc-kalwaria.franciszkanie.net\/index.php\/2020\/05\/04\/oredzie-papieza-franciszka-na-swiatowy-dzien-modlitw-o-powolania-2020r\/#primaryimage\"},\"datePublished\":\"2020-05-04T13:00:52+00:00\",\"dateModified\":\"2020-05-04T15:54:14+00:00\",\"author\":{\"@id\":\"https:\/\/pakosc-kalwaria.franciszkanie.net\/#\/schema\/person\/af10b943be0760709227d060eadcb2aa\"},\"breadcrumb\":{\"@id\":\"https:\/\/pakosc-kalwaria.franciszkanie.net\/index.php\/2020\/05\/04\/oredzie-papieza-franciszka-na-swiatowy-dzien-modlitw-o-powolania-2020r\/#breadcrumb\"},\"inLanguage\":\"pl-PL\",\"potentialAction\":[{\"@type\":\"ReadAction\",\"target\":[\"https:\/\/pakosc-kalwaria.franciszkanie.net\/index.php\/2020\/05\/04\/oredzie-papieza-franciszka-na-swiatowy-dzien-modlitw-o-powolania-2020r\/\"]}]},{\"@type\":\"BreadcrumbList\",\"@id\":\"https:\/\/pakosc-kalwaria.franciszkanie.net\/index.php\/2020\/05\/04\/oredzie-papieza-franciszka-na-swiatowy-dzien-modlitw-o-powolania-2020r\/#breadcrumb\",\"itemListElement\":[{\"@type\":\"ListItem\",\"position\":1,\"name\":\"Strona g\u0142\u00f3wna\",\"item\":\"https:\/\/pakosc-kalwaria.franciszkanie.net\/\"},{\"@type\":\"ListItem\",\"position\":2,\"name\":\"Or\u0119dzie Papie\u017ca Franciszka na \u015awiatowy Dzie\u0144 Modlitw o Powo\u0142ania 2020r.\"}]},{\"@type\":\"Person\",\"@id\":\"https:\/\/pakosc-kalwaria.franciszkanie.net\/#\/schema\/person\/af10b943be0760709227d060eadcb2aa\",\"name\":\"pakosc-kalwaria\",\"image\":{\"@type\":\"ImageObject\",\"@id\":\"https:\/\/pakosc-kalwaria.franciszkanie.net\/#personlogo\",\"inLanguage\":\"pl-PL\",\"url\":\"https:\/\/secure.gravatar.com\/avatar\/e7049d338b55eac6a0027ff3218b8d02?s=96&d=mm&r=g\",\"contentUrl\":\"https:\/\/secure.gravatar.com\/avatar\/e7049d338b55eac6a0027ff3218b8d02?s=96&d=mm&r=g\",\"caption\":\"pakosc-kalwaria\"},\"sameAs\":[\"https:\/\/www.facebook.com\/KalwariaPakosc\/\"],\"url\":\"https:\/\/pakosc-kalwaria.franciszkanie.net\/index.php\/author\/pakosc-kalwaria\/\"}]}<\/script>\n<!-- \/ Yoast SEO plugin. -->","yoast_head_json":{"title":"Or\u0119dzie Papie\u017ca Franciszka na \u015awiatowy Dzie\u0144 Modlitw o Powo\u0142ania 2020r. - Pako\u015b\u0107 \u2013 Kalwaria","robots":{"index":"index","follow":"follow","max-snippet":"max-snippet:-1","max-image-preview":"max-image-preview:large","max-video-preview":"max-video-preview:-1"},"canonical":"https:\/\/pakosc-kalwaria.franciszkanie.net\/index.php\/2020\/05\/04\/oredzie-papieza-franciszka-na-swiatowy-dzien-modlitw-o-powolania-2020r\/","og_locale":"pl_PL","og_type":"article","og_title":"Or\u0119dzie Papie\u017ca Franciszka na \u015awiatowy Dzie\u0144 Modlitw o Powo\u0142ania 2020r. - Pako\u015b\u0107 \u2013 Kalwaria","og_description":"Or\u0119dzie Papie\u017ca Franciszka na \u015awiatowy Dzie\u0144 Modlitw o Powo\u0142ania. IV Niedziela Wielkanocna (Niedziela Dobrego Pasterza)\u00a0 \u2013 3 maja 2020r. S\u0142owa powo\u0142ania Drodzy bracia i siostry! 4 sierpnia ubieg\u0142ego roku, w 160. rocznic\u0119 \u015bmierci \u015bwi\u0119tego Proboszcza z Ars, zechcia\u0142em wystosowa\u0107 List do kap\u0142an\u00f3w, kt\u00f3rzy codziennie po\u015bwi\u0119caj\u0105 swe \u017cycie powo\u0142aniu, jakie skierowa\u0142 do nich Pan, s\u0142u\u017c\u0105c Ludowi &hellip;","og_url":"https:\/\/pakosc-kalwaria.franciszkanie.net\/index.php\/2020\/05\/04\/oredzie-papieza-franciszka-na-swiatowy-dzien-modlitw-o-powolania-2020r\/","og_site_name":"Pako\u015b\u0107 \u2013 Kalwaria","article_author":"https:\/\/www.facebook.com\/KalwariaPakosc\/","article_published_time":"2020-05-04T13:00:52+00:00","article_modified_time":"2020-05-04T15:54:14+00:00","og_image":[{"width":350,"height":222,"url":"https:\/\/pakosc-kalwaria.franciszkanie.net\/wp-content\/uploads\/2020\/04\/Oredzie-pap-Franciszka-1.jpg","type":"image\/jpeg"}],"twitter_card":"summary","twitter_misc":{"Napisane przez":"pakosc-kalwaria","Szacowany czas czytania":"8 minut"},"schema":{"@context":"https:\/\/schema.org","@graph":[{"@type":"WebSite","@id":"https:\/\/pakosc-kalwaria.franciszkanie.net\/#website","url":"https:\/\/pakosc-kalwaria.franciszkanie.net\/","name":"Pako\u015b\u0107 \u2013 Kalwaria","description":"Parafia Rzymsko \u2013 Katolicka p.w. Pana Jezusa Ukrzy\u017cowanego i  Matki Bo\u017cej Bolesnej ul. Barci\u0144ska 60, 88\u2013170 Pako\u015b\u0107 \u2013 Kalwaria","potentialAction":[{"@type":"SearchAction","target":{"@type":"EntryPoint","urlTemplate":"https:\/\/pakosc-kalwaria.franciszkanie.net\/?s={search_term_string}"},"query-input":"required name=search_term_string"}],"inLanguage":"pl-PL"},{"@type":"ImageObject","@id":"https:\/\/pakosc-kalwaria.franciszkanie.net\/index.php\/2020\/05\/04\/oredzie-papieza-franciszka-na-swiatowy-dzien-modlitw-o-powolania-2020r\/#primaryimage","inLanguage":"pl-PL","url":"https:\/\/pakosc-kalwaria.franciszkanie.net\/wp-content\/uploads\/2020\/04\/Oredzie-pap-Franciszka-1.jpg","contentUrl":"https:\/\/pakosc-kalwaria.franciszkanie.net\/wp-content\/uploads\/2020\/04\/Oredzie-pap-Franciszka-1.jpg","width":350,"height":222},{"@type":"WebPage","@id":"https:\/\/pakosc-kalwaria.franciszkanie.net\/index.php\/2020\/05\/04\/oredzie-papieza-franciszka-na-swiatowy-dzien-modlitw-o-powolania-2020r\/#webpage","url":"https:\/\/pakosc-kalwaria.franciszkanie.net\/index.php\/2020\/05\/04\/oredzie-papieza-franciszka-na-swiatowy-dzien-modlitw-o-powolania-2020r\/","name":"Or\u0119dzie Papie\u017ca Franciszka na \u015awiatowy Dzie\u0144 Modlitw o Powo\u0142ania 2020r. - Pako\u015b\u0107 \u2013 Kalwaria","isPartOf":{"@id":"https:\/\/pakosc-kalwaria.franciszkanie.net\/#website"},"primaryImageOfPage":{"@id":"https:\/\/pakosc-kalwaria.franciszkanie.net\/index.php\/2020\/05\/04\/oredzie-papieza-franciszka-na-swiatowy-dzien-modlitw-o-powolania-2020r\/#primaryimage"},"datePublished":"2020-05-04T13:00:52+00:00","dateModified":"2020-05-04T15:54:14+00:00","author":{"@id":"https:\/\/pakosc-kalwaria.franciszkanie.net\/#\/schema\/person\/af10b943be0760709227d060eadcb2aa"},"breadcrumb":{"@id":"https:\/\/pakosc-kalwaria.franciszkanie.net\/index.php\/2020\/05\/04\/oredzie-papieza-franciszka-na-swiatowy-dzien-modlitw-o-powolania-2020r\/#breadcrumb"},"inLanguage":"pl-PL","potentialAction":[{"@type":"ReadAction","target":["https:\/\/pakosc-kalwaria.franciszkanie.net\/index.php\/2020\/05\/04\/oredzie-papieza-franciszka-na-swiatowy-dzien-modlitw-o-powolania-2020r\/"]}]},{"@type":"BreadcrumbList","@id":"https:\/\/pakosc-kalwaria.franciszkanie.net\/index.php\/2020\/05\/04\/oredzie-papieza-franciszka-na-swiatowy-dzien-modlitw-o-powolania-2020r\/#breadcrumb","itemListElement":[{"@type":"ListItem","position":1,"name":"Strona g\u0142\u00f3wna","item":"https:\/\/pakosc-kalwaria.franciszkanie.net\/"},{"@type":"ListItem","position":2,"name":"Or\u0119dzie Papie\u017ca Franciszka na \u015awiatowy Dzie\u0144 Modlitw o Powo\u0142ania 2020r."}]},{"@type":"Person","@id":"https:\/\/pakosc-kalwaria.franciszkanie.net\/#\/schema\/person\/af10b943be0760709227d060eadcb2aa","name":"pakosc-kalwaria","image":{"@type":"ImageObject","@id":"https:\/\/pakosc-kalwaria.franciszkanie.net\/#personlogo","inLanguage":"pl-PL","url":"https:\/\/secure.gravatar.com\/avatar\/e7049d338b55eac6a0027ff3218b8d02?s=96&d=mm&r=g","contentUrl":"https:\/\/secure.gravatar.com\/avatar\/e7049d338b55eac6a0027ff3218b8d02?s=96&d=mm&r=g","caption":"pakosc-kalwaria"},"sameAs":["https:\/\/www.facebook.com\/KalwariaPakosc\/"],"url":"https:\/\/pakosc-kalwaria.franciszkanie.net\/index.php\/author\/pakosc-kalwaria\/"}]}},"_links":{"self":[{"href":"https:\/\/pakosc-kalwaria.franciszkanie.net\/index.php\/wp-json\/wp\/v2\/posts\/13553"}],"collection":[{"href":"https:\/\/pakosc-kalwaria.franciszkanie.net\/index.php\/wp-json\/wp\/v2\/posts"}],"about":[{"href":"https:\/\/pakosc-kalwaria.franciszkanie.net\/index.php\/wp-json\/wp\/v2\/types\/post"}],"author":[{"embeddable":true,"href":"https:\/\/pakosc-kalwaria.franciszkanie.net\/index.php\/wp-json\/wp\/v2\/users\/2"}],"replies":[{"embeddable":true,"href":"https:\/\/pakosc-kalwaria.franciszkanie.net\/index.php\/wp-json\/wp\/v2\/comments?post=13553"}],"version-history":[{"count":2,"href":"https:\/\/pakosc-kalwaria.franciszkanie.net\/index.php\/wp-json\/wp\/v2\/posts\/13553\/revisions"}],"predecessor-version":[{"id":13681,"href":"https:\/\/pakosc-kalwaria.franciszkanie.net\/index.php\/wp-json\/wp\/v2\/posts\/13553\/revisions\/13681"}],"wp:featuredmedia":[{"embeddable":true,"href":"https:\/\/pakosc-kalwaria.franciszkanie.net\/index.php\/wp-json\/wp\/v2\/media\/13555"}],"wp:attachment":[{"href":"https:\/\/pakosc-kalwaria.franciszkanie.net\/index.php\/wp-json\/wp\/v2\/media?parent=13553"}],"wp:term":[{"taxonomy":"category","embeddable":true,"href":"https:\/\/pakosc-kalwaria.franciszkanie.net\/index.php\/wp-json\/wp\/v2\/categories?post=13553"},{"taxonomy":"post_tag","embeddable":true,"href":"https:\/\/pakosc-kalwaria.franciszkanie.net\/index.php\/wp-json\/wp\/v2\/tags?post=13553"}],"curies":[{"name":"wp","href":"https:\/\/api.w.org\/{rel}","templated":true}]}}