{"id":13557,"date":"2020-05-04T15:05:34","date_gmt":"2020-05-04T13:05:34","guid":{"rendered":"http:\/\/pakosc-kalwaria.franciszkanie.net\/?p=13557"},"modified":"2020-05-04T17:54:38","modified_gmt":"2020-05-04T15:54:38","slug":"list-prymasa-polski-z-okazji-swiatowego-dnia-modlitwy-o-powolania-2020r","status":"publish","type":"post","link":"https:\/\/pakosc-kalwaria.franciszkanie.net\/index.php\/2020\/05\/04\/list-prymasa-polski-z-okazji-swiatowego-dnia-modlitwy-o-powolania-2020r\/","title":{"rendered":"List Prymasa Polski z okazji \u015awiatowego Dnia Modlitwy o Powo\u0142ania 2020r."},"content":{"rendered":"<p><strong>List Prymasa Polski abp. Wojciecha Polaka <\/strong><strong>z okazji 57. \u015awiatowego Dnia Modlitwy o Powo\u0142ania<br \/>\n<\/strong><strong>Niedziela Dobrego Pasterza, 3 maja 2020 r.<\/strong><\/p>\n<p>Umi\u0142owani w Panu, Siostry i Bracia!<\/p>\n<p>Gdyby\u015bmy spogl\u0105dali wy\u0142\u0105cznie z ludzkiej perspektywy, musieliby\u015bmy powiedzie\u0107, \u017ce kolejn\u0105 ju\u017c niedziel\u0119 prze\u017cywamy w atmosferze niepewno\u015bci, bezradno\u015bci i obaw zwi\u0105zanych z trwaj\u0105c\u0105 epidemi\u0105. R\u00f3wnocze\u015bnie zmagamy si\u0119 z codziennymi wyzwaniami, kt\u00f3re przecie\u017c nie odesz\u0142y w cie\u0144. Przeciwnie, dla wielu z nas wr\u0119cz przybra\u0142y na sile. Tym mocniej wi\u0119c wybrzmiewa us\u0142yszana dzi\u015b zach\u0119ta, aby\u015bmy <em>z niewzruszon\u0105 pewno\u015bci\u0105<\/em> wierzyli, \u017ce Jezus Chrystus, ukrzy\u017cowany za nasze grzechy, pokona\u0142 \u015bmier\u0107 i uwalnia nas od ka\u017cdego l\u0119ku. W ca\u0142ym dzisiejszym zatroskaniu i smutku, po\u015br\u00f3d tak wielu obaw o zdrowie, o najbli\u017cszych i codzienny byt nie przestaje przecie\u017c dociera\u0107 do nas g\u0142os Dobrego Pasterza, kt\u00f3ry przyszed\u0142 po to, <em>aby owce mia\u0142y \u017cycie i mia\u0142y je w obfito\u015bci<\/em> (por. J 10,10). <em>Do tego bowiem jeste\u015bmy powo\u0142ani <\/em>\u2013 jak uczy liturgia s\u0142owa \u2013 <em>aby\u015bmy szli za Nim Jego \u015bladami<\/em> <em>\u00a0<\/em>(por. 1 P 2,20).<\/p>\n<p>Moi drodzy!<\/p>\n<p>S\u0142owo powo\u0142anie odzyskuje dzi\u015b swoje g\u0142\u0119bokie znaczenie. Czas epidemii w pewien spos\u00f3b odkry\u0142, kim naprawd\u0119 jeste\u015bmy. Pokaza\u0142 i na nowo u\u015bwiadomi\u0142 nam, kto i co faktycznie si\u0119 w \u017cyciu liczy. Pami\u0119ci\u0105 i modlitw\u0105 obejmuj\u0119 dzi\u015b wszystkich zmar\u0142ych na skutek zaka\u017cenia koronawirusem. Towarzysz\u0119 duchowo tym, kt\u00f3rzy ich op\u0142akuj\u0105. Modl\u0119 si\u0119 o \u017cycie i zdrowie dla chorych, o si\u0142\u0119 i nadziej\u0119 dla najbli\u017cszych. Jeszcze raz pragn\u0119 z serca podzi\u0119kowa\u0107 wszystkim pracownikom s\u0142u\u017cby zdrowia. Dzi\u0119kuj\u0119 wolontariuszom i tym, kt\u00f3rzy dobrowolnie s\u0142u\u017c\u0105 potrzebuj\u0105cym. Dzi\u0119kuj\u0119 ludziom, kt\u00f3rzy z racji wykonywanej pracy czy urz\u0119du umo\u017cliwiaj\u0105 nam wszystkim funkcjonowanie. Z wdzi\u0119czno\u015bci\u0105 my\u015bl\u0119 o ma\u0142\u017conkach i rodzicach, kt\u00f3rzy podj\u0119li wyzwanie odkrywania Bo\u017cej obecno\u015bci w domowym Ko\u015bciele i wzrastania w cierpliwej mi\u0142o\u015bci. Wszyscy te\u017c doceniamy tak wiele oddolnych inicjatyw, podejmowanych cz\u0119sto przez ludzi m\u0142odych, kt\u00f3rzy nios\u0105 pomoc i wparcie osobom starszym i samotnym. Jak niezast\u0105pieni okazuj\u0105 si\u0119 <em>ludzie z powo\u0142ania<\/em>!<\/p>\n<p>Osobne s\u0142owa wdzi\u0119czno\u015bci kieruj\u0119 do os\u00f3b konsekrowanych, kt\u00f3re przez modlitw\u0119 i bezinteresowny dar z siebie, we wsp\u00f3lnotach apostolskich i klauzurowych, szukaj\u0105 sposob\u00f3w, aby wsp\u00f3\u0142czesny cz\u0142owiek nie czu\u0142 si\u0119 osamotniony i odnalaz\u0142 drog\u0119 do Boga. Dzi\u0119kuj\u0119 m\u0142odym, kt\u00f3rzy w seminariach i formacji zakonnej, po\u015br\u00f3d panuj\u0105cych ogranicze\u0144, podejmuj\u0105 szczeg\u00f3ln\u0105 lekcj\u0119 prostoty ewangelicznej. Z ca\u0142ego serca dzi\u0119kuj\u0119 kap\u0142anom, kt\u00f3rzy w zupe\u0142nie nowej sytuacji duchowo jednocz\u0105 wiernych, b\u0119d\u0105c dla nich podpor\u0105 i udzielaj\u0105c konkretnej pomocy. Mia\u0142em ju\u017c okazj\u0119 przekaza\u0107 to \u00a0w osobistych s\u0142owach, ale chc\u0119 to r\u00f3wnie\u017c wypowiedzie\u0107 wobec ca\u0142ej naszej archidiecezjalnej rodziny. Dzi\u0119kuj\u0119 za to, \u017ce pomimo r\u00f3\u017cnych trudno\u015bci, jeste\u015bcie dobrymi pasterzami tej owczarni, z kt\u00f3r\u0105 cierpicie, kt\u00f3r\u0105 pocieszacie i kt\u00f3rej s\u0142u\u017cycie.<\/p>\n<p>S\u0142owami papie\u017ca Franciszka, kt\u00f3re s\u0105 mi szczeg\u00f3lnie bliskie, pragn\u0119 wszystkich was zapewni\u0107, \u017ce<em> znam wasze trudy, samotno\u015b\u0107, kt\u00f3ra czasem obci\u0105\u017ca serce, ryzyko rutyny, kt\u00f3ra powoli gasi \u017car powo\u0142ania, brzemi\u0119 niepewno\u015bci i niedostatku naszych czas\u00f3w, l\u0119k przed przysz\u0142o\u015bci\u0105. Odwagi, nie l\u0119kajcie si\u0119! Jezus jest obok nas i je\u015bli uznajemy Go za jedynego Pana naszego \u017cycia, On wyci\u0105ga ku nam r\u0119k\u0119 i chwyta nas, aby nas zbawi\u0107 <\/em>(por. Or\u0119dzie na 57. \u015awiatowy Dzie\u0144 Modlitw o Powo\u0142ania).<\/p>\n<p>Moi Kochani!<\/p>\n<p>Ojciec \u015awi\u0119ty przypomina nam, \u017ce <em>ka\u017cde powo\u0142anie rodzi si\u0119 z tego mi\u0142uj\u0105cego spojrzenia, z jakim Pan wyszed\u0142 nam na spotkanie, by\u0107 mo\u017ce w\u0142a\u015bnie w chwili, kiedy nasza \u0142\u00f3d\u017a by\u0142a ogarni\u0119ta burz\u0105<\/em>. Wiemy doskonale, <em>\u017ce fundamentalna decyzja \u017cyciowa \u2013 taka, jak zawarcie ma\u0142\u017ce\u0144stwa lub po\u015bwi\u0119cenie si\u0119 w spos\u00f3b szczeg\u00f3lny Jego s\u0142u\u017cbie \u2013 wymaga odwagi. On zna pytania, w\u0105tpliwo\u015bci i trudno\u015bci, kt\u00f3re wstrz\u0105saj\u0105 \u0142odzi\u0105 naszego serca, i dlatego zapewnia nas: \u201eNie b\u00f3j si\u0119, jestem z tob\u0105!\u201d. Wiara w Jego obecno\u015b\u0107, kt\u00f3ra wychodzi nam na spotkanie i nam towarzyszy, nawet gdy morze jest wzburzone, wyzwala nas ze znu\u017cenia, kt\u00f3re nas blokuje i nie pozwala nam zasmakowa\u0107 pi\u0119kna naszego powo\u0142ania <\/em>(por. Or\u0119dzie).<\/p>\n<p>Wszystkich, kt\u00f3rzy s\u0142ysz\u0105 Bo\u017ce wezwanie, w szczeg\u00f3lno\u015bci do kap\u0142a\u0144stwa, zach\u0119cam, aby zaufali g\u0142osowi Dobrego Pasterza i poszli za najg\u0142\u0119bszymi pragnieniami swego serca. Dzisiaj wyra\u017anie widzimy, jak bardzo potrzeba <em>kap\u0142an\u00f3w z powo\u0142ania<\/em>, kt\u00f3rzy niezale\u017cnie od panuj\u0105cych warunk\u00f3w, w\u0142asnym \u017cyciem wska\u017c\u0105 na Chrystusa, ukochaj\u0105 Ko\u015bci\u00f3\u0142 i stan\u0105 blisko cz\u0142owieka. Pomy\u015blcie prosz\u0119 o tym, gdy w czerwcu rozpocznie si\u0119 kolejny nab\u00f3r do naszego seminarium. Nie zapominajcie, \u017ce pomimo pokusy poprzestania na tym, co \u0142atwe, powierzchowne i przeci\u0119tne, <em>pomimo naszych s\u0142abo\u015bci i ub\u00f3stwa, wiara pozwala nam i\u015b\u0107 w kierunku Zmartwychwsta\u0142ego Pana i pokona\u0107 tak\u017ce burze. On rzeczywi\u015bcie wyci\u0105ga ku nam r\u0119k\u0119 i daje zapa\u0142 do prze\u017cywania naszego powo\u0142ania z rado\u015bci\u0105 i entuzjazmem <\/em>(por. Or\u0119dzie).<\/p>\n<p>Bardzo potrzebna jest dzi\u015b wytrwa\u0142a modlitwa o dar nowych powo\u0142a\u0144 i za powo\u0142anych. Pami\u0119tajmy o tym zar\u00f3wno w naszej wsp\u00f3lnotowej, jak i osobistej rozmowie z Bogiem. Wiele w tym wzgl\u0119dzie czyni\u0105 cz\u0142onkowie Stowarzyszenia Wspierania Powo\u0142a\u0144 Kap\u0142a\u0144skich. Dzi\u0119kuj\u0119 za ofiarowane przez Was cierpienie, wsparcie i modlitw\u0119, kt\u00f3rych owocem s\u0105 nowe pokolenia g\u0142osicieli s\u0142owa Bo\u017cego i szafarzy sakrament\u00f3w. Wsp\u00f3lnie powierzajmy Panu alumn\u00f3w Prymasowskiego Wy\u017cszego Seminarium Duchownego w Gnie\u017anie, kt\u00f3rzy stawiaj\u0105 kolejne kroki na drodze powo\u0142ania. Pro\u015bmy r\u00f3wnie\u017c o \u015bwi\u0119to\u015b\u0107 \u017cycia kap\u0142an\u00f3w i os\u00f3b konsekrowanych pos\u0142uguj\u0105cych w naszym \u015bwi\u0119towojciechowym Ko\u015bciele.<\/p>\n<p>Szczeg\u00f3ln\u0105 modlitw\u0105 obejmijmy 5 diakon\u00f3w \u2013 Adama, Jakuba, Marcina, Micha\u0142a i Ryszarda, kt\u00f3rzy 30 maja przyjm\u0105 \u015bwi\u0119cenia kap\u0142a\u0144skie. Ze wzgl\u0119du na obecn\u0105 sytuacj\u0119 tego dnia w katedrze towarzyszy\u0107 im b\u0119dzie jedynie najbli\u017csza rodzina i wsp\u00f3lnota seminaryjna, niemniej jako Ko\u015bci\u00f3\u0142 gnie\u017anie\u0144ski dajmy im odczu\u0107 nasz\u0105 duchow\u0105 blisko\u015b\u0107, a nast\u0119pnie przyjmijmy ich z otwarto\u015bci\u0105 we wsp\u00f3lnotach parafialnych, do kt\u00f3rych zostan\u0105 pos\u0142ani.<\/p>\n<p>Korzystaj\u0105c z okazji, wsp\u00f3lnie z wychowawcami i alumnami, wyra\u017cam wdzi\u0119czno\u015b\u0107 nie tylko za duchow\u0105, ale tak\u017ce za materialn\u0105 pomoc dla naszego seminarium. Utrzymuje si\u0119 ono niemal wy\u0142\u0105cznie z ofiar wiernych i kap\u0142an\u00f3w. Niech wi\u0119c Pan B\u00f3g hojnie wynagrodzi wszelkie przejawy waszej troski o powo\u0142ania.<\/p>\n<p>Drodzy Siostry i Bracia!<\/p>\n<p>Rozpocz\u0105\u0142 si\u0119 maryjny miesi\u0105c maj. W ko\u015bcio\u0142ach, przy przydro\u017cnych kapliczkach i krzy\u017cach, a tak\u017ce w naszych domach, b\u0119dziemy z ufno\u015bci\u0105 <em>ucieka\u0107 si\u0119 pod obron\u0119 \u015awi\u0119tej Bo\u017cej Rodzicielki<\/em>. B\u0119dziemy nadal b\u0142aga\u0107 o ustanie epidemii, ale tak\u017ce o deszcz, tak bardzo potrzeby, by nie zabrak\u0142o chleba naszego powszedniego, o kt\u00f3ry prosimy w codziennym pacierzu. Piel\u0119gnujmy w sobie wewn\u0119trzn\u0105 postaw\u0119 Naj\u015bwi\u0119tszej Maryi Panny. Ona, <em>wdzi\u0119czna za spojrzenie Boga, kt\u00f3re na Niej spocz\u0119\u0142o, oddaj\u0105c w wierze l\u0119ki i troski, odwa\u017cnie podejmuj\u0105c powo\u0142anie, uczyni\u0142a swoje \u017cycie wieczn\u0105 pie\u015bni\u0105 uwielbienia dla Pana (<\/em>por. Or\u0119dzie<em>)<\/em>. Prosz\u0105c o nowe powo\u0142ania, o\u017cywiajmy w sobie samych dar powo\u0142ania, jakim B\u00f3g nas obdarzy\u0142. Za wstawiennictwem Matki Bo\u017cej, kt\u00f3r\u0105 czcimy jako Kr\u00f3low\u0105 Polski, Uzdrowienie chorych i Wychowawczyni\u0119 powo\u0142a\u0144, pro\u015bmy o \u0142ask\u0119\u00a0 otwartego serca, kt\u00f3re b\u0119dzie m\u00f3wi\u0142o Bogu \u201etak\u201d. Prosz\u0119 Was tak\u017ce o modlitw\u0119 w intencji mojej pos\u0142ugi i z serca udzielam wszystkim pasterskiego b\u0142ogos\u0142awie\u0144stwa.<\/p>\n<p><em>\u2020 Wojciech Polak<br \/>\n<\/em>Arcybiskup Metropolita Gnie\u017anie\u0144ski<br \/>\nPrymas Polski<\/p>\n","protected":false},"excerpt":{"rendered":"<p>List Prymasa Polski abp. Wojciecha Polaka z okazji 57. \u015awiatowego Dnia Modlitwy o Powo\u0142ania Niedziela Dobrego Pasterza, 3 maja 2020 r. Umi\u0142owani w Panu, Siostry i Bracia! Gdyby\u015bmy spogl\u0105dali wy\u0142\u0105cznie z ludzkiej perspektywy, musieliby\u015bmy powiedzie\u0107, \u017ce kolejn\u0105 ju\u017c niedziel\u0119 prze\u017cywamy w atmosferze niepewno\u015bci, bezradno\u015bci i obaw zwi\u0105zanych z trwaj\u0105c\u0105 epidemi\u0105. R\u00f3wnocze\u015bnie zmagamy si\u0119 z codziennymi &hellip;<\/p>\n","protected":false},"author":2,"featured_media":13558,"comment_status":"closed","ping_status":"open","sticky":false,"template":"","format":"standard","meta":{"_mi_skip_tracking":false,"_exactmetrics_sitenote_active":false,"_exactmetrics_sitenote_note":"","_exactmetrics_sitenote_category":0},"categories":[7],"tags":[],"yoast_head":"<!-- This site is optimized with the Yoast SEO plugin v18.1 - https:\/\/yoast.com\/wordpress\/plugins\/seo\/ -->\n<title>List Prymasa Polski z okazji \u015awiatowego Dnia Modlitwy o Powo\u0142ania 2020r. - Pako\u015b\u0107 \u2013 Kalwaria<\/title>\n<meta name=\"robots\" content=\"index, follow, max-snippet:-1, max-image-preview:large, max-video-preview:-1\" \/>\n<link rel=\"canonical\" href=\"https:\/\/pakosc-kalwaria.franciszkanie.net\/index.php\/2020\/05\/04\/list-prymasa-polski-z-okazji-swiatowego-dnia-modlitwy-o-powolania-2020r\/\" \/>\n<meta property=\"og:locale\" content=\"pl_PL\" \/>\n<meta property=\"og:type\" content=\"article\" \/>\n<meta property=\"og:title\" content=\"List Prymasa Polski z okazji \u015awiatowego Dnia Modlitwy o Powo\u0142ania 2020r. - Pako\u015b\u0107 \u2013 Kalwaria\" \/>\n<meta property=\"og:description\" content=\"List Prymasa Polski abp. Wojciecha Polaka z okazji 57. \u015awiatowego Dnia Modlitwy o Powo\u0142ania Niedziela Dobrego Pasterza, 3 maja 2020 r. Umi\u0142owani w Panu, Siostry i Bracia! Gdyby\u015bmy spogl\u0105dali wy\u0142\u0105cznie z ludzkiej perspektywy, musieliby\u015bmy powiedzie\u0107, \u017ce kolejn\u0105 ju\u017c niedziel\u0119 prze\u017cywamy w atmosferze niepewno\u015bci, bezradno\u015bci i obaw zwi\u0105zanych z trwaj\u0105c\u0105 epidemi\u0105. R\u00f3wnocze\u015bnie zmagamy si\u0119 z codziennymi &hellip;\" \/>\n<meta property=\"og:url\" content=\"https:\/\/pakosc-kalwaria.franciszkanie.net\/index.php\/2020\/05\/04\/list-prymasa-polski-z-okazji-swiatowego-dnia-modlitwy-o-powolania-2020r\/\" \/>\n<meta property=\"og:site_name\" content=\"Pako\u015b\u0107 \u2013 Kalwaria\" \/>\n<meta property=\"article:author\" content=\"https:\/\/www.facebook.com\/KalwariaPakosc\/\" \/>\n<meta property=\"article:published_time\" content=\"2020-05-04T13:05:34+00:00\" \/>\n<meta property=\"article:modified_time\" content=\"2020-05-04T15:54:38+00:00\" \/>\n<meta property=\"og:image\" content=\"https:\/\/pakosc-kalwaria.franciszkanie.net\/wp-content\/uploads\/2020\/04\/herb_polak-1-1.jpg\" \/>\n\t<meta property=\"og:image:width\" content=\"200\" \/>\n\t<meta property=\"og:image:height\" content=\"218\" \/>\n\t<meta property=\"og:image:type\" content=\"image\/jpeg\" \/>\n<meta name=\"twitter:card\" content=\"summary\" \/>\n<meta name=\"twitter:label1\" content=\"Napisane przez\" \/>\n\t<meta name=\"twitter:data1\" content=\"pakosc-kalwaria\" \/>\n\t<meta name=\"twitter:label2\" content=\"Szacowany czas czytania\" \/>\n\t<meta name=\"twitter:data2\" content=\"7 minut\" \/>\n<script type=\"application\/ld+json\" class=\"yoast-schema-graph\">{\"@context\":\"https:\/\/schema.org\",\"@graph\":[{\"@type\":\"WebSite\",\"@id\":\"https:\/\/pakosc-kalwaria.franciszkanie.net\/#website\",\"url\":\"https:\/\/pakosc-kalwaria.franciszkanie.net\/\",\"name\":\"Pako\u015b\u0107 \u2013 Kalwaria\",\"description\":\"Parafia Rzymsko \u2013 Katolicka p.w. Pana Jezusa Ukrzy\u017cowanego i  Matki Bo\u017cej Bolesnej ul. Barci\u0144ska 60, 88\u2013170 Pako\u015b\u0107 \u2013 Kalwaria\",\"potentialAction\":[{\"@type\":\"SearchAction\",\"target\":{\"@type\":\"EntryPoint\",\"urlTemplate\":\"https:\/\/pakosc-kalwaria.franciszkanie.net\/?s={search_term_string}\"},\"query-input\":\"required name=search_term_string\"}],\"inLanguage\":\"pl-PL\"},{\"@type\":\"ImageObject\",\"@id\":\"https:\/\/pakosc-kalwaria.franciszkanie.net\/index.php\/2020\/05\/04\/list-prymasa-polski-z-okazji-swiatowego-dnia-modlitwy-o-powolania-2020r\/#primaryimage\",\"inLanguage\":\"pl-PL\",\"url\":\"https:\/\/pakosc-kalwaria.franciszkanie.net\/wp-content\/uploads\/2020\/04\/herb_polak-1-1.jpg\",\"contentUrl\":\"https:\/\/pakosc-kalwaria.franciszkanie.net\/wp-content\/uploads\/2020\/04\/herb_polak-1-1.jpg\",\"width\":200,\"height\":218},{\"@type\":\"WebPage\",\"@id\":\"https:\/\/pakosc-kalwaria.franciszkanie.net\/index.php\/2020\/05\/04\/list-prymasa-polski-z-okazji-swiatowego-dnia-modlitwy-o-powolania-2020r\/#webpage\",\"url\":\"https:\/\/pakosc-kalwaria.franciszkanie.net\/index.php\/2020\/05\/04\/list-prymasa-polski-z-okazji-swiatowego-dnia-modlitwy-o-powolania-2020r\/\",\"name\":\"List Prymasa Polski z okazji \u015awiatowego Dnia Modlitwy o Powo\u0142ania 2020r. - Pako\u015b\u0107 \u2013 Kalwaria\",\"isPartOf\":{\"@id\":\"https:\/\/pakosc-kalwaria.franciszkanie.net\/#website\"},\"primaryImageOfPage\":{\"@id\":\"https:\/\/pakosc-kalwaria.franciszkanie.net\/index.php\/2020\/05\/04\/list-prymasa-polski-z-okazji-swiatowego-dnia-modlitwy-o-powolania-2020r\/#primaryimage\"},\"datePublished\":\"2020-05-04T13:05:34+00:00\",\"dateModified\":\"2020-05-04T15:54:38+00:00\",\"author\":{\"@id\":\"https:\/\/pakosc-kalwaria.franciszkanie.net\/#\/schema\/person\/af10b943be0760709227d060eadcb2aa\"},\"breadcrumb\":{\"@id\":\"https:\/\/pakosc-kalwaria.franciszkanie.net\/index.php\/2020\/05\/04\/list-prymasa-polski-z-okazji-swiatowego-dnia-modlitwy-o-powolania-2020r\/#breadcrumb\"},\"inLanguage\":\"pl-PL\",\"potentialAction\":[{\"@type\":\"ReadAction\",\"target\":[\"https:\/\/pakosc-kalwaria.franciszkanie.net\/index.php\/2020\/05\/04\/list-prymasa-polski-z-okazji-swiatowego-dnia-modlitwy-o-powolania-2020r\/\"]}]},{\"@type\":\"BreadcrumbList\",\"@id\":\"https:\/\/pakosc-kalwaria.franciszkanie.net\/index.php\/2020\/05\/04\/list-prymasa-polski-z-okazji-swiatowego-dnia-modlitwy-o-powolania-2020r\/#breadcrumb\",\"itemListElement\":[{\"@type\":\"ListItem\",\"position\":1,\"name\":\"Strona g\u0142\u00f3wna\",\"item\":\"https:\/\/pakosc-kalwaria.franciszkanie.net\/\"},{\"@type\":\"ListItem\",\"position\":2,\"name\":\"List Prymasa Polski z okazji \u015awiatowego Dnia Modlitwy o Powo\u0142ania 2020r.\"}]},{\"@type\":\"Person\",\"@id\":\"https:\/\/pakosc-kalwaria.franciszkanie.net\/#\/schema\/person\/af10b943be0760709227d060eadcb2aa\",\"name\":\"pakosc-kalwaria\",\"image\":{\"@type\":\"ImageObject\",\"@id\":\"https:\/\/pakosc-kalwaria.franciszkanie.net\/#personlogo\",\"inLanguage\":\"pl-PL\",\"url\":\"https:\/\/secure.gravatar.com\/avatar\/e7049d338b55eac6a0027ff3218b8d02?s=96&d=mm&r=g\",\"contentUrl\":\"https:\/\/secure.gravatar.com\/avatar\/e7049d338b55eac6a0027ff3218b8d02?s=96&d=mm&r=g\",\"caption\":\"pakosc-kalwaria\"},\"sameAs\":[\"https:\/\/www.facebook.com\/KalwariaPakosc\/\"],\"url\":\"https:\/\/pakosc-kalwaria.franciszkanie.net\/index.php\/author\/pakosc-kalwaria\/\"}]}<\/script>\n<!-- \/ Yoast SEO plugin. -->","yoast_head_json":{"title":"List Prymasa Polski z okazji \u015awiatowego Dnia Modlitwy o Powo\u0142ania 2020r. - Pako\u015b\u0107 \u2013 Kalwaria","robots":{"index":"index","follow":"follow","max-snippet":"max-snippet:-1","max-image-preview":"max-image-preview:large","max-video-preview":"max-video-preview:-1"},"canonical":"https:\/\/pakosc-kalwaria.franciszkanie.net\/index.php\/2020\/05\/04\/list-prymasa-polski-z-okazji-swiatowego-dnia-modlitwy-o-powolania-2020r\/","og_locale":"pl_PL","og_type":"article","og_title":"List Prymasa Polski z okazji \u015awiatowego Dnia Modlitwy o Powo\u0142ania 2020r. - Pako\u015b\u0107 \u2013 Kalwaria","og_description":"List Prymasa Polski abp. Wojciecha Polaka z okazji 57. \u015awiatowego Dnia Modlitwy o Powo\u0142ania Niedziela Dobrego Pasterza, 3 maja 2020 r. Umi\u0142owani w Panu, Siostry i Bracia! Gdyby\u015bmy spogl\u0105dali wy\u0142\u0105cznie z ludzkiej perspektywy, musieliby\u015bmy powiedzie\u0107, \u017ce kolejn\u0105 ju\u017c niedziel\u0119 prze\u017cywamy w atmosferze niepewno\u015bci, bezradno\u015bci i obaw zwi\u0105zanych z trwaj\u0105c\u0105 epidemi\u0105. R\u00f3wnocze\u015bnie zmagamy si\u0119 z codziennymi &hellip;","og_url":"https:\/\/pakosc-kalwaria.franciszkanie.net\/index.php\/2020\/05\/04\/list-prymasa-polski-z-okazji-swiatowego-dnia-modlitwy-o-powolania-2020r\/","og_site_name":"Pako\u015b\u0107 \u2013 Kalwaria","article_author":"https:\/\/www.facebook.com\/KalwariaPakosc\/","article_published_time":"2020-05-04T13:05:34+00:00","article_modified_time":"2020-05-04T15:54:38+00:00","og_image":[{"width":200,"height":218,"url":"https:\/\/pakosc-kalwaria.franciszkanie.net\/wp-content\/uploads\/2020\/04\/herb_polak-1-1.jpg","type":"image\/jpeg"}],"twitter_card":"summary","twitter_misc":{"Napisane przez":"pakosc-kalwaria","Szacowany czas czytania":"7 minut"},"schema":{"@context":"https:\/\/schema.org","@graph":[{"@type":"WebSite","@id":"https:\/\/pakosc-kalwaria.franciszkanie.net\/#website","url":"https:\/\/pakosc-kalwaria.franciszkanie.net\/","name":"Pako\u015b\u0107 \u2013 Kalwaria","description":"Parafia Rzymsko \u2013 Katolicka p.w. Pana Jezusa Ukrzy\u017cowanego i  Matki Bo\u017cej Bolesnej ul. Barci\u0144ska 60, 88\u2013170 Pako\u015b\u0107 \u2013 Kalwaria","potentialAction":[{"@type":"SearchAction","target":{"@type":"EntryPoint","urlTemplate":"https:\/\/pakosc-kalwaria.franciszkanie.net\/?s={search_term_string}"},"query-input":"required name=search_term_string"}],"inLanguage":"pl-PL"},{"@type":"ImageObject","@id":"https:\/\/pakosc-kalwaria.franciszkanie.net\/index.php\/2020\/05\/04\/list-prymasa-polski-z-okazji-swiatowego-dnia-modlitwy-o-powolania-2020r\/#primaryimage","inLanguage":"pl-PL","url":"https:\/\/pakosc-kalwaria.franciszkanie.net\/wp-content\/uploads\/2020\/04\/herb_polak-1-1.jpg","contentUrl":"https:\/\/pakosc-kalwaria.franciszkanie.net\/wp-content\/uploads\/2020\/04\/herb_polak-1-1.jpg","width":200,"height":218},{"@type":"WebPage","@id":"https:\/\/pakosc-kalwaria.franciszkanie.net\/index.php\/2020\/05\/04\/list-prymasa-polski-z-okazji-swiatowego-dnia-modlitwy-o-powolania-2020r\/#webpage","url":"https:\/\/pakosc-kalwaria.franciszkanie.net\/index.php\/2020\/05\/04\/list-prymasa-polski-z-okazji-swiatowego-dnia-modlitwy-o-powolania-2020r\/","name":"List Prymasa Polski z okazji \u015awiatowego Dnia Modlitwy o Powo\u0142ania 2020r. - Pako\u015b\u0107 \u2013 Kalwaria","isPartOf":{"@id":"https:\/\/pakosc-kalwaria.franciszkanie.net\/#website"},"primaryImageOfPage":{"@id":"https:\/\/pakosc-kalwaria.franciszkanie.net\/index.php\/2020\/05\/04\/list-prymasa-polski-z-okazji-swiatowego-dnia-modlitwy-o-powolania-2020r\/#primaryimage"},"datePublished":"2020-05-04T13:05:34+00:00","dateModified":"2020-05-04T15:54:38+00:00","author":{"@id":"https:\/\/pakosc-kalwaria.franciszkanie.net\/#\/schema\/person\/af10b943be0760709227d060eadcb2aa"},"breadcrumb":{"@id":"https:\/\/pakosc-kalwaria.franciszkanie.net\/index.php\/2020\/05\/04\/list-prymasa-polski-z-okazji-swiatowego-dnia-modlitwy-o-powolania-2020r\/#breadcrumb"},"inLanguage":"pl-PL","potentialAction":[{"@type":"ReadAction","target":["https:\/\/pakosc-kalwaria.franciszkanie.net\/index.php\/2020\/05\/04\/list-prymasa-polski-z-okazji-swiatowego-dnia-modlitwy-o-powolania-2020r\/"]}]},{"@type":"BreadcrumbList","@id":"https:\/\/pakosc-kalwaria.franciszkanie.net\/index.php\/2020\/05\/04\/list-prymasa-polski-z-okazji-swiatowego-dnia-modlitwy-o-powolania-2020r\/#breadcrumb","itemListElement":[{"@type":"ListItem","position":1,"name":"Strona g\u0142\u00f3wna","item":"https:\/\/pakosc-kalwaria.franciszkanie.net\/"},{"@type":"ListItem","position":2,"name":"List Prymasa Polski z okazji \u015awiatowego Dnia Modlitwy o Powo\u0142ania 2020r."}]},{"@type":"Person","@id":"https:\/\/pakosc-kalwaria.franciszkanie.net\/#\/schema\/person\/af10b943be0760709227d060eadcb2aa","name":"pakosc-kalwaria","image":{"@type":"ImageObject","@id":"https:\/\/pakosc-kalwaria.franciszkanie.net\/#personlogo","inLanguage":"pl-PL","url":"https:\/\/secure.gravatar.com\/avatar\/e7049d338b55eac6a0027ff3218b8d02?s=96&d=mm&r=g","contentUrl":"https:\/\/secure.gravatar.com\/avatar\/e7049d338b55eac6a0027ff3218b8d02?s=96&d=mm&r=g","caption":"pakosc-kalwaria"},"sameAs":["https:\/\/www.facebook.com\/KalwariaPakosc\/"],"url":"https:\/\/pakosc-kalwaria.franciszkanie.net\/index.php\/author\/pakosc-kalwaria\/"}]}},"_links":{"self":[{"href":"https:\/\/pakosc-kalwaria.franciszkanie.net\/index.php\/wp-json\/wp\/v2\/posts\/13557"}],"collection":[{"href":"https:\/\/pakosc-kalwaria.franciszkanie.net\/index.php\/wp-json\/wp\/v2\/posts"}],"about":[{"href":"https:\/\/pakosc-kalwaria.franciszkanie.net\/index.php\/wp-json\/wp\/v2\/types\/post"}],"author":[{"embeddable":true,"href":"https:\/\/pakosc-kalwaria.franciszkanie.net\/index.php\/wp-json\/wp\/v2\/users\/2"}],"replies":[{"embeddable":true,"href":"https:\/\/pakosc-kalwaria.franciszkanie.net\/index.php\/wp-json\/wp\/v2\/comments?post=13557"}],"version-history":[{"count":1,"href":"https:\/\/pakosc-kalwaria.franciszkanie.net\/index.php\/wp-json\/wp\/v2\/posts\/13557\/revisions"}],"predecessor-version":[{"id":13559,"href":"https:\/\/pakosc-kalwaria.franciszkanie.net\/index.php\/wp-json\/wp\/v2\/posts\/13557\/revisions\/13559"}],"wp:featuredmedia":[{"embeddable":true,"href":"https:\/\/pakosc-kalwaria.franciszkanie.net\/index.php\/wp-json\/wp\/v2\/media\/13558"}],"wp:attachment":[{"href":"https:\/\/pakosc-kalwaria.franciszkanie.net\/index.php\/wp-json\/wp\/v2\/media?parent=13557"}],"wp:term":[{"taxonomy":"category","embeddable":true,"href":"https:\/\/pakosc-kalwaria.franciszkanie.net\/index.php\/wp-json\/wp\/v2\/categories?post=13557"},{"taxonomy":"post_tag","embeddable":true,"href":"https:\/\/pakosc-kalwaria.franciszkanie.net\/index.php\/wp-json\/wp\/v2\/tags?post=13557"}],"curies":[{"name":"wp","href":"https:\/\/api.w.org\/{rel}","templated":true}]}}