{"id":13574,"date":"2020-05-02T09:05:18","date_gmt":"2020-05-02T07:05:18","guid":{"rendered":"http:\/\/pakosc-kalwaria.franciszkanie.net\/?p=13574"},"modified":"2020-05-04T17:53:27","modified_gmt":"2020-05-04T15:53:27","slug":"ogloszenia-duszpasterskie-iv-niedziela-wielkanocy-2","status":"publish","type":"post","link":"https:\/\/pakosc-kalwaria.franciszkanie.net\/index.php\/2020\/05\/02\/ogloszenia-duszpasterskie-iv-niedziela-wielkanocy-2\/","title":{"rendered":"Og\u0142oszenia duszpasterskie &#8211; IV Niedziela Wielkanocy"},"content":{"rendered":"<p><strong>Przypominamy, \u017ce od poniedzia\u0142ku 20 kwietnia br. w naszym kalwaryjskim ko\u015bciele podczas Mszy \u015bw. i nabo\u017ce\u0144stw, opr\u00f3cz os\u00f3b sprawuj\u0105cych pos\u0142ug\u0119, mo\u017ce przebywa\u0107 <span style=\"color: #ff0000;\">maksymalnie 10 os\u00f3b<\/span> (zgodniez rozporz\u0105dzeniem z dn. 16 kwietnia br. &#8211; 1 osoba na 15m<sup>2<\/sup>). Nale\u017cy mie\u0107 zakryte usta i nos (opr\u00f3cz celebrans\u00f3w sprawuj\u0105cych Msze \u015bw.) oraz zachowa\u0107 w ko\u015bciele mi\u0119dzy sob\u0105 odst\u0119p minimum 2 metr\u00f3w. Do ko\u015bcio\u0142a wchodzimy g\u0142\u00f3wnym wej\u015bciem. Dzi\u0119kujemy za dostosowanie si\u0119 do tego rozporz\u0105dzenia.<br \/>\n<span style=\"color: #ff0000;\">Msze \u015bw.<\/span> w niedziele o 9.00 i 11.00, w tygodniu o 17.00. <span style=\"color: #ff0000;\">Okazja do Spowiedzi \u015bw.<\/span> p\u00f3\u0142 godziny przed Msz\u0105 \u015bw. W kalwaryjskim Sanktuarium mo\u017cna si\u0119 modli\u0107 indywidualnie. <span style=\"color: #ff0000;\">Ko\u015bci\u00f3\u0142 jest otwarty od 9.00 &#8211; 18.00.\u00a0\u00a0\u00a0\u00a0<\/span><\/strong><\/p>\n<p><strong>Przypominamy, \u017ce Arcybiskup Gnie\u017anie\u0144ski Wojciech Polak wyda\u0142 w Archidiecezji Gnie\u017anie\u0144skiej dla wszystkich <span style=\"color: #ff0000;\">dyspens\u0119 od obowi\u0105zku uczestnictwa we Mszy \u015bw. niedzielnej <\/span><\/strong><br \/>\n<strong><span style=\"color: #ff0000;\">i \u015bwi\u0105tecznej a\u017c do odwo\u0142ania!<\/span> Pozostaj\u0105cych w domach prosimy o duchow\u0105 \u0142\u0105czno\u015b\u0107 ze wsp\u00f3lnot\u0105 Ko\u015bcio\u0142a za po\u015brednictwem transmisji Mszy \u015bw. i nabo\u017ce\u0144stw w \u015brodkach spo\u0142ecznego przekazu (telewizja, radio, internet).<\/strong><\/p>\n<p><strong>Zach\u0119camy do modlitwy w Waszych domach i\u00a0 rodzinach, szczeg\u00f3lnie <span style=\"color: #ff0000;\">o 20.30 odmawiaj\u0105c R\u00f3\u017caniec<\/span><\/strong><span style=\"color: #ff0000;\"> <strong>\u015bw.<\/strong><\/span><strong> o zahamowanie i opanowanie epidemii koronawirusa, w intencji chorych, s\u0142u\u017cb medycznych, sanitarnych i pa\u0144stwowych, o wynalezienie szczepionki, za zmar\u0142ych w wyniku epidemii. M\u00f3dlmy si\u0119 o wiar\u0119, nadziej\u0119, mi\u0142o\u015b\u0107 oraz o pok\u00f3j serca i \u0142ask\u0119 nawr\u00f3cenia.<\/strong><\/p>\n<p><strong><span style=\"color: #ff0000;\">Codziennie odprawiamy nabo\u017ce\u0144stwa majowe ku czci Matki Bo\u017cej:<\/span> w tygodniu o 16.30, w niedziele o 10.30. Zach\u0119camy dzieci, m\u0142odzie\u017c i doros\u0142ych do gorliwej modlitwy tak\u017ce w domach.<\/strong><\/p>\n<p><strong><span style=\"color: #ff0000;\"><em><u>W niedziel\u0119 <\/u><\/em><em><u>\u00a0(03.05.)<\/u><\/em> <\/span>\u2013 przypada Niedziela Dobrego Pasterza i rozpoczyna si\u0119 Tydzie\u0144 Modlitw o Powo\u0142ania do kap\u0142a\u0144stwa i \u017cycia konsekrowanego.<\/strong><\/p>\n<p><span style=\"color: #0000ff;\"><strong><em><u>W poniedzia\u0142ek<\/u><\/em><\/strong><strong><em><u> (04.05.)<\/u><\/em><\/strong> <\/span><strong>\u2013 wspomnienie \u015bw. Floriana, m\u0119czennika, patrona stra\u017cak\u00f3w.<\/strong><\/p>\n<p><span style=\"color: #ff0000;\"><strong><em><u>W \u015brod\u0119 <\/u><\/em><\/strong><strong><em><u>\u00a0(06.05.)<\/u><\/em><\/strong><strong> \u2013 \u015bwi\u0119to <\/strong><\/span><strong>\u015awi\u0119tych Aposto\u0142\u00f3w Filipa i Jakuba.<\/strong><\/p>\n<p><span style=\"color: #ff0000;\"><strong><em><u>W pierwszy czwartek (07.05.)<\/u><\/em><\/strong> <strong>\u2013 o<\/strong><\/span><strong><span style=\"color: #ff0000;\"> 17.00 Msza \u015bw.<\/span> o nowe powo\u0142ania kap\u0142a\u0144skie zakonne oraz w intencji ministrant\u00f3w i ich Rodzin. <span style=\"color: #ff0000;\">Od 19.00 \u2013 20.00 adoracja<\/span> Naj\u015bwi\u0119tszego Sakramentu (w naszym ko\u015bciele mo\u017ce uczestniczy\u0107 10 os\u00f3b).<br \/>\nW czwartek we Wronkach o 13.00 <span style=\"color: #ff0000;\">\u015bwi\u0119cenia kap\u0142a\u0144skie dw\u00f3ch naszych Wsp\u00f3\u0142braci.<\/span> Prosimy o modlitw\u0119 w ich intencji.<\/strong><\/p>\n<p><strong><span style=\"color: #ff0000;\"><em><u>W pi\u0105tek (08.05.)<\/u><\/em> \u2013\u00a0 uroczysto\u015b\u0107 \u015bw. Stanis\u0142awa, biskupa i m\u0119czennika, g\u0142\u00f3wnego patrona Polski<\/span>.<\/strong><br \/>\n<strong><span style=\"color: #ff0000;\">O 17.00 Msza \u015bw.<\/span> w intencjach zbiorowych do Bo\u017cego Mi\u0142osierdzia. Intencje mo\u017cna sk\u0142ada\u0107 do skarbonki pod ch\u00f3rem lub w zakrystii.<\/strong><\/p>\n<p><span style=\"color: #ff0000;\"><strong><em><u>W przysz\u0142\u0105 niedziel\u0119 (10.05.)<\/u><\/em> <\/strong><\/span><strong><span style=\"color: #ff0000;\">\u00a0&#8211;\u00a0 na Kalwarii Pakoskiej Odpust ku czci Znalezienia Krzy\u017ca \u015awi\u0119tego.<\/span><br \/>\nUroczysto\u015bci ze wzgl\u0119du na epidemi\u0119 ogranicz\u0105 si\u0119 do Mszy \u015bw. sprawowanych w pakoskich ko\u015bcio\u0142ach. Po ka\u017cdej\u00a0 Mszy \u015bw. wsp\u00f3lne uczczenie Relikwii Krzy\u017ca \u015awi\u0119tego.<br \/>\n<span style=\"color: #ff0000;\">Msze \u015bw. w kalwaryjskim ko\u015bciele o 9.00 oraz o 11.00 Suma Odpustowa za Parafian i Dobrodziej\u00f3w<\/span> ( w ko\u015bciele mo\u017ce uczestniczy\u0107 10 os\u00f3b)<br \/>\nNie b\u0119dzie uroczystej Sumy Odpustowej o 12.00 przy o\u0142tarzu polowym oraz Franciszka\u0144skiej Biesiady.<\/strong><\/p>\n<p><strong>Zwracamy si\u0119 <span style=\"color: #ff0000;\">z pro\u015bb\u0105 o przekazanie 1% podatku na rzecz Fundacji \u201eKalwaria Pakoska\u201d,<\/span> na dalsz\u0105 renowacj\u0119 i promocj\u0119 naszej Kalwarii &#8211; KRS 0000282780.<\/strong><\/p>\n<p><strong><span style=\"color: #ff0000;\">W naszej Parafii, ze wzgl\u0119du na panuj\u0105c\u0105 epidemi\u0119:\u00a0\u00a0\u00a0\u00a0\u00a0\u00a0<\/span><\/strong><br \/>\n<strong>&#8211; nie odb\u0119dzie si\u0119 w sobot\u0119 16 maja uroczysto\u015b\u0107 Pierwszej Komunii \u015bw. Nowa data zostanie ustalona z rodzicami w p\u00f3\u017aniejszym terminie, po powrocie dzieci do szk\u00f3\u0142.<\/strong><br \/>\n<strong>&#8211; nie odb\u0119dzie si\u0119 w niedziel\u0119 24 maja uroczysto\u015b\u0107 Rocznicy Pierwszej Komunii\u00a0 \u015bwi\u0119tej.<\/strong><br \/>\n<strong>&#8211; nie odb\u0119dzie si\u0119 w sobot\u0119 23 maja uroczysto\u015b\u0107 udzielania Sakramentu Bierzmowania w ko\u015bciele \u015bw. Bonawentury. Nowa data zostanie ustalona w p\u00f3\u017aniejszym terminie z Ks. Biskupem, po powrocie m\u0142odzie\u017cy do szk\u00f3\u0142.<\/strong><\/p>\n<p><strong>Pod ch\u00f3rem do nabycia czasopisma: Przewodnik Katolicki, R\u00f3\u017caniec i Ma\u0142y Go\u015b\u0107 Niedzielny.<\/strong><\/p>\n<p><strong>Dzi\u0119kujemy za Wasze modlitwy, za Wasz\u0105 \u017cyczliwo\u015b\u0107 i duchowe wsparcie. Dzi\u0119kujemy tak\u017ce za ka\u017cde Wasze materialne wsparcie, poprzez ofiary z\u0142o\u017cone osobi\u015bcie w kalwaryjskim klasztorze, do skarbonki w ko\u015bciele czy te\u017c wp\u0142acone na konto bankowe naszej kalwaryjskiej Parafii.<\/strong><\/p>\n<p><strong>To wszystko co przed nami zawierzajmy nadal z wiar\u0105 w modlitwie Bo\u017cemu Mi\u0142osierdziu, Jezusowi Ukrzy\u017cowanemu i Matce Bo\u017cej Bolesnej oraz dzi\u0119kujmy za wszystkie \u0142aski jakie od Mi\u0142osiernego Boga przez wstawiennictwo Matki Bo\u017cej codziennie otrzymujemy!<\/strong><\/p>\n<p><strong>Niech majowa gorliwa modlitwa do Matki Bo\u017cej b\u0119dzie dla nas wszystkich, dla naszych Rodzin i Parafii, \u017ar\u00f3d\u0142em wszelkich \u0142ask potrzebnych w codziennym \u017cyciu, tak\u017ce w walce z epidemi\u0105 i jej skutkami oraz daje si\u0142\u0119 do wzajemnej mi\u0142o\u015bci, dobroci i \u017cyczliwo\u015bci.<\/strong><\/p>\n<p><strong>Niech Dobry B\u00f3g Wam i waszym Rodzinom obficie b\u0142ogos\u0142awi, a Matka Naj\u015bwi\u0119tsza otacza swoj\u0105 przemo\u017cn\u0105 opiek\u0105.<\/strong><\/p>\n<p><strong>Z darem modlitwy Bracia Mniejsi Franciszkanie z Pako\u015bci \u2013 Kalwarii\u00a0\u00a0\u00a0 \u00a0\u00a0\u00a0\u00a0\u00a0\u00a0\u00a0\u00a0\u00a0\u00a0\u00a0 <\/strong><\/p>\n","protected":false},"excerpt":{"rendered":"<p>Przypominamy, \u017ce od poniedzia\u0142ku 20 kwietnia br. w naszym kalwaryjskim ko\u015bciele podczas Mszy \u015bw. i nabo\u017ce\u0144stw, opr\u00f3cz os\u00f3b sprawuj\u0105cych pos\u0142ug\u0119, mo\u017ce przebywa\u0107 maksymalnie 10 os\u00f3b (zgodniez rozporz\u0105dzeniem z dn. 16 kwietnia br. &#8211; 1 osoba na 15m2). Nale\u017cy mie\u0107 zakryte usta i nos (opr\u00f3cz celebrans\u00f3w sprawuj\u0105cych Msze \u015bw.) oraz zachowa\u0107 w ko\u015bciele mi\u0119dzy sob\u0105 odst\u0119p &hellip;<\/p>\n","protected":false},"author":2,"featured_media":13575,"comment_status":"closed","ping_status":"open","sticky":false,"template":"","format":"standard","meta":{"_mi_skip_tracking":false,"_exactmetrics_sitenote_active":false,"_exactmetrics_sitenote_note":"","_exactmetrics_sitenote_category":0},"categories":[5],"tags":[],"yoast_head":"<!-- This site is optimized with the Yoast SEO plugin v18.1 - https:\/\/yoast.com\/wordpress\/plugins\/seo\/ -->\n<title>Og\u0142oszenia duszpasterskie - IV Niedziela Wielkanocy - Pako\u015b\u0107 \u2013 Kalwaria<\/title>\n<meta name=\"robots\" content=\"index, follow, max-snippet:-1, max-image-preview:large, max-video-preview:-1\" \/>\n<link rel=\"canonical\" href=\"https:\/\/pakosc-kalwaria.franciszkanie.net\/index.php\/2020\/05\/02\/ogloszenia-duszpasterskie-iv-niedziela-wielkanocy-2\/\" \/>\n<meta property=\"og:locale\" content=\"pl_PL\" \/>\n<meta property=\"og:type\" content=\"article\" \/>\n<meta property=\"og:title\" content=\"Og\u0142oszenia duszpasterskie - IV Niedziela Wielkanocy - Pako\u015b\u0107 \u2013 Kalwaria\" \/>\n<meta property=\"og:description\" content=\"Przypominamy, \u017ce od poniedzia\u0142ku 20 kwietnia br. w naszym kalwaryjskim ko\u015bciele podczas Mszy \u015bw. i nabo\u017ce\u0144stw, opr\u00f3cz os\u00f3b sprawuj\u0105cych pos\u0142ug\u0119, mo\u017ce przebywa\u0107 maksymalnie 10 os\u00f3b (zgodniez rozporz\u0105dzeniem z dn. 16 kwietnia br. &#8211; 1 osoba na 15m2). Nale\u017cy mie\u0107 zakryte usta i nos (opr\u00f3cz celebrans\u00f3w sprawuj\u0105cych Msze \u015bw.) oraz zachowa\u0107 w ko\u015bciele mi\u0119dzy sob\u0105 odst\u0119p &hellip;\" \/>\n<meta property=\"og:url\" content=\"https:\/\/pakosc-kalwaria.franciszkanie.net\/index.php\/2020\/05\/02\/ogloszenia-duszpasterskie-iv-niedziela-wielkanocy-2\/\" \/>\n<meta property=\"og:site_name\" content=\"Pako\u015b\u0107 \u2013 Kalwaria\" \/>\n<meta property=\"article:author\" content=\"https:\/\/www.facebook.com\/KalwariaPakosc\/\" \/>\n<meta property=\"article:published_time\" content=\"2020-05-02T07:05:18+00:00\" \/>\n<meta property=\"article:modified_time\" content=\"2020-05-04T15:53:27+00:00\" \/>\n<meta property=\"og:image\" content=\"https:\/\/pakosc-kalwaria.franciszkanie.net\/wp-content\/uploads\/2020\/04\/346169_3-2.jpg\" \/>\n\t<meta property=\"og:image:width\" content=\"300\" \/>\n\t<meta property=\"og:image:height\" content=\"240\" \/>\n\t<meta property=\"og:image:type\" content=\"image\/jpeg\" \/>\n<meta name=\"twitter:card\" content=\"summary\" \/>\n<meta name=\"twitter:label1\" content=\"Napisane przez\" \/>\n\t<meta name=\"twitter:data1\" content=\"pakosc-kalwaria\" \/>\n\t<meta name=\"twitter:label2\" content=\"Szacowany czas czytania\" \/>\n\t<meta name=\"twitter:data2\" content=\"4 minuty\" \/>\n<script type=\"application\/ld+json\" class=\"yoast-schema-graph\">{\"@context\":\"https:\/\/schema.org\",\"@graph\":[{\"@type\":\"WebSite\",\"@id\":\"https:\/\/pakosc-kalwaria.franciszkanie.net\/#website\",\"url\":\"https:\/\/pakosc-kalwaria.franciszkanie.net\/\",\"name\":\"Pako\u015b\u0107 \u2013 Kalwaria\",\"description\":\"Parafia Rzymsko \u2013 Katolicka p.w. Pana Jezusa Ukrzy\u017cowanego i  Matki Bo\u017cej Bolesnej ul. Barci\u0144ska 60, 88\u2013170 Pako\u015b\u0107 \u2013 Kalwaria\",\"potentialAction\":[{\"@type\":\"SearchAction\",\"target\":{\"@type\":\"EntryPoint\",\"urlTemplate\":\"https:\/\/pakosc-kalwaria.franciszkanie.net\/?s={search_term_string}\"},\"query-input\":\"required name=search_term_string\"}],\"inLanguage\":\"pl-PL\"},{\"@type\":\"ImageObject\",\"@id\":\"https:\/\/pakosc-kalwaria.franciszkanie.net\/index.php\/2020\/05\/02\/ogloszenia-duszpasterskie-iv-niedziela-wielkanocy-2\/#primaryimage\",\"inLanguage\":\"pl-PL\",\"url\":\"https:\/\/pakosc-kalwaria.franciszkanie.net\/wp-content\/uploads\/2020\/04\/346169_3-2.jpg\",\"contentUrl\":\"https:\/\/pakosc-kalwaria.franciszkanie.net\/wp-content\/uploads\/2020\/04\/346169_3-2.jpg\",\"width\":300,\"height\":240},{\"@type\":\"WebPage\",\"@id\":\"https:\/\/pakosc-kalwaria.franciszkanie.net\/index.php\/2020\/05\/02\/ogloszenia-duszpasterskie-iv-niedziela-wielkanocy-2\/#webpage\",\"url\":\"https:\/\/pakosc-kalwaria.franciszkanie.net\/index.php\/2020\/05\/02\/ogloszenia-duszpasterskie-iv-niedziela-wielkanocy-2\/\",\"name\":\"Og\u0142oszenia duszpasterskie - IV Niedziela Wielkanocy - Pako\u015b\u0107 \u2013 Kalwaria\",\"isPartOf\":{\"@id\":\"https:\/\/pakosc-kalwaria.franciszkanie.net\/#website\"},\"primaryImageOfPage\":{\"@id\":\"https:\/\/pakosc-kalwaria.franciszkanie.net\/index.php\/2020\/05\/02\/ogloszenia-duszpasterskie-iv-niedziela-wielkanocy-2\/#primaryimage\"},\"datePublished\":\"2020-05-02T07:05:18+00:00\",\"dateModified\":\"2020-05-04T15:53:27+00:00\",\"author\":{\"@id\":\"https:\/\/pakosc-kalwaria.franciszkanie.net\/#\/schema\/person\/af10b943be0760709227d060eadcb2aa\"},\"breadcrumb\":{\"@id\":\"https:\/\/pakosc-kalwaria.franciszkanie.net\/index.php\/2020\/05\/02\/ogloszenia-duszpasterskie-iv-niedziela-wielkanocy-2\/#breadcrumb\"},\"inLanguage\":\"pl-PL\",\"potentialAction\":[{\"@type\":\"ReadAction\",\"target\":[\"https:\/\/pakosc-kalwaria.franciszkanie.net\/index.php\/2020\/05\/02\/ogloszenia-duszpasterskie-iv-niedziela-wielkanocy-2\/\"]}]},{\"@type\":\"BreadcrumbList\",\"@id\":\"https:\/\/pakosc-kalwaria.franciszkanie.net\/index.php\/2020\/05\/02\/ogloszenia-duszpasterskie-iv-niedziela-wielkanocy-2\/#breadcrumb\",\"itemListElement\":[{\"@type\":\"ListItem\",\"position\":1,\"name\":\"Strona g\u0142\u00f3wna\",\"item\":\"https:\/\/pakosc-kalwaria.franciszkanie.net\/\"},{\"@type\":\"ListItem\",\"position\":2,\"name\":\"Og\u0142oszenia duszpasterskie &#8211; IV Niedziela Wielkanocy\"}]},{\"@type\":\"Person\",\"@id\":\"https:\/\/pakosc-kalwaria.franciszkanie.net\/#\/schema\/person\/af10b943be0760709227d060eadcb2aa\",\"name\":\"pakosc-kalwaria\",\"image\":{\"@type\":\"ImageObject\",\"@id\":\"https:\/\/pakosc-kalwaria.franciszkanie.net\/#personlogo\",\"inLanguage\":\"pl-PL\",\"url\":\"https:\/\/secure.gravatar.com\/avatar\/e7049d338b55eac6a0027ff3218b8d02?s=96&d=mm&r=g\",\"contentUrl\":\"https:\/\/secure.gravatar.com\/avatar\/e7049d338b55eac6a0027ff3218b8d02?s=96&d=mm&r=g\",\"caption\":\"pakosc-kalwaria\"},\"sameAs\":[\"https:\/\/www.facebook.com\/KalwariaPakosc\/\"],\"url\":\"https:\/\/pakosc-kalwaria.franciszkanie.net\/index.php\/author\/pakosc-kalwaria\/\"}]}<\/script>\n<!-- \/ Yoast SEO plugin. -->","yoast_head_json":{"title":"Og\u0142oszenia duszpasterskie - IV Niedziela Wielkanocy - Pako\u015b\u0107 \u2013 Kalwaria","robots":{"index":"index","follow":"follow","max-snippet":"max-snippet:-1","max-image-preview":"max-image-preview:large","max-video-preview":"max-video-preview:-1"},"canonical":"https:\/\/pakosc-kalwaria.franciszkanie.net\/index.php\/2020\/05\/02\/ogloszenia-duszpasterskie-iv-niedziela-wielkanocy-2\/","og_locale":"pl_PL","og_type":"article","og_title":"Og\u0142oszenia duszpasterskie - IV Niedziela Wielkanocy - Pako\u015b\u0107 \u2013 Kalwaria","og_description":"Przypominamy, \u017ce od poniedzia\u0142ku 20 kwietnia br. w naszym kalwaryjskim ko\u015bciele podczas Mszy \u015bw. i nabo\u017ce\u0144stw, opr\u00f3cz os\u00f3b sprawuj\u0105cych pos\u0142ug\u0119, mo\u017ce przebywa\u0107 maksymalnie 10 os\u00f3b (zgodniez rozporz\u0105dzeniem z dn. 16 kwietnia br. &#8211; 1 osoba na 15m2). Nale\u017cy mie\u0107 zakryte usta i nos (opr\u00f3cz celebrans\u00f3w sprawuj\u0105cych Msze \u015bw.) oraz zachowa\u0107 w ko\u015bciele mi\u0119dzy sob\u0105 odst\u0119p &hellip;","og_url":"https:\/\/pakosc-kalwaria.franciszkanie.net\/index.php\/2020\/05\/02\/ogloszenia-duszpasterskie-iv-niedziela-wielkanocy-2\/","og_site_name":"Pako\u015b\u0107 \u2013 Kalwaria","article_author":"https:\/\/www.facebook.com\/KalwariaPakosc\/","article_published_time":"2020-05-02T07:05:18+00:00","article_modified_time":"2020-05-04T15:53:27+00:00","og_image":[{"width":300,"height":240,"url":"https:\/\/pakosc-kalwaria.franciszkanie.net\/wp-content\/uploads\/2020\/04\/346169_3-2.jpg","type":"image\/jpeg"}],"twitter_card":"summary","twitter_misc":{"Napisane przez":"pakosc-kalwaria","Szacowany czas czytania":"4 minuty"},"schema":{"@context":"https:\/\/schema.org","@graph":[{"@type":"WebSite","@id":"https:\/\/pakosc-kalwaria.franciszkanie.net\/#website","url":"https:\/\/pakosc-kalwaria.franciszkanie.net\/","name":"Pako\u015b\u0107 \u2013 Kalwaria","description":"Parafia Rzymsko \u2013 Katolicka p.w. Pana Jezusa Ukrzy\u017cowanego i  Matki Bo\u017cej Bolesnej ul. Barci\u0144ska 60, 88\u2013170 Pako\u015b\u0107 \u2013 Kalwaria","potentialAction":[{"@type":"SearchAction","target":{"@type":"EntryPoint","urlTemplate":"https:\/\/pakosc-kalwaria.franciszkanie.net\/?s={search_term_string}"},"query-input":"required name=search_term_string"}],"inLanguage":"pl-PL"},{"@type":"ImageObject","@id":"https:\/\/pakosc-kalwaria.franciszkanie.net\/index.php\/2020\/05\/02\/ogloszenia-duszpasterskie-iv-niedziela-wielkanocy-2\/#primaryimage","inLanguage":"pl-PL","url":"https:\/\/pakosc-kalwaria.franciszkanie.net\/wp-content\/uploads\/2020\/04\/346169_3-2.jpg","contentUrl":"https:\/\/pakosc-kalwaria.franciszkanie.net\/wp-content\/uploads\/2020\/04\/346169_3-2.jpg","width":300,"height":240},{"@type":"WebPage","@id":"https:\/\/pakosc-kalwaria.franciszkanie.net\/index.php\/2020\/05\/02\/ogloszenia-duszpasterskie-iv-niedziela-wielkanocy-2\/#webpage","url":"https:\/\/pakosc-kalwaria.franciszkanie.net\/index.php\/2020\/05\/02\/ogloszenia-duszpasterskie-iv-niedziela-wielkanocy-2\/","name":"Og\u0142oszenia duszpasterskie - IV Niedziela Wielkanocy - Pako\u015b\u0107 \u2013 Kalwaria","isPartOf":{"@id":"https:\/\/pakosc-kalwaria.franciszkanie.net\/#website"},"primaryImageOfPage":{"@id":"https:\/\/pakosc-kalwaria.franciszkanie.net\/index.php\/2020\/05\/02\/ogloszenia-duszpasterskie-iv-niedziela-wielkanocy-2\/#primaryimage"},"datePublished":"2020-05-02T07:05:18+00:00","dateModified":"2020-05-04T15:53:27+00:00","author":{"@id":"https:\/\/pakosc-kalwaria.franciszkanie.net\/#\/schema\/person\/af10b943be0760709227d060eadcb2aa"},"breadcrumb":{"@id":"https:\/\/pakosc-kalwaria.franciszkanie.net\/index.php\/2020\/05\/02\/ogloszenia-duszpasterskie-iv-niedziela-wielkanocy-2\/#breadcrumb"},"inLanguage":"pl-PL","potentialAction":[{"@type":"ReadAction","target":["https:\/\/pakosc-kalwaria.franciszkanie.net\/index.php\/2020\/05\/02\/ogloszenia-duszpasterskie-iv-niedziela-wielkanocy-2\/"]}]},{"@type":"BreadcrumbList","@id":"https:\/\/pakosc-kalwaria.franciszkanie.net\/index.php\/2020\/05\/02\/ogloszenia-duszpasterskie-iv-niedziela-wielkanocy-2\/#breadcrumb","itemListElement":[{"@type":"ListItem","position":1,"name":"Strona g\u0142\u00f3wna","item":"https:\/\/pakosc-kalwaria.franciszkanie.net\/"},{"@type":"ListItem","position":2,"name":"Og\u0142oszenia duszpasterskie &#8211; IV Niedziela Wielkanocy"}]},{"@type":"Person","@id":"https:\/\/pakosc-kalwaria.franciszkanie.net\/#\/schema\/person\/af10b943be0760709227d060eadcb2aa","name":"pakosc-kalwaria","image":{"@type":"ImageObject","@id":"https:\/\/pakosc-kalwaria.franciszkanie.net\/#personlogo","inLanguage":"pl-PL","url":"https:\/\/secure.gravatar.com\/avatar\/e7049d338b55eac6a0027ff3218b8d02?s=96&d=mm&r=g","contentUrl":"https:\/\/secure.gravatar.com\/avatar\/e7049d338b55eac6a0027ff3218b8d02?s=96&d=mm&r=g","caption":"pakosc-kalwaria"},"sameAs":["https:\/\/www.facebook.com\/KalwariaPakosc\/"],"url":"https:\/\/pakosc-kalwaria.franciszkanie.net\/index.php\/author\/pakosc-kalwaria\/"}]}},"_links":{"self":[{"href":"https:\/\/pakosc-kalwaria.franciszkanie.net\/index.php\/wp-json\/wp\/v2\/posts\/13574"}],"collection":[{"href":"https:\/\/pakosc-kalwaria.franciszkanie.net\/index.php\/wp-json\/wp\/v2\/posts"}],"about":[{"href":"https:\/\/pakosc-kalwaria.franciszkanie.net\/index.php\/wp-json\/wp\/v2\/types\/post"}],"author":[{"embeddable":true,"href":"https:\/\/pakosc-kalwaria.franciszkanie.net\/index.php\/wp-json\/wp\/v2\/users\/2"}],"replies":[{"embeddable":true,"href":"https:\/\/pakosc-kalwaria.franciszkanie.net\/index.php\/wp-json\/wp\/v2\/comments?post=13574"}],"version-history":[{"count":7,"href":"https:\/\/pakosc-kalwaria.franciszkanie.net\/index.php\/wp-json\/wp\/v2\/posts\/13574\/revisions"}],"predecessor-version":[{"id":13680,"href":"https:\/\/pakosc-kalwaria.franciszkanie.net\/index.php\/wp-json\/wp\/v2\/posts\/13574\/revisions\/13680"}],"wp:featuredmedia":[{"embeddable":true,"href":"https:\/\/pakosc-kalwaria.franciszkanie.net\/index.php\/wp-json\/wp\/v2\/media\/13575"}],"wp:attachment":[{"href":"https:\/\/pakosc-kalwaria.franciszkanie.net\/index.php\/wp-json\/wp\/v2\/media?parent=13574"}],"wp:term":[{"taxonomy":"category","embeddable":true,"href":"https:\/\/pakosc-kalwaria.franciszkanie.net\/index.php\/wp-json\/wp\/v2\/categories?post=13574"},{"taxonomy":"post_tag","embeddable":true,"href":"https:\/\/pakosc-kalwaria.franciszkanie.net\/index.php\/wp-json\/wp\/v2\/tags?post=13574"}],"curies":[{"name":"wp","href":"https:\/\/api.w.org\/{rel}","templated":true}]}}