{"id":13593,"date":"2020-05-01T15:35:04","date_gmt":"2020-05-01T13:35:04","guid":{"rendered":"http:\/\/pakosc-kalwaria.franciszkanie.net\/?p=13593"},"modified":"2020-05-07T08:27:51","modified_gmt":"2020-05-07T06:27:51","slug":"akt-zawierzenia-polski-najswietszemu-sercu-pana-jezusa-i-matce-bozej-krolowej-polski-3-maja-2020r","status":"publish","type":"post","link":"https:\/\/pakosc-kalwaria.franciszkanie.net\/index.php\/2020\/05\/01\/akt-zawierzenia-polski-najswietszemu-sercu-pana-jezusa-i-matce-bozej-krolowej-polski-3-maja-2020r\/","title":{"rendered":"Akt zawierzenia Polski Naj\u015bwi\u0119tszemu Sercu Pana Jezusa i Matce Bo\u017cej Kr\u00f3lowej Polski &#8211; 3 maja 2020r."},"content":{"rendered":"<p><strong><span style=\"color: #ff0000;\">W niedziel\u0119, 3 maja br.<\/span> na Jasnej G\u00f3rze odb\u0119dzie si\u0119 uroczyste zawierzenie Ojczyzny Naj\u015bwi\u0119tszemu Sercu Pana Jezusa i Matce Bo\u017cej Kr\u00f3lowej Polski.<br \/>\n<\/strong><strong>To uroczystsze zawierzenie tak\u017ce w parafiach po g\u0142\u00f3wnej Mszy \u015awi\u0119tej, w duchowej \u0142\u0105czno\u015bci z Jasn\u0105 G\u00f3r\u0105.<\/strong><\/p>\n<p><strong><br \/>\n<span style=\"color: #ff0000;\">AKT ZAWIERZENIA POLSKI <\/span><\/strong><span style=\"color: #ff0000;\"><strong>NAJ\u015aWI\u0118TSZEMU SERCU PANA JEZUSA\u00a0 I MATCE BO\u017bEJ KR\u00d3LOWEJ POLSKI<\/strong><\/span><\/p>\n<p>Bo\u017ce, Ojcze Wszechmog\u0105cy, bogaty w Mi\u0142osierdzie, b\u0105d\u017a uwielbiony w tajemnicy Twojej Mi\u0142o\u015bci, objawionej przez Syna w Duchu \u015awi\u0119tym.<\/p>\n<p>Panie Jezu Chryste, Zbawicielu \u015bwiata. Dzi\u0119kujemy Ci za Twoj\u0105 ofiarn\u0105 mi\u0142o\u015b\u0107, kt\u00f3ra w tajemnicy Ukrzy\u017cowania i Zmartwychwstania sta\u0142a si\u0119 mi\u0142o\u015bci\u0105 zwyci\u0119sk\u0105.<\/p>\n<p>Duchu \u015awi\u0119ty, Duchu Prawdy, mi\u0142o\u015bci, mocy i \u015bwiadectwa, prowad\u017a nas.<\/p>\n<p>Gdy zbli\u017ca si\u0119 100. rocznica <em>Cudu Nad Wis\u0142\u0105<\/em> \u2013 kt\u00f3ry w sierpniu 1920 roku za przyczyn\u0105 Naj\u015bwi\u0119tszej Maryi Panny ocali\u0142 nasz\u0105 Ojczyzn\u0119 i cywilizacj\u0119 europejsk\u0105 od bolszewickiego panowania &#8211; my, Pasterze Ko\u015bcio\u0142a w Polsce, podobnie jak nasi Poprzednicy przybywamy na Jasn\u0105 G\u00f3r\u0119. To tutaj od pokole\u0144 uczymy si\u0119, \u017ce kr\u00f3lowanie Chrystusa, a wraz z Nim Maryi, Kr\u00f3lowej Polski, obejmuje w spos\u00f3b szczeg\u00f3lny r\u00f3wnie\u017c s\u0142u\u017cb\u0119 Narodowi. Tutaj &#8211; na Jasnej G\u00f3rze &#8211; u\u015bwiadamiamy sobie wyra\u017aniej odpowiedzialno\u015b\u0107 za chrze\u015bcija\u0144skie dziedzictwo na polskiej ziemi. Potrzeb\u0119 wsp\u00f3lnej troski wszystkich warstw spo\u0142ecznych nie tylko za materialne, ale tak\u017ce za duchowe dobro naszej Ojczyzny.<\/p>\n<p>W tym szczeg\u00f3lnym roku dzi\u0119kujemy za 100. rocznic\u0119 urodzin \u015aw. Jana Paw\u0142a II, kt\u00f3ry dostrzega\u0142 w Maryi wz\u00f3r niezawodnej nadziei ogarniaj\u0105cej ca\u0142ego cz\u0142owieka. Dzi\u0119kujemy r\u00f3wnie\u017c za decyzj\u0119 o beatyfikacji S\u0142ugi Bo\u017cego Stefana Kardyna\u0142a Wyszy\u0144skiego, kt\u00f3ry przypomina\u0142 nam, \u017ce nie wystarczy patrze\u0107 w czyste, zranione oblicze Matki, ale trzeba te\u017c, aby nasz Nar\u00f3d wyczyta\u0142 w Jej oczach wszystko, co jest potrzebne dla odnowy polskich sumie\u0144.<\/p>\n<p>Wraz z Maryj\u0105, Bogurodzic\u0105 Dziewic\u0105, Kr\u00f3low\u0105 Polski i \u015awi\u0119tymi Patronami, b\u0142agamy o ratunek dla naszej Ojczyzny w jej dzisiejszym trudnym do\u015bwiadczeniu.<\/p>\n<p>W duchu Aktu Zawierzenia przez Biskup\u00f3w Polskich sprzed 100 laty, wyznajemy \u201ew prawdzie i pokorze, \u017ce niewdzi\u0119czno\u015bci\u0105 nasz\u0105 i grzechami zas\u0142u\u017cyli\u015bmy na Twoj\u0105 kar\u0119, ale przez zas\u0142ugi naszych \u015awi\u0119tych Patron\u00f3w, przez krew m\u0119cze\u0144sk\u0105 przelan\u0105 dla wiary przez braci naszych, za przyczyn\u0105 Kr\u00f3lowej Korony Polskiej, Twojej Rodzicielki, a naszej ukochanej Matki Cz\u0119stochowskiej, b\u0142agamy Ci\u0119, racz nam darowa\u0107 nasze winy\u201d. Prosimy Ci\u0119, przebacz nam nasze grzechy przeciwko \u017cyciu, bezczeszczenie Twojej eucharystycznej Obecno\u015bci, blu\u017anierstwa wobec Twojej Naj\u015bwi\u0119tszej Matki i Jej wizerunk\u00f3w oraz wszelki grzech niezgody. \u201ePrzemie\u0144 serca nasze na wz\u00f3r Twojego Boskiego Serca; przemie\u0144 nas pot\u0119g\u0105 Twojej wszechmocnej \u0142aski a z oboj\u0119tnych i letnich uczy\u0144 nas gorliwymi i gor\u0105cymi, z ma\u0142odusznych m\u0119\u017cnymi i spraw, aby\u015bmy ju\u017c wszyscy odt\u0105d trwali w wiernej s\u0142u\u017cbie Twojej i nigdy Ci\u0119 nie opu\u015bcili\u201d.<\/p>\n<p>Naj\u015bwi\u0119tsze Serce Jezusa, Tobie zawierzamy Ko\u015bci\u00f3\u0142 na polskiej ziemi, wszystkie jego stany i powo\u0142ania: duchowie\u0144stwo, osoby \u017cycia konsekrowanego, wszystkich wiernych, kt\u00f3rzy \u201ePolsk\u0119 stanowi\u0105\u201d w kraju i poza jego granicami. Oddal od nas wszelk\u0105 zaraz\u0119 b\u0142\u0119d\u00f3w i grzech\u00f3w, pandemi\u0119 koronawirusa, gro\u017c\u0105c\u0105 nam susz\u0119, jak r\u00f3wnie\u017c kryzys ekonomiczny i zwi\u0105zane z tym bezrobocie. Te nasze pro\u015bby o\u015bmielamy si\u0119 zanie\u015b\u0107 do Ciebie przez szczeg\u00f3lne wstawiennictwo Naj\u015bwi\u0119tszej Maryi Panny, kt\u00f3ra jest nasz\u0105 Przedziwn\u0105 Pomoc\u0105 i Obron\u0105.<\/p>\n<p>Bogurodzico Dziewico, Kr\u00f3lowo Polski i nasza Jasnog\u00f3rska Matko! Ku Tobie wznosi si\u0119 dzisiaj nasza ufna modlitwa, kt\u00f3ra zespala serca wszystkich Polak\u00f3w. Przyjmij godziwe pragnienia Twoich dzieci, kt\u00f3rymi opiekowa\u0142a\u015b si\u0119 zawsze z macierzy\u0144sk\u0105 trosk\u0105. Twoimi jeste\u015bmy i Twoimi pragniemy pozosta\u0107. Towarzysz nam w codziennej w\u0119dr\u00f3wce naszego \u017cycia, b\u0105d\u017a Przewodniczk\u0105, b\u0142agaj\u0105c\u0105 i niezwyci\u0119\u017con\u0105 Moc\u0105.<\/p>\n<p>Maryjo! Pragniemy w tej modlitwie przywo\u0142a\u0107 solidarny Akt Zawierzenia \u015bwiata, Ko\u015bcio\u0142a a tak\u017ce naszej Ojczyzny, kt\u00f3ry w dniu 25 marca 2020 r., wypowiada\u0142 Pasterz Ko\u015bcio\u0142a Portugalskiego w Fatimie. Dzisiaj zawierzamy Tobie nasz\u0105 Ojczyzn\u0119 i Nar\u00f3d, wszystkich Polak\u00f3w \u017cyj\u0105cych w Ojczy\u017anie i na obczy\u017anie. Tobie zawierzamy ca\u0142e nasze \u017cycie, wszystkie nasze rado\u015bci i cierpienia, wszystko czym jeste\u015bmy i co posiadamy, ca\u0142\u0105 nasz\u0105 przesz\u0142o\u015b\u0107, tera\u017aniejszo\u015b\u0107 i przysz\u0142o\u015b\u0107. Upro\u015b nam wszystkim obiecanego Ducha \u015awi\u0119tego, aby ponownie zst\u0105pi\u0142 i odnowi\u0142 oblicze tej Ziemi.<\/p>\n<p>Naj\u015bwi\u0119tsze Serce Jezusa, przyjd\u017a Kr\u00f3lestwo Twoje!<\/p>\n<p>Maryjo, Kr\u00f3lowo Polski, m\u00f3dl si\u0119 za nami. Amen<\/p>\n<p>W Uroczysto\u015b\u0107 Naj\u015bwi\u0119tszej Maryi Panny, Kr\u00f3lowej Polski, 2020 r.<\/p>\n","protected":false},"excerpt":{"rendered":"<p>W niedziel\u0119, 3 maja br. na Jasnej G\u00f3rze odb\u0119dzie si\u0119 uroczyste zawierzenie Ojczyzny Naj\u015bwi\u0119tszemu Sercu Pana Jezusa i Matce Bo\u017cej Kr\u00f3lowej Polski. To uroczystsze zawierzenie tak\u017ce w parafiach po g\u0142\u00f3wnej Mszy \u015awi\u0119tej, w duchowej \u0142\u0105czno\u015bci z Jasn\u0105 G\u00f3r\u0105. AKT ZAWIERZENIA POLSKI NAJ\u015aWI\u0118TSZEMU SERCU PANA JEZUSA\u00a0 I MATCE BO\u017bEJ KR\u00d3LOWEJ POLSKI Bo\u017ce, Ojcze Wszechmog\u0105cy, bogaty w &hellip;<\/p>\n","protected":false},"author":2,"featured_media":13594,"comment_status":"closed","ping_status":"open","sticky":false,"template":"","format":"standard","meta":{"_mi_skip_tracking":false,"_exactmetrics_sitenote_active":false,"_exactmetrics_sitenote_note":"","_exactmetrics_sitenote_category":0},"categories":[13,14],"tags":[],"yoast_head":"<!-- This site is optimized with the Yoast SEO plugin v18.1 - https:\/\/yoast.com\/wordpress\/plugins\/seo\/ -->\n<title>Akt zawierzenia Polski Naj\u015bwi\u0119tszemu Sercu Pana Jezusa i Matce Bo\u017cej Kr\u00f3lowej Polski - 3 maja 2020r. - Pako\u015b\u0107 \u2013 Kalwaria<\/title>\n<meta name=\"robots\" content=\"index, follow, max-snippet:-1, max-image-preview:large, max-video-preview:-1\" \/>\n<link rel=\"canonical\" href=\"https:\/\/pakosc-kalwaria.franciszkanie.net\/index.php\/2020\/05\/01\/akt-zawierzenia-polski-najswietszemu-sercu-pana-jezusa-i-matce-bozej-krolowej-polski-3-maja-2020r\/\" \/>\n<meta property=\"og:locale\" content=\"pl_PL\" \/>\n<meta property=\"og:type\" content=\"article\" \/>\n<meta property=\"og:title\" content=\"Akt zawierzenia Polski Naj\u015bwi\u0119tszemu Sercu Pana Jezusa i Matce Bo\u017cej Kr\u00f3lowej Polski - 3 maja 2020r. - Pako\u015b\u0107 \u2013 Kalwaria\" \/>\n<meta property=\"og:description\" content=\"W niedziel\u0119, 3 maja br. na Jasnej G\u00f3rze odb\u0119dzie si\u0119 uroczyste zawierzenie Ojczyzny Naj\u015bwi\u0119tszemu Sercu Pana Jezusa i Matce Bo\u017cej Kr\u00f3lowej Polski. To uroczystsze zawierzenie tak\u017ce w parafiach po g\u0142\u00f3wnej Mszy \u015awi\u0119tej, w duchowej \u0142\u0105czno\u015bci z Jasn\u0105 G\u00f3r\u0105. AKT ZAWIERZENIA POLSKI NAJ\u015aWI\u0118TSZEMU SERCU PANA JEZUSA\u00a0 I MATCE BO\u017bEJ KR\u00d3LOWEJ POLSKI Bo\u017ce, Ojcze Wszechmog\u0105cy, bogaty w &hellip;\" \/>\n<meta property=\"og:url\" content=\"https:\/\/pakosc-kalwaria.franciszkanie.net\/index.php\/2020\/05\/01\/akt-zawierzenia-polski-najswietszemu-sercu-pana-jezusa-i-matce-bozej-krolowej-polski-3-maja-2020r\/\" \/>\n<meta property=\"og:site_name\" content=\"Pako\u015b\u0107 \u2013 Kalwaria\" \/>\n<meta property=\"article:author\" content=\"https:\/\/www.facebook.com\/KalwariaPakosc\/\" \/>\n<meta property=\"article:published_time\" content=\"2020-05-01T13:35:04+00:00\" \/>\n<meta property=\"article:modified_time\" content=\"2020-05-07T06:27:51+00:00\" \/>\n<meta property=\"og:image\" content=\"https:\/\/pakosc-kalwaria.franciszkanie.net\/wp-content\/uploads\/2020\/05\/6-4-1024x682.jpg\" \/>\n\t<meta property=\"og:image:width\" content=\"300\" \/>\n\t<meta property=\"og:image:height\" content=\"200\" \/>\n\t<meta property=\"og:image:type\" content=\"image\/jpeg\" \/>\n<meta name=\"twitter:card\" content=\"summary\" \/>\n<meta name=\"twitter:label1\" content=\"Napisane przez\" \/>\n\t<meta name=\"twitter:data1\" content=\"pakosc-kalwaria\" \/>\n\t<meta name=\"twitter:label2\" content=\"Szacowany czas czytania\" \/>\n\t<meta name=\"twitter:data2\" content=\"4 minuty\" \/>\n<script type=\"application\/ld+json\" class=\"yoast-schema-graph\">{\"@context\":\"https:\/\/schema.org\",\"@graph\":[{\"@type\":\"WebSite\",\"@id\":\"https:\/\/pakosc-kalwaria.franciszkanie.net\/#website\",\"url\":\"https:\/\/pakosc-kalwaria.franciszkanie.net\/\",\"name\":\"Pako\u015b\u0107 \u2013 Kalwaria\",\"description\":\"Parafia Rzymsko \u2013 Katolicka p.w. Pana Jezusa Ukrzy\u017cowanego i  Matki Bo\u017cej Bolesnej ul. Barci\u0144ska 60, 88\u2013170 Pako\u015b\u0107 \u2013 Kalwaria\",\"potentialAction\":[{\"@type\":\"SearchAction\",\"target\":{\"@type\":\"EntryPoint\",\"urlTemplate\":\"https:\/\/pakosc-kalwaria.franciszkanie.net\/?s={search_term_string}\"},\"query-input\":\"required name=search_term_string\"}],\"inLanguage\":\"pl-PL\"},{\"@type\":\"ImageObject\",\"@id\":\"https:\/\/pakosc-kalwaria.franciszkanie.net\/index.php\/2020\/05\/01\/akt-zawierzenia-polski-najswietszemu-sercu-pana-jezusa-i-matce-bozej-krolowej-polski-3-maja-2020r\/#primaryimage\",\"inLanguage\":\"pl-PL\",\"url\":\"https:\/\/pakosc-kalwaria.franciszkanie.net\/wp-content\/uploads\/2020\/05\/6-4-1024x682.jpg\",\"contentUrl\":\"https:\/\/pakosc-kalwaria.franciszkanie.net\/wp-content\/uploads\/2020\/05\/6-4-1024x682.jpg\",\"width\":300,\"height\":200},{\"@type\":\"WebPage\",\"@id\":\"https:\/\/pakosc-kalwaria.franciszkanie.net\/index.php\/2020\/05\/01\/akt-zawierzenia-polski-najswietszemu-sercu-pana-jezusa-i-matce-bozej-krolowej-polski-3-maja-2020r\/#webpage\",\"url\":\"https:\/\/pakosc-kalwaria.franciszkanie.net\/index.php\/2020\/05\/01\/akt-zawierzenia-polski-najswietszemu-sercu-pana-jezusa-i-matce-bozej-krolowej-polski-3-maja-2020r\/\",\"name\":\"Akt zawierzenia Polski Naj\u015bwi\u0119tszemu Sercu Pana Jezusa i Matce Bo\u017cej Kr\u00f3lowej Polski - 3 maja 2020r. - Pako\u015b\u0107 \u2013 Kalwaria\",\"isPartOf\":{\"@id\":\"https:\/\/pakosc-kalwaria.franciszkanie.net\/#website\"},\"primaryImageOfPage\":{\"@id\":\"https:\/\/pakosc-kalwaria.franciszkanie.net\/index.php\/2020\/05\/01\/akt-zawierzenia-polski-najswietszemu-sercu-pana-jezusa-i-matce-bozej-krolowej-polski-3-maja-2020r\/#primaryimage\"},\"datePublished\":\"2020-05-01T13:35:04+00:00\",\"dateModified\":\"2020-05-07T06:27:51+00:00\",\"author\":{\"@id\":\"https:\/\/pakosc-kalwaria.franciszkanie.net\/#\/schema\/person\/af10b943be0760709227d060eadcb2aa\"},\"breadcrumb\":{\"@id\":\"https:\/\/pakosc-kalwaria.franciszkanie.net\/index.php\/2020\/05\/01\/akt-zawierzenia-polski-najswietszemu-sercu-pana-jezusa-i-matce-bozej-krolowej-polski-3-maja-2020r\/#breadcrumb\"},\"inLanguage\":\"pl-PL\",\"potentialAction\":[{\"@type\":\"ReadAction\",\"target\":[\"https:\/\/pakosc-kalwaria.franciszkanie.net\/index.php\/2020\/05\/01\/akt-zawierzenia-polski-najswietszemu-sercu-pana-jezusa-i-matce-bozej-krolowej-polski-3-maja-2020r\/\"]}]},{\"@type\":\"BreadcrumbList\",\"@id\":\"https:\/\/pakosc-kalwaria.franciszkanie.net\/index.php\/2020\/05\/01\/akt-zawierzenia-polski-najswietszemu-sercu-pana-jezusa-i-matce-bozej-krolowej-polski-3-maja-2020r\/#breadcrumb\",\"itemListElement\":[{\"@type\":\"ListItem\",\"position\":1,\"name\":\"Strona g\u0142\u00f3wna\",\"item\":\"https:\/\/pakosc-kalwaria.franciszkanie.net\/\"},{\"@type\":\"ListItem\",\"position\":2,\"name\":\"Akt zawierzenia Polski Naj\u015bwi\u0119tszemu Sercu Pana Jezusa i Matce Bo\u017cej Kr\u00f3lowej Polski &#8211; 3 maja 2020r.\"}]},{\"@type\":\"Person\",\"@id\":\"https:\/\/pakosc-kalwaria.franciszkanie.net\/#\/schema\/person\/af10b943be0760709227d060eadcb2aa\",\"name\":\"pakosc-kalwaria\",\"image\":{\"@type\":\"ImageObject\",\"@id\":\"https:\/\/pakosc-kalwaria.franciszkanie.net\/#personlogo\",\"inLanguage\":\"pl-PL\",\"url\":\"https:\/\/secure.gravatar.com\/avatar\/e7049d338b55eac6a0027ff3218b8d02?s=96&d=mm&r=g\",\"contentUrl\":\"https:\/\/secure.gravatar.com\/avatar\/e7049d338b55eac6a0027ff3218b8d02?s=96&d=mm&r=g\",\"caption\":\"pakosc-kalwaria\"},\"sameAs\":[\"https:\/\/www.facebook.com\/KalwariaPakosc\/\"],\"url\":\"https:\/\/pakosc-kalwaria.franciszkanie.net\/index.php\/author\/pakosc-kalwaria\/\"}]}<\/script>\n<!-- \/ Yoast SEO plugin. -->","yoast_head_json":{"title":"Akt zawierzenia Polski Naj\u015bwi\u0119tszemu Sercu Pana Jezusa i Matce Bo\u017cej Kr\u00f3lowej Polski - 3 maja 2020r. - Pako\u015b\u0107 \u2013 Kalwaria","robots":{"index":"index","follow":"follow","max-snippet":"max-snippet:-1","max-image-preview":"max-image-preview:large","max-video-preview":"max-video-preview:-1"},"canonical":"https:\/\/pakosc-kalwaria.franciszkanie.net\/index.php\/2020\/05\/01\/akt-zawierzenia-polski-najswietszemu-sercu-pana-jezusa-i-matce-bozej-krolowej-polski-3-maja-2020r\/","og_locale":"pl_PL","og_type":"article","og_title":"Akt zawierzenia Polski Naj\u015bwi\u0119tszemu Sercu Pana Jezusa i Matce Bo\u017cej Kr\u00f3lowej Polski - 3 maja 2020r. - Pako\u015b\u0107 \u2013 Kalwaria","og_description":"W niedziel\u0119, 3 maja br. na Jasnej G\u00f3rze odb\u0119dzie si\u0119 uroczyste zawierzenie Ojczyzny Naj\u015bwi\u0119tszemu Sercu Pana Jezusa i Matce Bo\u017cej Kr\u00f3lowej Polski. To uroczystsze zawierzenie tak\u017ce w parafiach po g\u0142\u00f3wnej Mszy \u015awi\u0119tej, w duchowej \u0142\u0105czno\u015bci z Jasn\u0105 G\u00f3r\u0105. AKT ZAWIERZENIA POLSKI NAJ\u015aWI\u0118TSZEMU SERCU PANA JEZUSA\u00a0 I MATCE BO\u017bEJ KR\u00d3LOWEJ POLSKI Bo\u017ce, Ojcze Wszechmog\u0105cy, bogaty w &hellip;","og_url":"https:\/\/pakosc-kalwaria.franciszkanie.net\/index.php\/2020\/05\/01\/akt-zawierzenia-polski-najswietszemu-sercu-pana-jezusa-i-matce-bozej-krolowej-polski-3-maja-2020r\/","og_site_name":"Pako\u015b\u0107 \u2013 Kalwaria","article_author":"https:\/\/www.facebook.com\/KalwariaPakosc\/","article_published_time":"2020-05-01T13:35:04+00:00","article_modified_time":"2020-05-07T06:27:51+00:00","og_image":[{"width":300,"height":200,"url":"https:\/\/pakosc-kalwaria.franciszkanie.net\/wp-content\/uploads\/2020\/05\/6-4-1024x682.jpg","type":"image\/jpeg"}],"twitter_card":"summary","twitter_misc":{"Napisane przez":"pakosc-kalwaria","Szacowany czas czytania":"4 minuty"},"schema":{"@context":"https:\/\/schema.org","@graph":[{"@type":"WebSite","@id":"https:\/\/pakosc-kalwaria.franciszkanie.net\/#website","url":"https:\/\/pakosc-kalwaria.franciszkanie.net\/","name":"Pako\u015b\u0107 \u2013 Kalwaria","description":"Parafia Rzymsko \u2013 Katolicka p.w. Pana Jezusa Ukrzy\u017cowanego i  Matki Bo\u017cej Bolesnej ul. Barci\u0144ska 60, 88\u2013170 Pako\u015b\u0107 \u2013 Kalwaria","potentialAction":[{"@type":"SearchAction","target":{"@type":"EntryPoint","urlTemplate":"https:\/\/pakosc-kalwaria.franciszkanie.net\/?s={search_term_string}"},"query-input":"required name=search_term_string"}],"inLanguage":"pl-PL"},{"@type":"ImageObject","@id":"https:\/\/pakosc-kalwaria.franciszkanie.net\/index.php\/2020\/05\/01\/akt-zawierzenia-polski-najswietszemu-sercu-pana-jezusa-i-matce-bozej-krolowej-polski-3-maja-2020r\/#primaryimage","inLanguage":"pl-PL","url":"https:\/\/pakosc-kalwaria.franciszkanie.net\/wp-content\/uploads\/2020\/05\/6-4-1024x682.jpg","contentUrl":"https:\/\/pakosc-kalwaria.franciszkanie.net\/wp-content\/uploads\/2020\/05\/6-4-1024x682.jpg","width":300,"height":200},{"@type":"WebPage","@id":"https:\/\/pakosc-kalwaria.franciszkanie.net\/index.php\/2020\/05\/01\/akt-zawierzenia-polski-najswietszemu-sercu-pana-jezusa-i-matce-bozej-krolowej-polski-3-maja-2020r\/#webpage","url":"https:\/\/pakosc-kalwaria.franciszkanie.net\/index.php\/2020\/05\/01\/akt-zawierzenia-polski-najswietszemu-sercu-pana-jezusa-i-matce-bozej-krolowej-polski-3-maja-2020r\/","name":"Akt zawierzenia Polski Naj\u015bwi\u0119tszemu Sercu Pana Jezusa i Matce Bo\u017cej Kr\u00f3lowej Polski - 3 maja 2020r. - Pako\u015b\u0107 \u2013 Kalwaria","isPartOf":{"@id":"https:\/\/pakosc-kalwaria.franciszkanie.net\/#website"},"primaryImageOfPage":{"@id":"https:\/\/pakosc-kalwaria.franciszkanie.net\/index.php\/2020\/05\/01\/akt-zawierzenia-polski-najswietszemu-sercu-pana-jezusa-i-matce-bozej-krolowej-polski-3-maja-2020r\/#primaryimage"},"datePublished":"2020-05-01T13:35:04+00:00","dateModified":"2020-05-07T06:27:51+00:00","author":{"@id":"https:\/\/pakosc-kalwaria.franciszkanie.net\/#\/schema\/person\/af10b943be0760709227d060eadcb2aa"},"breadcrumb":{"@id":"https:\/\/pakosc-kalwaria.franciszkanie.net\/index.php\/2020\/05\/01\/akt-zawierzenia-polski-najswietszemu-sercu-pana-jezusa-i-matce-bozej-krolowej-polski-3-maja-2020r\/#breadcrumb"},"inLanguage":"pl-PL","potentialAction":[{"@type":"ReadAction","target":["https:\/\/pakosc-kalwaria.franciszkanie.net\/index.php\/2020\/05\/01\/akt-zawierzenia-polski-najswietszemu-sercu-pana-jezusa-i-matce-bozej-krolowej-polski-3-maja-2020r\/"]}]},{"@type":"BreadcrumbList","@id":"https:\/\/pakosc-kalwaria.franciszkanie.net\/index.php\/2020\/05\/01\/akt-zawierzenia-polski-najswietszemu-sercu-pana-jezusa-i-matce-bozej-krolowej-polski-3-maja-2020r\/#breadcrumb","itemListElement":[{"@type":"ListItem","position":1,"name":"Strona g\u0142\u00f3wna","item":"https:\/\/pakosc-kalwaria.franciszkanie.net\/"},{"@type":"ListItem","position":2,"name":"Akt zawierzenia Polski Naj\u015bwi\u0119tszemu Sercu Pana Jezusa i Matce Bo\u017cej Kr\u00f3lowej Polski &#8211; 3 maja 2020r."}]},{"@type":"Person","@id":"https:\/\/pakosc-kalwaria.franciszkanie.net\/#\/schema\/person\/af10b943be0760709227d060eadcb2aa","name":"pakosc-kalwaria","image":{"@type":"ImageObject","@id":"https:\/\/pakosc-kalwaria.franciszkanie.net\/#personlogo","inLanguage":"pl-PL","url":"https:\/\/secure.gravatar.com\/avatar\/e7049d338b55eac6a0027ff3218b8d02?s=96&d=mm&r=g","contentUrl":"https:\/\/secure.gravatar.com\/avatar\/e7049d338b55eac6a0027ff3218b8d02?s=96&d=mm&r=g","caption":"pakosc-kalwaria"},"sameAs":["https:\/\/www.facebook.com\/KalwariaPakosc\/"],"url":"https:\/\/pakosc-kalwaria.franciszkanie.net\/index.php\/author\/pakosc-kalwaria\/"}]}},"_links":{"self":[{"href":"https:\/\/pakosc-kalwaria.franciszkanie.net\/index.php\/wp-json\/wp\/v2\/posts\/13593"}],"collection":[{"href":"https:\/\/pakosc-kalwaria.franciszkanie.net\/index.php\/wp-json\/wp\/v2\/posts"}],"about":[{"href":"https:\/\/pakosc-kalwaria.franciszkanie.net\/index.php\/wp-json\/wp\/v2\/types\/post"}],"author":[{"embeddable":true,"href":"https:\/\/pakosc-kalwaria.franciszkanie.net\/index.php\/wp-json\/wp\/v2\/users\/2"}],"replies":[{"embeddable":true,"href":"https:\/\/pakosc-kalwaria.franciszkanie.net\/index.php\/wp-json\/wp\/v2\/comments?post=13593"}],"version-history":[{"count":4,"href":"https:\/\/pakosc-kalwaria.franciszkanie.net\/index.php\/wp-json\/wp\/v2\/posts\/13593\/revisions"}],"predecessor-version":[{"id":13598,"href":"https:\/\/pakosc-kalwaria.franciszkanie.net\/index.php\/wp-json\/wp\/v2\/posts\/13593\/revisions\/13598"}],"wp:featuredmedia":[{"embeddable":true,"href":"https:\/\/pakosc-kalwaria.franciszkanie.net\/index.php\/wp-json\/wp\/v2\/media\/13594"}],"wp:attachment":[{"href":"https:\/\/pakosc-kalwaria.franciszkanie.net\/index.php\/wp-json\/wp\/v2\/media?parent=13593"}],"wp:term":[{"taxonomy":"category","embeddable":true,"href":"https:\/\/pakosc-kalwaria.franciszkanie.net\/index.php\/wp-json\/wp\/v2\/categories?post=13593"},{"taxonomy":"post_tag","embeddable":true,"href":"https:\/\/pakosc-kalwaria.franciszkanie.net\/index.php\/wp-json\/wp\/v2\/tags?post=13593"}],"curies":[{"name":"wp","href":"https:\/\/api.w.org\/{rel}","templated":true}]}}