{"id":13670,"date":"2020-05-09T08:00:50","date_gmt":"2020-05-09T06:00:50","guid":{"rendered":"http:\/\/pakosc-kalwaria.franciszkanie.net\/?p=13670"},"modified":"2020-05-14T21:40:25","modified_gmt":"2020-05-14T19:40:25","slug":"biskupi-zachecaja-do-uczestnictwa-w-mszach-sw-z-zachowaniem-zasad-sanitarnych","status":"publish","type":"post","link":"https:\/\/pakosc-kalwaria.franciszkanie.net\/index.php\/2020\/05\/09\/biskupi-zachecaja-do-uczestnictwa-w-mszach-sw-z-zachowaniem-zasad-sanitarnych\/","title":{"rendered":"Biskupi zach\u0119caj\u0105 do uczestnictwa w Mszach \u015bw. z zachowaniem zasad sanitarnych"},"content":{"rendered":"<p><strong>Zach\u0119camy, w miar\u0119 istniej\u0105cych mo\u017cliwo\u015bci, do uczestnictwa w Mszach \u015bw. i nabo\u017ce\u0144stwach w ko\u015bcio\u0142ach \u2013 podkre\u015bla Rada Sta\u0142a Konferencji Episkopatu Polski w komunikacie wydanym po sobotnim posiedzeniu na Jasnej G\u00f3rze. Biskupi zastrzegaj\u0105 jednocze\u015bnie, \u017ce podczas liturgii nadal musz\u0105 by\u0107 przestrzegane pa\u0144stwowe ograniczenia sanitarne zwi\u0105zane z epidemi\u0105.<\/strong><\/p>\n<p>Rada Sta\u0142a Episkopatu przypomina, \u017ce w zwi\u0105zku z utrzymuj\u0105cym si\u0119 stanem epidemii, nadal obowi\u0105zuj\u0105 udzielone dyspensy od uczestnictwa w Mszy \u015bw. w niedziele i uroczysto\u015bci. \u201eWyra\u017camy wdzi\u0119czno\u015b\u0107 \u015brodkom spo\u0142ecznego przekazu i parafiom za transmisje liturgii w telewizji, radiu i internecie. Nie powinno to jednak os\u0142abi\u0107 naszej woli do przyst\u0119powania do sakrament\u00f3w \u015bwi\u0119tych w naszych ko\u015bcio\u0142ach. Ci, kt\u00f3rzy \u2013 z powodu wprowadzonych limit\u00f3w \u2013 nie maj\u0105 takiej mo\u017cliwo\u015bci w niedziel\u0119, mog\u0105 uczestniczy\u0107 w Mszach \u015bw. w \u015bwi\u0105tyniach w inne dni tygodnia. Przywo\u0142ujemy w tym miejscu s\u0142owa Ojca \u015awi\u0119tego Franciszka, kt\u00f3ry przestrzeg\u0142 przed niebezpiecze\u0144stwem ograniczania praktykowania wiary wy\u0142\u0105cznie do wymiaru wirtualnego\u201d \u2013 czytam w komunikacie.<\/p>\n<p>Biskupi dzi\u0119kuj\u0105 ksi\u0119\u017com i wiernym za odpowiedzialne przestrzeganie zarz\u0105dze\u0144 s\u0142u\u017cb sanitarnych i \u00a0\u00a0pa\u0144stwowych w duchu chrze\u015bcija\u0144skiej mi\u0142o\u015bci bli\u017aniego. \u201eProsimy ksi\u0119\u017cy proboszcz\u00f3w o organizowanie w parafiach mo\u017cliwo\u015bci przyst\u0105pienia do spowiedzi \u015bwi\u0119tej.\u00a0Niech to b\u0119dzie okazja do wype\u0142nienia IV przykazania ko\u015bcielnego, aby \u201eprzynajmniej raz w roku, w okresie wielkanocnym, przyj\u0105\u0107 Komuni\u0119 \u015awi\u0119t\u0105\u201d, poprzedzon\u0105 sakramentem pokuty i pojednania. Z zachowaniem wszelkich zarz\u0105dze\u0144 w\u0142adz sanitarnych i pa\u0144stwowych zach\u0119camy do uczestnictwa w nabo\u017ce\u0144stwach majowych. Mog\u0105 one by\u0107 dobr\u0105 okazj\u0105 duszpastersk\u0105 do powr\u00f3cenia w ko\u015bcio\u0142ach do \u017cycia sakramentalnego os\u00f3b, kt\u00f3re tego pragn\u0105\u201d \u2013 podkre\u015blaj\u0105.<\/p>\n<p>W komunikacie Rady Sta\u0142ej Episkopatu biskupi zaznaczaj\u0105, \u017ce w trosce o bezpiecze\u0144stwo spo\u0142eczne, z odpowiedzialno\u015bci\u0105 Ko\u015bci\u00f3\u0142 przyjmuje pa\u0144stwowe ograniczenia sanitarne spowodowane stanem epidemii, cho\u0107 dla wielu s\u0105 trudne i bolesne. \u201eJednocze\u015bnie, w\u00a0zwi\u0105zku z planowanym przez Rz\u0105d znoszeniem restrykcji chcemy podkre\u015bli\u0107 \u2013 tak jak wcze\u015bniej zaznaczy\u0142 Przewodnicz\u0105cy Episkopatu Polski abp Stanis\u0142aw G\u0105decki \u2013 potrzeb\u0119 bardziej sp\u00f3jnego, proporcjonalnego i sprawiedliwego kryterium znoszenia ogranicze\u0144 dopuszczalnej liczby wiernych w ko\u015bcio\u0142ach, podobnie jak to ma miejsce w przypadku innych podmiot\u00f3w\u201d \u2013 napisali.<\/p>\n<p>Biskupi zach\u0119caj\u0105 r\u00f3wnie\u017c do pomocy osobom najbardziej poszkodowanym w wyniku epidemii: zaka\u017conym, prze\u017cywaj\u0105cym kwarantann\u0119, trac\u0105cym prac\u0119 i \u017ar\u00f3d\u0142o utrzymania, ogarni\u0119tym l\u0119kiem o przysz\u0142o\u015b\u0107 swoj\u0105 i swoich najbli\u017cszych.<\/p>\n<p>\u201ePami\u0119tajmy w modlitwie tak\u017ce o zmar\u0142ych i ich rodzinach, kt\u00f3re prze\u017cywaj\u0105 dramatyczne chwile.\u00a0Zach\u0119camy do modlitwy o to, by\u015bmy mogli jak najszybciej powr\u00f3ci\u0107 do stanu sprzed epidemii i pe\u0142nego uczestnictwa w \u017cyciu sakramentalnym Ko\u015bcio\u0142a. Dzi\u0119kujemy tym, kt\u00f3rzy nios\u0105 pomoc osobom chorym, ludziom pozostaj\u0105cym w \u015bcis\u0142ej izolacji i seniorom: lekarzom, piel\u0119gniarkom, ratownikom, diagnostom laboratoryjnym, aptekarzom, pracownikom medycznym i sanitarnym oraz wszystkim s\u0142u\u017cbom, a tak\u017ce osobom pracuj\u0105cym\u00a0w innych bran\u017cach, kt\u00f3re w czasie epidemii dbaj\u0105 o nasze bezpiecze\u0144stwo, nara\u017caj\u0105c swoje zdrowie i \u017cycie.\u00a0 Podzi\u0119kowania kierujemy r\u00f3wnie\u017c do wolontariuszy, harcerzy, si\u00f3str zakonnych, zakonnik\u00f3w, kapelan\u00f3w szpitalnych i organizacji charytatywnych na czele z Caritas Polska i diecezjalnymi oddzia\u0142ami Caritas\u201d \u2013 czytamy w komunikacie.<\/p>\n<p>Rada Sta\u0142a Episkopatu przypomina, \u017c 18 maja przypada setna rocznica urodzin \u015bw. Jana Paw\u0142a II. Tego dnia Papie\u017c Franciszek b\u0119dzie modli\u0142 si\u0119 u grobu \u015bw. Jana Paw\u0142a II, za co\u00a0biskupi wyra\u017caj\u0105 wdzi\u0119czno\u015b\u0107. Zapraszaj\u0105 te\u017c do duchowej \u0142\u0105czno\u015bci z papie\u017cem w dniu rocznicy i prosz\u0105 o modlitw\u0119 w jego intencji.<\/p>\n<p>\u201eProsimy ksi\u0119\u017cy biskup\u00f3w, aby w niedziel\u0119 17 maja lub 18 maja br. we wszystkich katedrach, ko\u015bcio\u0142ach i kaplicach w Polsce by\u0142y sprawowane Msze \u015awi\u0119te jako diecezjalne i parafialne dzi\u0119kczynienie za \u017cycie i pontyfikat \u015bw. Jana Paw\u0142a II. Ponadto w niedziel\u0119 17 maja b\u0119dzie czytany w ko\u015bcio\u0142ach list Prezydium Konferencji Episkopatu Polski na 100-lecie urodzin Papie\u017ca Polaka. Zapraszamy do zaanga\u017cowania si\u0119 w obchody stulecia urodzin naszego wielkiego Rodaka poprzez przypominanie jego nauczania, \u015bwiadectwa \u017cycia, tw\u00f3rczo\u015bci oraz przez wsparcie dzie\u0142 charytatywnych\u201d \u2013 napisali biskupi.<\/p>\n<p>Poinformowali r\u00f3wnie\u017c, \u017ce nowy termin prze\u0142o\u017conej beatyfikacji Prymasa Polski kard. Stefana Wyszy\u0144skiego zostanie ustalony i podany do publicznej wiadomo\u015bci wtedy, kiedy pozwoli na to sytuacja epidemiologiczna.<\/p>\n<p>Rada Sta\u0142a Episkopatu, w Dniu Polonii i Polak\u00f3w za Granic\u0105, skierowa\u0142a do rodak\u00f3w pozdrowienia i zapewni\u0142a o modlitwie przed Cudownym Obrazem Matki Bo\u017cej Cz\u0119stochowskiej na Jasnej G\u00f3rze.<\/p>\n<p>BP KEP<\/p>\n<p>Publikujemy pe\u0142ny tekst Komunikatu:<\/p>\n<p><strong>Komunikat z posiedzenia Rady Sta\u0142ej Konferencji Episkopatu Polski<\/strong><\/p>\n<p>Rada Sta\u0142a Konferencji Episkopatu Polski zebra\u0142a si\u0119 na Jasnej G\u00f3rze w Uroczysto\u015b\u0107 Naj\u015bwi\u0119tszej Maryi Panny, Kr\u00f3lowej Polski, kt\u00f3ra w tym roku jest obchodzona 2 maja. Obradami kierowa\u0142 abp Stanis\u0142aw G\u0105decki, przewodnicz\u0105cy Konferencji Episkopatu Polski.<\/p>\n<ol>\n<li>Znajdujemy si\u0119 w momencie, gdy ca\u0142y \u015bwiat, w tym tak\u017ce nasza Ojczyzna, prze\u017cywa trudny czas, pe\u0142en cierpienia i niepewno\u015bci z powodu pandemii koronawirusa.\u00a0W tej nadzwyczajnej sytuacji najwa\u017cniejsza jest chrze\u015bcija\u0144ska troska o ka\u017cdego cz\u0142owieka, o jego \u017cycie oraz o zdrowie duszy i cia\u0142a. Otoczmy wi\u0119c trosk\u0105 w szczeg\u00f3lno\u015bci osoby najbardziej poszkodowane, zaka\u017cone, prze\u017cywaj\u0105ce kwarantann\u0119, trac\u0105ce prac\u0119 i \u017ar\u00f3d\u0142o utrzymania, ogarni\u0119te l\u0119kiem o przysz\u0142o\u015b\u0107 swoj\u0105 i swoich najbli\u017cszych. Pami\u0119tajmy w modlitwie tak\u017ce o zmar\u0142ych i ich rodzinach, kt\u00f3re prze\u017cywaj\u0105 dramatyczne chwile.\u00a0Zach\u0119camy do modlitwy o to, by\u015bmy mogli jak najszybciej powr\u00f3ci\u0107 do stanu sprzed epidemii i pe\u0142nego uczestnictwa w \u017cyciu sakramentalnym Ko\u015bcio\u0142a.<\/li>\n<li>Dzi\u0119kujemy tym, kt\u00f3rzy nios\u0105 pomoc osobom chorym, ludziom pozostaj\u0105cym w \u015bcis\u0142ej izolacji i seniorom: lekarzom, piel\u0119gniarkom, ratownikom, diagnostom laboratoryjnym, aptekarzom, pracownikom medycznym i sanitarnym oraz wszystkim s\u0142u\u017cbom, a tak\u017ce osobom pracuj\u0105cym\u00a0w innych bran\u017cach, kt\u00f3re w czasie epidemii dbaj\u0105 o nasze bezpiecze\u0144stwo, nara\u017caj\u0105c swoje zdrowie i \u017cycie.\u00a0 Podzi\u0119kowania kierujemy r\u00f3wnie\u017c do wolontariuszy, harcerzy, si\u00f3str zakonnych, zakonnik\u00f3w, kapelan\u00f3w szpitalnych i organizacji charytatywnych na czele z Caritas Polska i diecezjalnymi oddzia\u0142ami Caritas.<\/li>\n<li>W trosce o bezpiecze\u0144stwo spo\u0142eczne, z odpowiedzialno\u015bci\u0105 przyjmujemy pa\u0144stwowe ograniczenia sanitarne spowodowane stanem epidemii, cho\u0107 s\u0105 trudne i bolesne dla wielu z nas. Jednocze\u015bnie, w zwi\u0105zku z planowanym przez Rz\u0105d znoszeniem restrykcji chcemy podkre\u015bli\u0107 \u2013 tak jak wcze\u015bniej zaznaczy\u0142 Przewodnicz\u0105cy Episkopatu Polski abp Stanis\u0142aw G\u0105decki \u2013 potrzeb\u0119 bardziej sp\u00f3jnego, proporcjonalnego i sprawiedliwego kryterium znoszenia ogranicze\u0144 dopuszczalnej liczby wiernych w ko\u015bcio\u0142ach, podobnie jak to ma miejsce w przypadku innych podmiot\u00f3w.<\/li>\n<li>W obecnej sytuacji bardzo dzi\u0119kujemy ksi\u0119\u017com i wiernym za odpowiedzialne przestrzeganie zarz\u0105dze\u0144 s\u0142u\u017cb sanitarnych i w\u0142adz pa\u0144stwowych w duchu chrze\u015bcija\u0144skiej mi\u0142o\u015bci bli\u017aniego. Zach\u0119camy, w miar\u0119 istniej\u0105cych mo\u017cliwo\u015bci, do uczestnictwa w Mszach \u015bw. i nabo\u017ce\u0144stwach w ko\u015bcio\u0142ach. Prosimy ksi\u0119\u017cy proboszcz\u00f3w o organizowanie w parafiach mo\u017cliwo\u015bci przyst\u0105pienia do spowiedzi \u015bwi\u0119tej. Niech to b\u0119dzie okazja do wype\u0142nienia IV przykazania ko\u015bcielnego, aby \u201eprzynajmniej raz w roku, w okresie wielkanocnym, przyj\u0105\u0107 Komuni\u0119 \u015awi\u0119t\u0105\u201d, poprzedzon\u0105 sakramentem pokuty i pojednania. Z zachowaniem wszelkich zarz\u0105dze\u0144 w\u0142adz sanitarnych i pa\u0144stwowych zach\u0119camy do uczestnictwa w nabo\u017ce\u0144stwach majowych. Mog\u0105 one by\u0107 dobr\u0105 okazj\u0105 duszpastersk\u0105 do powr\u00f3cenia w ko\u015bcio\u0142ach do \u017cycia sakramentalnego os\u00f3b, kt\u00f3re tego pragn\u0105.<\/li>\n<li>W zwi\u0105zku z utrzymuj\u0105cym si\u0119 stanem epidemii przypominamy, \u017ce nadal obowi\u0105zuj\u0105 udzielone przez ksi\u0119\u017cy biskup\u00f3w dyspensy od uczestnictwa w Mszy \u015bwi\u0119tej w niedziele i uroczysto\u015bci. Wyra\u017camy wdzi\u0119czno\u015b\u0107 \u015brodkom spo\u0142ecznego przekazu i parafiom za transmisje liturgii w telewizji, radiu i internecie. Nie powinno to jednak os\u0142abi\u0107 naszej woli do przyst\u0119powania do sakrament\u00f3w \u015bwi\u0119tych w naszych ko\u015bcio\u0142ach. Ci, kt\u00f3rzy \u2013 z powodu wprowadzonych limit\u00f3w \u2013 nie maj\u0105 takiej mo\u017cliwo\u015bci w niedziel\u0119, mog\u0105 uczestniczy\u0107 w Mszach \u015bw. w \u015bwi\u0105tyniach w inne dni tygodnia.\u00a0Przywo\u0142ujemy w tym miejscu s\u0142owa Ojca \u015awi\u0119tego Franciszka, kt\u00f3ry przestrzeg\u0142 przed niebezpiecze\u0144stwem ograniczania praktykowania wiary wy\u0142\u0105cznie do wymiaru wirtualnego.<\/li>\n<li>Dnia 18 maja b\u0119dziemy prze\u017cywali setn\u0105 rocznic\u0119 urodzin \u015bw. Jana Paw\u0142a II. Tego dnia Papie\u017c Franciszek b\u0119dzie modli\u0142 si\u0119 u grobu \u015bw. Jana Paw\u0142a II, za co wyra\u017camy wielk\u0105 wdzi\u0119czno\u015b\u0107 Ojcu \u015awi\u0119temu. Zach\u0119camy do duchowej \u0142\u0105czno\u015bci z Nast\u0119pc\u0105 \u015awi\u0119tego Piotra w t\u0119 rocznic\u0119, kt\u00f3ra jest tak wa\u017cna dla Polak\u00f3w i ca\u0142ego Ko\u015bcio\u0142a. Prosimy r\u00f3wnie\u017c o modlitw\u0119 w intencji Papie\u017ca Franciszka.<\/li>\n<\/ol>\n<p>Prosimy ksi\u0119\u017cy biskup\u00f3w, aby w niedziel\u0119 17 maja lub 18 maja br. we wszystkich katedrach, ko\u015bcio\u0142ach i kaplicach w Polsce by\u0142y sprawowane Msze \u015awi\u0119te jako diecezjalne i parafialne dzi\u0119kczynienie za \u017cycie i pontyfikat \u015bw. Jana Paw\u0142a II. Ponadto w niedziel\u0119 17 maja b\u0119dzie czytany w ko\u015bcio\u0142ach list Prezydium Konferencji Episkopatu Polski na 100-lecie urodzin Papie\u017ca Polaka. Zapraszamy do zaanga\u017cowania si\u0119 w obchody stulecia urodzin naszego wielkiego Rodaka poprzez przypominanie jego nauczania, \u015bwiadectwa \u017cycia, tw\u00f3rczo\u015bci oraz przez wsparcie dzie\u0142 charytatywnych.<\/p>\n<ol start=\"7\">\n<li>Wyczekiwana przez nas beatyfikacja Prymasa Polski kard. Stefana Wyszy\u0144skiego, przewidziana na 7 czerwca 2020 roku w Warszawie, zosta\u0142a z powodu epidemii przeniesiona. Nowy termin zostanie ustalony i podany do publicznej wiadomo\u015bci wtedy, kiedy pozwoli na to sytuacja epidemiologiczna.<\/li>\n<li>Dzisiaj, 2 maja, gdy obchodzimy Dzie\u0144 Polonii i Polak\u00f3w za Granic\u0105, kierujemy do naszych Rodak\u00f3w serdeczne pozdrowienia i zapewniamy o modlitwie przed Cudownym Obrazem Matki Bo\u017cej Cz\u0119stochowskiej na Jasnej G\u00f3rze.<\/li>\n<li>Dobremu Bogu, za wstawiennictwem \u015bw. Jana Paw\u0142a II, powierzamy przysz\u0142o\u015b\u0107 duchow\u0105 i materialn\u0105 naszej Ojczyzny.\u00a0Dnia 3 maja, podczas Mszy \u015bw. o godz. 11.00 na Jasnej G\u00f3rze, b\u0119dzie mia\u0142o miejsce zawierzenie\u00a0Polski Naj\u015bwi\u0119tszemu Sercu Jezusa i Matce Bo\u017cej Kr\u00f3lowej Polski, kt\u00f3rego dokona abp Stanis\u0142aw G\u0105decki, Przewodnicz\u0105cy Konferencji Episkopatu Polski.<\/li>\n<\/ol>\n<p>Z Jasnej G\u00f3ry, od tronu Maryi Kr\u00f3lowej Polski, biskupi Rady Sta\u0142ej Konferencji Episkopatu Polski b\u0142ogos\u0142awi\u0105 Ojczy\u017anie i Polakom w kraju i za granic\u0105.<\/p>\n<p>Jasna G\u00f3ra, 2 maja 2020 roku<\/p>\n","protected":false},"excerpt":{"rendered":"<p>Zach\u0119camy, w miar\u0119 istniej\u0105cych mo\u017cliwo\u015bci, do uczestnictwa w Mszach \u015bw. i nabo\u017ce\u0144stwach w ko\u015bcio\u0142ach \u2013 podkre\u015bla Rada Sta\u0142a Konferencji Episkopatu Polski w komunikacie wydanym po sobotnim posiedzeniu na Jasnej G\u00f3rze. Biskupi zastrzegaj\u0105 jednocze\u015bnie, \u017ce podczas liturgii nadal musz\u0105 by\u0107 przestrzegane pa\u0144stwowe ograniczenia sanitarne zwi\u0105zane z epidemi\u0105. Rada Sta\u0142a Episkopatu przypomina, \u017ce w zwi\u0105zku z utrzymuj\u0105cym &hellip;<\/p>\n","protected":false},"author":2,"featured_media":13671,"comment_status":"closed","ping_status":"open","sticky":false,"template":"","format":"standard","meta":{"_mi_skip_tracking":false,"_exactmetrics_sitenote_active":false,"_exactmetrics_sitenote_note":"","_exactmetrics_sitenote_category":0},"categories":[7],"tags":[],"yoast_head":"<!-- This site is optimized with the Yoast SEO plugin v18.1 - https:\/\/yoast.com\/wordpress\/plugins\/seo\/ -->\n<title>Biskupi zach\u0119caj\u0105 do uczestnictwa w Mszach \u015bw. z zachowaniem zasad sanitarnych - Pako\u015b\u0107 \u2013 Kalwaria<\/title>\n<meta name=\"robots\" content=\"index, follow, max-snippet:-1, max-image-preview:large, max-video-preview:-1\" \/>\n<link rel=\"canonical\" href=\"https:\/\/pakosc-kalwaria.franciszkanie.net\/index.php\/2020\/05\/09\/biskupi-zachecaja-do-uczestnictwa-w-mszach-sw-z-zachowaniem-zasad-sanitarnych\/\" \/>\n<meta property=\"og:locale\" content=\"pl_PL\" \/>\n<meta property=\"og:type\" content=\"article\" \/>\n<meta property=\"og:title\" content=\"Biskupi zach\u0119caj\u0105 do uczestnictwa w Mszach \u015bw. z zachowaniem zasad sanitarnych - Pako\u015b\u0107 \u2013 Kalwaria\" \/>\n<meta property=\"og:description\" content=\"Zach\u0119camy, w miar\u0119 istniej\u0105cych mo\u017cliwo\u015bci, do uczestnictwa w Mszach \u015bw. i nabo\u017ce\u0144stwach w ko\u015bcio\u0142ach \u2013 podkre\u015bla Rada Sta\u0142a Konferencji Episkopatu Polski w komunikacie wydanym po sobotnim posiedzeniu na Jasnej G\u00f3rze. Biskupi zastrzegaj\u0105 jednocze\u015bnie, \u017ce podczas liturgii nadal musz\u0105 by\u0107 przestrzegane pa\u0144stwowe ograniczenia sanitarne zwi\u0105zane z epidemi\u0105. Rada Sta\u0142a Episkopatu przypomina, \u017ce w zwi\u0105zku z utrzymuj\u0105cym &hellip;\" \/>\n<meta property=\"og:url\" content=\"https:\/\/pakosc-kalwaria.franciszkanie.net\/index.php\/2020\/05\/09\/biskupi-zachecaja-do-uczestnictwa-w-mszach-sw-z-zachowaniem-zasad-sanitarnych\/\" \/>\n<meta property=\"og:site_name\" content=\"Pako\u015b\u0107 \u2013 Kalwaria\" \/>\n<meta property=\"article:author\" content=\"https:\/\/www.facebook.com\/KalwariaPakosc\/\" \/>\n<meta property=\"article:published_time\" content=\"2020-05-09T06:00:50+00:00\" \/>\n<meta property=\"article:modified_time\" content=\"2020-05-14T19:40:25+00:00\" \/>\n<meta property=\"og:image\" content=\"https:\/\/pakosc-kalwaria.franciszkanie.net\/wp-content\/uploads\/2020\/05\/KomunikatRSKEP-324x235.jpg\" \/>\n\t<meta property=\"og:image:width\" content=\"300\" \/>\n\t<meta property=\"og:image:height\" content=\"218\" \/>\n\t<meta property=\"og:image:type\" content=\"image\/jpeg\" \/>\n<meta name=\"twitter:card\" content=\"summary\" \/>\n<meta name=\"twitter:label1\" content=\"Napisane przez\" \/>\n\t<meta name=\"twitter:data1\" content=\"pakosc-kalwaria\" \/>\n\t<meta name=\"twitter:label2\" content=\"Szacowany czas czytania\" \/>\n\t<meta name=\"twitter:data2\" content=\"9 minut\" \/>\n<script type=\"application\/ld+json\" class=\"yoast-schema-graph\">{\"@context\":\"https:\/\/schema.org\",\"@graph\":[{\"@type\":\"WebSite\",\"@id\":\"https:\/\/pakosc-kalwaria.franciszkanie.net\/#website\",\"url\":\"https:\/\/pakosc-kalwaria.franciszkanie.net\/\",\"name\":\"Pako\u015b\u0107 \u2013 Kalwaria\",\"description\":\"Parafia Rzymsko \u2013 Katolicka p.w. Pana Jezusa Ukrzy\u017cowanego i  Matki Bo\u017cej Bolesnej ul. Barci\u0144ska 60, 88\u2013170 Pako\u015b\u0107 \u2013 Kalwaria\",\"potentialAction\":[{\"@type\":\"SearchAction\",\"target\":{\"@type\":\"EntryPoint\",\"urlTemplate\":\"https:\/\/pakosc-kalwaria.franciszkanie.net\/?s={search_term_string}\"},\"query-input\":\"required name=search_term_string\"}],\"inLanguage\":\"pl-PL\"},{\"@type\":\"ImageObject\",\"@id\":\"https:\/\/pakosc-kalwaria.franciszkanie.net\/index.php\/2020\/05\/09\/biskupi-zachecaja-do-uczestnictwa-w-mszach-sw-z-zachowaniem-zasad-sanitarnych\/#primaryimage\",\"inLanguage\":\"pl-PL\",\"url\":\"https:\/\/pakosc-kalwaria.franciszkanie.net\/wp-content\/uploads\/2020\/05\/KomunikatRSKEP-324x235.jpg\",\"contentUrl\":\"https:\/\/pakosc-kalwaria.franciszkanie.net\/wp-content\/uploads\/2020\/05\/KomunikatRSKEP-324x235.jpg\",\"width\":300,\"height\":218},{\"@type\":\"WebPage\",\"@id\":\"https:\/\/pakosc-kalwaria.franciszkanie.net\/index.php\/2020\/05\/09\/biskupi-zachecaja-do-uczestnictwa-w-mszach-sw-z-zachowaniem-zasad-sanitarnych\/#webpage\",\"url\":\"https:\/\/pakosc-kalwaria.franciszkanie.net\/index.php\/2020\/05\/09\/biskupi-zachecaja-do-uczestnictwa-w-mszach-sw-z-zachowaniem-zasad-sanitarnych\/\",\"name\":\"Biskupi zach\u0119caj\u0105 do uczestnictwa w Mszach \u015bw. z zachowaniem zasad sanitarnych - Pako\u015b\u0107 \u2013 Kalwaria\",\"isPartOf\":{\"@id\":\"https:\/\/pakosc-kalwaria.franciszkanie.net\/#website\"},\"primaryImageOfPage\":{\"@id\":\"https:\/\/pakosc-kalwaria.franciszkanie.net\/index.php\/2020\/05\/09\/biskupi-zachecaja-do-uczestnictwa-w-mszach-sw-z-zachowaniem-zasad-sanitarnych\/#primaryimage\"},\"datePublished\":\"2020-05-09T06:00:50+00:00\",\"dateModified\":\"2020-05-14T19:40:25+00:00\",\"author\":{\"@id\":\"https:\/\/pakosc-kalwaria.franciszkanie.net\/#\/schema\/person\/af10b943be0760709227d060eadcb2aa\"},\"breadcrumb\":{\"@id\":\"https:\/\/pakosc-kalwaria.franciszkanie.net\/index.php\/2020\/05\/09\/biskupi-zachecaja-do-uczestnictwa-w-mszach-sw-z-zachowaniem-zasad-sanitarnych\/#breadcrumb\"},\"inLanguage\":\"pl-PL\",\"potentialAction\":[{\"@type\":\"ReadAction\",\"target\":[\"https:\/\/pakosc-kalwaria.franciszkanie.net\/index.php\/2020\/05\/09\/biskupi-zachecaja-do-uczestnictwa-w-mszach-sw-z-zachowaniem-zasad-sanitarnych\/\"]}]},{\"@type\":\"BreadcrumbList\",\"@id\":\"https:\/\/pakosc-kalwaria.franciszkanie.net\/index.php\/2020\/05\/09\/biskupi-zachecaja-do-uczestnictwa-w-mszach-sw-z-zachowaniem-zasad-sanitarnych\/#breadcrumb\",\"itemListElement\":[{\"@type\":\"ListItem\",\"position\":1,\"name\":\"Strona g\u0142\u00f3wna\",\"item\":\"https:\/\/pakosc-kalwaria.franciszkanie.net\/\"},{\"@type\":\"ListItem\",\"position\":2,\"name\":\"Biskupi zach\u0119caj\u0105 do uczestnictwa w Mszach \u015bw. z zachowaniem zasad sanitarnych\"}]},{\"@type\":\"Person\",\"@id\":\"https:\/\/pakosc-kalwaria.franciszkanie.net\/#\/schema\/person\/af10b943be0760709227d060eadcb2aa\",\"name\":\"pakosc-kalwaria\",\"image\":{\"@type\":\"ImageObject\",\"@id\":\"https:\/\/pakosc-kalwaria.franciszkanie.net\/#personlogo\",\"inLanguage\":\"pl-PL\",\"url\":\"https:\/\/secure.gravatar.com\/avatar\/e7049d338b55eac6a0027ff3218b8d02?s=96&d=mm&r=g\",\"contentUrl\":\"https:\/\/secure.gravatar.com\/avatar\/e7049d338b55eac6a0027ff3218b8d02?s=96&d=mm&r=g\",\"caption\":\"pakosc-kalwaria\"},\"sameAs\":[\"https:\/\/www.facebook.com\/KalwariaPakosc\/\"],\"url\":\"https:\/\/pakosc-kalwaria.franciszkanie.net\/index.php\/author\/pakosc-kalwaria\/\"}]}<\/script>\n<!-- \/ Yoast SEO plugin. -->","yoast_head_json":{"title":"Biskupi zach\u0119caj\u0105 do uczestnictwa w Mszach \u015bw. z zachowaniem zasad sanitarnych - Pako\u015b\u0107 \u2013 Kalwaria","robots":{"index":"index","follow":"follow","max-snippet":"max-snippet:-1","max-image-preview":"max-image-preview:large","max-video-preview":"max-video-preview:-1"},"canonical":"https:\/\/pakosc-kalwaria.franciszkanie.net\/index.php\/2020\/05\/09\/biskupi-zachecaja-do-uczestnictwa-w-mszach-sw-z-zachowaniem-zasad-sanitarnych\/","og_locale":"pl_PL","og_type":"article","og_title":"Biskupi zach\u0119caj\u0105 do uczestnictwa w Mszach \u015bw. z zachowaniem zasad sanitarnych - Pako\u015b\u0107 \u2013 Kalwaria","og_description":"Zach\u0119camy, w miar\u0119 istniej\u0105cych mo\u017cliwo\u015bci, do uczestnictwa w Mszach \u015bw. i nabo\u017ce\u0144stwach w ko\u015bcio\u0142ach \u2013 podkre\u015bla Rada Sta\u0142a Konferencji Episkopatu Polski w komunikacie wydanym po sobotnim posiedzeniu na Jasnej G\u00f3rze. Biskupi zastrzegaj\u0105 jednocze\u015bnie, \u017ce podczas liturgii nadal musz\u0105 by\u0107 przestrzegane pa\u0144stwowe ograniczenia sanitarne zwi\u0105zane z epidemi\u0105. Rada Sta\u0142a Episkopatu przypomina, \u017ce w zwi\u0105zku z utrzymuj\u0105cym &hellip;","og_url":"https:\/\/pakosc-kalwaria.franciszkanie.net\/index.php\/2020\/05\/09\/biskupi-zachecaja-do-uczestnictwa-w-mszach-sw-z-zachowaniem-zasad-sanitarnych\/","og_site_name":"Pako\u015b\u0107 \u2013 Kalwaria","article_author":"https:\/\/www.facebook.com\/KalwariaPakosc\/","article_published_time":"2020-05-09T06:00:50+00:00","article_modified_time":"2020-05-14T19:40:25+00:00","og_image":[{"width":300,"height":218,"url":"https:\/\/pakosc-kalwaria.franciszkanie.net\/wp-content\/uploads\/2020\/05\/KomunikatRSKEP-324x235.jpg","type":"image\/jpeg"}],"twitter_card":"summary","twitter_misc":{"Napisane przez":"pakosc-kalwaria","Szacowany czas czytania":"9 minut"},"schema":{"@context":"https:\/\/schema.org","@graph":[{"@type":"WebSite","@id":"https:\/\/pakosc-kalwaria.franciszkanie.net\/#website","url":"https:\/\/pakosc-kalwaria.franciszkanie.net\/","name":"Pako\u015b\u0107 \u2013 Kalwaria","description":"Parafia Rzymsko \u2013 Katolicka p.w. Pana Jezusa Ukrzy\u017cowanego i  Matki Bo\u017cej Bolesnej ul. Barci\u0144ska 60, 88\u2013170 Pako\u015b\u0107 \u2013 Kalwaria","potentialAction":[{"@type":"SearchAction","target":{"@type":"EntryPoint","urlTemplate":"https:\/\/pakosc-kalwaria.franciszkanie.net\/?s={search_term_string}"},"query-input":"required name=search_term_string"}],"inLanguage":"pl-PL"},{"@type":"ImageObject","@id":"https:\/\/pakosc-kalwaria.franciszkanie.net\/index.php\/2020\/05\/09\/biskupi-zachecaja-do-uczestnictwa-w-mszach-sw-z-zachowaniem-zasad-sanitarnych\/#primaryimage","inLanguage":"pl-PL","url":"https:\/\/pakosc-kalwaria.franciszkanie.net\/wp-content\/uploads\/2020\/05\/KomunikatRSKEP-324x235.jpg","contentUrl":"https:\/\/pakosc-kalwaria.franciszkanie.net\/wp-content\/uploads\/2020\/05\/KomunikatRSKEP-324x235.jpg","width":300,"height":218},{"@type":"WebPage","@id":"https:\/\/pakosc-kalwaria.franciszkanie.net\/index.php\/2020\/05\/09\/biskupi-zachecaja-do-uczestnictwa-w-mszach-sw-z-zachowaniem-zasad-sanitarnych\/#webpage","url":"https:\/\/pakosc-kalwaria.franciszkanie.net\/index.php\/2020\/05\/09\/biskupi-zachecaja-do-uczestnictwa-w-mszach-sw-z-zachowaniem-zasad-sanitarnych\/","name":"Biskupi zach\u0119caj\u0105 do uczestnictwa w Mszach \u015bw. z zachowaniem zasad sanitarnych - Pako\u015b\u0107 \u2013 Kalwaria","isPartOf":{"@id":"https:\/\/pakosc-kalwaria.franciszkanie.net\/#website"},"primaryImageOfPage":{"@id":"https:\/\/pakosc-kalwaria.franciszkanie.net\/index.php\/2020\/05\/09\/biskupi-zachecaja-do-uczestnictwa-w-mszach-sw-z-zachowaniem-zasad-sanitarnych\/#primaryimage"},"datePublished":"2020-05-09T06:00:50+00:00","dateModified":"2020-05-14T19:40:25+00:00","author":{"@id":"https:\/\/pakosc-kalwaria.franciszkanie.net\/#\/schema\/person\/af10b943be0760709227d060eadcb2aa"},"breadcrumb":{"@id":"https:\/\/pakosc-kalwaria.franciszkanie.net\/index.php\/2020\/05\/09\/biskupi-zachecaja-do-uczestnictwa-w-mszach-sw-z-zachowaniem-zasad-sanitarnych\/#breadcrumb"},"inLanguage":"pl-PL","potentialAction":[{"@type":"ReadAction","target":["https:\/\/pakosc-kalwaria.franciszkanie.net\/index.php\/2020\/05\/09\/biskupi-zachecaja-do-uczestnictwa-w-mszach-sw-z-zachowaniem-zasad-sanitarnych\/"]}]},{"@type":"BreadcrumbList","@id":"https:\/\/pakosc-kalwaria.franciszkanie.net\/index.php\/2020\/05\/09\/biskupi-zachecaja-do-uczestnictwa-w-mszach-sw-z-zachowaniem-zasad-sanitarnych\/#breadcrumb","itemListElement":[{"@type":"ListItem","position":1,"name":"Strona g\u0142\u00f3wna","item":"https:\/\/pakosc-kalwaria.franciszkanie.net\/"},{"@type":"ListItem","position":2,"name":"Biskupi zach\u0119caj\u0105 do uczestnictwa w Mszach \u015bw. z zachowaniem zasad sanitarnych"}]},{"@type":"Person","@id":"https:\/\/pakosc-kalwaria.franciszkanie.net\/#\/schema\/person\/af10b943be0760709227d060eadcb2aa","name":"pakosc-kalwaria","image":{"@type":"ImageObject","@id":"https:\/\/pakosc-kalwaria.franciszkanie.net\/#personlogo","inLanguage":"pl-PL","url":"https:\/\/secure.gravatar.com\/avatar\/e7049d338b55eac6a0027ff3218b8d02?s=96&d=mm&r=g","contentUrl":"https:\/\/secure.gravatar.com\/avatar\/e7049d338b55eac6a0027ff3218b8d02?s=96&d=mm&r=g","caption":"pakosc-kalwaria"},"sameAs":["https:\/\/www.facebook.com\/KalwariaPakosc\/"],"url":"https:\/\/pakosc-kalwaria.franciszkanie.net\/index.php\/author\/pakosc-kalwaria\/"}]}},"_links":{"self":[{"href":"https:\/\/pakosc-kalwaria.franciszkanie.net\/index.php\/wp-json\/wp\/v2\/posts\/13670"}],"collection":[{"href":"https:\/\/pakosc-kalwaria.franciszkanie.net\/index.php\/wp-json\/wp\/v2\/posts"}],"about":[{"href":"https:\/\/pakosc-kalwaria.franciszkanie.net\/index.php\/wp-json\/wp\/v2\/types\/post"}],"author":[{"embeddable":true,"href":"https:\/\/pakosc-kalwaria.franciszkanie.net\/index.php\/wp-json\/wp\/v2\/users\/2"}],"replies":[{"embeddable":true,"href":"https:\/\/pakosc-kalwaria.franciszkanie.net\/index.php\/wp-json\/wp\/v2\/comments?post=13670"}],"version-history":[{"count":1,"href":"https:\/\/pakosc-kalwaria.franciszkanie.net\/index.php\/wp-json\/wp\/v2\/posts\/13670\/revisions"}],"predecessor-version":[{"id":13672,"href":"https:\/\/pakosc-kalwaria.franciszkanie.net\/index.php\/wp-json\/wp\/v2\/posts\/13670\/revisions\/13672"}],"wp:featuredmedia":[{"embeddable":true,"href":"https:\/\/pakosc-kalwaria.franciszkanie.net\/index.php\/wp-json\/wp\/v2\/media\/13671"}],"wp:attachment":[{"href":"https:\/\/pakosc-kalwaria.franciszkanie.net\/index.php\/wp-json\/wp\/v2\/media?parent=13670"}],"wp:term":[{"taxonomy":"category","embeddable":true,"href":"https:\/\/pakosc-kalwaria.franciszkanie.net\/index.php\/wp-json\/wp\/v2\/categories?post=13670"},{"taxonomy":"post_tag","embeddable":true,"href":"https:\/\/pakosc-kalwaria.franciszkanie.net\/index.php\/wp-json\/wp\/v2\/tags?post=13670"}],"curies":[{"name":"wp","href":"https:\/\/api.w.org\/{rel}","templated":true}]}}