{"id":13682,"date":"2020-05-21T16:00:40","date_gmt":"2020-05-21T14:00:40","guid":{"rendered":"http:\/\/pakosc-kalwaria.franciszkanie.net\/?p=13682"},"modified":"2020-05-26T10:30:40","modified_gmt":"2020-05-26T08:30:40","slug":"nabozenstwa-majowe-w-kalwaryjskim-sanktuarium","status":"publish","type":"post","link":"https:\/\/pakosc-kalwaria.franciszkanie.net\/index.php\/2020\/05\/21\/nabozenstwa-majowe-w-kalwaryjskim-sanktuarium\/","title":{"rendered":"Nabo\u017ce\u0144stwa majowe w kalwaryjskim Sanktuarium"},"content":{"rendered":"<div class=\"entry-content\">\n<div class=\"post_content\">\n<p><strong>W maju codziennie w Sanktuarium Krzy\u017ca \u015awi\u0119tego na kalwaryjskim Wzg\u00f3rzu odprawiamy <span style=\"color: #ff0000;\">nabo\u017ce\u0144stwa majowe<\/span> ku czci Matki Bo\u017cej <span style=\"color: #ff0000;\">w <\/span><\/strong><strong><span style=\"color: #ff0000;\">tygodniu o 16.30, a w niedziele o 10.30. <\/span>Ze wzgl\u0119du na epidemi\u0119 koronawirusa zach\u0119camy tak\u017ce do codziennego odmawiania Litanii ku czci Matki Bo\u017cej w waszych domach i rodzinach.<br \/>\n<\/strong><\/p>\n<p><strong>Od szeregu lat w ca\u0142ej Polsce ustali\u0142 si\u0119 porz\u0105dek nabo\u017ce\u0144stw majowych. Obejmuje on: wystawienie Naj\u015bwi\u0119tszego Sakramentu, od\u015bpiewanie litanii Loreta\u0144skiej i antyfony: \u201ePod Twoj\u0105 obron\u0119\u201d, okoliczno\u015bciow\u0105 czytank\u0119, b\u0142ogos\u0142awie\u0144stwo Naj\u015bwi\u0119tszym Sakramentem i pie\u015b\u0144 maryjn\u0105 na zako\u0144czenie.<\/strong><\/p>\n<p><strong><br \/>\nChwalcie \u0142\u0105ki umajone,<\/strong><br \/>\nG\u00f3ry, doliny zielone.<br \/>\nChwalcie, cieniste gaiki,<br \/>\n\u0179r\u00f3d\u0142a i kr\u0119te strumyki!<\/p>\n<p>Co igra z morza falami,<br \/>\nW powietrzu buja skrzyd\u0142ami,<br \/>\nChwalcie z nami Pani\u0105 \u015awiata,<br \/>\nJej d\u0142o\u0144 nasza wieniec splata.<\/p>\n<p>Ona dzie\u0142 Boskich korona,<br \/>\nNad Anio\u0142y wywy\u017cszona;<br \/>\nCho\u0107 jest Pani\u0105 nieba, ziemi,<br \/>\nNie gardzi dary naszymi.<\/p>\n<p>Wdzi\u0119cznym strumyki mruczeniem,<br \/>\nPtasz\u0119ta s\u0142odkim kwileniem,<br \/>\nI co czuje, i co \u017cyje,<br \/>\nNiech z nami s1awi Maryj\u0119!<\/p>\n<p><strong><br \/>\n\u201eNajpi\u0119kniejszy miesi\u0105c maj, Twoim Matko jest od lat.<\/strong><br \/>\nNajpi\u0119kniejszy miesi\u0105c maj, gdy Ci\u0119 wielbi ca\u0142y \u015bwiat.<br \/>\nKa\u017cde serce w taki czas, chce dla Ciebie tylko bi\u0107<br \/>\nKa\u017cde serce w taki czas, chce dla Ciebie tylko \u017cy\u0107.<\/p>\n<p>Bo\u015b Ty Matko zawsze w maju taka \u017cywa.<br \/>\nBo\u015b tak bliska, taka polska i prawdziwa.<br \/>\nB\u0142ogos\u0142awisz, wznosz\u0105c d\u0142onie nad polami.<br \/>\nJeste\u015b w s\u0142o\u0144cu, jeste\u015b w kwiatach, jeste\u015b z nami\u201d.<\/p>\n<p><strong><br \/>\nTradycja nabo\u017ce\u0144stwa majowych<br \/>\n<\/strong>Maj jest w Ko\u015bciele miesi\u0105cem szczeg\u00f3lnie po\u015bwi\u0119conym czci Matki Bo\u017cej. S\u0142ynne \u201emaj\u00f3wki\u201d \u2013 nabo\u017ce\u0144stwa, odprawiane wieczorami w ko\u015bcio\u0142ach, przy grotach, kapliczkach i przydro\u017cnych figurach, na sta\u0142e wpisa\u0142y si\u0119 w krajobraz Polski. Jego centraln\u0105 cz\u0119\u015bci\u0105 jest Litania Loreta\u0144ska. Na Zachodzie po\u015bwi\u0119cenie majowego miesi\u0105ca Matce Bo\u017cej pojawi\u0142o si\u0119 na prze\u0142omie XIII i XIV w., dzi\u0119ki hiszpa\u0144skiemu kr\u00f3lowi Alfonsowi X. Zach\u0119ca\u0142 on by wieczorami gromadzi\u0107 si\u0119 na wsp\u00f3lnej modlitwie przed figurami Bo\u017cej Rodzicielki. Nabo\u017ce\u0144stwo majowe bardzo szybko sta\u0142o si\u0119 popularne w ca\u0142ej chrze\u015bcija\u0144skiej Europie. W wielu \u017cywotach \u015bwi\u0119tych oraz kronikach zakonnych mo\u017cna wyczyta\u0107 o majowym kulcie Maryi Panny. Papie\u017c Pius IX, zatwierdzi\u0142 obowi\u0105zuj\u0105c\u0105 do naszych czas\u00f3w form\u0119 nabo\u017ce\u0144stwa, sk\u0142adaj\u0105cego si\u0119 z Litanii Loreta\u0144skiej, nauki kap\u0142ana oraz uroczystego b\u0142ogos\u0142awie\u0144stwa Naj\u015bwi\u0119tszym Sakramentem. W Polsce pierwsze odnotowane nabo\u017ce\u0144stwa majowe zosta\u0142y wprowadzone w 1838 r. przez jezuit\u00f3w w Tarnopolu.<br \/>\nLitania Loreta\u0144ska, kt\u00f3ra jest g\u0142\u00f3wn\u0105 cz\u0119\u015bci\u0105 nabo\u017ce\u0144stw majowych, powsta\u0142a prawdopodobnie ju\u017c w XII w. we Francji. Zebrane wezwania s\u0142awi\u0105ce Maryj\u0119 Pann\u0119 zatwierdzi\u0142 11 czerwca 1587 r. papie\u017c Sykstus V. Swoj\u0105 nazw\u0119 zawdzi\u0119cza w\u0142oskiej miejscowo\u015bci Loretto, gdzie by\u0142a niezwykle popularna.<\/p>\n<\/div>\n<\/div>\n","protected":false},"excerpt":{"rendered":"<p>W maju codziennie w Sanktuarium Krzy\u017ca \u015awi\u0119tego na kalwaryjskim Wzg\u00f3rzu odprawiamy nabo\u017ce\u0144stwa majowe ku czci Matki Bo\u017cej w tygodniu o 16.30, a w niedziele o 10.30. Ze wzgl\u0119du na epidemi\u0119 koronawirusa zach\u0119camy tak\u017ce do codziennego odmawiania Litanii ku czci Matki Bo\u017cej w waszych domach i rodzinach. Od szeregu lat w ca\u0142ej Polsce ustali\u0142 si\u0119 porz\u0105dek &hellip;<\/p>\n","protected":false},"author":2,"featured_media":13683,"comment_status":"closed","ping_status":"open","sticky":false,"template":"","format":"standard","meta":{"_mi_skip_tracking":false,"_exactmetrics_sitenote_active":false,"_exactmetrics_sitenote_note":"","_exactmetrics_sitenote_category":0},"categories":[13,14],"tags":[],"yoast_head":"<!-- This site is optimized with the Yoast SEO plugin v18.1 - https:\/\/yoast.com\/wordpress\/plugins\/seo\/ -->\n<title>Nabo\u017ce\u0144stwa majowe w kalwaryjskim Sanktuarium - Pako\u015b\u0107 \u2013 Kalwaria<\/title>\n<meta name=\"robots\" content=\"index, follow, max-snippet:-1, max-image-preview:large, max-video-preview:-1\" \/>\n<link rel=\"canonical\" href=\"https:\/\/pakosc-kalwaria.franciszkanie.net\/index.php\/2020\/05\/21\/nabozenstwa-majowe-w-kalwaryjskim-sanktuarium\/\" \/>\n<meta property=\"og:locale\" content=\"pl_PL\" \/>\n<meta property=\"og:type\" content=\"article\" \/>\n<meta property=\"og:title\" content=\"Nabo\u017ce\u0144stwa majowe w kalwaryjskim Sanktuarium - Pako\u015b\u0107 \u2013 Kalwaria\" \/>\n<meta property=\"og:description\" content=\"W maju codziennie w Sanktuarium Krzy\u017ca \u015awi\u0119tego na kalwaryjskim Wzg\u00f3rzu odprawiamy nabo\u017ce\u0144stwa majowe ku czci Matki Bo\u017cej w tygodniu o 16.30, a w niedziele o 10.30. Ze wzgl\u0119du na epidemi\u0119 koronawirusa zach\u0119camy tak\u017ce do codziennego odmawiania Litanii ku czci Matki Bo\u017cej w waszych domach i rodzinach. Od szeregu lat w ca\u0142ej Polsce ustali\u0142 si\u0119 porz\u0105dek &hellip;\" \/>\n<meta property=\"og:url\" content=\"https:\/\/pakosc-kalwaria.franciszkanie.net\/index.php\/2020\/05\/21\/nabozenstwa-majowe-w-kalwaryjskim-sanktuarium\/\" \/>\n<meta property=\"og:site_name\" content=\"Pako\u015b\u0107 \u2013 Kalwaria\" \/>\n<meta property=\"article:author\" content=\"https:\/\/www.facebook.com\/KalwariaPakosc\/\" \/>\n<meta property=\"article:published_time\" content=\"2020-05-21T14:00:40+00:00\" \/>\n<meta property=\"article:modified_time\" content=\"2020-05-26T08:30:40+00:00\" \/>\n<meta property=\"og:image\" content=\"https:\/\/pakosc-kalwaria.franciszkanie.net\/wp-content\/uploads\/2020\/05\/nabozenstwa_majowe.jpg\" \/>\n\t<meta property=\"og:image:width\" content=\"350\" \/>\n\t<meta property=\"og:image:height\" content=\"262\" \/>\n\t<meta property=\"og:image:type\" content=\"image\/jpeg\" \/>\n<meta name=\"twitter:card\" content=\"summary\" \/>\n<meta name=\"twitter:label1\" content=\"Napisane przez\" \/>\n\t<meta name=\"twitter:data1\" content=\"pakosc-kalwaria\" \/>\n\t<meta name=\"twitter:label2\" content=\"Szacowany czas czytania\" \/>\n\t<meta name=\"twitter:data2\" content=\"2 minuty\" \/>\n<script type=\"application\/ld+json\" class=\"yoast-schema-graph\">{\"@context\":\"https:\/\/schema.org\",\"@graph\":[{\"@type\":\"WebSite\",\"@id\":\"https:\/\/pakosc-kalwaria.franciszkanie.net\/#website\",\"url\":\"https:\/\/pakosc-kalwaria.franciszkanie.net\/\",\"name\":\"Pako\u015b\u0107 \u2013 Kalwaria\",\"description\":\"Parafia Rzymsko \u2013 Katolicka p.w. Pana Jezusa Ukrzy\u017cowanego i  Matki Bo\u017cej Bolesnej ul. Barci\u0144ska 60, 88\u2013170 Pako\u015b\u0107 \u2013 Kalwaria\",\"potentialAction\":[{\"@type\":\"SearchAction\",\"target\":{\"@type\":\"EntryPoint\",\"urlTemplate\":\"https:\/\/pakosc-kalwaria.franciszkanie.net\/?s={search_term_string}\"},\"query-input\":\"required name=search_term_string\"}],\"inLanguage\":\"pl-PL\"},{\"@type\":\"ImageObject\",\"@id\":\"https:\/\/pakosc-kalwaria.franciszkanie.net\/index.php\/2020\/05\/21\/nabozenstwa-majowe-w-kalwaryjskim-sanktuarium\/#primaryimage\",\"inLanguage\":\"pl-PL\",\"url\":\"https:\/\/pakosc-kalwaria.franciszkanie.net\/wp-content\/uploads\/2020\/05\/nabozenstwa_majowe.jpg\",\"contentUrl\":\"https:\/\/pakosc-kalwaria.franciszkanie.net\/wp-content\/uploads\/2020\/05\/nabozenstwa_majowe.jpg\",\"width\":350,\"height\":262},{\"@type\":\"WebPage\",\"@id\":\"https:\/\/pakosc-kalwaria.franciszkanie.net\/index.php\/2020\/05\/21\/nabozenstwa-majowe-w-kalwaryjskim-sanktuarium\/#webpage\",\"url\":\"https:\/\/pakosc-kalwaria.franciszkanie.net\/index.php\/2020\/05\/21\/nabozenstwa-majowe-w-kalwaryjskim-sanktuarium\/\",\"name\":\"Nabo\u017ce\u0144stwa majowe w kalwaryjskim Sanktuarium - Pako\u015b\u0107 \u2013 Kalwaria\",\"isPartOf\":{\"@id\":\"https:\/\/pakosc-kalwaria.franciszkanie.net\/#website\"},\"primaryImageOfPage\":{\"@id\":\"https:\/\/pakosc-kalwaria.franciszkanie.net\/index.php\/2020\/05\/21\/nabozenstwa-majowe-w-kalwaryjskim-sanktuarium\/#primaryimage\"},\"datePublished\":\"2020-05-21T14:00:40+00:00\",\"dateModified\":\"2020-05-26T08:30:40+00:00\",\"author\":{\"@id\":\"https:\/\/pakosc-kalwaria.franciszkanie.net\/#\/schema\/person\/af10b943be0760709227d060eadcb2aa\"},\"breadcrumb\":{\"@id\":\"https:\/\/pakosc-kalwaria.franciszkanie.net\/index.php\/2020\/05\/21\/nabozenstwa-majowe-w-kalwaryjskim-sanktuarium\/#breadcrumb\"},\"inLanguage\":\"pl-PL\",\"potentialAction\":[{\"@type\":\"ReadAction\",\"target\":[\"https:\/\/pakosc-kalwaria.franciszkanie.net\/index.php\/2020\/05\/21\/nabozenstwa-majowe-w-kalwaryjskim-sanktuarium\/\"]}]},{\"@type\":\"BreadcrumbList\",\"@id\":\"https:\/\/pakosc-kalwaria.franciszkanie.net\/index.php\/2020\/05\/21\/nabozenstwa-majowe-w-kalwaryjskim-sanktuarium\/#breadcrumb\",\"itemListElement\":[{\"@type\":\"ListItem\",\"position\":1,\"name\":\"Strona g\u0142\u00f3wna\",\"item\":\"https:\/\/pakosc-kalwaria.franciszkanie.net\/\"},{\"@type\":\"ListItem\",\"position\":2,\"name\":\"Nabo\u017ce\u0144stwa majowe w kalwaryjskim Sanktuarium\"}]},{\"@type\":\"Person\",\"@id\":\"https:\/\/pakosc-kalwaria.franciszkanie.net\/#\/schema\/person\/af10b943be0760709227d060eadcb2aa\",\"name\":\"pakosc-kalwaria\",\"image\":{\"@type\":\"ImageObject\",\"@id\":\"https:\/\/pakosc-kalwaria.franciszkanie.net\/#personlogo\",\"inLanguage\":\"pl-PL\",\"url\":\"https:\/\/secure.gravatar.com\/avatar\/e7049d338b55eac6a0027ff3218b8d02?s=96&d=mm&r=g\",\"contentUrl\":\"https:\/\/secure.gravatar.com\/avatar\/e7049d338b55eac6a0027ff3218b8d02?s=96&d=mm&r=g\",\"caption\":\"pakosc-kalwaria\"},\"sameAs\":[\"https:\/\/www.facebook.com\/KalwariaPakosc\/\"],\"url\":\"https:\/\/pakosc-kalwaria.franciszkanie.net\/index.php\/author\/pakosc-kalwaria\/\"}]}<\/script>\n<!-- \/ Yoast SEO plugin. -->","yoast_head_json":{"title":"Nabo\u017ce\u0144stwa majowe w kalwaryjskim Sanktuarium - Pako\u015b\u0107 \u2013 Kalwaria","robots":{"index":"index","follow":"follow","max-snippet":"max-snippet:-1","max-image-preview":"max-image-preview:large","max-video-preview":"max-video-preview:-1"},"canonical":"https:\/\/pakosc-kalwaria.franciszkanie.net\/index.php\/2020\/05\/21\/nabozenstwa-majowe-w-kalwaryjskim-sanktuarium\/","og_locale":"pl_PL","og_type":"article","og_title":"Nabo\u017ce\u0144stwa majowe w kalwaryjskim Sanktuarium - Pako\u015b\u0107 \u2013 Kalwaria","og_description":"W maju codziennie w Sanktuarium Krzy\u017ca \u015awi\u0119tego na kalwaryjskim Wzg\u00f3rzu odprawiamy nabo\u017ce\u0144stwa majowe ku czci Matki Bo\u017cej w tygodniu o 16.30, a w niedziele o 10.30. Ze wzgl\u0119du na epidemi\u0119 koronawirusa zach\u0119camy tak\u017ce do codziennego odmawiania Litanii ku czci Matki Bo\u017cej w waszych domach i rodzinach. Od szeregu lat w ca\u0142ej Polsce ustali\u0142 si\u0119 porz\u0105dek &hellip;","og_url":"https:\/\/pakosc-kalwaria.franciszkanie.net\/index.php\/2020\/05\/21\/nabozenstwa-majowe-w-kalwaryjskim-sanktuarium\/","og_site_name":"Pako\u015b\u0107 \u2013 Kalwaria","article_author":"https:\/\/www.facebook.com\/KalwariaPakosc\/","article_published_time":"2020-05-21T14:00:40+00:00","article_modified_time":"2020-05-26T08:30:40+00:00","og_image":[{"width":350,"height":262,"url":"https:\/\/pakosc-kalwaria.franciszkanie.net\/wp-content\/uploads\/2020\/05\/nabozenstwa_majowe.jpg","type":"image\/jpeg"}],"twitter_card":"summary","twitter_misc":{"Napisane przez":"pakosc-kalwaria","Szacowany czas czytania":"2 minuty"},"schema":{"@context":"https:\/\/schema.org","@graph":[{"@type":"WebSite","@id":"https:\/\/pakosc-kalwaria.franciszkanie.net\/#website","url":"https:\/\/pakosc-kalwaria.franciszkanie.net\/","name":"Pako\u015b\u0107 \u2013 Kalwaria","description":"Parafia Rzymsko \u2013 Katolicka p.w. Pana Jezusa Ukrzy\u017cowanego i  Matki Bo\u017cej Bolesnej ul. Barci\u0144ska 60, 88\u2013170 Pako\u015b\u0107 \u2013 Kalwaria","potentialAction":[{"@type":"SearchAction","target":{"@type":"EntryPoint","urlTemplate":"https:\/\/pakosc-kalwaria.franciszkanie.net\/?s={search_term_string}"},"query-input":"required name=search_term_string"}],"inLanguage":"pl-PL"},{"@type":"ImageObject","@id":"https:\/\/pakosc-kalwaria.franciszkanie.net\/index.php\/2020\/05\/21\/nabozenstwa-majowe-w-kalwaryjskim-sanktuarium\/#primaryimage","inLanguage":"pl-PL","url":"https:\/\/pakosc-kalwaria.franciszkanie.net\/wp-content\/uploads\/2020\/05\/nabozenstwa_majowe.jpg","contentUrl":"https:\/\/pakosc-kalwaria.franciszkanie.net\/wp-content\/uploads\/2020\/05\/nabozenstwa_majowe.jpg","width":350,"height":262},{"@type":"WebPage","@id":"https:\/\/pakosc-kalwaria.franciszkanie.net\/index.php\/2020\/05\/21\/nabozenstwa-majowe-w-kalwaryjskim-sanktuarium\/#webpage","url":"https:\/\/pakosc-kalwaria.franciszkanie.net\/index.php\/2020\/05\/21\/nabozenstwa-majowe-w-kalwaryjskim-sanktuarium\/","name":"Nabo\u017ce\u0144stwa majowe w kalwaryjskim Sanktuarium - Pako\u015b\u0107 \u2013 Kalwaria","isPartOf":{"@id":"https:\/\/pakosc-kalwaria.franciszkanie.net\/#website"},"primaryImageOfPage":{"@id":"https:\/\/pakosc-kalwaria.franciszkanie.net\/index.php\/2020\/05\/21\/nabozenstwa-majowe-w-kalwaryjskim-sanktuarium\/#primaryimage"},"datePublished":"2020-05-21T14:00:40+00:00","dateModified":"2020-05-26T08:30:40+00:00","author":{"@id":"https:\/\/pakosc-kalwaria.franciszkanie.net\/#\/schema\/person\/af10b943be0760709227d060eadcb2aa"},"breadcrumb":{"@id":"https:\/\/pakosc-kalwaria.franciszkanie.net\/index.php\/2020\/05\/21\/nabozenstwa-majowe-w-kalwaryjskim-sanktuarium\/#breadcrumb"},"inLanguage":"pl-PL","potentialAction":[{"@type":"ReadAction","target":["https:\/\/pakosc-kalwaria.franciszkanie.net\/index.php\/2020\/05\/21\/nabozenstwa-majowe-w-kalwaryjskim-sanktuarium\/"]}]},{"@type":"BreadcrumbList","@id":"https:\/\/pakosc-kalwaria.franciszkanie.net\/index.php\/2020\/05\/21\/nabozenstwa-majowe-w-kalwaryjskim-sanktuarium\/#breadcrumb","itemListElement":[{"@type":"ListItem","position":1,"name":"Strona g\u0142\u00f3wna","item":"https:\/\/pakosc-kalwaria.franciszkanie.net\/"},{"@type":"ListItem","position":2,"name":"Nabo\u017ce\u0144stwa majowe w kalwaryjskim Sanktuarium"}]},{"@type":"Person","@id":"https:\/\/pakosc-kalwaria.franciszkanie.net\/#\/schema\/person\/af10b943be0760709227d060eadcb2aa","name":"pakosc-kalwaria","image":{"@type":"ImageObject","@id":"https:\/\/pakosc-kalwaria.franciszkanie.net\/#personlogo","inLanguage":"pl-PL","url":"https:\/\/secure.gravatar.com\/avatar\/e7049d338b55eac6a0027ff3218b8d02?s=96&d=mm&r=g","contentUrl":"https:\/\/secure.gravatar.com\/avatar\/e7049d338b55eac6a0027ff3218b8d02?s=96&d=mm&r=g","caption":"pakosc-kalwaria"},"sameAs":["https:\/\/www.facebook.com\/KalwariaPakosc\/"],"url":"https:\/\/pakosc-kalwaria.franciszkanie.net\/index.php\/author\/pakosc-kalwaria\/"}]}},"_links":{"self":[{"href":"https:\/\/pakosc-kalwaria.franciszkanie.net\/index.php\/wp-json\/wp\/v2\/posts\/13682"}],"collection":[{"href":"https:\/\/pakosc-kalwaria.franciszkanie.net\/index.php\/wp-json\/wp\/v2\/posts"}],"about":[{"href":"https:\/\/pakosc-kalwaria.franciszkanie.net\/index.php\/wp-json\/wp\/v2\/types\/post"}],"author":[{"embeddable":true,"href":"https:\/\/pakosc-kalwaria.franciszkanie.net\/index.php\/wp-json\/wp\/v2\/users\/2"}],"replies":[{"embeddable":true,"href":"https:\/\/pakosc-kalwaria.franciszkanie.net\/index.php\/wp-json\/wp\/v2\/comments?post=13682"}],"version-history":[{"count":1,"href":"https:\/\/pakosc-kalwaria.franciszkanie.net\/index.php\/wp-json\/wp\/v2\/posts\/13682\/revisions"}],"predecessor-version":[{"id":13684,"href":"https:\/\/pakosc-kalwaria.franciszkanie.net\/index.php\/wp-json\/wp\/v2\/posts\/13682\/revisions\/13684"}],"wp:featuredmedia":[{"embeddable":true,"href":"https:\/\/pakosc-kalwaria.franciszkanie.net\/index.php\/wp-json\/wp\/v2\/media\/13683"}],"wp:attachment":[{"href":"https:\/\/pakosc-kalwaria.franciszkanie.net\/index.php\/wp-json\/wp\/v2\/media?parent=13682"}],"wp:term":[{"taxonomy":"category","embeddable":true,"href":"https:\/\/pakosc-kalwaria.franciszkanie.net\/index.php\/wp-json\/wp\/v2\/categories?post=13682"},{"taxonomy":"post_tag","embeddable":true,"href":"https:\/\/pakosc-kalwaria.franciszkanie.net\/index.php\/wp-json\/wp\/v2\/tags?post=13682"}],"curies":[{"name":"wp","href":"https:\/\/api.w.org\/{rel}","templated":true}]}}