{"id":13689,"date":"2020-05-01T12:00:38","date_gmt":"2020-05-01T10:00:38","guid":{"rendered":"http:\/\/pakosc-kalwaria.franciszkanie.net\/?p=13689"},"modified":"2020-05-07T23:43:17","modified_gmt":"2020-05-07T21:43:17","slug":"pierwszy-czwartek-miesiaca-7-maja-msza-swieta-i-adoracja","status":"publish","type":"post","link":"https:\/\/pakosc-kalwaria.franciszkanie.net\/index.php\/2020\/05\/01\/pierwszy-czwartek-miesiaca-7-maja-msza-swieta-i-adoracja\/","title":{"rendered":"Pierwszy Czwartek Miesi\u0105ca \u2013 7 maja. Msza \u015bwi\u0119ta i Adoracja"},"content":{"rendered":"<p><strong><span style=\"color: #ff0000;\">W Pierwsze Czwartki Miesi\u0105ca w czasie Mszy \u015bw. o 17.00<\/span> modlimy si\u0119 o nowe powo\u0142ania\u00a0 kap\u0142a\u0144skie i zakonne oraz za ministrant\u00f3w i ich Rodziny. Ze wzgl\u0119du na epidemi\u0119 koronawirusa Komunia \u015bw. nie b\u0119dzie udzielana pod dwoma postaciami, jak to zazwyczaj czynimy w Pierwsze Czwartki Miesi\u0105ca.<br \/>\n<span style=\"color: #ff0000;\">Okazja do Spowiedzi \u015bw. od 16.30<\/span> w czasie nabo\u017ce\u0144stwa majowego. <\/strong><\/p>\n<p><strong><span style=\"color: #ff0000;\">W Pierwszy Czwartek Miesi\u0105ca 7 maja 2020r. <span style=\"color: #000000;\">wraca<\/span> a<\/span><\/strong><strong><span style=\"color: #ff0000;\">doracja Naj\u015bwi\u0119tszego Sakramentu\u00a0 od 19.00 \u2013 20.00<\/span> z okazj\u0105 do Spowiedzi \u015bwi\u0119tej. W czasie Adoracji modlimy si\u0119 tak\u017ce o nowe powo\u0142ania kap\u0142a\u0144skie, zakonne i misyjne do naszej Prowincji zakonnej pw. \u015bw. Franciszka z Asy\u017cu z siedzib\u0105 w Poznaniu.<br \/>\n<\/strong><\/p>\n<p><strong>Ze wzgl\u0119du na panuj\u0105ce ograniczenia zwi\u0105zane w epidemi\u0105 koronawirusa, w naszym kalwaryjskim ko\u015bciele w czasie Mszy \u015bw., nabo\u017ce\u0144stw i adoracji mo\u017ce przebywa\u0107 <span style=\"color: #ff0000;\">10 os\u00f3b.<\/span><br \/>\n<\/strong><\/p>\n<p><strong><u><br \/>\n<\/u>Adoracja Naj\u015bwi\u0119tszego Sakramentu jest niewyczerpanym \u017ar\u00f3d\u0142em mi\u0142o\u015bci i \u015bwi\u0119to\u015bci<u><br \/>\n<\/u><\/strong>\u201e\u0141aci\u0144skie s\u0142owo adoratio oznacza oddawanie czci i uwielbienie. We wszystkich religiach adoracja nale\u017cy do istotnych element\u00f3w kultu religijnego. Dla chrze\u015bcijan jedynym przedmiotem adoracji s\u0105 Osoby Boskie \u2013 Ojciec, Syn i Duch \u015awi\u0119ty. W tradycji chrze\u015bcija\u0144skiej szczeg\u00f3lne miejsce zajmuje adoracja Naj\u015bwi\u0119tszego Sakramentu, czyli oddawanie boskiej czci i uwielbienia Chrystusowi obecnemu pod postaciami eucharystycznymi. Adoracyjne przebywanie przy Chrystusie eucharystycznym pog\u0142\u0119bia przyja\u017a\u0144 cz\u0142owieka z Bogiem, pozwala otworzy\u0107 przed Nim serce i modli\u0107 si\u0119 w potrzebach w\u0142asnych i innych ludzi. Adoracja Naj\u015bwi\u0119tszego Sakramentu pog\u0142\u0119bia wiar\u0119, nadziej\u0119 i mi\u0142o\u015b\u0107, a nade wszystko przygotowuje do pe\u0142nego zjednoczenia z Chrystusem w Komunii \u015bwi\u0119tej. Taka adoracja jest tak\u017ce \u015bwiadectwem wiary w realn\u0105 obecno\u015b\u0107 Chrystusa w Eucharystii\u201d.<\/p>\n<p><strong>\u201eEucharystia, poj\u0119ta jako zbawcza obecno\u015b\u0107 Jezusa we wsp\u00f3lnocie wiernych i jako jej \u00a0pokarm duchowy,<\/strong> <strong>jest czym\u015b najcenniejszym, co Ko\u015bci\u00f3\u0142 posiada na drogach historii. \u00a0W wielu miejscach adoracja Naj\u015bwi\u0119tszego Sakramentu znajduje swoj\u0105 w\u0142a\u015bciw\u0105 rol\u0119 w \u017cyciu codziennym i staje si\u0119 niewyczerpanym \u017ar\u00f3d\u0142em \u015bwi\u0119to\u015bci. <\/strong><strong><br \/>\n<\/strong><strong>Kult, jakim otaczana jest Eucharystia poza Msz\u0105 \u015bw. ma nieocenion\u0105 warto\u015b\u0107 w \u017cyciu Ko\u015bcio\u0142a.<\/strong> Jest on \u015bci\u015ble zwi\u0105zany ze sprawowaniem Ofiary eucharystycznej. Obecno\u015b\u0107 Chrystusa pod \u015bwi\u0119tymi postaciami, kt\u00f3re s\u0105 zachowane po Mszy \u015bw. \u2013 obecno\u015b\u0107, kt\u00f3ra trwa, dop\u00f3ki istniej\u0105 postaci chleba i wina \u2013 wywodzi si\u0119 ze sprawowania Ofiary i s\u0142u\u017cy Komunii sakramentalnej i duchowej. Jest wi\u0119c zadaniem pasterzy Ko\u015bcio\u0142a, aby r\u00f3wnie\u017c poprzez w\u0142asne \u015bwiadectwo zach\u0119cali do kultu eucharystycznego, do trwania na adoracji przed Chrystusem obecnym pod postaciami eucharystycznymi, szczeg\u00f3lnie podczas wystawienia Naj\u015bwi\u0119tszego Sakramentu.<\/p>\n<p>Pi\u0119knie jest zatrzyma\u0107 si\u0119 z Nim i jak umi\u0142owany Ucze\u0144 oprze\u0107 g\u0142ow\u0119 na Jego piersi (por. J 13,25), poczu\u0107 dotkni\u0119cie niesko\u0144czon\u0105 mi\u0142o\u015bci\u0105 Jego Serca. Je\u017celi chrze\u015bcija\u0144stwo ma si\u0119 wyr\u00f3\u017cnia\u0107 w naszych czasach przede wszystkim \u201esztuk\u0105 modlitwy\u201d, jak nie odczuwa\u0107 odnowionej potrzeby d\u0142u\u017cszego zatrzymania si\u0119 przed Chrystusem obecnym w Naj\u015bwi\u0119tszym Sakramencie na duchowej rozmowie, na cichej adoracji w postawie pe\u0142nej mi\u0142o\u015bci? Ile\u017c to razy, moi drodzy Bracia i Siostry, prze\u017cywa\u0142em to do\u015bwiadczenie i otrzyma\u0142em dzi\u0119ki niemu si\u0142\u0119, pociech\u0119 i wsparcie!<\/p>\n<p>Wielu \u015bwi\u0119tych da\u0142o przyk\u0142ad tej praktyki, wielokrotnie chwalonej i zalecanej przez Magisterium. W spos\u00f3b szczeg\u00f3lny wyr\u00f3\u017cnia\u0142 si\u0119 w tym \u015bw. Alfons Maria Liguori, kt\u00f3ry pisa\u0142: <strong>\u201eW\u015br\u00f3d r\u00f3\u017cnych praktyk pobo\u017cnych adoracja Jezusa sakramentalnego jest pierwsza po sakramentach, najbardziej mi\u0142a Bogu i najbardziej po\u017cyteczna dla nas\u201d.<\/strong> Eucharystia jest nieocenionym skarbem: nie tylko jej sprawowanie, lecz tak\u017ce jej adoracja poza Msz\u0105 \u015bw. pozwala zaczerpn\u0105\u0107 z samego \u017ar\u00f3d\u0142a \u0142aski.<strong>\u201d\u00a0 <\/strong><strong><em>(Jan Pawe\u0142 II, Ecclesia de Eucharistia).<\/em><\/strong><\/p>\n<p><strong>Owoce adoracji<br \/>\n<\/strong>\u201ePierwszym owocem adoracji w \u017cyciu jest najpierw wzrost nadprzyrodzonej wiary. Aby adorowa\u0107, trzeba czyni\u0107 akty wiary. Nie czujemy obecno\u015bci Pana, nie widzimy Go. Aby adorowa\u0107 bia\u0142y, okr\u0105g\u0142y kawa\u0142ek chleba, trzeba naprawd\u0119 oprze\u0107 si\u0119 na s\u0142owie Chrystusa, kt\u00f3re jest prawd\u0105 i nie oszukuje nas, m\u00f3wi\u0105c To jest Cia\u0142o Moje (Mk 14,22). Wzrastaj\u0105c w tym akcie wiary, tzn. w uznaniu tego, kim B\u00f3g jest i co robi, dochodzimy do wiary coraz wi\u0119kszej, bardziej oczyszczonej i rozumnej.<\/p>\n<p>Adoracja odkrywa przed nami nowe \u015bwiat\u0142o, coraz bardziej wype\u0142nione tajemnic\u0105. Oczyszcza inteligencj\u0119, daje wi\u0119ksz\u0105 jasno\u015b\u0107, nawet w sprawach konkretnego \u017cycia, w problemach, kt\u00f3re zdaj\u0105 si\u0119 nie mie\u0107 nic wsp\u00f3lnego z Eucharysti\u0105 \u2013 po prostu dlatego, \u017ce wszystko upraszcza, stawiaj\u0105c nas wobec ostatecznej rzeczywisto\u015bci.<\/p>\n<p>Na dodatek, nawet je\u015bli nie potrafimy tego udowodni\u0107, wiemy dobrze, \u017ce adoracja prowadzi nas do wsp\u00f3\u0142czucia i mi\u0142o\u015bci. Je\u017celi w Eucharystii adorujemy naprawd\u0119 Pana, kt\u00f3ry cierpia\u0142, Pana, kt\u00f3ry by\u0142 do\u015bwiadczony ka\u017cd\u0105 z naszych s\u0142abo\u015bci, kt\u00f3ry przyszed\u0142, by wsp\u00f3\u0142czu\u0107, wybawia\u0107, uzdrawia\u0107, by uwolni\u0107 wi\u0119\u017ani\u00f3w, nie mo\u017cemy nie czyni\u0107 jak On i stopniowo wchodzimy we wsp\u00f3\u0142czucie. Adoruj\u0105c stajemy si\u0119 coraz bardziej podobni do Niego.<\/p>\n<p>Adoracja eucharystyczna przemieni ca\u0142e nasze \u017cycie przez t\u0119 osobist\u0105, ca\u0142kowit\u0105 blisko\u015b\u0107 z Panem. Jezus obecny w tym Sakramencie przychodzi, by mieszka\u0107 w nas i po\u015br\u00f3d, nas. Jego obecno\u015b\u0107 przemienia nas i o\u017cywia. Powoli \u017cycie i uczucia Chrystusa staj\u0105 si\u0119 naszymi, aby\u015bmy mogli w prawdzie powiedzie\u0107: Teraz ju\u017c nie ja \u017cyj\u0119, ale \u017cyje we mnie Chrystus (Ga 2,20).<\/p>\n<p>Adoracja b\u0119dzie nas tak\u017ce uwalnia\u0107 i uzdrawia\u0107, bo to przecie\u017c ten sam Jezus, kt\u00f3ry przyszed\u0142 uwolni\u0107 wi\u0119\u017ani\u00f3w, przywr\u00f3ci\u0107 wzrok niewidomym, kt\u00f3ry przeszed\u0142 przez ziemi\u0119 dobrze czyni\u0105c, jest osobi\u015bcie obecny w Eucharystii.<\/p>\n<p>Adoracja daje nam bardziej wsp\u00f3\u0142pracowa\u0107 w dziele zbawienia, bo adorujemy Chrystusa, kt\u00f3ry naprawia wszelkie zniewagi, wszelkie ba\u0142wochwalstwo, wszelki grzech \u015bwiata pope\u0142niony przeciwko Ojcu \u015awiat\u0142o\u015bci. Gdy przed Komuni\u0105 s\u0142yszymy \u201eOto Baranek Bo\u017cy\u2026\u201d, wierzmy, adorujmy z wiar\u0105 Tego, kt\u00f3ry poprzez sw\u0105 jedyn\u0105 Adoracj\u0119 niesie i g\u0142adzi grzech \u015bwiata. Gdy po\u015bwi\u0119cacie czas na adoracj\u0119 i zdaje si\u0119 wam, \u017ce nic nie robicie, mo\u017cecie uczestniczy\u0107 w zbawieniu \u015bwiata jednocz\u0105c si\u0119 z Chrystusem Zbawicielem.<\/p>\n<p>Adoracja przygotowuje nas r\u00f3wnie\u017c do \u017cycia wiecznego, bo w Eucharystii adorujemy Tego, \u017cy\u0142 na tej ziemi, cierpia\u0142 za nas, zmartwychwsta\u0142 i \u017cyje w niebie. Jedn\u0105 z najg\u0142\u0119bszych tragedii wsp\u00f3\u0142czesnego cz\u0142owieka jest to, \u017ce nie oczekuje on ju\u017c wiecznego szcz\u0119\u015bcia, ale szcz\u0119\u015bcie wi\u0105\u017ce tylko z tym co na ziemi.<\/p>\n<p>W\u0142a\u015bciwo\u015bci\u0105 adoracji eucharystycznej jest zanurzenie nas w tajemnicy Tr\u00f3jcy. Chrystus, kt\u00f3ry przez Ducha wiecznego z\u0142o\u017cy\u0142 Bogu samego siebie jako nieskalan\u0105 ofiar\u0119 (Hbr 9,14), ofiarowuje nas wraz z sob\u0105, w tym samym Duchu \u015awi\u0119tym.<\/p>\n<p>Pro\u015bmy Pana, by\u015bmy ka\u017cdego dnia cho\u0107 troch\u0119 bardziej si\u0119 nimi stawali. Staj\u0105c si\u0119 czcicielami Boga, ujrzymy Jego chwa\u0142\u0119 i zostaniemy ni\u0105 przemienieni, a tak\u017ce przemienimy \u015bwiat przyci\u0105gaj\u0105c go do Boga\u201d.<\/p>\n","protected":false},"excerpt":{"rendered":"<p>W Pierwsze Czwartki Miesi\u0105ca w czasie Mszy \u015bw. o 17.00 modlimy si\u0119 o nowe powo\u0142ania\u00a0 kap\u0142a\u0144skie i zakonne oraz za ministrant\u00f3w i ich Rodziny. Ze wzgl\u0119du na epidemi\u0119 koronawirusa Komunia \u015bw. nie b\u0119dzie udzielana pod dwoma postaciami, jak to zazwyczaj czynimy w Pierwsze Czwartki Miesi\u0105ca. Okazja do Spowiedzi \u015bw. od 16.30 w czasie nabo\u017ce\u0144stwa majowego. &hellip;<\/p>\n","protected":false},"author":2,"featured_media":13690,"comment_status":"closed","ping_status":"open","sticky":false,"template":"","format":"standard","meta":{"_mi_skip_tracking":false,"_exactmetrics_sitenote_active":false,"_exactmetrics_sitenote_note":"","_exactmetrics_sitenote_category":0},"categories":[13,14],"tags":[],"yoast_head":"<!-- This site is optimized with the Yoast SEO plugin v18.1 - https:\/\/yoast.com\/wordpress\/plugins\/seo\/ -->\n<title>Pierwszy Czwartek Miesi\u0105ca \u2013 7 maja. Msza \u015bwi\u0119ta i Adoracja - Pako\u015b\u0107 \u2013 Kalwaria<\/title>\n<meta name=\"robots\" content=\"index, follow, max-snippet:-1, max-image-preview:large, max-video-preview:-1\" \/>\n<link rel=\"canonical\" href=\"https:\/\/pakosc-kalwaria.franciszkanie.net\/index.php\/2020\/05\/01\/pierwszy-czwartek-miesiaca-7-maja-msza-swieta-i-adoracja\/\" \/>\n<meta property=\"og:locale\" content=\"pl_PL\" \/>\n<meta property=\"og:type\" content=\"article\" \/>\n<meta property=\"og:title\" content=\"Pierwszy Czwartek Miesi\u0105ca \u2013 7 maja. Msza \u015bwi\u0119ta i Adoracja - Pako\u015b\u0107 \u2013 Kalwaria\" \/>\n<meta property=\"og:description\" content=\"W Pierwsze Czwartki Miesi\u0105ca w czasie Mszy \u015bw. o 17.00 modlimy si\u0119 o nowe powo\u0142ania\u00a0 kap\u0142a\u0144skie i zakonne oraz za ministrant\u00f3w i ich Rodziny. Ze wzgl\u0119du na epidemi\u0119 koronawirusa Komunia \u015bw. nie b\u0119dzie udzielana pod dwoma postaciami, jak to zazwyczaj czynimy w Pierwsze Czwartki Miesi\u0105ca. Okazja do Spowiedzi \u015bw. od 16.30 w czasie nabo\u017ce\u0144stwa majowego. &hellip;\" \/>\n<meta property=\"og:url\" content=\"https:\/\/pakosc-kalwaria.franciszkanie.net\/index.php\/2020\/05\/01\/pierwszy-czwartek-miesiaca-7-maja-msza-swieta-i-adoracja\/\" \/>\n<meta property=\"og:site_name\" content=\"Pako\u015b\u0107 \u2013 Kalwaria\" \/>\n<meta property=\"article:author\" content=\"https:\/\/www.facebook.com\/KalwariaPakosc\/\" \/>\n<meta property=\"article:published_time\" content=\"2020-05-01T10:00:38+00:00\" \/>\n<meta property=\"article:modified_time\" content=\"2020-05-07T21:43:17+00:00\" \/>\n<meta property=\"og:image\" content=\"https:\/\/pakosc-kalwaria.franciszkanie.net\/wp-content\/uploads\/2020\/05\/adoracja.jpg\" \/>\n\t<meta property=\"og:image:width\" content=\"320\" \/>\n\t<meta property=\"og:image:height\" content=\"240\" \/>\n\t<meta property=\"og:image:type\" content=\"image\/jpeg\" \/>\n<meta name=\"twitter:card\" content=\"summary\" \/>\n<meta name=\"twitter:label1\" content=\"Napisane przez\" \/>\n\t<meta name=\"twitter:data1\" content=\"pakosc-kalwaria\" \/>\n\t<meta name=\"twitter:label2\" content=\"Szacowany czas czytania\" \/>\n\t<meta name=\"twitter:data2\" content=\"6 minut\" \/>\n<script type=\"application\/ld+json\" class=\"yoast-schema-graph\">{\"@context\":\"https:\/\/schema.org\",\"@graph\":[{\"@type\":\"WebSite\",\"@id\":\"https:\/\/pakosc-kalwaria.franciszkanie.net\/#website\",\"url\":\"https:\/\/pakosc-kalwaria.franciszkanie.net\/\",\"name\":\"Pako\u015b\u0107 \u2013 Kalwaria\",\"description\":\"Parafia Rzymsko \u2013 Katolicka p.w. Pana Jezusa Ukrzy\u017cowanego i  Matki Bo\u017cej Bolesnej ul. Barci\u0144ska 60, 88\u2013170 Pako\u015b\u0107 \u2013 Kalwaria\",\"potentialAction\":[{\"@type\":\"SearchAction\",\"target\":{\"@type\":\"EntryPoint\",\"urlTemplate\":\"https:\/\/pakosc-kalwaria.franciszkanie.net\/?s={search_term_string}\"},\"query-input\":\"required name=search_term_string\"}],\"inLanguage\":\"pl-PL\"},{\"@type\":\"ImageObject\",\"@id\":\"https:\/\/pakosc-kalwaria.franciszkanie.net\/index.php\/2020\/05\/01\/pierwszy-czwartek-miesiaca-7-maja-msza-swieta-i-adoracja\/#primaryimage\",\"inLanguage\":\"pl-PL\",\"url\":\"https:\/\/pakosc-kalwaria.franciszkanie.net\/wp-content\/uploads\/2020\/05\/adoracja.jpg\",\"contentUrl\":\"https:\/\/pakosc-kalwaria.franciszkanie.net\/wp-content\/uploads\/2020\/05\/adoracja.jpg\",\"width\":320,\"height\":240},{\"@type\":\"WebPage\",\"@id\":\"https:\/\/pakosc-kalwaria.franciszkanie.net\/index.php\/2020\/05\/01\/pierwszy-czwartek-miesiaca-7-maja-msza-swieta-i-adoracja\/#webpage\",\"url\":\"https:\/\/pakosc-kalwaria.franciszkanie.net\/index.php\/2020\/05\/01\/pierwszy-czwartek-miesiaca-7-maja-msza-swieta-i-adoracja\/\",\"name\":\"Pierwszy Czwartek Miesi\u0105ca \u2013 7 maja. Msza \u015bwi\u0119ta i Adoracja - Pako\u015b\u0107 \u2013 Kalwaria\",\"isPartOf\":{\"@id\":\"https:\/\/pakosc-kalwaria.franciszkanie.net\/#website\"},\"primaryImageOfPage\":{\"@id\":\"https:\/\/pakosc-kalwaria.franciszkanie.net\/index.php\/2020\/05\/01\/pierwszy-czwartek-miesiaca-7-maja-msza-swieta-i-adoracja\/#primaryimage\"},\"datePublished\":\"2020-05-01T10:00:38+00:00\",\"dateModified\":\"2020-05-07T21:43:17+00:00\",\"author\":{\"@id\":\"https:\/\/pakosc-kalwaria.franciszkanie.net\/#\/schema\/person\/af10b943be0760709227d060eadcb2aa\"},\"breadcrumb\":{\"@id\":\"https:\/\/pakosc-kalwaria.franciszkanie.net\/index.php\/2020\/05\/01\/pierwszy-czwartek-miesiaca-7-maja-msza-swieta-i-adoracja\/#breadcrumb\"},\"inLanguage\":\"pl-PL\",\"potentialAction\":[{\"@type\":\"ReadAction\",\"target\":[\"https:\/\/pakosc-kalwaria.franciszkanie.net\/index.php\/2020\/05\/01\/pierwszy-czwartek-miesiaca-7-maja-msza-swieta-i-adoracja\/\"]}]},{\"@type\":\"BreadcrumbList\",\"@id\":\"https:\/\/pakosc-kalwaria.franciszkanie.net\/index.php\/2020\/05\/01\/pierwszy-czwartek-miesiaca-7-maja-msza-swieta-i-adoracja\/#breadcrumb\",\"itemListElement\":[{\"@type\":\"ListItem\",\"position\":1,\"name\":\"Strona g\u0142\u00f3wna\",\"item\":\"https:\/\/pakosc-kalwaria.franciszkanie.net\/\"},{\"@type\":\"ListItem\",\"position\":2,\"name\":\"Pierwszy Czwartek Miesi\u0105ca \u2013 7 maja. Msza \u015bwi\u0119ta i Adoracja\"}]},{\"@type\":\"Person\",\"@id\":\"https:\/\/pakosc-kalwaria.franciszkanie.net\/#\/schema\/person\/af10b943be0760709227d060eadcb2aa\",\"name\":\"pakosc-kalwaria\",\"image\":{\"@type\":\"ImageObject\",\"@id\":\"https:\/\/pakosc-kalwaria.franciszkanie.net\/#personlogo\",\"inLanguage\":\"pl-PL\",\"url\":\"https:\/\/secure.gravatar.com\/avatar\/e7049d338b55eac6a0027ff3218b8d02?s=96&d=mm&r=g\",\"contentUrl\":\"https:\/\/secure.gravatar.com\/avatar\/e7049d338b55eac6a0027ff3218b8d02?s=96&d=mm&r=g\",\"caption\":\"pakosc-kalwaria\"},\"sameAs\":[\"https:\/\/www.facebook.com\/KalwariaPakosc\/\"],\"url\":\"https:\/\/pakosc-kalwaria.franciszkanie.net\/index.php\/author\/pakosc-kalwaria\/\"}]}<\/script>\n<!-- \/ Yoast SEO plugin. -->","yoast_head_json":{"title":"Pierwszy Czwartek Miesi\u0105ca \u2013 7 maja. Msza \u015bwi\u0119ta i Adoracja - Pako\u015b\u0107 \u2013 Kalwaria","robots":{"index":"index","follow":"follow","max-snippet":"max-snippet:-1","max-image-preview":"max-image-preview:large","max-video-preview":"max-video-preview:-1"},"canonical":"https:\/\/pakosc-kalwaria.franciszkanie.net\/index.php\/2020\/05\/01\/pierwszy-czwartek-miesiaca-7-maja-msza-swieta-i-adoracja\/","og_locale":"pl_PL","og_type":"article","og_title":"Pierwszy Czwartek Miesi\u0105ca \u2013 7 maja. Msza \u015bwi\u0119ta i Adoracja - Pako\u015b\u0107 \u2013 Kalwaria","og_description":"W Pierwsze Czwartki Miesi\u0105ca w czasie Mszy \u015bw. o 17.00 modlimy si\u0119 o nowe powo\u0142ania\u00a0 kap\u0142a\u0144skie i zakonne oraz za ministrant\u00f3w i ich Rodziny. Ze wzgl\u0119du na epidemi\u0119 koronawirusa Komunia \u015bw. nie b\u0119dzie udzielana pod dwoma postaciami, jak to zazwyczaj czynimy w Pierwsze Czwartki Miesi\u0105ca. Okazja do Spowiedzi \u015bw. od 16.30 w czasie nabo\u017ce\u0144stwa majowego. &hellip;","og_url":"https:\/\/pakosc-kalwaria.franciszkanie.net\/index.php\/2020\/05\/01\/pierwszy-czwartek-miesiaca-7-maja-msza-swieta-i-adoracja\/","og_site_name":"Pako\u015b\u0107 \u2013 Kalwaria","article_author":"https:\/\/www.facebook.com\/KalwariaPakosc\/","article_published_time":"2020-05-01T10:00:38+00:00","article_modified_time":"2020-05-07T21:43:17+00:00","og_image":[{"width":320,"height":240,"url":"https:\/\/pakosc-kalwaria.franciszkanie.net\/wp-content\/uploads\/2020\/05\/adoracja.jpg","type":"image\/jpeg"}],"twitter_card":"summary","twitter_misc":{"Napisane przez":"pakosc-kalwaria","Szacowany czas czytania":"6 minut"},"schema":{"@context":"https:\/\/schema.org","@graph":[{"@type":"WebSite","@id":"https:\/\/pakosc-kalwaria.franciszkanie.net\/#website","url":"https:\/\/pakosc-kalwaria.franciszkanie.net\/","name":"Pako\u015b\u0107 \u2013 Kalwaria","description":"Parafia Rzymsko \u2013 Katolicka p.w. Pana Jezusa Ukrzy\u017cowanego i  Matki Bo\u017cej Bolesnej ul. Barci\u0144ska 60, 88\u2013170 Pako\u015b\u0107 \u2013 Kalwaria","potentialAction":[{"@type":"SearchAction","target":{"@type":"EntryPoint","urlTemplate":"https:\/\/pakosc-kalwaria.franciszkanie.net\/?s={search_term_string}"},"query-input":"required name=search_term_string"}],"inLanguage":"pl-PL"},{"@type":"ImageObject","@id":"https:\/\/pakosc-kalwaria.franciszkanie.net\/index.php\/2020\/05\/01\/pierwszy-czwartek-miesiaca-7-maja-msza-swieta-i-adoracja\/#primaryimage","inLanguage":"pl-PL","url":"https:\/\/pakosc-kalwaria.franciszkanie.net\/wp-content\/uploads\/2020\/05\/adoracja.jpg","contentUrl":"https:\/\/pakosc-kalwaria.franciszkanie.net\/wp-content\/uploads\/2020\/05\/adoracja.jpg","width":320,"height":240},{"@type":"WebPage","@id":"https:\/\/pakosc-kalwaria.franciszkanie.net\/index.php\/2020\/05\/01\/pierwszy-czwartek-miesiaca-7-maja-msza-swieta-i-adoracja\/#webpage","url":"https:\/\/pakosc-kalwaria.franciszkanie.net\/index.php\/2020\/05\/01\/pierwszy-czwartek-miesiaca-7-maja-msza-swieta-i-adoracja\/","name":"Pierwszy Czwartek Miesi\u0105ca \u2013 7 maja. Msza \u015bwi\u0119ta i Adoracja - Pako\u015b\u0107 \u2013 Kalwaria","isPartOf":{"@id":"https:\/\/pakosc-kalwaria.franciszkanie.net\/#website"},"primaryImageOfPage":{"@id":"https:\/\/pakosc-kalwaria.franciszkanie.net\/index.php\/2020\/05\/01\/pierwszy-czwartek-miesiaca-7-maja-msza-swieta-i-adoracja\/#primaryimage"},"datePublished":"2020-05-01T10:00:38+00:00","dateModified":"2020-05-07T21:43:17+00:00","author":{"@id":"https:\/\/pakosc-kalwaria.franciszkanie.net\/#\/schema\/person\/af10b943be0760709227d060eadcb2aa"},"breadcrumb":{"@id":"https:\/\/pakosc-kalwaria.franciszkanie.net\/index.php\/2020\/05\/01\/pierwszy-czwartek-miesiaca-7-maja-msza-swieta-i-adoracja\/#breadcrumb"},"inLanguage":"pl-PL","potentialAction":[{"@type":"ReadAction","target":["https:\/\/pakosc-kalwaria.franciszkanie.net\/index.php\/2020\/05\/01\/pierwszy-czwartek-miesiaca-7-maja-msza-swieta-i-adoracja\/"]}]},{"@type":"BreadcrumbList","@id":"https:\/\/pakosc-kalwaria.franciszkanie.net\/index.php\/2020\/05\/01\/pierwszy-czwartek-miesiaca-7-maja-msza-swieta-i-adoracja\/#breadcrumb","itemListElement":[{"@type":"ListItem","position":1,"name":"Strona g\u0142\u00f3wna","item":"https:\/\/pakosc-kalwaria.franciszkanie.net\/"},{"@type":"ListItem","position":2,"name":"Pierwszy Czwartek Miesi\u0105ca \u2013 7 maja. Msza \u015bwi\u0119ta i Adoracja"}]},{"@type":"Person","@id":"https:\/\/pakosc-kalwaria.franciszkanie.net\/#\/schema\/person\/af10b943be0760709227d060eadcb2aa","name":"pakosc-kalwaria","image":{"@type":"ImageObject","@id":"https:\/\/pakosc-kalwaria.franciszkanie.net\/#personlogo","inLanguage":"pl-PL","url":"https:\/\/secure.gravatar.com\/avatar\/e7049d338b55eac6a0027ff3218b8d02?s=96&d=mm&r=g","contentUrl":"https:\/\/secure.gravatar.com\/avatar\/e7049d338b55eac6a0027ff3218b8d02?s=96&d=mm&r=g","caption":"pakosc-kalwaria"},"sameAs":["https:\/\/www.facebook.com\/KalwariaPakosc\/"],"url":"https:\/\/pakosc-kalwaria.franciszkanie.net\/index.php\/author\/pakosc-kalwaria\/"}]}},"_links":{"self":[{"href":"https:\/\/pakosc-kalwaria.franciszkanie.net\/index.php\/wp-json\/wp\/v2\/posts\/13689"}],"collection":[{"href":"https:\/\/pakosc-kalwaria.franciszkanie.net\/index.php\/wp-json\/wp\/v2\/posts"}],"about":[{"href":"https:\/\/pakosc-kalwaria.franciszkanie.net\/index.php\/wp-json\/wp\/v2\/types\/post"}],"author":[{"embeddable":true,"href":"https:\/\/pakosc-kalwaria.franciszkanie.net\/index.php\/wp-json\/wp\/v2\/users\/2"}],"replies":[{"embeddable":true,"href":"https:\/\/pakosc-kalwaria.franciszkanie.net\/index.php\/wp-json\/wp\/v2\/comments?post=13689"}],"version-history":[{"count":2,"href":"https:\/\/pakosc-kalwaria.franciszkanie.net\/index.php\/wp-json\/wp\/v2\/posts\/13689\/revisions"}],"predecessor-version":[{"id":13694,"href":"https:\/\/pakosc-kalwaria.franciszkanie.net\/index.php\/wp-json\/wp\/v2\/posts\/13689\/revisions\/13694"}],"wp:featuredmedia":[{"embeddable":true,"href":"https:\/\/pakosc-kalwaria.franciszkanie.net\/index.php\/wp-json\/wp\/v2\/media\/13690"}],"wp:attachment":[{"href":"https:\/\/pakosc-kalwaria.franciszkanie.net\/index.php\/wp-json\/wp\/v2\/media?parent=13689"}],"wp:term":[{"taxonomy":"category","embeddable":true,"href":"https:\/\/pakosc-kalwaria.franciszkanie.net\/index.php\/wp-json\/wp\/v2\/categories?post=13689"},{"taxonomy":"post_tag","embeddable":true,"href":"https:\/\/pakosc-kalwaria.franciszkanie.net\/index.php\/wp-json\/wp\/v2\/tags?post=13689"}],"curies":[{"name":"wp","href":"https:\/\/api.w.org\/{rel}","templated":true}]}}