{"id":13708,"date":"2020-05-09T09:05:25","date_gmt":"2020-05-09T07:05:25","guid":{"rendered":"http:\/\/pakosc-kalwaria.franciszkanie.net\/?p=13708"},"modified":"2020-05-08T11:28:16","modified_gmt":"2020-05-08T09:28:16","slug":"ogloszenia-duszpasterskie-v-niedziela-wielkanocy-odpust-znalezienia-krzyza-swietego","status":"publish","type":"post","link":"https:\/\/pakosc-kalwaria.franciszkanie.net\/index.php\/2020\/05\/09\/ogloszenia-duszpasterskie-v-niedziela-wielkanocy-odpust-znalezienia-krzyza-swietego\/","title":{"rendered":"Og\u0142oszenia duszpasterskie &#8211; V Niedziela Wielkanocy (Odpust Znalezienia Krzy\u017ca \u015awi\u0119tego)"},"content":{"rendered":"<p><strong>Od poniedzia\u0142ku 20 kwietnia br. w naszym kalwaryjskim ko\u015bciele podczas Mszy \u015bw. i nabo\u017ce\u0144stw, opr\u00f3cz os\u00f3b sprawuj\u0105cych pos\u0142ug\u0119, <span style=\"color: #ff0000;\">mo\u017ce przebywa\u0107 maksymalnie 10 os\u00f3b<\/span> (zgodnie<br \/>\nz rozporz\u0105dzeniem z dn. 16 kwietnia br. &#8211; 1 osoba na 15m<sup>2<\/sup>). <span style=\"color: #ff0000;\">Nale\u017cy mie\u0107 zakryte usta i nos<\/span> (opr\u00f3cz celebrans\u00f3w sprawuj\u0105cych Msze \u015bw.) oraz <span style=\"color: #ff0000;\">zachowa\u0107 w ko\u015bciele mi\u0119dzy sob\u0105 odst\u0119p minimum 2 metr\u00f3w.<\/span> Dzi\u0119kujemy za dostosowanie si\u0119 do tego rozporz\u0105dzenia.<\/strong><\/p>\n<p><strong><span style=\"color: #ff0000;\">Msze \u015bw.<\/span> w niedziele o 9.00 i 11.00, w tygodniu o 17.00. <span style=\"color: #ff0000;\">Okazja do Spowiedzi \u015bw.<\/span> p\u00f3\u0142 godziny przed Msz\u0105 \u015bw.<\/strong><br \/>\n<strong>W kalwaryjskim Sanktuarium mo\u017cna si\u0119 modli\u0107 indywidualnie. <span style=\"color: #ff0000;\">Ko\u015bci\u00f3\u0142 jest otwarty od 9.00 &#8211; 18.00.\u00a0 \u00a0\u00a0<\/span><\/strong><\/p>\n<p><strong>Przypominamy, \u017ce Arcybiskup Gnie\u017anie\u0144ski Wojciech Polak wyda\u0142 w Archidiecezji Gnie\u017anie\u0144skiej dla wszystkich <span style=\"color: #ff0000;\">dyspens\u0119 od obowi\u0105zku uczestnictwa we Mszy \u015bw. niedzielnej <\/span><\/strong><br \/>\n<strong><span style=\"color: #ff0000;\">i \u015bwi\u0105tecznej a\u017c do odwo\u0142ania!<\/span> Pozostaj\u0105cych w domach prosimy o duchow\u0105 \u0142\u0105czno\u015b\u0107 ze wsp\u00f3lnot\u0105 Ko\u015bcio\u0142a za po\u015brednictwem transmisji Mszy \u015bw. i nabo\u017ce\u0144stw w \u015brodkach spo\u0142ecznego przekazu (telewizja, radio, internet).<\/strong><\/p>\n<p><strong>Zach\u0119camy do modlitwy w Waszych domach i\u00a0 rodzinach, szczeg\u00f3lnie <span style=\"color: #ff0000;\">o 20.30 odmawiaj\u0105c R\u00f3\u017caniec<\/span><\/strong> <strong><span style=\"color: #ff0000;\">\u015bw<\/span>.<\/strong><strong> o zahamowanie i opanowanie epidemii koronawirusa, w intencji chorych, s\u0142u\u017cb medycznych, sanitarnych i pa\u0144stwowych, o wynalezienie szczepionki, za zmar\u0142ych w wyniku epidemii. M\u00f3dlmy si\u0119 o wiar\u0119, nadziej\u0119, mi\u0142o\u015b\u0107 oraz o pok\u00f3j serca i \u0142ask\u0119 nawr\u00f3cenia.<\/strong><\/p>\n<p><strong>Codziennie odprawiamy <span style=\"color: #ff0000;\">nabo\u017ce\u0144stwa majowe<\/span> ku czci Matki Bo\u017cej: <span style=\"color: #ff0000;\">w tygodniu o 16.30, w niedziele o 10.30.<\/span> Zach\u0119camy dzieci, m\u0142odzie\u017c i doros\u0142ych do gorliwej modlitwy tak\u017ce w domach.<\/strong><\/p>\n<p><strong><span style=\"color: #ff0000;\"><u>W niedziel\u0119 (10.05.)<\/u><\/span><span style=\"color: #ff0000;\">\u00a0 &#8211;\u00a0 na Kalwarii Pakoskiej Odpust Znalezienia Krzy\u017ca \u015awi\u0119tego.\u00a0\u00a0<\/span><\/strong><br \/>\n<strong>Uroczysto\u015bci ze wzgl\u0119du na epidemi\u0119 ogranicz\u0105 si\u0119 do Mszy \u015bw. sprawowanych w pakoskich ko\u015bcio\u0142ach. Po ka\u017cdej\u00a0 Mszy \u015bw. wsp\u00f3lne uczczenie Relikwii Krzy\u017ca \u015awi\u0119tego.<\/strong><br \/>\n<strong><span style=\"color: #ff0000;\">Msze \u015bw. w kalwaryjskim ko\u015bciele o 9.00 oraz o 11.00 Suma Odpustowa za Parafian i Dobrodziej\u00f3w.<\/span><\/strong><br \/>\n<strong>Nie b\u0119dzie uroczystej Sumy Odpustowej o 12.00 przy o\u0142tarzu polowym oraz Franciszka\u0144skiej Biesiady.<\/strong><br \/>\n<strong><span style=\"color: #ff0000;\">Nabo\u017ce\u0144stwo majowe o 10.30 i Suma Odpustowa o 11.00<\/span> b\u0119d\u0105 transmitowane <span style=\"color: #ff0000;\">on-line na naszej stronie internetowej. \u00a0\u00a0\u00a0\u00a0\u00a0 <\/span><\/strong><\/p>\n<p><strong><span style=\"color: #0000ff;\"><u>W\u00a0 \u015brod\u0119\u00a0 (13.05.)<\/u><\/span> \u2013 <span style=\"color: #ff0000;\">o 17.00 Msza \u015bw. w intencji R\u00f3\u017cy R\u00f3\u017ca\u0144cowej Matki Bo\u017cej Fatimskiej<\/span> z okazji patronalnego \u015bwi\u0119ta. Zach\u0119camy do w\u0142\u0105czenia si\u0119 w <span style=\"color: #ff0000;\">\u017bywy R\u00f3\u017caniec w naszej Parafii.\u00a0\u00a0\u00a0<\/span><\/strong><br \/>\n<strong>Ze wzgl\u0119du na epidemi\u0119 koronawirusa <span style=\"color: #ff0000;\">nie b\u0119dzie Procesji R\u00f3\u017ca\u0144cowej<\/span> ze \u015bwiecami na Kalwaryjskie Wzg\u00f3rze.<\/strong><br \/>\n<strong><span style=\"color: #ff0000;\">W kalwaryjskim ko\u015bciele R\u00f3\u017caniec odm\u00f3wimy po Mszy \u015bw. o 17.00. \u00a0<\/span>\u00a0\u00a0\u00a0\u00a0\u00a0\u00a0\u00a0<\/strong><\/p>\n<p><strong><span style=\"color: #ff0000;\"><u>W \u00a0czwartek (14.05.)<\/u><\/span><span style=\"color: #ff0000;\"> \u2013\u00a0 \u015bwi\u0119to<\/span> \u015bw. Macieja, aposto\u0142a.<\/strong><\/p>\n<p><strong><span style=\"color: #ff0000;\"><em><u>W pi\u0105tek (15.05.)<\/u><\/em> &#8211; o 17.00 Msza \u015bw. w intencjach zbiorowych do Bo\u017cego Mi\u0142osierdzia.<\/span> Po Mszy\u00a0 \u015bw. koronka do Bo\u017cego Mi\u0142osierdzia. Intencje mo\u017cna sk\u0142ada\u0107 do skarbonki pod ch\u00f3rem lub w zakrystii.<\/strong><\/p>\n<p><strong><span style=\"color: #ff0000;\"><em><u>W sobot\u0119 (16.05.)<\/u><\/em> \u2013\u00a0 \u015bwi\u0119to<\/span> \u015bw. Andrzeja Boboli, prezbitera i m\u0119czennika, patrona Polski.<\/strong><\/p>\n<p><strong><span style=\"color: #ff0000;\"><em><u>W przysz\u0142\u0105 niedziel\u0119 (17.05.)\u00a0 i w poniedzia\u0142ek (18.05.)<\/u><\/em> &#8211; w ko\u015bcio\u0142ach w Polsce Msze \u015bw. dzi\u0119kczynne za \u017cycie i pontyfikat \u015bw. Jana Paw\u0142a II w 100 Rocznic\u0119 Urodzin (18.05.1920).\u00a0\u00a0\u00a0\u00a0\u00a0\u00a0<\/span><\/p>\n<p><\/strong><\/p>\n<p><strong><span style=\"color: #ff0000;\">Wydawanie pomocy \u017cywno\u015bciowej<\/span> dla os\u00f3b, kt\u00f3re z\u0142o\u017cy\u0142y wnioski odb\u0119dzie si\u0119 w tym tygodniu <span style=\"color: #ff0000;\">we wtorek i \u015brod\u0119 (12\u201313.05.) od 9.00-12.00 i od 15.30-18.00<\/span> w Parafialnym Oddziale Caritas przy ko\u015bciele \u015bw. Bonawentury. Prosimy o przekazanie tej wiadomo\u015bci zainteresowanym osobom.<\/strong><\/p>\n<p><strong><span style=\"color: #ff0000;\"><span style=\"color: #000000;\">Zwracamy si\u0119 z pro\u015bb\u0105 o przekazanie<\/span> 1% podatku na rzecz Fundacji \u201eKalwaria Pakoska\u201d<\/span>, na dalsz\u0105 renowacj\u0119 i promocj\u0119 naszej Kalwarii &#8211; KRS 0000282780.<\/strong><\/p>\n<p><strong><span style=\"color: #ff0000;\">W naszej Parafii, ze wzgl\u0119du na panuj\u0105c\u0105 epidemi\u0119:\u00a0<\/span><\/strong><br \/>\n<strong>&#8211; nie odb\u0119dzie si\u0119 w sobot\u0119 16 maja uroczysto\u015b\u0107 Pierwszej Komunii \u015bw. Nowa data zostanie ustalona z rodzicami w p\u00f3\u017aniejszym terminie, po powrocie dzieci do szk\u00f3\u0142.<\/strong><br \/>\n<strong>&#8211; nie odb\u0119dzie si\u0119 w niedziel\u0119 24 maja uroczysto\u015b\u0107 Rocznicy Pierwszej Komunii\u00a0 \u015bwi\u0119tej.<\/strong><br \/>\n<strong>&#8211; nie odb\u0119dzie si\u0119 w sobot\u0119 23 maja uroczysto\u015b\u0107 udzielania Sakramentu Bierzmowania w ko\u015bciele \u015bw. Bonawentury. Nowa data zostanie ustalona w p\u00f3\u017aniejszym terminie z Ks. Biskupem, po powrocie m\u0142odzie\u017cy do szk\u00f3\u0142.<\/strong><\/p>\n<p><strong>Pod ch\u00f3rem do nabycia czasopisma: Przewodnik Katolicki, R\u00f3\u017caniec i Ma\u0142y Go\u015b\u0107 Niedzielny.<\/strong><\/p>\n<p><strong>Dzi\u0119kujemy za Wasze modlitwy, za Wasz\u0105 \u017cyczliwo\u015b\u0107 i duchowe wsparcie. Dzi\u0119kujemy tak\u017ce za ka\u017cde Wasze materialne wsparcie, poprzez ofiary z\u0142o\u017cone osobi\u015bcie w kalwaryjskim klasztorze, do skarbonki w ko\u015bciele czy te\u017c wp\u0142acone na konto bankowe naszej kalwaryjskiej Parafii.<\/strong><\/p>\n<p><strong>To wszystko co przed nami zawierzajmy nadal z wiar\u0105 w modlitwie Bo\u017cemu Mi\u0142osierdziu, Jezusowi Ukrzy\u017cowanemu i Matce Bo\u017cej Bolesnej oraz dzi\u0119kujmy za wszystkie \u0142aski jakie od Mi\u0142osiernego Boga przez wstawiennictwo Matki Bo\u017cej codziennie otrzymujemy!<\/strong><\/p>\n<p><strong>Niech majowa gorliwa modlitwa do Matki Bo\u017cej b\u0119dzie dla nas wszystkich, dla naszych Rodzin i Parafii, \u017ar\u00f3d\u0142em wszelkich \u0142ask potrzebnych w codziennym \u017cyciu, tak\u017ce w walce z epidemi\u0105 i jej skutkami oraz daje si\u0142\u0119 do wzajemnej mi\u0142o\u015bci, dobroci i \u017cyczliwo\u015bci.<\/strong><br \/>\n<strong>Niech Dobry B\u00f3g Wam i waszym Rodzinom obficie b\u0142ogos\u0142awi, a Matka Naj\u015bwi\u0119tsza otacza swoj\u0105 przemo\u017cn\u0105 opiek\u0105.<\/strong><\/p>\n<p><strong>Z darem modlitwy Bracia Mniejsi Franciszkanie z Pako\u015bci \u2013 Kalwarii\u00a0\u00a0\u00a0\u00a0\u00a0\u00a0\u00a0\u00a0\u00a0\u00a0\u00a0 \u00a0\u00a0\u00a0\u00a0\u00a0\u00a0\u00a0\u00a0\u00a0\u00a0\u00a0 <\/strong><\/p>\n","protected":false},"excerpt":{"rendered":"<p>Od poniedzia\u0142ku 20 kwietnia br. w naszym kalwaryjskim ko\u015bciele podczas Mszy \u015bw. i nabo\u017ce\u0144stw, opr\u00f3cz os\u00f3b sprawuj\u0105cych pos\u0142ug\u0119, mo\u017ce przebywa\u0107 maksymalnie 10 os\u00f3b (zgodnie z rozporz\u0105dzeniem z dn. 16 kwietnia br. &#8211; 1 osoba na 15m2). Nale\u017cy mie\u0107 zakryte usta i nos (opr\u00f3cz celebrans\u00f3w sprawuj\u0105cych Msze \u015bw.) oraz zachowa\u0107 w ko\u015bciele mi\u0119dzy sob\u0105 odst\u0119p minimum &hellip;<\/p>\n","protected":false},"author":2,"featured_media":13709,"comment_status":"closed","ping_status":"open","sticky":false,"template":"","format":"standard","meta":{"_mi_skip_tracking":false,"_exactmetrics_sitenote_active":false,"_exactmetrics_sitenote_note":"","_exactmetrics_sitenote_category":0},"categories":[5],"tags":[],"yoast_head":"<!-- This site is optimized with the Yoast SEO plugin v18.1 - https:\/\/yoast.com\/wordpress\/plugins\/seo\/ -->\n<title>Og\u0142oszenia duszpasterskie - V Niedziela Wielkanocy (Odpust Znalezienia Krzy\u017ca \u015awi\u0119tego) - Pako\u015b\u0107 \u2013 Kalwaria<\/title>\n<meta name=\"robots\" content=\"index, follow, max-snippet:-1, max-image-preview:large, max-video-preview:-1\" \/>\n<link rel=\"canonical\" href=\"https:\/\/pakosc-kalwaria.franciszkanie.net\/index.php\/2020\/05\/09\/ogloszenia-duszpasterskie-v-niedziela-wielkanocy-odpust-znalezienia-krzyza-swietego\/\" \/>\n<meta property=\"og:locale\" content=\"pl_PL\" \/>\n<meta property=\"og:type\" content=\"article\" \/>\n<meta property=\"og:title\" content=\"Og\u0142oszenia duszpasterskie - V Niedziela Wielkanocy (Odpust Znalezienia Krzy\u017ca \u015awi\u0119tego) - Pako\u015b\u0107 \u2013 Kalwaria\" \/>\n<meta property=\"og:description\" content=\"Od poniedzia\u0142ku 20 kwietnia br. w naszym kalwaryjskim ko\u015bciele podczas Mszy \u015bw. i nabo\u017ce\u0144stw, opr\u00f3cz os\u00f3b sprawuj\u0105cych pos\u0142ug\u0119, mo\u017ce przebywa\u0107 maksymalnie 10 os\u00f3b (zgodnie z rozporz\u0105dzeniem z dn. 16 kwietnia br. &#8211; 1 osoba na 15m2). Nale\u017cy mie\u0107 zakryte usta i nos (opr\u00f3cz celebrans\u00f3w sprawuj\u0105cych Msze \u015bw.) oraz zachowa\u0107 w ko\u015bciele mi\u0119dzy sob\u0105 odst\u0119p minimum &hellip;\" \/>\n<meta property=\"og:url\" content=\"https:\/\/pakosc-kalwaria.franciszkanie.net\/index.php\/2020\/05\/09\/ogloszenia-duszpasterskie-v-niedziela-wielkanocy-odpust-znalezienia-krzyza-swietego\/\" \/>\n<meta property=\"og:site_name\" content=\"Pako\u015b\u0107 \u2013 Kalwaria\" \/>\n<meta property=\"article:author\" content=\"https:\/\/www.facebook.com\/KalwariaPakosc\/\" \/>\n<meta property=\"article:published_time\" content=\"2020-05-09T07:05:25+00:00\" \/>\n<meta property=\"article:modified_time\" content=\"2020-05-08T09:28:16+00:00\" \/>\n<meta property=\"og:image\" content=\"https:\/\/pakosc-kalwaria.franciszkanie.net\/wp-content\/uploads\/2020\/05\/relikwiarz-zdj\u0119cie_21.jpg\" \/>\n\t<meta property=\"og:image:width\" content=\"200\" \/>\n\t<meta property=\"og:image:height\" content=\"327\" \/>\n\t<meta property=\"og:image:type\" content=\"image\/jpeg\" \/>\n<meta name=\"twitter:card\" content=\"summary\" \/>\n<meta name=\"twitter:label1\" content=\"Napisane przez\" \/>\n\t<meta name=\"twitter:data1\" content=\"pakosc-kalwaria\" \/>\n\t<meta name=\"twitter:label2\" content=\"Szacowany czas czytania\" \/>\n\t<meta name=\"twitter:data2\" content=\"4 minuty\" \/>\n<script type=\"application\/ld+json\" class=\"yoast-schema-graph\">{\"@context\":\"https:\/\/schema.org\",\"@graph\":[{\"@type\":\"WebSite\",\"@id\":\"https:\/\/pakosc-kalwaria.franciszkanie.net\/#website\",\"url\":\"https:\/\/pakosc-kalwaria.franciszkanie.net\/\",\"name\":\"Pako\u015b\u0107 \u2013 Kalwaria\",\"description\":\"Parafia Rzymsko \u2013 Katolicka p.w. Pana Jezusa Ukrzy\u017cowanego i  Matki Bo\u017cej Bolesnej ul. Barci\u0144ska 60, 88\u2013170 Pako\u015b\u0107 \u2013 Kalwaria\",\"potentialAction\":[{\"@type\":\"SearchAction\",\"target\":{\"@type\":\"EntryPoint\",\"urlTemplate\":\"https:\/\/pakosc-kalwaria.franciszkanie.net\/?s={search_term_string}\"},\"query-input\":\"required name=search_term_string\"}],\"inLanguage\":\"pl-PL\"},{\"@type\":\"ImageObject\",\"@id\":\"https:\/\/pakosc-kalwaria.franciszkanie.net\/index.php\/2020\/05\/09\/ogloszenia-duszpasterskie-v-niedziela-wielkanocy-odpust-znalezienia-krzyza-swietego\/#primaryimage\",\"inLanguage\":\"pl-PL\",\"url\":\"https:\/\/pakosc-kalwaria.franciszkanie.net\/wp-content\/uploads\/2020\/05\/relikwiarz-zdj\u0119cie_21.jpg\",\"contentUrl\":\"https:\/\/pakosc-kalwaria.franciszkanie.net\/wp-content\/uploads\/2020\/05\/relikwiarz-zdj\u0119cie_21.jpg\",\"width\":200,\"height\":327},{\"@type\":\"WebPage\",\"@id\":\"https:\/\/pakosc-kalwaria.franciszkanie.net\/index.php\/2020\/05\/09\/ogloszenia-duszpasterskie-v-niedziela-wielkanocy-odpust-znalezienia-krzyza-swietego\/#webpage\",\"url\":\"https:\/\/pakosc-kalwaria.franciszkanie.net\/index.php\/2020\/05\/09\/ogloszenia-duszpasterskie-v-niedziela-wielkanocy-odpust-znalezienia-krzyza-swietego\/\",\"name\":\"Og\u0142oszenia duszpasterskie - V Niedziela Wielkanocy (Odpust Znalezienia Krzy\u017ca \u015awi\u0119tego) - Pako\u015b\u0107 \u2013 Kalwaria\",\"isPartOf\":{\"@id\":\"https:\/\/pakosc-kalwaria.franciszkanie.net\/#website\"},\"primaryImageOfPage\":{\"@id\":\"https:\/\/pakosc-kalwaria.franciszkanie.net\/index.php\/2020\/05\/09\/ogloszenia-duszpasterskie-v-niedziela-wielkanocy-odpust-znalezienia-krzyza-swietego\/#primaryimage\"},\"datePublished\":\"2020-05-09T07:05:25+00:00\",\"dateModified\":\"2020-05-08T09:28:16+00:00\",\"author\":{\"@id\":\"https:\/\/pakosc-kalwaria.franciszkanie.net\/#\/schema\/person\/af10b943be0760709227d060eadcb2aa\"},\"breadcrumb\":{\"@id\":\"https:\/\/pakosc-kalwaria.franciszkanie.net\/index.php\/2020\/05\/09\/ogloszenia-duszpasterskie-v-niedziela-wielkanocy-odpust-znalezienia-krzyza-swietego\/#breadcrumb\"},\"inLanguage\":\"pl-PL\",\"potentialAction\":[{\"@type\":\"ReadAction\",\"target\":[\"https:\/\/pakosc-kalwaria.franciszkanie.net\/index.php\/2020\/05\/09\/ogloszenia-duszpasterskie-v-niedziela-wielkanocy-odpust-znalezienia-krzyza-swietego\/\"]}]},{\"@type\":\"BreadcrumbList\",\"@id\":\"https:\/\/pakosc-kalwaria.franciszkanie.net\/index.php\/2020\/05\/09\/ogloszenia-duszpasterskie-v-niedziela-wielkanocy-odpust-znalezienia-krzyza-swietego\/#breadcrumb\",\"itemListElement\":[{\"@type\":\"ListItem\",\"position\":1,\"name\":\"Strona g\u0142\u00f3wna\",\"item\":\"https:\/\/pakosc-kalwaria.franciszkanie.net\/\"},{\"@type\":\"ListItem\",\"position\":2,\"name\":\"Og\u0142oszenia duszpasterskie &#8211; V Niedziela Wielkanocy (Odpust Znalezienia Krzy\u017ca \u015awi\u0119tego)\"}]},{\"@type\":\"Person\",\"@id\":\"https:\/\/pakosc-kalwaria.franciszkanie.net\/#\/schema\/person\/af10b943be0760709227d060eadcb2aa\",\"name\":\"pakosc-kalwaria\",\"image\":{\"@type\":\"ImageObject\",\"@id\":\"https:\/\/pakosc-kalwaria.franciszkanie.net\/#personlogo\",\"inLanguage\":\"pl-PL\",\"url\":\"https:\/\/secure.gravatar.com\/avatar\/e7049d338b55eac6a0027ff3218b8d02?s=96&d=mm&r=g\",\"contentUrl\":\"https:\/\/secure.gravatar.com\/avatar\/e7049d338b55eac6a0027ff3218b8d02?s=96&d=mm&r=g\",\"caption\":\"pakosc-kalwaria\"},\"sameAs\":[\"https:\/\/www.facebook.com\/KalwariaPakosc\/\"],\"url\":\"https:\/\/pakosc-kalwaria.franciszkanie.net\/index.php\/author\/pakosc-kalwaria\/\"}]}<\/script>\n<!-- \/ Yoast SEO plugin. -->","yoast_head_json":{"title":"Og\u0142oszenia duszpasterskie - V Niedziela Wielkanocy (Odpust Znalezienia Krzy\u017ca \u015awi\u0119tego) - Pako\u015b\u0107 \u2013 Kalwaria","robots":{"index":"index","follow":"follow","max-snippet":"max-snippet:-1","max-image-preview":"max-image-preview:large","max-video-preview":"max-video-preview:-1"},"canonical":"https:\/\/pakosc-kalwaria.franciszkanie.net\/index.php\/2020\/05\/09\/ogloszenia-duszpasterskie-v-niedziela-wielkanocy-odpust-znalezienia-krzyza-swietego\/","og_locale":"pl_PL","og_type":"article","og_title":"Og\u0142oszenia duszpasterskie - V Niedziela Wielkanocy (Odpust Znalezienia Krzy\u017ca \u015awi\u0119tego) - Pako\u015b\u0107 \u2013 Kalwaria","og_description":"Od poniedzia\u0142ku 20 kwietnia br. w naszym kalwaryjskim ko\u015bciele podczas Mszy \u015bw. i nabo\u017ce\u0144stw, opr\u00f3cz os\u00f3b sprawuj\u0105cych pos\u0142ug\u0119, mo\u017ce przebywa\u0107 maksymalnie 10 os\u00f3b (zgodnie z rozporz\u0105dzeniem z dn. 16 kwietnia br. &#8211; 1 osoba na 15m2). Nale\u017cy mie\u0107 zakryte usta i nos (opr\u00f3cz celebrans\u00f3w sprawuj\u0105cych Msze \u015bw.) oraz zachowa\u0107 w ko\u015bciele mi\u0119dzy sob\u0105 odst\u0119p minimum &hellip;","og_url":"https:\/\/pakosc-kalwaria.franciszkanie.net\/index.php\/2020\/05\/09\/ogloszenia-duszpasterskie-v-niedziela-wielkanocy-odpust-znalezienia-krzyza-swietego\/","og_site_name":"Pako\u015b\u0107 \u2013 Kalwaria","article_author":"https:\/\/www.facebook.com\/KalwariaPakosc\/","article_published_time":"2020-05-09T07:05:25+00:00","article_modified_time":"2020-05-08T09:28:16+00:00","og_image":[{"width":200,"height":327,"url":"https:\/\/pakosc-kalwaria.franciszkanie.net\/wp-content\/uploads\/2020\/05\/relikwiarz-zdj\u0119cie_21.jpg","type":"image\/jpeg"}],"twitter_card":"summary","twitter_misc":{"Napisane przez":"pakosc-kalwaria","Szacowany czas czytania":"4 minuty"},"schema":{"@context":"https:\/\/schema.org","@graph":[{"@type":"WebSite","@id":"https:\/\/pakosc-kalwaria.franciszkanie.net\/#website","url":"https:\/\/pakosc-kalwaria.franciszkanie.net\/","name":"Pako\u015b\u0107 \u2013 Kalwaria","description":"Parafia Rzymsko \u2013 Katolicka p.w. Pana Jezusa Ukrzy\u017cowanego i  Matki Bo\u017cej Bolesnej ul. Barci\u0144ska 60, 88\u2013170 Pako\u015b\u0107 \u2013 Kalwaria","potentialAction":[{"@type":"SearchAction","target":{"@type":"EntryPoint","urlTemplate":"https:\/\/pakosc-kalwaria.franciszkanie.net\/?s={search_term_string}"},"query-input":"required name=search_term_string"}],"inLanguage":"pl-PL"},{"@type":"ImageObject","@id":"https:\/\/pakosc-kalwaria.franciszkanie.net\/index.php\/2020\/05\/09\/ogloszenia-duszpasterskie-v-niedziela-wielkanocy-odpust-znalezienia-krzyza-swietego\/#primaryimage","inLanguage":"pl-PL","url":"https:\/\/pakosc-kalwaria.franciszkanie.net\/wp-content\/uploads\/2020\/05\/relikwiarz-zdj\u0119cie_21.jpg","contentUrl":"https:\/\/pakosc-kalwaria.franciszkanie.net\/wp-content\/uploads\/2020\/05\/relikwiarz-zdj\u0119cie_21.jpg","width":200,"height":327},{"@type":"WebPage","@id":"https:\/\/pakosc-kalwaria.franciszkanie.net\/index.php\/2020\/05\/09\/ogloszenia-duszpasterskie-v-niedziela-wielkanocy-odpust-znalezienia-krzyza-swietego\/#webpage","url":"https:\/\/pakosc-kalwaria.franciszkanie.net\/index.php\/2020\/05\/09\/ogloszenia-duszpasterskie-v-niedziela-wielkanocy-odpust-znalezienia-krzyza-swietego\/","name":"Og\u0142oszenia duszpasterskie - V Niedziela Wielkanocy (Odpust Znalezienia Krzy\u017ca \u015awi\u0119tego) - Pako\u015b\u0107 \u2013 Kalwaria","isPartOf":{"@id":"https:\/\/pakosc-kalwaria.franciszkanie.net\/#website"},"primaryImageOfPage":{"@id":"https:\/\/pakosc-kalwaria.franciszkanie.net\/index.php\/2020\/05\/09\/ogloszenia-duszpasterskie-v-niedziela-wielkanocy-odpust-znalezienia-krzyza-swietego\/#primaryimage"},"datePublished":"2020-05-09T07:05:25+00:00","dateModified":"2020-05-08T09:28:16+00:00","author":{"@id":"https:\/\/pakosc-kalwaria.franciszkanie.net\/#\/schema\/person\/af10b943be0760709227d060eadcb2aa"},"breadcrumb":{"@id":"https:\/\/pakosc-kalwaria.franciszkanie.net\/index.php\/2020\/05\/09\/ogloszenia-duszpasterskie-v-niedziela-wielkanocy-odpust-znalezienia-krzyza-swietego\/#breadcrumb"},"inLanguage":"pl-PL","potentialAction":[{"@type":"ReadAction","target":["https:\/\/pakosc-kalwaria.franciszkanie.net\/index.php\/2020\/05\/09\/ogloszenia-duszpasterskie-v-niedziela-wielkanocy-odpust-znalezienia-krzyza-swietego\/"]}]},{"@type":"BreadcrumbList","@id":"https:\/\/pakosc-kalwaria.franciszkanie.net\/index.php\/2020\/05\/09\/ogloszenia-duszpasterskie-v-niedziela-wielkanocy-odpust-znalezienia-krzyza-swietego\/#breadcrumb","itemListElement":[{"@type":"ListItem","position":1,"name":"Strona g\u0142\u00f3wna","item":"https:\/\/pakosc-kalwaria.franciszkanie.net\/"},{"@type":"ListItem","position":2,"name":"Og\u0142oszenia duszpasterskie &#8211; V Niedziela Wielkanocy (Odpust Znalezienia Krzy\u017ca \u015awi\u0119tego)"}]},{"@type":"Person","@id":"https:\/\/pakosc-kalwaria.franciszkanie.net\/#\/schema\/person\/af10b943be0760709227d060eadcb2aa","name":"pakosc-kalwaria","image":{"@type":"ImageObject","@id":"https:\/\/pakosc-kalwaria.franciszkanie.net\/#personlogo","inLanguage":"pl-PL","url":"https:\/\/secure.gravatar.com\/avatar\/e7049d338b55eac6a0027ff3218b8d02?s=96&d=mm&r=g","contentUrl":"https:\/\/secure.gravatar.com\/avatar\/e7049d338b55eac6a0027ff3218b8d02?s=96&d=mm&r=g","caption":"pakosc-kalwaria"},"sameAs":["https:\/\/www.facebook.com\/KalwariaPakosc\/"],"url":"https:\/\/pakosc-kalwaria.franciszkanie.net\/index.php\/author\/pakosc-kalwaria\/"}]}},"_links":{"self":[{"href":"https:\/\/pakosc-kalwaria.franciszkanie.net\/index.php\/wp-json\/wp\/v2\/posts\/13708"}],"collection":[{"href":"https:\/\/pakosc-kalwaria.franciszkanie.net\/index.php\/wp-json\/wp\/v2\/posts"}],"about":[{"href":"https:\/\/pakosc-kalwaria.franciszkanie.net\/index.php\/wp-json\/wp\/v2\/types\/post"}],"author":[{"embeddable":true,"href":"https:\/\/pakosc-kalwaria.franciszkanie.net\/index.php\/wp-json\/wp\/v2\/users\/2"}],"replies":[{"embeddable":true,"href":"https:\/\/pakosc-kalwaria.franciszkanie.net\/index.php\/wp-json\/wp\/v2\/comments?post=13708"}],"version-history":[{"count":3,"href":"https:\/\/pakosc-kalwaria.franciszkanie.net\/index.php\/wp-json\/wp\/v2\/posts\/13708\/revisions"}],"predecessor-version":[{"id":13713,"href":"https:\/\/pakosc-kalwaria.franciszkanie.net\/index.php\/wp-json\/wp\/v2\/posts\/13708\/revisions\/13713"}],"wp:featuredmedia":[{"embeddable":true,"href":"https:\/\/pakosc-kalwaria.franciszkanie.net\/index.php\/wp-json\/wp\/v2\/media\/13709"}],"wp:attachment":[{"href":"https:\/\/pakosc-kalwaria.franciszkanie.net\/index.php\/wp-json\/wp\/v2\/media?parent=13708"}],"wp:term":[{"taxonomy":"category","embeddable":true,"href":"https:\/\/pakosc-kalwaria.franciszkanie.net\/index.php\/wp-json\/wp\/v2\/categories?post=13708"},{"taxonomy":"post_tag","embeddable":true,"href":"https:\/\/pakosc-kalwaria.franciszkanie.net\/index.php\/wp-json\/wp\/v2\/tags?post=13708"}],"curies":[{"name":"wp","href":"https:\/\/api.w.org\/{rel}","templated":true}]}}