{"id":13714,"date":"2020-05-08T07:30:19","date_gmt":"2020-05-08T05:30:19","guid":{"rendered":"http:\/\/pakosc-kalwaria.franciszkanie.net\/?p=13714"},"modified":"2020-05-14T19:46:04","modified_gmt":"2020-05-14T17:46:04","slug":"rozporzadzenie-abp-wojciecha-polaka-prymasa-polski-dotyczace-wybranych-form-poslugi-duszpasterskiej-w-stanie-zagrozenia-epidemicznego-w-archidiecezji-gnieznienskiej-z-dn-08-05-2020r","status":"publish","type":"post","link":"https:\/\/pakosc-kalwaria.franciszkanie.net\/index.php\/2020\/05\/08\/rozporzadzenie-abp-wojciecha-polaka-prymasa-polski-dotyczace-wybranych-form-poslugi-duszpasterskiej-w-stanie-zagrozenia-epidemicznego-w-archidiecezji-gnieznienskiej-z-dn-08-05-2020r\/","title":{"rendered":"Rozporz\u0105dzenie abp. Wojciecha Polaka Prymasa Polski w stanie zagro\u017cenia epidemicznego w Archidiecezji Gnie\u017anie\u0144skiej z dn. 8 maja 2020r."},"content":{"rendered":"<p><strong>Rozporz\u0105dzenie abp. Wojciecha Polaka Prymasa Polski, dotycz\u0105ce wybranych form pos\u0142ugi duszpasterskiej w stanie zagro\u017cenia epidemicznego w Archidiecezji Gnie\u017anie\u0144skiej<\/strong><\/p>\n<p><strong>I Komunia \u015awi\u0119ta<\/strong><br \/>\n1. Organizowanie uroczysto\u015bci I Komunii \u015awi\u0119tych w praktykowanej dotychczas formie \u2013 wsp\u00f3lne przygotowanie, du\u017ca grupa \u2013 jest niemo\u017cliwe ze wzgl\u0119du na obowi\u0105zuj\u0105ce aktualnie przepisy pa\u0144stwowe. St\u0105d jest uzasadnionym, aby w porozumieniu z rodzicami, wyznaczy\u0107 nowe, jesienne ter-miny uroczysto\u015bci I Komunii \u015awi\u0119tych.<br \/>\n2. Mo\u017cna jednak udzieli\u0107 I Komunii \u015awi\u0119tej pojedynczym dzieciom lub ma\u0142ej grupie na pro\u015bb\u0119 lub za zgod\u0105 rodzic\u00f3w lub opiekun\u00f3w prawnych.<br \/>\nKan. 914 KPK stanowi, \u017ce jest przede wszystkim obowi\u0105zkiem rodzic\u00f3w oraz tych, kt\u00f3rzy ich zast\u0119puj\u0105, jak r\u00f3wnie\u017c proboszcza, troszczy\u0107 si\u0119, a\u017ceby dzieci, po doj\u015bciu do u\u017cywania rozumu, zosta\u0142y odpowiednio przygotowane i jak najszybciej posili\u0142y si\u0119 tym Bo\u017cym pokarmem, po uprzedniej sakramentalnej spowiedzi.<br \/>\nW zwi\u0105zku z powy\u017cszym, ksi\u0105dz proboszcz winien mie\u0107 moraln\u0105 pewno\u015b\u0107, \u017ce zar\u00f3wno rodzice, jak i on sam, uczynili co mo\u017cliwe w obecnym czasie, aby dzieci do tego wydarzenia jak najlepiej przygotowa\u0107.<br \/>\n3. Organizuj\u0105c sakramentaln\u0105 spowied\u017a i sam\u0105 uroczysto\u015b\u0107, nale\u017cy przestrzega\u0107 obowi\u0105zuj\u0105ce aktualnie przepisy pa\u0144stwowe.<\/p>\n<p><strong>Bierzmowanie<\/strong><br \/>\n4. Wszystkie ustalone uprzednio terminy udzielania Sakramentu Bierzmowania zosta\u0142y zawieszone na mocy wcze\u015bniejszego rozporz\u0105dzenia.<br \/>\n5. Z pocz\u0105tkiem czerwca zostaje wznowione udzielanie Sakramentu Bierzmowania osobom, kt\u00f3re s\u0105 przygotowane i kt\u00f3rych rodzice lub prawni opiekunowie, jak r\u00f3wnie\u017c i one same, wyra\u017caj\u0105 wol\u0119 przyj\u0119cia tego sakramentu w panuj\u0105cych obecnie warunkach. Dotyczy to w spos\u00f3b szczeg\u00f3lny os\u00f3b, kt\u00f3re mia\u0142y przyst\u0105pi\u0107 do bierzmowania w minionych miesi\u0105cach.<br \/>\n6. Przy organizacji bierzmowania nale\u017cy pami\u0119ta\u0107 o przestrzeganiu obowi\u0105zuj\u0105cego aktualnie prawa pa\u0144stwowego. Nadal nie mo\u017cna organizowa\u0107 katechez i spotka\u0144 dla m\u0142odzie\u017cy w tradycyjnej formie. Mo\u017cliwe jest udzielenie tego sakramentu jednego dnia w kilku mniejszych grupach.<br \/>\n7. Ksi\u0119\u017ca proboszczowie chc\u0105cy zorganizowa\u0107 bierzmowanie proszeni s\u0105 o kontakt z ks. dr. Marcinem Andrzejewskim, Notariuszem Kurii Metropolitalnej, celem ustalenia nowego lub potwierdzenia wcze\u015bniej ustalonego terminu bierzmowania.<\/p>\n<p><strong>Katecheza dla narzeczonych<\/strong><br \/>\n8. Nadal nie jest mo\u017cliwe organizowanie katechez dla narzeczonych w formie stacjonarnej. W zwi\u0105zku z tym narzeczeni, kt\u00f3rzy \u015blubowa\u0107 b\u0119d\u0105 w najbli\u017cszych miesi\u0105cach, powinni zapozna\u0107 si\u0119 z katechezami dost\u0119pny-mi na stronie narzeczeni.archidiecezja.pl (Dodatkowe formy przygotowania \u2013 katechezy w czasach koronawirusa). Ksi\u0105dz proboszcz podczas spotka\u0144 z narzeczonymi powinien podj\u0105\u0107 rozmow\u0119 na ich temat. Narzeczeni nie otrzymuj\u0105 za\u015bwiadcze\u0144 o uko\u0144czeniu katechez dla narzeczonych. Nale\u017cy jednak sporz\u0105dzi\u0107 notatk\u0119, \u017ce zapoznali si\u0119 z materia\u0142ami dost\u0119pnymi online i odbyli rozmow\u0119 z duszpasterzem, i do\u0142\u0105czy\u0107 j\u0105 do akt.<br \/>\n9. Trzy spotkania w poradni rodzinnej mog\u0105 odby\u0107 si\u0119 online lub w spos\u00f3b tradycyjny z zachowaniem obowi\u0105zuj\u0105cych przepis\u00f3w pa\u0144stwowych. Nie wolno organizowa\u0107 spotka\u0144 w mieszkaniu doradcy. Ksi\u0105dz proboszcz jest zobowi\u0105zany udost\u0119pni\u0107 pomieszczenia parafialne.<\/p>\n<p><strong>Pos\u0142uga sakramentalna wzgl\u0119dem chorych<\/strong><br \/>\n10. Pos\u0142uga wobec os\u00f3b chorych i w podesz\u0142ym wieku ograniczona jest zasadniczo do sytuacji, w kt\u00f3rych znajd\u0105 si\u0119 one w niebezpiecze\u0144stwie \u015bmierci.<br \/>\n11. Na wyra\u017an\u0105 pro\u015bb\u0119 osoby chorej lub starszej mo\u017cna jednak udzieli\u0107 sakrament\u00f3w \u015bwi\u0119tych z zachowaniem przepis\u00f3w pa\u0144stwowych.<\/p>\n<p>Niniejsze Rozporz\u0105dzenie wchodzi w \u017cycie z dniem 8 maja 2020 r. i obowi\u0105zuje do odwo\u0142ania.<br \/>\n\u2020 Wojciech Polak<br \/>\nArcybiskup Metropolita Gnie\u017anie\u0144ski<br \/>\nPrymas Polski<\/p>\n<p>Gniezno, dnia 8 maja 2020 r.<\/p>\n","protected":false},"excerpt":{"rendered":"<p>Rozporz\u0105dzenie abp. Wojciecha Polaka Prymasa Polski, dotycz\u0105ce wybranych form pos\u0142ugi duszpasterskiej w stanie zagro\u017cenia epidemicznego w Archidiecezji Gnie\u017anie\u0144skiej I Komunia \u015awi\u0119ta 1. Organizowanie uroczysto\u015bci I Komunii \u015awi\u0119tych w praktykowanej dotychczas formie \u2013 wsp\u00f3lne przygotowanie, du\u017ca grupa \u2013 jest niemo\u017cliwe ze wzgl\u0119du na obowi\u0105zuj\u0105ce aktualnie przepisy pa\u0144stwowe. St\u0105d jest uzasadnionym, aby w porozumieniu z rodzicami, wyznaczy\u0107 &hellip;<\/p>\n","protected":false},"author":2,"featured_media":13558,"comment_status":"closed","ping_status":"open","sticky":false,"template":"","format":"standard","meta":{"_mi_skip_tracking":false,"_exactmetrics_sitenote_active":false,"_exactmetrics_sitenote_note":"","_exactmetrics_sitenote_category":0},"categories":[7],"tags":[],"yoast_head":"<!-- This site is optimized with the Yoast SEO plugin v18.1 - https:\/\/yoast.com\/wordpress\/plugins\/seo\/ -->\n<title>Rozporz\u0105dzenie abp. Wojciecha Polaka Prymasa Polski w stanie zagro\u017cenia epidemicznego w Archidiecezji Gnie\u017anie\u0144skiej z dn. 8 maja 2020r. - Pako\u015b\u0107 \u2013 Kalwaria<\/title>\n<meta name=\"robots\" content=\"index, follow, max-snippet:-1, max-image-preview:large, max-video-preview:-1\" \/>\n<link rel=\"canonical\" href=\"https:\/\/pakosc-kalwaria.franciszkanie.net\/index.php\/2020\/05\/08\/rozporzadzenie-abp-wojciecha-polaka-prymasa-polski-dotyczace-wybranych-form-poslugi-duszpasterskiej-w-stanie-zagrozenia-epidemicznego-w-archidiecezji-gnieznienskiej-z-dn-08-05-2020r\/\" \/>\n<meta property=\"og:locale\" content=\"pl_PL\" \/>\n<meta property=\"og:type\" content=\"article\" \/>\n<meta property=\"og:title\" content=\"Rozporz\u0105dzenie abp. Wojciecha Polaka Prymasa Polski w stanie zagro\u017cenia epidemicznego w Archidiecezji Gnie\u017anie\u0144skiej z dn. 8 maja 2020r. - Pako\u015b\u0107 \u2013 Kalwaria\" \/>\n<meta property=\"og:description\" content=\"Rozporz\u0105dzenie abp. Wojciecha Polaka Prymasa Polski, dotycz\u0105ce wybranych form pos\u0142ugi duszpasterskiej w stanie zagro\u017cenia epidemicznego w Archidiecezji Gnie\u017anie\u0144skiej I Komunia \u015awi\u0119ta 1. Organizowanie uroczysto\u015bci I Komunii \u015awi\u0119tych w praktykowanej dotychczas formie \u2013 wsp\u00f3lne przygotowanie, du\u017ca grupa \u2013 jest niemo\u017cliwe ze wzgl\u0119du na obowi\u0105zuj\u0105ce aktualnie przepisy pa\u0144stwowe. St\u0105d jest uzasadnionym, aby w porozumieniu z rodzicami, wyznaczy\u0107 &hellip;\" \/>\n<meta property=\"og:url\" content=\"https:\/\/pakosc-kalwaria.franciszkanie.net\/index.php\/2020\/05\/08\/rozporzadzenie-abp-wojciecha-polaka-prymasa-polski-dotyczace-wybranych-form-poslugi-duszpasterskiej-w-stanie-zagrozenia-epidemicznego-w-archidiecezji-gnieznienskiej-z-dn-08-05-2020r\/\" \/>\n<meta property=\"og:site_name\" content=\"Pako\u015b\u0107 \u2013 Kalwaria\" \/>\n<meta property=\"article:author\" content=\"https:\/\/www.facebook.com\/KalwariaPakosc\/\" \/>\n<meta property=\"article:published_time\" content=\"2020-05-08T05:30:19+00:00\" \/>\n<meta property=\"article:modified_time\" content=\"2020-05-14T17:46:04+00:00\" \/>\n<meta property=\"og:image\" content=\"https:\/\/pakosc-kalwaria.franciszkanie.net\/wp-content\/uploads\/2020\/04\/herb_polak-1-1.jpg\" \/>\n\t<meta property=\"og:image:width\" content=\"200\" \/>\n\t<meta property=\"og:image:height\" content=\"218\" \/>\n\t<meta property=\"og:image:type\" content=\"image\/jpeg\" \/>\n<meta name=\"twitter:card\" content=\"summary\" \/>\n<meta name=\"twitter:label1\" content=\"Napisane przez\" \/>\n\t<meta name=\"twitter:data1\" content=\"pakosc-kalwaria\" \/>\n\t<meta name=\"twitter:label2\" content=\"Szacowany czas czytania\" \/>\n\t<meta name=\"twitter:data2\" content=\"3 minuty\" \/>\n<script type=\"application\/ld+json\" class=\"yoast-schema-graph\">{\"@context\":\"https:\/\/schema.org\",\"@graph\":[{\"@type\":\"WebSite\",\"@id\":\"https:\/\/pakosc-kalwaria.franciszkanie.net\/#website\",\"url\":\"https:\/\/pakosc-kalwaria.franciszkanie.net\/\",\"name\":\"Pako\u015b\u0107 \u2013 Kalwaria\",\"description\":\"Parafia Rzymsko \u2013 Katolicka p.w. Pana Jezusa Ukrzy\u017cowanego i  Matki Bo\u017cej Bolesnej ul. Barci\u0144ska 60, 88\u2013170 Pako\u015b\u0107 \u2013 Kalwaria\",\"potentialAction\":[{\"@type\":\"SearchAction\",\"target\":{\"@type\":\"EntryPoint\",\"urlTemplate\":\"https:\/\/pakosc-kalwaria.franciszkanie.net\/?s={search_term_string}\"},\"query-input\":\"required name=search_term_string\"}],\"inLanguage\":\"pl-PL\"},{\"@type\":\"ImageObject\",\"@id\":\"https:\/\/pakosc-kalwaria.franciszkanie.net\/index.php\/2020\/05\/08\/rozporzadzenie-abp-wojciecha-polaka-prymasa-polski-dotyczace-wybranych-form-poslugi-duszpasterskiej-w-stanie-zagrozenia-epidemicznego-w-archidiecezji-gnieznienskiej-z-dn-08-05-2020r\/#primaryimage\",\"inLanguage\":\"pl-PL\",\"url\":\"https:\/\/pakosc-kalwaria.franciszkanie.net\/wp-content\/uploads\/2020\/04\/herb_polak-1-1.jpg\",\"contentUrl\":\"https:\/\/pakosc-kalwaria.franciszkanie.net\/wp-content\/uploads\/2020\/04\/herb_polak-1-1.jpg\",\"width\":200,\"height\":218},{\"@type\":\"WebPage\",\"@id\":\"https:\/\/pakosc-kalwaria.franciszkanie.net\/index.php\/2020\/05\/08\/rozporzadzenie-abp-wojciecha-polaka-prymasa-polski-dotyczace-wybranych-form-poslugi-duszpasterskiej-w-stanie-zagrozenia-epidemicznego-w-archidiecezji-gnieznienskiej-z-dn-08-05-2020r\/#webpage\",\"url\":\"https:\/\/pakosc-kalwaria.franciszkanie.net\/index.php\/2020\/05\/08\/rozporzadzenie-abp-wojciecha-polaka-prymasa-polski-dotyczace-wybranych-form-poslugi-duszpasterskiej-w-stanie-zagrozenia-epidemicznego-w-archidiecezji-gnieznienskiej-z-dn-08-05-2020r\/\",\"name\":\"Rozporz\u0105dzenie abp. Wojciecha Polaka Prymasa Polski w stanie zagro\u017cenia epidemicznego w Archidiecezji Gnie\u017anie\u0144skiej z dn. 8 maja 2020r. - Pako\u015b\u0107 \u2013 Kalwaria\",\"isPartOf\":{\"@id\":\"https:\/\/pakosc-kalwaria.franciszkanie.net\/#website\"},\"primaryImageOfPage\":{\"@id\":\"https:\/\/pakosc-kalwaria.franciszkanie.net\/index.php\/2020\/05\/08\/rozporzadzenie-abp-wojciecha-polaka-prymasa-polski-dotyczace-wybranych-form-poslugi-duszpasterskiej-w-stanie-zagrozenia-epidemicznego-w-archidiecezji-gnieznienskiej-z-dn-08-05-2020r\/#primaryimage\"},\"datePublished\":\"2020-05-08T05:30:19+00:00\",\"dateModified\":\"2020-05-14T17:46:04+00:00\",\"author\":{\"@id\":\"https:\/\/pakosc-kalwaria.franciszkanie.net\/#\/schema\/person\/af10b943be0760709227d060eadcb2aa\"},\"breadcrumb\":{\"@id\":\"https:\/\/pakosc-kalwaria.franciszkanie.net\/index.php\/2020\/05\/08\/rozporzadzenie-abp-wojciecha-polaka-prymasa-polski-dotyczace-wybranych-form-poslugi-duszpasterskiej-w-stanie-zagrozenia-epidemicznego-w-archidiecezji-gnieznienskiej-z-dn-08-05-2020r\/#breadcrumb\"},\"inLanguage\":\"pl-PL\",\"potentialAction\":[{\"@type\":\"ReadAction\",\"target\":[\"https:\/\/pakosc-kalwaria.franciszkanie.net\/index.php\/2020\/05\/08\/rozporzadzenie-abp-wojciecha-polaka-prymasa-polski-dotyczace-wybranych-form-poslugi-duszpasterskiej-w-stanie-zagrozenia-epidemicznego-w-archidiecezji-gnieznienskiej-z-dn-08-05-2020r\/\"]}]},{\"@type\":\"BreadcrumbList\",\"@id\":\"https:\/\/pakosc-kalwaria.franciszkanie.net\/index.php\/2020\/05\/08\/rozporzadzenie-abp-wojciecha-polaka-prymasa-polski-dotyczace-wybranych-form-poslugi-duszpasterskiej-w-stanie-zagrozenia-epidemicznego-w-archidiecezji-gnieznienskiej-z-dn-08-05-2020r\/#breadcrumb\",\"itemListElement\":[{\"@type\":\"ListItem\",\"position\":1,\"name\":\"Strona g\u0142\u00f3wna\",\"item\":\"https:\/\/pakosc-kalwaria.franciszkanie.net\/\"},{\"@type\":\"ListItem\",\"position\":2,\"name\":\"Rozporz\u0105dzenie abp. Wojciecha Polaka Prymasa Polski w stanie zagro\u017cenia epidemicznego w Archidiecezji Gnie\u017anie\u0144skiej z dn. 8 maja 2020r.\"}]},{\"@type\":\"Person\",\"@id\":\"https:\/\/pakosc-kalwaria.franciszkanie.net\/#\/schema\/person\/af10b943be0760709227d060eadcb2aa\",\"name\":\"pakosc-kalwaria\",\"image\":{\"@type\":\"ImageObject\",\"@id\":\"https:\/\/pakosc-kalwaria.franciszkanie.net\/#personlogo\",\"inLanguage\":\"pl-PL\",\"url\":\"https:\/\/secure.gravatar.com\/avatar\/e7049d338b55eac6a0027ff3218b8d02?s=96&d=mm&r=g\",\"contentUrl\":\"https:\/\/secure.gravatar.com\/avatar\/e7049d338b55eac6a0027ff3218b8d02?s=96&d=mm&r=g\",\"caption\":\"pakosc-kalwaria\"},\"sameAs\":[\"https:\/\/www.facebook.com\/KalwariaPakosc\/\"],\"url\":\"https:\/\/pakosc-kalwaria.franciszkanie.net\/index.php\/author\/pakosc-kalwaria\/\"}]}<\/script>\n<!-- \/ Yoast SEO plugin. -->","yoast_head_json":{"title":"Rozporz\u0105dzenie abp. Wojciecha Polaka Prymasa Polski w stanie zagro\u017cenia epidemicznego w Archidiecezji Gnie\u017anie\u0144skiej z dn. 8 maja 2020r. - Pako\u015b\u0107 \u2013 Kalwaria","robots":{"index":"index","follow":"follow","max-snippet":"max-snippet:-1","max-image-preview":"max-image-preview:large","max-video-preview":"max-video-preview:-1"},"canonical":"https:\/\/pakosc-kalwaria.franciszkanie.net\/index.php\/2020\/05\/08\/rozporzadzenie-abp-wojciecha-polaka-prymasa-polski-dotyczace-wybranych-form-poslugi-duszpasterskiej-w-stanie-zagrozenia-epidemicznego-w-archidiecezji-gnieznienskiej-z-dn-08-05-2020r\/","og_locale":"pl_PL","og_type":"article","og_title":"Rozporz\u0105dzenie abp. Wojciecha Polaka Prymasa Polski w stanie zagro\u017cenia epidemicznego w Archidiecezji Gnie\u017anie\u0144skiej z dn. 8 maja 2020r. - Pako\u015b\u0107 \u2013 Kalwaria","og_description":"Rozporz\u0105dzenie abp. Wojciecha Polaka Prymasa Polski, dotycz\u0105ce wybranych form pos\u0142ugi duszpasterskiej w stanie zagro\u017cenia epidemicznego w Archidiecezji Gnie\u017anie\u0144skiej I Komunia \u015awi\u0119ta 1. Organizowanie uroczysto\u015bci I Komunii \u015awi\u0119tych w praktykowanej dotychczas formie \u2013 wsp\u00f3lne przygotowanie, du\u017ca grupa \u2013 jest niemo\u017cliwe ze wzgl\u0119du na obowi\u0105zuj\u0105ce aktualnie przepisy pa\u0144stwowe. St\u0105d jest uzasadnionym, aby w porozumieniu z rodzicami, wyznaczy\u0107 &hellip;","og_url":"https:\/\/pakosc-kalwaria.franciszkanie.net\/index.php\/2020\/05\/08\/rozporzadzenie-abp-wojciecha-polaka-prymasa-polski-dotyczace-wybranych-form-poslugi-duszpasterskiej-w-stanie-zagrozenia-epidemicznego-w-archidiecezji-gnieznienskiej-z-dn-08-05-2020r\/","og_site_name":"Pako\u015b\u0107 \u2013 Kalwaria","article_author":"https:\/\/www.facebook.com\/KalwariaPakosc\/","article_published_time":"2020-05-08T05:30:19+00:00","article_modified_time":"2020-05-14T17:46:04+00:00","og_image":[{"width":200,"height":218,"url":"https:\/\/pakosc-kalwaria.franciszkanie.net\/wp-content\/uploads\/2020\/04\/herb_polak-1-1.jpg","type":"image\/jpeg"}],"twitter_card":"summary","twitter_misc":{"Napisane przez":"pakosc-kalwaria","Szacowany czas czytania":"3 minuty"},"schema":{"@context":"https:\/\/schema.org","@graph":[{"@type":"WebSite","@id":"https:\/\/pakosc-kalwaria.franciszkanie.net\/#website","url":"https:\/\/pakosc-kalwaria.franciszkanie.net\/","name":"Pako\u015b\u0107 \u2013 Kalwaria","description":"Parafia Rzymsko \u2013 Katolicka p.w. Pana Jezusa Ukrzy\u017cowanego i  Matki Bo\u017cej Bolesnej ul. Barci\u0144ska 60, 88\u2013170 Pako\u015b\u0107 \u2013 Kalwaria","potentialAction":[{"@type":"SearchAction","target":{"@type":"EntryPoint","urlTemplate":"https:\/\/pakosc-kalwaria.franciszkanie.net\/?s={search_term_string}"},"query-input":"required name=search_term_string"}],"inLanguage":"pl-PL"},{"@type":"ImageObject","@id":"https:\/\/pakosc-kalwaria.franciszkanie.net\/index.php\/2020\/05\/08\/rozporzadzenie-abp-wojciecha-polaka-prymasa-polski-dotyczace-wybranych-form-poslugi-duszpasterskiej-w-stanie-zagrozenia-epidemicznego-w-archidiecezji-gnieznienskiej-z-dn-08-05-2020r\/#primaryimage","inLanguage":"pl-PL","url":"https:\/\/pakosc-kalwaria.franciszkanie.net\/wp-content\/uploads\/2020\/04\/herb_polak-1-1.jpg","contentUrl":"https:\/\/pakosc-kalwaria.franciszkanie.net\/wp-content\/uploads\/2020\/04\/herb_polak-1-1.jpg","width":200,"height":218},{"@type":"WebPage","@id":"https:\/\/pakosc-kalwaria.franciszkanie.net\/index.php\/2020\/05\/08\/rozporzadzenie-abp-wojciecha-polaka-prymasa-polski-dotyczace-wybranych-form-poslugi-duszpasterskiej-w-stanie-zagrozenia-epidemicznego-w-archidiecezji-gnieznienskiej-z-dn-08-05-2020r\/#webpage","url":"https:\/\/pakosc-kalwaria.franciszkanie.net\/index.php\/2020\/05\/08\/rozporzadzenie-abp-wojciecha-polaka-prymasa-polski-dotyczace-wybranych-form-poslugi-duszpasterskiej-w-stanie-zagrozenia-epidemicznego-w-archidiecezji-gnieznienskiej-z-dn-08-05-2020r\/","name":"Rozporz\u0105dzenie abp. Wojciecha Polaka Prymasa Polski w stanie zagro\u017cenia epidemicznego w Archidiecezji Gnie\u017anie\u0144skiej z dn. 8 maja 2020r. - Pako\u015b\u0107 \u2013 Kalwaria","isPartOf":{"@id":"https:\/\/pakosc-kalwaria.franciszkanie.net\/#website"},"primaryImageOfPage":{"@id":"https:\/\/pakosc-kalwaria.franciszkanie.net\/index.php\/2020\/05\/08\/rozporzadzenie-abp-wojciecha-polaka-prymasa-polski-dotyczace-wybranych-form-poslugi-duszpasterskiej-w-stanie-zagrozenia-epidemicznego-w-archidiecezji-gnieznienskiej-z-dn-08-05-2020r\/#primaryimage"},"datePublished":"2020-05-08T05:30:19+00:00","dateModified":"2020-05-14T17:46:04+00:00","author":{"@id":"https:\/\/pakosc-kalwaria.franciszkanie.net\/#\/schema\/person\/af10b943be0760709227d060eadcb2aa"},"breadcrumb":{"@id":"https:\/\/pakosc-kalwaria.franciszkanie.net\/index.php\/2020\/05\/08\/rozporzadzenie-abp-wojciecha-polaka-prymasa-polski-dotyczace-wybranych-form-poslugi-duszpasterskiej-w-stanie-zagrozenia-epidemicznego-w-archidiecezji-gnieznienskiej-z-dn-08-05-2020r\/#breadcrumb"},"inLanguage":"pl-PL","potentialAction":[{"@type":"ReadAction","target":["https:\/\/pakosc-kalwaria.franciszkanie.net\/index.php\/2020\/05\/08\/rozporzadzenie-abp-wojciecha-polaka-prymasa-polski-dotyczace-wybranych-form-poslugi-duszpasterskiej-w-stanie-zagrozenia-epidemicznego-w-archidiecezji-gnieznienskiej-z-dn-08-05-2020r\/"]}]},{"@type":"BreadcrumbList","@id":"https:\/\/pakosc-kalwaria.franciszkanie.net\/index.php\/2020\/05\/08\/rozporzadzenie-abp-wojciecha-polaka-prymasa-polski-dotyczace-wybranych-form-poslugi-duszpasterskiej-w-stanie-zagrozenia-epidemicznego-w-archidiecezji-gnieznienskiej-z-dn-08-05-2020r\/#breadcrumb","itemListElement":[{"@type":"ListItem","position":1,"name":"Strona g\u0142\u00f3wna","item":"https:\/\/pakosc-kalwaria.franciszkanie.net\/"},{"@type":"ListItem","position":2,"name":"Rozporz\u0105dzenie abp. Wojciecha Polaka Prymasa Polski w stanie zagro\u017cenia epidemicznego w Archidiecezji Gnie\u017anie\u0144skiej z dn. 8 maja 2020r."}]},{"@type":"Person","@id":"https:\/\/pakosc-kalwaria.franciszkanie.net\/#\/schema\/person\/af10b943be0760709227d060eadcb2aa","name":"pakosc-kalwaria","image":{"@type":"ImageObject","@id":"https:\/\/pakosc-kalwaria.franciszkanie.net\/#personlogo","inLanguage":"pl-PL","url":"https:\/\/secure.gravatar.com\/avatar\/e7049d338b55eac6a0027ff3218b8d02?s=96&d=mm&r=g","contentUrl":"https:\/\/secure.gravatar.com\/avatar\/e7049d338b55eac6a0027ff3218b8d02?s=96&d=mm&r=g","caption":"pakosc-kalwaria"},"sameAs":["https:\/\/www.facebook.com\/KalwariaPakosc\/"],"url":"https:\/\/pakosc-kalwaria.franciszkanie.net\/index.php\/author\/pakosc-kalwaria\/"}]}},"_links":{"self":[{"href":"https:\/\/pakosc-kalwaria.franciszkanie.net\/index.php\/wp-json\/wp\/v2\/posts\/13714"}],"collection":[{"href":"https:\/\/pakosc-kalwaria.franciszkanie.net\/index.php\/wp-json\/wp\/v2\/posts"}],"about":[{"href":"https:\/\/pakosc-kalwaria.franciszkanie.net\/index.php\/wp-json\/wp\/v2\/types\/post"}],"author":[{"embeddable":true,"href":"https:\/\/pakosc-kalwaria.franciszkanie.net\/index.php\/wp-json\/wp\/v2\/users\/2"}],"replies":[{"embeddable":true,"href":"https:\/\/pakosc-kalwaria.franciszkanie.net\/index.php\/wp-json\/wp\/v2\/comments?post=13714"}],"version-history":[{"count":2,"href":"https:\/\/pakosc-kalwaria.franciszkanie.net\/index.php\/wp-json\/wp\/v2\/posts\/13714\/revisions"}],"predecessor-version":[{"id":13716,"href":"https:\/\/pakosc-kalwaria.franciszkanie.net\/index.php\/wp-json\/wp\/v2\/posts\/13714\/revisions\/13716"}],"wp:featuredmedia":[{"embeddable":true,"href":"https:\/\/pakosc-kalwaria.franciszkanie.net\/index.php\/wp-json\/wp\/v2\/media\/13558"}],"wp:attachment":[{"href":"https:\/\/pakosc-kalwaria.franciszkanie.net\/index.php\/wp-json\/wp\/v2\/media?parent=13714"}],"wp:term":[{"taxonomy":"category","embeddable":true,"href":"https:\/\/pakosc-kalwaria.franciszkanie.net\/index.php\/wp-json\/wp\/v2\/categories?post=13714"},{"taxonomy":"post_tag","embeddable":true,"href":"https:\/\/pakosc-kalwaria.franciszkanie.net\/index.php\/wp-json\/wp\/v2\/tags?post=13714"}],"curies":[{"name":"wp","href":"https:\/\/api.w.org\/{rel}","templated":true}]}}