{"id":13718,"date":"2020-05-08T18:58:02","date_gmt":"2020-05-08T16:58:02","guid":{"rendered":"http:\/\/pakosc-kalwaria.franciszkanie.net\/?p=13718"},"modified":"2020-05-14T19:46:43","modified_gmt":"2020-05-14T17:46:43","slug":"do-medytacji-z-kalwaryjskiego-wzgorza-odpust-znalezienia-krzyza-swietego-10-maja2020r","status":"publish","type":"post","link":"https:\/\/pakosc-kalwaria.franciszkanie.net\/index.php\/2020\/05\/08\/do-medytacji-z-kalwaryjskiego-wzgorza-odpust-znalezienia-krzyza-swietego-10-maja2020r\/","title":{"rendered":"Do medytacji z kalwaryjskiego Wzg\u00f3rza \u2013 Odpust Znalezienia Krzy\u017ca \u015awi\u0119tego 10 maja 2020r."},"content":{"rendered":"<p><span style=\"color: #ff0000;\"><strong>Liturgia S\u0142owa \u2013 Kalwaryjski Odpust Znalezienia Krzy\u017ca \u015awi\u0119tego &#8211; niedziela <\/strong><strong>10 maja<\/strong><\/span><strong><span style=\"color: #ff0000;\"> 2020r.<\/span><\/strong><\/p>\n<p><strong>1. czytanie (Lb 21, 4b-9) <em>W\u0105\u017c z br\u0105zu znakiem ocalenia<\/em><\/strong><\/p>\n<div id=\"tabnowy03\" class=\"tab-pane fade active in\">\n<p><strong>Czytanie z Ksi\u0119gi Liczb<br \/>\n<\/strong>W owych dniach podczas drogi lud straci\u0142 cierpliwo\u015b\u0107. I zacz\u0119li m\u00f3wi\u0107 przeciw Bogu i Moj\u017ceszowi: \u00abCzemu wyprowadzili\u015bcie nas z Egiptu, by\u015bmy tu na pustyni pomarli? Nie ma chleba ani wody, a uprzykrzy\u0142 si\u0119 nam ju\u017c ten pokarm mizerny\u00bb. Zes\u0142a\u0142 wi\u0119c Pan na lud w\u0119\u017ce o jadzie pal\u0105cym, kt\u00f3re k\u0105sa\u0142y ludzi, tak \u017ce wielka liczba Izraelit\u00f3w zmar\u0142a. Przybyli wi\u0119c ludzie do Moj\u017cesza m\u00f3wi\u0105c: \u00abZgrzeszyli\u015bmy, szemrz\u0105c przeciw Panu i przeciwko tobie. Wstaw si\u0119 za nami do Pana, aby oddali\u0142 od nas w\u0119\u017ce\u00bb. I wstawi\u0142 si\u0119 Moj\u017cesz za ludem. Wtedy rzek\u0142 Pan do Moj\u017cesza: \u00abSporz\u0105d\u017a w\u0119\u017ca i umie\u015b\u0107 go na wysokim palu; wtedy ka\u017cdy uk\u0105szony, je\u015bli tylko spojrzy na niego, zostanie przy \u017cyciu\u00bb. Sporz\u0105dzi\u0142 wi\u0119c Moj\u017cesz w\u0119\u017ca miedzianego i umie\u015bci\u0142 go na wysokim palu. I rzeczywi\u015bcie, je\u015bli kogo w\u0105\u017c uk\u0105si\u0142, a uk\u0105szony spojrza\u0142 na w\u0119\u017ca miedzianego, zostawa\u0142 przy \u017cyciu. <strong>Oto S\u0142owo Bo\u017ce.<\/strong><\/p>\n<p><strong><br \/>\nPsalm (Ps 78, 1-2. 34-35. 36-37. 38 (R.: por. 7b))<\/strong><\/p>\n<p><strong>Wielkich dzie\u0142 Boga nie zapominajmy<\/strong><\/p>\n<p>S\u0142uchaj, m\u00f3j ludu, nauki mojej, *<br \/>\nnak\u0142o\u0144cie wasze uszy na s\u0142owa ust moich.<br \/>\nDo przypowie\u015bci otworz\u0119 me usta, *<br \/>\nwyjawi\u0119 tajemnice zamierzch\u0142ego czasu.<\/p>\n<p><strong>Wielkich dzie\u0142 Boga nie zapominajmy<\/strong><\/p>\n<p>Gdy ich zabija\u0142, wtedy Go szukali, *<br \/>\nnawr\u00f3ceni garn\u0119li si\u0119 do Boga.<br \/>\nPrzypominali sobie, \u017ce B\u00f3g jest ich opok\u0105, *<br \/>\n\u017ce B\u00f3g Najwy\u017cszy ich Zbawicielem.<\/p>\n<p><strong>Wielkich dzie\u0142 Boga nie zapominajmy<\/strong><\/p>\n<p>Lecz oszukiwali Go swymi ustami *<br \/>\ni k\u0142amali Mu swoim j\u0119zykiem.<br \/>\nIch serce nie by\u0142o Mu wierne, *<br \/>\nw przymierzu z Nim nie byli stali.<\/p>\n<p><strong>Wielkich dzie\u0142 Boga nie zapominajmy<\/strong><\/p>\n<p>On jednak b\u0119d\u0105c mi\u0142osierny *<br \/>\nodpuszcza\u0142 im win\u0119, a nie zatraca\u0142,<br \/>\ngniew sw\u00f3j cz\u0119sto pow\u015bci\u0105ga\u0142 *<br \/>\ni powstrzymywa\u0142 swoje wzburzenie.<\/p>\n<p><strong>Wielkich dzie\u0142 Boga nie zapominajmy<\/strong><\/p>\n<p><strong><br \/>\n2. czytanie (Flp 2, 6-11) <em>Chrystus uni\u017cy\u0142 samego siebie, dlatego B\u00f3g Go wywy\u017cszy\u0142<\/em><\/strong><\/p>\n<p><strong>Czytanie z Listu \u015bwi\u0119tego Paw\u0142a Aposto\u0142a do Filipian<br \/>\n<\/strong>Chrystus Jezus istniej\u0105c w postaci Bo\u017cej, nie skorzysta\u0142 ze sposobno\u015bci, aby na r\u00f3wni by\u0107 z Bogiem, lecz ogo\u0142oci\u0142 samego siebie, przyj\u0105wszy posta\u0107 s\u0142ugi, stawszy si\u0119 podobnym do ludzi. A w tym co zewn\u0119trzne uznany za cz\u0142owieka, uni\u017cy\u0142 samego siebie, stawszy si\u0119 pos\u0142usznym a\u017c do \u015bmierci, i to \u015bmierci krzy\u017cowej. Dlatego te\u017c B\u00f3g wywy\u017cszy\u0142 Go nad wszystko i darowa\u0142 Mu imi\u0119 ponad wszelkie imi\u0119, aby na imi\u0119 Jezusa zgi\u0119\u0142o si\u0119 ka\u017cde kolano istot niebieskich i ziemskich, i podziemnych, i aby wszelki j\u0119zyk wyzna\u0142, \u017ce Jezus Chrystus jest Panem ku chwale Boga Ojca. <strong>Oto S\u0142owo Bo\u017ce<\/strong><\/p>\n<p>&nbsp;<\/p>\n<p><strong>Aklamacja (J 14, 6)<\/strong><\/p>\n<p><strong>Alleluja, alleluja, alleluja<br \/>\n<\/strong>Ja jestem drog\u0105 i prawd\u0105, i \u017cyciem.<br \/>\nNikt nie przychodzi do Ojca inaczej jak tylko przeze Mnie.<br \/>\n<strong>Alleluja, alleluja, alleluja<\/strong><\/p>\n<p>&nbsp;<\/p>\n<div id=\"tabnowy04\" class=\"tab-pane active\">\n<p><strong>Ewangelia (J 14, 1-12) <em>Ja jestem drog\u0105 i prawd\u0105, i \u017cyciem<\/em><\/strong><\/p>\n<p><strong>S\u0142owa Ewangelii wed\u0142ug \u015awi\u0119tego Jana<br \/>\n<\/strong>Jezus powiedzia\u0142 do swoich uczni\u00f3w: \u00abNiech si\u0119 nie trwo\u017cy serce wasze. Wierzycie w Boga? I we Mnie wierzcie! W domu Ojca mego jest mieszka\u0144 wiele. Gdyby tak nie by\u0142o, to bym wam powiedzia\u0142. Id\u0119 przecie\u017c przygotowa\u0107 wam miejsce. A gdy odejd\u0119 i przygotuj\u0119 wam miejsce, przyjd\u0119 powt\u00f3rnie i zabior\u0119 was do siebie, aby\u015bcie i wy byli tam, gdzie Ja jestem. Znacie drog\u0119, dok\u0105d Ja id\u0119\u00bb. Odezwa\u0142 si\u0119 do Niego Tomasz: \u00abPanie, nie wiemy, dok\u0105d idziesz. Jak wi\u0119c mo\u017cemy zna\u0107 drog\u0119?\u00bb Odpowiedzia\u0142 mu Jezus: \u00abJa jestem drog\u0105 i prawd\u0105, i \u017cyciem. Nikt nie przychodzi do Ojca inaczej jak tylko przeze Mnie. Gdyby\u015bcie Mnie poznali, znaliby\u015bcie i mojego Ojca. Ale teraz ju\u017c Go znacie i zobaczyli\u015bcie\u00bb. Rzek\u0142 do Niego Filip: \u00abPanie, poka\u017c nam Ojca, a to nam wystarczy\u00bb. Odpowiedzia\u0142 mu Jezus: \u00abFilipie, tak d\u0142ugo jestem z wami, a jeszcze Mnie nie pozna\u0142e\u015b? Kto Mnie widzi, widzi tak\u017ce i Ojca. Dlaczego wi\u0119c m\u00f3wisz: \u201ePoka\u017c nam Ojca\u201d? Czy nie wierzysz, \u017ce Ja jestem w Ojcu, a Ojciec we Mnie? S\u0142\u00f3w tych, kt\u00f3re wam m\u00f3wi\u0119, nie wypowiadam od siebie. To Ojciec, kt\u00f3ry trwa we Mnie, On sam dokonuje tych dzie\u0142. Wierzcie Mi, \u017ce Ja jestem w Ojcu, a Ojciec we Mnie. Je\u017celi za\u015b nie \u2013 wierzcie przynajmniej ze wzgl\u0119du na same dzie\u0142a! Zaprawd\u0119, zaprawd\u0119, powiadam wam: Kto we Mnie wierzy, b\u0119dzie tak\u017ce dokonywa\u0142 tych dzie\u0142, kt\u00f3rych Ja dokonuj\u0119, a nawet wi\u0119ksze od tych uczyni, bo Ja id\u0119 do Ojca\u00bb. <strong>Oto S\u0142owo Pa\u0144skie.<\/strong><\/p>\n<p><span style=\"color: #ff0000;\"><br \/>\n<strong>Z kazania z kalwaryjskiego Wzg\u00f3rza \u2013 w niedziel\u0119 10 maja 2020r.<\/strong><\/span><br \/>\n<strong>Odpust Znalezienia Krzy\u017ca \u015bwi\u0119tego. \u00a0\u00a0\u00a0 <\/strong><br \/>\nWi\u0119kszo\u015b\u0107 z nas w swoim \u017cyciu us\u0142ysza\u0142a o Bogu ju\u017c we wczesnym dzieci\u0144stwie. M\u00f3wili nam o Bogu rodzice, dziadkowie, ksi\u0119\u017ca, katecheci. Czasami w wyniku tego nauczania, zrobili\u015bmy sobie obraz Boga jako starego cz\u0142owieka z brod\u0105, kt\u00f3ry karze dzieci, gdy s\u0105 niegrzeczne. W wieku m\u0142odzie\u017cowym, mo\u017ce pod wp\u0142ywem przynale\u017cno\u015bci do wsp\u00f3lnot parafialnych, czy te\u017c pielgrzymek, rekolekcji, a mo\u017ce i spotyka\u0144 z papie\u017cem czy to ze \u015bw. Janem Paw\u0142em II, czy z Benedyktem XVI, czy z obecnym papie\u017cem Franciszkiem, przyszed\u0142 w naszym \u017cyciu taki moment, \u017ce wprost zachwycili\u015bmy \u00a0si\u0119 Jezusem, Jego Ewangeli\u0105 i wsp\u00f3lnot\u0105 Ko\u015bcio\u0142a. A p\u00f3\u017aniej z r\u00f3\u017cnych powod\u00f3w dopad\u0142 nas mo\u017ce kryzys wiary, kt\u00f3ry doprowadzi\u0142 do stwierdzenia, \u017ce \u201ewierz\u0119 w Boga, ale nie wierz\u0119 w Ko\u015bci\u00f3\u0142\u201d\u2026 i powoli coraz bardziej oddalili\u015bmy si\u0119 nie tylko od Ko\u015bcio\u0142a, ale tak\u017ce niestety oddalili\u015bmy si\u0119 od Jezusa.<br \/>\nJak wi\u0119c dzisiaj pom\u00f3c sobie i innym uwierzy\u0107 w Boga? Co zrobi\u0107, aby na nowo, albo te\u017c jeszcze mocniej uwierzy\u0107 w Chrystusa i w Jego Ko\u015bci\u00f3\u0142?<br \/>\nJezus daje nam w dzisiejszej Ewangelii kilka podpowiedzi. Pierwsza z nich brzmi: \u201eKto Mnie zobaczy\u0142, zobaczy\u0142 tak\u017ce i Ojca\u201d. To bardzo wa\u017cne s\u0142owa wypowiedziane przez Jezusa, skierowane nie tylko do Filipa, ale skierowane tak\u017ce do ka\u017cdego z nas. Jezus daje nam do zrozumienia, \u017ce je\u017celi chcemy uwierzy\u0107 w Boga i naprawd\u0119 zobaczy\u0107 jaki jest B\u00f3g, to musimy spojrze\u0107 na Chrystusa, na Jego \u017cycie na ziemi, na Jego mi\u0142o\u015b\u0107, dobro\u0107 i po\u015bwi\u0119cenie\u2026, \u00a0na Jego ofiar\u0119 i \u015bmier\u0107 na Krzy\u017cu z mi\u0142o\u015bci do cz\u0142owieka i dla jego zbawienia\u2026. Jezus sta\u0142 si\u0119 cz\u0142owiekiem, aby pokaza\u0107 jak kocha B\u00f3g, kim jeste\u015bmy dla Boga, i kim B\u00f3g pragnie by\u0107 dla nas. Dlatego te\u017c powinni\u015bmy jak najcz\u0119\u015bciej czyta\u0107 i rozwa\u017ca\u0107 Ewangeli\u0119. Tak czyni\u0142 w swoim \u017cyciu \u015bw. Franciszek z Asy\u017cu: czyta\u0142 i rozwa\u017ca\u0142 Ewangeli\u0119, a potem wprowadza\u0142 j\u0105 w \u017cycie na\u015bladuj\u0105c Jezusa Chrystusa. W ten spos\u00f3b u\u015bwi\u0119ci\u0142 swoje \u017cycie na ziemi, a potomni nazwali go \u201edrugim Chrystusem\u201d. Je\u017celi chcemy wierzy\u0107 \u00a0Boga i \u017cy\u0107 jak wierz\u0105cy chrze\u015bcijanie, to nie wolno nam odrywa\u0107 wzroku od Jezusa Chrystusa i musimy stara\u0107 si\u0119 Go w \u017cyciu na\u015bladowa\u0107! Prze\u017cywaj\u0105c w liturgii Ko\u015bcio\u0142a czas wielkanocny trzeba nam te\u017c jeszcze bardziej zachwyci\u0107 si\u0119 zmartwychwstaniem Chrystusa i umocni\u0107 wiar\u0119 w nasze zmartwychwstanie.<br \/>\nUs\u0142yszeli\u015bmy w dzisiejszym fragmencie Ewangelii s\u0142owa Jezusa skierowane do uczni\u00f3w: \u201eNiech si\u0119 nie trwo\u017cy serce wasze. Wierzycie w Boga? I we Mnie wierzcie! W domu Ojca mego jest mieszka\u0144 wiele. Gdyby tak nie by\u0142o, to bym Wam powiedzia\u0142. Id\u0119 przecie\u017c przygotowa\u0107 wam miejsce. A gdy odejd\u0119 i przygotuj\u0119 wam miejsce, przyjd\u0119 powt\u00f3rnie i zabior\u0119 was do siebie, aby\u015bcie i wy byli tam, gdzie Ja jestem\u201d. Gdy Jezus m\u00f3wi Aposto\u0142om<br \/>\no mieszkaniach w domu swojego Ojca niebieskiego, to na zako\u0144czenie kieruje do nich jeszcze s\u0142owa: \u201eZnacie drog\u0119 dok\u0105d Ja id\u0119\u201d. Tomasz jednak pyta: \u201ePanie, nie wiemy, dok\u0105d idziesz. Jak wi\u0119c mo\u017cemy zna\u0107 drog\u0119?\u201d. I wtedy Jezus wskazuj\u0105c na siebie m\u00f3wi: \u201eJa jestem drog\u0105, prawd\u0105 i \u017cyciem\u201d.\u00a0 To kolejna podpowied\u017a Jezusa, co nale\u017cy uczyni\u0107, aby wierzy\u0107 w Boga?<br \/>\nJe\u017celi chcemy wierzy\u0107 w Boga, to Jezus nas uczy, \u017ce nale\u017cy i\u015b\u0107 w \u017cyciu Drog\u0105, kt\u00f3r\u0105 On nam wskazuje\u2026Drog\u0105 opart\u0105 na Bo\u017cych przykazaniach, a szczeg\u00f3lnie opart\u0105 na tym najwa\u017cniejszym przykazaniu mi\u0142o\u015bci Boga i bli\u017aniego. Je\u017celi chcemy wierzy\u0107 w Boga, to Jezus nas uczy, \u017ce powinni\u015bmy przyj\u0105\u0107 i \u017cy\u0107 Prawd\u0105, kt\u00f3r\u0105 g\u0142osi On i\u00a0 Jego Ko\u015bci\u00f3\u0142. A Ko\u015bci\u00f3\u0142 Jezusa Chrystusa, pod wp\u0142ywem dzia\u0142ania Ducha \u015awi\u0119tego, w tych najwa\u017cniejszych sprawach wiary i moralno\u015bci, jest nieomylny. Dlatego Jezus zapewnia Aposto\u0142\u00f3w i Ko\u015bci\u00f3\u0142: \u201eKto was s\u0142ucha, Mnie s\u0142ucha, a kto wami gardzi Mn\u0105 gardzi\u201d. Je\u017celi chcemy wierzy\u0107 w Boga, to Jezus uczy nas, \u017ce powinni\u015bmy mie\u0107 w sobie Jego \u017bycie, a to dzieje wtedy, gdy na co dzie\u0144 \u017cyjemy w \u0142asce u\u015bwi\u0119caj\u0105cej otrzymanej na chrzcie \u015bwi\u0119tym, i przyst\u0119pujemy do Komunii \u015bwi\u0119tej. Jezus podkre\u015bla w swoim nauczaniu: \u201eJa jestem chlebem \u017cywym, kt\u00f3ry zst\u0105pi\u0142 z nieba. Je\u015bli kto spo\u017cywa ten chleb, b\u0119dzie \u017cy\u0142 na wieki. Chlebem, kt\u00f3ry Ja dam, jest moje cia\u0142o za \u017cycie \u015bwiata\u2026 Jezus te\u017c przestrzega: Zaprawd\u0119, zaprawd\u0119, powiadam wam: Je\u017celi nie b\u0119dziecie spo\u017cywali Cia\u0142a Syna Cz\u0142owieczego i nie b\u0119dziecie pili Krwi Jego, nie b\u0119dziecie mieli \u017cycia w sobie. I jednocze\u015bnie Jezus zapewnia: Kto spo\u017cywa moje Cia\u0142o i pije moj\u0105 Krew, ma \u017cycie wieczne, a Ja go wskrzesz\u0119 w dniu ostatecznym. Cia\u0142o moje jest prawdziwym pokarmem, a Krew moja jest prawdziwym napojem. Kto spo\u017cywa moje Cia\u0142o i Krew moj\u0105 pije, trwa we Mnie, a Ja w nim\u201d.<br \/>\nDzisiaj na Kalwarii Pakoskiej prze\u017cywamy odpust Znalezienia Krzy\u017ca \u015awi\u0119tego, cho\u0107 ze wzgl\u0119du na epidemi\u0119 koronawirusa nie tak uroczy\u015bcie jak co roku. Historycznie ten odpust nawi\u0105zuje do wydarzenia kiedy to Matka cesarza Konstantyna Wielkiego, \u015bw. Helena odby\u0142a w roku 324 pielgrzymk\u0119 do Ziemi \u015awi\u0119tej. Tam w pustym zbiorniku na wod\u0119, tu\u017c obok Golgoty, znalaz\u0142a drewniane krzy\u017ce \u2013 narz\u0119dzia wykonywanych egzekucji. Jeden z nich wykazywa\u0142 cudown\u0105 moc uzdrawiania chorych. Uznano wi\u0119c, \u017ce jest to ten sam krzy\u017c, na kt\u00f3rym zawis\u0142o cia\u0142o Chrystusa. \u015aw. Helena podzieli\u0142a krzy\u017c Chrystusa na cz\u0119\u015bci, aby ofiarowa\u0107 je g\u0142\u00f3wnym \u00f3wczesnym o\u015brodkom chrze\u015bcija\u0144stwa: Jerozolimie, Rzymowi i Konstantynopolowi. Z czasem krzy\u017c podzielono na wiele drobnych cz\u0119\u015bci, aby wi\u0119cej chrze\u015bcija\u0144skich \u015bwi\u0105ty\u0144 mog\u0142o mie\u0107 chocia\u017c ma\u0142\u0105 cz\u0105stk\u0119 tej relikwii.<br \/>\nW Polsce najwi\u0119ksza obecnie Relikwia Krzy\u017ca \u015bwi\u0119tego znajduje w naszym franciszka\u0144skim Sanktuarium M\u0119ki Pa\u0144skiej \u2013 Kalwarii Pakoskiej. Relikwia Krzy\u017ca \u015awi\u0119tego zosta\u0142a sprowadzona do Pako\u015bci w 1671r. z konwentu ojc\u00f3w reformat\u00f3w z Nowego Miasta Lubawskiego. Ofiarodawc\u0105 by\u0142 Kazimierz Dzia\u0142y\u0144ski \u2013 wojewoda malborski, natomiast Zygmunt Dzia\u0142y\u0144ski \u2013 wojewoda pomorski wraz z \u017con\u0105 Katarzyn\u0105 ufundowali z\u0142oty relikwiarz w postaci krzy\u017ca, w kt\u00f3rym Relikwia Krzy\u017ca \u015awi\u0119tego jest przechowywana do dzisiaj.<br \/>\nW prze\u017cywaniu naszej chrze\u015bcija\u0144skiej wiary w Boga, bardzo wa\u017cne jest na\u015bladowanie Jezusa. Tylko ten kto na\u015bladuje Jezusa mo\u017ce by\u0107 w pe\u0142ni uczniem Jezusa, a w przysz\u0142o\u015bci zosta\u0107 \u015bwi\u0119tym. W odniesieniu do krzy\u017ca, kt\u00f3ry jest bardzo wa\u017cnym symbolem naszej wiary, warto zapami\u0119ta\u0107 te\u017c s\u0142owa Jezusa: \u201eJe\u015bli kto chce i\u015b\u0107 za Mn\u0105, niech si\u0119 zaprze samego siebie, niech co dnia bierze krzy\u017c sw\u00f3j i niech Mnie na\u015bladuje\u201d. Jako uczniowie Jezusa na\u015bladujmy wi\u0119c Jezusa d\u017awigaj\u0105c codziennie sw\u00f3j krzy\u017c, bo \u201eKrzy\u017c jest moc\u0105 i m\u0105dro\u015bci\u0105 Bo\u017c\u0105\u201d. A na\u015bladowanie Jezusa w niesieniu codziennego krzy\u017ca jest drog\u0105 prowadz\u0105ca do zbawienia\u2026 prowadz\u0105c\u0105 do Nieba. Amen<strong>.<br \/>\n<\/strong>o.R.<\/p>\n<\/div>\n<\/div>\n","protected":false},"excerpt":{"rendered":"<p>Liturgia S\u0142owa \u2013 Kalwaryjski Odpust Znalezienia Krzy\u017ca \u015awi\u0119tego &#8211; niedziela 10 maja 2020r. 1. czytanie (Lb 21, 4b-9) W\u0105\u017c z br\u0105zu znakiem ocalenia Czytanie z Ksi\u0119gi Liczb W owych dniach podczas drogi lud straci\u0142 cierpliwo\u015b\u0107. I zacz\u0119li m\u00f3wi\u0107 przeciw Bogu i Moj\u017ceszowi: \u00abCzemu wyprowadzili\u015bcie nas z Egiptu, by\u015bmy tu na pustyni pomarli? Nie ma chleba &hellip;<\/p>\n","protected":false},"author":2,"featured_media":13719,"comment_status":"closed","ping_status":"open","sticky":false,"template":"","format":"standard","meta":{"_mi_skip_tracking":false,"_exactmetrics_sitenote_active":false,"_exactmetrics_sitenote_note":"","_exactmetrics_sitenote_category":0},"categories":[14],"tags":[],"yoast_head":"<!-- This site is optimized with the Yoast SEO plugin v18.1 - https:\/\/yoast.com\/wordpress\/plugins\/seo\/ -->\n<title>Do medytacji z kalwaryjskiego Wzg\u00f3rza \u2013 Odpust Znalezienia Krzy\u017ca \u015awi\u0119tego 10 maja 2020r. - Pako\u015b\u0107 \u2013 Kalwaria<\/title>\n<meta name=\"robots\" content=\"index, follow, max-snippet:-1, max-image-preview:large, max-video-preview:-1\" \/>\n<link rel=\"canonical\" href=\"https:\/\/pakosc-kalwaria.franciszkanie.net\/index.php\/2020\/05\/08\/do-medytacji-z-kalwaryjskiego-wzgorza-odpust-znalezienia-krzyza-swietego-10-maja2020r\/\" \/>\n<meta property=\"og:locale\" content=\"pl_PL\" \/>\n<meta property=\"og:type\" content=\"article\" \/>\n<meta property=\"og:title\" content=\"Do medytacji z kalwaryjskiego Wzg\u00f3rza \u2013 Odpust Znalezienia Krzy\u017ca \u015awi\u0119tego 10 maja 2020r. - Pako\u015b\u0107 \u2013 Kalwaria\" \/>\n<meta property=\"og:description\" content=\"Liturgia S\u0142owa \u2013 Kalwaryjski Odpust Znalezienia Krzy\u017ca \u015awi\u0119tego &#8211; niedziela 10 maja 2020r. 1. czytanie (Lb 21, 4b-9) W\u0105\u017c z br\u0105zu znakiem ocalenia Czytanie z Ksi\u0119gi Liczb W owych dniach podczas drogi lud straci\u0142 cierpliwo\u015b\u0107. I zacz\u0119li m\u00f3wi\u0107 przeciw Bogu i Moj\u017ceszowi: \u00abCzemu wyprowadzili\u015bcie nas z Egiptu, by\u015bmy tu na pustyni pomarli? Nie ma chleba &hellip;\" \/>\n<meta property=\"og:url\" content=\"https:\/\/pakosc-kalwaria.franciszkanie.net\/index.php\/2020\/05\/08\/do-medytacji-z-kalwaryjskiego-wzgorza-odpust-znalezienia-krzyza-swietego-10-maja2020r\/\" \/>\n<meta property=\"og:site_name\" content=\"Pako\u015b\u0107 \u2013 Kalwaria\" \/>\n<meta property=\"article:author\" content=\"https:\/\/www.facebook.com\/KalwariaPakosc\/\" \/>\n<meta property=\"article:published_time\" content=\"2020-05-08T16:58:02+00:00\" \/>\n<meta property=\"article:modified_time\" content=\"2020-05-14T17:46:43+00:00\" \/>\n<meta property=\"og:image\" content=\"https:\/\/pakosc-kalwaria.franciszkanie.net\/wp-content\/uploads\/2020\/05\/P1000478.jpg\" \/>\n\t<meta property=\"og:image:width\" content=\"350\" \/>\n\t<meta property=\"og:image:height\" content=\"197\" \/>\n\t<meta property=\"og:image:type\" content=\"image\/jpeg\" \/>\n<meta name=\"twitter:card\" content=\"summary\" \/>\n<meta name=\"twitter:label1\" content=\"Napisane przez\" \/>\n\t<meta name=\"twitter:data1\" content=\"pakosc-kalwaria\" \/>\n\t<meta name=\"twitter:label2\" content=\"Szacowany czas czytania\" \/>\n\t<meta name=\"twitter:data2\" content=\"10 minut\" \/>\n<script type=\"application\/ld+json\" class=\"yoast-schema-graph\">{\"@context\":\"https:\/\/schema.org\",\"@graph\":[{\"@type\":\"WebSite\",\"@id\":\"https:\/\/pakosc-kalwaria.franciszkanie.net\/#website\",\"url\":\"https:\/\/pakosc-kalwaria.franciszkanie.net\/\",\"name\":\"Pako\u015b\u0107 \u2013 Kalwaria\",\"description\":\"Parafia Rzymsko \u2013 Katolicka p.w. Pana Jezusa Ukrzy\u017cowanego i  Matki Bo\u017cej Bolesnej ul. Barci\u0144ska 60, 88\u2013170 Pako\u015b\u0107 \u2013 Kalwaria\",\"potentialAction\":[{\"@type\":\"SearchAction\",\"target\":{\"@type\":\"EntryPoint\",\"urlTemplate\":\"https:\/\/pakosc-kalwaria.franciszkanie.net\/?s={search_term_string}\"},\"query-input\":\"required name=search_term_string\"}],\"inLanguage\":\"pl-PL\"},{\"@type\":\"ImageObject\",\"@id\":\"https:\/\/pakosc-kalwaria.franciszkanie.net\/index.php\/2020\/05\/08\/do-medytacji-z-kalwaryjskiego-wzgorza-odpust-znalezienia-krzyza-swietego-10-maja2020r\/#primaryimage\",\"inLanguage\":\"pl-PL\",\"url\":\"https:\/\/pakosc-kalwaria.franciszkanie.net\/wp-content\/uploads\/2020\/05\/P1000478.jpg\",\"contentUrl\":\"https:\/\/pakosc-kalwaria.franciszkanie.net\/wp-content\/uploads\/2020\/05\/P1000478.jpg\",\"width\":350,\"height\":197},{\"@type\":\"WebPage\",\"@id\":\"https:\/\/pakosc-kalwaria.franciszkanie.net\/index.php\/2020\/05\/08\/do-medytacji-z-kalwaryjskiego-wzgorza-odpust-znalezienia-krzyza-swietego-10-maja2020r\/#webpage\",\"url\":\"https:\/\/pakosc-kalwaria.franciszkanie.net\/index.php\/2020\/05\/08\/do-medytacji-z-kalwaryjskiego-wzgorza-odpust-znalezienia-krzyza-swietego-10-maja2020r\/\",\"name\":\"Do medytacji z kalwaryjskiego Wzg\u00f3rza \u2013 Odpust Znalezienia Krzy\u017ca \u015awi\u0119tego 10 maja 2020r. - Pako\u015b\u0107 \u2013 Kalwaria\",\"isPartOf\":{\"@id\":\"https:\/\/pakosc-kalwaria.franciszkanie.net\/#website\"},\"primaryImageOfPage\":{\"@id\":\"https:\/\/pakosc-kalwaria.franciszkanie.net\/index.php\/2020\/05\/08\/do-medytacji-z-kalwaryjskiego-wzgorza-odpust-znalezienia-krzyza-swietego-10-maja2020r\/#primaryimage\"},\"datePublished\":\"2020-05-08T16:58:02+00:00\",\"dateModified\":\"2020-05-14T17:46:43+00:00\",\"author\":{\"@id\":\"https:\/\/pakosc-kalwaria.franciszkanie.net\/#\/schema\/person\/af10b943be0760709227d060eadcb2aa\"},\"breadcrumb\":{\"@id\":\"https:\/\/pakosc-kalwaria.franciszkanie.net\/index.php\/2020\/05\/08\/do-medytacji-z-kalwaryjskiego-wzgorza-odpust-znalezienia-krzyza-swietego-10-maja2020r\/#breadcrumb\"},\"inLanguage\":\"pl-PL\",\"potentialAction\":[{\"@type\":\"ReadAction\",\"target\":[\"https:\/\/pakosc-kalwaria.franciszkanie.net\/index.php\/2020\/05\/08\/do-medytacji-z-kalwaryjskiego-wzgorza-odpust-znalezienia-krzyza-swietego-10-maja2020r\/\"]}]},{\"@type\":\"BreadcrumbList\",\"@id\":\"https:\/\/pakosc-kalwaria.franciszkanie.net\/index.php\/2020\/05\/08\/do-medytacji-z-kalwaryjskiego-wzgorza-odpust-znalezienia-krzyza-swietego-10-maja2020r\/#breadcrumb\",\"itemListElement\":[{\"@type\":\"ListItem\",\"position\":1,\"name\":\"Strona g\u0142\u00f3wna\",\"item\":\"https:\/\/pakosc-kalwaria.franciszkanie.net\/\"},{\"@type\":\"ListItem\",\"position\":2,\"name\":\"Do medytacji z kalwaryjskiego Wzg\u00f3rza \u2013 Odpust Znalezienia Krzy\u017ca \u015awi\u0119tego 10 maja 2020r.\"}]},{\"@type\":\"Person\",\"@id\":\"https:\/\/pakosc-kalwaria.franciszkanie.net\/#\/schema\/person\/af10b943be0760709227d060eadcb2aa\",\"name\":\"pakosc-kalwaria\",\"image\":{\"@type\":\"ImageObject\",\"@id\":\"https:\/\/pakosc-kalwaria.franciszkanie.net\/#personlogo\",\"inLanguage\":\"pl-PL\",\"url\":\"https:\/\/secure.gravatar.com\/avatar\/e7049d338b55eac6a0027ff3218b8d02?s=96&d=mm&r=g\",\"contentUrl\":\"https:\/\/secure.gravatar.com\/avatar\/e7049d338b55eac6a0027ff3218b8d02?s=96&d=mm&r=g\",\"caption\":\"pakosc-kalwaria\"},\"sameAs\":[\"https:\/\/www.facebook.com\/KalwariaPakosc\/\"],\"url\":\"https:\/\/pakosc-kalwaria.franciszkanie.net\/index.php\/author\/pakosc-kalwaria\/\"}]}<\/script>\n<!-- \/ Yoast SEO plugin. -->","yoast_head_json":{"title":"Do medytacji z kalwaryjskiego Wzg\u00f3rza \u2013 Odpust Znalezienia Krzy\u017ca \u015awi\u0119tego 10 maja 2020r. - Pako\u015b\u0107 \u2013 Kalwaria","robots":{"index":"index","follow":"follow","max-snippet":"max-snippet:-1","max-image-preview":"max-image-preview:large","max-video-preview":"max-video-preview:-1"},"canonical":"https:\/\/pakosc-kalwaria.franciszkanie.net\/index.php\/2020\/05\/08\/do-medytacji-z-kalwaryjskiego-wzgorza-odpust-znalezienia-krzyza-swietego-10-maja2020r\/","og_locale":"pl_PL","og_type":"article","og_title":"Do medytacji z kalwaryjskiego Wzg\u00f3rza \u2013 Odpust Znalezienia Krzy\u017ca \u015awi\u0119tego 10 maja 2020r. - Pako\u015b\u0107 \u2013 Kalwaria","og_description":"Liturgia S\u0142owa \u2013 Kalwaryjski Odpust Znalezienia Krzy\u017ca \u015awi\u0119tego &#8211; niedziela 10 maja 2020r. 1. czytanie (Lb 21, 4b-9) W\u0105\u017c z br\u0105zu znakiem ocalenia Czytanie z Ksi\u0119gi Liczb W owych dniach podczas drogi lud straci\u0142 cierpliwo\u015b\u0107. I zacz\u0119li m\u00f3wi\u0107 przeciw Bogu i Moj\u017ceszowi: \u00abCzemu wyprowadzili\u015bcie nas z Egiptu, by\u015bmy tu na pustyni pomarli? Nie ma chleba &hellip;","og_url":"https:\/\/pakosc-kalwaria.franciszkanie.net\/index.php\/2020\/05\/08\/do-medytacji-z-kalwaryjskiego-wzgorza-odpust-znalezienia-krzyza-swietego-10-maja2020r\/","og_site_name":"Pako\u015b\u0107 \u2013 Kalwaria","article_author":"https:\/\/www.facebook.com\/KalwariaPakosc\/","article_published_time":"2020-05-08T16:58:02+00:00","article_modified_time":"2020-05-14T17:46:43+00:00","og_image":[{"width":350,"height":197,"url":"https:\/\/pakosc-kalwaria.franciszkanie.net\/wp-content\/uploads\/2020\/05\/P1000478.jpg","type":"image\/jpeg"}],"twitter_card":"summary","twitter_misc":{"Napisane przez":"pakosc-kalwaria","Szacowany czas czytania":"10 minut"},"schema":{"@context":"https:\/\/schema.org","@graph":[{"@type":"WebSite","@id":"https:\/\/pakosc-kalwaria.franciszkanie.net\/#website","url":"https:\/\/pakosc-kalwaria.franciszkanie.net\/","name":"Pako\u015b\u0107 \u2013 Kalwaria","description":"Parafia Rzymsko \u2013 Katolicka p.w. Pana Jezusa Ukrzy\u017cowanego i  Matki Bo\u017cej Bolesnej ul. Barci\u0144ska 60, 88\u2013170 Pako\u015b\u0107 \u2013 Kalwaria","potentialAction":[{"@type":"SearchAction","target":{"@type":"EntryPoint","urlTemplate":"https:\/\/pakosc-kalwaria.franciszkanie.net\/?s={search_term_string}"},"query-input":"required name=search_term_string"}],"inLanguage":"pl-PL"},{"@type":"ImageObject","@id":"https:\/\/pakosc-kalwaria.franciszkanie.net\/index.php\/2020\/05\/08\/do-medytacji-z-kalwaryjskiego-wzgorza-odpust-znalezienia-krzyza-swietego-10-maja2020r\/#primaryimage","inLanguage":"pl-PL","url":"https:\/\/pakosc-kalwaria.franciszkanie.net\/wp-content\/uploads\/2020\/05\/P1000478.jpg","contentUrl":"https:\/\/pakosc-kalwaria.franciszkanie.net\/wp-content\/uploads\/2020\/05\/P1000478.jpg","width":350,"height":197},{"@type":"WebPage","@id":"https:\/\/pakosc-kalwaria.franciszkanie.net\/index.php\/2020\/05\/08\/do-medytacji-z-kalwaryjskiego-wzgorza-odpust-znalezienia-krzyza-swietego-10-maja2020r\/#webpage","url":"https:\/\/pakosc-kalwaria.franciszkanie.net\/index.php\/2020\/05\/08\/do-medytacji-z-kalwaryjskiego-wzgorza-odpust-znalezienia-krzyza-swietego-10-maja2020r\/","name":"Do medytacji z kalwaryjskiego Wzg\u00f3rza \u2013 Odpust Znalezienia Krzy\u017ca \u015awi\u0119tego 10 maja 2020r. - Pako\u015b\u0107 \u2013 Kalwaria","isPartOf":{"@id":"https:\/\/pakosc-kalwaria.franciszkanie.net\/#website"},"primaryImageOfPage":{"@id":"https:\/\/pakosc-kalwaria.franciszkanie.net\/index.php\/2020\/05\/08\/do-medytacji-z-kalwaryjskiego-wzgorza-odpust-znalezienia-krzyza-swietego-10-maja2020r\/#primaryimage"},"datePublished":"2020-05-08T16:58:02+00:00","dateModified":"2020-05-14T17:46:43+00:00","author":{"@id":"https:\/\/pakosc-kalwaria.franciszkanie.net\/#\/schema\/person\/af10b943be0760709227d060eadcb2aa"},"breadcrumb":{"@id":"https:\/\/pakosc-kalwaria.franciszkanie.net\/index.php\/2020\/05\/08\/do-medytacji-z-kalwaryjskiego-wzgorza-odpust-znalezienia-krzyza-swietego-10-maja2020r\/#breadcrumb"},"inLanguage":"pl-PL","potentialAction":[{"@type":"ReadAction","target":["https:\/\/pakosc-kalwaria.franciszkanie.net\/index.php\/2020\/05\/08\/do-medytacji-z-kalwaryjskiego-wzgorza-odpust-znalezienia-krzyza-swietego-10-maja2020r\/"]}]},{"@type":"BreadcrumbList","@id":"https:\/\/pakosc-kalwaria.franciszkanie.net\/index.php\/2020\/05\/08\/do-medytacji-z-kalwaryjskiego-wzgorza-odpust-znalezienia-krzyza-swietego-10-maja2020r\/#breadcrumb","itemListElement":[{"@type":"ListItem","position":1,"name":"Strona g\u0142\u00f3wna","item":"https:\/\/pakosc-kalwaria.franciszkanie.net\/"},{"@type":"ListItem","position":2,"name":"Do medytacji z kalwaryjskiego Wzg\u00f3rza \u2013 Odpust Znalezienia Krzy\u017ca \u015awi\u0119tego 10 maja 2020r."}]},{"@type":"Person","@id":"https:\/\/pakosc-kalwaria.franciszkanie.net\/#\/schema\/person\/af10b943be0760709227d060eadcb2aa","name":"pakosc-kalwaria","image":{"@type":"ImageObject","@id":"https:\/\/pakosc-kalwaria.franciszkanie.net\/#personlogo","inLanguage":"pl-PL","url":"https:\/\/secure.gravatar.com\/avatar\/e7049d338b55eac6a0027ff3218b8d02?s=96&d=mm&r=g","contentUrl":"https:\/\/secure.gravatar.com\/avatar\/e7049d338b55eac6a0027ff3218b8d02?s=96&d=mm&r=g","caption":"pakosc-kalwaria"},"sameAs":["https:\/\/www.facebook.com\/KalwariaPakosc\/"],"url":"https:\/\/pakosc-kalwaria.franciszkanie.net\/index.php\/author\/pakosc-kalwaria\/"}]}},"_links":{"self":[{"href":"https:\/\/pakosc-kalwaria.franciszkanie.net\/index.php\/wp-json\/wp\/v2\/posts\/13718"}],"collection":[{"href":"https:\/\/pakosc-kalwaria.franciszkanie.net\/index.php\/wp-json\/wp\/v2\/posts"}],"about":[{"href":"https:\/\/pakosc-kalwaria.franciszkanie.net\/index.php\/wp-json\/wp\/v2\/types\/post"}],"author":[{"embeddable":true,"href":"https:\/\/pakosc-kalwaria.franciszkanie.net\/index.php\/wp-json\/wp\/v2\/users\/2"}],"replies":[{"embeddable":true,"href":"https:\/\/pakosc-kalwaria.franciszkanie.net\/index.php\/wp-json\/wp\/v2\/comments?post=13718"}],"version-history":[{"count":3,"href":"https:\/\/pakosc-kalwaria.franciszkanie.net\/index.php\/wp-json\/wp\/v2\/posts\/13718\/revisions"}],"predecessor-version":[{"id":13722,"href":"https:\/\/pakosc-kalwaria.franciszkanie.net\/index.php\/wp-json\/wp\/v2\/posts\/13718\/revisions\/13722"}],"wp:featuredmedia":[{"embeddable":true,"href":"https:\/\/pakosc-kalwaria.franciszkanie.net\/index.php\/wp-json\/wp\/v2\/media\/13719"}],"wp:attachment":[{"href":"https:\/\/pakosc-kalwaria.franciszkanie.net\/index.php\/wp-json\/wp\/v2\/media?parent=13718"}],"wp:term":[{"taxonomy":"category","embeddable":true,"href":"https:\/\/pakosc-kalwaria.franciszkanie.net\/index.php\/wp-json\/wp\/v2\/categories?post=13718"},{"taxonomy":"post_tag","embeddable":true,"href":"https:\/\/pakosc-kalwaria.franciszkanie.net\/index.php\/wp-json\/wp\/v2\/tags?post=13718"}],"curies":[{"name":"wp","href":"https:\/\/api.w.org\/{rel}","templated":true}]}}