{"id":13790,"date":"2020-05-10T18:00:40","date_gmt":"2020-05-10T16:00:40","guid":{"rendered":"http:\/\/pakosc-kalwaria.franciszkanie.net\/?p=13790"},"modified":"2020-05-16T12:16:50","modified_gmt":"2020-05-16T10:16:50","slug":"do-medytacji-z-kalwaryjskiego-wzgorza-msza-sw-w-piatek-15-maja-2020r","status":"publish","type":"post","link":"https:\/\/pakosc-kalwaria.franciszkanie.net\/index.php\/2020\/05\/10\/do-medytacji-z-kalwaryjskiego-wzgorza-msza-sw-w-piatek-15-maja-2020r\/","title":{"rendered":"Do medytacji z kalwaryjskiego Wzg\u00f3rza \u2013 Msza \u015bw. w pi\u0105tek 15 maja 2020r."},"content":{"rendered":"<div id=\"tabnowy00\" class=\"tab-pane fade active in\">\n<p><span style=\"color: #ff0000;\"><strong>Liturgia S\u0142owa \u2013 pi\u0105tek V Tydzie\u0144 Wielkanocny &#8211; wspomnienie \u015bw. Ma\u0142gorzaty z Kortony \u2013 15 maja 2020r.<\/strong><\/span><\/p>\n<p><strong>1. czytanie (Dz 15, 22-31) <em>Dekret Soboru Jerozolimskiego<\/em><\/strong><\/p>\n<p><strong>Czytanie z Dziej\u00f3w Apostolskich<br \/>\n<\/strong>Po naradzie w Jerozolimie aposto\u0142owie i starsi wraz z ca\u0142ym Ko\u015bcio\u0142em postanowili wybra\u0107 ludzi przoduj\u0105cych w\u015br\u00f3d braci: Jud\u0119, zwanego Barsab\u0105, i Sylasa i wys\u0142a\u0107 do Antiochii razem z Barnab\u0105 i Paw\u0142em. Pos\u0142ali przez nich pismo tej tre\u015bci: \u00abAposto\u0142owie i starsi bracia przesy\u0142aj\u0105 pozdrowienie braciom poga\u0144skiego pochodzenia w Antiochii, w Syrii i w Cylicji. Poniewa\u017c dowiedzieli\u015bmy si\u0119, \u017ce niekt\u00f3rzy bez naszego upowa\u017cnienia wyszli od nas i zaniepokoili was naukami, siej\u0105c zam\u0119t w waszych duszach, postanowili\u015bmy jednomy\u015blnie wybra\u0107 m\u0119\u017c\u00f3w i wys\u0142a\u0107 razem z naszymi drogimi: Barnab\u0105 i Paw\u0142em, kt\u00f3rzy dla imienia Pana naszego, Jezusa Chrystusa, po\u015bwi\u0119cili swe \u017cycie. Wysy\u0142amy wi\u0119c Jud\u0119 i Sylasa, kt\u00f3rzy oznajmi\u0105 wam ustnie to samo. Postanowili\u015bmy bowiem, Duch \u015awi\u0119ty i my, nie nak\u0142ada\u0107 na was \u017cadnego ci\u0119\u017caru opr\u00f3cz tego, co konieczne. Powstrzymajcie si\u0119 od ofiar sk\u0142adanych bo\u017ckom, od krwi, od tego, co uduszone, i od nierz\u0105du. Dobrze uczynicie, je\u017celi powstrzymacie si\u0119 od tego. Bywajcie zdrowi!\u00bb Wys\u0142annicy przybyli wi\u0119c do Antiochii i zwo\u0142awszy lud, oddali list. Gdy zosta\u0142 odczytany, uradowali si\u0119 jego pocieszaj\u0105c\u0105 tre\u015bci\u0105. <strong>Oto S\u0142owo Bo\u017ce.<\/strong><\/p>\n<div id=\"elementyTabContent0\" class=\"tab-content liturgia-content\">\n<div id=\"tabnowy01\" class=\"tab-pane fade active in\">\n<p><strong>Psalm (Ps 57 (56), 8 i 10. 11-12 (R.: por. 10a))<br \/>\n<\/strong><strong>B\u0119d\u0119 Ci\u0119, Panie, chwali\u0142 w\u015br\u00f3d narod\u00f3w <\/strong><br \/>\n<strong>Albo: Alleluja<\/strong><\/p>\n<p>Serce moje jest mocne, Bo\u017ce, \u2020<br \/>\nmocne jest moje serce, *<br \/>\nza\u015bpiewam psalm i zagram.<br \/>\nB\u0119d\u0119 Ci\u0119 chwali\u0142 w\u015br\u00f3d lud\u00f3w, Panie, *<br \/>\nza\u015bpiewam Ci psalm w\u015br\u00f3d narod\u00f3w.<\/p>\n<p><strong>B\u0119d\u0119 Ci\u0119, Panie, chwali\u0142 w\u015br\u00f3d narod\u00f3w<br \/>\nAlbo: Alleluja<\/strong><\/p>\n<p>Twoja \u0142aska si\u0119ga a\u017c do nieba, *<br \/>\na wierno\u015b\u0107 Twoja po chmury.<br \/>\nWznie\u015b si\u0119, Bo\u017ce, ponad niebiosa, *<br \/>\nnad ca\u0142\u0105 ziemi\u0105 Twoja chwa\u0142a.<\/p>\n<p><strong>B\u0119d\u0119 Ci\u0119, Panie, chwali\u0142 w\u015br\u00f3d narod\u00f3w<br \/>\nAlbo: Alleluja<\/strong><\/p>\n<p>Aklamacja (J 15, 15b)<br \/>\n<strong>Alleluja, alleluja, alleluja<br \/>\n<\/strong>Nazwa\u0142em was przyjaci\u00f3\u0142mi,<br \/>\nalbowiem oznajmi\u0142em wam wszystko, co us\u0142ysza\u0142em od Ojca mego.<br \/>\n<strong>Alleluja, alleluja, alleluja<\/strong><\/p>\n<p><strong>Ewangelia (J 15, 12-17) <em>To wam przykazuj\u0119, aby\u015bcie si\u0119 wzajemnie mi\u0142owali<\/em><\/strong><\/p>\n<div id=\"tabnowy02\" class=\"tab-pane fade active in\">\n<div id=\"tabnowy03\" class=\"tab-pane fade active in\">\n<p><strong>S\u0142owa Ewangelii wed\u0142ug \u015awi\u0119tego Jana<br \/>\n<\/strong>Jezus powiedzia\u0142 do swoich uczni\u00f3w: \u00abTo jest moje przykazanie, aby\u015bcie si\u0119 wzajemnie mi\u0142owali, tak jak Ja was umi\u0142owa\u0142em. Nikt nie ma wi\u0119kszej mi\u0142o\u015bci od tej, gdy kto\u015b \u017cycie swoje oddaje za przyjaci\u00f3\u0142 swoich. Wy jeste\u015bcie przyjaci\u00f3\u0142mi moimi, je\u017celi czynicie to, co wam przykazuj\u0119. Ju\u017c was nie nazywam s\u0142ugami, bo s\u0142uga nie wie, co czyni jego pan, ale nazwa\u0142em was przyjaci\u00f3\u0142mi, albowiem oznajmi\u0142em wam wszystko, co us\u0142ysza\u0142em od Ojca mego. Nie wy Mnie wybrali\u015bcie, ale Ja was wybra\u0142em i przeznaczy\u0142em was na to, aby\u015bcie szli i owoc przynosili, i by owoc wasz trwa\u0142 \u2013 aby Ojciec da\u0142 wam wszystko, o cokolwiek Go poprosicie w imi\u0119 moje. To wam przykazuj\u0119, aby\u015bcie si\u0119 wzajemnie mi\u0142owali\u00bb. <strong>Oto S\u0142owo Pa\u0144skie.<\/strong><\/p>\n<\/div>\n<p><strong><span style=\"color: #ff0000;\"><br \/>\nZ kazania z kalwaryjskiego Wzg\u00f3rza \u2013 w\u00a0 pi\u0105tek 15 maja 2020r.<\/span><br \/>\nWspomnienie \u015bw. Ma\u0142gorzaty z Kortony<br \/>\n<\/strong>\u201eTy jeste\u015b moj\u0105 ro\u015blin\u0105, kt\u00f3ra o\u017cywia suche ro\u015bliny, albowiem z Ciebie wyp\u0142ywa woda, kt\u00f3ra nawadnia korzenie usch\u0142ych drzew. Ty jeste\u015b bowiem moj\u0105 c\u00f3rk\u0105, siostr\u0105 i towarzyszk\u0105, kt\u00f3rej m\u00f3j Ojciec udzieli\u0142 \u0142aski, kt\u00f3rej nie utracisz\u201d &#8211; powiedzia\u0142 Chrystus do Ma\u0142gorzaty z Kortony, kt\u00f3rej wspomnienie liturgiczne dzisiaj obchodzimy (15 maja). Kim by\u0142a ta niezwyk\u0142a &#8222;towarzyszka&#8221; Syna Bo\u017cego?<br \/>\nMa\u0142gorzata urodzi\u0142a si\u0119 oko\u0142o roku 1247 we W\u0142oszech w Toskanii, w wie\u015bniaczej rodzinie. Kiedy by\u0142a jeszcze dzieckiem zmar\u0142a jej matka, a ojciec o\u017ceni\u0142 si\u0119 ponownie z kobiet\u0105, kt\u00f3ra zn\u0119ca\u0142a si\u0119 nad swoj\u0105 pasierbic\u0105. W zwi\u0105zku z tym, i\u017c Ma\u0142gorzata by\u0142a niezwykle pi\u0119kna, nie brakowa\u0142o m\u0119\u017cczyzn ubiegaj\u0105cych si\u0119 o jej r\u0119k\u0119. Jako nastolatka zwi\u0105za\u0142a si\u0119 z bogatym m\u0142odym szlachcicem Arseniuszem, kt\u00f3ry obieca\u0142 jej ma\u0142\u017ce\u0144stwo. \u017by\u0142a z nim bez \u015blubu dziewi\u0119\u0107 lat, a z tego zwi\u0105zku urodzi\u0142 si\u0119 syn. Pewnego dnia Arseniusz zosta\u0142 zamordowany i to w\u0142a\u015bnie Ma\u0142gorzata odnalaz\u0142a jego cia\u0142o, odgrzebane przez psa. To wydarzenie sta\u0142o si\u0119 momentem nawr\u00f3cenia w jej \u017cyciu.<br \/>\nPo nawr\u00f3ceniu spotka\u0142o j\u0105 mistyczne do\u015bwiadczenie, w kt\u00f3rym sam B\u00f3g zwr\u00f3ci\u0142 si\u0119 do niej streszczaj\u0105c koleje jej losu. Us\u0142ysza\u0142a podczas modlitwy g\u0142os: \u201ePrzypomnij sobie, ubo\u017cuchna, o wielorakich \u0142askach i \u015bwiat\u0142ach, kt\u00f3rych udzieli\u0142em Twojej duszy, aby\u015b powr\u00f3ci\u0142a do mnie&#8230;\u201d. Wraz z synem najpierw powr\u00f3ci\u0142a do domu rodzinnego, z kt\u00f3rego po kr\u00f3tkim czasie zosta\u0142a wyrzucona. Postanowi\u0142a uda\u0107 si\u0119 do Kortony, gdzie zaopiekowa\u0142y si\u0119 ni\u0105 dwie mieszczanki, u\u017cyczaj\u0105c jej mieszkania. Kierownictwa duchowego Ma\u0142gorzaty podj\u0105\u0142 si\u0119 ojciec franciszkanin. Wiele szczeg\u00f3\u0142\u00f3w z jej \u017cycia jest znanych w\u0142a\u015bnie dzi\u0119ki niemu, gdy\u017c zapisywa\u0142 prze\u017cycia mistyczne i rozmowy z Jezusem, o kt\u00f3rych mu opowiada\u0142a. Ma\u0142gorzata rozumia\u0142a pokut\u0119 jako niesienie pomocy potrzebuj\u0105cym. Jako pierwsza we W\u0142oszech za\u0142o\u017cy\u0142a w Kortonie szpital i dom opieki dla ubogich, gdzie s\u0142u\u017cy\u0142a najubo\u017cszym i chorym przez wiele godzin dziennie.<br \/>\nMa\u0142gorzata wst\u0105pi\u0142a tak\u017ce do III Zakonu \u015bw. Franciszka. Uda\u0142o jej si\u0119 to dopiero po trzech latach oczekiwania, spowodowanego nieufno\u015bci\u0105 z powodu jej urody. Jak napisa\u0142 jej spowiednik, Chrystus t\u0142umaczy\u0142 to d\u0142ugie zwlekanie braci w taki spos\u00f3b: \u201eDlaczego bracia odwlekali danie habitu? Z pewno\u015bci\u0105 dlatego, \u017ce w\u0105tpili w sta\u0142o\u015b\u0107 twojej postawy i dlatego, \u017ce wydawa\u0142a\u015b si\u0119 zbyt pi\u0119kna i zbyt m\u0142oda\u201d. B\u0119d\u0105c tercjark\u0105 praktykowa\u0142a ca\u0142kowite ub\u00f3stwo, nosi\u0142a na sobie w\u0142osiennic\u0119 i pas pokutniczy, surowo po\u015bci\u0142a. Jej syn wst\u0105pi\u0142 do zakonu franciszkan\u00f3w i przyj\u0105\u0142 \u015bwi\u0119cenia kap\u0142a\u0144skie. Ma\u0142gorzata odznacza\u0142a si\u0119 wielkim nabo\u017ce\u0144stwem do Naj\u015bwi\u0119tszego Sakramentu. W 1288 roku otrzyma\u0142a pozwolenie na codzienn\u0105 Komuni\u0119 \u015bwi\u0119t\u0105, co w tamtych czasach nale\u017ca\u0142o do rzadko\u015bci i by\u0142o niezwyk\u0142ym przywilejem. Mia\u0142a te\u017c ogromn\u0105 cze\u015b\u0107 do M\u0119ki Pa\u0144skiej, Naj\u015bwi\u0119tszego Serca Jezusa i Imienia Jezus. Maj\u0105c mistyczne do\u015bwiadczenia zjednoczenia z Bogiem, prze\u017cywa\u0142a ekstazy oraz zosta\u0142a obdarzona\u00a0 stygmatami. Ma\u0142gorzata zmar\u0142a w Kortonie w opinii \u015bwi\u0119to\u015bci w roku 1297. Wed\u0142ug tradycji jej ostatnie s\u0142owa brzmia\u0142y: \u201eZbawi\u0107 si\u0119 jest \u0142atwo, wystarczy kocha\u0107\u201d. Papie\u017c Benedykt XIII uroczy\u015bcie kanonizowa\u0142 j\u0105 16 maja 1728 roku. \u015awi\u0119ta Ma\u0142gorzata spoczywa w Kortonie, w ko\u015bciele wzniesionym ku jej czci. Jej cia\u0142o do dzi\u015b pozostaje w stanie nienaruszonym. Znajduje si\u0119 tam r\u00f3wnie\u017c krucyfiks, z kt\u00f3rego mia\u0142 przem\u00f3wi\u0107 do niej Chrystus s\u0142owami: &#8222;Czego pragniesz ode mnie, biedaczko?&#8221;\u2026 &#8222;Nie szukam i nie pragn\u0119 niczego innego, tylko Ciebie, Panie m\u00f3j Jezu&#8221; &#8211; odpowiedzia\u0142a Ma\u0142gorzata.<br \/>\nPatronka dnia dzisiejszego pi\u0119knie zrealizowa\u0142a w swoim s\u0142owa Jezusa z dzisiejszej Ewangelii: \u201eNikt nie mam wi\u0119kszej mi\u0142o\u015bci od tej, gdy kto\u015b oddaje \u017cycie swoje za przyjaci\u00f3\u0142 swoich. Wy jeste\u015bcie przyjaci\u00f3\u0142mi moimi, je\u017celi czynicie to, co wam przykazuj\u0119\u201d. B\u0105d\u017amy i my przyjaci\u00f3\u0142mi Jezusa odkrywaj\u0105c we wzajemnej mi\u0142o\u015bci pi\u0119kno, sens i cel naszego chrze\u015bcija\u0144skiego \u017cycia. Amen.<br \/>\no.R.<\/p>\n<\/div>\n<\/div>\n<\/div>\n<\/div>\n","protected":false},"excerpt":{"rendered":"<p>Liturgia S\u0142owa \u2013 pi\u0105tek V Tydzie\u0144 Wielkanocny &#8211; wspomnienie \u015bw. Ma\u0142gorzaty z Kortony \u2013 15 maja 2020r. 1. czytanie (Dz 15, 22-31) Dekret Soboru Jerozolimskiego Czytanie z Dziej\u00f3w Apostolskich Po naradzie w Jerozolimie aposto\u0142owie i starsi wraz z ca\u0142ym Ko\u015bcio\u0142em postanowili wybra\u0107 ludzi przoduj\u0105cych w\u015br\u00f3d braci: Jud\u0119, zwanego Barsab\u0105, i Sylasa i wys\u0142a\u0107 do Antiochii &hellip;<\/p>\n","protected":false},"author":2,"featured_media":13791,"comment_status":"closed","ping_status":"open","sticky":false,"template":"","format":"standard","meta":{"_mi_skip_tracking":false,"_exactmetrics_sitenote_active":false,"_exactmetrics_sitenote_note":"","_exactmetrics_sitenote_category":0},"categories":[14],"tags":[],"yoast_head":"<!-- This site is optimized with the Yoast SEO plugin v18.1 - https:\/\/yoast.com\/wordpress\/plugins\/seo\/ -->\n<title>Do medytacji z kalwaryjskiego Wzg\u00f3rza \u2013 Msza \u015bw. w pi\u0105tek 15 maja 2020r. - Pako\u015b\u0107 \u2013 Kalwaria<\/title>\n<meta name=\"robots\" content=\"index, follow, max-snippet:-1, max-image-preview:large, max-video-preview:-1\" \/>\n<link rel=\"canonical\" href=\"https:\/\/pakosc-kalwaria.franciszkanie.net\/index.php\/2020\/05\/10\/do-medytacji-z-kalwaryjskiego-wzgorza-msza-sw-w-piatek-15-maja-2020r\/\" \/>\n<meta property=\"og:locale\" content=\"pl_PL\" \/>\n<meta property=\"og:type\" content=\"article\" \/>\n<meta property=\"og:title\" content=\"Do medytacji z kalwaryjskiego Wzg\u00f3rza \u2013 Msza \u015bw. w pi\u0105tek 15 maja 2020r. - Pako\u015b\u0107 \u2013 Kalwaria\" \/>\n<meta property=\"og:description\" content=\"Liturgia S\u0142owa \u2013 pi\u0105tek V Tydzie\u0144 Wielkanocny &#8211; wspomnienie \u015bw. Ma\u0142gorzaty z Kortony \u2013 15 maja 2020r. 1. czytanie (Dz 15, 22-31) Dekret Soboru Jerozolimskiego Czytanie z Dziej\u00f3w Apostolskich Po naradzie w Jerozolimie aposto\u0142owie i starsi wraz z ca\u0142ym Ko\u015bcio\u0142em postanowili wybra\u0107 ludzi przoduj\u0105cych w\u015br\u00f3d braci: Jud\u0119, zwanego Barsab\u0105, i Sylasa i wys\u0142a\u0107 do Antiochii &hellip;\" \/>\n<meta property=\"og:url\" content=\"https:\/\/pakosc-kalwaria.franciszkanie.net\/index.php\/2020\/05\/10\/do-medytacji-z-kalwaryjskiego-wzgorza-msza-sw-w-piatek-15-maja-2020r\/\" \/>\n<meta property=\"og:site_name\" content=\"Pako\u015b\u0107 \u2013 Kalwaria\" \/>\n<meta property=\"article:author\" content=\"https:\/\/www.facebook.com\/KalwariaPakosc\/\" \/>\n<meta property=\"article:published_time\" content=\"2020-05-10T16:00:40+00:00\" \/>\n<meta property=\"article:modified_time\" content=\"2020-05-16T10:16:50+00:00\" \/>\n<meta property=\"og:image\" content=\"https:\/\/pakosc-kalwaria.franciszkanie.net\/wp-content\/uploads\/2020\/05\/P1000259.jpg\" \/>\n\t<meta property=\"og:image:width\" content=\"400\" \/>\n\t<meta property=\"og:image:height\" content=\"225\" \/>\n\t<meta property=\"og:image:type\" content=\"image\/jpeg\" \/>\n<meta name=\"twitter:card\" content=\"summary\" \/>\n<meta name=\"twitter:label1\" content=\"Napisane przez\" \/>\n\t<meta name=\"twitter:data1\" content=\"pakosc-kalwaria\" \/>\n\t<meta name=\"twitter:label2\" content=\"Szacowany czas czytania\" \/>\n\t<meta name=\"twitter:data2\" content=\"6 minut\" \/>\n<script type=\"application\/ld+json\" class=\"yoast-schema-graph\">{\"@context\":\"https:\/\/schema.org\",\"@graph\":[{\"@type\":\"WebSite\",\"@id\":\"https:\/\/pakosc-kalwaria.franciszkanie.net\/#website\",\"url\":\"https:\/\/pakosc-kalwaria.franciszkanie.net\/\",\"name\":\"Pako\u015b\u0107 \u2013 Kalwaria\",\"description\":\"Parafia Rzymsko \u2013 Katolicka p.w. Pana Jezusa Ukrzy\u017cowanego i  Matki Bo\u017cej Bolesnej ul. Barci\u0144ska 60, 88\u2013170 Pako\u015b\u0107 \u2013 Kalwaria\",\"potentialAction\":[{\"@type\":\"SearchAction\",\"target\":{\"@type\":\"EntryPoint\",\"urlTemplate\":\"https:\/\/pakosc-kalwaria.franciszkanie.net\/?s={search_term_string}\"},\"query-input\":\"required name=search_term_string\"}],\"inLanguage\":\"pl-PL\"},{\"@type\":\"ImageObject\",\"@id\":\"https:\/\/pakosc-kalwaria.franciszkanie.net\/index.php\/2020\/05\/10\/do-medytacji-z-kalwaryjskiego-wzgorza-msza-sw-w-piatek-15-maja-2020r\/#primaryimage\",\"inLanguage\":\"pl-PL\",\"url\":\"https:\/\/pakosc-kalwaria.franciszkanie.net\/wp-content\/uploads\/2020\/05\/P1000259.jpg\",\"contentUrl\":\"https:\/\/pakosc-kalwaria.franciszkanie.net\/wp-content\/uploads\/2020\/05\/P1000259.jpg\",\"width\":400,\"height\":225},{\"@type\":\"WebPage\",\"@id\":\"https:\/\/pakosc-kalwaria.franciszkanie.net\/index.php\/2020\/05\/10\/do-medytacji-z-kalwaryjskiego-wzgorza-msza-sw-w-piatek-15-maja-2020r\/#webpage\",\"url\":\"https:\/\/pakosc-kalwaria.franciszkanie.net\/index.php\/2020\/05\/10\/do-medytacji-z-kalwaryjskiego-wzgorza-msza-sw-w-piatek-15-maja-2020r\/\",\"name\":\"Do medytacji z kalwaryjskiego Wzg\u00f3rza \u2013 Msza \u015bw. w pi\u0105tek 15 maja 2020r. - Pako\u015b\u0107 \u2013 Kalwaria\",\"isPartOf\":{\"@id\":\"https:\/\/pakosc-kalwaria.franciszkanie.net\/#website\"},\"primaryImageOfPage\":{\"@id\":\"https:\/\/pakosc-kalwaria.franciszkanie.net\/index.php\/2020\/05\/10\/do-medytacji-z-kalwaryjskiego-wzgorza-msza-sw-w-piatek-15-maja-2020r\/#primaryimage\"},\"datePublished\":\"2020-05-10T16:00:40+00:00\",\"dateModified\":\"2020-05-16T10:16:50+00:00\",\"author\":{\"@id\":\"https:\/\/pakosc-kalwaria.franciszkanie.net\/#\/schema\/person\/af10b943be0760709227d060eadcb2aa\"},\"breadcrumb\":{\"@id\":\"https:\/\/pakosc-kalwaria.franciszkanie.net\/index.php\/2020\/05\/10\/do-medytacji-z-kalwaryjskiego-wzgorza-msza-sw-w-piatek-15-maja-2020r\/#breadcrumb\"},\"inLanguage\":\"pl-PL\",\"potentialAction\":[{\"@type\":\"ReadAction\",\"target\":[\"https:\/\/pakosc-kalwaria.franciszkanie.net\/index.php\/2020\/05\/10\/do-medytacji-z-kalwaryjskiego-wzgorza-msza-sw-w-piatek-15-maja-2020r\/\"]}]},{\"@type\":\"BreadcrumbList\",\"@id\":\"https:\/\/pakosc-kalwaria.franciszkanie.net\/index.php\/2020\/05\/10\/do-medytacji-z-kalwaryjskiego-wzgorza-msza-sw-w-piatek-15-maja-2020r\/#breadcrumb\",\"itemListElement\":[{\"@type\":\"ListItem\",\"position\":1,\"name\":\"Strona g\u0142\u00f3wna\",\"item\":\"https:\/\/pakosc-kalwaria.franciszkanie.net\/\"},{\"@type\":\"ListItem\",\"position\":2,\"name\":\"Do medytacji z kalwaryjskiego Wzg\u00f3rza \u2013 Msza \u015bw. w pi\u0105tek 15 maja 2020r.\"}]},{\"@type\":\"Person\",\"@id\":\"https:\/\/pakosc-kalwaria.franciszkanie.net\/#\/schema\/person\/af10b943be0760709227d060eadcb2aa\",\"name\":\"pakosc-kalwaria\",\"image\":{\"@type\":\"ImageObject\",\"@id\":\"https:\/\/pakosc-kalwaria.franciszkanie.net\/#personlogo\",\"inLanguage\":\"pl-PL\",\"url\":\"https:\/\/secure.gravatar.com\/avatar\/e7049d338b55eac6a0027ff3218b8d02?s=96&d=mm&r=g\",\"contentUrl\":\"https:\/\/secure.gravatar.com\/avatar\/e7049d338b55eac6a0027ff3218b8d02?s=96&d=mm&r=g\",\"caption\":\"pakosc-kalwaria\"},\"sameAs\":[\"https:\/\/www.facebook.com\/KalwariaPakosc\/\"],\"url\":\"https:\/\/pakosc-kalwaria.franciszkanie.net\/index.php\/author\/pakosc-kalwaria\/\"}]}<\/script>\n<!-- \/ Yoast SEO plugin. -->","yoast_head_json":{"title":"Do medytacji z kalwaryjskiego Wzg\u00f3rza \u2013 Msza \u015bw. w pi\u0105tek 15 maja 2020r. - Pako\u015b\u0107 \u2013 Kalwaria","robots":{"index":"index","follow":"follow","max-snippet":"max-snippet:-1","max-image-preview":"max-image-preview:large","max-video-preview":"max-video-preview:-1"},"canonical":"https:\/\/pakosc-kalwaria.franciszkanie.net\/index.php\/2020\/05\/10\/do-medytacji-z-kalwaryjskiego-wzgorza-msza-sw-w-piatek-15-maja-2020r\/","og_locale":"pl_PL","og_type":"article","og_title":"Do medytacji z kalwaryjskiego Wzg\u00f3rza \u2013 Msza \u015bw. w pi\u0105tek 15 maja 2020r. - Pako\u015b\u0107 \u2013 Kalwaria","og_description":"Liturgia S\u0142owa \u2013 pi\u0105tek V Tydzie\u0144 Wielkanocny &#8211; wspomnienie \u015bw. Ma\u0142gorzaty z Kortony \u2013 15 maja 2020r. 1. czytanie (Dz 15, 22-31) Dekret Soboru Jerozolimskiego Czytanie z Dziej\u00f3w Apostolskich Po naradzie w Jerozolimie aposto\u0142owie i starsi wraz z ca\u0142ym Ko\u015bcio\u0142em postanowili wybra\u0107 ludzi przoduj\u0105cych w\u015br\u00f3d braci: Jud\u0119, zwanego Barsab\u0105, i Sylasa i wys\u0142a\u0107 do Antiochii &hellip;","og_url":"https:\/\/pakosc-kalwaria.franciszkanie.net\/index.php\/2020\/05\/10\/do-medytacji-z-kalwaryjskiego-wzgorza-msza-sw-w-piatek-15-maja-2020r\/","og_site_name":"Pako\u015b\u0107 \u2013 Kalwaria","article_author":"https:\/\/www.facebook.com\/KalwariaPakosc\/","article_published_time":"2020-05-10T16:00:40+00:00","article_modified_time":"2020-05-16T10:16:50+00:00","og_image":[{"width":400,"height":225,"url":"https:\/\/pakosc-kalwaria.franciszkanie.net\/wp-content\/uploads\/2020\/05\/P1000259.jpg","type":"image\/jpeg"}],"twitter_card":"summary","twitter_misc":{"Napisane przez":"pakosc-kalwaria","Szacowany czas czytania":"6 minut"},"schema":{"@context":"https:\/\/schema.org","@graph":[{"@type":"WebSite","@id":"https:\/\/pakosc-kalwaria.franciszkanie.net\/#website","url":"https:\/\/pakosc-kalwaria.franciszkanie.net\/","name":"Pako\u015b\u0107 \u2013 Kalwaria","description":"Parafia Rzymsko \u2013 Katolicka p.w. Pana Jezusa Ukrzy\u017cowanego i  Matki Bo\u017cej Bolesnej ul. Barci\u0144ska 60, 88\u2013170 Pako\u015b\u0107 \u2013 Kalwaria","potentialAction":[{"@type":"SearchAction","target":{"@type":"EntryPoint","urlTemplate":"https:\/\/pakosc-kalwaria.franciszkanie.net\/?s={search_term_string}"},"query-input":"required name=search_term_string"}],"inLanguage":"pl-PL"},{"@type":"ImageObject","@id":"https:\/\/pakosc-kalwaria.franciszkanie.net\/index.php\/2020\/05\/10\/do-medytacji-z-kalwaryjskiego-wzgorza-msza-sw-w-piatek-15-maja-2020r\/#primaryimage","inLanguage":"pl-PL","url":"https:\/\/pakosc-kalwaria.franciszkanie.net\/wp-content\/uploads\/2020\/05\/P1000259.jpg","contentUrl":"https:\/\/pakosc-kalwaria.franciszkanie.net\/wp-content\/uploads\/2020\/05\/P1000259.jpg","width":400,"height":225},{"@type":"WebPage","@id":"https:\/\/pakosc-kalwaria.franciszkanie.net\/index.php\/2020\/05\/10\/do-medytacji-z-kalwaryjskiego-wzgorza-msza-sw-w-piatek-15-maja-2020r\/#webpage","url":"https:\/\/pakosc-kalwaria.franciszkanie.net\/index.php\/2020\/05\/10\/do-medytacji-z-kalwaryjskiego-wzgorza-msza-sw-w-piatek-15-maja-2020r\/","name":"Do medytacji z kalwaryjskiego Wzg\u00f3rza \u2013 Msza \u015bw. w pi\u0105tek 15 maja 2020r. - Pako\u015b\u0107 \u2013 Kalwaria","isPartOf":{"@id":"https:\/\/pakosc-kalwaria.franciszkanie.net\/#website"},"primaryImageOfPage":{"@id":"https:\/\/pakosc-kalwaria.franciszkanie.net\/index.php\/2020\/05\/10\/do-medytacji-z-kalwaryjskiego-wzgorza-msza-sw-w-piatek-15-maja-2020r\/#primaryimage"},"datePublished":"2020-05-10T16:00:40+00:00","dateModified":"2020-05-16T10:16:50+00:00","author":{"@id":"https:\/\/pakosc-kalwaria.franciszkanie.net\/#\/schema\/person\/af10b943be0760709227d060eadcb2aa"},"breadcrumb":{"@id":"https:\/\/pakosc-kalwaria.franciszkanie.net\/index.php\/2020\/05\/10\/do-medytacji-z-kalwaryjskiego-wzgorza-msza-sw-w-piatek-15-maja-2020r\/#breadcrumb"},"inLanguage":"pl-PL","potentialAction":[{"@type":"ReadAction","target":["https:\/\/pakosc-kalwaria.franciszkanie.net\/index.php\/2020\/05\/10\/do-medytacji-z-kalwaryjskiego-wzgorza-msza-sw-w-piatek-15-maja-2020r\/"]}]},{"@type":"BreadcrumbList","@id":"https:\/\/pakosc-kalwaria.franciszkanie.net\/index.php\/2020\/05\/10\/do-medytacji-z-kalwaryjskiego-wzgorza-msza-sw-w-piatek-15-maja-2020r\/#breadcrumb","itemListElement":[{"@type":"ListItem","position":1,"name":"Strona g\u0142\u00f3wna","item":"https:\/\/pakosc-kalwaria.franciszkanie.net\/"},{"@type":"ListItem","position":2,"name":"Do medytacji z kalwaryjskiego Wzg\u00f3rza \u2013 Msza \u015bw. w pi\u0105tek 15 maja 2020r."}]},{"@type":"Person","@id":"https:\/\/pakosc-kalwaria.franciszkanie.net\/#\/schema\/person\/af10b943be0760709227d060eadcb2aa","name":"pakosc-kalwaria","image":{"@type":"ImageObject","@id":"https:\/\/pakosc-kalwaria.franciszkanie.net\/#personlogo","inLanguage":"pl-PL","url":"https:\/\/secure.gravatar.com\/avatar\/e7049d338b55eac6a0027ff3218b8d02?s=96&d=mm&r=g","contentUrl":"https:\/\/secure.gravatar.com\/avatar\/e7049d338b55eac6a0027ff3218b8d02?s=96&d=mm&r=g","caption":"pakosc-kalwaria"},"sameAs":["https:\/\/www.facebook.com\/KalwariaPakosc\/"],"url":"https:\/\/pakosc-kalwaria.franciszkanie.net\/index.php\/author\/pakosc-kalwaria\/"}]}},"_links":{"self":[{"href":"https:\/\/pakosc-kalwaria.franciszkanie.net\/index.php\/wp-json\/wp\/v2\/posts\/13790"}],"collection":[{"href":"https:\/\/pakosc-kalwaria.franciszkanie.net\/index.php\/wp-json\/wp\/v2\/posts"}],"about":[{"href":"https:\/\/pakosc-kalwaria.franciszkanie.net\/index.php\/wp-json\/wp\/v2\/types\/post"}],"author":[{"embeddable":true,"href":"https:\/\/pakosc-kalwaria.franciszkanie.net\/index.php\/wp-json\/wp\/v2\/users\/2"}],"replies":[{"embeddable":true,"href":"https:\/\/pakosc-kalwaria.franciszkanie.net\/index.php\/wp-json\/wp\/v2\/comments?post=13790"}],"version-history":[{"count":4,"href":"https:\/\/pakosc-kalwaria.franciszkanie.net\/index.php\/wp-json\/wp\/v2\/posts\/13790\/revisions"}],"predecessor-version":[{"id":13810,"href":"https:\/\/pakosc-kalwaria.franciszkanie.net\/index.php\/wp-json\/wp\/v2\/posts\/13790\/revisions\/13810"}],"wp:featuredmedia":[{"embeddable":true,"href":"https:\/\/pakosc-kalwaria.franciszkanie.net\/index.php\/wp-json\/wp\/v2\/media\/13791"}],"wp:attachment":[{"href":"https:\/\/pakosc-kalwaria.franciszkanie.net\/index.php\/wp-json\/wp\/v2\/media?parent=13790"}],"wp:term":[{"taxonomy":"category","embeddable":true,"href":"https:\/\/pakosc-kalwaria.franciszkanie.net\/index.php\/wp-json\/wp\/v2\/categories?post=13790"},{"taxonomy":"post_tag","embeddable":true,"href":"https:\/\/pakosc-kalwaria.franciszkanie.net\/index.php\/wp-json\/wp\/v2\/tags?post=13790"}],"curies":[{"name":"wp","href":"https:\/\/api.w.org\/{rel}","templated":true}]}}