{"id":13813,"date":"2020-05-15T10:00:35","date_gmt":"2020-05-15T08:00:35","guid":{"rendered":"http:\/\/pakosc-kalwaria.franciszkanie.net\/?p=13813"},"modified":"2020-05-19T19:41:52","modified_gmt":"2020-05-19T17:41:52","slug":"obchody-100-rocznicy-urodzin-sw-jana-pawla-ii","status":"publish","type":"post","link":"https:\/\/pakosc-kalwaria.franciszkanie.net\/index.php\/2020\/05\/15\/obchody-100-rocznicy-urodzin-sw-jana-pawla-ii\/","title":{"rendered":"Obchody 100. Rocznicy Urodzin \u015bw. Jana Paw\u0142a II"},"content":{"rendered":"<p><strong>Msza \u015bw. Ojca \u015awi\u0119tego Franciszka przy grobie \u015bw. Jana Paw\u0142a II w Watykanie 18 maja, diecezjalne i parafialne dzi\u0119kczynienie za \u017cycie i pontyfikat \u015bw. Jana Paw\u0142a II w ca\u0142ej Polsce, a tak\u017ce or\u0119dzia i programy telewizyjne oraz inicjatywy wirtualne z\u0142o\u017c\u0105 si\u0119 na obchody 100. rocznicy urodzin \u015bw. Jana Paw\u0142a II \u2013 powiedzia\u0142 ks. Pawe\u0142 Rytel-Andrianik, rzecznik Episkopatu Polski. <\/strong><\/p>\n<p>\u201eZapraszamy do zaanga\u017cowania si\u0119 w obchody stulecia urodzin naszego wielkiego Rodaka poprzez przypominanie jego nauczania, \u015bwiadectwa \u017cycia, tw\u00f3rczo\u015bci oraz przez wsparcie dzie\u0142 charytatywnych\u201d \u2013 napisali biskupi w komunikacie po obradach Rady Sta\u0142ej Episkopatu Polski, 2 maja br. Jak przypomnia\u0142 rzecznik Episkopatu, 18 maja, w setn\u0105 rocznic\u0119 urodzin Karola Wojty\u0142y, Papie\u017c Franciszek o godz. 7.00 b\u0119dzie modli\u0142 si\u0119 u grobu \u015bw. Jana Paw\u0142a II, przy jego relikwiach. \u201eBiskupi w komunikacie po obradach Rady Sta\u0142ej zach\u0119cili do duchowej \u0142\u0105czno\u015bci z Nast\u0119pc\u0105 \u015awi\u0119tego Piotra w t\u0119 rocznic\u0119, kt\u00f3ra jest tak wa\u017cna dla Polak\u00f3w i ca\u0142ego Ko\u015bcio\u0142a\u201d \u2013 powiedzia\u0142 ks. Pawe\u0142 Rytel-Andrianik.<\/p>\n<p>W samym dniu urodzin \u015bw. Jana Paw\u0142a II 18 maja lub w niedziel\u0119 go poprzedzaj\u0105c\u0105 17 maja, we wszystkich katedrach, ko\u015bcio\u0142ach i kaplicach w Polsce b\u0119d\u0105 sprawowane Msze \u015awi\u0119te jako diecezjalne i parafialne dzi\u0119kczynienie za \u017cycie i pontyfikat \u015bw. Jana Paw\u0142a II. W niedziel\u0119 17 maja uroczysto\u015bci odbywa\u0107 si\u0119 b\u0119d\u0105 w Wadowicach. O godz. 10.30\u00a0abp Marek J\u0119draszewski b\u0119dzie przewodniczy\u0142 Eucharystii w bazylice Ofiarowania NMP, gdzie by\u0142 ochrzczony Karol Wojty\u0142a.\u00a0\u00a0O godz. 13.00 rozpocznie si\u0119 koncert z Domu Rodzinnego Jana Paw\u0142a II pt. \u201eUrodzi\u0142em si\u0119 w Wadowicach \u2013 Karol Wojty\u0142a\u201d. Obydwa wydarzenia b\u0119d\u0105 transmitowane przez TVP1.<\/p>\n<p>Obchody urodzin \u015bw. Jana Paw\u0142a II rozpoczn\u0105 si\u0119 ju\u017c 16 maja. W Kaplicy Arcybiskup\u00f3w Krakowskich odb\u0119dzie si\u0119 modlitwa w \u0142\u0105czno\u015bci \u2013 przez kana\u0142 YouTube archidiecezji krakowskiej \u2013 z\u00a0Bergamo\u00a0(W\u0142ochy), Nowym Jorkiem (USA), Belo Horizonte (Brazylia) i Krakowem. O godz. 17.00 z kaplicy przy Franciszka\u0144skiej 3, gdzie \u015bwi\u0119cenia kap\u0142a\u0144skie przyj\u0105\u0142 Karol Wojty\u0142a, rozpocznie si\u0119 mi\u0119dzynarodowa modlitwa r\u00f3\u017ca\u0144cowa o ustanie epidemii na ca\u0142ym \u015bwiecie.<\/p>\n<p>W sam dzie\u0144 papieskiego jubileuszu, o godz. 17.00 rozpocznie si\u0119 w Sanktuarium \u015bw. Jana Paw\u0142a II Msza \u015bw. pod przewodnictwem abp. Marka J\u0119draszewskiego, transmitowana przez TVP3. O godz. 18.05 TVP1 wyemituje koncert \u201eSanto Subito\u00a0\u2013 prorok naszych czas\u00f3w\u201d. Wieczorem or\u0119dzie do Polak\u00f3w z okazji 100. rocznicy urodzin Jana Paw\u0142a II wyg\u0142osi w TVP1\u00a0kard. Stanis\u0142aw Dziwisz. O godz. 20.00 s\u0142owo do Polak\u00f3w skieruje za\u015b papie\u017c Franciszek. Jego przes\u0142anie b\u0119dzie emitowane w TVP1 i w innych mediach oraz na kanale YouTube archidiecezji krakowskiej.<\/p>\n<p>W uroczysto\u015bciach 100. rocznicy urodzin \u015bw. Jana Paw\u0142a II w Poznaniu we\u017amie udzia\u0142 kard. Stanis\u0142aw Dziwisz. Wieloletni sekretarz Papie\u017ca Polaka wyg\u0142osi homili\u0119 podczas Mszy \u015bw. w katedrze pozna\u0144skiej 17 maja o godz. 13.00. Eucharystii b\u0119dzie przewodniczy\u0142 abp Stanis\u0142aw G\u0105decki, metropolita pozna\u0144ski, przewodnicz\u0105cy Konferencji Episkopatu Polski. Bogaty program obchod\u00f3w przygotowa\u0142a te\u017c m.in. archidiecezja warszawska. Kard. Kazimierz Nycz w niedziel\u0119 17 maja o godz. 9 rano odprawi Msz\u0119 \u015bw. transmitowan\u0105 przez Polskie Radio z bazyliki \u015awi\u0119tego Krzy\u017ca. Nast\u0119pnie o godz. 11.00 bp Piotr Jarecki b\u0119dzie przewodniczy\u0142 uroczystej Eucharystii w Archikatedrze Warszawskiej. W sam dzie\u0144 100. urodzin Karola Wojty\u0142y, 18 maja, kard. Nycz odprawi Msz\u0119 \u015bw. dla spo\u0142eczno\u015bci Fundacji Dzie\u0142o Nowego Tysi\u0105clecia nazywanej \u201e\u017cywym pomnikiem\u201d \u015bw. Jana Paw\u0142a II. Eucharystia rozpocznie si\u0119 o godz. 20.30 w kaplicy Domu Rekolekcyjno-Formacyjnego na Bielanach.<\/p>\n<p>Ponadto w wigili\u0119 100. urodzin Papie\u017ca Polaka, w niedziel\u0119 17 maja, w polskich ko\u015bcio\u0142ach b\u0119dzie czytany specjalny list Prezydium Konferencji Episkopatu Polski. \u00a0Biskupi przypominaj\u0105 w nim m.in. s\u0142owa Jana Paw\u0142a II: \u201eNie l\u0119kajcie si\u0119, otw\u00f3rzcie, otw\u00f3rzcie na o\u015bcie\u017c drzwi Chrystusowi\u201d.<\/p>\n<p>W zwi\u0105zku z jubileuszem podejmowanych jest te\u017c wiele inicjatyw wirtualnych. 18 maja ruszy \u00a0oficjalnie portal JP2online czyli stworzona przez Centrum My\u015bli Jana Paw\u0142a II wyszukiwarka materia\u0142\u00f3w zwi\u0105zanych tematycznie z Janem Paw\u0142em II. Z okazji <span class=\"st\">100. rocznicy urodzin Jana Paw\u0142a II<\/span> zosta\u0142 uruchomiony te\u017c s<span class=\"st\">erwis internetowy Telewizji Polskiej www.jp2.tvp.pl, na kt\u00f3rym mo\u017cna znale\u017a\u0107 m.in. archiwalne nagrania ze wszystkich pielgrzymek papie\u017ca do Polski. <\/span>Od roku prowadzona jest te\u017c og\u00f3lnopolska akcja \u201eDar na Stulecie\u201d, kt\u00f3ra zbiera podejmowane w ho\u0142dzie Papie\u017cowi Polakowi dzie\u0142a charytatywne, modlitewne, edukacyjne i kulturalne.<\/p>\n<p>\u201ePolacy bardzo kochali i kochaj\u0105 Papie\u017ca Polaka, pami\u0119\u0107 o nim jest \u017cywa, dlatego chc\u0105 w jaki\u015b spos\u00f3b uczci\u0107 dzie\u0144 jego 100. urodzin\u201d \u2013 powiedzia\u0142 rzecznik Episkopatu. Zauwa\u017cy\u0142, \u017ce wielkim zainteresowaniem cieszy si\u0119 inicjatywa z hasztagiem #ThankYouJohnPaul2. Polega ona na publikacji w mediach spo\u0142eczno\u015bciowych wpis\u00f3w, zdj\u0119\u0107 czy kr\u00f3tkich filmik\u00f3w z podzi\u0119kowaniami dla \u015bw. Jana Paw\u0142a II. \u00a0Inicjatywa ta staje si\u0119 coraz bardziej popularna nie tylko w Polsce, ale tak\u017ce w wielu krajach Europy i \u015bwiata.<\/p>\n<p>Obchody jubileuszu w r\u00f3\u017cnych formach b\u0119d\u0105 trwa\u0142y przez ca\u0142y rok. Jak zapowiedzia\u0142 ks. Pawe\u0142 Rytel-Andrianik, og\u00f3lnopolskie dzi\u0119kczynienie za \u017cycie \u015bw. Jana Paw\u0142a II po\u0142\u0105czone b\u0119dzie z Zebraniem Plenarnym Konferencji Episkopatu Polski, kt\u00f3re zaplanowane jest od 14 do 16 czerwca w Krakowie, Kalwarii Zebrzydowskiej i Wadowicach.<\/p>\n<p>BP KEP<\/p>\n","protected":false},"excerpt":{"rendered":"<p>Msza \u015bw. Ojca \u015awi\u0119tego Franciszka przy grobie \u015bw. Jana Paw\u0142a II w Watykanie 18 maja, diecezjalne i parafialne dzi\u0119kczynienie za \u017cycie i pontyfikat \u015bw. Jana Paw\u0142a II w ca\u0142ej Polsce, a tak\u017ce or\u0119dzia i programy telewizyjne oraz inicjatywy wirtualne z\u0142o\u017c\u0105 si\u0119 na obchody 100. rocznicy urodzin \u015bw. Jana Paw\u0142a II \u2013 powiedzia\u0142 ks. Pawe\u0142 Rytel-Andrianik, &hellip;<\/p>\n","protected":false},"author":2,"featured_media":13814,"comment_status":"closed","ping_status":"open","sticky":false,"template":"","format":"standard","meta":{"_mi_skip_tracking":false,"_exactmetrics_sitenote_active":false,"_exactmetrics_sitenote_note":"","_exactmetrics_sitenote_category":0},"categories":[13,7],"tags":[],"yoast_head":"<!-- This site is optimized with the Yoast SEO plugin v18.1 - https:\/\/yoast.com\/wordpress\/plugins\/seo\/ -->\n<title>Obchody 100. Rocznicy Urodzin \u015bw. Jana Paw\u0142a II - Pako\u015b\u0107 \u2013 Kalwaria<\/title>\n<meta name=\"robots\" content=\"index, follow, max-snippet:-1, max-image-preview:large, max-video-preview:-1\" \/>\n<link rel=\"canonical\" href=\"https:\/\/pakosc-kalwaria.franciszkanie.net\/index.php\/2020\/05\/15\/obchody-100-rocznicy-urodzin-sw-jana-pawla-ii\/\" \/>\n<meta property=\"og:locale\" content=\"pl_PL\" \/>\n<meta property=\"og:type\" content=\"article\" \/>\n<meta property=\"og:title\" content=\"Obchody 100. Rocznicy Urodzin \u015bw. Jana Paw\u0142a II - Pako\u015b\u0107 \u2013 Kalwaria\" \/>\n<meta property=\"og:description\" content=\"Msza \u015bw. Ojca \u015awi\u0119tego Franciszka przy grobie \u015bw. Jana Paw\u0142a II w Watykanie 18 maja, diecezjalne i parafialne dzi\u0119kczynienie za \u017cycie i pontyfikat \u015bw. Jana Paw\u0142a II w ca\u0142ej Polsce, a tak\u017ce or\u0119dzia i programy telewizyjne oraz inicjatywy wirtualne z\u0142o\u017c\u0105 si\u0119 na obchody 100. rocznicy urodzin \u015bw. Jana Paw\u0142a II \u2013 powiedzia\u0142 ks. Pawe\u0142 Rytel-Andrianik, &hellip;\" \/>\n<meta property=\"og:url\" content=\"https:\/\/pakosc-kalwaria.franciszkanie.net\/index.php\/2020\/05\/15\/obchody-100-rocznicy-urodzin-sw-jana-pawla-ii\/\" \/>\n<meta property=\"og:site_name\" content=\"Pako\u015b\u0107 \u2013 Kalwaria\" \/>\n<meta property=\"article:author\" content=\"https:\/\/www.facebook.com\/KalwariaPakosc\/\" \/>\n<meta property=\"article:published_time\" content=\"2020-05-15T08:00:35+00:00\" \/>\n<meta property=\"article:modified_time\" content=\"2020-05-19T17:41:52+00:00\" \/>\n<meta property=\"og:image\" content=\"https:\/\/pakosc-kalwaria.franciszkanie.net\/wp-content\/uploads\/2020\/05\/JP-II-324x235.jpg\" \/>\n\t<meta property=\"og:image:width\" content=\"324\" \/>\n\t<meta property=\"og:image:height\" content=\"235\" \/>\n\t<meta property=\"og:image:type\" content=\"image\/jpeg\" \/>\n<meta name=\"twitter:card\" content=\"summary\" \/>\n<meta name=\"twitter:label1\" content=\"Napisane przez\" \/>\n\t<meta name=\"twitter:data1\" content=\"pakosc-kalwaria\" \/>\n\t<meta name=\"twitter:label2\" content=\"Szacowany czas czytania\" \/>\n\t<meta name=\"twitter:data2\" content=\"4 minuty\" \/>\n<script type=\"application\/ld+json\" class=\"yoast-schema-graph\">{\"@context\":\"https:\/\/schema.org\",\"@graph\":[{\"@type\":\"WebSite\",\"@id\":\"https:\/\/pakosc-kalwaria.franciszkanie.net\/#website\",\"url\":\"https:\/\/pakosc-kalwaria.franciszkanie.net\/\",\"name\":\"Pako\u015b\u0107 \u2013 Kalwaria\",\"description\":\"Parafia Rzymsko \u2013 Katolicka p.w. Pana Jezusa Ukrzy\u017cowanego i  Matki Bo\u017cej Bolesnej ul. Barci\u0144ska 60, 88\u2013170 Pako\u015b\u0107 \u2013 Kalwaria\",\"potentialAction\":[{\"@type\":\"SearchAction\",\"target\":{\"@type\":\"EntryPoint\",\"urlTemplate\":\"https:\/\/pakosc-kalwaria.franciszkanie.net\/?s={search_term_string}\"},\"query-input\":\"required name=search_term_string\"}],\"inLanguage\":\"pl-PL\"},{\"@type\":\"ImageObject\",\"@id\":\"https:\/\/pakosc-kalwaria.franciszkanie.net\/index.php\/2020\/05\/15\/obchody-100-rocznicy-urodzin-sw-jana-pawla-ii\/#primaryimage\",\"inLanguage\":\"pl-PL\",\"url\":\"https:\/\/pakosc-kalwaria.franciszkanie.net\/wp-content\/uploads\/2020\/05\/JP-II-324x235.jpg\",\"contentUrl\":\"https:\/\/pakosc-kalwaria.franciszkanie.net\/wp-content\/uploads\/2020\/05\/JP-II-324x235.jpg\",\"width\":324,\"height\":235},{\"@type\":\"WebPage\",\"@id\":\"https:\/\/pakosc-kalwaria.franciszkanie.net\/index.php\/2020\/05\/15\/obchody-100-rocznicy-urodzin-sw-jana-pawla-ii\/#webpage\",\"url\":\"https:\/\/pakosc-kalwaria.franciszkanie.net\/index.php\/2020\/05\/15\/obchody-100-rocznicy-urodzin-sw-jana-pawla-ii\/\",\"name\":\"Obchody 100. Rocznicy Urodzin \u015bw. Jana Paw\u0142a II - Pako\u015b\u0107 \u2013 Kalwaria\",\"isPartOf\":{\"@id\":\"https:\/\/pakosc-kalwaria.franciszkanie.net\/#website\"},\"primaryImageOfPage\":{\"@id\":\"https:\/\/pakosc-kalwaria.franciszkanie.net\/index.php\/2020\/05\/15\/obchody-100-rocznicy-urodzin-sw-jana-pawla-ii\/#primaryimage\"},\"datePublished\":\"2020-05-15T08:00:35+00:00\",\"dateModified\":\"2020-05-19T17:41:52+00:00\",\"author\":{\"@id\":\"https:\/\/pakosc-kalwaria.franciszkanie.net\/#\/schema\/person\/af10b943be0760709227d060eadcb2aa\"},\"breadcrumb\":{\"@id\":\"https:\/\/pakosc-kalwaria.franciszkanie.net\/index.php\/2020\/05\/15\/obchody-100-rocznicy-urodzin-sw-jana-pawla-ii\/#breadcrumb\"},\"inLanguage\":\"pl-PL\",\"potentialAction\":[{\"@type\":\"ReadAction\",\"target\":[\"https:\/\/pakosc-kalwaria.franciszkanie.net\/index.php\/2020\/05\/15\/obchody-100-rocznicy-urodzin-sw-jana-pawla-ii\/\"]}]},{\"@type\":\"BreadcrumbList\",\"@id\":\"https:\/\/pakosc-kalwaria.franciszkanie.net\/index.php\/2020\/05\/15\/obchody-100-rocznicy-urodzin-sw-jana-pawla-ii\/#breadcrumb\",\"itemListElement\":[{\"@type\":\"ListItem\",\"position\":1,\"name\":\"Strona g\u0142\u00f3wna\",\"item\":\"https:\/\/pakosc-kalwaria.franciszkanie.net\/\"},{\"@type\":\"ListItem\",\"position\":2,\"name\":\"Obchody 100. Rocznicy Urodzin \u015bw. Jana Paw\u0142a II\"}]},{\"@type\":\"Person\",\"@id\":\"https:\/\/pakosc-kalwaria.franciszkanie.net\/#\/schema\/person\/af10b943be0760709227d060eadcb2aa\",\"name\":\"pakosc-kalwaria\",\"image\":{\"@type\":\"ImageObject\",\"@id\":\"https:\/\/pakosc-kalwaria.franciszkanie.net\/#personlogo\",\"inLanguage\":\"pl-PL\",\"url\":\"https:\/\/secure.gravatar.com\/avatar\/e7049d338b55eac6a0027ff3218b8d02?s=96&d=mm&r=g\",\"contentUrl\":\"https:\/\/secure.gravatar.com\/avatar\/e7049d338b55eac6a0027ff3218b8d02?s=96&d=mm&r=g\",\"caption\":\"pakosc-kalwaria\"},\"sameAs\":[\"https:\/\/www.facebook.com\/KalwariaPakosc\/\"],\"url\":\"https:\/\/pakosc-kalwaria.franciszkanie.net\/index.php\/author\/pakosc-kalwaria\/\"}]}<\/script>\n<!-- \/ Yoast SEO plugin. -->","yoast_head_json":{"title":"Obchody 100. Rocznicy Urodzin \u015bw. Jana Paw\u0142a II - Pako\u015b\u0107 \u2013 Kalwaria","robots":{"index":"index","follow":"follow","max-snippet":"max-snippet:-1","max-image-preview":"max-image-preview:large","max-video-preview":"max-video-preview:-1"},"canonical":"https:\/\/pakosc-kalwaria.franciszkanie.net\/index.php\/2020\/05\/15\/obchody-100-rocznicy-urodzin-sw-jana-pawla-ii\/","og_locale":"pl_PL","og_type":"article","og_title":"Obchody 100. Rocznicy Urodzin \u015bw. Jana Paw\u0142a II - Pako\u015b\u0107 \u2013 Kalwaria","og_description":"Msza \u015bw. Ojca \u015awi\u0119tego Franciszka przy grobie \u015bw. Jana Paw\u0142a II w Watykanie 18 maja, diecezjalne i parafialne dzi\u0119kczynienie za \u017cycie i pontyfikat \u015bw. Jana Paw\u0142a II w ca\u0142ej Polsce, a tak\u017ce or\u0119dzia i programy telewizyjne oraz inicjatywy wirtualne z\u0142o\u017c\u0105 si\u0119 na obchody 100. rocznicy urodzin \u015bw. Jana Paw\u0142a II \u2013 powiedzia\u0142 ks. Pawe\u0142 Rytel-Andrianik, &hellip;","og_url":"https:\/\/pakosc-kalwaria.franciszkanie.net\/index.php\/2020\/05\/15\/obchody-100-rocznicy-urodzin-sw-jana-pawla-ii\/","og_site_name":"Pako\u015b\u0107 \u2013 Kalwaria","article_author":"https:\/\/www.facebook.com\/KalwariaPakosc\/","article_published_time":"2020-05-15T08:00:35+00:00","article_modified_time":"2020-05-19T17:41:52+00:00","og_image":[{"width":324,"height":235,"url":"https:\/\/pakosc-kalwaria.franciszkanie.net\/wp-content\/uploads\/2020\/05\/JP-II-324x235.jpg","type":"image\/jpeg"}],"twitter_card":"summary","twitter_misc":{"Napisane przez":"pakosc-kalwaria","Szacowany czas czytania":"4 minuty"},"schema":{"@context":"https:\/\/schema.org","@graph":[{"@type":"WebSite","@id":"https:\/\/pakosc-kalwaria.franciszkanie.net\/#website","url":"https:\/\/pakosc-kalwaria.franciszkanie.net\/","name":"Pako\u015b\u0107 \u2013 Kalwaria","description":"Parafia Rzymsko \u2013 Katolicka p.w. Pana Jezusa Ukrzy\u017cowanego i  Matki Bo\u017cej Bolesnej ul. Barci\u0144ska 60, 88\u2013170 Pako\u015b\u0107 \u2013 Kalwaria","potentialAction":[{"@type":"SearchAction","target":{"@type":"EntryPoint","urlTemplate":"https:\/\/pakosc-kalwaria.franciszkanie.net\/?s={search_term_string}"},"query-input":"required name=search_term_string"}],"inLanguage":"pl-PL"},{"@type":"ImageObject","@id":"https:\/\/pakosc-kalwaria.franciszkanie.net\/index.php\/2020\/05\/15\/obchody-100-rocznicy-urodzin-sw-jana-pawla-ii\/#primaryimage","inLanguage":"pl-PL","url":"https:\/\/pakosc-kalwaria.franciszkanie.net\/wp-content\/uploads\/2020\/05\/JP-II-324x235.jpg","contentUrl":"https:\/\/pakosc-kalwaria.franciszkanie.net\/wp-content\/uploads\/2020\/05\/JP-II-324x235.jpg","width":324,"height":235},{"@type":"WebPage","@id":"https:\/\/pakosc-kalwaria.franciszkanie.net\/index.php\/2020\/05\/15\/obchody-100-rocznicy-urodzin-sw-jana-pawla-ii\/#webpage","url":"https:\/\/pakosc-kalwaria.franciszkanie.net\/index.php\/2020\/05\/15\/obchody-100-rocznicy-urodzin-sw-jana-pawla-ii\/","name":"Obchody 100. Rocznicy Urodzin \u015bw. Jana Paw\u0142a II - Pako\u015b\u0107 \u2013 Kalwaria","isPartOf":{"@id":"https:\/\/pakosc-kalwaria.franciszkanie.net\/#website"},"primaryImageOfPage":{"@id":"https:\/\/pakosc-kalwaria.franciszkanie.net\/index.php\/2020\/05\/15\/obchody-100-rocznicy-urodzin-sw-jana-pawla-ii\/#primaryimage"},"datePublished":"2020-05-15T08:00:35+00:00","dateModified":"2020-05-19T17:41:52+00:00","author":{"@id":"https:\/\/pakosc-kalwaria.franciszkanie.net\/#\/schema\/person\/af10b943be0760709227d060eadcb2aa"},"breadcrumb":{"@id":"https:\/\/pakosc-kalwaria.franciszkanie.net\/index.php\/2020\/05\/15\/obchody-100-rocznicy-urodzin-sw-jana-pawla-ii\/#breadcrumb"},"inLanguage":"pl-PL","potentialAction":[{"@type":"ReadAction","target":["https:\/\/pakosc-kalwaria.franciszkanie.net\/index.php\/2020\/05\/15\/obchody-100-rocznicy-urodzin-sw-jana-pawla-ii\/"]}]},{"@type":"BreadcrumbList","@id":"https:\/\/pakosc-kalwaria.franciszkanie.net\/index.php\/2020\/05\/15\/obchody-100-rocznicy-urodzin-sw-jana-pawla-ii\/#breadcrumb","itemListElement":[{"@type":"ListItem","position":1,"name":"Strona g\u0142\u00f3wna","item":"https:\/\/pakosc-kalwaria.franciszkanie.net\/"},{"@type":"ListItem","position":2,"name":"Obchody 100. Rocznicy Urodzin \u015bw. Jana Paw\u0142a II"}]},{"@type":"Person","@id":"https:\/\/pakosc-kalwaria.franciszkanie.net\/#\/schema\/person\/af10b943be0760709227d060eadcb2aa","name":"pakosc-kalwaria","image":{"@type":"ImageObject","@id":"https:\/\/pakosc-kalwaria.franciszkanie.net\/#personlogo","inLanguage":"pl-PL","url":"https:\/\/secure.gravatar.com\/avatar\/e7049d338b55eac6a0027ff3218b8d02?s=96&d=mm&r=g","contentUrl":"https:\/\/secure.gravatar.com\/avatar\/e7049d338b55eac6a0027ff3218b8d02?s=96&d=mm&r=g","caption":"pakosc-kalwaria"},"sameAs":["https:\/\/www.facebook.com\/KalwariaPakosc\/"],"url":"https:\/\/pakosc-kalwaria.franciszkanie.net\/index.php\/author\/pakosc-kalwaria\/"}]}},"_links":{"self":[{"href":"https:\/\/pakosc-kalwaria.franciszkanie.net\/index.php\/wp-json\/wp\/v2\/posts\/13813"}],"collection":[{"href":"https:\/\/pakosc-kalwaria.franciszkanie.net\/index.php\/wp-json\/wp\/v2\/posts"}],"about":[{"href":"https:\/\/pakosc-kalwaria.franciszkanie.net\/index.php\/wp-json\/wp\/v2\/types\/post"}],"author":[{"embeddable":true,"href":"https:\/\/pakosc-kalwaria.franciszkanie.net\/index.php\/wp-json\/wp\/v2\/users\/2"}],"replies":[{"embeddable":true,"href":"https:\/\/pakosc-kalwaria.franciszkanie.net\/index.php\/wp-json\/wp\/v2\/comments?post=13813"}],"version-history":[{"count":2,"href":"https:\/\/pakosc-kalwaria.franciszkanie.net\/index.php\/wp-json\/wp\/v2\/posts\/13813\/revisions"}],"predecessor-version":[{"id":13816,"href":"https:\/\/pakosc-kalwaria.franciszkanie.net\/index.php\/wp-json\/wp\/v2\/posts\/13813\/revisions\/13816"}],"wp:featuredmedia":[{"embeddable":true,"href":"https:\/\/pakosc-kalwaria.franciszkanie.net\/index.php\/wp-json\/wp\/v2\/media\/13814"}],"wp:attachment":[{"href":"https:\/\/pakosc-kalwaria.franciszkanie.net\/index.php\/wp-json\/wp\/v2\/media?parent=13813"}],"wp:term":[{"taxonomy":"category","embeddable":true,"href":"https:\/\/pakosc-kalwaria.franciszkanie.net\/index.php\/wp-json\/wp\/v2\/categories?post=13813"},{"taxonomy":"post_tag","embeddable":true,"href":"https:\/\/pakosc-kalwaria.franciszkanie.net\/index.php\/wp-json\/wp\/v2\/tags?post=13813"}],"curies":[{"name":"wp","href":"https:\/\/api.w.org\/{rel}","templated":true}]}}