{"id":13870,"date":"2020-05-21T12:30:19","date_gmt":"2020-05-21T10:30:19","guid":{"rendered":"http:\/\/pakosc-kalwaria.franciszkanie.net\/?p=13870"},"modified":"2020-05-28T18:36:23","modified_gmt":"2020-05-28T16:36:23","slug":"do-medytacji-z-kalwaryjskiego-wzgorza-msza-sw-w-niedziele-24-maja-2020r","status":"publish","type":"post","link":"https:\/\/pakosc-kalwaria.franciszkanie.net\/index.php\/2020\/05\/21\/do-medytacji-z-kalwaryjskiego-wzgorza-msza-sw-w-niedziele-24-maja-2020r\/","title":{"rendered":"Do medytacji z kalwaryjskiego Wzg\u00f3rza \u2013 Msza \u015bw. w niedziel\u0119 24 maja 2020r."},"content":{"rendered":"<p><strong><span style=\"color: #ff0000;\">Liturgia S\u0142owa \u2013 Uroczysto\u015b\u0107 Wniebowst\u0105pienia Pa\u0144skiego \u2013 24 maja 2020r.<\/span><\/strong><\/p>\n<p><strong>1. czytanie (Dz 1, 1-11) <em>Uni\u00f3s\u0142 si\u0119 w ich obecno\u015bci w g\u00f3r\u0119<\/em><\/strong><\/p>\n<p><strong>Czytanie z Dziej\u00f3w Apostolskich<br \/>\n<\/strong>Pierwsz\u0105 Ksi\u0119g\u0119 napisa\u0142em, Teofilu, o wszystkim, co Jezus czyni\u0142 i czego naucza\u0142 od pocz\u0105tku a\u017c do dnia, w kt\u00f3rym da\u0142 polecenia aposto\u0142om, kt\u00f3rych sobie wybra\u0142 przez Ducha \u015awi\u0119tego, a potem zosta\u0142 wzi\u0119ty do nieba. Im te\u017c po swojej m\u0119ce da\u0142 wiele dowod\u00f3w, \u017ce \u017cyje: ukazywa\u0142 si\u0119 im przez czterdzie\u015bci dni i m\u00f3wi\u0142 o kr\u00f3lestwie Bo\u017cym. A podczas wsp\u00f3lnego posi\u0142ku przykaza\u0142 im nie odchodzi\u0107 z Jerozolimy, ale oczekiwa\u0107 obietnicy Ojca: \u00abS\u0142yszeli\u015bcie o niej ode Mnie \u2013 m\u00f3wi\u0142 \u2013 Jan chrzci\u0142 wod\u0105, ale wy wkr\u00f3tce zostaniecie ochrzczeni Duchem \u015awi\u0119tym\u00bb. Zapytywali Go zebrani: \u00abPanie, czy w tym czasie przywr\u00f3cisz kr\u00f3lestwo Izraela?\u00bb Odpowiedzia\u0142 im: \u00abNie wasza to rzecz zna\u0107 czasy i chwile, kt\u00f3re Ojciec ustali\u0142 swoj\u0105 w\u0142adz\u0105, ale gdy Duch \u015awi\u0119ty zst\u0105pi na was, otrzymacie Jego moc i b\u0119dziecie moimi \u015bwiadkami w Jeruzalem i w ca\u0142ej Judei, i w Samarii, i a\u017c po kra\u0144ce ziemi\u00bb. Po tych s\u0142owach uni\u00f3s\u0142 si\u0119 w ich obecno\u015bci w g\u00f3r\u0119 i ob\u0142ok zabra\u0142 Go im sprzed oczu. Kiedy jeszcze wpatrywali si\u0119 w Niego, jak wst\u0119powa\u0142 do nieba, przyst\u0105pili do nich dwaj m\u0119\u017cowie w bia\u0142ych szatach. I rzekli: \u00abM\u0119\u017cowie z Galilei, dlaczego stoicie i wpatrujecie si\u0119 w niebo? Ten Jezus, wzi\u0119ty od was do nieba, przyjdzie tak samo, jak widzieli\u015bcie Go wst\u0119puj\u0105cego do nieba\u00bb. <strong>Oto S\u0142owo Bo\u017ce.<\/strong><\/p>\n<p><strong><br \/>\nPsalm (Ps 47 (46), 2-3. 6-7. 8-9 (R.: por. 6))<\/strong><\/p>\n<div id=\"tabnowy01\" class=\"tab-pane fade active in\">\n<p><strong>Pan w\u015br\u00f3d rado\u015bci wst\u0119puje do nieba<\/strong><\/p>\n<p>Wszystkie narody, klaskajcie w d\u0142onie, *<br \/>\nradosnym g\u0142osem wykrzykujcie Bogu,<br \/>\nbo Pan Najwy\u017cszy i straszliwy, *<br \/>\njest wielkim Kr\u00f3lem nad ca\u0142\u0105 ziemi\u0105.<\/p>\n<p><strong>Pan w\u015br\u00f3d rado\u015bci wst\u0119puje do nieba<\/strong><\/p>\n<p>B\u00f3g wst\u0119puje w\u015br\u00f3d radosnych okrzyk\u00f3w, *<br \/>\nPan wst\u0119puje przy d\u017awi\u0119ku tr\u0105by.<br \/>\n\u015apiewajcie psalmy Bogu, \u015bpiewajcie, *<br \/>\n\u015bpiewajcie Kr\u00f3lowi naszemu, \u015bpiewajcie.<\/p>\n<p><strong>Pan w\u015br\u00f3d rado\u015bci wst\u0119puje do nieba<\/strong><\/p>\n<p>Gdy\u017c B\u00f3g jest Kr\u00f3lem ca\u0142ej ziemi, *<br \/>\nhymn za\u015bpiewajcie!<br \/>\nB\u00f3g kr\u00f3luje nad narodami, *<br \/>\nB\u00f3g zasiada na swym \u015bwi\u0119tym tronie.<\/p>\n<p><strong>Pan w\u015br\u00f3d rado\u015bci wst\u0119puje do nieba<br \/>\n<\/strong><\/p>\n<div id=\"tabnowy02\" class=\"tab-pane fade active in\">\n<p><strong><br \/>\n2. czytanie (Ef 1, 17-23) <em>B\u00f3g posadzi\u0142 Chrystusa po swojej prawicy<\/em><\/strong><\/p>\n<p><strong>Czytanie z Listu \u015awi\u0119tego Paw\u0142a Aposto\u0142a do Efezjan<br \/>\n<\/strong>Bracia: B\u00f3g Pana naszego, Jezusa Chrystusa, Ojciec chwa\u0142y, niech da wam ducha m\u0105dro\u015bci i objawienia w g\u0142\u0119bszym poznawaniu Jego samego. Niech da wam \u015bwiat\u0142e oczy serca, by\u015bcie wiedzieli, czym jest nadzieja, do kt\u00f3rej On wzywa, czym bogactwo chwa\u0142y Jego dziedzictwa w\u015br\u00f3d \u015bwi\u0119tych i czym przeogromna Jego moc wzgl\u0119dem nas wierz\u0105cych \u2013 na podstawie dzia\u0142ania Jego pot\u0119gi i si\u0142y. Wykaza\u0142 On je, gdy wskrzesi\u0142 Go z martwych i posadzi\u0142 po swojej prawicy na wy\u017cynach niebieskich, ponad wszelk\u0105 Zwierzchno\u015bci\u0105 i W\u0142adz\u0105, i Moc\u0105, i Panowaniem, i ponad wszelkim innym imieniem, wzywanym nie tylko w tym wieku, ale i w przysz\u0142ym. I wszystko podda\u0142 pod Jego stopy, a Jego samego ustanowi\u0142 nade wszystko G\u0142ow\u0105 dla Ko\u015bcio\u0142a, kt\u00f3ry jest Jego Cia\u0142em, Pe\u0142ni\u0105 Tego, kt\u00f3ry nape\u0142nia wszystko wszelkimi sposobami. <strong>Oto S\u0142owo Bo\u017ce.<\/strong><\/p>\n<p><strong><br \/>\nAklamacja (Mt 28, 19a. 20b)<\/strong><br \/>\n<strong>Alleluja, alleluja, alleluja<br \/>\n<\/strong>Id\u017acie i nauczajcie wszystkie narody.<br \/>\nJa jestem z wami przez wszystkie dni, a\u017c do sko\u0144czenia \u015bwiata.<br \/>\n<strong>Alleluja, alleluja, alleluja<\/strong><\/p>\n<div id=\"tabnowy03\" class=\"tab-pane fade active in\">\n<p><strong><br \/>\nEwangelia (Mt 28, 16-20) <em>Dana Mi jest wszelka w\u0142adza w niebie i na ziemi<\/em><\/strong><\/p>\n<div id=\"tabnowy04\" class=\"tab-pane fade active in\">\n<p><strong>S\u0142owa Ewangelii wed\u0142ug \u015awi\u0119tego Mateusza <\/strong>Jedenastu uczni\u00f3w uda\u0142o si\u0119 do Galilei, na g\u00f3r\u0119, tam gdzie Jezus im poleci\u0142. A gdy Go ujrzeli, oddali Mu pok\u0142on. Niekt\u00f3rzy jednak w\u0105tpili. Wtedy Jezus podszed\u0142 do nich i przem\u00f3wi\u0142 tymi s\u0142owami: \u00abDana Mi jest wszelka w\u0142adza w niebie i na ziemi. Id\u017acie wi\u0119c i nauczajcie wszystkie narody, udzielaj\u0105c im chrztu w imi\u0119 Ojca i Syna, i Ducha \u015awi\u0119tego. Uczcie je zachowywa\u0107 wszystko, co wam przykaza\u0142em. A oto Ja jestem z wami przez wszystkie dni, a\u017c do sko\u0144czenia \u015bwiata\u00bb. <strong>Oto S\u0142owo Pa\u0144skie.<\/strong><\/p>\n<p><strong><span style=\"color: #ff0000;\"><br \/>\nZ kazania z kalwaryjskiego Wzg\u00f3rza \u2013 w\u00a0 niedziel\u0119 24 maja 2020r.<\/span><br \/>\nNasza Ojczyzna jest w Niebie<br \/>\n<\/strong> Papie\u017c Benedykt XVI tu\u017c przed ko\u0144cem pontyfikatu wyda\u0142 ksi\u0105\u017ck\u0119 zatytu\u0142owan\u0105 \u201eNauczmy si\u0119 wierzy\u0107\u201d. Wed\u0142ug Benedykta XVI wielu, szczeg\u00f3lnie m\u0142odych ludzi zadaje sobie dzisiaj pytania: Po co jest \u017cycie na ziemi? Jakie jest i dalej b\u0119dzie to moje \u017cycie? Jaki jest sens tego mojego \u017cycia na ziemi? Wydaje si\u0119, \u017ce najbardziej w\u0142a\u015bciwa odpowied\u017a: to \u017cycie z Bogiem teraz i po \u015bmierci. Dlaczego w\u0142a\u015bnie taka odpowied\u017a? Bo je\u017celi b\u0119d\u0119 \u017cy\u0142 z Bogiem teraz na ziemi, to b\u0119d\u0119 \u017cy\u0142 z Bogiem tak\u017ce po \u015bmierci, a wtedy \u017cycia na ziemi nie przegram i nie zmarnuj\u0119! \u017by\u0107 z Chrystusem teraz na ziemi, by potem \u017cy\u0107 z Nim tak\u017ce po \u015bmierci!<br \/>\nObchodzimy dzisiaj uroczysto\u015b\u0107 Wniebowst\u0105pienia Pa\u0144skiego. Uroczysto\u015b\u0107, kt\u00f3ra nape\u0142nia nas otuch\u0105, bo pokazuje nam, \u017ce poza \u015bwiatem ziemskim istnieje jeszcze inny \u015bwiat, \u015bwiat duchowy i istnieje Niebo, w kt\u00f3rym czeka na nas Chrystus. Razem z Aposto\u0142ami wpatrujemy si\u0119 w Chrystusa, kt\u00f3ry powraca do swojego Ojca, by uczestniczy\u0107 w Jego chwale. Radujemy si\u0119 wraz z Chrystusem z faktu, \u017ce wraca do Nieba i jednocze\u015bnie kolejny raz u\u015bwiadamiamy sobie, \u017ce tak naprawd\u0119 to \u201enasza Ojczyzna jest w Niebie\u201d!<br \/>\nPrzed wst\u0105pieniem do Nieba Zmartwychwsta\u0142y Chrystus pozostawia Aposto\u0142om i nam sw\u00f3j Testament. Przypomnijmy sobie jeszcze raz ostatnie s\u0142owa Jezusa, zanotowane przez \u015bw. Mateusza: \u201eDana Mi jest wszelka w\u0142adza w niebie i na ziemi. Id\u017acie wi\u0119c i nauczajcie wszystkie narody, udzielaj\u0105c im chrztu w imi\u0119 Ojca i Syna, i Ducha \u015awi\u0119tego. Uczcie je zachowywa\u0107 wszystko, co wam przykaza\u0142em. A oto Ja jestem z wami przez wszystkie dni, a\u017c do sko\u0144czenia \u015bwiata\u201d.<br \/>\nJezus postawi\u0142 przed Aposto\u0142ami misyjne zadanie: mieli i\u015b\u0107 oraz naucza\u0107 i g\u0142osi\u0107 Ewangeli\u0119 wszystkim narodom na ca\u0142ym \u015bwiecie. Podobnie ka\u017cdy z nas tak\u017ce dzisiaj, jako ucze\u0144 Chrystusa, no mocy sakrament\u00f3w Chrztu i Bierzmowania, stoi przed tym samym zadaniem: mamy i\u015b\u0107 i g\u0142osi\u0107 Ewangeli\u0119 Jezusa Chrystusa w naszym codziennym \u017cyciu. Co to znaczy?<br \/>\nNaucza\u0107 i g\u0142osi\u0107 Ewangeli\u0119 to przede wszystkim prowadzi\u0107 \u017cycie godne chrze\u015bcijanina, to \u017cy\u0107 i post\u0119powa\u0107 wed\u0142ug Bo\u017cych Przykaza\u0144. W ten spos\u00f3b b\u0119dziemy \u015bwiadkami Jezusa Chrystusa. Kto\u015b powie, \u017ce to nie jest \u0142atwe w dzisiejszych czasach, bo wymaga wiele wyrzecze\u0144 i rezygnacji. Zgoda. Jezus jednak nigdy w Ewangelii nie m\u00f3wi\u0142, \u017ce b\u0119dzie \u0142atwo. Bo by\u0107 dobrym chrze\u015bcijaninem to znaczy i\u015b\u0107 za Chrystusem i codziennie wzi\u0105\u0107 krzy\u017c na swoje ramiona: krzy\u017c swoich obowi\u0105zk\u00f3w, krzy\u017c swoich s\u0142abo\u015bci, krzy\u017c swoich ograniczono\u015bci i niedoskona\u0142o\u015bci, krzy\u017c cierpienia i choroby&#8230; i w ten spos\u00f3b na\u015bladowa\u0107 Chrystusa. Wszystko co pi\u0119kne i najbardziej warto\u015bciowe w naszym \u017cyciu, wymaga wysi\u0142ku, po\u015bwi\u0119cenia i samozaparcia.<br \/>\nNaucza\u0107 i g\u0142osi\u0107 Ewangeli\u0119 to by\u0107 aposto\u0142em mi\u0142o\u015bci i przebaczenia, to nie\u015b\u0107 drugiemu cz\u0142owiekowi dobro\u0107 swojego serca. Aby tak si\u0119 sta\u0142o trzeba nauczy\u0107 si\u0119 z wiar\u0105 dostrzega\u0107 w drugim cz\u0142owieku samego Chrystusa i to Jemu samemu nie\u015b\u0107 swoj\u0105 mi\u0142o\u015b\u0107 i dobro\u0107 Nie wolno nam, przesta\u0107 w \u017cyciu kocha\u0107 i by\u0107 dobrymi!<br \/>\nNaucza\u0107 i g\u0142osi\u0107 Ewangeli\u0119 to codzienne podejmowa\u0107 wysi\u0142ek nawr\u00f3cenia, wysi\u0142ek zmagania si\u0119 ze swoim grzechem, ze swoj\u0105 s\u0142abo\u015bci\u0105, ze swoimi z\u0142ymi przyzwyczajeniami. To nieustannie przechodzi\u0107 od z\u0142a do dobra\u2026., od dobra do jeszcze wi\u0119kszego dobra.<br \/>\nNaucza\u0107 i g\u0142osi\u0107 Ewangeli\u0119 to stara\u0107 si\u0119 by\u0107 cz\u0142owiekiem radosnym, bo przecie\u017c Ewangelia to dobra i radosna nowina. Chrze\u015bcija\u0144stwo to nie cierpi\u0119tnictwo, zwieszona g\u0142owa czy ponura mina, ale chrze\u015bcija\u0144stwo do rado\u015b\u0107 i nadzieja, \u017ce jeste\u015bmy po stronie Chrystusa, kt\u00f3ry zwyci\u0119\u017cy\u0142 \u015bmier\u0107 i szatana, i kt\u00f3rego nikt przecie\u017c nie pokona.<br \/>\nAby z odwag\u0105 g\u0142osi\u0107 Ewangeli\u0119 musimy te\u017c pami\u0119ta\u0107, \u017ce zawsze jest z nami Chrystus Zmartwychwsta\u0142y. To On pragnie jak najcz\u0119\u015bciej gromadzi\u0107 nas na Eucharystii, by umacnia\u0107 nas swoim S\u0142owem i swoim Cia\u0142em. On pragnie dawa\u0107 nam swoje \u0142aski i si\u0142y do wype\u0142niania Bo\u017cej woli i tego jak\u017ce wa\u017cnego misyjnego zadania: by\u015bmy id\u0105c w codzienne \u017cycie nauczali innych, tego wszytskiego czego uczy nas Jezus Chrystus i Jego Ewangelia. Amen.<br \/>\no.R.<\/p>\n<\/div>\n<\/div>\n<\/div>\n<\/div>\n","protected":false},"excerpt":{"rendered":"<p>Liturgia S\u0142owa \u2013 Uroczysto\u015b\u0107 Wniebowst\u0105pienia Pa\u0144skiego \u2013 24 maja 2020r. 1. czytanie (Dz 1, 1-11) Uni\u00f3s\u0142 si\u0119 w ich obecno\u015bci w g\u00f3r\u0119 Czytanie z Dziej\u00f3w Apostolskich Pierwsz\u0105 Ksi\u0119g\u0119 napisa\u0142em, Teofilu, o wszystkim, co Jezus czyni\u0142 i czego naucza\u0142 od pocz\u0105tku a\u017c do dnia, w kt\u00f3rym da\u0142 polecenia aposto\u0142om, kt\u00f3rych sobie wybra\u0142 przez Ducha \u015awi\u0119tego, a &hellip;<\/p>\n","protected":false},"author":2,"featured_media":13791,"comment_status":"closed","ping_status":"open","sticky":false,"template":"","format":"standard","meta":{"_mi_skip_tracking":false,"_exactmetrics_sitenote_active":false,"_exactmetrics_sitenote_note":"","_exactmetrics_sitenote_category":0},"categories":[14],"tags":[],"yoast_head":"<!-- This site is optimized with the Yoast SEO plugin v18.1 - https:\/\/yoast.com\/wordpress\/plugins\/seo\/ -->\n<title>Do medytacji z kalwaryjskiego Wzg\u00f3rza \u2013 Msza \u015bw. w niedziel\u0119 24 maja 2020r. - Pako\u015b\u0107 \u2013 Kalwaria<\/title>\n<meta name=\"robots\" content=\"index, follow, max-snippet:-1, max-image-preview:large, max-video-preview:-1\" \/>\n<link rel=\"canonical\" href=\"https:\/\/pakosc-kalwaria.franciszkanie.net\/index.php\/2020\/05\/21\/do-medytacji-z-kalwaryjskiego-wzgorza-msza-sw-w-niedziele-24-maja-2020r\/\" \/>\n<meta property=\"og:locale\" content=\"pl_PL\" \/>\n<meta property=\"og:type\" content=\"article\" \/>\n<meta property=\"og:title\" content=\"Do medytacji z kalwaryjskiego Wzg\u00f3rza \u2013 Msza \u015bw. w niedziel\u0119 24 maja 2020r. - Pako\u015b\u0107 \u2013 Kalwaria\" \/>\n<meta property=\"og:description\" content=\"Liturgia S\u0142owa \u2013 Uroczysto\u015b\u0107 Wniebowst\u0105pienia Pa\u0144skiego \u2013 24 maja 2020r. 1. czytanie (Dz 1, 1-11) Uni\u00f3s\u0142 si\u0119 w ich obecno\u015bci w g\u00f3r\u0119 Czytanie z Dziej\u00f3w Apostolskich Pierwsz\u0105 Ksi\u0119g\u0119 napisa\u0142em, Teofilu, o wszystkim, co Jezus czyni\u0142 i czego naucza\u0142 od pocz\u0105tku a\u017c do dnia, w kt\u00f3rym da\u0142 polecenia aposto\u0142om, kt\u00f3rych sobie wybra\u0142 przez Ducha \u015awi\u0119tego, a &hellip;\" \/>\n<meta property=\"og:url\" content=\"https:\/\/pakosc-kalwaria.franciszkanie.net\/index.php\/2020\/05\/21\/do-medytacji-z-kalwaryjskiego-wzgorza-msza-sw-w-niedziele-24-maja-2020r\/\" \/>\n<meta property=\"og:site_name\" content=\"Pako\u015b\u0107 \u2013 Kalwaria\" \/>\n<meta property=\"article:author\" content=\"https:\/\/www.facebook.com\/KalwariaPakosc\/\" \/>\n<meta property=\"article:published_time\" content=\"2020-05-21T10:30:19+00:00\" \/>\n<meta property=\"article:modified_time\" content=\"2020-05-28T16:36:23+00:00\" \/>\n<meta property=\"og:image\" content=\"https:\/\/pakosc-kalwaria.franciszkanie.net\/wp-content\/uploads\/2020\/05\/P1000259.jpg\" \/>\n\t<meta property=\"og:image:width\" content=\"400\" \/>\n\t<meta property=\"og:image:height\" content=\"225\" \/>\n\t<meta property=\"og:image:type\" content=\"image\/jpeg\" \/>\n<meta name=\"twitter:card\" content=\"summary\" \/>\n<meta name=\"twitter:label1\" content=\"Napisane przez\" \/>\n\t<meta name=\"twitter:data1\" content=\"pakosc-kalwaria\" \/>\n\t<meta name=\"twitter:label2\" content=\"Szacowany czas czytania\" \/>\n\t<meta name=\"twitter:data2\" content=\"7 minut\" \/>\n<script type=\"application\/ld+json\" class=\"yoast-schema-graph\">{\"@context\":\"https:\/\/schema.org\",\"@graph\":[{\"@type\":\"WebSite\",\"@id\":\"https:\/\/pakosc-kalwaria.franciszkanie.net\/#website\",\"url\":\"https:\/\/pakosc-kalwaria.franciszkanie.net\/\",\"name\":\"Pako\u015b\u0107 \u2013 Kalwaria\",\"description\":\"Parafia Rzymsko \u2013 Katolicka p.w. Pana Jezusa Ukrzy\u017cowanego i  Matki Bo\u017cej Bolesnej ul. Barci\u0144ska 60, 88\u2013170 Pako\u015b\u0107 \u2013 Kalwaria\",\"potentialAction\":[{\"@type\":\"SearchAction\",\"target\":{\"@type\":\"EntryPoint\",\"urlTemplate\":\"https:\/\/pakosc-kalwaria.franciszkanie.net\/?s={search_term_string}\"},\"query-input\":\"required name=search_term_string\"}],\"inLanguage\":\"pl-PL\"},{\"@type\":\"ImageObject\",\"@id\":\"https:\/\/pakosc-kalwaria.franciszkanie.net\/index.php\/2020\/05\/21\/do-medytacji-z-kalwaryjskiego-wzgorza-msza-sw-w-niedziele-24-maja-2020r\/#primaryimage\",\"inLanguage\":\"pl-PL\",\"url\":\"https:\/\/pakosc-kalwaria.franciszkanie.net\/wp-content\/uploads\/2020\/05\/P1000259.jpg\",\"contentUrl\":\"https:\/\/pakosc-kalwaria.franciszkanie.net\/wp-content\/uploads\/2020\/05\/P1000259.jpg\",\"width\":400,\"height\":225},{\"@type\":\"WebPage\",\"@id\":\"https:\/\/pakosc-kalwaria.franciszkanie.net\/index.php\/2020\/05\/21\/do-medytacji-z-kalwaryjskiego-wzgorza-msza-sw-w-niedziele-24-maja-2020r\/#webpage\",\"url\":\"https:\/\/pakosc-kalwaria.franciszkanie.net\/index.php\/2020\/05\/21\/do-medytacji-z-kalwaryjskiego-wzgorza-msza-sw-w-niedziele-24-maja-2020r\/\",\"name\":\"Do medytacji z kalwaryjskiego Wzg\u00f3rza \u2013 Msza \u015bw. w niedziel\u0119 24 maja 2020r. - Pako\u015b\u0107 \u2013 Kalwaria\",\"isPartOf\":{\"@id\":\"https:\/\/pakosc-kalwaria.franciszkanie.net\/#website\"},\"primaryImageOfPage\":{\"@id\":\"https:\/\/pakosc-kalwaria.franciszkanie.net\/index.php\/2020\/05\/21\/do-medytacji-z-kalwaryjskiego-wzgorza-msza-sw-w-niedziele-24-maja-2020r\/#primaryimage\"},\"datePublished\":\"2020-05-21T10:30:19+00:00\",\"dateModified\":\"2020-05-28T16:36:23+00:00\",\"author\":{\"@id\":\"https:\/\/pakosc-kalwaria.franciszkanie.net\/#\/schema\/person\/af10b943be0760709227d060eadcb2aa\"},\"breadcrumb\":{\"@id\":\"https:\/\/pakosc-kalwaria.franciszkanie.net\/index.php\/2020\/05\/21\/do-medytacji-z-kalwaryjskiego-wzgorza-msza-sw-w-niedziele-24-maja-2020r\/#breadcrumb\"},\"inLanguage\":\"pl-PL\",\"potentialAction\":[{\"@type\":\"ReadAction\",\"target\":[\"https:\/\/pakosc-kalwaria.franciszkanie.net\/index.php\/2020\/05\/21\/do-medytacji-z-kalwaryjskiego-wzgorza-msza-sw-w-niedziele-24-maja-2020r\/\"]}]},{\"@type\":\"BreadcrumbList\",\"@id\":\"https:\/\/pakosc-kalwaria.franciszkanie.net\/index.php\/2020\/05\/21\/do-medytacji-z-kalwaryjskiego-wzgorza-msza-sw-w-niedziele-24-maja-2020r\/#breadcrumb\",\"itemListElement\":[{\"@type\":\"ListItem\",\"position\":1,\"name\":\"Strona g\u0142\u00f3wna\",\"item\":\"https:\/\/pakosc-kalwaria.franciszkanie.net\/\"},{\"@type\":\"ListItem\",\"position\":2,\"name\":\"Do medytacji z kalwaryjskiego Wzg\u00f3rza \u2013 Msza \u015bw. w niedziel\u0119 24 maja 2020r.\"}]},{\"@type\":\"Person\",\"@id\":\"https:\/\/pakosc-kalwaria.franciszkanie.net\/#\/schema\/person\/af10b943be0760709227d060eadcb2aa\",\"name\":\"pakosc-kalwaria\",\"image\":{\"@type\":\"ImageObject\",\"@id\":\"https:\/\/pakosc-kalwaria.franciszkanie.net\/#personlogo\",\"inLanguage\":\"pl-PL\",\"url\":\"https:\/\/secure.gravatar.com\/avatar\/e7049d338b55eac6a0027ff3218b8d02?s=96&d=mm&r=g\",\"contentUrl\":\"https:\/\/secure.gravatar.com\/avatar\/e7049d338b55eac6a0027ff3218b8d02?s=96&d=mm&r=g\",\"caption\":\"pakosc-kalwaria\"},\"sameAs\":[\"https:\/\/www.facebook.com\/KalwariaPakosc\/\"],\"url\":\"https:\/\/pakosc-kalwaria.franciszkanie.net\/index.php\/author\/pakosc-kalwaria\/\"}]}<\/script>\n<!-- \/ Yoast SEO plugin. -->","yoast_head_json":{"title":"Do medytacji z kalwaryjskiego Wzg\u00f3rza \u2013 Msza \u015bw. w niedziel\u0119 24 maja 2020r. - Pako\u015b\u0107 \u2013 Kalwaria","robots":{"index":"index","follow":"follow","max-snippet":"max-snippet:-1","max-image-preview":"max-image-preview:large","max-video-preview":"max-video-preview:-1"},"canonical":"https:\/\/pakosc-kalwaria.franciszkanie.net\/index.php\/2020\/05\/21\/do-medytacji-z-kalwaryjskiego-wzgorza-msza-sw-w-niedziele-24-maja-2020r\/","og_locale":"pl_PL","og_type":"article","og_title":"Do medytacji z kalwaryjskiego Wzg\u00f3rza \u2013 Msza \u015bw. w niedziel\u0119 24 maja 2020r. - Pako\u015b\u0107 \u2013 Kalwaria","og_description":"Liturgia S\u0142owa \u2013 Uroczysto\u015b\u0107 Wniebowst\u0105pienia Pa\u0144skiego \u2013 24 maja 2020r. 1. czytanie (Dz 1, 1-11) Uni\u00f3s\u0142 si\u0119 w ich obecno\u015bci w g\u00f3r\u0119 Czytanie z Dziej\u00f3w Apostolskich Pierwsz\u0105 Ksi\u0119g\u0119 napisa\u0142em, Teofilu, o wszystkim, co Jezus czyni\u0142 i czego naucza\u0142 od pocz\u0105tku a\u017c do dnia, w kt\u00f3rym da\u0142 polecenia aposto\u0142om, kt\u00f3rych sobie wybra\u0142 przez Ducha \u015awi\u0119tego, a &hellip;","og_url":"https:\/\/pakosc-kalwaria.franciszkanie.net\/index.php\/2020\/05\/21\/do-medytacji-z-kalwaryjskiego-wzgorza-msza-sw-w-niedziele-24-maja-2020r\/","og_site_name":"Pako\u015b\u0107 \u2013 Kalwaria","article_author":"https:\/\/www.facebook.com\/KalwariaPakosc\/","article_published_time":"2020-05-21T10:30:19+00:00","article_modified_time":"2020-05-28T16:36:23+00:00","og_image":[{"width":400,"height":225,"url":"https:\/\/pakosc-kalwaria.franciszkanie.net\/wp-content\/uploads\/2020\/05\/P1000259.jpg","type":"image\/jpeg"}],"twitter_card":"summary","twitter_misc":{"Napisane przez":"pakosc-kalwaria","Szacowany czas czytania":"7 minut"},"schema":{"@context":"https:\/\/schema.org","@graph":[{"@type":"WebSite","@id":"https:\/\/pakosc-kalwaria.franciszkanie.net\/#website","url":"https:\/\/pakosc-kalwaria.franciszkanie.net\/","name":"Pako\u015b\u0107 \u2013 Kalwaria","description":"Parafia Rzymsko \u2013 Katolicka p.w. Pana Jezusa Ukrzy\u017cowanego i  Matki Bo\u017cej Bolesnej ul. Barci\u0144ska 60, 88\u2013170 Pako\u015b\u0107 \u2013 Kalwaria","potentialAction":[{"@type":"SearchAction","target":{"@type":"EntryPoint","urlTemplate":"https:\/\/pakosc-kalwaria.franciszkanie.net\/?s={search_term_string}"},"query-input":"required name=search_term_string"}],"inLanguage":"pl-PL"},{"@type":"ImageObject","@id":"https:\/\/pakosc-kalwaria.franciszkanie.net\/index.php\/2020\/05\/21\/do-medytacji-z-kalwaryjskiego-wzgorza-msza-sw-w-niedziele-24-maja-2020r\/#primaryimage","inLanguage":"pl-PL","url":"https:\/\/pakosc-kalwaria.franciszkanie.net\/wp-content\/uploads\/2020\/05\/P1000259.jpg","contentUrl":"https:\/\/pakosc-kalwaria.franciszkanie.net\/wp-content\/uploads\/2020\/05\/P1000259.jpg","width":400,"height":225},{"@type":"WebPage","@id":"https:\/\/pakosc-kalwaria.franciszkanie.net\/index.php\/2020\/05\/21\/do-medytacji-z-kalwaryjskiego-wzgorza-msza-sw-w-niedziele-24-maja-2020r\/#webpage","url":"https:\/\/pakosc-kalwaria.franciszkanie.net\/index.php\/2020\/05\/21\/do-medytacji-z-kalwaryjskiego-wzgorza-msza-sw-w-niedziele-24-maja-2020r\/","name":"Do medytacji z kalwaryjskiego Wzg\u00f3rza \u2013 Msza \u015bw. w niedziel\u0119 24 maja 2020r. - Pako\u015b\u0107 \u2013 Kalwaria","isPartOf":{"@id":"https:\/\/pakosc-kalwaria.franciszkanie.net\/#website"},"primaryImageOfPage":{"@id":"https:\/\/pakosc-kalwaria.franciszkanie.net\/index.php\/2020\/05\/21\/do-medytacji-z-kalwaryjskiego-wzgorza-msza-sw-w-niedziele-24-maja-2020r\/#primaryimage"},"datePublished":"2020-05-21T10:30:19+00:00","dateModified":"2020-05-28T16:36:23+00:00","author":{"@id":"https:\/\/pakosc-kalwaria.franciszkanie.net\/#\/schema\/person\/af10b943be0760709227d060eadcb2aa"},"breadcrumb":{"@id":"https:\/\/pakosc-kalwaria.franciszkanie.net\/index.php\/2020\/05\/21\/do-medytacji-z-kalwaryjskiego-wzgorza-msza-sw-w-niedziele-24-maja-2020r\/#breadcrumb"},"inLanguage":"pl-PL","potentialAction":[{"@type":"ReadAction","target":["https:\/\/pakosc-kalwaria.franciszkanie.net\/index.php\/2020\/05\/21\/do-medytacji-z-kalwaryjskiego-wzgorza-msza-sw-w-niedziele-24-maja-2020r\/"]}]},{"@type":"BreadcrumbList","@id":"https:\/\/pakosc-kalwaria.franciszkanie.net\/index.php\/2020\/05\/21\/do-medytacji-z-kalwaryjskiego-wzgorza-msza-sw-w-niedziele-24-maja-2020r\/#breadcrumb","itemListElement":[{"@type":"ListItem","position":1,"name":"Strona g\u0142\u00f3wna","item":"https:\/\/pakosc-kalwaria.franciszkanie.net\/"},{"@type":"ListItem","position":2,"name":"Do medytacji z kalwaryjskiego Wzg\u00f3rza \u2013 Msza \u015bw. w niedziel\u0119 24 maja 2020r."}]},{"@type":"Person","@id":"https:\/\/pakosc-kalwaria.franciszkanie.net\/#\/schema\/person\/af10b943be0760709227d060eadcb2aa","name":"pakosc-kalwaria","image":{"@type":"ImageObject","@id":"https:\/\/pakosc-kalwaria.franciszkanie.net\/#personlogo","inLanguage":"pl-PL","url":"https:\/\/secure.gravatar.com\/avatar\/e7049d338b55eac6a0027ff3218b8d02?s=96&d=mm&r=g","contentUrl":"https:\/\/secure.gravatar.com\/avatar\/e7049d338b55eac6a0027ff3218b8d02?s=96&d=mm&r=g","caption":"pakosc-kalwaria"},"sameAs":["https:\/\/www.facebook.com\/KalwariaPakosc\/"],"url":"https:\/\/pakosc-kalwaria.franciszkanie.net\/index.php\/author\/pakosc-kalwaria\/"}]}},"_links":{"self":[{"href":"https:\/\/pakosc-kalwaria.franciszkanie.net\/index.php\/wp-json\/wp\/v2\/posts\/13870"}],"collection":[{"href":"https:\/\/pakosc-kalwaria.franciszkanie.net\/index.php\/wp-json\/wp\/v2\/posts"}],"about":[{"href":"https:\/\/pakosc-kalwaria.franciszkanie.net\/index.php\/wp-json\/wp\/v2\/types\/post"}],"author":[{"embeddable":true,"href":"https:\/\/pakosc-kalwaria.franciszkanie.net\/index.php\/wp-json\/wp\/v2\/users\/2"}],"replies":[{"embeddable":true,"href":"https:\/\/pakosc-kalwaria.franciszkanie.net\/index.php\/wp-json\/wp\/v2\/comments?post=13870"}],"version-history":[{"count":8,"href":"https:\/\/pakosc-kalwaria.franciszkanie.net\/index.php\/wp-json\/wp\/v2\/posts\/13870\/revisions"}],"predecessor-version":[{"id":13880,"href":"https:\/\/pakosc-kalwaria.franciszkanie.net\/index.php\/wp-json\/wp\/v2\/posts\/13870\/revisions\/13880"}],"wp:featuredmedia":[{"embeddable":true,"href":"https:\/\/pakosc-kalwaria.franciszkanie.net\/index.php\/wp-json\/wp\/v2\/media\/13791"}],"wp:attachment":[{"href":"https:\/\/pakosc-kalwaria.franciszkanie.net\/index.php\/wp-json\/wp\/v2\/media?parent=13870"}],"wp:term":[{"taxonomy":"category","embeddable":true,"href":"https:\/\/pakosc-kalwaria.franciszkanie.net\/index.php\/wp-json\/wp\/v2\/categories?post=13870"},{"taxonomy":"post_tag","embeddable":true,"href":"https:\/\/pakosc-kalwaria.franciszkanie.net\/index.php\/wp-json\/wp\/v2\/tags?post=13870"}],"curies":[{"name":"wp","href":"https:\/\/api.w.org\/{rel}","templated":true}]}}