{"id":13884,"date":"2020-05-29T13:00:34","date_gmt":"2020-05-29T11:00:34","guid":{"rendered":"http:\/\/pakosc-kalwaria.franciszkanie.net\/?p=13884"},"modified":"2020-06-01T15:23:16","modified_gmt":"2020-06-01T13:23:16","slug":"transmisja-z-kalwaryjskiego-wzgorza-w-pakosci-w-niedziele-31-maja-2020r","status":"publish","type":"post","link":"https:\/\/pakosc-kalwaria.franciszkanie.net\/index.php\/2020\/05\/29\/transmisja-z-kalwaryjskiego-wzgorza-w-pakosci-w-niedziele-31-maja-2020r\/","title":{"rendered":"Transmisja z kalwaryjskiego Wzg\u00f3rza w Pako\u015bci z niedzieli31 maja 2020r."},"content":{"rendered":"<p><strong>Transmisja <\/strong><strong>nabo\u017ce\u0144stwa majowego i<\/strong> <strong>Mszy \u015bw. <\/strong><strong>kalwaryjskiego Wzg\u00f3rza w Pako\u015bci z<span style=\"color: #ff0000;\"> niedzieli 31 maja 2020r.,<\/span> w uroczysto\u015b\u0107 Zes\u0142ania Ducha \u015awi\u0119tego\u00a0 <\/strong><strong>pod linkiem: <a href=\"https:\/\/youtu.be\/0Mwu1Al79HU\">https:\/\/youtu.be\/0Mwu1Al79HU<\/a><\/strong><\/p>\n<p><strong>Na tym zako\u0144czymy transmisje on-line z naszego kalwaryjskiego Wzg\u00f3rza zwi\u0105zane z pandemi\u0105 koronawirusa. Dzi\u0119kujemy wszystkim, kt\u00f3rzy w tych transmisjach razem z nami si\u0119 modlili oraz tym osobom dzi\u0119ki kt\u00f3rym te transmisje mo\u017cna by\u0142o przeprowadzi\u0107.<\/strong><\/p>\n<p><strong>W zwi\u0105zku z tym, \u017ce zmniejszaj\u0105 si\u0119 obostrzenia w ko\u015bcio\u0142ach co do ilo\u015bci wiernych, zach\u0119camy do osobistego uczestniczenia w Maszach \u015bw. i nabo\u017ce\u0144stwach w naszym kalwaryjskim Sanktuarium.<\/strong><br \/>\n<strong>Zapraszamy bardzo serdecznie do odwiedzania naszej Kalwarii w Pako\u015bci oraz do wsp\u00f3lnej modlitwy u Pana Jezusa Ukrzy\u017cowanego i Matki Bo\u017cej Bolesnej na kalwaryjskim Wzg\u00f3rzu.<\/strong><\/p>\n<p><strong>Bracia Mniejsi Franciszkanie z Pako\u015bci \u2013 Kalwarii<\/strong><\/p>\n","protected":false},"excerpt":{"rendered":"<p>Transmisja nabo\u017ce\u0144stwa majowego i Mszy \u015bw. kalwaryjskiego Wzg\u00f3rza w Pako\u015bci z niedzieli 31 maja 2020r., w uroczysto\u015b\u0107 Zes\u0142ania Ducha \u015awi\u0119tego\u00a0 pod linkiem: https:\/\/youtu.be\/0Mwu1Al79HU Na tym zako\u0144czymy transmisje on-line z naszego kalwaryjskiego Wzg\u00f3rza zwi\u0105zane z pandemi\u0105 koronawirusa. Dzi\u0119kujemy wszystkim, kt\u00f3rzy w tych transmisjach razem z nami si\u0119 modlili oraz tym osobom dzi\u0119ki kt\u00f3rym te transmisje mo\u017cna &hellip;<\/p>\n","protected":false},"author":2,"featured_media":13893,"comment_status":"closed","ping_status":"open","sticky":false,"template":"","format":"standard","meta":{"_mi_skip_tracking":false,"_exactmetrics_sitenote_active":false,"_exactmetrics_sitenote_note":"","_exactmetrics_sitenote_category":0},"categories":[13,14],"tags":[],"yoast_head":"<!-- This site is optimized with the Yoast SEO plugin v18.1 - https:\/\/yoast.com\/wordpress\/plugins\/seo\/ -->\n<title>Transmisja z kalwaryjskiego Wzg\u00f3rza w Pako\u015bci z niedzieli31 maja 2020r. - Pako\u015b\u0107 \u2013 Kalwaria<\/title>\n<meta name=\"robots\" content=\"index, follow, max-snippet:-1, max-image-preview:large, max-video-preview:-1\" \/>\n<link rel=\"canonical\" href=\"https:\/\/pakosc-kalwaria.franciszkanie.net\/index.php\/2020\/05\/29\/transmisja-z-kalwaryjskiego-wzgorza-w-pakosci-w-niedziele-31-maja-2020r\/\" \/>\n<meta property=\"og:locale\" content=\"pl_PL\" \/>\n<meta property=\"og:type\" content=\"article\" \/>\n<meta property=\"og:title\" content=\"Transmisja z kalwaryjskiego Wzg\u00f3rza w Pako\u015bci z niedzieli31 maja 2020r. - Pako\u015b\u0107 \u2013 Kalwaria\" \/>\n<meta property=\"og:description\" content=\"Transmisja nabo\u017ce\u0144stwa majowego i Mszy \u015bw. kalwaryjskiego Wzg\u00f3rza w Pako\u015bci z niedzieli 31 maja 2020r., w uroczysto\u015b\u0107 Zes\u0142ania Ducha \u015awi\u0119tego\u00a0 pod linkiem: https:\/\/youtu.be\/0Mwu1Al79HU Na tym zako\u0144czymy transmisje on-line z naszego kalwaryjskiego Wzg\u00f3rza zwi\u0105zane z pandemi\u0105 koronawirusa. Dzi\u0119kujemy wszystkim, kt\u00f3rzy w tych transmisjach razem z nami si\u0119 modlili oraz tym osobom dzi\u0119ki kt\u00f3rym te transmisje mo\u017cna &hellip;\" \/>\n<meta property=\"og:url\" content=\"https:\/\/pakosc-kalwaria.franciszkanie.net\/index.php\/2020\/05\/29\/transmisja-z-kalwaryjskiego-wzgorza-w-pakosci-w-niedziele-31-maja-2020r\/\" \/>\n<meta property=\"og:site_name\" content=\"Pako\u015b\u0107 \u2013 Kalwaria\" \/>\n<meta property=\"article:author\" content=\"https:\/\/www.facebook.com\/KalwariaPakosc\/\" \/>\n<meta property=\"article:published_time\" content=\"2020-05-29T11:00:34+00:00\" \/>\n<meta property=\"article:modified_time\" content=\"2020-06-01T13:23:16+00:00\" \/>\n<meta property=\"og:image\" content=\"https:\/\/pakosc-kalwaria.franciszkanie.net\/wp-content\/uploads\/2020\/05\/transmisja-mszy-kalwaria-31-maja.jpg\" \/>\n\t<meta property=\"og:image:width\" content=\"350\" \/>\n\t<meta property=\"og:image:height\" content=\"197\" \/>\n\t<meta property=\"og:image:type\" content=\"image\/jpeg\" \/>\n<meta name=\"twitter:card\" content=\"summary\" \/>\n<meta name=\"twitter:label1\" content=\"Napisane przez\" \/>\n\t<meta name=\"twitter:data1\" content=\"pakosc-kalwaria\" \/>\n\t<meta name=\"twitter:label2\" content=\"Szacowany czas czytania\" \/>\n\t<meta name=\"twitter:data2\" content=\"1 minuta\" \/>\n<script type=\"application\/ld+json\" class=\"yoast-schema-graph\">{\"@context\":\"https:\/\/schema.org\",\"@graph\":[{\"@type\":\"WebSite\",\"@id\":\"https:\/\/pakosc-kalwaria.franciszkanie.net\/#website\",\"url\":\"https:\/\/pakosc-kalwaria.franciszkanie.net\/\",\"name\":\"Pako\u015b\u0107 \u2013 Kalwaria\",\"description\":\"Parafia Rzymsko \u2013 Katolicka p.w. Pana Jezusa Ukrzy\u017cowanego i  Matki Bo\u017cej Bolesnej ul. Barci\u0144ska 60, 88\u2013170 Pako\u015b\u0107 \u2013 Kalwaria\",\"potentialAction\":[{\"@type\":\"SearchAction\",\"target\":{\"@type\":\"EntryPoint\",\"urlTemplate\":\"https:\/\/pakosc-kalwaria.franciszkanie.net\/?s={search_term_string}\"},\"query-input\":\"required name=search_term_string\"}],\"inLanguage\":\"pl-PL\"},{\"@type\":\"ImageObject\",\"@id\":\"https:\/\/pakosc-kalwaria.franciszkanie.net\/index.php\/2020\/05\/29\/transmisja-z-kalwaryjskiego-wzgorza-w-pakosci-w-niedziele-31-maja-2020r\/#primaryimage\",\"inLanguage\":\"pl-PL\",\"url\":\"https:\/\/pakosc-kalwaria.franciszkanie.net\/wp-content\/uploads\/2020\/05\/transmisja-mszy-kalwaria-31-maja.jpg\",\"contentUrl\":\"https:\/\/pakosc-kalwaria.franciszkanie.net\/wp-content\/uploads\/2020\/05\/transmisja-mszy-kalwaria-31-maja.jpg\",\"width\":350,\"height\":197},{\"@type\":\"WebPage\",\"@id\":\"https:\/\/pakosc-kalwaria.franciszkanie.net\/index.php\/2020\/05\/29\/transmisja-z-kalwaryjskiego-wzgorza-w-pakosci-w-niedziele-31-maja-2020r\/#webpage\",\"url\":\"https:\/\/pakosc-kalwaria.franciszkanie.net\/index.php\/2020\/05\/29\/transmisja-z-kalwaryjskiego-wzgorza-w-pakosci-w-niedziele-31-maja-2020r\/\",\"name\":\"Transmisja z kalwaryjskiego Wzg\u00f3rza w Pako\u015bci z niedzieli31 maja 2020r. - Pako\u015b\u0107 \u2013 Kalwaria\",\"isPartOf\":{\"@id\":\"https:\/\/pakosc-kalwaria.franciszkanie.net\/#website\"},\"primaryImageOfPage\":{\"@id\":\"https:\/\/pakosc-kalwaria.franciszkanie.net\/index.php\/2020\/05\/29\/transmisja-z-kalwaryjskiego-wzgorza-w-pakosci-w-niedziele-31-maja-2020r\/#primaryimage\"},\"datePublished\":\"2020-05-29T11:00:34+00:00\",\"dateModified\":\"2020-06-01T13:23:16+00:00\",\"author\":{\"@id\":\"https:\/\/pakosc-kalwaria.franciszkanie.net\/#\/schema\/person\/af10b943be0760709227d060eadcb2aa\"},\"breadcrumb\":{\"@id\":\"https:\/\/pakosc-kalwaria.franciszkanie.net\/index.php\/2020\/05\/29\/transmisja-z-kalwaryjskiego-wzgorza-w-pakosci-w-niedziele-31-maja-2020r\/#breadcrumb\"},\"inLanguage\":\"pl-PL\",\"potentialAction\":[{\"@type\":\"ReadAction\",\"target\":[\"https:\/\/pakosc-kalwaria.franciszkanie.net\/index.php\/2020\/05\/29\/transmisja-z-kalwaryjskiego-wzgorza-w-pakosci-w-niedziele-31-maja-2020r\/\"]}]},{\"@type\":\"BreadcrumbList\",\"@id\":\"https:\/\/pakosc-kalwaria.franciszkanie.net\/index.php\/2020\/05\/29\/transmisja-z-kalwaryjskiego-wzgorza-w-pakosci-w-niedziele-31-maja-2020r\/#breadcrumb\",\"itemListElement\":[{\"@type\":\"ListItem\",\"position\":1,\"name\":\"Strona g\u0142\u00f3wna\",\"item\":\"https:\/\/pakosc-kalwaria.franciszkanie.net\/\"},{\"@type\":\"ListItem\",\"position\":2,\"name\":\"Transmisja z kalwaryjskiego Wzg\u00f3rza w Pako\u015bci z niedzieli31 maja 2020r.\"}]},{\"@type\":\"Person\",\"@id\":\"https:\/\/pakosc-kalwaria.franciszkanie.net\/#\/schema\/person\/af10b943be0760709227d060eadcb2aa\",\"name\":\"pakosc-kalwaria\",\"image\":{\"@type\":\"ImageObject\",\"@id\":\"https:\/\/pakosc-kalwaria.franciszkanie.net\/#personlogo\",\"inLanguage\":\"pl-PL\",\"url\":\"https:\/\/secure.gravatar.com\/avatar\/e7049d338b55eac6a0027ff3218b8d02?s=96&d=mm&r=g\",\"contentUrl\":\"https:\/\/secure.gravatar.com\/avatar\/e7049d338b55eac6a0027ff3218b8d02?s=96&d=mm&r=g\",\"caption\":\"pakosc-kalwaria\"},\"sameAs\":[\"https:\/\/www.facebook.com\/KalwariaPakosc\/\"],\"url\":\"https:\/\/pakosc-kalwaria.franciszkanie.net\/index.php\/author\/pakosc-kalwaria\/\"}]}<\/script>\n<!-- \/ Yoast SEO plugin. -->","yoast_head_json":{"title":"Transmisja z kalwaryjskiego Wzg\u00f3rza w Pako\u015bci z niedzieli31 maja 2020r. - Pako\u015b\u0107 \u2013 Kalwaria","robots":{"index":"index","follow":"follow","max-snippet":"max-snippet:-1","max-image-preview":"max-image-preview:large","max-video-preview":"max-video-preview:-1"},"canonical":"https:\/\/pakosc-kalwaria.franciszkanie.net\/index.php\/2020\/05\/29\/transmisja-z-kalwaryjskiego-wzgorza-w-pakosci-w-niedziele-31-maja-2020r\/","og_locale":"pl_PL","og_type":"article","og_title":"Transmisja z kalwaryjskiego Wzg\u00f3rza w Pako\u015bci z niedzieli31 maja 2020r. - Pako\u015b\u0107 \u2013 Kalwaria","og_description":"Transmisja nabo\u017ce\u0144stwa majowego i Mszy \u015bw. kalwaryjskiego Wzg\u00f3rza w Pako\u015bci z niedzieli 31 maja 2020r., w uroczysto\u015b\u0107 Zes\u0142ania Ducha \u015awi\u0119tego\u00a0 pod linkiem: https:\/\/youtu.be\/0Mwu1Al79HU Na tym zako\u0144czymy transmisje on-line z naszego kalwaryjskiego Wzg\u00f3rza zwi\u0105zane z pandemi\u0105 koronawirusa. Dzi\u0119kujemy wszystkim, kt\u00f3rzy w tych transmisjach razem z nami si\u0119 modlili oraz tym osobom dzi\u0119ki kt\u00f3rym te transmisje mo\u017cna &hellip;","og_url":"https:\/\/pakosc-kalwaria.franciszkanie.net\/index.php\/2020\/05\/29\/transmisja-z-kalwaryjskiego-wzgorza-w-pakosci-w-niedziele-31-maja-2020r\/","og_site_name":"Pako\u015b\u0107 \u2013 Kalwaria","article_author":"https:\/\/www.facebook.com\/KalwariaPakosc\/","article_published_time":"2020-05-29T11:00:34+00:00","article_modified_time":"2020-06-01T13:23:16+00:00","og_image":[{"width":350,"height":197,"url":"https:\/\/pakosc-kalwaria.franciszkanie.net\/wp-content\/uploads\/2020\/05\/transmisja-mszy-kalwaria-31-maja.jpg","type":"image\/jpeg"}],"twitter_card":"summary","twitter_misc":{"Napisane przez":"pakosc-kalwaria","Szacowany czas czytania":"1 minuta"},"schema":{"@context":"https:\/\/schema.org","@graph":[{"@type":"WebSite","@id":"https:\/\/pakosc-kalwaria.franciszkanie.net\/#website","url":"https:\/\/pakosc-kalwaria.franciszkanie.net\/","name":"Pako\u015b\u0107 \u2013 Kalwaria","description":"Parafia Rzymsko \u2013 Katolicka p.w. Pana Jezusa Ukrzy\u017cowanego i  Matki Bo\u017cej Bolesnej ul. Barci\u0144ska 60, 88\u2013170 Pako\u015b\u0107 \u2013 Kalwaria","potentialAction":[{"@type":"SearchAction","target":{"@type":"EntryPoint","urlTemplate":"https:\/\/pakosc-kalwaria.franciszkanie.net\/?s={search_term_string}"},"query-input":"required name=search_term_string"}],"inLanguage":"pl-PL"},{"@type":"ImageObject","@id":"https:\/\/pakosc-kalwaria.franciszkanie.net\/index.php\/2020\/05\/29\/transmisja-z-kalwaryjskiego-wzgorza-w-pakosci-w-niedziele-31-maja-2020r\/#primaryimage","inLanguage":"pl-PL","url":"https:\/\/pakosc-kalwaria.franciszkanie.net\/wp-content\/uploads\/2020\/05\/transmisja-mszy-kalwaria-31-maja.jpg","contentUrl":"https:\/\/pakosc-kalwaria.franciszkanie.net\/wp-content\/uploads\/2020\/05\/transmisja-mszy-kalwaria-31-maja.jpg","width":350,"height":197},{"@type":"WebPage","@id":"https:\/\/pakosc-kalwaria.franciszkanie.net\/index.php\/2020\/05\/29\/transmisja-z-kalwaryjskiego-wzgorza-w-pakosci-w-niedziele-31-maja-2020r\/#webpage","url":"https:\/\/pakosc-kalwaria.franciszkanie.net\/index.php\/2020\/05\/29\/transmisja-z-kalwaryjskiego-wzgorza-w-pakosci-w-niedziele-31-maja-2020r\/","name":"Transmisja z kalwaryjskiego Wzg\u00f3rza w Pako\u015bci z niedzieli31 maja 2020r. - Pako\u015b\u0107 \u2013 Kalwaria","isPartOf":{"@id":"https:\/\/pakosc-kalwaria.franciszkanie.net\/#website"},"primaryImageOfPage":{"@id":"https:\/\/pakosc-kalwaria.franciszkanie.net\/index.php\/2020\/05\/29\/transmisja-z-kalwaryjskiego-wzgorza-w-pakosci-w-niedziele-31-maja-2020r\/#primaryimage"},"datePublished":"2020-05-29T11:00:34+00:00","dateModified":"2020-06-01T13:23:16+00:00","author":{"@id":"https:\/\/pakosc-kalwaria.franciszkanie.net\/#\/schema\/person\/af10b943be0760709227d060eadcb2aa"},"breadcrumb":{"@id":"https:\/\/pakosc-kalwaria.franciszkanie.net\/index.php\/2020\/05\/29\/transmisja-z-kalwaryjskiego-wzgorza-w-pakosci-w-niedziele-31-maja-2020r\/#breadcrumb"},"inLanguage":"pl-PL","potentialAction":[{"@type":"ReadAction","target":["https:\/\/pakosc-kalwaria.franciszkanie.net\/index.php\/2020\/05\/29\/transmisja-z-kalwaryjskiego-wzgorza-w-pakosci-w-niedziele-31-maja-2020r\/"]}]},{"@type":"BreadcrumbList","@id":"https:\/\/pakosc-kalwaria.franciszkanie.net\/index.php\/2020\/05\/29\/transmisja-z-kalwaryjskiego-wzgorza-w-pakosci-w-niedziele-31-maja-2020r\/#breadcrumb","itemListElement":[{"@type":"ListItem","position":1,"name":"Strona g\u0142\u00f3wna","item":"https:\/\/pakosc-kalwaria.franciszkanie.net\/"},{"@type":"ListItem","position":2,"name":"Transmisja z kalwaryjskiego Wzg\u00f3rza w Pako\u015bci z niedzieli31 maja 2020r."}]},{"@type":"Person","@id":"https:\/\/pakosc-kalwaria.franciszkanie.net\/#\/schema\/person\/af10b943be0760709227d060eadcb2aa","name":"pakosc-kalwaria","image":{"@type":"ImageObject","@id":"https:\/\/pakosc-kalwaria.franciszkanie.net\/#personlogo","inLanguage":"pl-PL","url":"https:\/\/secure.gravatar.com\/avatar\/e7049d338b55eac6a0027ff3218b8d02?s=96&d=mm&r=g","contentUrl":"https:\/\/secure.gravatar.com\/avatar\/e7049d338b55eac6a0027ff3218b8d02?s=96&d=mm&r=g","caption":"pakosc-kalwaria"},"sameAs":["https:\/\/www.facebook.com\/KalwariaPakosc\/"],"url":"https:\/\/pakosc-kalwaria.franciszkanie.net\/index.php\/author\/pakosc-kalwaria\/"}]}},"_links":{"self":[{"href":"https:\/\/pakosc-kalwaria.franciszkanie.net\/index.php\/wp-json\/wp\/v2\/posts\/13884"}],"collection":[{"href":"https:\/\/pakosc-kalwaria.franciszkanie.net\/index.php\/wp-json\/wp\/v2\/posts"}],"about":[{"href":"https:\/\/pakosc-kalwaria.franciszkanie.net\/index.php\/wp-json\/wp\/v2\/types\/post"}],"author":[{"embeddable":true,"href":"https:\/\/pakosc-kalwaria.franciszkanie.net\/index.php\/wp-json\/wp\/v2\/users\/2"}],"replies":[{"embeddable":true,"href":"https:\/\/pakosc-kalwaria.franciszkanie.net\/index.php\/wp-json\/wp\/v2\/comments?post=13884"}],"version-history":[{"count":8,"href":"https:\/\/pakosc-kalwaria.franciszkanie.net\/index.php\/wp-json\/wp\/v2\/posts\/13884\/revisions"}],"predecessor-version":[{"id":13974,"href":"https:\/\/pakosc-kalwaria.franciszkanie.net\/index.php\/wp-json\/wp\/v2\/posts\/13884\/revisions\/13974"}],"wp:featuredmedia":[{"embeddable":true,"href":"https:\/\/pakosc-kalwaria.franciszkanie.net\/index.php\/wp-json\/wp\/v2\/media\/13893"}],"wp:attachment":[{"href":"https:\/\/pakosc-kalwaria.franciszkanie.net\/index.php\/wp-json\/wp\/v2\/media?parent=13884"}],"wp:term":[{"taxonomy":"category","embeddable":true,"href":"https:\/\/pakosc-kalwaria.franciszkanie.net\/index.php\/wp-json\/wp\/v2\/categories?post=13884"},{"taxonomy":"post_tag","embeddable":true,"href":"https:\/\/pakosc-kalwaria.franciszkanie.net\/index.php\/wp-json\/wp\/v2\/tags?post=13884"}],"curies":[{"name":"wp","href":"https:\/\/api.w.org\/{rel}","templated":true}]}}