{"id":13896,"date":"2020-05-30T08:30:28","date_gmt":"2020-05-30T06:30:28","guid":{"rendered":"http:\/\/pakosc-kalwaria.franciszkanie.net\/?p=13896"},"modified":"2020-06-05T16:28:49","modified_gmt":"2020-06-05T14:28:49","slug":"papieska-intencja-apostolstwa-modlitwy-czerwiec-2020","status":"publish","type":"post","link":"https:\/\/pakosc-kalwaria.franciszkanie.net\/index.php\/2020\/05\/30\/papieska-intencja-apostolstwa-modlitwy-czerwiec-2020\/","title":{"rendered":"Papieska Intencja Apostolstwa Modlitwy \u2013 Czerwiec 2020"},"content":{"rendered":"<p><strong>Papieska Intencja Apostolstwa Modlitwy &#8211;<span style=\"color: #ff0000;\"> Czerwiec 2020 <\/span><\/strong><\/p>\n<p><strong><span style=\"color: #ff0000;\">Intencja ewangelizacyjna: o drog\u0119 serca.<\/span>\u00a0 <\/strong><br \/>\n<strong>M\u00f3dlmy si\u0119, aby ci, kt\u00f3rzy cierpi\u0105 odnale\u017ali swoje drogi \u017cycia, pozwalaj\u0105c si\u0119 dotkn\u0105\u0107 Sercu Jezusa.<\/strong><\/p>\n<p><strong>\u017bywy R\u00f3\u017caniec w naszej Parafii modli si\u0119 <span style=\"color: #ff0000;\">w czerwcu<\/span> wed\u0142ug <span style=\"color: #ff0000;\">\u201ezestawu nr 3\u201d.<\/span><\/strong><\/p>\n<p><strong><span style=\"color: #000000;\">W ka\u017cdym cierpieniu fizycznym, duchowym czy te\u017c psychicznym warto dotkn\u0105\u0107 i przytuli\u0107 si\u0119 do Serca Jezusa, kt\u00f3re zosta\u0142o przebite i tyle wycierpia\u0142o z mi\u0142o\u015bci do ka\u017cdego cz\u0142owieka. W\u0142a\u015bnie taka mi\u0142o\u015b\u0107 pe\u0142na zaufania i zawierzenia Sercu Jezusowemu \u0142agodzi cierpienie, b\u00f3l, l\u0119k i samotno\u015b\u0107.\u00a0<\/span><\/strong><\/p>\n","protected":false},"excerpt":{"rendered":"<p>Papieska Intencja Apostolstwa Modlitwy &#8211; Czerwiec 2020 Intencja ewangelizacyjna: o drog\u0119 serca.\u00a0 M\u00f3dlmy si\u0119, aby ci, kt\u00f3rzy cierpi\u0105 odnale\u017ali swoje drogi \u017cycia, pozwalaj\u0105c si\u0119 dotkn\u0105\u0107 Sercu Jezusa. \u017bywy R\u00f3\u017caniec w naszej Parafii modli si\u0119 w czerwcu wed\u0142ug \u201ezestawu nr 3\u201d. W ka\u017cdym cierpieniu fizycznym, duchowym czy te\u017c psychicznym warto dotkn\u0105\u0107 i przytuli\u0107 si\u0119 do Serca &hellip;<\/p>\n","protected":false},"author":2,"featured_media":13551,"comment_status":"closed","ping_status":"open","sticky":false,"template":"","format":"standard","meta":{"_mi_skip_tracking":false,"_exactmetrics_sitenote_active":false,"_exactmetrics_sitenote_note":"","_exactmetrics_sitenote_category":0},"categories":[6],"tags":[],"yoast_head":"<!-- This site is optimized with the Yoast SEO plugin v18.1 - https:\/\/yoast.com\/wordpress\/plugins\/seo\/ -->\n<title>Papieska Intencja Apostolstwa Modlitwy \u2013 Czerwiec 2020 - Pako\u015b\u0107 \u2013 Kalwaria<\/title>\n<meta name=\"robots\" content=\"index, follow, max-snippet:-1, max-image-preview:large, max-video-preview:-1\" \/>\n<link rel=\"canonical\" href=\"https:\/\/pakosc-kalwaria.franciszkanie.net\/index.php\/2020\/05\/30\/papieska-intencja-apostolstwa-modlitwy-czerwiec-2020\/\" \/>\n<meta property=\"og:locale\" content=\"pl_PL\" \/>\n<meta property=\"og:type\" content=\"article\" \/>\n<meta property=\"og:title\" content=\"Papieska Intencja Apostolstwa Modlitwy \u2013 Czerwiec 2020 - Pako\u015b\u0107 \u2013 Kalwaria\" \/>\n<meta property=\"og:description\" content=\"Papieska Intencja Apostolstwa Modlitwy &#8211; Czerwiec 2020 Intencja ewangelizacyjna: o drog\u0119 serca.\u00a0 M\u00f3dlmy si\u0119, aby ci, kt\u00f3rzy cierpi\u0105 odnale\u017ali swoje drogi \u017cycia, pozwalaj\u0105c si\u0119 dotkn\u0105\u0107 Sercu Jezusa. \u017bywy R\u00f3\u017caniec w naszej Parafii modli si\u0119 w czerwcu wed\u0142ug \u201ezestawu nr 3\u201d. W ka\u017cdym cierpieniu fizycznym, duchowym czy te\u017c psychicznym warto dotkn\u0105\u0107 i przytuli\u0107 si\u0119 do Serca &hellip;\" \/>\n<meta property=\"og:url\" content=\"https:\/\/pakosc-kalwaria.franciszkanie.net\/index.php\/2020\/05\/30\/papieska-intencja-apostolstwa-modlitwy-czerwiec-2020\/\" \/>\n<meta property=\"og:site_name\" content=\"Pako\u015b\u0107 \u2013 Kalwaria\" \/>\n<meta property=\"article:author\" content=\"https:\/\/www.facebook.com\/KalwariaPakosc\/\" \/>\n<meta property=\"article:published_time\" content=\"2020-05-30T06:30:28+00:00\" \/>\n<meta property=\"article:modified_time\" content=\"2020-06-05T14:28:49+00:00\" \/>\n<meta property=\"og:image\" content=\"https:\/\/pakosc-kalwaria.franciszkanie.net\/wp-content\/uploads\/2020\/04\/papa-francesco.jpg\" \/>\n\t<meta property=\"og:image:width\" content=\"300\" \/>\n\t<meta property=\"og:image:height\" content=\"200\" \/>\n\t<meta property=\"og:image:type\" content=\"image\/jpeg\" \/>\n<meta name=\"twitter:card\" content=\"summary\" \/>\n<meta name=\"twitter:label1\" content=\"Napisane przez\" \/>\n\t<meta name=\"twitter:data1\" content=\"pakosc-kalwaria\" \/>\n\t<meta name=\"twitter:label2\" content=\"Szacowany czas czytania\" \/>\n\t<meta name=\"twitter:data2\" content=\"1 minuta\" \/>\n<script type=\"application\/ld+json\" class=\"yoast-schema-graph\">{\"@context\":\"https:\/\/schema.org\",\"@graph\":[{\"@type\":\"WebSite\",\"@id\":\"https:\/\/pakosc-kalwaria.franciszkanie.net\/#website\",\"url\":\"https:\/\/pakosc-kalwaria.franciszkanie.net\/\",\"name\":\"Pako\u015b\u0107 \u2013 Kalwaria\",\"description\":\"Parafia Rzymsko \u2013 Katolicka p.w. Pana Jezusa Ukrzy\u017cowanego i  Matki Bo\u017cej Bolesnej ul. Barci\u0144ska 60, 88\u2013170 Pako\u015b\u0107 \u2013 Kalwaria\",\"potentialAction\":[{\"@type\":\"SearchAction\",\"target\":{\"@type\":\"EntryPoint\",\"urlTemplate\":\"https:\/\/pakosc-kalwaria.franciszkanie.net\/?s={search_term_string}\"},\"query-input\":\"required name=search_term_string\"}],\"inLanguage\":\"pl-PL\"},{\"@type\":\"ImageObject\",\"@id\":\"https:\/\/pakosc-kalwaria.franciszkanie.net\/index.php\/2020\/05\/30\/papieska-intencja-apostolstwa-modlitwy-czerwiec-2020\/#primaryimage\",\"inLanguage\":\"pl-PL\",\"url\":\"https:\/\/pakosc-kalwaria.franciszkanie.net\/wp-content\/uploads\/2020\/04\/papa-francesco.jpg\",\"contentUrl\":\"https:\/\/pakosc-kalwaria.franciszkanie.net\/wp-content\/uploads\/2020\/04\/papa-francesco.jpg\",\"width\":300,\"height\":200},{\"@type\":\"WebPage\",\"@id\":\"https:\/\/pakosc-kalwaria.franciszkanie.net\/index.php\/2020\/05\/30\/papieska-intencja-apostolstwa-modlitwy-czerwiec-2020\/#webpage\",\"url\":\"https:\/\/pakosc-kalwaria.franciszkanie.net\/index.php\/2020\/05\/30\/papieska-intencja-apostolstwa-modlitwy-czerwiec-2020\/\",\"name\":\"Papieska Intencja Apostolstwa Modlitwy \u2013 Czerwiec 2020 - Pako\u015b\u0107 \u2013 Kalwaria\",\"isPartOf\":{\"@id\":\"https:\/\/pakosc-kalwaria.franciszkanie.net\/#website\"},\"primaryImageOfPage\":{\"@id\":\"https:\/\/pakosc-kalwaria.franciszkanie.net\/index.php\/2020\/05\/30\/papieska-intencja-apostolstwa-modlitwy-czerwiec-2020\/#primaryimage\"},\"datePublished\":\"2020-05-30T06:30:28+00:00\",\"dateModified\":\"2020-06-05T14:28:49+00:00\",\"author\":{\"@id\":\"https:\/\/pakosc-kalwaria.franciszkanie.net\/#\/schema\/person\/af10b943be0760709227d060eadcb2aa\"},\"breadcrumb\":{\"@id\":\"https:\/\/pakosc-kalwaria.franciszkanie.net\/index.php\/2020\/05\/30\/papieska-intencja-apostolstwa-modlitwy-czerwiec-2020\/#breadcrumb\"},\"inLanguage\":\"pl-PL\",\"potentialAction\":[{\"@type\":\"ReadAction\",\"target\":[\"https:\/\/pakosc-kalwaria.franciszkanie.net\/index.php\/2020\/05\/30\/papieska-intencja-apostolstwa-modlitwy-czerwiec-2020\/\"]}]},{\"@type\":\"BreadcrumbList\",\"@id\":\"https:\/\/pakosc-kalwaria.franciszkanie.net\/index.php\/2020\/05\/30\/papieska-intencja-apostolstwa-modlitwy-czerwiec-2020\/#breadcrumb\",\"itemListElement\":[{\"@type\":\"ListItem\",\"position\":1,\"name\":\"Strona g\u0142\u00f3wna\",\"item\":\"https:\/\/pakosc-kalwaria.franciszkanie.net\/\"},{\"@type\":\"ListItem\",\"position\":2,\"name\":\"Papieska Intencja Apostolstwa Modlitwy \u2013 Czerwiec 2020\"}]},{\"@type\":\"Person\",\"@id\":\"https:\/\/pakosc-kalwaria.franciszkanie.net\/#\/schema\/person\/af10b943be0760709227d060eadcb2aa\",\"name\":\"pakosc-kalwaria\",\"image\":{\"@type\":\"ImageObject\",\"@id\":\"https:\/\/pakosc-kalwaria.franciszkanie.net\/#personlogo\",\"inLanguage\":\"pl-PL\",\"url\":\"https:\/\/secure.gravatar.com\/avatar\/e7049d338b55eac6a0027ff3218b8d02?s=96&d=mm&r=g\",\"contentUrl\":\"https:\/\/secure.gravatar.com\/avatar\/e7049d338b55eac6a0027ff3218b8d02?s=96&d=mm&r=g\",\"caption\":\"pakosc-kalwaria\"},\"sameAs\":[\"https:\/\/www.facebook.com\/KalwariaPakosc\/\"],\"url\":\"https:\/\/pakosc-kalwaria.franciszkanie.net\/index.php\/author\/pakosc-kalwaria\/\"}]}<\/script>\n<!-- \/ Yoast SEO plugin. -->","yoast_head_json":{"title":"Papieska Intencja Apostolstwa Modlitwy \u2013 Czerwiec 2020 - Pako\u015b\u0107 \u2013 Kalwaria","robots":{"index":"index","follow":"follow","max-snippet":"max-snippet:-1","max-image-preview":"max-image-preview:large","max-video-preview":"max-video-preview:-1"},"canonical":"https:\/\/pakosc-kalwaria.franciszkanie.net\/index.php\/2020\/05\/30\/papieska-intencja-apostolstwa-modlitwy-czerwiec-2020\/","og_locale":"pl_PL","og_type":"article","og_title":"Papieska Intencja Apostolstwa Modlitwy \u2013 Czerwiec 2020 - Pako\u015b\u0107 \u2013 Kalwaria","og_description":"Papieska Intencja Apostolstwa Modlitwy &#8211; Czerwiec 2020 Intencja ewangelizacyjna: o drog\u0119 serca.\u00a0 M\u00f3dlmy si\u0119, aby ci, kt\u00f3rzy cierpi\u0105 odnale\u017ali swoje drogi \u017cycia, pozwalaj\u0105c si\u0119 dotkn\u0105\u0107 Sercu Jezusa. \u017bywy R\u00f3\u017caniec w naszej Parafii modli si\u0119 w czerwcu wed\u0142ug \u201ezestawu nr 3\u201d. W ka\u017cdym cierpieniu fizycznym, duchowym czy te\u017c psychicznym warto dotkn\u0105\u0107 i przytuli\u0107 si\u0119 do Serca &hellip;","og_url":"https:\/\/pakosc-kalwaria.franciszkanie.net\/index.php\/2020\/05\/30\/papieska-intencja-apostolstwa-modlitwy-czerwiec-2020\/","og_site_name":"Pako\u015b\u0107 \u2013 Kalwaria","article_author":"https:\/\/www.facebook.com\/KalwariaPakosc\/","article_published_time":"2020-05-30T06:30:28+00:00","article_modified_time":"2020-06-05T14:28:49+00:00","og_image":[{"width":300,"height":200,"url":"https:\/\/pakosc-kalwaria.franciszkanie.net\/wp-content\/uploads\/2020\/04\/papa-francesco.jpg","type":"image\/jpeg"}],"twitter_card":"summary","twitter_misc":{"Napisane przez":"pakosc-kalwaria","Szacowany czas czytania":"1 minuta"},"schema":{"@context":"https:\/\/schema.org","@graph":[{"@type":"WebSite","@id":"https:\/\/pakosc-kalwaria.franciszkanie.net\/#website","url":"https:\/\/pakosc-kalwaria.franciszkanie.net\/","name":"Pako\u015b\u0107 \u2013 Kalwaria","description":"Parafia Rzymsko \u2013 Katolicka p.w. Pana Jezusa Ukrzy\u017cowanego i  Matki Bo\u017cej Bolesnej ul. Barci\u0144ska 60, 88\u2013170 Pako\u015b\u0107 \u2013 Kalwaria","potentialAction":[{"@type":"SearchAction","target":{"@type":"EntryPoint","urlTemplate":"https:\/\/pakosc-kalwaria.franciszkanie.net\/?s={search_term_string}"},"query-input":"required name=search_term_string"}],"inLanguage":"pl-PL"},{"@type":"ImageObject","@id":"https:\/\/pakosc-kalwaria.franciszkanie.net\/index.php\/2020\/05\/30\/papieska-intencja-apostolstwa-modlitwy-czerwiec-2020\/#primaryimage","inLanguage":"pl-PL","url":"https:\/\/pakosc-kalwaria.franciszkanie.net\/wp-content\/uploads\/2020\/04\/papa-francesco.jpg","contentUrl":"https:\/\/pakosc-kalwaria.franciszkanie.net\/wp-content\/uploads\/2020\/04\/papa-francesco.jpg","width":300,"height":200},{"@type":"WebPage","@id":"https:\/\/pakosc-kalwaria.franciszkanie.net\/index.php\/2020\/05\/30\/papieska-intencja-apostolstwa-modlitwy-czerwiec-2020\/#webpage","url":"https:\/\/pakosc-kalwaria.franciszkanie.net\/index.php\/2020\/05\/30\/papieska-intencja-apostolstwa-modlitwy-czerwiec-2020\/","name":"Papieska Intencja Apostolstwa Modlitwy \u2013 Czerwiec 2020 - Pako\u015b\u0107 \u2013 Kalwaria","isPartOf":{"@id":"https:\/\/pakosc-kalwaria.franciszkanie.net\/#website"},"primaryImageOfPage":{"@id":"https:\/\/pakosc-kalwaria.franciszkanie.net\/index.php\/2020\/05\/30\/papieska-intencja-apostolstwa-modlitwy-czerwiec-2020\/#primaryimage"},"datePublished":"2020-05-30T06:30:28+00:00","dateModified":"2020-06-05T14:28:49+00:00","author":{"@id":"https:\/\/pakosc-kalwaria.franciszkanie.net\/#\/schema\/person\/af10b943be0760709227d060eadcb2aa"},"breadcrumb":{"@id":"https:\/\/pakosc-kalwaria.franciszkanie.net\/index.php\/2020\/05\/30\/papieska-intencja-apostolstwa-modlitwy-czerwiec-2020\/#breadcrumb"},"inLanguage":"pl-PL","potentialAction":[{"@type":"ReadAction","target":["https:\/\/pakosc-kalwaria.franciszkanie.net\/index.php\/2020\/05\/30\/papieska-intencja-apostolstwa-modlitwy-czerwiec-2020\/"]}]},{"@type":"BreadcrumbList","@id":"https:\/\/pakosc-kalwaria.franciszkanie.net\/index.php\/2020\/05\/30\/papieska-intencja-apostolstwa-modlitwy-czerwiec-2020\/#breadcrumb","itemListElement":[{"@type":"ListItem","position":1,"name":"Strona g\u0142\u00f3wna","item":"https:\/\/pakosc-kalwaria.franciszkanie.net\/"},{"@type":"ListItem","position":2,"name":"Papieska Intencja Apostolstwa Modlitwy \u2013 Czerwiec 2020"}]},{"@type":"Person","@id":"https:\/\/pakosc-kalwaria.franciszkanie.net\/#\/schema\/person\/af10b943be0760709227d060eadcb2aa","name":"pakosc-kalwaria","image":{"@type":"ImageObject","@id":"https:\/\/pakosc-kalwaria.franciszkanie.net\/#personlogo","inLanguage":"pl-PL","url":"https:\/\/secure.gravatar.com\/avatar\/e7049d338b55eac6a0027ff3218b8d02?s=96&d=mm&r=g","contentUrl":"https:\/\/secure.gravatar.com\/avatar\/e7049d338b55eac6a0027ff3218b8d02?s=96&d=mm&r=g","caption":"pakosc-kalwaria"},"sameAs":["https:\/\/www.facebook.com\/KalwariaPakosc\/"],"url":"https:\/\/pakosc-kalwaria.franciszkanie.net\/index.php\/author\/pakosc-kalwaria\/"}]}},"_links":{"self":[{"href":"https:\/\/pakosc-kalwaria.franciszkanie.net\/index.php\/wp-json\/wp\/v2\/posts\/13896"}],"collection":[{"href":"https:\/\/pakosc-kalwaria.franciszkanie.net\/index.php\/wp-json\/wp\/v2\/posts"}],"about":[{"href":"https:\/\/pakosc-kalwaria.franciszkanie.net\/index.php\/wp-json\/wp\/v2\/types\/post"}],"author":[{"embeddable":true,"href":"https:\/\/pakosc-kalwaria.franciszkanie.net\/index.php\/wp-json\/wp\/v2\/users\/2"}],"replies":[{"embeddable":true,"href":"https:\/\/pakosc-kalwaria.franciszkanie.net\/index.php\/wp-json\/wp\/v2\/comments?post=13896"}],"version-history":[{"count":4,"href":"https:\/\/pakosc-kalwaria.franciszkanie.net\/index.php\/wp-json\/wp\/v2\/posts\/13896\/revisions"}],"predecessor-version":[{"id":13900,"href":"https:\/\/pakosc-kalwaria.franciszkanie.net\/index.php\/wp-json\/wp\/v2\/posts\/13896\/revisions\/13900"}],"wp:featuredmedia":[{"embeddable":true,"href":"https:\/\/pakosc-kalwaria.franciszkanie.net\/index.php\/wp-json\/wp\/v2\/media\/13551"}],"wp:attachment":[{"href":"https:\/\/pakosc-kalwaria.franciszkanie.net\/index.php\/wp-json\/wp\/v2\/media?parent=13896"}],"wp:term":[{"taxonomy":"category","embeddable":true,"href":"https:\/\/pakosc-kalwaria.franciszkanie.net\/index.php\/wp-json\/wp\/v2\/categories?post=13896"},{"taxonomy":"post_tag","embeddable":true,"href":"https:\/\/pakosc-kalwaria.franciszkanie.net\/index.php\/wp-json\/wp\/v2\/tags?post=13896"}],"curies":[{"name":"wp","href":"https:\/\/api.w.org\/{rel}","templated":true}]}}