{"id":13905,"date":"2020-05-23T07:00:25","date_gmt":"2020-05-23T05:00:25","guid":{"rendered":"http:\/\/pakosc-kalwaria.franciszkanie.net\/?p=13905"},"modified":"2020-05-29T11:30:11","modified_gmt":"2020-05-29T09:30:11","slug":"komunikat-przewodniczacego-episkopatu-polski-w-sprawie-dyspens","status":"publish","type":"post","link":"https:\/\/pakosc-kalwaria.franciszkanie.net\/index.php\/2020\/05\/23\/komunikat-przewodniczacego-episkopatu-polski-w-sprawie-dyspens\/","title":{"rendered":"Komunikat Przewodnicz\u0105cego Episkopatu Polski w sprawie dyspens od udzia\u0142u w\u00a0niedzielnych Mszach \u015bwi\u0119tych"},"content":{"rendered":"<p><strong>Komunikat Przewodnicz\u0105cego Episkopatu Polski w sprawie dyspens od udzia\u0142u w niedzielnych Mszach \u015bwi\u0119tych.<\/strong><\/p>\n<p>W imieniu Konferencji Episkopatu Polski kolejny ju\u017c raz wyra\u017cam wdzi\u0119czno\u015b\u0107 wobec s\u0142u\u017cb medycznych i sanitarnych za dzia\u0142ania, s\u0142u\u017c\u0105ce ochronie \u017cycia i zdrowia Polak\u00f3w w czasie epidemii.<br \/>\nObejmuj\u0119 moj\u0105 modlitw\u0105 wszystkich, kt\u00f3rzy zostali dotkni\u0119ci chorob\u0105, polecaj\u0105c mi\u0142osierdziu Bo\u017cemu osoby zmar\u0142e.<br \/>\nWyra\u017cam jednocze\u015bnie moj\u0105 rado\u015b\u0107 z racji tego, \u017ce sytuacja epidemiczna w naszym kraju poprawi\u0142a si\u0119 na tyle, i\u017c mo\u017cliwe si\u0119 sta\u0142o dalsze zmniejszenie obostrze\u0144 i ogranicze\u0144, na\u0142o\u017conych na spo\u0142ecze\u0144stwo w trosce o nasze zdrowie.<br \/>\nW kontek\u015bcie og\u0142oszonej dzisiaj decyzji, dotycz\u0105cej zniesienia limitu uczestnik\u00f3w zgromadze\u0144 religijnych w ko\u015bcio\u0142ach, co \u2013 de facto \u2013 daje mo\u017cliwo\u015b\u0107 udzia\u0142u w liturgii wszystkim wiernym, zach\u0119cam ksi\u0119\u017cy biskup\u00f3w do odwo\u0142ywania udzielonych og\u00f3lnych dyspens od uczestnictwa w niedzielnych Mszach \u015awi\u0119tych. Jednocze\u015bnie \u2013 w nawi\u0105zaniu do Zarz\u0105dzenia Rady Sta\u0142ej KEP 1\/2020 z dnia 12 marca 2020 \u2013 sugeruj\u0119, aby utrzyma\u0107 dyspens\u0119 dla os\u00f3b w podesz\u0142ym wieku, os\u00f3b z objawami infekcji (np. kaszel, katar, podwy\u017cszona temperatura, itp.) oraz os\u00f3b, kt\u00f3re czuj\u0105 obaw\u0119 przed zara\u017ceniem. Przypominam r\u00f3wnocze\u015bnie o konieczno\u015bci zachowania w ko\u015bcio\u0142ach dystansu dw\u00f3ch metr\u00f3w i obowi\u0105zku zakrywania ust i nosa.<br \/>\nJednocze\u015bnie zach\u0119cam ksi\u0119\u017cy biskup\u00f3w do roztropnych zmian w szczeg\u00f3\u0142owych rozporz\u0105dzeniach dotycz\u0105cych duszpasterstwa w poszczeg\u00f3lnych diecezjach, maj\u0105c na uwadze dzisiejsze decyzje s\u0142u\u017cb medycznych, zgodnie z kt\u00f3rymi w zgromadzeniach poza budynkami kultu mo\u017ce uczestniczy\u0107 do 150 os\u00f3b przy zachowaniu innych zalece\u0144 sanitarnych, co umo\u017cliwia organizowanie procesji Bo\u017cego Cia\u0142a.<br \/>\nW najbli\u017cszym czasie zostanie r\u00f3wnie\u017c opublikowany komunikat dotycz\u0105cy szczeg\u00f3\u0142\u00f3w organizacji pielgrzymek.<br \/>\nDzi\u0119kuj\u0105c Bogu, \u017ce przeprowadzi\u0142 nas przez trudny czas epidemii, zach\u0119cam wszystkich wiernych do korzystania z pos\u0142ugi duszpasterskiej w parafiach, szczeg\u00f3lnie z sakramentu pojednania i Eucharystii.<\/p>\n<p>+ Stanis\u0142aw G\u0105decki<br \/>\n<em>Arcybiskup Metropolita Pozna\u0144ski<br \/>\nPrzewodnicz\u0105cy Konferencji Episkopatu Polski<br \/>\nWiceprzewodnicz\u0105cy Rady Konferencji Episkopat\u00f3w Europy (CCEE)<br \/>\n<\/em><\/p>\n<p>Warszawa, dnia 27 maja 2020 r.<\/p>\n","protected":false},"excerpt":{"rendered":"<p>Komunikat Przewodnicz\u0105cego Episkopatu Polski w sprawie dyspens od udzia\u0142u w niedzielnych Mszach \u015bwi\u0119tych. W imieniu Konferencji Episkopatu Polski kolejny ju\u017c raz wyra\u017cam wdzi\u0119czno\u015b\u0107 wobec s\u0142u\u017cb medycznych i sanitarnych za dzia\u0142ania, s\u0142u\u017c\u0105ce ochronie \u017cycia i zdrowia Polak\u00f3w w czasie epidemii. Obejmuj\u0119 moj\u0105 modlitw\u0105 wszystkich, kt\u00f3rzy zostali dotkni\u0119ci chorob\u0105, polecaj\u0105c mi\u0142osierdziu Bo\u017cemu osoby zmar\u0142e. Wyra\u017cam jednocze\u015bnie moj\u0105 &hellip;<\/p>\n","protected":false},"author":2,"featured_media":13906,"comment_status":"closed","ping_status":"open","sticky":false,"template":"","format":"standard","meta":{"_mi_skip_tracking":false,"_exactmetrics_sitenote_active":false,"_exactmetrics_sitenote_note":"","_exactmetrics_sitenote_category":0},"categories":[7],"tags":[],"yoast_head":"<!-- This site is optimized with the Yoast SEO plugin v18.1 - https:\/\/yoast.com\/wordpress\/plugins\/seo\/ -->\n<title>Komunikat Przewodnicz\u0105cego Episkopatu Polski w sprawie dyspens od udzia\u0142u w\u00a0niedzielnych Mszach \u015bwi\u0119tych - Pako\u015b\u0107 \u2013 Kalwaria<\/title>\n<meta name=\"robots\" content=\"index, follow, max-snippet:-1, max-image-preview:large, max-video-preview:-1\" \/>\n<link rel=\"canonical\" href=\"https:\/\/pakosc-kalwaria.franciszkanie.net\/index.php\/2020\/05\/23\/komunikat-przewodniczacego-episkopatu-polski-w-sprawie-dyspens\/\" \/>\n<meta property=\"og:locale\" content=\"pl_PL\" \/>\n<meta property=\"og:type\" content=\"article\" \/>\n<meta property=\"og:title\" content=\"Komunikat Przewodnicz\u0105cego Episkopatu Polski w sprawie dyspens od udzia\u0142u w\u00a0niedzielnych Mszach \u015bwi\u0119tych - Pako\u015b\u0107 \u2013 Kalwaria\" \/>\n<meta property=\"og:description\" content=\"Komunikat Przewodnicz\u0105cego Episkopatu Polski w sprawie dyspens od udzia\u0142u w niedzielnych Mszach \u015bwi\u0119tych. W imieniu Konferencji Episkopatu Polski kolejny ju\u017c raz wyra\u017cam wdzi\u0119czno\u015b\u0107 wobec s\u0142u\u017cb medycznych i sanitarnych za dzia\u0142ania, s\u0142u\u017c\u0105ce ochronie \u017cycia i zdrowia Polak\u00f3w w czasie epidemii. Obejmuj\u0119 moj\u0105 modlitw\u0105 wszystkich, kt\u00f3rzy zostali dotkni\u0119ci chorob\u0105, polecaj\u0105c mi\u0142osierdziu Bo\u017cemu osoby zmar\u0142e. Wyra\u017cam jednocze\u015bnie moj\u0105 &hellip;\" \/>\n<meta property=\"og:url\" content=\"https:\/\/pakosc-kalwaria.franciszkanie.net\/index.php\/2020\/05\/23\/komunikat-przewodniczacego-episkopatu-polski-w-sprawie-dyspens\/\" \/>\n<meta property=\"og:site_name\" content=\"Pako\u015b\u0107 \u2013 Kalwaria\" \/>\n<meta property=\"article:author\" content=\"https:\/\/www.facebook.com\/KalwariaPakosc\/\" \/>\n<meta property=\"article:published_time\" content=\"2020-05-23T05:00:25+00:00\" \/>\n<meta property=\"article:modified_time\" content=\"2020-05-29T09:30:11+00:00\" \/>\n<meta property=\"og:image\" content=\"https:\/\/pakosc-kalwaria.franciszkanie.net\/wp-content\/uploads\/2020\/05\/KEP-02-678x381.jpg\" \/>\n\t<meta property=\"og:image:width\" content=\"350\" \/>\n\t<meta property=\"og:image:height\" content=\"197\" \/>\n\t<meta property=\"og:image:type\" content=\"image\/jpeg\" \/>\n<meta name=\"twitter:card\" content=\"summary\" \/>\n<meta name=\"twitter:label1\" content=\"Napisane przez\" \/>\n\t<meta name=\"twitter:data1\" content=\"pakosc-kalwaria\" \/>\n\t<meta name=\"twitter:label2\" content=\"Szacowany czas czytania\" \/>\n\t<meta name=\"twitter:data2\" content=\"2 minuty\" \/>\n<script type=\"application\/ld+json\" class=\"yoast-schema-graph\">{\"@context\":\"https:\/\/schema.org\",\"@graph\":[{\"@type\":\"WebSite\",\"@id\":\"https:\/\/pakosc-kalwaria.franciszkanie.net\/#website\",\"url\":\"https:\/\/pakosc-kalwaria.franciszkanie.net\/\",\"name\":\"Pako\u015b\u0107 \u2013 Kalwaria\",\"description\":\"Parafia Rzymsko \u2013 Katolicka p.w. Pana Jezusa Ukrzy\u017cowanego i  Matki Bo\u017cej Bolesnej ul. Barci\u0144ska 60, 88\u2013170 Pako\u015b\u0107 \u2013 Kalwaria\",\"potentialAction\":[{\"@type\":\"SearchAction\",\"target\":{\"@type\":\"EntryPoint\",\"urlTemplate\":\"https:\/\/pakosc-kalwaria.franciszkanie.net\/?s={search_term_string}\"},\"query-input\":\"required name=search_term_string\"}],\"inLanguage\":\"pl-PL\"},{\"@type\":\"ImageObject\",\"@id\":\"https:\/\/pakosc-kalwaria.franciszkanie.net\/index.php\/2020\/05\/23\/komunikat-przewodniczacego-episkopatu-polski-w-sprawie-dyspens\/#primaryimage\",\"inLanguage\":\"pl-PL\",\"url\":\"https:\/\/pakosc-kalwaria.franciszkanie.net\/wp-content\/uploads\/2020\/05\/KEP-02-678x381.jpg\",\"contentUrl\":\"https:\/\/pakosc-kalwaria.franciszkanie.net\/wp-content\/uploads\/2020\/05\/KEP-02-678x381.jpg\",\"width\":350,\"height\":197},{\"@type\":\"WebPage\",\"@id\":\"https:\/\/pakosc-kalwaria.franciszkanie.net\/index.php\/2020\/05\/23\/komunikat-przewodniczacego-episkopatu-polski-w-sprawie-dyspens\/#webpage\",\"url\":\"https:\/\/pakosc-kalwaria.franciszkanie.net\/index.php\/2020\/05\/23\/komunikat-przewodniczacego-episkopatu-polski-w-sprawie-dyspens\/\",\"name\":\"Komunikat Przewodnicz\u0105cego Episkopatu Polski w sprawie dyspens od udzia\u0142u w\u00a0niedzielnych Mszach \u015bwi\u0119tych - Pako\u015b\u0107 \u2013 Kalwaria\",\"isPartOf\":{\"@id\":\"https:\/\/pakosc-kalwaria.franciszkanie.net\/#website\"},\"primaryImageOfPage\":{\"@id\":\"https:\/\/pakosc-kalwaria.franciszkanie.net\/index.php\/2020\/05\/23\/komunikat-przewodniczacego-episkopatu-polski-w-sprawie-dyspens\/#primaryimage\"},\"datePublished\":\"2020-05-23T05:00:25+00:00\",\"dateModified\":\"2020-05-29T09:30:11+00:00\",\"author\":{\"@id\":\"https:\/\/pakosc-kalwaria.franciszkanie.net\/#\/schema\/person\/af10b943be0760709227d060eadcb2aa\"},\"breadcrumb\":{\"@id\":\"https:\/\/pakosc-kalwaria.franciszkanie.net\/index.php\/2020\/05\/23\/komunikat-przewodniczacego-episkopatu-polski-w-sprawie-dyspens\/#breadcrumb\"},\"inLanguage\":\"pl-PL\",\"potentialAction\":[{\"@type\":\"ReadAction\",\"target\":[\"https:\/\/pakosc-kalwaria.franciszkanie.net\/index.php\/2020\/05\/23\/komunikat-przewodniczacego-episkopatu-polski-w-sprawie-dyspens\/\"]}]},{\"@type\":\"BreadcrumbList\",\"@id\":\"https:\/\/pakosc-kalwaria.franciszkanie.net\/index.php\/2020\/05\/23\/komunikat-przewodniczacego-episkopatu-polski-w-sprawie-dyspens\/#breadcrumb\",\"itemListElement\":[{\"@type\":\"ListItem\",\"position\":1,\"name\":\"Strona g\u0142\u00f3wna\",\"item\":\"https:\/\/pakosc-kalwaria.franciszkanie.net\/\"},{\"@type\":\"ListItem\",\"position\":2,\"name\":\"Komunikat Przewodnicz\u0105cego Episkopatu Polski w sprawie dyspens od udzia\u0142u w\u00a0niedzielnych Mszach \u015bwi\u0119tych\"}]},{\"@type\":\"Person\",\"@id\":\"https:\/\/pakosc-kalwaria.franciszkanie.net\/#\/schema\/person\/af10b943be0760709227d060eadcb2aa\",\"name\":\"pakosc-kalwaria\",\"image\":{\"@type\":\"ImageObject\",\"@id\":\"https:\/\/pakosc-kalwaria.franciszkanie.net\/#personlogo\",\"inLanguage\":\"pl-PL\",\"url\":\"https:\/\/secure.gravatar.com\/avatar\/e7049d338b55eac6a0027ff3218b8d02?s=96&d=mm&r=g\",\"contentUrl\":\"https:\/\/secure.gravatar.com\/avatar\/e7049d338b55eac6a0027ff3218b8d02?s=96&d=mm&r=g\",\"caption\":\"pakosc-kalwaria\"},\"sameAs\":[\"https:\/\/www.facebook.com\/KalwariaPakosc\/\"],\"url\":\"https:\/\/pakosc-kalwaria.franciszkanie.net\/index.php\/author\/pakosc-kalwaria\/\"}]}<\/script>\n<!-- \/ Yoast SEO plugin. -->","yoast_head_json":{"title":"Komunikat Przewodnicz\u0105cego Episkopatu Polski w sprawie dyspens od udzia\u0142u w\u00a0niedzielnych Mszach \u015bwi\u0119tych - Pako\u015b\u0107 \u2013 Kalwaria","robots":{"index":"index","follow":"follow","max-snippet":"max-snippet:-1","max-image-preview":"max-image-preview:large","max-video-preview":"max-video-preview:-1"},"canonical":"https:\/\/pakosc-kalwaria.franciszkanie.net\/index.php\/2020\/05\/23\/komunikat-przewodniczacego-episkopatu-polski-w-sprawie-dyspens\/","og_locale":"pl_PL","og_type":"article","og_title":"Komunikat Przewodnicz\u0105cego Episkopatu Polski w sprawie dyspens od udzia\u0142u w\u00a0niedzielnych Mszach \u015bwi\u0119tych - Pako\u015b\u0107 \u2013 Kalwaria","og_description":"Komunikat Przewodnicz\u0105cego Episkopatu Polski w sprawie dyspens od udzia\u0142u w niedzielnych Mszach \u015bwi\u0119tych. W imieniu Konferencji Episkopatu Polski kolejny ju\u017c raz wyra\u017cam wdzi\u0119czno\u015b\u0107 wobec s\u0142u\u017cb medycznych i sanitarnych za dzia\u0142ania, s\u0142u\u017c\u0105ce ochronie \u017cycia i zdrowia Polak\u00f3w w czasie epidemii. Obejmuj\u0119 moj\u0105 modlitw\u0105 wszystkich, kt\u00f3rzy zostali dotkni\u0119ci chorob\u0105, polecaj\u0105c mi\u0142osierdziu Bo\u017cemu osoby zmar\u0142e. Wyra\u017cam jednocze\u015bnie moj\u0105 &hellip;","og_url":"https:\/\/pakosc-kalwaria.franciszkanie.net\/index.php\/2020\/05\/23\/komunikat-przewodniczacego-episkopatu-polski-w-sprawie-dyspens\/","og_site_name":"Pako\u015b\u0107 \u2013 Kalwaria","article_author":"https:\/\/www.facebook.com\/KalwariaPakosc\/","article_published_time":"2020-05-23T05:00:25+00:00","article_modified_time":"2020-05-29T09:30:11+00:00","og_image":[{"width":350,"height":197,"url":"https:\/\/pakosc-kalwaria.franciszkanie.net\/wp-content\/uploads\/2020\/05\/KEP-02-678x381.jpg","type":"image\/jpeg"}],"twitter_card":"summary","twitter_misc":{"Napisane przez":"pakosc-kalwaria","Szacowany czas czytania":"2 minuty"},"schema":{"@context":"https:\/\/schema.org","@graph":[{"@type":"WebSite","@id":"https:\/\/pakosc-kalwaria.franciszkanie.net\/#website","url":"https:\/\/pakosc-kalwaria.franciszkanie.net\/","name":"Pako\u015b\u0107 \u2013 Kalwaria","description":"Parafia Rzymsko \u2013 Katolicka p.w. Pana Jezusa Ukrzy\u017cowanego i  Matki Bo\u017cej Bolesnej ul. Barci\u0144ska 60, 88\u2013170 Pako\u015b\u0107 \u2013 Kalwaria","potentialAction":[{"@type":"SearchAction","target":{"@type":"EntryPoint","urlTemplate":"https:\/\/pakosc-kalwaria.franciszkanie.net\/?s={search_term_string}"},"query-input":"required name=search_term_string"}],"inLanguage":"pl-PL"},{"@type":"ImageObject","@id":"https:\/\/pakosc-kalwaria.franciszkanie.net\/index.php\/2020\/05\/23\/komunikat-przewodniczacego-episkopatu-polski-w-sprawie-dyspens\/#primaryimage","inLanguage":"pl-PL","url":"https:\/\/pakosc-kalwaria.franciszkanie.net\/wp-content\/uploads\/2020\/05\/KEP-02-678x381.jpg","contentUrl":"https:\/\/pakosc-kalwaria.franciszkanie.net\/wp-content\/uploads\/2020\/05\/KEP-02-678x381.jpg","width":350,"height":197},{"@type":"WebPage","@id":"https:\/\/pakosc-kalwaria.franciszkanie.net\/index.php\/2020\/05\/23\/komunikat-przewodniczacego-episkopatu-polski-w-sprawie-dyspens\/#webpage","url":"https:\/\/pakosc-kalwaria.franciszkanie.net\/index.php\/2020\/05\/23\/komunikat-przewodniczacego-episkopatu-polski-w-sprawie-dyspens\/","name":"Komunikat Przewodnicz\u0105cego Episkopatu Polski w sprawie dyspens od udzia\u0142u w\u00a0niedzielnych Mszach \u015bwi\u0119tych - Pako\u015b\u0107 \u2013 Kalwaria","isPartOf":{"@id":"https:\/\/pakosc-kalwaria.franciszkanie.net\/#website"},"primaryImageOfPage":{"@id":"https:\/\/pakosc-kalwaria.franciszkanie.net\/index.php\/2020\/05\/23\/komunikat-przewodniczacego-episkopatu-polski-w-sprawie-dyspens\/#primaryimage"},"datePublished":"2020-05-23T05:00:25+00:00","dateModified":"2020-05-29T09:30:11+00:00","author":{"@id":"https:\/\/pakosc-kalwaria.franciszkanie.net\/#\/schema\/person\/af10b943be0760709227d060eadcb2aa"},"breadcrumb":{"@id":"https:\/\/pakosc-kalwaria.franciszkanie.net\/index.php\/2020\/05\/23\/komunikat-przewodniczacego-episkopatu-polski-w-sprawie-dyspens\/#breadcrumb"},"inLanguage":"pl-PL","potentialAction":[{"@type":"ReadAction","target":["https:\/\/pakosc-kalwaria.franciszkanie.net\/index.php\/2020\/05\/23\/komunikat-przewodniczacego-episkopatu-polski-w-sprawie-dyspens\/"]}]},{"@type":"BreadcrumbList","@id":"https:\/\/pakosc-kalwaria.franciszkanie.net\/index.php\/2020\/05\/23\/komunikat-przewodniczacego-episkopatu-polski-w-sprawie-dyspens\/#breadcrumb","itemListElement":[{"@type":"ListItem","position":1,"name":"Strona g\u0142\u00f3wna","item":"https:\/\/pakosc-kalwaria.franciszkanie.net\/"},{"@type":"ListItem","position":2,"name":"Komunikat Przewodnicz\u0105cego Episkopatu Polski w sprawie dyspens od udzia\u0142u w\u00a0niedzielnych Mszach \u015bwi\u0119tych"}]},{"@type":"Person","@id":"https:\/\/pakosc-kalwaria.franciszkanie.net\/#\/schema\/person\/af10b943be0760709227d060eadcb2aa","name":"pakosc-kalwaria","image":{"@type":"ImageObject","@id":"https:\/\/pakosc-kalwaria.franciszkanie.net\/#personlogo","inLanguage":"pl-PL","url":"https:\/\/secure.gravatar.com\/avatar\/e7049d338b55eac6a0027ff3218b8d02?s=96&d=mm&r=g","contentUrl":"https:\/\/secure.gravatar.com\/avatar\/e7049d338b55eac6a0027ff3218b8d02?s=96&d=mm&r=g","caption":"pakosc-kalwaria"},"sameAs":["https:\/\/www.facebook.com\/KalwariaPakosc\/"],"url":"https:\/\/pakosc-kalwaria.franciszkanie.net\/index.php\/author\/pakosc-kalwaria\/"}]}},"_links":{"self":[{"href":"https:\/\/pakosc-kalwaria.franciszkanie.net\/index.php\/wp-json\/wp\/v2\/posts\/13905"}],"collection":[{"href":"https:\/\/pakosc-kalwaria.franciszkanie.net\/index.php\/wp-json\/wp\/v2\/posts"}],"about":[{"href":"https:\/\/pakosc-kalwaria.franciszkanie.net\/index.php\/wp-json\/wp\/v2\/types\/post"}],"author":[{"embeddable":true,"href":"https:\/\/pakosc-kalwaria.franciszkanie.net\/index.php\/wp-json\/wp\/v2\/users\/2"}],"replies":[{"embeddable":true,"href":"https:\/\/pakosc-kalwaria.franciszkanie.net\/index.php\/wp-json\/wp\/v2\/comments?post=13905"}],"version-history":[{"count":3,"href":"https:\/\/pakosc-kalwaria.franciszkanie.net\/index.php\/wp-json\/wp\/v2\/posts\/13905\/revisions"}],"predecessor-version":[{"id":13916,"href":"https:\/\/pakosc-kalwaria.franciszkanie.net\/index.php\/wp-json\/wp\/v2\/posts\/13905\/revisions\/13916"}],"wp:featuredmedia":[{"embeddable":true,"href":"https:\/\/pakosc-kalwaria.franciszkanie.net\/index.php\/wp-json\/wp\/v2\/media\/13906"}],"wp:attachment":[{"href":"https:\/\/pakosc-kalwaria.franciszkanie.net\/index.php\/wp-json\/wp\/v2\/media?parent=13905"}],"wp:term":[{"taxonomy":"category","embeddable":true,"href":"https:\/\/pakosc-kalwaria.franciszkanie.net\/index.php\/wp-json\/wp\/v2\/categories?post=13905"},{"taxonomy":"post_tag","embeddable":true,"href":"https:\/\/pakosc-kalwaria.franciszkanie.net\/index.php\/wp-json\/wp\/v2\/tags?post=13905"}],"curies":[{"name":"wp","href":"https:\/\/api.w.org\/{rel}","templated":true}]}}