{"id":13918,"date":"2020-05-29T18:20:04","date_gmt":"2020-05-29T16:20:04","guid":{"rendered":"http:\/\/pakosc-kalwaria.franciszkanie.net\/?p=13918"},"modified":"2020-05-29T18:26:49","modified_gmt":"2020-05-29T16:26:49","slug":"do-medytacji-z-kalwaryjskiego-wzgorza-msza-sw-w-piatek-29-maja-2020r","status":"publish","type":"post","link":"https:\/\/pakosc-kalwaria.franciszkanie.net\/index.php\/2020\/05\/29\/do-medytacji-z-kalwaryjskiego-wzgorza-msza-sw-w-piatek-29-maja-2020r\/","title":{"rendered":"Do medytacji z kalwaryjskiego Wzg\u00f3rza \u2013 Msza \u015bw. w pi\u0105tek 29 maja 2020r."},"content":{"rendered":"<p><strong><span style=\"color: #ff0000;\">Liturgia S\u0142owa \u2013 wspomnienie \u015bw. Urszuli Led\u00f3chowskiej \u2013 pi\u0105tek 29 maja 2020r.<\/span><\/strong><\/p>\n<p><strong>1. czytanie (Dz 25, 13-21) <em>Zmar\u0142y Jezus, o kt\u00f3rym Pawe\u0142 twierdzi, \u017ce \u017cyje<\/em><\/strong><\/p>\n<div id=\"tabnowy00\" class=\"tab-pane fade active in\">\n<p><strong>Czytanie z Dziej\u00f3w Apostolskich<br \/>\n<\/strong>Kr\u00f3l Agryppa i Berenike przybyli do Cezarei powita\u0107 Festusa. Gdy przebywali tam d\u0142u\u017cszy czas, Festus przedstawi\u0142 kr\u00f3lowi spraw\u0119 Paw\u0142a: \u00abFeliks pozostawi\u0142 w wi\u0119zieniu pewnego cz\u0142owieka \u2013 powiedzia\u0142. Gdy by\u0142em w Jerozolimie, arcykap\u0142ani i starsi \u017cydowscy wnie\u015bli przeciw niemu skarg\u0119, \u017c\u0105daj\u0105c dla niego wyroku skazuj\u0105cego. Odpowiedzia\u0142em im: \u201eRzymianie nie maj\u0105 zwyczaju skazywania kogokolwiek na \u015bmier\u0107, zanim oskar\u017cony nie stanie wobec oskar\u017cycieli i nie b\u0119dzie mia\u0142 mo\u017cno\u015bci bronienia si\u0119 przed zarzutami\u201d. A kiedy tutaj przybyli, zasiad\u0142em bez \u017cadnej zw\u0142oki, nazajutrz, w s\u0105dzie i kaza\u0142em przyprowadzi\u0107 tego cz\u0142owieka. Oskar\u017cyciele nie wnie\u015bli przeciwko niemu \u017cadnej skargi o przest\u0119pstwa, kt\u00f3re podejrzewa\u0142em. Mieli z nim tylko spory o ich wierzenia i o jakiego\u015b zmar\u0142ego Jezusa, o kt\u00f3rym Pawe\u0142 twierdzi, \u017ce \u017cyje. Nie znaj\u0105c si\u0119 na tych rzeczach, zapyta\u0142em, czy nie zechcia\u0142by uda\u0107 si\u0119 do Jerozolimy i tam odpowiada\u0107 przed s\u0105dem w tych sprawach. Poniewa\u017c Pawe\u0142 za\u017c\u0105da\u0142, aby go zatrzyma\u0107 do wyroku cezara, kaza\u0142em go strzec, dop\u00f3ki go nie ode\u015bl\u0119 do Najdostojniejszego\u00bb. <strong>Oto S\u0142owo Bo\u017ce.<\/strong><\/p>\n<div id=\"tabnowy01\" class=\"tab-pane fade active in\">\n<p><strong><br \/>\nPsalm (Ps 103 (102), 1b-2. 11-12. 19-20b (R.: por. 19a))<\/strong><br \/>\n<strong>Pan B\u00f3g utwierdzi\u0142 sw\u00f3j tron na niebiosach <\/strong><br \/>\n<strong>Albo: Alleluja<\/strong><\/p>\n<p>B\u0142ogos\u0142aw, duszo moja, Pana, *<br \/>\ni wszystko, co jest we mnie, \u015bwi\u0119te imi\u0119 Jego.<br \/>\nB\u0142ogos\u0142aw, duszo moja, Pana *<br \/>\ni nie zapominaj o wszystkich Jego dobrodziejstwach.<\/p>\n<p><strong>Pan B\u00f3g utwierdzi\u0142 sw\u00f3j tron na niebiosach<br \/>\nAlbo: Alleluja<\/strong><\/p>\n<p>Bo jak wysoko niebo wznosi si\u0119 nad ziemi\u0105, *<br \/>\ntak wielka jest \u0142aska Pana dla Jego czcicieli.<br \/>\nJak odleg\u0142y jest wsch\u00f3d od zachodu, *<br \/>\ntak daleko odsuwa od nas nasze winy.<\/p>\n<p><strong>Pan B\u00f3g utwierdzi\u0142 sw\u00f3j tron na niebiosach<br \/>\nAlbo: Alleluja<\/strong><\/p>\n<p>Pan utwierdzi\u0142 sw\u00f3j tron na niebiosach, *<br \/>\na Jego panowanie wszech\u015bwiat obejmuje.<br \/>\nB\u0142ogos\u0142awcie Pana, wszyscy Jego anio\u0142owie, *<br \/>\npot\u0119\u017cni mocarze pe\u0142ni\u0105cy Jego rozkazy.<\/p>\n<p><strong>Pan B\u00f3g utwierdzi\u0142 sw\u00f3j tron na niebiosach<br \/>\nAlbo: Alleluja<\/strong><\/p>\n<p>&nbsp;<\/p>\n<div id=\"tabnowy02\" class=\"tab-pane fade active in\">\n<p><strong>Aklamacja (Por. J 14, 26)<\/strong><br \/>\n<strong>Alleluja, alleluja, alleluja<\/strong><\/p>\n<p>Duch \u015awi\u0119ty was wszystkiego nauczy;<br \/>\nprzypomni wam wszystko, co wam powiedzia\u0142em.<\/p>\n<p><strong>Alleluja, alleluja, alleluja<\/strong><\/p>\n<p>&nbsp;<\/p>\n<div id=\"tabnowy03\" class=\"tab-pane fade active in\">\n<p><strong>Ewangelia (J 21, 15-19) <em>Piotr pasterzem Ko\u015bcio\u0142a<\/em><\/strong><\/p>\n<p><strong>S\u0142owa Ewangelii wed\u0142ug \u015awi\u0119tego Jana<br \/>\n<\/strong>Gdy Jezus ukaza\u0142 si\u0119 swoim uczniom i spo\u017cy\u0142 z nimi \u015bniadanie, rzek\u0142 do Szymona Piotra: \u00abSzymonie, synu Jana, czy mi\u0142ujesz Mnie wi\u0119cej ani\u017celi ci?\u00bb Odpowiedzia\u0142 Mu: \u00abTak, Panie, Ty wiesz, \u017ce Ci\u0119 kocham\u00bb. Rzek\u0142 do niego: \u00abPa\u015b baranki moje\u00bb. I znowu, po raz drugi, powiedzia\u0142 do niego: \u00abSzymonie, synu Jana, czy mi\u0142ujesz Mnie?\u00bb Odpar\u0142 Mu: \u00abTak, Panie, Ty wiesz, \u017ce Ci\u0119 kocham\u00bb. Rzek\u0142 do niego: \u00abPa\u015b owce moje\u00bb. Powiedzia\u0142 mu po raz trzeci: \u00abSzymonie, synu Jana, czy kochasz Mnie?\u00bb Zasmuci\u0142 si\u0119 Piotr, \u017ce mu po raz trzeci powiedzia\u0142: \u00abCzy kochasz Mnie?\u00bb I rzek\u0142 do Niego: \u00abPanie, Ty wszystko wiesz, Ty wiesz, \u017ce Ci\u0119 kocham\u00bb. Rzek\u0142 do niego Jezus: \u00abPa\u015b owce moje. Zaprawd\u0119, zaprawd\u0119, powiadam ci: Gdy by\u0142e\u015b m\u0142odszy, opasywa\u0142e\u015b si\u0119 sam i chodzi\u0142e\u015b, gdzie chcia\u0142e\u015b. Ale gdy si\u0119 zestarzejesz, wyci\u0105gniesz r\u0119ce swoje, a inny ci\u0119 opasze i poprowadzi, dok\u0105d nie chcesz\u00bb. To powiedzia\u0142, aby zaznaczy\u0107, jak\u0105 \u015bmierci\u0105 uwielbi Boga. A wypowiedziawszy to, rzek\u0142 do niego: \u00abP\u00f3jd\u017a za Mn\u0105!\u00bb <strong>Oto S\u0142owo Pa\u0144skie.<\/strong><\/p>\n<\/div>\n<p><strong><br \/>\n<span style=\"color: #ff0000;\">Z kazania z kalwaryjskiego Wzg\u00f3rza \u2013 w\u00a0 pi\u0105tek 29 maja 2020r.<br \/>\n<\/span>Dar M\u0105dro\u015bci.<\/strong><strong> \u00a0 <\/strong><strong><br \/>\n<\/strong>Gdy przygotowujemy si\u0119 do uroczysto\u015bci Zes\u0142ania Ducha \u015awi\u0119tego, u\u015bwiadamiamy sobie jak wielk\u0105 rol\u0119 odgrywa\u0142 Duch \u015awi\u0119ty w \u017cyciu \u015bwi\u0119tych i b\u0142ogos\u0142awionych, cho\u0107by wspomnie\u0107 \u015bw. Franciszka z Asy\u017cu, \u015bw. Jana Paw\u0142a II,\u00a0 a tak\u017ce patronk\u0119 dnia dzisiejszego \u015bw. Urszul\u0119 Led\u00f3chowsk\u0105. R\u00f3wnie\u017c w naszym \u017cyciu Duch \u015awi\u0119ty pragnie nas prowadzi\u0107 drogami \u015bwi\u0119to\u015bci i chrze\u015bcija\u0144skiej doskona\u0142o\u015bci. Aby nam pom\u00f3c osi\u0105gn\u0105\u0107 \u015bwi\u0119to\u015b\u0107 obdarowa\u0142 nas swoimi cudownymi 7 darami, a w\u015br\u00f3d nich darem M\u0105dro\u015bci. Nie ulega w\u0105tpliwo\u015bci, \u017ce m\u0105dro\u015b\u0107 jest nam w \u017cyciu bardzo potrzebna, szczeg\u00f3lnie dzisiaj, kiedy wszystko wydaje si\u0119 tak cz\u0119sto bardzo pogmatwane i gdy tak \u0142atwo si\u0119 w \u017cyciu pogubi\u0107.<br \/>\nM\u0105dro\u015b\u0107 jest pierwszym darem Ducha \u015awi\u0119tego. Jest ona czym\u015b wi\u0119cej ni\u017c wiedza. W Pi\u015bmie \u015bw. czytamy, \u017ce pocz\u0105tkiem m\u0105dro\u015bci jest boja\u017a\u0144 Bo\u017ca. M\u0105dry zatem jest cz\u0142owiek, kt\u00f3ry w swoim\u00a0 \u017cyciu liczy si\u0119 z Bogiem. M\u0105dro\u015b\u0107 u ludzi, kt\u00f3ry w swoim \u017cyciu odrzucaj\u0105 Boga, bardzo cz\u0119sto obraca si\u0119 przeciwko cz\u0142owiekowi oraz jego prawdziwemu dobru i szcz\u0119\u015bciu. Tak wi\u0119c pierwsz\u0105 cech\u0105 daru M\u0105dro\u015bci jest pokora wobec Boga, liczenie si\u0119 w \u017cyciu z Bogiem i Jego przykazaniami. W Pi\u015bmie \u015bwi\u0119tym czytamy, \u017ce g\u0142upi jest cz\u0142owiek, kt\u00f3ry twierdzi, \u017ce Boga nie ma lub kto Boga odrzuca.<br \/>\nDruga cecha daru M\u0105dro\u015bci to umiej\u0119tno\u015b\u0107 wyboru dobra, a odrzucania z\u0142a. Nie \u0142atwo jest by\u0107 cz\u0142owiekiem prawdom\u00f3wnym, uczciwym i sumiennym. Nie \u0142atwo wybiera\u0107 warto\u015bci, kt\u00f3re proponuje w swojej Ewangelii Chrystus, bo to zawsze wiele kosztuje i bardzo cz\u0119sto nie podoba si\u0119 dzisiaj nawet naszym bliskim. Jednak tylko ten kto potrafi \u017cy\u0107 zgodnie z Bo\u017cymi zasadami, jest cz\u0142owiekiem naprawd\u0119 m\u0105drym. Bo m\u0105dry cz\u0142owiek zdaje sobie spraw\u0119, \u017ce wyb\u00f3r z\u0142a go niszczy i nape\u0142nia smutkiem, a wyb\u00f3r dobra daje rado\u015b\u0107, pok\u00f3j i wolno\u015b\u0107.<br \/>\nCo trzeba robi\u0107 w \u017cyciu, aby dobrze korzysta\u0107 z tego daru Ducha \u015awi\u0119tego jakim jest M\u0105dro\u015b\u0107 i by\u0107 cz\u0142owiekiem m\u0105drym?<br \/>\nPo pierwsze trzeba o m\u0105dro\u015b\u0107 gor\u0105co si\u0119 modli\u0107 i prosi\u0107 o ni\u0105 Pana Boga. \u017bycie nie jest \u0142atwe i jeszcze nieraz nas zaskoczy. Przychodz\u0105 nieraz w codziennym \u017cyciu takie sytuacje, \u017ce nie za bardzo wiemy jak\u0105 podj\u0105\u0107 decyzj\u0119, jak si\u0119 zachowa\u0107. A wiemy, \u017ce nieraz jedna g\u0142upia i niew\u0142a\u015bciwa decyzja mo\u017ce sprawi\u0107, \u017ce potem trudno nam si\u0119 w \u017cyciu odnale\u017a\u0107 i p\u00f3j\u015b\u0107 w \u017cyciu w\u0142a\u015bciw\u0105 drog\u0105. Dlatego potrzebna jest modlitwa do Ducha \u015awi\u0119tego o Jego dary!<br \/>\nPo drugie wa\u017cne jest wyci\u0105ganie wniosk\u00f3w z przesz\u0142o\u015bci. Kto\u015b m\u0105drze i s\u0142usznie zauwa\u017cy\u0142, \u017ce by\u0142oby cudownie, gdyby\u015bmy m\u0105dro\u015bci uczyli si\u0119 na b\u0142\u0119dach innych. Ale najcz\u0119\u015bciej jednak m\u0105dro\u015bci uczymy si\u0119 na w\u0142asnych b\u0142\u0119dach. Dlatego m\u0105dry cz\u0142owiek potrafi wyci\u0105ga\u0107 w\u0142a\u015bciwe wnioski ze swojego \u017cycia i post\u0119powania, by nie powiela\u0107 b\u0142\u0119d\u00f3w.<br \/>\nPo trzecie je\u015bli chcemy by\u0107 lud\u017ami m\u0105drymi, to warto nauczy\u0107 si\u0119 s\u0142ucha\u0107 innych. To te\u017c nie jest \u0142atwe, bo lubimy niezale\u017cno\u015b\u0107 i wolno\u015b\u0107 my\u015blenia, a do tego pycha nam podpowiada, \u017ce to my si\u0119 najlepiej na wszystkim znamy i to my wiemy najlepiej jak mamy \u017cy\u0107. Warto mie\u0107 ko\u0142o siebie ludzi m\u0105drych, kt\u00f3rzy ju\u017c sami wiele w swoim \u017cyciu przeszli i pragn\u0105 si\u0119 z nami dzieli\u0107 swoim \u017cyciowym do\u015bwiadczeniem. Warto, naprawd\u0119 warto korzysta\u0107 z wiedzy i do\u015bwiadczenia ludzi m\u0105drych w oczach Boga.<br \/>\nI po czwarte cz\u0142owiek m\u0105dry potrafi przewidywa\u0107 skutki podejmowanych decyzji i swoich czyn\u00f3w. Przys\u0142owie m\u00f3wi: \u201eCokolwiek czynisz, czy\u0144 roztropnie i patrz ko\u0144ca\u201d. \u00a0Cz\u0142owiek korzystaj\u0105cy z daru Bo\u017cej M\u0105dro\u015bci, zdaje sobie doskonale spraw\u0119, \u017ce podejmowane na ziemi decyzje i dokonywane wybory, s\u0105 wa\u017cne nie tylko w \u015bwietle naszego \u017cycia na ziemi, ale maj\u0105 te\u017c bardzo wa\u017cny wp\u0142yw na nasz\u0105 wieczno\u015b\u0107. Warto nieraz pyta\u0107: czy gdyby dzisiaj mia\u0142 nast\u0105pi\u0107 koniec mojego \u017cycia, to czy robi\u0142bym to co robi\u0119 dzisiaj?<br \/>\nM\u0105dro\u015b\u0107 to wielki i wspania\u0142y dar Ducha \u015awi\u0119tego. Dlatego korzystaj\u0105c z tego daru liczmy si\u0119 w \u017cyciu z Panem Bogiem i Jego przykazaniami, wyci\u0105gajmy w\u0142a\u015bciwe wnioski z b\u0142\u0119d\u00f3w swoich i innych oraz przewidujmy konsekwencje naszych decyzji i wybor\u00f3w. No i m\u00f3dlmy si\u0119 codziennie o dobre wykorzystanie w naszym \u017cyciu daru M\u0105dro\u015bci oraz pozosta\u0142ych dar\u00f3w Ducha \u015awi\u0119tego. Amen.<br \/>\no.R.<\/p>\n<\/div>\n<\/div>\n<\/div>\n","protected":false},"excerpt":{"rendered":"<p>Liturgia S\u0142owa \u2013 wspomnienie \u015bw. Urszuli Led\u00f3chowskiej \u2013 pi\u0105tek 29 maja 2020r. 1. czytanie (Dz 25, 13-21) Zmar\u0142y Jezus, o kt\u00f3rym Pawe\u0142 twierdzi, \u017ce \u017cyje Czytanie z Dziej\u00f3w Apostolskich Kr\u00f3l Agryppa i Berenike przybyli do Cezarei powita\u0107 Festusa. Gdy przebywali tam d\u0142u\u017cszy czas, Festus przedstawi\u0142 kr\u00f3lowi spraw\u0119 Paw\u0142a: \u00abFeliks pozostawi\u0142 w wi\u0119zieniu pewnego cz\u0142owieka \u2013 &hellip;<\/p>\n","protected":false},"author":2,"featured_media":13919,"comment_status":"closed","ping_status":"open","sticky":false,"template":"","format":"standard","meta":{"_mi_skip_tracking":false,"_exactmetrics_sitenote_active":false,"_exactmetrics_sitenote_note":"","_exactmetrics_sitenote_category":0},"categories":[14],"tags":[],"yoast_head":"<!-- This site is optimized with the Yoast SEO plugin v18.1 - https:\/\/yoast.com\/wordpress\/plugins\/seo\/ -->\n<title>Do medytacji z kalwaryjskiego Wzg\u00f3rza \u2013 Msza \u015bw. w pi\u0105tek 29 maja 2020r. - Pako\u015b\u0107 \u2013 Kalwaria<\/title>\n<meta name=\"robots\" content=\"index, follow, max-snippet:-1, max-image-preview:large, max-video-preview:-1\" \/>\n<link rel=\"canonical\" href=\"https:\/\/pakosc-kalwaria.franciszkanie.net\/index.php\/2020\/05\/29\/do-medytacji-z-kalwaryjskiego-wzgorza-msza-sw-w-piatek-29-maja-2020r\/\" \/>\n<meta property=\"og:locale\" content=\"pl_PL\" \/>\n<meta property=\"og:type\" content=\"article\" \/>\n<meta property=\"og:title\" content=\"Do medytacji z kalwaryjskiego Wzg\u00f3rza \u2013 Msza \u015bw. w pi\u0105tek 29 maja 2020r. - Pako\u015b\u0107 \u2013 Kalwaria\" \/>\n<meta property=\"og:description\" content=\"Liturgia S\u0142owa \u2013 wspomnienie \u015bw. Urszuli Led\u00f3chowskiej \u2013 pi\u0105tek 29 maja 2020r. 1. czytanie (Dz 25, 13-21) Zmar\u0142y Jezus, o kt\u00f3rym Pawe\u0142 twierdzi, \u017ce \u017cyje Czytanie z Dziej\u00f3w Apostolskich Kr\u00f3l Agryppa i Berenike przybyli do Cezarei powita\u0107 Festusa. Gdy przebywali tam d\u0142u\u017cszy czas, Festus przedstawi\u0142 kr\u00f3lowi spraw\u0119 Paw\u0142a: \u00abFeliks pozostawi\u0142 w wi\u0119zieniu pewnego cz\u0142owieka \u2013 &hellip;\" \/>\n<meta property=\"og:url\" content=\"https:\/\/pakosc-kalwaria.franciszkanie.net\/index.php\/2020\/05\/29\/do-medytacji-z-kalwaryjskiego-wzgorza-msza-sw-w-piatek-29-maja-2020r\/\" \/>\n<meta property=\"og:site_name\" content=\"Pako\u015b\u0107 \u2013 Kalwaria\" \/>\n<meta property=\"article:author\" content=\"https:\/\/www.facebook.com\/KalwariaPakosc\/\" \/>\n<meta property=\"article:published_time\" content=\"2020-05-29T16:20:04+00:00\" \/>\n<meta property=\"article:modified_time\" content=\"2020-05-29T16:26:49+00:00\" \/>\n<meta property=\"og:image\" content=\"https:\/\/pakosc-kalwaria.franciszkanie.net\/wp-content\/uploads\/2020\/05\/DJI_0032.jpg\" \/>\n\t<meta property=\"og:image:width\" content=\"400\" \/>\n\t<meta property=\"og:image:height\" content=\"225\" \/>\n\t<meta property=\"og:image:type\" content=\"image\/jpeg\" \/>\n<meta name=\"twitter:card\" content=\"summary\" \/>\n<meta name=\"twitter:label1\" content=\"Napisane przez\" \/>\n\t<meta name=\"twitter:data1\" content=\"pakosc-kalwaria\" \/>\n\t<meta name=\"twitter:label2\" content=\"Szacowany czas czytania\" \/>\n\t<meta name=\"twitter:data2\" content=\"7 minut\" \/>\n<script type=\"application\/ld+json\" class=\"yoast-schema-graph\">{\"@context\":\"https:\/\/schema.org\",\"@graph\":[{\"@type\":\"WebSite\",\"@id\":\"https:\/\/pakosc-kalwaria.franciszkanie.net\/#website\",\"url\":\"https:\/\/pakosc-kalwaria.franciszkanie.net\/\",\"name\":\"Pako\u015b\u0107 \u2013 Kalwaria\",\"description\":\"Parafia Rzymsko \u2013 Katolicka p.w. Pana Jezusa Ukrzy\u017cowanego i  Matki Bo\u017cej Bolesnej ul. Barci\u0144ska 60, 88\u2013170 Pako\u015b\u0107 \u2013 Kalwaria\",\"potentialAction\":[{\"@type\":\"SearchAction\",\"target\":{\"@type\":\"EntryPoint\",\"urlTemplate\":\"https:\/\/pakosc-kalwaria.franciszkanie.net\/?s={search_term_string}\"},\"query-input\":\"required name=search_term_string\"}],\"inLanguage\":\"pl-PL\"},{\"@type\":\"ImageObject\",\"@id\":\"https:\/\/pakosc-kalwaria.franciszkanie.net\/index.php\/2020\/05\/29\/do-medytacji-z-kalwaryjskiego-wzgorza-msza-sw-w-piatek-29-maja-2020r\/#primaryimage\",\"inLanguage\":\"pl-PL\",\"url\":\"https:\/\/pakosc-kalwaria.franciszkanie.net\/wp-content\/uploads\/2020\/05\/DJI_0032.jpg\",\"contentUrl\":\"https:\/\/pakosc-kalwaria.franciszkanie.net\/wp-content\/uploads\/2020\/05\/DJI_0032.jpg\",\"width\":400,\"height\":225},{\"@type\":\"WebPage\",\"@id\":\"https:\/\/pakosc-kalwaria.franciszkanie.net\/index.php\/2020\/05\/29\/do-medytacji-z-kalwaryjskiego-wzgorza-msza-sw-w-piatek-29-maja-2020r\/#webpage\",\"url\":\"https:\/\/pakosc-kalwaria.franciszkanie.net\/index.php\/2020\/05\/29\/do-medytacji-z-kalwaryjskiego-wzgorza-msza-sw-w-piatek-29-maja-2020r\/\",\"name\":\"Do medytacji z kalwaryjskiego Wzg\u00f3rza \u2013 Msza \u015bw. w pi\u0105tek 29 maja 2020r. - Pako\u015b\u0107 \u2013 Kalwaria\",\"isPartOf\":{\"@id\":\"https:\/\/pakosc-kalwaria.franciszkanie.net\/#website\"},\"primaryImageOfPage\":{\"@id\":\"https:\/\/pakosc-kalwaria.franciszkanie.net\/index.php\/2020\/05\/29\/do-medytacji-z-kalwaryjskiego-wzgorza-msza-sw-w-piatek-29-maja-2020r\/#primaryimage\"},\"datePublished\":\"2020-05-29T16:20:04+00:00\",\"dateModified\":\"2020-05-29T16:26:49+00:00\",\"author\":{\"@id\":\"https:\/\/pakosc-kalwaria.franciszkanie.net\/#\/schema\/person\/af10b943be0760709227d060eadcb2aa\"},\"breadcrumb\":{\"@id\":\"https:\/\/pakosc-kalwaria.franciszkanie.net\/index.php\/2020\/05\/29\/do-medytacji-z-kalwaryjskiego-wzgorza-msza-sw-w-piatek-29-maja-2020r\/#breadcrumb\"},\"inLanguage\":\"pl-PL\",\"potentialAction\":[{\"@type\":\"ReadAction\",\"target\":[\"https:\/\/pakosc-kalwaria.franciszkanie.net\/index.php\/2020\/05\/29\/do-medytacji-z-kalwaryjskiego-wzgorza-msza-sw-w-piatek-29-maja-2020r\/\"]}]},{\"@type\":\"BreadcrumbList\",\"@id\":\"https:\/\/pakosc-kalwaria.franciszkanie.net\/index.php\/2020\/05\/29\/do-medytacji-z-kalwaryjskiego-wzgorza-msza-sw-w-piatek-29-maja-2020r\/#breadcrumb\",\"itemListElement\":[{\"@type\":\"ListItem\",\"position\":1,\"name\":\"Strona g\u0142\u00f3wna\",\"item\":\"https:\/\/pakosc-kalwaria.franciszkanie.net\/\"},{\"@type\":\"ListItem\",\"position\":2,\"name\":\"Do medytacji z kalwaryjskiego Wzg\u00f3rza \u2013 Msza \u015bw. w pi\u0105tek 29 maja 2020r.\"}]},{\"@type\":\"Person\",\"@id\":\"https:\/\/pakosc-kalwaria.franciszkanie.net\/#\/schema\/person\/af10b943be0760709227d060eadcb2aa\",\"name\":\"pakosc-kalwaria\",\"image\":{\"@type\":\"ImageObject\",\"@id\":\"https:\/\/pakosc-kalwaria.franciszkanie.net\/#personlogo\",\"inLanguage\":\"pl-PL\",\"url\":\"https:\/\/secure.gravatar.com\/avatar\/e7049d338b55eac6a0027ff3218b8d02?s=96&d=mm&r=g\",\"contentUrl\":\"https:\/\/secure.gravatar.com\/avatar\/e7049d338b55eac6a0027ff3218b8d02?s=96&d=mm&r=g\",\"caption\":\"pakosc-kalwaria\"},\"sameAs\":[\"https:\/\/www.facebook.com\/KalwariaPakosc\/\"],\"url\":\"https:\/\/pakosc-kalwaria.franciszkanie.net\/index.php\/author\/pakosc-kalwaria\/\"}]}<\/script>\n<!-- \/ Yoast SEO plugin. -->","yoast_head_json":{"title":"Do medytacji z kalwaryjskiego Wzg\u00f3rza \u2013 Msza \u015bw. w pi\u0105tek 29 maja 2020r. - Pako\u015b\u0107 \u2013 Kalwaria","robots":{"index":"index","follow":"follow","max-snippet":"max-snippet:-1","max-image-preview":"max-image-preview:large","max-video-preview":"max-video-preview:-1"},"canonical":"https:\/\/pakosc-kalwaria.franciszkanie.net\/index.php\/2020\/05\/29\/do-medytacji-z-kalwaryjskiego-wzgorza-msza-sw-w-piatek-29-maja-2020r\/","og_locale":"pl_PL","og_type":"article","og_title":"Do medytacji z kalwaryjskiego Wzg\u00f3rza \u2013 Msza \u015bw. w pi\u0105tek 29 maja 2020r. - Pako\u015b\u0107 \u2013 Kalwaria","og_description":"Liturgia S\u0142owa \u2013 wspomnienie \u015bw. Urszuli Led\u00f3chowskiej \u2013 pi\u0105tek 29 maja 2020r. 1. czytanie (Dz 25, 13-21) Zmar\u0142y Jezus, o kt\u00f3rym Pawe\u0142 twierdzi, \u017ce \u017cyje Czytanie z Dziej\u00f3w Apostolskich Kr\u00f3l Agryppa i Berenike przybyli do Cezarei powita\u0107 Festusa. Gdy przebywali tam d\u0142u\u017cszy czas, Festus przedstawi\u0142 kr\u00f3lowi spraw\u0119 Paw\u0142a: \u00abFeliks pozostawi\u0142 w wi\u0119zieniu pewnego cz\u0142owieka \u2013 &hellip;","og_url":"https:\/\/pakosc-kalwaria.franciszkanie.net\/index.php\/2020\/05\/29\/do-medytacji-z-kalwaryjskiego-wzgorza-msza-sw-w-piatek-29-maja-2020r\/","og_site_name":"Pako\u015b\u0107 \u2013 Kalwaria","article_author":"https:\/\/www.facebook.com\/KalwariaPakosc\/","article_published_time":"2020-05-29T16:20:04+00:00","article_modified_time":"2020-05-29T16:26:49+00:00","og_image":[{"width":400,"height":225,"url":"https:\/\/pakosc-kalwaria.franciszkanie.net\/wp-content\/uploads\/2020\/05\/DJI_0032.jpg","type":"image\/jpeg"}],"twitter_card":"summary","twitter_misc":{"Napisane przez":"pakosc-kalwaria","Szacowany czas czytania":"7 minut"},"schema":{"@context":"https:\/\/schema.org","@graph":[{"@type":"WebSite","@id":"https:\/\/pakosc-kalwaria.franciszkanie.net\/#website","url":"https:\/\/pakosc-kalwaria.franciszkanie.net\/","name":"Pako\u015b\u0107 \u2013 Kalwaria","description":"Parafia Rzymsko \u2013 Katolicka p.w. Pana Jezusa Ukrzy\u017cowanego i  Matki Bo\u017cej Bolesnej ul. Barci\u0144ska 60, 88\u2013170 Pako\u015b\u0107 \u2013 Kalwaria","potentialAction":[{"@type":"SearchAction","target":{"@type":"EntryPoint","urlTemplate":"https:\/\/pakosc-kalwaria.franciszkanie.net\/?s={search_term_string}"},"query-input":"required name=search_term_string"}],"inLanguage":"pl-PL"},{"@type":"ImageObject","@id":"https:\/\/pakosc-kalwaria.franciszkanie.net\/index.php\/2020\/05\/29\/do-medytacji-z-kalwaryjskiego-wzgorza-msza-sw-w-piatek-29-maja-2020r\/#primaryimage","inLanguage":"pl-PL","url":"https:\/\/pakosc-kalwaria.franciszkanie.net\/wp-content\/uploads\/2020\/05\/DJI_0032.jpg","contentUrl":"https:\/\/pakosc-kalwaria.franciszkanie.net\/wp-content\/uploads\/2020\/05\/DJI_0032.jpg","width":400,"height":225},{"@type":"WebPage","@id":"https:\/\/pakosc-kalwaria.franciszkanie.net\/index.php\/2020\/05\/29\/do-medytacji-z-kalwaryjskiego-wzgorza-msza-sw-w-piatek-29-maja-2020r\/#webpage","url":"https:\/\/pakosc-kalwaria.franciszkanie.net\/index.php\/2020\/05\/29\/do-medytacji-z-kalwaryjskiego-wzgorza-msza-sw-w-piatek-29-maja-2020r\/","name":"Do medytacji z kalwaryjskiego Wzg\u00f3rza \u2013 Msza \u015bw. w pi\u0105tek 29 maja 2020r. - Pako\u015b\u0107 \u2013 Kalwaria","isPartOf":{"@id":"https:\/\/pakosc-kalwaria.franciszkanie.net\/#website"},"primaryImageOfPage":{"@id":"https:\/\/pakosc-kalwaria.franciszkanie.net\/index.php\/2020\/05\/29\/do-medytacji-z-kalwaryjskiego-wzgorza-msza-sw-w-piatek-29-maja-2020r\/#primaryimage"},"datePublished":"2020-05-29T16:20:04+00:00","dateModified":"2020-05-29T16:26:49+00:00","author":{"@id":"https:\/\/pakosc-kalwaria.franciszkanie.net\/#\/schema\/person\/af10b943be0760709227d060eadcb2aa"},"breadcrumb":{"@id":"https:\/\/pakosc-kalwaria.franciszkanie.net\/index.php\/2020\/05\/29\/do-medytacji-z-kalwaryjskiego-wzgorza-msza-sw-w-piatek-29-maja-2020r\/#breadcrumb"},"inLanguage":"pl-PL","potentialAction":[{"@type":"ReadAction","target":["https:\/\/pakosc-kalwaria.franciszkanie.net\/index.php\/2020\/05\/29\/do-medytacji-z-kalwaryjskiego-wzgorza-msza-sw-w-piatek-29-maja-2020r\/"]}]},{"@type":"BreadcrumbList","@id":"https:\/\/pakosc-kalwaria.franciszkanie.net\/index.php\/2020\/05\/29\/do-medytacji-z-kalwaryjskiego-wzgorza-msza-sw-w-piatek-29-maja-2020r\/#breadcrumb","itemListElement":[{"@type":"ListItem","position":1,"name":"Strona g\u0142\u00f3wna","item":"https:\/\/pakosc-kalwaria.franciszkanie.net\/"},{"@type":"ListItem","position":2,"name":"Do medytacji z kalwaryjskiego Wzg\u00f3rza \u2013 Msza \u015bw. w pi\u0105tek 29 maja 2020r."}]},{"@type":"Person","@id":"https:\/\/pakosc-kalwaria.franciszkanie.net\/#\/schema\/person\/af10b943be0760709227d060eadcb2aa","name":"pakosc-kalwaria","image":{"@type":"ImageObject","@id":"https:\/\/pakosc-kalwaria.franciszkanie.net\/#personlogo","inLanguage":"pl-PL","url":"https:\/\/secure.gravatar.com\/avatar\/e7049d338b55eac6a0027ff3218b8d02?s=96&d=mm&r=g","contentUrl":"https:\/\/secure.gravatar.com\/avatar\/e7049d338b55eac6a0027ff3218b8d02?s=96&d=mm&r=g","caption":"pakosc-kalwaria"},"sameAs":["https:\/\/www.facebook.com\/KalwariaPakosc\/"],"url":"https:\/\/pakosc-kalwaria.franciszkanie.net\/index.php\/author\/pakosc-kalwaria\/"}]}},"_links":{"self":[{"href":"https:\/\/pakosc-kalwaria.franciszkanie.net\/index.php\/wp-json\/wp\/v2\/posts\/13918"}],"collection":[{"href":"https:\/\/pakosc-kalwaria.franciszkanie.net\/index.php\/wp-json\/wp\/v2\/posts"}],"about":[{"href":"https:\/\/pakosc-kalwaria.franciszkanie.net\/index.php\/wp-json\/wp\/v2\/types\/post"}],"author":[{"embeddable":true,"href":"https:\/\/pakosc-kalwaria.franciszkanie.net\/index.php\/wp-json\/wp\/v2\/users\/2"}],"replies":[{"embeddable":true,"href":"https:\/\/pakosc-kalwaria.franciszkanie.net\/index.php\/wp-json\/wp\/v2\/comments?post=13918"}],"version-history":[{"count":5,"href":"https:\/\/pakosc-kalwaria.franciszkanie.net\/index.php\/wp-json\/wp\/v2\/posts\/13918\/revisions"}],"predecessor-version":[{"id":13962,"href":"https:\/\/pakosc-kalwaria.franciszkanie.net\/index.php\/wp-json\/wp\/v2\/posts\/13918\/revisions\/13962"}],"wp:featuredmedia":[{"embeddable":true,"href":"https:\/\/pakosc-kalwaria.franciszkanie.net\/index.php\/wp-json\/wp\/v2\/media\/13919"}],"wp:attachment":[{"href":"https:\/\/pakosc-kalwaria.franciszkanie.net\/index.php\/wp-json\/wp\/v2\/media?parent=13918"}],"wp:term":[{"taxonomy":"category","embeddable":true,"href":"https:\/\/pakosc-kalwaria.franciszkanie.net\/index.php\/wp-json\/wp\/v2\/categories?post=13918"},{"taxonomy":"post_tag","embeddable":true,"href":"https:\/\/pakosc-kalwaria.franciszkanie.net\/index.php\/wp-json\/wp\/v2\/tags?post=13918"}],"curies":[{"name":"wp","href":"https:\/\/api.w.org\/{rel}","templated":true}]}}