{"id":13926,"date":"2020-05-30T09:00:06","date_gmt":"2020-05-30T07:00:06","guid":{"rendered":"http:\/\/pakosc-kalwaria.franciszkanie.net\/?p=13926"},"modified":"2020-05-29T08:40:51","modified_gmt":"2020-05-29T06:40:51","slug":"intencje-mszalne-31-05-07-06-2020r","status":"publish","type":"post","link":"https:\/\/pakosc-kalwaria.franciszkanie.net\/index.php\/2020\/05\/30\/intencje-mszalne-31-05-07-06-2020r\/","title":{"rendered":"Intencje mszalne 31.05. &#8211; 07.06.2020r."},"content":{"rendered":"<p><span style=\"color: #ff0000;\"><strong><em><u>Niedziela &#8211; 31.05.2020r.<\/u> \u00a0&#8211; Uroczysto\u015b\u0107 Zes\u0142ania Ducha \u015awi\u0119tego<\/em><\/strong><\/span><strong><em><span style=\"color: #ff0000;\">\u00a0<\/span><br \/>\n<\/em><\/strong><span style=\"color: #ff0000;\"><strong>9.00<\/strong><\/span><strong> \u00a0 1\/ Za + Albina Jaszcza<br \/>\n2\/ Za + Jana Tretyn<\/strong><\/p>\n<p><strong><span style=\"color: #ff0000;\">11.00<\/span> \u00a01\/ O Bo\u017ce b\u0142ogos\u0142awie\u0144stwo, opiek\u0119 Matki Bo\u017cej i zdrowie dla mamy Urszuli z okazji 88 Rocznicy Urodzin<\/strong><br \/>\n<strong>2\/ Za + Pelagi\u0119 Szuflada<\/strong><\/p>\n<p><span style=\"color: #ff0000;\"><strong><em><u>Poniedzia\u0142ek po Zes\u0142aniu Ducha \u015awi\u0119tego &#8211; 01.06.2020r.<\/u><\/em><\/strong><\/span><strong><em><span style=\"color: #ff0000;\"> \u2013 \u015bwi\u0119to NMP Matki Ko\u015bcio\u0142a<\/span><br \/>\n<\/em><\/strong><strong><span style=\"color: #ff0000;\">17.00<\/span> 1\/ Za + Pelagi\u0119 Szuflada<br \/>\n2\/ Za + Jadwig\u0119 Czaja<\/strong><\/p>\n<p><span style=\"color: #008000;\"><strong><em><u>Wtorek \u2013 02.06.2020r.<\/u><\/em><\/strong><\/span><strong><em><br \/>\n<\/em><\/strong><strong>17.00\u00a0 1\/ Za + Mariann\u0119 Grzelak<br \/>\n2\/ Za + Stefani\u0119 Czaja<\/strong><\/p>\n<p><span style=\"color: #008000;\"><strong><em><u>\u015aroda \u00a0&#8211; 03.06.2020r.<\/u><\/em><\/strong><strong><em> \u2013 wspomnienie \u015bwi\u0119tych m\u0119czennik\u00f3w Karola Lwangi i Towarzyszy<\/em><\/strong><\/span><br \/>\n<strong>17.00 1\/ Do Pana Jezusa Ukrzy\u017cowanego i Matki Bo\u017cej Bolesnej o nawr\u00f3cenie i \u0142ask\u0119 zbawienia dla Adama<br \/>\n2\/ Za + Pelagi\u0119 Szuflada<\/strong><\/p>\n<p><span style=\"color: #ff0000;\"><strong><em><u>Czwartek &#8211; 04.06.2020r<\/u><\/em><\/strong><strong><em>. \u2013 \u015bwi\u0119to Jezusa Chrystusa, Najwy\u017cszego i Wiecznego Kap\u0142ana<\/em><\/strong> <strong><em>&#8211; Pierwszy Czwartek Miesi\u0105ca<br \/>\n<\/em><\/strong><strong>17.00 \u00a01\/ O nowe powo\u0142ania kap\u0142a\u0144skie i zakonne oraz za ministrant\u00f3w i ich Rodziny<\/strong><\/span><strong><span style=\"color: #ff0000;\"> \u00a0\u00a0\u00a0\u00a0\u00a0\u00a0\u00a0 \u00a0\u00a0\u00a0\u00a0\u00a0\u00a0\u00a0\u00a0\u00a0\u00a0\u00a0<\/span><br \/>\n2\/ Za + Jadwig\u0119 Czaja<\/strong><\/p>\n<p><span style=\"color: #008000;\"><strong><em><u>Pi\u0105tek \u00a0\u2013 05.06.2020r.<\/u><\/em><\/strong><strong><em> \u2013 wspomnienie \u015bw. Bonifacego, biskupa i m\u0119czennika<\/em><\/strong> <\/span><span style=\"color: #ff0000;\"><strong><em>\u2013 Pierwszy Pi\u0105tek Miesi\u0105ca <\/em><\/strong><\/span><strong><em><span style=\"color: #ff0000;\">\u00a0\u00a0<\/span><br \/>\n<\/em><\/strong><span style=\"color: #ff0000;\"><strong>17.00 1\/ W intencjach zbiorowych do Bo\u017cego Mi\u0142osierdzia<\/strong><\/span><strong><span style=\"color: #ff0000;\"> oraz za ++ polecanych w rocznych wypominkach \u00a0<\/span><br \/>\n2\/ Za + Jadwig\u0119 Czaja<\/strong><\/p>\n<p><span style=\"color: #008000;\"><strong><em><u>Sobota &#8211; 06.06.2020r. <\/u><\/em><\/strong><span style=\"color: #ff0000;\"><strong><em>\u2013 Pierwsza Sobota Miesi\u0105ca<\/em><\/strong><\/span><\/span><strong><br \/>\n<span style=\"color: #ff0000;\">17.00\u00a0 1\/ W intencji \u017bywego R\u00f3\u017ca\u0144ca<\/span><br \/>\n2\/ Za + Jadwig\u0119 Czaja<\/strong><\/p>\n<p><span style=\"color: #ff0000;\"><strong><em><u>X Niedziela Zwyk\u0142a &#8211; 07.06.2020r. <\/u><\/em><\/strong><\/span><strong><em><span style=\"color: #ff0000;\">\u2013 Uroczysto\u015b\u0107 Naj\u015bwi\u0119tszej Tr\u00f3jcy<\/span><br \/>\n<\/em><\/strong><strong><span style=\"color: #ff0000;\">9.00<\/span>\u00a0\u00a0 1\/ Z podzi\u0119kowaniem za otrzymane \u0142aski, z pr\u00f3b\u0105 o dalsze Bo\u017ce b\u0142ogos\u0142awie\u0144stwo i opiek\u0119 Matki Bo\u017cej dla Karola i Magdaleny z okazji 2 Rocznicy \u015alubu<br \/>\n2\/ Za + Jadwig\u0119 Czaja<\/strong><\/p>\n<p><strong><span style=\"color: #ff0000;\">11.00<\/span>\u00a0 1\/ \u00a0Za ++ Franciszka i Czes\u0142aw\u0119 Mr\u00f3wczy\u0144skich<\/strong><br \/>\n<strong>2\/ Za + Tomasza Ko\u015bnikowskiego<\/strong><\/p>\n","protected":false},"excerpt":{"rendered":"<p>Niedziela &#8211; 31.05.2020r. \u00a0&#8211; Uroczysto\u015b\u0107 Zes\u0142ania Ducha \u015awi\u0119tego\u00a0 9.00 \u00a0 1\/ Za + Albina Jaszcza 2\/ Za + Jana Tretyn 11.00 \u00a01\/ O Bo\u017ce b\u0142ogos\u0142awie\u0144stwo, opiek\u0119 Matki Bo\u017cej i zdrowie dla mamy Urszuli z okazji 88 Rocznicy Urodzin 2\/ Za + Pelagi\u0119 Szuflada Poniedzia\u0142ek po Zes\u0142aniu Ducha \u015awi\u0119tego &#8211; 01.06.2020r. \u2013 \u015bwi\u0119to NMP Matki Ko\u015bcio\u0142a &hellip;<\/p>\n","protected":false},"author":2,"featured_media":13795,"comment_status":"closed","ping_status":"open","sticky":false,"template":"","format":"standard","meta":{"_mi_skip_tracking":false,"_exactmetrics_sitenote_active":false,"_exactmetrics_sitenote_note":"","_exactmetrics_sitenote_category":0},"categories":[6],"tags":[],"yoast_head":"<!-- This site is optimized with the Yoast SEO plugin v18.1 - https:\/\/yoast.com\/wordpress\/plugins\/seo\/ -->\n<title>Intencje mszalne 31.05. - 07.06.2020r. - Pako\u015b\u0107 \u2013 Kalwaria<\/title>\n<meta name=\"robots\" content=\"index, follow, max-snippet:-1, max-image-preview:large, max-video-preview:-1\" \/>\n<link rel=\"canonical\" href=\"https:\/\/pakosc-kalwaria.franciszkanie.net\/index.php\/2020\/05\/30\/intencje-mszalne-31-05-07-06-2020r\/\" \/>\n<meta property=\"og:locale\" content=\"pl_PL\" \/>\n<meta property=\"og:type\" content=\"article\" \/>\n<meta property=\"og:title\" content=\"Intencje mszalne 31.05. - 07.06.2020r. - Pako\u015b\u0107 \u2013 Kalwaria\" \/>\n<meta property=\"og:description\" content=\"Niedziela &#8211; 31.05.2020r. \u00a0&#8211; Uroczysto\u015b\u0107 Zes\u0142ania Ducha \u015awi\u0119tego\u00a0 9.00 \u00a0 1\/ Za + Albina Jaszcza 2\/ Za + Jana Tretyn 11.00 \u00a01\/ O Bo\u017ce b\u0142ogos\u0142awie\u0144stwo, opiek\u0119 Matki Bo\u017cej i zdrowie dla mamy Urszuli z okazji 88 Rocznicy Urodzin 2\/ Za + Pelagi\u0119 Szuflada Poniedzia\u0142ek po Zes\u0142aniu Ducha \u015awi\u0119tego &#8211; 01.06.2020r. \u2013 \u015bwi\u0119to NMP Matki Ko\u015bcio\u0142a &hellip;\" \/>\n<meta property=\"og:url\" content=\"https:\/\/pakosc-kalwaria.franciszkanie.net\/index.php\/2020\/05\/30\/intencje-mszalne-31-05-07-06-2020r\/\" \/>\n<meta property=\"og:site_name\" content=\"Pako\u015b\u0107 \u2013 Kalwaria\" \/>\n<meta property=\"article:author\" content=\"https:\/\/www.facebook.com\/KalwariaPakosc\/\" \/>\n<meta property=\"article:published_time\" content=\"2020-05-30T07:00:06+00:00\" \/>\n<meta property=\"article:modified_time\" content=\"2020-05-29T06:40:51+00:00\" \/>\n<meta property=\"og:image\" content=\"https:\/\/pakosc-kalwaria.franciszkanie.net\/wp-content\/uploads\/2020\/05\/Rok-2018-Intencje-mszlane.jpg\" \/>\n\t<meta property=\"og:image:width\" content=\"300\" \/>\n\t<meta property=\"og:image:height\" content=\"246\" \/>\n\t<meta property=\"og:image:type\" content=\"image\/jpeg\" \/>\n<meta name=\"twitter:card\" content=\"summary\" \/>\n<meta name=\"twitter:label1\" content=\"Napisane przez\" \/>\n\t<meta name=\"twitter:data1\" content=\"pakosc-kalwaria\" \/>\n\t<meta name=\"twitter:label2\" content=\"Szacowany czas czytania\" \/>\n\t<meta name=\"twitter:data2\" content=\"1 minuta\" \/>\n<script type=\"application\/ld+json\" class=\"yoast-schema-graph\">{\"@context\":\"https:\/\/schema.org\",\"@graph\":[{\"@type\":\"WebSite\",\"@id\":\"https:\/\/pakosc-kalwaria.franciszkanie.net\/#website\",\"url\":\"https:\/\/pakosc-kalwaria.franciszkanie.net\/\",\"name\":\"Pako\u015b\u0107 \u2013 Kalwaria\",\"description\":\"Parafia Rzymsko \u2013 Katolicka p.w. Pana Jezusa Ukrzy\u017cowanego i  Matki Bo\u017cej Bolesnej ul. Barci\u0144ska 60, 88\u2013170 Pako\u015b\u0107 \u2013 Kalwaria\",\"potentialAction\":[{\"@type\":\"SearchAction\",\"target\":{\"@type\":\"EntryPoint\",\"urlTemplate\":\"https:\/\/pakosc-kalwaria.franciszkanie.net\/?s={search_term_string}\"},\"query-input\":\"required name=search_term_string\"}],\"inLanguage\":\"pl-PL\"},{\"@type\":\"ImageObject\",\"@id\":\"https:\/\/pakosc-kalwaria.franciszkanie.net\/index.php\/2020\/05\/30\/intencje-mszalne-31-05-07-06-2020r\/#primaryimage\",\"inLanguage\":\"pl-PL\",\"url\":\"https:\/\/pakosc-kalwaria.franciszkanie.net\/wp-content\/uploads\/2020\/05\/Rok-2018-Intencje-mszlane.jpg\",\"contentUrl\":\"https:\/\/pakosc-kalwaria.franciszkanie.net\/wp-content\/uploads\/2020\/05\/Rok-2018-Intencje-mszlane.jpg\",\"width\":300,\"height\":246},{\"@type\":\"WebPage\",\"@id\":\"https:\/\/pakosc-kalwaria.franciszkanie.net\/index.php\/2020\/05\/30\/intencje-mszalne-31-05-07-06-2020r\/#webpage\",\"url\":\"https:\/\/pakosc-kalwaria.franciszkanie.net\/index.php\/2020\/05\/30\/intencje-mszalne-31-05-07-06-2020r\/\",\"name\":\"Intencje mszalne 31.05. - 07.06.2020r. - Pako\u015b\u0107 \u2013 Kalwaria\",\"isPartOf\":{\"@id\":\"https:\/\/pakosc-kalwaria.franciszkanie.net\/#website\"},\"primaryImageOfPage\":{\"@id\":\"https:\/\/pakosc-kalwaria.franciszkanie.net\/index.php\/2020\/05\/30\/intencje-mszalne-31-05-07-06-2020r\/#primaryimage\"},\"datePublished\":\"2020-05-30T07:00:06+00:00\",\"dateModified\":\"2020-05-29T06:40:51+00:00\",\"author\":{\"@id\":\"https:\/\/pakosc-kalwaria.franciszkanie.net\/#\/schema\/person\/af10b943be0760709227d060eadcb2aa\"},\"breadcrumb\":{\"@id\":\"https:\/\/pakosc-kalwaria.franciszkanie.net\/index.php\/2020\/05\/30\/intencje-mszalne-31-05-07-06-2020r\/#breadcrumb\"},\"inLanguage\":\"pl-PL\",\"potentialAction\":[{\"@type\":\"ReadAction\",\"target\":[\"https:\/\/pakosc-kalwaria.franciszkanie.net\/index.php\/2020\/05\/30\/intencje-mszalne-31-05-07-06-2020r\/\"]}]},{\"@type\":\"BreadcrumbList\",\"@id\":\"https:\/\/pakosc-kalwaria.franciszkanie.net\/index.php\/2020\/05\/30\/intencje-mszalne-31-05-07-06-2020r\/#breadcrumb\",\"itemListElement\":[{\"@type\":\"ListItem\",\"position\":1,\"name\":\"Strona g\u0142\u00f3wna\",\"item\":\"https:\/\/pakosc-kalwaria.franciszkanie.net\/\"},{\"@type\":\"ListItem\",\"position\":2,\"name\":\"Intencje mszalne 31.05. &#8211; 07.06.2020r.\"}]},{\"@type\":\"Person\",\"@id\":\"https:\/\/pakosc-kalwaria.franciszkanie.net\/#\/schema\/person\/af10b943be0760709227d060eadcb2aa\",\"name\":\"pakosc-kalwaria\",\"image\":{\"@type\":\"ImageObject\",\"@id\":\"https:\/\/pakosc-kalwaria.franciszkanie.net\/#personlogo\",\"inLanguage\":\"pl-PL\",\"url\":\"https:\/\/secure.gravatar.com\/avatar\/e7049d338b55eac6a0027ff3218b8d02?s=96&d=mm&r=g\",\"contentUrl\":\"https:\/\/secure.gravatar.com\/avatar\/e7049d338b55eac6a0027ff3218b8d02?s=96&d=mm&r=g\",\"caption\":\"pakosc-kalwaria\"},\"sameAs\":[\"https:\/\/www.facebook.com\/KalwariaPakosc\/\"],\"url\":\"https:\/\/pakosc-kalwaria.franciszkanie.net\/index.php\/author\/pakosc-kalwaria\/\"}]}<\/script>\n<!-- \/ Yoast SEO plugin. -->","yoast_head_json":{"title":"Intencje mszalne 31.05. - 07.06.2020r. - Pako\u015b\u0107 \u2013 Kalwaria","robots":{"index":"index","follow":"follow","max-snippet":"max-snippet:-1","max-image-preview":"max-image-preview:large","max-video-preview":"max-video-preview:-1"},"canonical":"https:\/\/pakosc-kalwaria.franciszkanie.net\/index.php\/2020\/05\/30\/intencje-mszalne-31-05-07-06-2020r\/","og_locale":"pl_PL","og_type":"article","og_title":"Intencje mszalne 31.05. - 07.06.2020r. - Pako\u015b\u0107 \u2013 Kalwaria","og_description":"Niedziela &#8211; 31.05.2020r. \u00a0&#8211; Uroczysto\u015b\u0107 Zes\u0142ania Ducha \u015awi\u0119tego\u00a0 9.00 \u00a0 1\/ Za + Albina Jaszcza 2\/ Za + Jana Tretyn 11.00 \u00a01\/ O Bo\u017ce b\u0142ogos\u0142awie\u0144stwo, opiek\u0119 Matki Bo\u017cej i zdrowie dla mamy Urszuli z okazji 88 Rocznicy Urodzin 2\/ Za + Pelagi\u0119 Szuflada Poniedzia\u0142ek po Zes\u0142aniu Ducha \u015awi\u0119tego &#8211; 01.06.2020r. \u2013 \u015bwi\u0119to NMP Matki Ko\u015bcio\u0142a &hellip;","og_url":"https:\/\/pakosc-kalwaria.franciszkanie.net\/index.php\/2020\/05\/30\/intencje-mszalne-31-05-07-06-2020r\/","og_site_name":"Pako\u015b\u0107 \u2013 Kalwaria","article_author":"https:\/\/www.facebook.com\/KalwariaPakosc\/","article_published_time":"2020-05-30T07:00:06+00:00","article_modified_time":"2020-05-29T06:40:51+00:00","og_image":[{"width":300,"height":246,"url":"https:\/\/pakosc-kalwaria.franciszkanie.net\/wp-content\/uploads\/2020\/05\/Rok-2018-Intencje-mszlane.jpg","type":"image\/jpeg"}],"twitter_card":"summary","twitter_misc":{"Napisane przez":"pakosc-kalwaria","Szacowany czas czytania":"1 minuta"},"schema":{"@context":"https:\/\/schema.org","@graph":[{"@type":"WebSite","@id":"https:\/\/pakosc-kalwaria.franciszkanie.net\/#website","url":"https:\/\/pakosc-kalwaria.franciszkanie.net\/","name":"Pako\u015b\u0107 \u2013 Kalwaria","description":"Parafia Rzymsko \u2013 Katolicka p.w. Pana Jezusa Ukrzy\u017cowanego i  Matki Bo\u017cej Bolesnej ul. Barci\u0144ska 60, 88\u2013170 Pako\u015b\u0107 \u2013 Kalwaria","potentialAction":[{"@type":"SearchAction","target":{"@type":"EntryPoint","urlTemplate":"https:\/\/pakosc-kalwaria.franciszkanie.net\/?s={search_term_string}"},"query-input":"required name=search_term_string"}],"inLanguage":"pl-PL"},{"@type":"ImageObject","@id":"https:\/\/pakosc-kalwaria.franciszkanie.net\/index.php\/2020\/05\/30\/intencje-mszalne-31-05-07-06-2020r\/#primaryimage","inLanguage":"pl-PL","url":"https:\/\/pakosc-kalwaria.franciszkanie.net\/wp-content\/uploads\/2020\/05\/Rok-2018-Intencje-mszlane.jpg","contentUrl":"https:\/\/pakosc-kalwaria.franciszkanie.net\/wp-content\/uploads\/2020\/05\/Rok-2018-Intencje-mszlane.jpg","width":300,"height":246},{"@type":"WebPage","@id":"https:\/\/pakosc-kalwaria.franciszkanie.net\/index.php\/2020\/05\/30\/intencje-mszalne-31-05-07-06-2020r\/#webpage","url":"https:\/\/pakosc-kalwaria.franciszkanie.net\/index.php\/2020\/05\/30\/intencje-mszalne-31-05-07-06-2020r\/","name":"Intencje mszalne 31.05. - 07.06.2020r. - Pako\u015b\u0107 \u2013 Kalwaria","isPartOf":{"@id":"https:\/\/pakosc-kalwaria.franciszkanie.net\/#website"},"primaryImageOfPage":{"@id":"https:\/\/pakosc-kalwaria.franciszkanie.net\/index.php\/2020\/05\/30\/intencje-mszalne-31-05-07-06-2020r\/#primaryimage"},"datePublished":"2020-05-30T07:00:06+00:00","dateModified":"2020-05-29T06:40:51+00:00","author":{"@id":"https:\/\/pakosc-kalwaria.franciszkanie.net\/#\/schema\/person\/af10b943be0760709227d060eadcb2aa"},"breadcrumb":{"@id":"https:\/\/pakosc-kalwaria.franciszkanie.net\/index.php\/2020\/05\/30\/intencje-mszalne-31-05-07-06-2020r\/#breadcrumb"},"inLanguage":"pl-PL","potentialAction":[{"@type":"ReadAction","target":["https:\/\/pakosc-kalwaria.franciszkanie.net\/index.php\/2020\/05\/30\/intencje-mszalne-31-05-07-06-2020r\/"]}]},{"@type":"BreadcrumbList","@id":"https:\/\/pakosc-kalwaria.franciszkanie.net\/index.php\/2020\/05\/30\/intencje-mszalne-31-05-07-06-2020r\/#breadcrumb","itemListElement":[{"@type":"ListItem","position":1,"name":"Strona g\u0142\u00f3wna","item":"https:\/\/pakosc-kalwaria.franciszkanie.net\/"},{"@type":"ListItem","position":2,"name":"Intencje mszalne 31.05. &#8211; 07.06.2020r."}]},{"@type":"Person","@id":"https:\/\/pakosc-kalwaria.franciszkanie.net\/#\/schema\/person\/af10b943be0760709227d060eadcb2aa","name":"pakosc-kalwaria","image":{"@type":"ImageObject","@id":"https:\/\/pakosc-kalwaria.franciszkanie.net\/#personlogo","inLanguage":"pl-PL","url":"https:\/\/secure.gravatar.com\/avatar\/e7049d338b55eac6a0027ff3218b8d02?s=96&d=mm&r=g","contentUrl":"https:\/\/secure.gravatar.com\/avatar\/e7049d338b55eac6a0027ff3218b8d02?s=96&d=mm&r=g","caption":"pakosc-kalwaria"},"sameAs":["https:\/\/www.facebook.com\/KalwariaPakosc\/"],"url":"https:\/\/pakosc-kalwaria.franciszkanie.net\/index.php\/author\/pakosc-kalwaria\/"}]}},"_links":{"self":[{"href":"https:\/\/pakosc-kalwaria.franciszkanie.net\/index.php\/wp-json\/wp\/v2\/posts\/13926"}],"collection":[{"href":"https:\/\/pakosc-kalwaria.franciszkanie.net\/index.php\/wp-json\/wp\/v2\/posts"}],"about":[{"href":"https:\/\/pakosc-kalwaria.franciszkanie.net\/index.php\/wp-json\/wp\/v2\/types\/post"}],"author":[{"embeddable":true,"href":"https:\/\/pakosc-kalwaria.franciszkanie.net\/index.php\/wp-json\/wp\/v2\/users\/2"}],"replies":[{"embeddable":true,"href":"https:\/\/pakosc-kalwaria.franciszkanie.net\/index.php\/wp-json\/wp\/v2\/comments?post=13926"}],"version-history":[{"count":3,"href":"https:\/\/pakosc-kalwaria.franciszkanie.net\/index.php\/wp-json\/wp\/v2\/posts\/13926\/revisions"}],"predecessor-version":[{"id":13929,"href":"https:\/\/pakosc-kalwaria.franciszkanie.net\/index.php\/wp-json\/wp\/v2\/posts\/13926\/revisions\/13929"}],"wp:featuredmedia":[{"embeddable":true,"href":"https:\/\/pakosc-kalwaria.franciszkanie.net\/index.php\/wp-json\/wp\/v2\/media\/13795"}],"wp:attachment":[{"href":"https:\/\/pakosc-kalwaria.franciszkanie.net\/index.php\/wp-json\/wp\/v2\/media?parent=13926"}],"wp:term":[{"taxonomy":"category","embeddable":true,"href":"https:\/\/pakosc-kalwaria.franciszkanie.net\/index.php\/wp-json\/wp\/v2\/categories?post=13926"},{"taxonomy":"post_tag","embeddable":true,"href":"https:\/\/pakosc-kalwaria.franciszkanie.net\/index.php\/wp-json\/wp\/v2\/tags?post=13926"}],"curies":[{"name":"wp","href":"https:\/\/api.w.org\/{rel}","templated":true}]}}