{"id":13958,"date":"2020-05-30T08:00:15","date_gmt":"2020-05-30T06:00:15","guid":{"rendered":"http:\/\/pakosc-kalwaria.franciszkanie.net\/?p=13958"},"modified":"2020-06-05T16:30:12","modified_gmt":"2020-06-05T14:30:12","slug":"tegoroczna-lednicawdomu-6-czerwca-2020r","status":"publish","type":"post","link":"https:\/\/pakosc-kalwaria.franciszkanie.net\/index.php\/2020\/05\/30\/tegoroczna-lednicawdomu-6-czerwca-2020r\/","title":{"rendered":"Tegoroczna Lednicawdomu \u2013 6 czerwca 2020r."},"content":{"rendered":"<p><strong>Tegoroczna Lednica 2000 odb\u0119dzie si\u0119 w innej ni\u017c dotychczas formie. Z uwagi na zagro\u017cenie koronawirusem organizatorzy <span style=\"color: #ff0000;\">zapraszaj\u0105 6 czerwca na #Lednicawdomu.<\/span> Wszystkie grupy, kt\u00f3re zazwyczaj przybywa\u0142y w r\u00f3\u017cnych terminach, a wi\u0119c: m\u0142odzi, dzieci, seniorzy i motocykli\u015bci, spotkaj\u0105 si\u0119 tego dnia za po\u015brednictwem internetu i innych \u015brodk\u00f3w przekazu.<\/strong><\/p>\n<p>\u201eDzi\u015b wiemy ju\u017c na pewno, \u017ce 6 czerwca 2020 r. chcemy by\u0107 razem, lecz w nieco innej formie. W duchu troski i odpowiedzialno\u015bci zapraszamy na #Lednicawdomu. Wierzymy, \u017ce naszym zadaniem jest zadbanie o bezpiecze\u0144stwo fizyczne pielgrzym\u00f3w, ale te\u017c o ich duchowe umocnienie\u201d \u2013 napisali organizatorzy spotkania na Polach Lednickich.<\/p>\n<p>Podkre\u015blaj\u0105, \u017ce tegoroczne, XXIV spotkanie odb\u0119dzie si\u0119 za pomoc\u0105 medi\u00f3w, tak by ka\u017cdy, kto chcia\u0142 uczestniczy\u0107 w czerwcowym wydarzeniu, mia\u0142 tak\u0105 mo\u017cliwo\u015b\u0107, ale u siebie w domu.<\/p>\n<p>\u201eLednica to entuzjazm wiary, a wi\u0119c niech on trwa! Chcemy razem z Wami celebrowa\u0107 to, co w Spotkaniach Lednickich najpi\u0119kniejsze \u2013 wyb\u00f3r Chrystusa, rado\u015b\u0107 i u\u015bmiech, \u015bpiew, taniec, wsp\u00f3ln\u0105 modlitw\u0119 i adoracj\u0119. Zapraszamy Was, by ju\u017c dzi\u015b, w pe\u0142nym zaufaniu Bogu, powierzy\u0107 ten czas przygotowa\u0144 i powiedzie\u0107: \u201eCa\u0142y Tw\u00f3j\u201d\u201d \u2013 t\u0142umacz\u0105 organizatorzy.<\/p>\n<p>\u201ePodczas lednickiego czuwania pod\u0105\u017cymy drog\u0105 Maryi. Chcemy, tak jak Ona, w pe\u0142ni zawierzy\u0107 si\u0119 Panu Bogu. Na wz\u00f3r \u015bw. Jana Paw\u0142a II pragniemy powtarza\u0107 s\u0142owa, kt\u00f3re s\u0105 te\u017c has\u0142em naszego spotkania: \u201eCa\u0142y Tw\u00f3j\u201d \u2013 m\u00f3wi KAI Dominika Chylewska.<\/p>\n<p>Rzecznik prasowy Lednicy 2000 podkre\u015bla, \u017ce s\u0142owa \u201eCa\u0142y Tw\u00f3j, ca\u0142a Twoja\u201d opisuj\u0105 \u017cycie Maryi. Uczestnicy zostan\u0105 zaproszeni do pod\u0105\u017cenia \u015bladami Miriam, aby uczy\u0107 si\u0119 zawierzenia Bogu, cho\u0107 zmieni si\u0119 nieco planowana wcze\u015bniej forma tego wydarzenia.<\/p>\n<p>Podczas czerwcowego spotkania uczestnicy b\u0119d\u0105 te\u017c wspomina\u0107 posta\u0107 i pos\u0142ug\u0119 kard. Stefana Wyszy\u0144skiego, kt\u00f3ry tak\u017ce zawierzy\u0142 si\u0119 Panu Bogu na wz\u00f3r Maryi. \u201eSpotkanie odb\u0119dzie si\u0119 w przeddzie\u0144 planowanej beatyfikacji, trudno wi\u0119c nie przywo\u0142a\u0107 postaci Prymasa Polski\u201d \u2013 powiedzia\u0142 rzecznik Lednicy 2000.<\/p>\n","protected":false},"excerpt":{"rendered":"<p>Tegoroczna Lednica 2000 odb\u0119dzie si\u0119 w innej ni\u017c dotychczas formie. Z uwagi na zagro\u017cenie koronawirusem organizatorzy zapraszaj\u0105 6 czerwca na #Lednicawdomu. Wszystkie grupy, kt\u00f3re zazwyczaj przybywa\u0142y w r\u00f3\u017cnych terminach, a wi\u0119c: m\u0142odzi, dzieci, seniorzy i motocykli\u015bci, spotkaj\u0105 si\u0119 tego dnia za po\u015brednictwem internetu i innych \u015brodk\u00f3w przekazu. \u201eDzi\u015b wiemy ju\u017c na pewno, \u017ce 6 czerwca &hellip;<\/p>\n","protected":false},"author":2,"featured_media":13959,"comment_status":"closed","ping_status":"open","sticky":false,"template":"","format":"standard","meta":{"_mi_skip_tracking":false,"_exactmetrics_sitenote_active":false,"_exactmetrics_sitenote_note":"","_exactmetrics_sitenote_category":0},"categories":[13],"tags":[],"yoast_head":"<!-- This site is optimized with the Yoast SEO plugin v18.1 - https:\/\/yoast.com\/wordpress\/plugins\/seo\/ -->\n<title>Tegoroczna Lednicawdomu \u2013 6 czerwca 2020r. - Pako\u015b\u0107 \u2013 Kalwaria<\/title>\n<meta name=\"robots\" content=\"index, follow, max-snippet:-1, max-image-preview:large, max-video-preview:-1\" \/>\n<link rel=\"canonical\" href=\"https:\/\/pakosc-kalwaria.franciszkanie.net\/index.php\/2020\/05\/30\/tegoroczna-lednicawdomu-6-czerwca-2020r\/\" \/>\n<meta property=\"og:locale\" content=\"pl_PL\" \/>\n<meta property=\"og:type\" content=\"article\" \/>\n<meta property=\"og:title\" content=\"Tegoroczna Lednicawdomu \u2013 6 czerwca 2020r. - Pako\u015b\u0107 \u2013 Kalwaria\" \/>\n<meta property=\"og:description\" content=\"Tegoroczna Lednica 2000 odb\u0119dzie si\u0119 w innej ni\u017c dotychczas formie. Z uwagi na zagro\u017cenie koronawirusem organizatorzy zapraszaj\u0105 6 czerwca na #Lednicawdomu. Wszystkie grupy, kt\u00f3re zazwyczaj przybywa\u0142y w r\u00f3\u017cnych terminach, a wi\u0119c: m\u0142odzi, dzieci, seniorzy i motocykli\u015bci, spotkaj\u0105 si\u0119 tego dnia za po\u015brednictwem internetu i innych \u015brodk\u00f3w przekazu. \u201eDzi\u015b wiemy ju\u017c na pewno, \u017ce 6 czerwca &hellip;\" \/>\n<meta property=\"og:url\" content=\"https:\/\/pakosc-kalwaria.franciszkanie.net\/index.php\/2020\/05\/30\/tegoroczna-lednicawdomu-6-czerwca-2020r\/\" \/>\n<meta property=\"og:site_name\" content=\"Pako\u015b\u0107 \u2013 Kalwaria\" \/>\n<meta property=\"article:author\" content=\"https:\/\/www.facebook.com\/KalwariaPakosc\/\" \/>\n<meta property=\"article:published_time\" content=\"2020-05-30T06:00:15+00:00\" \/>\n<meta property=\"article:modified_time\" content=\"2020-06-05T14:30:12+00:00\" \/>\n<meta property=\"og:image\" content=\"https:\/\/pakosc-kalwaria.franciszkanie.net\/wp-content\/uploads\/2020\/05\/2020-05-21-10-27-00.jpg\" \/>\n\t<meta property=\"og:image:width\" content=\"250\" \/>\n\t<meta property=\"og:image:height\" content=\"250\" \/>\n\t<meta property=\"og:image:type\" content=\"image\/jpeg\" \/>\n<meta name=\"twitter:card\" content=\"summary\" \/>\n<meta name=\"twitter:label1\" content=\"Napisane przez\" \/>\n\t<meta name=\"twitter:data1\" content=\"pakosc-kalwaria\" \/>\n\t<meta name=\"twitter:label2\" content=\"Szacowany czas czytania\" \/>\n\t<meta name=\"twitter:data2\" content=\"2 minuty\" \/>\n<script type=\"application\/ld+json\" class=\"yoast-schema-graph\">{\"@context\":\"https:\/\/schema.org\",\"@graph\":[{\"@type\":\"WebSite\",\"@id\":\"https:\/\/pakosc-kalwaria.franciszkanie.net\/#website\",\"url\":\"https:\/\/pakosc-kalwaria.franciszkanie.net\/\",\"name\":\"Pako\u015b\u0107 \u2013 Kalwaria\",\"description\":\"Parafia Rzymsko \u2013 Katolicka p.w. Pana Jezusa Ukrzy\u017cowanego i  Matki Bo\u017cej Bolesnej ul. Barci\u0144ska 60, 88\u2013170 Pako\u015b\u0107 \u2013 Kalwaria\",\"potentialAction\":[{\"@type\":\"SearchAction\",\"target\":{\"@type\":\"EntryPoint\",\"urlTemplate\":\"https:\/\/pakosc-kalwaria.franciszkanie.net\/?s={search_term_string}\"},\"query-input\":\"required name=search_term_string\"}],\"inLanguage\":\"pl-PL\"},{\"@type\":\"ImageObject\",\"@id\":\"https:\/\/pakosc-kalwaria.franciszkanie.net\/index.php\/2020\/05\/30\/tegoroczna-lednicawdomu-6-czerwca-2020r\/#primaryimage\",\"inLanguage\":\"pl-PL\",\"url\":\"https:\/\/pakosc-kalwaria.franciszkanie.net\/wp-content\/uploads\/2020\/05\/2020-05-21-10-27-00.jpg\",\"contentUrl\":\"https:\/\/pakosc-kalwaria.franciszkanie.net\/wp-content\/uploads\/2020\/05\/2020-05-21-10-27-00.jpg\",\"width\":250,\"height\":250},{\"@type\":\"WebPage\",\"@id\":\"https:\/\/pakosc-kalwaria.franciszkanie.net\/index.php\/2020\/05\/30\/tegoroczna-lednicawdomu-6-czerwca-2020r\/#webpage\",\"url\":\"https:\/\/pakosc-kalwaria.franciszkanie.net\/index.php\/2020\/05\/30\/tegoroczna-lednicawdomu-6-czerwca-2020r\/\",\"name\":\"Tegoroczna Lednicawdomu \u2013 6 czerwca 2020r. - Pako\u015b\u0107 \u2013 Kalwaria\",\"isPartOf\":{\"@id\":\"https:\/\/pakosc-kalwaria.franciszkanie.net\/#website\"},\"primaryImageOfPage\":{\"@id\":\"https:\/\/pakosc-kalwaria.franciszkanie.net\/index.php\/2020\/05\/30\/tegoroczna-lednicawdomu-6-czerwca-2020r\/#primaryimage\"},\"datePublished\":\"2020-05-30T06:00:15+00:00\",\"dateModified\":\"2020-06-05T14:30:12+00:00\",\"author\":{\"@id\":\"https:\/\/pakosc-kalwaria.franciszkanie.net\/#\/schema\/person\/af10b943be0760709227d060eadcb2aa\"},\"breadcrumb\":{\"@id\":\"https:\/\/pakosc-kalwaria.franciszkanie.net\/index.php\/2020\/05\/30\/tegoroczna-lednicawdomu-6-czerwca-2020r\/#breadcrumb\"},\"inLanguage\":\"pl-PL\",\"potentialAction\":[{\"@type\":\"ReadAction\",\"target\":[\"https:\/\/pakosc-kalwaria.franciszkanie.net\/index.php\/2020\/05\/30\/tegoroczna-lednicawdomu-6-czerwca-2020r\/\"]}]},{\"@type\":\"BreadcrumbList\",\"@id\":\"https:\/\/pakosc-kalwaria.franciszkanie.net\/index.php\/2020\/05\/30\/tegoroczna-lednicawdomu-6-czerwca-2020r\/#breadcrumb\",\"itemListElement\":[{\"@type\":\"ListItem\",\"position\":1,\"name\":\"Strona g\u0142\u00f3wna\",\"item\":\"https:\/\/pakosc-kalwaria.franciszkanie.net\/\"},{\"@type\":\"ListItem\",\"position\":2,\"name\":\"Tegoroczna Lednicawdomu \u2013 6 czerwca 2020r.\"}]},{\"@type\":\"Person\",\"@id\":\"https:\/\/pakosc-kalwaria.franciszkanie.net\/#\/schema\/person\/af10b943be0760709227d060eadcb2aa\",\"name\":\"pakosc-kalwaria\",\"image\":{\"@type\":\"ImageObject\",\"@id\":\"https:\/\/pakosc-kalwaria.franciszkanie.net\/#personlogo\",\"inLanguage\":\"pl-PL\",\"url\":\"https:\/\/secure.gravatar.com\/avatar\/e7049d338b55eac6a0027ff3218b8d02?s=96&d=mm&r=g\",\"contentUrl\":\"https:\/\/secure.gravatar.com\/avatar\/e7049d338b55eac6a0027ff3218b8d02?s=96&d=mm&r=g\",\"caption\":\"pakosc-kalwaria\"},\"sameAs\":[\"https:\/\/www.facebook.com\/KalwariaPakosc\/\"],\"url\":\"https:\/\/pakosc-kalwaria.franciszkanie.net\/index.php\/author\/pakosc-kalwaria\/\"}]}<\/script>\n<!-- \/ Yoast SEO plugin. -->","yoast_head_json":{"title":"Tegoroczna Lednicawdomu \u2013 6 czerwca 2020r. - Pako\u015b\u0107 \u2013 Kalwaria","robots":{"index":"index","follow":"follow","max-snippet":"max-snippet:-1","max-image-preview":"max-image-preview:large","max-video-preview":"max-video-preview:-1"},"canonical":"https:\/\/pakosc-kalwaria.franciszkanie.net\/index.php\/2020\/05\/30\/tegoroczna-lednicawdomu-6-czerwca-2020r\/","og_locale":"pl_PL","og_type":"article","og_title":"Tegoroczna Lednicawdomu \u2013 6 czerwca 2020r. - Pako\u015b\u0107 \u2013 Kalwaria","og_description":"Tegoroczna Lednica 2000 odb\u0119dzie si\u0119 w innej ni\u017c dotychczas formie. Z uwagi na zagro\u017cenie koronawirusem organizatorzy zapraszaj\u0105 6 czerwca na #Lednicawdomu. Wszystkie grupy, kt\u00f3re zazwyczaj przybywa\u0142y w r\u00f3\u017cnych terminach, a wi\u0119c: m\u0142odzi, dzieci, seniorzy i motocykli\u015bci, spotkaj\u0105 si\u0119 tego dnia za po\u015brednictwem internetu i innych \u015brodk\u00f3w przekazu. \u201eDzi\u015b wiemy ju\u017c na pewno, \u017ce 6 czerwca &hellip;","og_url":"https:\/\/pakosc-kalwaria.franciszkanie.net\/index.php\/2020\/05\/30\/tegoroczna-lednicawdomu-6-czerwca-2020r\/","og_site_name":"Pako\u015b\u0107 \u2013 Kalwaria","article_author":"https:\/\/www.facebook.com\/KalwariaPakosc\/","article_published_time":"2020-05-30T06:00:15+00:00","article_modified_time":"2020-06-05T14:30:12+00:00","og_image":[{"width":250,"height":250,"url":"https:\/\/pakosc-kalwaria.franciszkanie.net\/wp-content\/uploads\/2020\/05\/2020-05-21-10-27-00.jpg","type":"image\/jpeg"}],"twitter_card":"summary","twitter_misc":{"Napisane przez":"pakosc-kalwaria","Szacowany czas czytania":"2 minuty"},"schema":{"@context":"https:\/\/schema.org","@graph":[{"@type":"WebSite","@id":"https:\/\/pakosc-kalwaria.franciszkanie.net\/#website","url":"https:\/\/pakosc-kalwaria.franciszkanie.net\/","name":"Pako\u015b\u0107 \u2013 Kalwaria","description":"Parafia Rzymsko \u2013 Katolicka p.w. Pana Jezusa Ukrzy\u017cowanego i  Matki Bo\u017cej Bolesnej ul. Barci\u0144ska 60, 88\u2013170 Pako\u015b\u0107 \u2013 Kalwaria","potentialAction":[{"@type":"SearchAction","target":{"@type":"EntryPoint","urlTemplate":"https:\/\/pakosc-kalwaria.franciszkanie.net\/?s={search_term_string}"},"query-input":"required name=search_term_string"}],"inLanguage":"pl-PL"},{"@type":"ImageObject","@id":"https:\/\/pakosc-kalwaria.franciszkanie.net\/index.php\/2020\/05\/30\/tegoroczna-lednicawdomu-6-czerwca-2020r\/#primaryimage","inLanguage":"pl-PL","url":"https:\/\/pakosc-kalwaria.franciszkanie.net\/wp-content\/uploads\/2020\/05\/2020-05-21-10-27-00.jpg","contentUrl":"https:\/\/pakosc-kalwaria.franciszkanie.net\/wp-content\/uploads\/2020\/05\/2020-05-21-10-27-00.jpg","width":250,"height":250},{"@type":"WebPage","@id":"https:\/\/pakosc-kalwaria.franciszkanie.net\/index.php\/2020\/05\/30\/tegoroczna-lednicawdomu-6-czerwca-2020r\/#webpage","url":"https:\/\/pakosc-kalwaria.franciszkanie.net\/index.php\/2020\/05\/30\/tegoroczna-lednicawdomu-6-czerwca-2020r\/","name":"Tegoroczna Lednicawdomu \u2013 6 czerwca 2020r. - Pako\u015b\u0107 \u2013 Kalwaria","isPartOf":{"@id":"https:\/\/pakosc-kalwaria.franciszkanie.net\/#website"},"primaryImageOfPage":{"@id":"https:\/\/pakosc-kalwaria.franciszkanie.net\/index.php\/2020\/05\/30\/tegoroczna-lednicawdomu-6-czerwca-2020r\/#primaryimage"},"datePublished":"2020-05-30T06:00:15+00:00","dateModified":"2020-06-05T14:30:12+00:00","author":{"@id":"https:\/\/pakosc-kalwaria.franciszkanie.net\/#\/schema\/person\/af10b943be0760709227d060eadcb2aa"},"breadcrumb":{"@id":"https:\/\/pakosc-kalwaria.franciszkanie.net\/index.php\/2020\/05\/30\/tegoroczna-lednicawdomu-6-czerwca-2020r\/#breadcrumb"},"inLanguage":"pl-PL","potentialAction":[{"@type":"ReadAction","target":["https:\/\/pakosc-kalwaria.franciszkanie.net\/index.php\/2020\/05\/30\/tegoroczna-lednicawdomu-6-czerwca-2020r\/"]}]},{"@type":"BreadcrumbList","@id":"https:\/\/pakosc-kalwaria.franciszkanie.net\/index.php\/2020\/05\/30\/tegoroczna-lednicawdomu-6-czerwca-2020r\/#breadcrumb","itemListElement":[{"@type":"ListItem","position":1,"name":"Strona g\u0142\u00f3wna","item":"https:\/\/pakosc-kalwaria.franciszkanie.net\/"},{"@type":"ListItem","position":2,"name":"Tegoroczna Lednicawdomu \u2013 6 czerwca 2020r."}]},{"@type":"Person","@id":"https:\/\/pakosc-kalwaria.franciszkanie.net\/#\/schema\/person\/af10b943be0760709227d060eadcb2aa","name":"pakosc-kalwaria","image":{"@type":"ImageObject","@id":"https:\/\/pakosc-kalwaria.franciszkanie.net\/#personlogo","inLanguage":"pl-PL","url":"https:\/\/secure.gravatar.com\/avatar\/e7049d338b55eac6a0027ff3218b8d02?s=96&d=mm&r=g","contentUrl":"https:\/\/secure.gravatar.com\/avatar\/e7049d338b55eac6a0027ff3218b8d02?s=96&d=mm&r=g","caption":"pakosc-kalwaria"},"sameAs":["https:\/\/www.facebook.com\/KalwariaPakosc\/"],"url":"https:\/\/pakosc-kalwaria.franciszkanie.net\/index.php\/author\/pakosc-kalwaria\/"}]}},"_links":{"self":[{"href":"https:\/\/pakosc-kalwaria.franciszkanie.net\/index.php\/wp-json\/wp\/v2\/posts\/13958"}],"collection":[{"href":"https:\/\/pakosc-kalwaria.franciszkanie.net\/index.php\/wp-json\/wp\/v2\/posts"}],"about":[{"href":"https:\/\/pakosc-kalwaria.franciszkanie.net\/index.php\/wp-json\/wp\/v2\/types\/post"}],"author":[{"embeddable":true,"href":"https:\/\/pakosc-kalwaria.franciszkanie.net\/index.php\/wp-json\/wp\/v2\/users\/2"}],"replies":[{"embeddable":true,"href":"https:\/\/pakosc-kalwaria.franciszkanie.net\/index.php\/wp-json\/wp\/v2\/comments?post=13958"}],"version-history":[{"count":1,"href":"https:\/\/pakosc-kalwaria.franciszkanie.net\/index.php\/wp-json\/wp\/v2\/posts\/13958\/revisions"}],"predecessor-version":[{"id":13960,"href":"https:\/\/pakosc-kalwaria.franciszkanie.net\/index.php\/wp-json\/wp\/v2\/posts\/13958\/revisions\/13960"}],"wp:featuredmedia":[{"embeddable":true,"href":"https:\/\/pakosc-kalwaria.franciszkanie.net\/index.php\/wp-json\/wp\/v2\/media\/13959"}],"wp:attachment":[{"href":"https:\/\/pakosc-kalwaria.franciszkanie.net\/index.php\/wp-json\/wp\/v2\/media?parent=13958"}],"wp:term":[{"taxonomy":"category","embeddable":true,"href":"https:\/\/pakosc-kalwaria.franciszkanie.net\/index.php\/wp-json\/wp\/v2\/categories?post=13958"},{"taxonomy":"post_tag","embeddable":true,"href":"https:\/\/pakosc-kalwaria.franciszkanie.net\/index.php\/wp-json\/wp\/v2\/tags?post=13958"}],"curies":[{"name":"wp","href":"https:\/\/api.w.org\/{rel}","templated":true}]}}