{"id":14807,"date":"2021-05-15T08:30:57","date_gmt":"2021-05-15T06:30:57","guid":{"rendered":"http:\/\/pakosc-kalwaria.franciszkanie.net\/?p=14807"},"modified":"2021-05-22T08:25:01","modified_gmt":"2021-05-22T06:25:01","slug":"pierwsza-komunia-swieta-w-kalwaryjskiej-parafii-spotkanie-dla-rodzicow-11-wrzesnia","status":"publish","type":"post","link":"https:\/\/pakosc-kalwaria.franciszkanie.net\/index.php\/2021\/05\/15\/pierwsza-komunia-swieta-w-kalwaryjskiej-parafii-spotkanie-dla-rodzicow-11-wrzesnia\/","title":{"rendered":"Pierwsza Komunia \u015bwi\u0119ta i Bia\u0142y Tydzie\u0144 w kalwaryjskiej Parafii"},"content":{"rendered":"<p><strong>W ramach <span style=\"color: #ff0000;\">Bia\u0142ego Tygodnia po Pierwszej Komunii \u015bwi\u0119tej,<\/span> dzieci wraz z rodzicami uczestnicz\u0105:<u><br \/>\n<\/u><span style=\"color: #ff0000;\">\u2013 w niedziele (16.05.)<\/span> <span style=\"color: #ff0000;\">w Mszy \u015awi\u0119tej o 15.00. <\/span>W czasie tej Mszy \u015awi\u0119tej dzieci sk\u0142adaj\u0105 przyrzeczenie abstynencji od napoj\u00f3w alkoholowych. Przyrzeczenie jest dobrowolne i czas jego obowi\u0105zywania dzieci\u00a0 ustalaj\u0105 z rodzicami (np. do 15-go czy 18-go roku \u017cycia)<br \/>\n<\/strong><strong><span style=\"color: #ff0000;\">\u2013 od poniedzia\u0142ku do pi\u0105tku (17 &#8211; 21.05.)<\/span> <span style=\"color: #ff0000;\">w nabo\u017ce\u0144stwach majowych o 16.30 i <\/span><\/strong><span style=\"color: #ff0000;\"><strong>Mszach \u015bwi\u0119tych o 17.00.<\/strong><\/span><\/p>\n<p>&nbsp;<\/p>\n<p><strong><span style=\"color: #ff0000;\">Pierwsza Komunia \u015bwi\u0119ta<\/span> w naszej kalwaryjskiej Parafii\u00a0 odby\u0142a si\u0119 <span style=\"color: #ff0000;\">w sobot\u0119 15 maja 2021r. <span style=\"color: #000000;\">w dw\u00f3ch grupach<\/span> o 10.00 i 11.30<\/span>. Po Mszy \u015bwi\u0119tej\u00a0 nast\u0105pi\u0142o wr\u0119czenie pami\u0105tkowych obrazk\u00f3w oraz <\/strong><strong>by\u0142o wsp\u00f3lne zdj\u0119cie.<br \/>\n<\/strong><strong><span style=\"color: #ff0000;\">Pierwsza Spowied\u017a \u015bw.<\/span> <span style=\"color: #ff0000;\">dla dzieci by\u0142a w pi\u0105tek 14 maja<span style=\"color: #000000;\"> w dw\u00f3ch grupach<\/span> o 15.00 i 15.30.<\/span> By\u0142a w tym czasie okazja do Spowiedzi tak\u017ce dla rodzic\u00f3w oraz ch\u0119tnych os\u00f3b.<\/strong><\/p>\n<p><strong><span style=\"text-decoration: underline;\">W ostatnim tygodniu przed Pierwsz\u0105 Komunia \u015bwi\u0119t\u0105:<\/span><br \/>\n<span style=\"color: #ff0000;\">&#8211; w sobot\u0119 8 maja<\/span> dla dzieci pr\u00f3by w dw\u00f3ch grupach <span style=\"color: #ff0000;\">o 11.00 i 12.00<\/span><br \/>\n<span style=\"color: #ff0000;\">&#8211; we wtorek 11 maja o 17.30<\/span> wsp\u00f3lna pr\u00f3ba dla dzieci po\u0142\u0105czona ze \u015bpiewem pie\u015bni<\/strong><br \/>\n<strong><span style=\"color: #ff0000;\">&#8211; w \u015brod\u0119 12 maja o 18.00<\/span> sprz\u0105tanie ko\u015bcio\u0142a przez rodzic\u00f3w<\/strong><br \/>\n<strong>&#8211;<span style=\"color: #ff0000;\"> w czwartek 13 maja o 14.00<\/span> &#8211; przygotowanie <\/strong><strong> dekoracji <\/strong><strong>w ko\u015bciele<\/strong><\/p>\n<p><strong><br \/>\nW ramach przygotowania do Pierwszej Komunii \u015bw. w naszej kalwaryjskiej Parafii <span style=\"color: #ff0000;\">dzieci wraz z rodzicami:<\/span><\/strong><br \/>\n<span style=\"color: #ff0000;\"><strong>&#8211; piel\u0119gnuj\u0105 codzienn\u0105 modlitw\u0119: rano i wieczorem<\/strong><\/span><br \/>\n<span style=\"color: #ff0000;\"><strong>&#8211; w<\/strong><strong><span style=\"color: #ff0000;\"> k<\/span>a\u017cd\u0105 niedziel\u0119 uczestnicz\u0105 we Mszy \u015bw. <span style=\"color: #000000;\">&#8211; w naszym kalwaryjskim ko\u015bciele o 11.00 lub z powodu pandemii koronawirusa poprzez \u015brodki spo\u0142ecznego przekazu. <\/span><br \/>\n<\/strong><\/span><\/p>\n<p><span style=\"color: #ff0000;\">1<\/span><u><strong><span style=\"color: #ff0000;\">. Data \u2013 sobota 15.05.2021r <\/span><\/strong><\/u><u> <\/u><br \/>\n<strong>\u2013 po Mszy \u015bw. wsp\u00f3lne zdj\u0119cie i pami\u0105tkowe obrazki<\/strong><\/p>\n<p><strong><u> <\/u><span style=\"text-decoration: underline;\"><span style=\"color: #ff0000; text-decoration: underline;\">2. Deklaracje, metryki chrztu i pozwolenia<\/span><\/span><\/strong><br \/>\n<strong>\u2013 deklaracje \u2013 trzeba wype\u0142ni\u0107 do 27 wrze\u015bnia<\/strong><br \/>\n<strong> \u2013 pozwolenie je\u017celi dzieci s\u0105 z innej parafii \u2013 wraz z deklaracj\u0105<\/strong><br \/>\n<strong> \u2013 metryki chrztu \u015bw. dzieci, kt\u00f3re by\u0142y chrzczone poza nasz\u0105 parafi\u0105 \u2013 wraz z deklaracj\u0105\u00a0 <\/strong><br \/>\n<strong> \u2013 je\u017celi dziecko jest nieochrzczone \u2013 prosimy to\u00a0 zg\u0142osi\u0107 jak najszybciej<br \/>\n<\/strong> <strong><br \/>\n<span style=\"text-decoration: underline; color: #ff0000;\">3. W ramach przygotowania do Pierwszej Komunii \u015bw.:<\/span><\/strong><br \/>\n<strong> \u2013 Msze \u015bw. w niedziele o 11.00 (dzieci uczestnicz\u0105 wraz z rodzicami) i po Mszy \u015bw. spotkania dla dzieci wed\u0142ug og\u0142oszenia <\/strong><br \/>\n<strong> \u2013 spotkania z katechez\u0105 dla rodzic\u00f3w \u2013 po wcze\u015bniejszym og\u0142oszeniu lub w razie potrzeby po Mszy \u015bw. w niedziel\u0119 o 11.00<\/strong><\/p>\n<p><strong><span style=\"color: #000000;\"> \u2013 01.10.2020r. (czwartek) o 16.30 &#8211;<\/span> na pierwszym pa\u017adziernikowym nabo\u017ce\u0144stwie r\u00f3\u017ca\u0144cowym<br \/>\n<\/strong><\/p>\n<p><strong>\u2013 08.12. 20020r. (wtorek) w uroczysto\u015b\u0107 Niepokalanego Pocz\u0119cia NMP o 18.00 nabo\u017ce\u0144stwo ku czci Matki Bo\u017cej i po\u015bwi\u0119cenie medalik\u00f3w Matki Bo\u017cej<br \/>\n<\/strong><\/p>\n<p><strong>\u2013 06.01.2021r. (\u015broda) \u2013 w uroczysto\u015b\u0107 Trzech Kr\u00f3li o 11.00 Msza \u015bw. i po\u015bwi\u0119cenie modlitewnik\u00f3w<\/strong><\/p>\n<p><strong>\u2013 02.02.2021r. (wtorek) w \u015bwi\u0119to MB Gromnicznej o 17.00 Msza \u015bw. i po\u015bwi\u0119cenie \u015bwiec. Dzieci mog\u0105 mie\u0107 \u015bwiece od Chrztu \u015bwi\u0119tego.<br \/>\n<\/strong><\/p>\n<p><strong> \u2013 14.05.2021r. (pi\u0105tek) \u2013 Spowied\u017a \u015bw. dla dzieci i rodzic\u00f3w<br \/>\n<\/strong><\/p>\n<p><strong><u><br \/>\n<span style=\"color: #ff0000;\">4. W ramach przygotowania do Pierwszej Komunii \u015bw.:<\/span><\/u><\/strong><br \/>\n<strong> \u2013 Nabo\u017ce\u0144stwa r\u00f3\u017ca\u0144cowe w pa\u017adzierniku (w tygodniu o 16.30, w niedziele o 10.30)<\/strong><br \/>\n<strong> \u2013 Roraty w Adwencie (od poniedzia\u0142ku do pi\u0105tku o 17.00)<\/strong><br \/>\n<strong> \u2013 W Wielkim Po\u015bcie: Drogi Krzy\u017cowe w pi\u0105tki na Kalwarii (16.30) lub w ko\u015bciele (17.00) oraz <\/strong><strong>w niedziele<\/strong><strong> w Gorzkie \u017bale (15.00)<\/strong><br \/>\n<strong> \u2013 Wielkopostne\u00a0 Rekolekcje szkolne dla dzieci \u2013 data b\u0119dzie podana w p\u00f3\u017aniejszym terminie<\/strong><br \/>\n<strong> \u2013 Nabo\u017ce\u0144stwa majowe (w tygodniu o 16.30, w niedziele o 10.30)<\/strong><\/p>\n<p><strong> 5. \u00a0Szaty jednakowe dla dziewczynek i dla ch\u0142opc\u00f3w<\/strong><br \/>\n<strong> \u2013 mo\u017cna zam\u00f3wi\u0107 nowe lub te\u017c odkupi\u0107 u\u017cywane szaty \u2013 kontakt z p. Katechetk\u0105 El\u0105<br \/>\n<\/strong><\/p>\n<p><strong> 6. Jeden kamerzysta i jeden fotograf \u2013 dla wszystkich dzieci<\/strong><\/p>\n<p><strong> 7. Pierwsza Komunia \u015bw. bez alkoholu \u2013 dzieci sk\u0142adaj\u0105 przyrzeczenie abstynencji dzie\u0144 po Komunii \u015bw. w czasie Mszy \u015bw. w niedziele o 12.15 \u2013 na jaki czas i czy w og\u00f3le \u2013 ustalaj\u0105 z rodzicami (np. do 15-go czy 18-go roku \u017cycia).<\/strong><\/p>\n<p><strong><u> 8. Bia\u0142y Tydzie\u0144 po Pierwszej Komunii \u015bw.:<\/u><\/strong><br \/>\n<strong> \u2013 codziennie do pi\u0105tku dzieci uczestnicz\u0105 w:<\/strong><br \/>\n<strong> \u2013 nabo\u017ce\u0144stwach majowych o 16.30<\/strong><br \/>\n<strong> \u2013 Mszach \u015bw. o 17.00<br \/>\n<\/strong><\/p>\n<p><strong> 9. Pielgrzymka dzieci\u00a0 do Sanktuarium \u2013 data b\u0119dzie podana w p\u00f3\u017aniejszym terminie<br \/>\n<\/strong><\/p>\n<p><strong>10. Dekoracja ko\u015bcio\u0142a \u2013 ch\u0119tne do pomocy osoby kontakt z p. katechetk\u0105 El\u0105<br \/>\n<\/strong><strong><br \/>\n11. Sprz\u0105tanie ko\u015bcio\u0142a \u00a0\u2013 rodzice po ustaleniu z p. katechetk\u0105 El\u0105<br \/>\n<\/strong><\/p>\n<p><strong> 12. <u>Op\u0142ata: 130 z\u0142<\/u><u>.<\/u> \u2013 r\u00f3\u017cance, medaliki Matki Bo\u017cej z \u0142a\u0144cuszkiem, modlitewniki, pami\u0105tki, dary ofiarne na Msze \u015bw.<\/strong><\/p>\n<p><strong><u> 13. Kwiaty, wystr\u00f3j ko\u015bcio\u0142a i dar dla ko\u015bcio\u0142a<\/u> \u2013 ustalaj\u0105 rodzice z p. katechetk\u0105 El\u0105<\/strong><\/p>\n<p>&nbsp;<\/p>\n<p><span style=\"color: #ff0000;\"><strong><u>Zach\u0119camy do piel\u0119gnowania w waszych Rodzinach Dni Odnowy Wewn\u0119trznej:<\/u><\/strong><\/span><strong><br \/>\n<span style=\"color: #ff0000;\">Pierwszy Czwartek Miesi\u0105ca<\/span> \u2013 Msza \u015bw. o 17.00 o nowe powo\u0142ania kap\u0142a\u0144skie i zakonne, Komunia \u015bw. pod 2 postaciami, adoracja Naj\u015bw. Sakramentu od 19.00 \u2013 20.00. <\/strong><br \/>\n<strong><span style=\"color: #ff0000;\">Pierwszy\u00a0 Pi\u0105tek Miesi\u0105ca <\/span>\u00a0(comiesi\u0119czna Spowied\u017a i Komunia \u015bw.) Spowied\u017a \u015bw. od 16.30, Msze \u015bw. o 17.00<\/strong><br \/>\n<strong><span style=\"color: #ff0000;\">Pierwsza\u00a0 Sobota Miesi\u0105ca<\/span> \u2013 Nabo\u017ce\u0144stwo wynagradzaj\u0105ce Niepokalanemu Sercu Maryi \u2013 po Mszy \u015bw. o 17.00.<\/strong><\/p>\n<p><strong><span style=\"color: #ff0000;\"><u><br \/>\nZach\u0119camy do w\u0142\u0105czenia si\u0119 we Wsp\u00f3lnoty w naszej Parafii<\/u><u>:<\/u> <\/span><br \/>\n<span style=\"color: #ff0000;\">&#8211; \u017bywy R\u00f3\u017caniec<\/span> \u2013 (zapraszamy kobiety, m\u0119\u017cczyzn oraz m\u0142odzie\u017c &#8211; spotkania w Pierwsze Soboty Miesi\u0105ca o 16.30)<br \/>\n<span style=\"color: #ff0000;\">&#8211; Towarzystwo \u015bw. Wojciecha<\/span> (zapraszamy m\u0119\u017cczyzn &#8211; spotkania po wcze\u015bniejszym og\u0142oszeniu &#8211; kontakt z o. Proboszczem)<br \/>\n<span style=\"color: #ff0000;\">&#8211; Liturgiczna S\u0142u\u017cba O\u0142tarza<\/span> (zbi\u00f3rki dla ministrant\u00f3w i kandydat\u00f3w na ministrant\u00f3w w soboty o 12.00) &#8211; zapraszamy tak\u017ce by\u0142ych ministrant\u00f3w<br \/>\n<\/strong><\/p>\n","protected":false},"excerpt":{"rendered":"<p>W ramach Bia\u0142ego Tygodnia po Pierwszej Komunii \u015bwi\u0119tej, dzieci wraz z rodzicami uczestnicz\u0105: \u2013 w niedziele (16.05.) w Mszy \u015awi\u0119tej o 15.00. W czasie tej Mszy \u015awi\u0119tej dzieci sk\u0142adaj\u0105 przyrzeczenie abstynencji od napoj\u00f3w alkoholowych. Przyrzeczenie jest dobrowolne i czas jego obowi\u0105zywania dzieci\u00a0 ustalaj\u0105 z rodzicami (np. do 15-go czy 18-go roku \u017cycia) \u2013 od poniedzia\u0142ku &hellip;<\/p>\n","protected":false},"author":2,"featured_media":14808,"comment_status":"closed","ping_status":"closed","sticky":false,"template":"","format":"standard","meta":{"_mi_skip_tracking":false,"_exactmetrics_sitenote_active":false,"_exactmetrics_sitenote_note":"","_exactmetrics_sitenote_category":0},"categories":[13],"tags":[],"yoast_head":"<!-- This site is optimized with the Yoast SEO plugin v18.1 - https:\/\/yoast.com\/wordpress\/plugins\/seo\/ -->\n<title>Pierwsza Komunia \u015bwi\u0119ta i Bia\u0142y Tydzie\u0144 w kalwaryjskiej Parafii - Pako\u015b\u0107 \u2013 Kalwaria<\/title>\n<meta name=\"robots\" content=\"index, follow, max-snippet:-1, max-image-preview:large, max-video-preview:-1\" \/>\n<link rel=\"canonical\" href=\"https:\/\/pakosc-kalwaria.franciszkanie.net\/index.php\/2021\/05\/15\/pierwsza-komunia-swieta-w-kalwaryjskiej-parafii-spotkanie-dla-rodzicow-11-wrzesnia\/\" \/>\n<meta property=\"og:locale\" content=\"pl_PL\" \/>\n<meta property=\"og:type\" content=\"article\" \/>\n<meta property=\"og:title\" content=\"Pierwsza Komunia \u015bwi\u0119ta i Bia\u0142y Tydzie\u0144 w kalwaryjskiej Parafii - Pako\u015b\u0107 \u2013 Kalwaria\" \/>\n<meta property=\"og:description\" content=\"W ramach Bia\u0142ego Tygodnia po Pierwszej Komunii \u015bwi\u0119tej, dzieci wraz z rodzicami uczestnicz\u0105: \u2013 w niedziele (16.05.) w Mszy \u015awi\u0119tej o 15.00. W czasie tej Mszy \u015awi\u0119tej dzieci sk\u0142adaj\u0105 przyrzeczenie abstynencji od napoj\u00f3w alkoholowych. Przyrzeczenie jest dobrowolne i czas jego obowi\u0105zywania dzieci\u00a0 ustalaj\u0105 z rodzicami (np. do 15-go czy 18-go roku \u017cycia) \u2013 od poniedzia\u0142ku &hellip;\" \/>\n<meta property=\"og:url\" content=\"https:\/\/pakosc-kalwaria.franciszkanie.net\/index.php\/2021\/05\/15\/pierwsza-komunia-swieta-w-kalwaryjskiej-parafii-spotkanie-dla-rodzicow-11-wrzesnia\/\" \/>\n<meta property=\"og:site_name\" content=\"Pako\u015b\u0107 \u2013 Kalwaria\" \/>\n<meta property=\"article:author\" content=\"https:\/\/www.facebook.com\/KalwariaPakosc\/\" \/>\n<meta property=\"article:published_time\" content=\"2021-05-15T06:30:57+00:00\" \/>\n<meta property=\"article:modified_time\" content=\"2021-05-22T06:25:01+00:00\" \/>\n<meta property=\"og:image\" content=\"https:\/\/pakosc-kalwaria.franciszkanie.net\/wp-content\/uploads\/2020\/09\/images.jpg\" \/>\n\t<meta property=\"og:image:width\" content=\"350\" \/>\n\t<meta property=\"og:image:height\" content=\"196\" \/>\n\t<meta property=\"og:image:type\" content=\"image\/jpeg\" \/>\n<meta name=\"twitter:card\" content=\"summary\" \/>\n<meta name=\"twitter:label1\" content=\"Napisane przez\" \/>\n\t<meta name=\"twitter:data1\" content=\"pakosc-kalwaria\" \/>\n\t<meta name=\"twitter:label2\" content=\"Szacowany czas czytania\" \/>\n\t<meta name=\"twitter:data2\" content=\"4 minuty\" \/>\n<script type=\"application\/ld+json\" class=\"yoast-schema-graph\">{\"@context\":\"https:\/\/schema.org\",\"@graph\":[{\"@type\":\"WebSite\",\"@id\":\"https:\/\/pakosc-kalwaria.franciszkanie.net\/#website\",\"url\":\"https:\/\/pakosc-kalwaria.franciszkanie.net\/\",\"name\":\"Pako\u015b\u0107 \u2013 Kalwaria\",\"description\":\"Parafia Rzymsko \u2013 Katolicka p.w. Pana Jezusa Ukrzy\u017cowanego i  Matki Bo\u017cej Bolesnej ul. Barci\u0144ska 60, 88\u2013170 Pako\u015b\u0107 \u2013 Kalwaria\",\"potentialAction\":[{\"@type\":\"SearchAction\",\"target\":{\"@type\":\"EntryPoint\",\"urlTemplate\":\"https:\/\/pakosc-kalwaria.franciszkanie.net\/?s={search_term_string}\"},\"query-input\":\"required name=search_term_string\"}],\"inLanguage\":\"pl-PL\"},{\"@type\":\"ImageObject\",\"@id\":\"https:\/\/pakosc-kalwaria.franciszkanie.net\/index.php\/2021\/05\/15\/pierwsza-komunia-swieta-w-kalwaryjskiej-parafii-spotkanie-dla-rodzicow-11-wrzesnia\/#primaryimage\",\"inLanguage\":\"pl-PL\",\"url\":\"https:\/\/pakosc-kalwaria.franciszkanie.net\/wp-content\/uploads\/2020\/09\/images.jpg\",\"contentUrl\":\"https:\/\/pakosc-kalwaria.franciszkanie.net\/wp-content\/uploads\/2020\/09\/images.jpg\",\"width\":350,\"height\":196},{\"@type\":\"WebPage\",\"@id\":\"https:\/\/pakosc-kalwaria.franciszkanie.net\/index.php\/2021\/05\/15\/pierwsza-komunia-swieta-w-kalwaryjskiej-parafii-spotkanie-dla-rodzicow-11-wrzesnia\/#webpage\",\"url\":\"https:\/\/pakosc-kalwaria.franciszkanie.net\/index.php\/2021\/05\/15\/pierwsza-komunia-swieta-w-kalwaryjskiej-parafii-spotkanie-dla-rodzicow-11-wrzesnia\/\",\"name\":\"Pierwsza Komunia \u015bwi\u0119ta i Bia\u0142y Tydzie\u0144 w kalwaryjskiej Parafii - Pako\u015b\u0107 \u2013 Kalwaria\",\"isPartOf\":{\"@id\":\"https:\/\/pakosc-kalwaria.franciszkanie.net\/#website\"},\"primaryImageOfPage\":{\"@id\":\"https:\/\/pakosc-kalwaria.franciszkanie.net\/index.php\/2021\/05\/15\/pierwsza-komunia-swieta-w-kalwaryjskiej-parafii-spotkanie-dla-rodzicow-11-wrzesnia\/#primaryimage\"},\"datePublished\":\"2021-05-15T06:30:57+00:00\",\"dateModified\":\"2021-05-22T06:25:01+00:00\",\"author\":{\"@id\":\"https:\/\/pakosc-kalwaria.franciszkanie.net\/#\/schema\/person\/af10b943be0760709227d060eadcb2aa\"},\"breadcrumb\":{\"@id\":\"https:\/\/pakosc-kalwaria.franciszkanie.net\/index.php\/2021\/05\/15\/pierwsza-komunia-swieta-w-kalwaryjskiej-parafii-spotkanie-dla-rodzicow-11-wrzesnia\/#breadcrumb\"},\"inLanguage\":\"pl-PL\",\"potentialAction\":[{\"@type\":\"ReadAction\",\"target\":[\"https:\/\/pakosc-kalwaria.franciszkanie.net\/index.php\/2021\/05\/15\/pierwsza-komunia-swieta-w-kalwaryjskiej-parafii-spotkanie-dla-rodzicow-11-wrzesnia\/\"]}]},{\"@type\":\"BreadcrumbList\",\"@id\":\"https:\/\/pakosc-kalwaria.franciszkanie.net\/index.php\/2021\/05\/15\/pierwsza-komunia-swieta-w-kalwaryjskiej-parafii-spotkanie-dla-rodzicow-11-wrzesnia\/#breadcrumb\",\"itemListElement\":[{\"@type\":\"ListItem\",\"position\":1,\"name\":\"Strona g\u0142\u00f3wna\",\"item\":\"https:\/\/pakosc-kalwaria.franciszkanie.net\/\"},{\"@type\":\"ListItem\",\"position\":2,\"name\":\"Pierwsza Komunia \u015bwi\u0119ta i Bia\u0142y Tydzie\u0144 w kalwaryjskiej Parafii\"}]},{\"@type\":\"Person\",\"@id\":\"https:\/\/pakosc-kalwaria.franciszkanie.net\/#\/schema\/person\/af10b943be0760709227d060eadcb2aa\",\"name\":\"pakosc-kalwaria\",\"image\":{\"@type\":\"ImageObject\",\"@id\":\"https:\/\/pakosc-kalwaria.franciszkanie.net\/#personlogo\",\"inLanguage\":\"pl-PL\",\"url\":\"https:\/\/secure.gravatar.com\/avatar\/e7049d338b55eac6a0027ff3218b8d02?s=96&d=mm&r=g\",\"contentUrl\":\"https:\/\/secure.gravatar.com\/avatar\/e7049d338b55eac6a0027ff3218b8d02?s=96&d=mm&r=g\",\"caption\":\"pakosc-kalwaria\"},\"sameAs\":[\"https:\/\/www.facebook.com\/KalwariaPakosc\/\"],\"url\":\"https:\/\/pakosc-kalwaria.franciszkanie.net\/index.php\/author\/pakosc-kalwaria\/\"}]}<\/script>\n<!-- \/ Yoast SEO plugin. -->","yoast_head_json":{"title":"Pierwsza Komunia \u015bwi\u0119ta i Bia\u0142y Tydzie\u0144 w kalwaryjskiej Parafii - Pako\u015b\u0107 \u2013 Kalwaria","robots":{"index":"index","follow":"follow","max-snippet":"max-snippet:-1","max-image-preview":"max-image-preview:large","max-video-preview":"max-video-preview:-1"},"canonical":"https:\/\/pakosc-kalwaria.franciszkanie.net\/index.php\/2021\/05\/15\/pierwsza-komunia-swieta-w-kalwaryjskiej-parafii-spotkanie-dla-rodzicow-11-wrzesnia\/","og_locale":"pl_PL","og_type":"article","og_title":"Pierwsza Komunia \u015bwi\u0119ta i Bia\u0142y Tydzie\u0144 w kalwaryjskiej Parafii - Pako\u015b\u0107 \u2013 Kalwaria","og_description":"W ramach Bia\u0142ego Tygodnia po Pierwszej Komunii \u015bwi\u0119tej, dzieci wraz z rodzicami uczestnicz\u0105: \u2013 w niedziele (16.05.) w Mszy \u015awi\u0119tej o 15.00. W czasie tej Mszy \u015awi\u0119tej dzieci sk\u0142adaj\u0105 przyrzeczenie abstynencji od napoj\u00f3w alkoholowych. Przyrzeczenie jest dobrowolne i czas jego obowi\u0105zywania dzieci\u00a0 ustalaj\u0105 z rodzicami (np. do 15-go czy 18-go roku \u017cycia) \u2013 od poniedzia\u0142ku &hellip;","og_url":"https:\/\/pakosc-kalwaria.franciszkanie.net\/index.php\/2021\/05\/15\/pierwsza-komunia-swieta-w-kalwaryjskiej-parafii-spotkanie-dla-rodzicow-11-wrzesnia\/","og_site_name":"Pako\u015b\u0107 \u2013 Kalwaria","article_author":"https:\/\/www.facebook.com\/KalwariaPakosc\/","article_published_time":"2021-05-15T06:30:57+00:00","article_modified_time":"2021-05-22T06:25:01+00:00","og_image":[{"width":350,"height":196,"url":"https:\/\/pakosc-kalwaria.franciszkanie.net\/wp-content\/uploads\/2020\/09\/images.jpg","type":"image\/jpeg"}],"twitter_card":"summary","twitter_misc":{"Napisane przez":"pakosc-kalwaria","Szacowany czas czytania":"4 minuty"},"schema":{"@context":"https:\/\/schema.org","@graph":[{"@type":"WebSite","@id":"https:\/\/pakosc-kalwaria.franciszkanie.net\/#website","url":"https:\/\/pakosc-kalwaria.franciszkanie.net\/","name":"Pako\u015b\u0107 \u2013 Kalwaria","description":"Parafia Rzymsko \u2013 Katolicka p.w. Pana Jezusa Ukrzy\u017cowanego i  Matki Bo\u017cej Bolesnej ul. Barci\u0144ska 60, 88\u2013170 Pako\u015b\u0107 \u2013 Kalwaria","potentialAction":[{"@type":"SearchAction","target":{"@type":"EntryPoint","urlTemplate":"https:\/\/pakosc-kalwaria.franciszkanie.net\/?s={search_term_string}"},"query-input":"required name=search_term_string"}],"inLanguage":"pl-PL"},{"@type":"ImageObject","@id":"https:\/\/pakosc-kalwaria.franciszkanie.net\/index.php\/2021\/05\/15\/pierwsza-komunia-swieta-w-kalwaryjskiej-parafii-spotkanie-dla-rodzicow-11-wrzesnia\/#primaryimage","inLanguage":"pl-PL","url":"https:\/\/pakosc-kalwaria.franciszkanie.net\/wp-content\/uploads\/2020\/09\/images.jpg","contentUrl":"https:\/\/pakosc-kalwaria.franciszkanie.net\/wp-content\/uploads\/2020\/09\/images.jpg","width":350,"height":196},{"@type":"WebPage","@id":"https:\/\/pakosc-kalwaria.franciszkanie.net\/index.php\/2021\/05\/15\/pierwsza-komunia-swieta-w-kalwaryjskiej-parafii-spotkanie-dla-rodzicow-11-wrzesnia\/#webpage","url":"https:\/\/pakosc-kalwaria.franciszkanie.net\/index.php\/2021\/05\/15\/pierwsza-komunia-swieta-w-kalwaryjskiej-parafii-spotkanie-dla-rodzicow-11-wrzesnia\/","name":"Pierwsza Komunia \u015bwi\u0119ta i Bia\u0142y Tydzie\u0144 w kalwaryjskiej Parafii - Pako\u015b\u0107 \u2013 Kalwaria","isPartOf":{"@id":"https:\/\/pakosc-kalwaria.franciszkanie.net\/#website"},"primaryImageOfPage":{"@id":"https:\/\/pakosc-kalwaria.franciszkanie.net\/index.php\/2021\/05\/15\/pierwsza-komunia-swieta-w-kalwaryjskiej-parafii-spotkanie-dla-rodzicow-11-wrzesnia\/#primaryimage"},"datePublished":"2021-05-15T06:30:57+00:00","dateModified":"2021-05-22T06:25:01+00:00","author":{"@id":"https:\/\/pakosc-kalwaria.franciszkanie.net\/#\/schema\/person\/af10b943be0760709227d060eadcb2aa"},"breadcrumb":{"@id":"https:\/\/pakosc-kalwaria.franciszkanie.net\/index.php\/2021\/05\/15\/pierwsza-komunia-swieta-w-kalwaryjskiej-parafii-spotkanie-dla-rodzicow-11-wrzesnia\/#breadcrumb"},"inLanguage":"pl-PL","potentialAction":[{"@type":"ReadAction","target":["https:\/\/pakosc-kalwaria.franciszkanie.net\/index.php\/2021\/05\/15\/pierwsza-komunia-swieta-w-kalwaryjskiej-parafii-spotkanie-dla-rodzicow-11-wrzesnia\/"]}]},{"@type":"BreadcrumbList","@id":"https:\/\/pakosc-kalwaria.franciszkanie.net\/index.php\/2021\/05\/15\/pierwsza-komunia-swieta-w-kalwaryjskiej-parafii-spotkanie-dla-rodzicow-11-wrzesnia\/#breadcrumb","itemListElement":[{"@type":"ListItem","position":1,"name":"Strona g\u0142\u00f3wna","item":"https:\/\/pakosc-kalwaria.franciszkanie.net\/"},{"@type":"ListItem","position":2,"name":"Pierwsza Komunia \u015bwi\u0119ta i Bia\u0142y Tydzie\u0144 w kalwaryjskiej Parafii"}]},{"@type":"Person","@id":"https:\/\/pakosc-kalwaria.franciszkanie.net\/#\/schema\/person\/af10b943be0760709227d060eadcb2aa","name":"pakosc-kalwaria","image":{"@type":"ImageObject","@id":"https:\/\/pakosc-kalwaria.franciszkanie.net\/#personlogo","inLanguage":"pl-PL","url":"https:\/\/secure.gravatar.com\/avatar\/e7049d338b55eac6a0027ff3218b8d02?s=96&d=mm&r=g","contentUrl":"https:\/\/secure.gravatar.com\/avatar\/e7049d338b55eac6a0027ff3218b8d02?s=96&d=mm&r=g","caption":"pakosc-kalwaria"},"sameAs":["https:\/\/www.facebook.com\/KalwariaPakosc\/"],"url":"https:\/\/pakosc-kalwaria.franciszkanie.net\/index.php\/author\/pakosc-kalwaria\/"}]}},"_links":{"self":[{"href":"https:\/\/pakosc-kalwaria.franciszkanie.net\/index.php\/wp-json\/wp\/v2\/posts\/14807"}],"collection":[{"href":"https:\/\/pakosc-kalwaria.franciszkanie.net\/index.php\/wp-json\/wp\/v2\/posts"}],"about":[{"href":"https:\/\/pakosc-kalwaria.franciszkanie.net\/index.php\/wp-json\/wp\/v2\/types\/post"}],"author":[{"embeddable":true,"href":"https:\/\/pakosc-kalwaria.franciszkanie.net\/index.php\/wp-json\/wp\/v2\/users\/2"}],"replies":[{"embeddable":true,"href":"https:\/\/pakosc-kalwaria.franciszkanie.net\/index.php\/wp-json\/wp\/v2\/comments?post=14807"}],"version-history":[{"count":36,"href":"https:\/\/pakosc-kalwaria.franciszkanie.net\/index.php\/wp-json\/wp\/v2\/posts\/14807\/revisions"}],"predecessor-version":[{"id":18510,"href":"https:\/\/pakosc-kalwaria.franciszkanie.net\/index.php\/wp-json\/wp\/v2\/posts\/14807\/revisions\/18510"}],"wp:featuredmedia":[{"embeddable":true,"href":"https:\/\/pakosc-kalwaria.franciszkanie.net\/index.php\/wp-json\/wp\/v2\/media\/14808"}],"wp:attachment":[{"href":"https:\/\/pakosc-kalwaria.franciszkanie.net\/index.php\/wp-json\/wp\/v2\/media?parent=14807"}],"wp:term":[{"taxonomy":"category","embeddable":true,"href":"https:\/\/pakosc-kalwaria.franciszkanie.net\/index.php\/wp-json\/wp\/v2\/categories?post=14807"},{"taxonomy":"post_tag","embeddable":true,"href":"https:\/\/pakosc-kalwaria.franciszkanie.net\/index.php\/wp-json\/wp\/v2\/tags?post=14807"}],"curies":[{"name":"wp","href":"https:\/\/api.w.org\/{rel}","templated":true}]}}