{"id":14824,"date":"2021-06-03T10:30:18","date_gmt":"2021-06-03T08:30:18","guid":{"rendered":"http:\/\/pakosc-kalwaria.franciszkanie.net\/?p=14824"},"modified":"2021-06-10T16:19:42","modified_gmt":"2021-06-10T14:19:42","slug":"spotkanie-dla-mlodziezy-klas-viii-z-kalwaryjskiej-parafii-i-ich-rodzicow-18-wrzesnia","status":"publish","type":"post","link":"https:\/\/pakosc-kalwaria.franciszkanie.net\/index.php\/2021\/06\/03\/spotkanie-dla-mlodziezy-klas-viii-z-kalwaryjskiej-parafii-i-ich-rodzicow-18-wrzesnia\/","title":{"rendered":"Przygotowanie do Bierzmowania w kalwaryjskiej Parafii. Spotkanie uczni\u00f3w klas VIII &#8211; 9 czerwca"},"content":{"rendered":"<p><strong>S<\/strong><strong>potkanie dla m\u0142odzie\u017cy klas VIII przygotowuj\u0105cych si\u0119 do Bierzmowania w naszej Parafii w <span style=\"color: #ff0000;\">\u015brod\u0119 9 czerwca. Odb\u0119dzie si\u0119 w ko\u015bciele o 18.00.<\/span> <\/strong><\/p>\n<p><strong>W ramach przygotowania do Bierzmowania w naszej Parafii odby\u0142y si\u0119 spotkania dla uczni\u00f3w klas VIII: we wrze\u015bniu i pa\u017adzierniku 2020r. oraz w lutym, marcu i maju 2021r.<br \/>\n<\/strong><\/p>\n<p><strong><br \/>\nPrzygotowanie do Sakramentu Bierzmowania\u00a0 w naszej Archidiecezji Gnie\u017anie\u0144skiej <\/strong><span style=\"color: #ff0000;\"><strong>trwa obecnie<\/strong><\/span><strong> <span style=\"color: #ff0000;\">2 lata.<\/span><br \/>\nProsimy o z\u0142o\u017cenie <span style=\"color: #ff0000;\">Deklaracji zg\u0142oszenia kandydata do Bierzmowania,\u00a0<\/span> przez m\u0142odzie\u017c klas VIII z naszej Parafii, kt\u00f3ra jeszcze tego nie uczyni\u0142a. <\/strong><strong><span style=\"color: #ff0000;\"><br \/>\n<\/span><\/strong><\/p>\n<p><strong><span style=\"color: #ff0000;\">W ramach przygotowania do przyj\u0119cia Sakramentu Bierzmowania kandydaci:<\/span><\/strong><br \/>\n<span style=\"color: #000000;\"><strong>&#8211; praktykuj\u0105 codzienn\u0105 modlitw\u0119<\/strong><\/span><br \/>\n<strong><span style=\"color: #000000;\">&#8211; uczestnicz\u0105<\/span> <span style=\"color: #ff0000;\">w ka\u017cd\u0105 niedziel\u0119 i \u015bwi\u0119to nakazane we Mszy \u015bw.<\/span> &#8211; w naszym kalwaryjskim ko\u015bciele w niedziele o 9.00 lub 11.00 (w sobot\u0119 o 17.00)<\/strong><br \/>\n<strong><span style=\"color: #000000;\">&#8211; przyst\u0119puj\u0105<\/span> <span style=\"color: #ff0000;\">co miesi\u0105c do Spowiedzi \u015bwi\u0119tej<\/span> oraz <span style=\"color: #ff0000;\">w Pierwsze Pi\u0105tki Miesiaca<\/span> <span style=\"color: #ff0000;\">do Komunii \u015bwi\u0119tej<\/span> &#8211; w naszym kalwaryjskim ko\u015bciele Spowied\u017a \u015bw. o 16.30, Msza \u015bw. o 17.00.<span style=\"color: #ff0000;\"><br \/>\n<\/span><span style=\"color: #000000;\">&#8211; uczestnicz\u0105 w adoracjach Naj\u015bwi\u0119tszego Sakramentu <\/span><span style=\"color: #ff0000;\">w Pierwsze Czwartki Miesiaca od 19.00 &#8211; 20.00.<br \/>\n<\/span><span style=\"color: #000000;\">&#8211; uczestnicz\u0105 w comiesi\u0119cznej <\/span><\/strong><span style=\"color: #000000;\"><strong>parafialnej <\/strong><\/span><strong><span style=\"color: #000000;\">katechezie<\/span> <span style=\"color: #ff0000;\">w I \u015brody miesi\u0105ca o 18.00.<br \/>\n<\/span><span style=\"color: #000000;\">&#8211; uczestnicz\u0105 regularnie w lekcjach religii.<\/span><\/strong><\/p>\n<p>&nbsp;<\/p>\n<p><strong>Rodzice oddaj\u0105 deklaracje &#8211; zg\u0142oszenie syna lub c\u00f3rki do Sakramentu Bierzmowania.<br \/>\nJe\u017celi dziecko by\u0142o chrzczone poza nasz\u0105 Parafi\u0105 nale\u017cy dostarczy\u0107 tak\u017ce \u015bwiadectwo Chrztu \u015bwi\u0119tego.<br \/>\nJe\u017celi kandydat do Bierzmowania zamieszkuje poza nasz\u0105 Parafi\u0105 potrzebna jest r\u00f3wnie\u017c zgoda Proboszcza ze swojej Parafii.<\/strong><\/p>\n<p><strong>W pi\u0105tek 18 wrze\u015bnia 2020r. w\u00a0 \u015bwi\u0119to \u015bw. Stanis\u0142awa Kostki, patrona Polski i m\u0142odzie\u017cy, o 17.00 zosta\u0142a odprawiona Msza \u015bw., kt\u00f3ra rozpocz\u0119\u0142a przygotowanie do przyj\u0119cia Sakramentu Bierzmowania przez m\u0142odzie\u017c klas VIII z naszej Parafii.\u00a0<\/strong><\/p>\n","protected":false},"excerpt":{"rendered":"<p>Spotkanie dla m\u0142odzie\u017cy klas VIII przygotowuj\u0105cych si\u0119 do Bierzmowania w naszej Parafii w \u015brod\u0119 9 czerwca. Odb\u0119dzie si\u0119 w ko\u015bciele o 18.00. W ramach przygotowania do Bierzmowania w naszej Parafii odby\u0142y si\u0119 spotkania dla uczni\u00f3w klas VIII: we wrze\u015bniu i pa\u017adzierniku 2020r. oraz w lutym, marcu i maju 2021r. Przygotowanie do Sakramentu Bierzmowania\u00a0 w naszej &hellip;<\/p>\n","protected":false},"author":2,"featured_media":14825,"comment_status":"closed","ping_status":"closed","sticky":false,"template":"","format":"standard","meta":{"_mi_skip_tracking":false,"_exactmetrics_sitenote_active":false,"_exactmetrics_sitenote_note":"","_exactmetrics_sitenote_category":0},"categories":[13],"tags":[],"yoast_head":"<!-- This site is optimized with the Yoast SEO plugin v18.1 - https:\/\/yoast.com\/wordpress\/plugins\/seo\/ -->\n<title>Przygotowanie do Bierzmowania w kalwaryjskiej Parafii. Spotkanie uczni\u00f3w klas VIII - 9 czerwca - Pako\u015b\u0107 \u2013 Kalwaria<\/title>\n<meta name=\"robots\" content=\"index, follow, max-snippet:-1, max-image-preview:large, max-video-preview:-1\" \/>\n<link rel=\"canonical\" href=\"https:\/\/pakosc-kalwaria.franciszkanie.net\/index.php\/2021\/06\/03\/spotkanie-dla-mlodziezy-klas-viii-z-kalwaryjskiej-parafii-i-ich-rodzicow-18-wrzesnia\/\" \/>\n<meta property=\"og:locale\" content=\"pl_PL\" \/>\n<meta property=\"og:type\" content=\"article\" \/>\n<meta property=\"og:title\" content=\"Przygotowanie do Bierzmowania w kalwaryjskiej Parafii. Spotkanie uczni\u00f3w klas VIII - 9 czerwca - Pako\u015b\u0107 \u2013 Kalwaria\" \/>\n<meta property=\"og:description\" content=\"Spotkanie dla m\u0142odzie\u017cy klas VIII przygotowuj\u0105cych si\u0119 do Bierzmowania w naszej Parafii w \u015brod\u0119 9 czerwca. Odb\u0119dzie si\u0119 w ko\u015bciele o 18.00. W ramach przygotowania do Bierzmowania w naszej Parafii odby\u0142y si\u0119 spotkania dla uczni\u00f3w klas VIII: we wrze\u015bniu i pa\u017adzierniku 2020r. oraz w lutym, marcu i maju 2021r. Przygotowanie do Sakramentu Bierzmowania\u00a0 w naszej &hellip;\" \/>\n<meta property=\"og:url\" content=\"https:\/\/pakosc-kalwaria.franciszkanie.net\/index.php\/2021\/06\/03\/spotkanie-dla-mlodziezy-klas-viii-z-kalwaryjskiej-parafii-i-ich-rodzicow-18-wrzesnia\/\" \/>\n<meta property=\"og:site_name\" content=\"Pako\u015b\u0107 \u2013 Kalwaria\" \/>\n<meta property=\"article:author\" content=\"https:\/\/www.facebook.com\/KalwariaPakosc\/\" \/>\n<meta property=\"article:published_time\" content=\"2021-06-03T08:30:18+00:00\" \/>\n<meta property=\"article:modified_time\" content=\"2021-06-10T14:19:42+00:00\" \/>\n<meta property=\"og:image\" content=\"https:\/\/pakosc-kalwaria.franciszkanie.net\/wp-content\/uploads\/2020\/09\/images-1.jpg\" \/>\n\t<meta property=\"og:image:width\" content=\"300\" \/>\n\t<meta property=\"og:image:height\" content=\"227\" \/>\n\t<meta property=\"og:image:type\" content=\"image\/jpeg\" \/>\n<meta name=\"twitter:card\" content=\"summary\" \/>\n<meta name=\"twitter:label1\" content=\"Napisane przez\" \/>\n\t<meta name=\"twitter:data1\" content=\"pakosc-kalwaria\" \/>\n\t<meta name=\"twitter:label2\" content=\"Szacowany czas czytania\" \/>\n\t<meta name=\"twitter:data2\" content=\"1 minuta\" \/>\n<script type=\"application\/ld+json\" class=\"yoast-schema-graph\">{\"@context\":\"https:\/\/schema.org\",\"@graph\":[{\"@type\":\"WebSite\",\"@id\":\"https:\/\/pakosc-kalwaria.franciszkanie.net\/#website\",\"url\":\"https:\/\/pakosc-kalwaria.franciszkanie.net\/\",\"name\":\"Pako\u015b\u0107 \u2013 Kalwaria\",\"description\":\"Parafia Rzymsko \u2013 Katolicka p.w. Pana Jezusa Ukrzy\u017cowanego i  Matki Bo\u017cej Bolesnej ul. Barci\u0144ska 60, 88\u2013170 Pako\u015b\u0107 \u2013 Kalwaria\",\"potentialAction\":[{\"@type\":\"SearchAction\",\"target\":{\"@type\":\"EntryPoint\",\"urlTemplate\":\"https:\/\/pakosc-kalwaria.franciszkanie.net\/?s={search_term_string}\"},\"query-input\":\"required name=search_term_string\"}],\"inLanguage\":\"pl-PL\"},{\"@type\":\"ImageObject\",\"@id\":\"https:\/\/pakosc-kalwaria.franciszkanie.net\/index.php\/2021\/06\/03\/spotkanie-dla-mlodziezy-klas-viii-z-kalwaryjskiej-parafii-i-ich-rodzicow-18-wrzesnia\/#primaryimage\",\"inLanguage\":\"pl-PL\",\"url\":\"https:\/\/pakosc-kalwaria.franciszkanie.net\/wp-content\/uploads\/2020\/09\/images-1.jpg\",\"contentUrl\":\"https:\/\/pakosc-kalwaria.franciszkanie.net\/wp-content\/uploads\/2020\/09\/images-1.jpg\",\"width\":300,\"height\":227},{\"@type\":\"WebPage\",\"@id\":\"https:\/\/pakosc-kalwaria.franciszkanie.net\/index.php\/2021\/06\/03\/spotkanie-dla-mlodziezy-klas-viii-z-kalwaryjskiej-parafii-i-ich-rodzicow-18-wrzesnia\/#webpage\",\"url\":\"https:\/\/pakosc-kalwaria.franciszkanie.net\/index.php\/2021\/06\/03\/spotkanie-dla-mlodziezy-klas-viii-z-kalwaryjskiej-parafii-i-ich-rodzicow-18-wrzesnia\/\",\"name\":\"Przygotowanie do Bierzmowania w kalwaryjskiej Parafii. Spotkanie uczni\u00f3w klas VIII - 9 czerwca - Pako\u015b\u0107 \u2013 Kalwaria\",\"isPartOf\":{\"@id\":\"https:\/\/pakosc-kalwaria.franciszkanie.net\/#website\"},\"primaryImageOfPage\":{\"@id\":\"https:\/\/pakosc-kalwaria.franciszkanie.net\/index.php\/2021\/06\/03\/spotkanie-dla-mlodziezy-klas-viii-z-kalwaryjskiej-parafii-i-ich-rodzicow-18-wrzesnia\/#primaryimage\"},\"datePublished\":\"2021-06-03T08:30:18+00:00\",\"dateModified\":\"2021-06-10T14:19:42+00:00\",\"author\":{\"@id\":\"https:\/\/pakosc-kalwaria.franciszkanie.net\/#\/schema\/person\/af10b943be0760709227d060eadcb2aa\"},\"breadcrumb\":{\"@id\":\"https:\/\/pakosc-kalwaria.franciszkanie.net\/index.php\/2021\/06\/03\/spotkanie-dla-mlodziezy-klas-viii-z-kalwaryjskiej-parafii-i-ich-rodzicow-18-wrzesnia\/#breadcrumb\"},\"inLanguage\":\"pl-PL\",\"potentialAction\":[{\"@type\":\"ReadAction\",\"target\":[\"https:\/\/pakosc-kalwaria.franciszkanie.net\/index.php\/2021\/06\/03\/spotkanie-dla-mlodziezy-klas-viii-z-kalwaryjskiej-parafii-i-ich-rodzicow-18-wrzesnia\/\"]}]},{\"@type\":\"BreadcrumbList\",\"@id\":\"https:\/\/pakosc-kalwaria.franciszkanie.net\/index.php\/2021\/06\/03\/spotkanie-dla-mlodziezy-klas-viii-z-kalwaryjskiej-parafii-i-ich-rodzicow-18-wrzesnia\/#breadcrumb\",\"itemListElement\":[{\"@type\":\"ListItem\",\"position\":1,\"name\":\"Strona g\u0142\u00f3wna\",\"item\":\"https:\/\/pakosc-kalwaria.franciszkanie.net\/\"},{\"@type\":\"ListItem\",\"position\":2,\"name\":\"Przygotowanie do Bierzmowania w kalwaryjskiej Parafii. Spotkanie uczni\u00f3w klas VIII &#8211; 9 czerwca\"}]},{\"@type\":\"Person\",\"@id\":\"https:\/\/pakosc-kalwaria.franciszkanie.net\/#\/schema\/person\/af10b943be0760709227d060eadcb2aa\",\"name\":\"pakosc-kalwaria\",\"image\":{\"@type\":\"ImageObject\",\"@id\":\"https:\/\/pakosc-kalwaria.franciszkanie.net\/#personlogo\",\"inLanguage\":\"pl-PL\",\"url\":\"https:\/\/secure.gravatar.com\/avatar\/e7049d338b55eac6a0027ff3218b8d02?s=96&d=mm&r=g\",\"contentUrl\":\"https:\/\/secure.gravatar.com\/avatar\/e7049d338b55eac6a0027ff3218b8d02?s=96&d=mm&r=g\",\"caption\":\"pakosc-kalwaria\"},\"sameAs\":[\"https:\/\/www.facebook.com\/KalwariaPakosc\/\"],\"url\":\"https:\/\/pakosc-kalwaria.franciszkanie.net\/index.php\/author\/pakosc-kalwaria\/\"}]}<\/script>\n<!-- \/ Yoast SEO plugin. -->","yoast_head_json":{"title":"Przygotowanie do Bierzmowania w kalwaryjskiej Parafii. Spotkanie uczni\u00f3w klas VIII - 9 czerwca - Pako\u015b\u0107 \u2013 Kalwaria","robots":{"index":"index","follow":"follow","max-snippet":"max-snippet:-1","max-image-preview":"max-image-preview:large","max-video-preview":"max-video-preview:-1"},"canonical":"https:\/\/pakosc-kalwaria.franciszkanie.net\/index.php\/2021\/06\/03\/spotkanie-dla-mlodziezy-klas-viii-z-kalwaryjskiej-parafii-i-ich-rodzicow-18-wrzesnia\/","og_locale":"pl_PL","og_type":"article","og_title":"Przygotowanie do Bierzmowania w kalwaryjskiej Parafii. Spotkanie uczni\u00f3w klas VIII - 9 czerwca - Pako\u015b\u0107 \u2013 Kalwaria","og_description":"Spotkanie dla m\u0142odzie\u017cy klas VIII przygotowuj\u0105cych si\u0119 do Bierzmowania w naszej Parafii w \u015brod\u0119 9 czerwca. Odb\u0119dzie si\u0119 w ko\u015bciele o 18.00. W ramach przygotowania do Bierzmowania w naszej Parafii odby\u0142y si\u0119 spotkania dla uczni\u00f3w klas VIII: we wrze\u015bniu i pa\u017adzierniku 2020r. oraz w lutym, marcu i maju 2021r. Przygotowanie do Sakramentu Bierzmowania\u00a0 w naszej &hellip;","og_url":"https:\/\/pakosc-kalwaria.franciszkanie.net\/index.php\/2021\/06\/03\/spotkanie-dla-mlodziezy-klas-viii-z-kalwaryjskiej-parafii-i-ich-rodzicow-18-wrzesnia\/","og_site_name":"Pako\u015b\u0107 \u2013 Kalwaria","article_author":"https:\/\/www.facebook.com\/KalwariaPakosc\/","article_published_time":"2021-06-03T08:30:18+00:00","article_modified_time":"2021-06-10T14:19:42+00:00","og_image":[{"width":300,"height":227,"url":"https:\/\/pakosc-kalwaria.franciszkanie.net\/wp-content\/uploads\/2020\/09\/images-1.jpg","type":"image\/jpeg"}],"twitter_card":"summary","twitter_misc":{"Napisane przez":"pakosc-kalwaria","Szacowany czas czytania":"1 minuta"},"schema":{"@context":"https:\/\/schema.org","@graph":[{"@type":"WebSite","@id":"https:\/\/pakosc-kalwaria.franciszkanie.net\/#website","url":"https:\/\/pakosc-kalwaria.franciszkanie.net\/","name":"Pako\u015b\u0107 \u2013 Kalwaria","description":"Parafia Rzymsko \u2013 Katolicka p.w. Pana Jezusa Ukrzy\u017cowanego i  Matki Bo\u017cej Bolesnej ul. Barci\u0144ska 60, 88\u2013170 Pako\u015b\u0107 \u2013 Kalwaria","potentialAction":[{"@type":"SearchAction","target":{"@type":"EntryPoint","urlTemplate":"https:\/\/pakosc-kalwaria.franciszkanie.net\/?s={search_term_string}"},"query-input":"required name=search_term_string"}],"inLanguage":"pl-PL"},{"@type":"ImageObject","@id":"https:\/\/pakosc-kalwaria.franciszkanie.net\/index.php\/2021\/06\/03\/spotkanie-dla-mlodziezy-klas-viii-z-kalwaryjskiej-parafii-i-ich-rodzicow-18-wrzesnia\/#primaryimage","inLanguage":"pl-PL","url":"https:\/\/pakosc-kalwaria.franciszkanie.net\/wp-content\/uploads\/2020\/09\/images-1.jpg","contentUrl":"https:\/\/pakosc-kalwaria.franciszkanie.net\/wp-content\/uploads\/2020\/09\/images-1.jpg","width":300,"height":227},{"@type":"WebPage","@id":"https:\/\/pakosc-kalwaria.franciszkanie.net\/index.php\/2021\/06\/03\/spotkanie-dla-mlodziezy-klas-viii-z-kalwaryjskiej-parafii-i-ich-rodzicow-18-wrzesnia\/#webpage","url":"https:\/\/pakosc-kalwaria.franciszkanie.net\/index.php\/2021\/06\/03\/spotkanie-dla-mlodziezy-klas-viii-z-kalwaryjskiej-parafii-i-ich-rodzicow-18-wrzesnia\/","name":"Przygotowanie do Bierzmowania w kalwaryjskiej Parafii. Spotkanie uczni\u00f3w klas VIII - 9 czerwca - Pako\u015b\u0107 \u2013 Kalwaria","isPartOf":{"@id":"https:\/\/pakosc-kalwaria.franciszkanie.net\/#website"},"primaryImageOfPage":{"@id":"https:\/\/pakosc-kalwaria.franciszkanie.net\/index.php\/2021\/06\/03\/spotkanie-dla-mlodziezy-klas-viii-z-kalwaryjskiej-parafii-i-ich-rodzicow-18-wrzesnia\/#primaryimage"},"datePublished":"2021-06-03T08:30:18+00:00","dateModified":"2021-06-10T14:19:42+00:00","author":{"@id":"https:\/\/pakosc-kalwaria.franciszkanie.net\/#\/schema\/person\/af10b943be0760709227d060eadcb2aa"},"breadcrumb":{"@id":"https:\/\/pakosc-kalwaria.franciszkanie.net\/index.php\/2021\/06\/03\/spotkanie-dla-mlodziezy-klas-viii-z-kalwaryjskiej-parafii-i-ich-rodzicow-18-wrzesnia\/#breadcrumb"},"inLanguage":"pl-PL","potentialAction":[{"@type":"ReadAction","target":["https:\/\/pakosc-kalwaria.franciszkanie.net\/index.php\/2021\/06\/03\/spotkanie-dla-mlodziezy-klas-viii-z-kalwaryjskiej-parafii-i-ich-rodzicow-18-wrzesnia\/"]}]},{"@type":"BreadcrumbList","@id":"https:\/\/pakosc-kalwaria.franciszkanie.net\/index.php\/2021\/06\/03\/spotkanie-dla-mlodziezy-klas-viii-z-kalwaryjskiej-parafii-i-ich-rodzicow-18-wrzesnia\/#breadcrumb","itemListElement":[{"@type":"ListItem","position":1,"name":"Strona g\u0142\u00f3wna","item":"https:\/\/pakosc-kalwaria.franciszkanie.net\/"},{"@type":"ListItem","position":2,"name":"Przygotowanie do Bierzmowania w kalwaryjskiej Parafii. Spotkanie uczni\u00f3w klas VIII &#8211; 9 czerwca"}]},{"@type":"Person","@id":"https:\/\/pakosc-kalwaria.franciszkanie.net\/#\/schema\/person\/af10b943be0760709227d060eadcb2aa","name":"pakosc-kalwaria","image":{"@type":"ImageObject","@id":"https:\/\/pakosc-kalwaria.franciszkanie.net\/#personlogo","inLanguage":"pl-PL","url":"https:\/\/secure.gravatar.com\/avatar\/e7049d338b55eac6a0027ff3218b8d02?s=96&d=mm&r=g","contentUrl":"https:\/\/secure.gravatar.com\/avatar\/e7049d338b55eac6a0027ff3218b8d02?s=96&d=mm&r=g","caption":"pakosc-kalwaria"},"sameAs":["https:\/\/www.facebook.com\/KalwariaPakosc\/"],"url":"https:\/\/pakosc-kalwaria.franciszkanie.net\/index.php\/author\/pakosc-kalwaria\/"}]}},"_links":{"self":[{"href":"https:\/\/pakosc-kalwaria.franciszkanie.net\/index.php\/wp-json\/wp\/v2\/posts\/14824"}],"collection":[{"href":"https:\/\/pakosc-kalwaria.franciszkanie.net\/index.php\/wp-json\/wp\/v2\/posts"}],"about":[{"href":"https:\/\/pakosc-kalwaria.franciszkanie.net\/index.php\/wp-json\/wp\/v2\/types\/post"}],"author":[{"embeddable":true,"href":"https:\/\/pakosc-kalwaria.franciszkanie.net\/index.php\/wp-json\/wp\/v2\/users\/2"}],"replies":[{"embeddable":true,"href":"https:\/\/pakosc-kalwaria.franciszkanie.net\/index.php\/wp-json\/wp\/v2\/comments?post=14824"}],"version-history":[{"count":41,"href":"https:\/\/pakosc-kalwaria.franciszkanie.net\/index.php\/wp-json\/wp\/v2\/posts\/14824\/revisions"}],"predecessor-version":[{"id":18646,"href":"https:\/\/pakosc-kalwaria.franciszkanie.net\/index.php\/wp-json\/wp\/v2\/posts\/14824\/revisions\/18646"}],"wp:featuredmedia":[{"embeddable":true,"href":"https:\/\/pakosc-kalwaria.franciszkanie.net\/index.php\/wp-json\/wp\/v2\/media\/14825"}],"wp:attachment":[{"href":"https:\/\/pakosc-kalwaria.franciszkanie.net\/index.php\/wp-json\/wp\/v2\/media?parent=14824"}],"wp:term":[{"taxonomy":"category","embeddable":true,"href":"https:\/\/pakosc-kalwaria.franciszkanie.net\/index.php\/wp-json\/wp\/v2\/categories?post=14824"},{"taxonomy":"post_tag","embeddable":true,"href":"https:\/\/pakosc-kalwaria.franciszkanie.net\/index.php\/wp-json\/wp\/v2\/tags?post=14824"}],"curies":[{"name":"wp","href":"https:\/\/api.w.org\/{rel}","templated":true}]}}