{"id":15732,"date":"2021-08-15T09:10:15","date_gmt":"2021-08-15T07:10:15","guid":{"rendered":"http:\/\/pakosc-kalwaria.franciszkanie.net\/?p=15732"},"modified":"2021-08-20T15:21:18","modified_gmt":"2021-08-20T13:21:18","slug":"zgromadzeni-na-swietej-wieczerzy-drugi-rok-programu-duszpasterskiego-o-eucharystii-2020-2021","status":"publish","type":"post","link":"https:\/\/pakosc-kalwaria.franciszkanie.net\/index.php\/2021\/08\/15\/zgromadzeni-na-swietej-wieczerzy-drugi-rok-programu-duszpasterskiego-o-eucharystii-2020-2021\/","title":{"rendered":"\u201eZgromadzeni na \u015bwi\u0119tej wieczerzy\u201d \u2013 drugi rok programu duszpasterskiego o Eucharystii 2020\/2021"},"content":{"rendered":"<p><span style=\"color: #ff0000;\"><strong>\u201eZgromadzeni na \u015bwi\u0119tej wieczerzy\u201d, <\/strong><\/span><strong>to has\u0142o programu duszpasterskiego Ko\u015bcio\u0142a w Polsce na kolejny rok liturgiczny, kt\u00f3ry rozpocz\u0119li\u015bmy w pierwsz\u0105 niedziel\u0119 Adwentu (29.11.2020). Jego mottem s\u0105 s\u0142owa: <span style=\"color: #ff0000;\">\u201eOjciec m\u00f3j da wam prawdziwy chleb z nieba\u201d<\/span> (J. 6,32). Rok ten jest drugim etapem trzyletniego programu duszpasterskiego pod has\u0142em:<span style=\"color: #ff0000;\"> \u201eEucharystia daje \u017cycie\u201d<\/span> (2019 \u2013 2022). Jego zasadniczym celem jest pog\u0142\u0119bienie w\u015br\u00f3d wiernych znaczenia tajemnicy Eucharystii jako centrum \u017cycia chrze\u015bcija\u0144skiego, rozumienia symboliki celebracji eucharystycznych i cz\u0119stego uczestnictwa w nich.<\/strong><\/p>\n<p><strong>Program na pierwszy rok trzyletniego cyklu<\/strong>, by\u0142 zaproszeniem wiernych do bardziej \u015bwiadomego udzia\u0142u w tajemnicy Eucharystii \u2013 wielkiej tajemnicy naszej wiary.<\/p>\n<p><strong>W drugim roku realizacji tego programu (2020\/21)<\/strong> pragniemy skoncentrowa\u0107 si\u0119 na sprawowaniu Eucharystii, st\u0105d w\u0142a\u015bnie has\u0142o: \u201eZgromadzeni na \u015bwi\u0119tej wieczerzy\u201d. Ten rok b\u0119dzie okazj\u0105 do pog\u0142\u0119bienia tego\u00a0 wszystkiego, co zwi\u0105zane jest pi\u0119knem sprawowanej liturgii. Wielkie znaczenie b\u0119dzie mia\u0142o r\u00f3wnie\u017c pog\u0142\u0119bienie formacji liturgicznej samych kap\u0142an\u00f3w jak i os\u00f3b zaanga\u017cowanych w parafialnych grupach s\u0142u\u017cby liturgicznej.<\/p>\n<p><strong>\u201cKo\u015bci\u00f3\u0142 w Polsce powinien zrobi\u0107 wszytko, aby Eucharystia \u2013 liturgiczne zgromadzenie wok\u00f3\u0142 Jezusa ukrzy\u017cowanego i zmartwychwsta\u0142ego \u2013 stawa\u0142o si\u0119 dla jej uczestnik\u00f3w do\u015bwiadczeniem wiary i rzeczywi\u015bcie by\u0142o spotkaniem z Osob\u0105 samego Chrystusa. Tego zadania nie jeste\u015bmy w stanie zrealizowa\u0107 bez osobistej wiary i wiary wsp\u00f3lnoty Ko\u015bcio\u0142a, kt\u00f3ra celebruje Eucharysti\u0119 zgodnie ustalonymi normami, wyra\u017conymi chocia\u017cby we Og\u00f3lnym wprowadzeniu do msza\u0142u rzymskiego\u201d<\/strong> \u2013 Abp Wiktor Skworc, metropolita katowicki.<\/p>\n<p>\u015aw. Jan Pawe\u0142 II w Li\u015bcie Apostolskim \u201eO \u015bwi\u0119towaniu Niedzieli\u201d podkre\u015bla, \u017ce &#8222;<strong>niedzielna Eucharystia jest najwa\u017cniejszym wydarzeniem w ka\u017cdej parafii i dlatego te\u017c tak wa\u017cna jest formowanie \u015bwiadomo\u015bci wiernych o potrzebie \u015bwi\u0119towania niedzieli jako \u201cDnia Pa\u0144skiego\u201d, a nie tylko czasu wypoczynku i oderwania od innych zaj\u0119\u0107&#8230; Eucharystia jest sercem niedzieli&#8221;.<\/strong><\/p>\n<p>Sob\u00f3r Watyka\u0144ski II: <strong>\u201eEucharystia jest \u017ar\u00f3d\u0142em i szczytem ca\u0142ego chrze\u015bcija\u0144skiego \u017cycia\u201d.<br \/>\n<\/strong><\/p>\n<p>\u015aw. Jan Pawe\u0142 II naucza\u0142, \u017ce : <strong>\u201eEucharystia stanowi najwi\u0119kszy dar jakim Chrystus obdarzy\u0142 i nieustannie obdarza sw\u00f3j Ko\u015bci\u00f3\u0142\u201d.<br \/>\n<\/strong>\u015aw. Jan Pawe\u0142 II og\u0142aszaj\u0105c przed \u015bmierci\u0105 Rok Eucharystyczny podkre\u015bli\u0142: <strong>\u201epragn\u0119 na nowo rozbudzi\u0107 eucharystyczne zdumienie w Ko\u015bciele\u201d. <\/strong><\/p>\n<p>Papie\u017c Benedykt XVI og\u0142aszaj\u0105c Rok Wiary zwr\u00f3ci\u0142 uwag\u0119, by <strong>\u201ez wi\u0119kszym zaanga\u017cowaniem celebrowa\u0107 wiar\u0119 w liturgii Eucharystii\u201d. <\/strong><\/p>\n<p><span style=\"color: #ff0000;\"><strong><br \/>\nRealizacja programu duszpasterskiego w latach 2019 \u2013 2022<\/strong><\/span><\/p>\n<p><strong>Rok I (2019\/2020)<br \/>\n<\/strong>Temat: Wielka tajemnica wiary<strong><br \/>\n<\/strong>Motto biblijne: \u201e[\u2026] aby\u015bcie uwierzyli w Tego, kt\u00f3rego [B\u00f3g] pos\u0142a\u0142\u201d (J 6,29)<\/p>\n<p><strong>Rok II (2020\/2021)<br \/>\n<\/strong>Temat: Zgromadzeni na \u015bwi\u0119tej wieczerzy<strong><br \/>\n<\/strong>Motto biblijne: \u201e[\u2026] Ojciec m\u00f3j da wam prawdziwy chleb z nieba\u201d (J 6, 32)<\/p>\n<p><strong>Rok III (2021\/2022)<br \/>\n<\/strong>Temat: Pos\u0142ani w pokoju Chrystusa<br \/>\nMotto biblijne: \u201eten, kto Mnie spo\u017cywa, b\u0119dzie \u017cy\u0142 przeze Mnie\u201d (J 6, 57).<\/p>\n<p><strong>Pog\u0142\u0119biaj\u0105c znaczenie Eucharystii w \u017cyciu chrze\u015bcija\u0144skim powinni\u015bmy do\u0142o\u017cy\u0107 wszelkich stara\u0144, aby ci\u0105gle na nowo aktualizowa\u0107 warto\u015b\u0107 w\u0142a\u015bciwego \u015bwi\u0119towania niedzieli, szczeg\u00f3lnie w gronie najbli\u017cszych, w rodzinie. Warto przywo\u0142a\u0107 przy tej okazji pragnienie \u015bw. \u00a0Jana Paw\u0142a II, aby niedziela sta\u0142a si\u0119 \u201emiejscem uprzywilejowanym, w kt\u00f3rym nieustannie g\u0142osi si\u0119 i kultywuje komuni\u0119. Dzi\u0119ki czynnemu udzia\u0142owi w Eucharystii dzie\u0144 Pa\u0144ski staje si\u0119 tak\u017ce dniem Ko\u015bcio\u0142a\u201d.<\/strong><\/p>\n<p><strong><span style=\"color: #ff0000;\"><br \/>\nSzczeg\u00f3\u0142owe cele programu duszpasterskiego<\/span><\/strong><\/p>\n<p><strong>a) Cel formacyjny<\/strong><\/p>\n<p>Eucharystia stanowi kluczowy wymiar \u017cycia chrze\u015bcija\u0144skiego. Wprowadzaj\u0105c Lud Bo\u017cy w trzecie tysi\u0105clecie<strong> \u015bw. Jan Pawe\u0142 II<\/strong> przypomnia\u0142, \u017ce Zbawiciel, kt\u00f3ry dwadzie\u015bcia wiek\u00f3w temu przyj\u0105\u0142 cia\u0142o w \u0142onie Maryi, w Eucharystii nadal ofiaruje si\u0119 ludzko\u015bci jako \u017ar\u00f3d\u0142o Boskiego \u017cycia.<\/p>\n<p>W ramach chrze\u015bcija\u0144skiej formacji nale\u017cy lepiej pozna\u0107 warto\u015b\u0107 i znaczenie Eucharystii, a tak\u017ce wzmocni\u0107 osobist\u0105 \u015bwiadomo\u015b\u0107 jej wp\u0142ywu na rozw\u00f3j \u017cycia duchowego. Szczeg\u00f3ln\u0105 odpowiedzialno\u015b\u0107 za sakrament Eucharystii powierzono biskupom i kap\u0142anom. Eucharystia jest g\u0142\u00f3wn\u0105 i centraln\u0105 racj\u0105 ich bytu; jest r\u00f3wnie\u017c znakiem jedno\u015bci ca\u0142ego Ko\u015bcio\u0142a. Konsekwencj\u0105 tego powinna by\u0107 troska o pi\u0119kno sprawowanej liturgii, odpowiednie jej przygotowanie i oprawa, tw\u00f3rcza opieka nad liturgiczn\u0105 s\u0142u\u017cb\u0105 o\u0142tarza czy szerzenie w parafii kultu eucharystycznego. Jego wyj\u0105tkow\u0105 form\u0105 jest bez w\u0105tpienia adoracja Naj\u015bwi\u0119tszego Sakramentu, kt\u00f3ra wyrasta z wewn\u0119trznego do\u015bwiadczenia dobrowolnego wyniszczenia Chrystusa na krzy\u017cu, mi\u0142ego Ojcu i uwielbionego w zmartwychwstaniu. Adoracja staje si\u0119 jak\u0105\u015b nasza odp\u0142at\u0105, wynagrodzeniem za t\u0119 ukrzy\u017cowana na \u015bmier\u0107 Mi\u0142o\u015b\u0107; Eucharysti\u0105 czyli naszym dzi\u0119kczynieniem. Odr\u0119bn\u0105 form\u0105 kultu eucharystycznego pozostaj\u0105 oczywi\u015bcie procesje, na czele z uroczysto\u015bci\u0105 Bo\u017cego Cia\u0142a.<\/p>\n<p><strong>b) Cel inicjacyjny<\/strong><\/p>\n<p>Skoro Eucharystia dope\u0142nia sakramenty chrze\u015bcija\u0144skiego wtajemniczenia, to podobnie jak w przypadku chrztu i bierzmowania, na pierwszy plan wysuwa si\u0119 dowarto\u015bciowanie roli mistagogii chrze\u015bcija\u0144skiej w przepowiadaniu i parafialnej katechezie. Przekazywanie Dobrej Nowiny o Chrystusie w ramach katechizacji parafialnej stanowi integraln\u0105 cz\u0119\u015b\u0107 pracy duszpasterskiej.<\/p>\n<p><strong>c) Cel ewangelizacyjny<\/strong><\/p>\n<p>Maj\u0105c na uwadze, \u017ce szczeg\u00f3lnym dniem prze\u017cywania i do\u015bwiadczenia Eucharystii jest niedziela, a tak\u017ce tendencje do spadku w wymiarze og\u00f3lnopolskim liczby wiernych uczestnicz\u0105cych w niedzielnej Eucharystii, ro\u015bnie pilna potrzeba w\u0142a\u015bciwego przygotowania i celebrowania Mszy \u015bw. Podobnie rzecz ma si\u0119 z organizacj\u0105 w parafii sta\u0142ej adoracji Naj\u015bwi\u0119tszego Sakramentu. Drzwi \u015bwi\u0105ty\u0144 mog\u0105 pozostawa\u0107 zawsze otwarte w ci\u0105gu dnia dla tych, kt\u00f3rzy potrzebuj\u0105 chwili modlitewnego wytchnienia w ciszy ko\u015bcio\u0142a.<\/p>\n<p><strong>d) Cel spo\u0142eczny<\/strong><\/p>\n<p>Zwi\u0105zek Eucharystii z Ko\u015bcio\u0142em, \u017cyciem, bli\u017animi i czynn\u0105 mi\u0142o\u015bci\u0105 drugiego doskonale okre\u015bla ostatni z cel\u00f3w programu duszpasterskiego. Znakiem rozpoznawczym ucznia Chrystusa pozostanie zawsze wzajemna mi\u0142o\u015b\u0107. \u201eEucharystia do tej mi\u0142o\u015bci wychowuje nas w spos\u00f3b najg\u0142\u0119bszy, ukazuje bowiem jak\u0105 warto\u015b\u0107 w oczach Bo\u017cych ma ka\u017cdy cz\u0142owiek, nasz brat i siostra, skoro ka\u017cdemu w taki sam spos\u00f3b Chrystus daje samego siebie pod postaciami chleba i wina. Je\u017celi praktykujemy autentyczny kult eucharystyczny, w oczach naszych musi rosn\u0105\u0107 godno\u015b\u0107 ka\u017cdego cz\u0142owieka\u201d.<\/p>\n<p><strong>Z Eucharystii rozumianej jako Mi\u0142o\u015b\u0107 i znajduj\u0105cej si\u0119 w samym \u015brodku \u017cycia rodzi si\u0119 ostatecznie ca\u0142y sakramentalny styl \u017cycia chrze\u015bcijanina.<\/strong><\/p>\n","protected":false},"excerpt":{"rendered":"<p>\u201eZgromadzeni na \u015bwi\u0119tej wieczerzy\u201d, to has\u0142o programu duszpasterskiego Ko\u015bcio\u0142a w Polsce na kolejny rok liturgiczny, kt\u00f3ry rozpocz\u0119li\u015bmy w pierwsz\u0105 niedziel\u0119 Adwentu (29.11.2020). Jego mottem s\u0105 s\u0142owa: \u201eOjciec m\u00f3j da wam prawdziwy chleb z nieba\u201d (J. 6,32). Rok ten jest drugim etapem trzyletniego programu duszpasterskiego pod has\u0142em: \u201eEucharystia daje \u017cycie\u201d (2019 \u2013 2022). Jego zasadniczym celem &hellip;<\/p>\n","protected":false},"author":2,"featured_media":15733,"comment_status":"closed","ping_status":"closed","sticky":false,"template":"","format":"standard","meta":{"_mi_skip_tracking":false,"_exactmetrics_sitenote_active":false,"_exactmetrics_sitenote_note":"","_exactmetrics_sitenote_category":0},"categories":[13,14],"tags":[],"yoast_head":"<!-- This site is optimized with the Yoast SEO plugin v18.1 - https:\/\/yoast.com\/wordpress\/plugins\/seo\/ -->\n<title>\u201eZgromadzeni na \u015bwi\u0119tej wieczerzy\u201d \u2013 drugi rok programu duszpasterskiego o Eucharystii 2020\/2021 - Pako\u015b\u0107 \u2013 Kalwaria<\/title>\n<meta name=\"robots\" content=\"index, follow, max-snippet:-1, max-image-preview:large, max-video-preview:-1\" \/>\n<link rel=\"canonical\" href=\"https:\/\/pakosc-kalwaria.franciszkanie.net\/index.php\/2021\/08\/15\/zgromadzeni-na-swietej-wieczerzy-drugi-rok-programu-duszpasterskiego-o-eucharystii-2020-2021\/\" \/>\n<meta property=\"og:locale\" content=\"pl_PL\" \/>\n<meta property=\"og:type\" content=\"article\" \/>\n<meta property=\"og:title\" content=\"\u201eZgromadzeni na \u015bwi\u0119tej wieczerzy\u201d \u2013 drugi rok programu duszpasterskiego o Eucharystii 2020\/2021 - Pako\u015b\u0107 \u2013 Kalwaria\" \/>\n<meta property=\"og:description\" content=\"\u201eZgromadzeni na \u015bwi\u0119tej wieczerzy\u201d, to has\u0142o programu duszpasterskiego Ko\u015bcio\u0142a w Polsce na kolejny rok liturgiczny, kt\u00f3ry rozpocz\u0119li\u015bmy w pierwsz\u0105 niedziel\u0119 Adwentu (29.11.2020). Jego mottem s\u0105 s\u0142owa: \u201eOjciec m\u00f3j da wam prawdziwy chleb z nieba\u201d (J. 6,32). Rok ten jest drugim etapem trzyletniego programu duszpasterskiego pod has\u0142em: \u201eEucharystia daje \u017cycie\u201d (2019 \u2013 2022). Jego zasadniczym celem &hellip;\" \/>\n<meta property=\"og:url\" content=\"https:\/\/pakosc-kalwaria.franciszkanie.net\/index.php\/2021\/08\/15\/zgromadzeni-na-swietej-wieczerzy-drugi-rok-programu-duszpasterskiego-o-eucharystii-2020-2021\/\" \/>\n<meta property=\"og:site_name\" content=\"Pako\u015b\u0107 \u2013 Kalwaria\" \/>\n<meta property=\"article:author\" content=\"https:\/\/www.facebook.com\/KalwariaPakosc\/\" \/>\n<meta property=\"article:published_time\" content=\"2021-08-15T07:10:15+00:00\" \/>\n<meta property=\"article:modified_time\" content=\"2021-08-20T13:21:18+00:00\" \/>\n<meta property=\"og:image\" content=\"https:\/\/pakosc-kalwaria.franciszkanie.net\/wp-content\/uploads\/2020\/11\/zgromadzeni-na-swietej-wieczerzy-poziom-baner-z-haslem-roku-2021.jpg\" \/>\n\t<meta property=\"og:image:width\" content=\"350\" \/>\n\t<meta property=\"og:image:height\" content=\"210\" \/>\n\t<meta property=\"og:image:type\" content=\"image\/jpeg\" \/>\n<meta name=\"twitter:card\" content=\"summary\" \/>\n<meta name=\"twitter:label1\" content=\"Napisane przez\" \/>\n\t<meta name=\"twitter:data1\" content=\"pakosc-kalwaria\" \/>\n\t<meta name=\"twitter:label2\" content=\"Szacowany czas czytania\" \/>\n\t<meta name=\"twitter:data2\" content=\"5 minut\" \/>\n<script type=\"application\/ld+json\" class=\"yoast-schema-graph\">{\"@context\":\"https:\/\/schema.org\",\"@graph\":[{\"@type\":\"WebSite\",\"@id\":\"https:\/\/pakosc-kalwaria.franciszkanie.net\/#website\",\"url\":\"https:\/\/pakosc-kalwaria.franciszkanie.net\/\",\"name\":\"Pako\u015b\u0107 \u2013 Kalwaria\",\"description\":\"Parafia Rzymsko \u2013 Katolicka p.w. Pana Jezusa Ukrzy\u017cowanego i  Matki Bo\u017cej Bolesnej ul. Barci\u0144ska 60, 88\u2013170 Pako\u015b\u0107 \u2013 Kalwaria\",\"potentialAction\":[{\"@type\":\"SearchAction\",\"target\":{\"@type\":\"EntryPoint\",\"urlTemplate\":\"https:\/\/pakosc-kalwaria.franciszkanie.net\/?s={search_term_string}\"},\"query-input\":\"required name=search_term_string\"}],\"inLanguage\":\"pl-PL\"},{\"@type\":\"ImageObject\",\"@id\":\"https:\/\/pakosc-kalwaria.franciszkanie.net\/index.php\/2021\/08\/15\/zgromadzeni-na-swietej-wieczerzy-drugi-rok-programu-duszpasterskiego-o-eucharystii-2020-2021\/#primaryimage\",\"inLanguage\":\"pl-PL\",\"url\":\"https:\/\/pakosc-kalwaria.franciszkanie.net\/wp-content\/uploads\/2020\/11\/zgromadzeni-na-swietej-wieczerzy-poziom-baner-z-haslem-roku-2021.jpg\",\"contentUrl\":\"https:\/\/pakosc-kalwaria.franciszkanie.net\/wp-content\/uploads\/2020\/11\/zgromadzeni-na-swietej-wieczerzy-poziom-baner-z-haslem-roku-2021.jpg\",\"width\":350,\"height\":210},{\"@type\":\"WebPage\",\"@id\":\"https:\/\/pakosc-kalwaria.franciszkanie.net\/index.php\/2021\/08\/15\/zgromadzeni-na-swietej-wieczerzy-drugi-rok-programu-duszpasterskiego-o-eucharystii-2020-2021\/#webpage\",\"url\":\"https:\/\/pakosc-kalwaria.franciszkanie.net\/index.php\/2021\/08\/15\/zgromadzeni-na-swietej-wieczerzy-drugi-rok-programu-duszpasterskiego-o-eucharystii-2020-2021\/\",\"name\":\"\u201eZgromadzeni na \u015bwi\u0119tej wieczerzy\u201d \u2013 drugi rok programu duszpasterskiego o Eucharystii 2020\/2021 - Pako\u015b\u0107 \u2013 Kalwaria\",\"isPartOf\":{\"@id\":\"https:\/\/pakosc-kalwaria.franciszkanie.net\/#website\"},\"primaryImageOfPage\":{\"@id\":\"https:\/\/pakosc-kalwaria.franciszkanie.net\/index.php\/2021\/08\/15\/zgromadzeni-na-swietej-wieczerzy-drugi-rok-programu-duszpasterskiego-o-eucharystii-2020-2021\/#primaryimage\"},\"datePublished\":\"2021-08-15T07:10:15+00:00\",\"dateModified\":\"2021-08-20T13:21:18+00:00\",\"author\":{\"@id\":\"https:\/\/pakosc-kalwaria.franciszkanie.net\/#\/schema\/person\/af10b943be0760709227d060eadcb2aa\"},\"breadcrumb\":{\"@id\":\"https:\/\/pakosc-kalwaria.franciszkanie.net\/index.php\/2021\/08\/15\/zgromadzeni-na-swietej-wieczerzy-drugi-rok-programu-duszpasterskiego-o-eucharystii-2020-2021\/#breadcrumb\"},\"inLanguage\":\"pl-PL\",\"potentialAction\":[{\"@type\":\"ReadAction\",\"target\":[\"https:\/\/pakosc-kalwaria.franciszkanie.net\/index.php\/2021\/08\/15\/zgromadzeni-na-swietej-wieczerzy-drugi-rok-programu-duszpasterskiego-o-eucharystii-2020-2021\/\"]}]},{\"@type\":\"BreadcrumbList\",\"@id\":\"https:\/\/pakosc-kalwaria.franciszkanie.net\/index.php\/2021\/08\/15\/zgromadzeni-na-swietej-wieczerzy-drugi-rok-programu-duszpasterskiego-o-eucharystii-2020-2021\/#breadcrumb\",\"itemListElement\":[{\"@type\":\"ListItem\",\"position\":1,\"name\":\"Strona g\u0142\u00f3wna\",\"item\":\"https:\/\/pakosc-kalwaria.franciszkanie.net\/\"},{\"@type\":\"ListItem\",\"position\":2,\"name\":\"\u201eZgromadzeni na \u015bwi\u0119tej wieczerzy\u201d \u2013 drugi rok programu duszpasterskiego o Eucharystii 2020\/2021\"}]},{\"@type\":\"Person\",\"@id\":\"https:\/\/pakosc-kalwaria.franciszkanie.net\/#\/schema\/person\/af10b943be0760709227d060eadcb2aa\",\"name\":\"pakosc-kalwaria\",\"image\":{\"@type\":\"ImageObject\",\"@id\":\"https:\/\/pakosc-kalwaria.franciszkanie.net\/#personlogo\",\"inLanguage\":\"pl-PL\",\"url\":\"https:\/\/secure.gravatar.com\/avatar\/e7049d338b55eac6a0027ff3218b8d02?s=96&d=mm&r=g\",\"contentUrl\":\"https:\/\/secure.gravatar.com\/avatar\/e7049d338b55eac6a0027ff3218b8d02?s=96&d=mm&r=g\",\"caption\":\"pakosc-kalwaria\"},\"sameAs\":[\"https:\/\/www.facebook.com\/KalwariaPakosc\/\"],\"url\":\"https:\/\/pakosc-kalwaria.franciszkanie.net\/index.php\/author\/pakosc-kalwaria\/\"}]}<\/script>\n<!-- \/ Yoast SEO plugin. -->","yoast_head_json":{"title":"\u201eZgromadzeni na \u015bwi\u0119tej wieczerzy\u201d \u2013 drugi rok programu duszpasterskiego o Eucharystii 2020\/2021 - Pako\u015b\u0107 \u2013 Kalwaria","robots":{"index":"index","follow":"follow","max-snippet":"max-snippet:-1","max-image-preview":"max-image-preview:large","max-video-preview":"max-video-preview:-1"},"canonical":"https:\/\/pakosc-kalwaria.franciszkanie.net\/index.php\/2021\/08\/15\/zgromadzeni-na-swietej-wieczerzy-drugi-rok-programu-duszpasterskiego-o-eucharystii-2020-2021\/","og_locale":"pl_PL","og_type":"article","og_title":"\u201eZgromadzeni na \u015bwi\u0119tej wieczerzy\u201d \u2013 drugi rok programu duszpasterskiego o Eucharystii 2020\/2021 - Pako\u015b\u0107 \u2013 Kalwaria","og_description":"\u201eZgromadzeni na \u015bwi\u0119tej wieczerzy\u201d, to has\u0142o programu duszpasterskiego Ko\u015bcio\u0142a w Polsce na kolejny rok liturgiczny, kt\u00f3ry rozpocz\u0119li\u015bmy w pierwsz\u0105 niedziel\u0119 Adwentu (29.11.2020). Jego mottem s\u0105 s\u0142owa: \u201eOjciec m\u00f3j da wam prawdziwy chleb z nieba\u201d (J. 6,32). Rok ten jest drugim etapem trzyletniego programu duszpasterskiego pod has\u0142em: \u201eEucharystia daje \u017cycie\u201d (2019 \u2013 2022). Jego zasadniczym celem &hellip;","og_url":"https:\/\/pakosc-kalwaria.franciszkanie.net\/index.php\/2021\/08\/15\/zgromadzeni-na-swietej-wieczerzy-drugi-rok-programu-duszpasterskiego-o-eucharystii-2020-2021\/","og_site_name":"Pako\u015b\u0107 \u2013 Kalwaria","article_author":"https:\/\/www.facebook.com\/KalwariaPakosc\/","article_published_time":"2021-08-15T07:10:15+00:00","article_modified_time":"2021-08-20T13:21:18+00:00","og_image":[{"width":350,"height":210,"url":"https:\/\/pakosc-kalwaria.franciszkanie.net\/wp-content\/uploads\/2020\/11\/zgromadzeni-na-swietej-wieczerzy-poziom-baner-z-haslem-roku-2021.jpg","type":"image\/jpeg"}],"twitter_card":"summary","twitter_misc":{"Napisane przez":"pakosc-kalwaria","Szacowany czas czytania":"5 minut"},"schema":{"@context":"https:\/\/schema.org","@graph":[{"@type":"WebSite","@id":"https:\/\/pakosc-kalwaria.franciszkanie.net\/#website","url":"https:\/\/pakosc-kalwaria.franciszkanie.net\/","name":"Pako\u015b\u0107 \u2013 Kalwaria","description":"Parafia Rzymsko \u2013 Katolicka p.w. Pana Jezusa Ukrzy\u017cowanego i  Matki Bo\u017cej Bolesnej ul. Barci\u0144ska 60, 88\u2013170 Pako\u015b\u0107 \u2013 Kalwaria","potentialAction":[{"@type":"SearchAction","target":{"@type":"EntryPoint","urlTemplate":"https:\/\/pakosc-kalwaria.franciszkanie.net\/?s={search_term_string}"},"query-input":"required name=search_term_string"}],"inLanguage":"pl-PL"},{"@type":"ImageObject","@id":"https:\/\/pakosc-kalwaria.franciszkanie.net\/index.php\/2021\/08\/15\/zgromadzeni-na-swietej-wieczerzy-drugi-rok-programu-duszpasterskiego-o-eucharystii-2020-2021\/#primaryimage","inLanguage":"pl-PL","url":"https:\/\/pakosc-kalwaria.franciszkanie.net\/wp-content\/uploads\/2020\/11\/zgromadzeni-na-swietej-wieczerzy-poziom-baner-z-haslem-roku-2021.jpg","contentUrl":"https:\/\/pakosc-kalwaria.franciszkanie.net\/wp-content\/uploads\/2020\/11\/zgromadzeni-na-swietej-wieczerzy-poziom-baner-z-haslem-roku-2021.jpg","width":350,"height":210},{"@type":"WebPage","@id":"https:\/\/pakosc-kalwaria.franciszkanie.net\/index.php\/2021\/08\/15\/zgromadzeni-na-swietej-wieczerzy-drugi-rok-programu-duszpasterskiego-o-eucharystii-2020-2021\/#webpage","url":"https:\/\/pakosc-kalwaria.franciszkanie.net\/index.php\/2021\/08\/15\/zgromadzeni-na-swietej-wieczerzy-drugi-rok-programu-duszpasterskiego-o-eucharystii-2020-2021\/","name":"\u201eZgromadzeni na \u015bwi\u0119tej wieczerzy\u201d \u2013 drugi rok programu duszpasterskiego o Eucharystii 2020\/2021 - Pako\u015b\u0107 \u2013 Kalwaria","isPartOf":{"@id":"https:\/\/pakosc-kalwaria.franciszkanie.net\/#website"},"primaryImageOfPage":{"@id":"https:\/\/pakosc-kalwaria.franciszkanie.net\/index.php\/2021\/08\/15\/zgromadzeni-na-swietej-wieczerzy-drugi-rok-programu-duszpasterskiego-o-eucharystii-2020-2021\/#primaryimage"},"datePublished":"2021-08-15T07:10:15+00:00","dateModified":"2021-08-20T13:21:18+00:00","author":{"@id":"https:\/\/pakosc-kalwaria.franciszkanie.net\/#\/schema\/person\/af10b943be0760709227d060eadcb2aa"},"breadcrumb":{"@id":"https:\/\/pakosc-kalwaria.franciszkanie.net\/index.php\/2021\/08\/15\/zgromadzeni-na-swietej-wieczerzy-drugi-rok-programu-duszpasterskiego-o-eucharystii-2020-2021\/#breadcrumb"},"inLanguage":"pl-PL","potentialAction":[{"@type":"ReadAction","target":["https:\/\/pakosc-kalwaria.franciszkanie.net\/index.php\/2021\/08\/15\/zgromadzeni-na-swietej-wieczerzy-drugi-rok-programu-duszpasterskiego-o-eucharystii-2020-2021\/"]}]},{"@type":"BreadcrumbList","@id":"https:\/\/pakosc-kalwaria.franciszkanie.net\/index.php\/2021\/08\/15\/zgromadzeni-na-swietej-wieczerzy-drugi-rok-programu-duszpasterskiego-o-eucharystii-2020-2021\/#breadcrumb","itemListElement":[{"@type":"ListItem","position":1,"name":"Strona g\u0142\u00f3wna","item":"https:\/\/pakosc-kalwaria.franciszkanie.net\/"},{"@type":"ListItem","position":2,"name":"\u201eZgromadzeni na \u015bwi\u0119tej wieczerzy\u201d \u2013 drugi rok programu duszpasterskiego o Eucharystii 2020\/2021"}]},{"@type":"Person","@id":"https:\/\/pakosc-kalwaria.franciszkanie.net\/#\/schema\/person\/af10b943be0760709227d060eadcb2aa","name":"pakosc-kalwaria","image":{"@type":"ImageObject","@id":"https:\/\/pakosc-kalwaria.franciszkanie.net\/#personlogo","inLanguage":"pl-PL","url":"https:\/\/secure.gravatar.com\/avatar\/e7049d338b55eac6a0027ff3218b8d02?s=96&d=mm&r=g","contentUrl":"https:\/\/secure.gravatar.com\/avatar\/e7049d338b55eac6a0027ff3218b8d02?s=96&d=mm&r=g","caption":"pakosc-kalwaria"},"sameAs":["https:\/\/www.facebook.com\/KalwariaPakosc\/"],"url":"https:\/\/pakosc-kalwaria.franciszkanie.net\/index.php\/author\/pakosc-kalwaria\/"}]}},"_links":{"self":[{"href":"https:\/\/pakosc-kalwaria.franciszkanie.net\/index.php\/wp-json\/wp\/v2\/posts\/15732"}],"collection":[{"href":"https:\/\/pakosc-kalwaria.franciszkanie.net\/index.php\/wp-json\/wp\/v2\/posts"}],"about":[{"href":"https:\/\/pakosc-kalwaria.franciszkanie.net\/index.php\/wp-json\/wp\/v2\/types\/post"}],"author":[{"embeddable":true,"href":"https:\/\/pakosc-kalwaria.franciszkanie.net\/index.php\/wp-json\/wp\/v2\/users\/2"}],"replies":[{"embeddable":true,"href":"https:\/\/pakosc-kalwaria.franciszkanie.net\/index.php\/wp-json\/wp\/v2\/comments?post=15732"}],"version-history":[{"count":5,"href":"https:\/\/pakosc-kalwaria.franciszkanie.net\/index.php\/wp-json\/wp\/v2\/posts\/15732\/revisions"}],"predecessor-version":[{"id":17125,"href":"https:\/\/pakosc-kalwaria.franciszkanie.net\/index.php\/wp-json\/wp\/v2\/posts\/15732\/revisions\/17125"}],"wp:featuredmedia":[{"embeddable":true,"href":"https:\/\/pakosc-kalwaria.franciszkanie.net\/index.php\/wp-json\/wp\/v2\/media\/15733"}],"wp:attachment":[{"href":"https:\/\/pakosc-kalwaria.franciszkanie.net\/index.php\/wp-json\/wp\/v2\/media?parent=15732"}],"wp:term":[{"taxonomy":"category","embeddable":true,"href":"https:\/\/pakosc-kalwaria.franciszkanie.net\/index.php\/wp-json\/wp\/v2\/categories?post=15732"},{"taxonomy":"post_tag","embeddable":true,"href":"https:\/\/pakosc-kalwaria.franciszkanie.net\/index.php\/wp-json\/wp\/v2\/tags?post=15732"}],"curies":[{"name":"wp","href":"https:\/\/api.w.org\/{rel}","templated":true}]}}