{"id":16212,"date":"2020-12-31T09:00:14","date_gmt":"2020-12-31T08:00:14","guid":{"rendered":"http:\/\/pakosc-kalwaria.franciszkanie.net\/?p=16212"},"modified":"2020-12-30T19:06:25","modified_gmt":"2020-12-30T18:06:25","slug":"ogloszenia-duszpasterskie-uroczystosc-swietej-bozej-rodzicielki-maryi-01-01-2021","status":"publish","type":"post","link":"https:\/\/pakosc-kalwaria.franciszkanie.net\/index.php\/2020\/12\/31\/ogloszenia-duszpasterskie-uroczystosc-swietej-bozej-rodzicielki-maryi-01-01-2021\/","title":{"rendered":"Og\u0142oszenia duszpasterskie &#8211; Uroczysto\u015b\u0107 \u015awi\u0119tej Bo\u017cej Rodzicielki Maryi  (01.01.2021)"},"content":{"rendered":"<p><strong><span style=\"color: #ff0000;\"><em><u>W czwartek (31.12.2020)<\/u><\/em> \u2013 o 17.00 Msza \u015awi\u0119ta i nabo\u017ce\u0144stwo na zako\u0144czenie Roku 2020r.<\/span>, za kt\u00f3re mo\u017cna zyska\u0107 odpust zupe\u0142ny pod zwyk\u0142ymi warunkami. Serdecznie zapraszamy na t\u0119 wsp\u00f3ln\u0105 dzi\u0119kczynn\u0105 modlitw\u0119. \u00a0\u00a0\u00a0\u00a0\u00a0\u00a0\u00a0 <\/strong><\/p>\n<p><strong><span style=\"color: #ff0000;\"><u>W tym tygodniu przypadaj\u0105 Dni Odnowy Wewn\u0119trznej.<\/u> \u00a0<\/span><\/strong><br \/>\n<strong>W kolejnym Roku duszpasterskim po\u015bwi\u0119conym Sakramentowi Eucharystii zach\u0119camy do cz\u0119stego udzia\u0142u w Mszach \u015awi\u0119tych w niedziele i w tygodniu, do comiesi\u0119cznej Spowiedzi \u015bw. i cz\u0119stej Komunii \u015bw., tak\u017ce w Pierwsze Pi\u0105tki Miesi\u0105ca. \u00a0\u00a0\u00a0\u00a0\u00a0\u00a0\u00a0\u00a0\u00a0\u00a0<\/strong><\/p>\n<p><strong><span style=\"color: #ff0000;\"><u>W pierwszy pi\u0105tek (01.01.2021)<\/u><\/span><span style=\"color: #ff0000;\"> \u2013 uroczysto\u015b\u0107 \u015awi\u0119tej Bo\u017cej Rodzicielki Maryi.<br \/>\nMsze \u015awi\u0119te o 9.00 11.00. i 17.00<\/span>. O 9.00 Msza \u015awi\u0119ta o Bo\u017ce b\u0142ogos\u0142awie\u0144stwo i opiek\u0119 Matki Bo\u017cej Bolesnej dla naszej Parafii i Klasztoru w Nowym Roku 2021. O 11.00 Msza \u015awi\u0119ta w intencjach zbiorowych do Bo\u017cego Mi\u0142osierdzia oraz za zmar\u0142ych polecanych w rocznych wypominkach.<\/strong><br \/>\n<strong><span style=\"color: #ff0000;\">W tym dniu udzia\u0142 we Mszy \u015awi\u0119tej jest obowi\u0105zkowy jak w ka\u017cd\u0105 niedziel\u0119<\/span>.<\/strong><\/p>\n<p><strong><span style=\"color: #ff0000;\"><em><u>W pierwsz\u0105 sobot\u0119 (02.01.)<\/u><\/em> <\/span>\u2013 przygotowujemy si\u0119 przez Nowenn\u0119 do Nawiedzenia Obrazu Matki Bo\u017cej Jasnog\u00f3rskiej, kt\u00f3re zaplanowane jest w naszej Parafii w dniach 12 \u2013 13 pa\u017adziernika 2021r. <span style=\"color: #ff0000;\">O 17.00 Msza \u015awi\u0119ta<\/span> za \u017cyj\u0105cych i zmar\u0142ych cz\u0142onk\u00f3w \u017bywego R\u00f3\u017ca\u0144ca i <span style=\"color: #ff0000;\">R\u00f3\u017caniec \u015bwi\u0119ty wynagradzaj\u0105cy Niepokalanemu Sercu Maryi.<\/span><\/strong><br \/>\n<strong><span style=\"color: #ff0000;\">W styczniu<\/span> \u017bywy R\u00f3\u017caniec w naszej Parafii modli si\u0119 wed\u0142ug <span style=\"color: #ff0000;\">Zestawu nr 10.<\/span> Zach\u0119camy do w\u0142\u0105czenia si\u0119 w \u017bywy R\u00f3\u017caniec w naszej Parafii. Deklaracje na stoliku pod ch\u00f3rem.<\/strong><\/p>\n<p><strong>Mo\u017cna jeszcze sk\u0142ada\u0107 <span style=\"color: #ff0000;\">Wypominki roczne za zmar\u0142ych na 2021r,<\/span> za kt\u00f3rych modlimy si\u0119 w ka\u017cd\u0105 niedziel\u0119 o 8.40 \u00a0oraz w Pierwsze Pi\u0105tki Miesi\u0105ca na Mszy \u015awi\u0119tej o 17.00.<\/strong><\/p>\n<p><u><strong><span style=\"color: #ff0000;\">Spotkania kol\u0119dowe w naszej Parafii w 2021r.<\/span><\/strong><br \/>\n<\/u><strong>W zwi\u0105zku z zarz\u0105dzeniem Metropolity Gnie\u017anie\u0144skiego Ks. Arcybiskupa Wojciecha Polaka, Prymasa Polski, spotkania kol\u0119dowe w naszej Parafii odb\u0119d\u0105 w zmienionej formie i rozpoczn\u0105 si\u0119\u00a0 <span style=\"color: #ff0000;\">w sobot\u0119 2 stycznia 2021r. \u00a0\u00a0\u00a0\u00a0\u00a0\u00a0\u00a0\u00a0\u00a0\u00a0\u00a0\u00a0\u00a0\u00a0\u00a0\u00a0\u00a0\u00a0\u00a0\u00a0\u00a0\u00a0\u00a0\u00a0\u00a0\u00a0\u00a0\u00a0\u00a0\u00a0\u00a0\u00a0\u00a0\u00a0\u00a0\u00a0\u00a0\u00a0\u00a0\u00a0\u00a0\u00a0\u00a0\u00a0\u00a0\u00a0\u00a0\u00a0\u00a0\u00a0\u00a0\u00a0\u00a0\u00a0\u00a0\u00a0\u00a0\u00a0\u00a0\u00a0\u00a0\u00a0\u00a0\u00a0\u00a0\u00a0\u00a0\u00a0\u00a0\u00a0\u00a0\u00a0\u00a0\u00a0\u00a0\u00a0\u00a0\u00a0\u00a0\u00a0\u00a0\u00a0\u00a0\u00a0\u00a0\u00a0\u00a0\u00a0\u00a0\u00a0\u00a0\u00a0 \u00a0\u00a0\u00a0\u00a0\u00a0\u00a0\u00a0\u00a0\u00a0\u00a0\u00a0<\/span><br \/>\nZapraszamy przedstawicieli Rodzin z danej ulicy, wed\u0142ug podanego planu, na wsp\u00f3ln\u0105 modlitw\u0119 do ko\u015bcio\u0142a, <span style=\"color: #ff0000;\">od poniedzia\u0142ku do pi\u0105tku na Msze \u015awi\u0119te \u201ekol\u0119dowe\u201d o 10.00 lub 17.00, a w soboty na Msze \u015awi\u0119te \u201ekol\u0119dowe\u201d tylko o 10.00<\/span> (w soboty o 17.00 Msza \u015awi\u0119ta z niedzielnego formularza dla wszystkich). Tych kt\u00f3rzy dysponuj\u0105 wolniejszym czasem przed po\u0142udniem, zach\u0119camy do udzia\u0142u w Mszach \u015awi\u0119tych \u201ekol\u0119dowych\u201d o 10.00.<br \/>\nPo Mszy \u015awi\u0119tej <span style=\"color: #ff0000;\">zawierzymy \u015awi\u0119tej Rodzinie,<\/span> Rodziny naszej Parafii\u00a0 i mieszka\u0144c\u00f3w z danej ulicy. Nast\u0119pnie przedstawiciel Rodziny otrzyma <span style=\"color: #ff0000;\">buteleczk\u0119 z wod\u0105 \u015bwi\u0119con\u0105, obrazek z modlitw\u0105 kol\u0119dow\u0105 do odm\u00f3wienia w domu oraz nasz parafialny folder na 2021r<\/span>. B\u0119dzie mo\u017cna je tak\u017ce zanie\u015b\u0107 ludziom chorym i starszym w naszej Parafii.<br \/>\nZ\u0142o\u017cona z tej okazji<span style=\"color: #ff0000;\"> ofiara kol\u0119dowa<\/span> b\u0119dzie przeznaczona na dalsz\u0105 renowacj\u0119 naszego kalwaryjskiego ko\u015bcio\u0142a oraz na potrzeby naszej parafii, kalwarii i kalwaryjskiego klasztoru. Za ka\u017cd\u0105 z\u0142o\u017con\u0105 na ten cel ofiar\u0119 wyra\u017camy z serca p\u0142yn\u0105ce: &#8222;B\u00f3g zap\u0142a\u0107&#8221;!<br \/>\nPlan spotyka\u0144 kol\u0119dowych w ko\u015bciele na Mszach \u015awi\u0119tych jest podany w gablotce i na naszej stronie internetowej.<\/strong><\/p>\n<p><strong>Wyra\u017camy wdzi\u0119czno\u015b\u0107 za ka\u017cde Wasze duchowe i materialne wsparcie.<\/strong><\/p>\n<p><strong><span style=\"color: #ff0000;\">Na Nowy Rok 2021 naszym Parafianom, Sympatykom i Dobrodziejom \u017cyczymy ka\u017cdego dnia<\/span> obfitego, w potrzebne \u0142aski, b\u0142ogos\u0142awie\u0144stwa Mi\u0142osiernego Boga, nieustannej opieki Matki Bo\u017cej Bolesnej oraz wiary, nadziei oraz mi\u0142o\u015bci kt\u00f3ra wszystko przetrzyma i nigdy nie ustaje. Niech Wasze Rodziny budowane na cz\u0119stej Eucharystii b\u0119d\u0105 silne Bogiem i Mi\u0142o\u015bci\u0105! Niech Jezus Ukrzy\u017cowany i Zmartwychwsta\u0142y b\u0119dzie dla Was Drog\u0105, Prawd\u0105 i \u017byciem! Niech Duch \u015awi\u0119ty obdarza Was \u015awiat\u0142em i Moc\u0105.<\/strong><\/p>\n<p><strong>Z darem modlitwy Bracia Mniejsi Franciszkanie z Pako\u015bci &#8211; Kalwarii\u00a0 <\/strong><\/p>\n","protected":false},"excerpt":{"rendered":"<p>W czwartek (31.12.2020) \u2013 o 17.00 Msza \u015awi\u0119ta i nabo\u017ce\u0144stwo na zako\u0144czenie Roku 2020r., za kt\u00f3re mo\u017cna zyska\u0107 odpust zupe\u0142ny pod zwyk\u0142ymi warunkami. Serdecznie zapraszamy na t\u0119 wsp\u00f3ln\u0105 dzi\u0119kczynn\u0105 modlitw\u0119. \u00a0\u00a0\u00a0\u00a0\u00a0\u00a0\u00a0 W tym tygodniu przypadaj\u0105 Dni Odnowy Wewn\u0119trznej. \u00a0 W kolejnym Roku duszpasterskim po\u015bwi\u0119conym Sakramentowi Eucharystii zach\u0119camy do cz\u0119stego udzia\u0142u w Mszach \u015awi\u0119tych w niedziele &hellip;<\/p>\n","protected":false},"author":2,"featured_media":16213,"comment_status":"closed","ping_status":"closed","sticky":false,"template":"","format":"standard","meta":{"_mi_skip_tracking":false,"_exactmetrics_sitenote_active":false,"_exactmetrics_sitenote_note":"","_exactmetrics_sitenote_category":0},"categories":[5],"tags":[],"yoast_head":"<!-- This site is optimized with the Yoast SEO plugin v18.1 - https:\/\/yoast.com\/wordpress\/plugins\/seo\/ -->\n<title>Og\u0142oszenia duszpasterskie - Uroczysto\u015b\u0107 \u015awi\u0119tej Bo\u017cej Rodzicielki Maryi (01.01.2021) - Pako\u015b\u0107 \u2013 Kalwaria<\/title>\n<meta name=\"robots\" content=\"index, follow, max-snippet:-1, max-image-preview:large, max-video-preview:-1\" \/>\n<link rel=\"canonical\" href=\"https:\/\/pakosc-kalwaria.franciszkanie.net\/index.php\/2020\/12\/31\/ogloszenia-duszpasterskie-uroczystosc-swietej-bozej-rodzicielki-maryi-01-01-2021\/\" \/>\n<meta property=\"og:locale\" content=\"pl_PL\" \/>\n<meta property=\"og:type\" content=\"article\" \/>\n<meta property=\"og:title\" content=\"Og\u0142oszenia duszpasterskie - Uroczysto\u015b\u0107 \u015awi\u0119tej Bo\u017cej Rodzicielki Maryi (01.01.2021) - Pako\u015b\u0107 \u2013 Kalwaria\" \/>\n<meta property=\"og:description\" content=\"W czwartek (31.12.2020) \u2013 o 17.00 Msza \u015awi\u0119ta i nabo\u017ce\u0144stwo na zako\u0144czenie Roku 2020r., za kt\u00f3re mo\u017cna zyska\u0107 odpust zupe\u0142ny pod zwyk\u0142ymi warunkami. Serdecznie zapraszamy na t\u0119 wsp\u00f3ln\u0105 dzi\u0119kczynn\u0105 modlitw\u0119. \u00a0\u00a0\u00a0\u00a0\u00a0\u00a0\u00a0 W tym tygodniu przypadaj\u0105 Dni Odnowy Wewn\u0119trznej. \u00a0 W kolejnym Roku duszpasterskim po\u015bwi\u0119conym Sakramentowi Eucharystii zach\u0119camy do cz\u0119stego udzia\u0142u w Mszach \u015awi\u0119tych w niedziele &hellip;\" \/>\n<meta property=\"og:url\" content=\"https:\/\/pakosc-kalwaria.franciszkanie.net\/index.php\/2020\/12\/31\/ogloszenia-duszpasterskie-uroczystosc-swietej-bozej-rodzicielki-maryi-01-01-2021\/\" \/>\n<meta property=\"og:site_name\" content=\"Pako\u015b\u0107 \u2013 Kalwaria\" \/>\n<meta property=\"article:author\" content=\"https:\/\/www.facebook.com\/KalwariaPakosc\/\" \/>\n<meta property=\"article:published_time\" content=\"2020-12-31T08:00:14+00:00\" \/>\n<meta property=\"article:modified_time\" content=\"2020-12-30T18:06:25+00:00\" \/>\n<meta property=\"og:image\" content=\"https:\/\/pakosc-kalwaria.franciszkanie.net\/wp-content\/uploads\/2020\/12\/MB-Boza-Rodzicielka.jpg\" \/>\n\t<meta property=\"og:image:width\" content=\"300\" \/>\n\t<meta property=\"og:image:height\" content=\"224\" \/>\n\t<meta property=\"og:image:type\" content=\"image\/jpeg\" \/>\n<meta name=\"twitter:card\" content=\"summary\" \/>\n<meta name=\"twitter:label1\" content=\"Napisane przez\" \/>\n\t<meta name=\"twitter:data1\" content=\"pakosc-kalwaria\" \/>\n\t<meta name=\"twitter:label2\" content=\"Szacowany czas czytania\" \/>\n\t<meta name=\"twitter:data2\" content=\"3 minuty\" \/>\n<script type=\"application\/ld+json\" class=\"yoast-schema-graph\">{\"@context\":\"https:\/\/schema.org\",\"@graph\":[{\"@type\":\"WebSite\",\"@id\":\"https:\/\/pakosc-kalwaria.franciszkanie.net\/#website\",\"url\":\"https:\/\/pakosc-kalwaria.franciszkanie.net\/\",\"name\":\"Pako\u015b\u0107 \u2013 Kalwaria\",\"description\":\"Parafia Rzymsko \u2013 Katolicka p.w. Pana Jezusa Ukrzy\u017cowanego i  Matki Bo\u017cej Bolesnej ul. Barci\u0144ska 60, 88\u2013170 Pako\u015b\u0107 \u2013 Kalwaria\",\"potentialAction\":[{\"@type\":\"SearchAction\",\"target\":{\"@type\":\"EntryPoint\",\"urlTemplate\":\"https:\/\/pakosc-kalwaria.franciszkanie.net\/?s={search_term_string}\"},\"query-input\":\"required name=search_term_string\"}],\"inLanguage\":\"pl-PL\"},{\"@type\":\"ImageObject\",\"@id\":\"https:\/\/pakosc-kalwaria.franciszkanie.net\/index.php\/2020\/12\/31\/ogloszenia-duszpasterskie-uroczystosc-swietej-bozej-rodzicielki-maryi-01-01-2021\/#primaryimage\",\"inLanguage\":\"pl-PL\",\"url\":\"https:\/\/pakosc-kalwaria.franciszkanie.net\/wp-content\/uploads\/2020\/12\/MB-Boza-Rodzicielka.jpg\",\"contentUrl\":\"https:\/\/pakosc-kalwaria.franciszkanie.net\/wp-content\/uploads\/2020\/12\/MB-Boza-Rodzicielka.jpg\",\"width\":300,\"height\":224},{\"@type\":\"WebPage\",\"@id\":\"https:\/\/pakosc-kalwaria.franciszkanie.net\/index.php\/2020\/12\/31\/ogloszenia-duszpasterskie-uroczystosc-swietej-bozej-rodzicielki-maryi-01-01-2021\/#webpage\",\"url\":\"https:\/\/pakosc-kalwaria.franciszkanie.net\/index.php\/2020\/12\/31\/ogloszenia-duszpasterskie-uroczystosc-swietej-bozej-rodzicielki-maryi-01-01-2021\/\",\"name\":\"Og\u0142oszenia duszpasterskie - Uroczysto\u015b\u0107 \u015awi\u0119tej Bo\u017cej Rodzicielki Maryi (01.01.2021) - Pako\u015b\u0107 \u2013 Kalwaria\",\"isPartOf\":{\"@id\":\"https:\/\/pakosc-kalwaria.franciszkanie.net\/#website\"},\"primaryImageOfPage\":{\"@id\":\"https:\/\/pakosc-kalwaria.franciszkanie.net\/index.php\/2020\/12\/31\/ogloszenia-duszpasterskie-uroczystosc-swietej-bozej-rodzicielki-maryi-01-01-2021\/#primaryimage\"},\"datePublished\":\"2020-12-31T08:00:14+00:00\",\"dateModified\":\"2020-12-30T18:06:25+00:00\",\"author\":{\"@id\":\"https:\/\/pakosc-kalwaria.franciszkanie.net\/#\/schema\/person\/af10b943be0760709227d060eadcb2aa\"},\"breadcrumb\":{\"@id\":\"https:\/\/pakosc-kalwaria.franciszkanie.net\/index.php\/2020\/12\/31\/ogloszenia-duszpasterskie-uroczystosc-swietej-bozej-rodzicielki-maryi-01-01-2021\/#breadcrumb\"},\"inLanguage\":\"pl-PL\",\"potentialAction\":[{\"@type\":\"ReadAction\",\"target\":[\"https:\/\/pakosc-kalwaria.franciszkanie.net\/index.php\/2020\/12\/31\/ogloszenia-duszpasterskie-uroczystosc-swietej-bozej-rodzicielki-maryi-01-01-2021\/\"]}]},{\"@type\":\"BreadcrumbList\",\"@id\":\"https:\/\/pakosc-kalwaria.franciszkanie.net\/index.php\/2020\/12\/31\/ogloszenia-duszpasterskie-uroczystosc-swietej-bozej-rodzicielki-maryi-01-01-2021\/#breadcrumb\",\"itemListElement\":[{\"@type\":\"ListItem\",\"position\":1,\"name\":\"Strona g\u0142\u00f3wna\",\"item\":\"https:\/\/pakosc-kalwaria.franciszkanie.net\/\"},{\"@type\":\"ListItem\",\"position\":2,\"name\":\"Og\u0142oszenia duszpasterskie &#8211; Uroczysto\u015b\u0107 \u015awi\u0119tej Bo\u017cej Rodzicielki Maryi (01.01.2021)\"}]},{\"@type\":\"Person\",\"@id\":\"https:\/\/pakosc-kalwaria.franciszkanie.net\/#\/schema\/person\/af10b943be0760709227d060eadcb2aa\",\"name\":\"pakosc-kalwaria\",\"image\":{\"@type\":\"ImageObject\",\"@id\":\"https:\/\/pakosc-kalwaria.franciszkanie.net\/#personlogo\",\"inLanguage\":\"pl-PL\",\"url\":\"https:\/\/secure.gravatar.com\/avatar\/e7049d338b55eac6a0027ff3218b8d02?s=96&d=mm&r=g\",\"contentUrl\":\"https:\/\/secure.gravatar.com\/avatar\/e7049d338b55eac6a0027ff3218b8d02?s=96&d=mm&r=g\",\"caption\":\"pakosc-kalwaria\"},\"sameAs\":[\"https:\/\/www.facebook.com\/KalwariaPakosc\/\"],\"url\":\"https:\/\/pakosc-kalwaria.franciszkanie.net\/index.php\/author\/pakosc-kalwaria\/\"}]}<\/script>\n<!-- \/ Yoast SEO plugin. -->","yoast_head_json":{"title":"Og\u0142oszenia duszpasterskie - Uroczysto\u015b\u0107 \u015awi\u0119tej Bo\u017cej Rodzicielki Maryi (01.01.2021) - Pako\u015b\u0107 \u2013 Kalwaria","robots":{"index":"index","follow":"follow","max-snippet":"max-snippet:-1","max-image-preview":"max-image-preview:large","max-video-preview":"max-video-preview:-1"},"canonical":"https:\/\/pakosc-kalwaria.franciszkanie.net\/index.php\/2020\/12\/31\/ogloszenia-duszpasterskie-uroczystosc-swietej-bozej-rodzicielki-maryi-01-01-2021\/","og_locale":"pl_PL","og_type":"article","og_title":"Og\u0142oszenia duszpasterskie - Uroczysto\u015b\u0107 \u015awi\u0119tej Bo\u017cej Rodzicielki Maryi (01.01.2021) - Pako\u015b\u0107 \u2013 Kalwaria","og_description":"W czwartek (31.12.2020) \u2013 o 17.00 Msza \u015awi\u0119ta i nabo\u017ce\u0144stwo na zako\u0144czenie Roku 2020r., za kt\u00f3re mo\u017cna zyska\u0107 odpust zupe\u0142ny pod zwyk\u0142ymi warunkami. Serdecznie zapraszamy na t\u0119 wsp\u00f3ln\u0105 dzi\u0119kczynn\u0105 modlitw\u0119. \u00a0\u00a0\u00a0\u00a0\u00a0\u00a0\u00a0 W tym tygodniu przypadaj\u0105 Dni Odnowy Wewn\u0119trznej. \u00a0 W kolejnym Roku duszpasterskim po\u015bwi\u0119conym Sakramentowi Eucharystii zach\u0119camy do cz\u0119stego udzia\u0142u w Mszach \u015awi\u0119tych w niedziele &hellip;","og_url":"https:\/\/pakosc-kalwaria.franciszkanie.net\/index.php\/2020\/12\/31\/ogloszenia-duszpasterskie-uroczystosc-swietej-bozej-rodzicielki-maryi-01-01-2021\/","og_site_name":"Pako\u015b\u0107 \u2013 Kalwaria","article_author":"https:\/\/www.facebook.com\/KalwariaPakosc\/","article_published_time":"2020-12-31T08:00:14+00:00","article_modified_time":"2020-12-30T18:06:25+00:00","og_image":[{"width":300,"height":224,"url":"https:\/\/pakosc-kalwaria.franciszkanie.net\/wp-content\/uploads\/2020\/12\/MB-Boza-Rodzicielka.jpg","type":"image\/jpeg"}],"twitter_card":"summary","twitter_misc":{"Napisane przez":"pakosc-kalwaria","Szacowany czas czytania":"3 minuty"},"schema":{"@context":"https:\/\/schema.org","@graph":[{"@type":"WebSite","@id":"https:\/\/pakosc-kalwaria.franciszkanie.net\/#website","url":"https:\/\/pakosc-kalwaria.franciszkanie.net\/","name":"Pako\u015b\u0107 \u2013 Kalwaria","description":"Parafia Rzymsko \u2013 Katolicka p.w. Pana Jezusa Ukrzy\u017cowanego i  Matki Bo\u017cej Bolesnej ul. Barci\u0144ska 60, 88\u2013170 Pako\u015b\u0107 \u2013 Kalwaria","potentialAction":[{"@type":"SearchAction","target":{"@type":"EntryPoint","urlTemplate":"https:\/\/pakosc-kalwaria.franciszkanie.net\/?s={search_term_string}"},"query-input":"required name=search_term_string"}],"inLanguage":"pl-PL"},{"@type":"ImageObject","@id":"https:\/\/pakosc-kalwaria.franciszkanie.net\/index.php\/2020\/12\/31\/ogloszenia-duszpasterskie-uroczystosc-swietej-bozej-rodzicielki-maryi-01-01-2021\/#primaryimage","inLanguage":"pl-PL","url":"https:\/\/pakosc-kalwaria.franciszkanie.net\/wp-content\/uploads\/2020\/12\/MB-Boza-Rodzicielka.jpg","contentUrl":"https:\/\/pakosc-kalwaria.franciszkanie.net\/wp-content\/uploads\/2020\/12\/MB-Boza-Rodzicielka.jpg","width":300,"height":224},{"@type":"WebPage","@id":"https:\/\/pakosc-kalwaria.franciszkanie.net\/index.php\/2020\/12\/31\/ogloszenia-duszpasterskie-uroczystosc-swietej-bozej-rodzicielki-maryi-01-01-2021\/#webpage","url":"https:\/\/pakosc-kalwaria.franciszkanie.net\/index.php\/2020\/12\/31\/ogloszenia-duszpasterskie-uroczystosc-swietej-bozej-rodzicielki-maryi-01-01-2021\/","name":"Og\u0142oszenia duszpasterskie - Uroczysto\u015b\u0107 \u015awi\u0119tej Bo\u017cej Rodzicielki Maryi (01.01.2021) - Pako\u015b\u0107 \u2013 Kalwaria","isPartOf":{"@id":"https:\/\/pakosc-kalwaria.franciszkanie.net\/#website"},"primaryImageOfPage":{"@id":"https:\/\/pakosc-kalwaria.franciszkanie.net\/index.php\/2020\/12\/31\/ogloszenia-duszpasterskie-uroczystosc-swietej-bozej-rodzicielki-maryi-01-01-2021\/#primaryimage"},"datePublished":"2020-12-31T08:00:14+00:00","dateModified":"2020-12-30T18:06:25+00:00","author":{"@id":"https:\/\/pakosc-kalwaria.franciszkanie.net\/#\/schema\/person\/af10b943be0760709227d060eadcb2aa"},"breadcrumb":{"@id":"https:\/\/pakosc-kalwaria.franciszkanie.net\/index.php\/2020\/12\/31\/ogloszenia-duszpasterskie-uroczystosc-swietej-bozej-rodzicielki-maryi-01-01-2021\/#breadcrumb"},"inLanguage":"pl-PL","potentialAction":[{"@type":"ReadAction","target":["https:\/\/pakosc-kalwaria.franciszkanie.net\/index.php\/2020\/12\/31\/ogloszenia-duszpasterskie-uroczystosc-swietej-bozej-rodzicielki-maryi-01-01-2021\/"]}]},{"@type":"BreadcrumbList","@id":"https:\/\/pakosc-kalwaria.franciszkanie.net\/index.php\/2020\/12\/31\/ogloszenia-duszpasterskie-uroczystosc-swietej-bozej-rodzicielki-maryi-01-01-2021\/#breadcrumb","itemListElement":[{"@type":"ListItem","position":1,"name":"Strona g\u0142\u00f3wna","item":"https:\/\/pakosc-kalwaria.franciszkanie.net\/"},{"@type":"ListItem","position":2,"name":"Og\u0142oszenia duszpasterskie &#8211; Uroczysto\u015b\u0107 \u015awi\u0119tej Bo\u017cej Rodzicielki Maryi (01.01.2021)"}]},{"@type":"Person","@id":"https:\/\/pakosc-kalwaria.franciszkanie.net\/#\/schema\/person\/af10b943be0760709227d060eadcb2aa","name":"pakosc-kalwaria","image":{"@type":"ImageObject","@id":"https:\/\/pakosc-kalwaria.franciszkanie.net\/#personlogo","inLanguage":"pl-PL","url":"https:\/\/secure.gravatar.com\/avatar\/e7049d338b55eac6a0027ff3218b8d02?s=96&d=mm&r=g","contentUrl":"https:\/\/secure.gravatar.com\/avatar\/e7049d338b55eac6a0027ff3218b8d02?s=96&d=mm&r=g","caption":"pakosc-kalwaria"},"sameAs":["https:\/\/www.facebook.com\/KalwariaPakosc\/"],"url":"https:\/\/pakosc-kalwaria.franciszkanie.net\/index.php\/author\/pakosc-kalwaria\/"}]}},"_links":{"self":[{"href":"https:\/\/pakosc-kalwaria.franciszkanie.net\/index.php\/wp-json\/wp\/v2\/posts\/16212"}],"collection":[{"href":"https:\/\/pakosc-kalwaria.franciszkanie.net\/index.php\/wp-json\/wp\/v2\/posts"}],"about":[{"href":"https:\/\/pakosc-kalwaria.franciszkanie.net\/index.php\/wp-json\/wp\/v2\/types\/post"}],"author":[{"embeddable":true,"href":"https:\/\/pakosc-kalwaria.franciszkanie.net\/index.php\/wp-json\/wp\/v2\/users\/2"}],"replies":[{"embeddable":true,"href":"https:\/\/pakosc-kalwaria.franciszkanie.net\/index.php\/wp-json\/wp\/v2\/comments?post=16212"}],"version-history":[{"count":2,"href":"https:\/\/pakosc-kalwaria.franciszkanie.net\/index.php\/wp-json\/wp\/v2\/posts\/16212\/revisions"}],"predecessor-version":[{"id":16215,"href":"https:\/\/pakosc-kalwaria.franciszkanie.net\/index.php\/wp-json\/wp\/v2\/posts\/16212\/revisions\/16215"}],"wp:featuredmedia":[{"embeddable":true,"href":"https:\/\/pakosc-kalwaria.franciszkanie.net\/index.php\/wp-json\/wp\/v2\/media\/16213"}],"wp:attachment":[{"href":"https:\/\/pakosc-kalwaria.franciszkanie.net\/index.php\/wp-json\/wp\/v2\/media?parent=16212"}],"wp:term":[{"taxonomy":"category","embeddable":true,"href":"https:\/\/pakosc-kalwaria.franciszkanie.net\/index.php\/wp-json\/wp\/v2\/categories?post=16212"},{"taxonomy":"post_tag","embeddable":true,"href":"https:\/\/pakosc-kalwaria.franciszkanie.net\/index.php\/wp-json\/wp\/v2\/tags?post=16212"}],"curies":[{"name":"wp","href":"https:\/\/api.w.org\/{rel}","templated":true}]}}