{"id":16444,"date":"2021-06-09T09:30:36","date_gmt":"2021-06-09T07:30:36","guid":{"rendered":"http:\/\/pakosc-kalwaria.franciszkanie.net\/?p=16444"},"modified":"2021-06-12T16:05:59","modified_gmt":"2021-06-12T14:05:59","slug":"jubileusz-100-lecia-poswiecenia-polski-najswietszemu-sercu-pana-jezusa","status":"publish","type":"post","link":"https:\/\/pakosc-kalwaria.franciszkanie.net\/index.php\/2021\/06\/09\/jubileusz-100-lecia-poswiecenia-polski-najswietszemu-sercu-pana-jezusa\/","title":{"rendered":"Zako\u0144czanie Jubileuszu 100-lecia po\u015bwi\u0119cenia Polski Naj\u015bwi\u0119tszemu Sercu Pana Jezusa &#8211; 11 czerwca"},"content":{"rendered":"<p><strong>Prze\u017cywamy w Ko\u015bciele w Polsce <span style=\"color: #ff0000;\">Rok Jubileuszu 100-lecia po\u015bwi\u0119cenia Polski Naj\u015bwi\u0119tszemu Sercu Pana Jezusa, kt\u00f3ry zako\u0144czy si\u0119 11 czerwca 2021r.<\/span> W tym dniu, w uroczysto\u015b\u0107 Naj\u015bwi\u0119tszego Serca Pana Jezusa,<\/strong> z<strong>ostanie ponowione po\u015bwi\u0119cenie Narodu polskiego\u00a0 Naj\u015bwi\u0119tszemu Sercu Pana Jezusa przez Przewodnicz\u0105cego Episkopatu Polski Abp. Stanis\u0142awa G\u0105deckiego w bazylice Naj\u015bwi\u0119tszego Serca Pana Jezusa\u00a0 w Krakowie. W \u0142\u0105czno\u015bci z uroczysto\u015bciami w Krakowie Akt po\u015bwi\u0119cenia zostanie z\u0142o\u017cony tak\u017ce w ka\u017cdej Parafii w Polsce. \u00a0\u00a0\u00a0<\/strong><\/p>\n<p><strong>Pragniemy tak\u017ce w naszej kalwaryjskiej Parafii, jak najlepiej przygotowa\u0107 si\u0119 duchowo do odnowienia Aktu po\u015bwi\u0119cenia Naj\u015bwi\u0119tszemu Sercu Pana Jezusa Narodu polskiego, polskich Parafii i nas Polak\u00f3w. <span style=\"color: #ff0000;\">Uczy\u0144my to poprzez gorliwy udzia\u0142 w sakramentach Pokuty i Eucharystii w Pierwsze Pi\u0105tki Miesi\u0105ca oraz poprzez adoracj\u0119 Naj\u015bwi\u0119tszego Sakramentu tzw. \u201eGodzin\u0119 \u015bwi\u0119t\u0105\u201d, kt\u00f3r\u0105 w naszym kalwaryjskim ko\u015bciele odprawiamy <\/span><\/strong><span style=\"color: #ff0000;\"><strong>w Pierwsze Czwartki Miesi\u0105ca od 19.00 \u2013 20.00.<\/strong><\/span><\/p>\n<p>W styczniu 2021r., w czasie Mszy \u015awi\u0119tej rozpoczynaj\u0105cej obchody tego Jubileuszu, Prowincja\u0142 Jezuit\u00f3w o. Jaros\u0142aw Paszy\u0144ski zaznaczy\u0142, \u017ce \u201eJezus chce, by\u015bmy przyszli do Niego i nasze serca kszta\u0142towali na Jego wz\u00f3r, i tak jak On do\u015bwiadczali, \u017ce jeste\u015bmy umi\u0142owanymi dzie\u0107mi Ojca (..) Chcemy odnowi\u0107 nasze serca, odnowi\u0107 duchowo i moralnie nasze \u017cycie osobiste, rodzinne, spo\u0142eczne, \u017cycie Ko\u015bcio\u0142a i narodu (\u2026) Chcemy przyj\u015b\u0107 do Jezusa, stan\u0105\u0107 przed Nim w prawdzie i przyj\u0105\u0107 Jego mi\u0142o\u015b\u0107. Chcemy r\u00f3wnie\u017c publicznie, ze skruch\u0105, uzna\u0107 nasze grzechy i za nie przeprosi\u0107, za wszystkie te grzechy pope\u0142nione przez te lata, w spos\u00f3b szczeg\u00f3lny te, kt\u00f3re bole\u015bnie rani\u0105 Boga i ludzi. Te grzechy, kt\u00f3re s\u0105 ostatnio ujawniane i s\u0105 powodem zgorszenia dla wielu. Chcemy przyj\u015b\u0107 do Jezusa, aby On nas oczy\u015bci\u0142, odnowi\u0142, pokrzepi\u0142, aby On kszta\u0142towa\u0142 nasze serca wed\u0142ug Serca Bo\u017cego (\u2026) Istot\u0105 kultu Naj\u015bwi\u0119tszego Serca Pana Jezusa jest poznanie i przyj\u0119cie mi\u0142o\u015bci Bo\u017cej, kt\u00f3r\u0105 najpe\u0142niej objawia Jezus, oraz zado\u015b\u0107uczynienie za grzechy przeciwne tej mi\u0142o\u015bci (\u2026) Jezus przekaza\u0142 \u015bw. Ma\u0142gorzacie Marii Alacoque obietnice dla czcicieli Jego Serca. St\u0105d m.in. tradycja pierwszych pi\u0105tk\u00f3w miesi\u0105ca i godziny \u015bwi\u0119tej, czyli adoracji Naj\u015bwi\u0119tszego Sakramentu w nocy z czwartku na pierwszy pi\u0105tek miesi\u0105ca\u201d.<\/p>\n<p>Warto przypomnie\u0107, \u017ce w 1920 r., w obliczu bolszewickiego zagro\u017cenia, polscy biskupi zebrani na Jasnej G\u00f3rze pod przewodnictwem prymasa Polski kard. Edmunda Dalbora, 27 lipca po\u015bwi\u0119cili Nar\u00f3d polski i ca\u0142\u0105 Ojczyzn\u0119 Naj\u015bwi\u0119tszemu Sercu Pana Jezusa\u00a0 oraz ponownie obrali Matk\u0119 Bo\u017c\u0105 Kr\u00f3low\u0105 Polski. Biskupi prosili wtedy: \u201eW chwili, gdy nad Ojczyzn\u0105 i Ko\u015bcio\u0142em naszym gromadz\u0105 si\u0119 chmury ciemne, wo\u0142amy jak niegdy\u015b uczniowie Twoi zaskoczeni burz\u0105 na morzu: Panie, ratuj nas, bo giniemy. I jak niegdy\u015b, wyci\u0105gn\u0105wszy prawic\u0119, jednym s\u0142owem uspokoi\u0142e\u015b burz\u0119, tak oddal, Panie, teraz od nas gro\u017c\u0105ce nam niebezpiecze\u0144stwo\u201d. Episkopat Polski zobowi\u0105za\u0142 si\u0119 w\u00f3wczas, \u017ce b\u0119dzie szerzy\u0142 w\u015br\u00f3d wiernych nabo\u017ce\u0144stwo do Naj\u015bwi\u0119tszego Serca Pana Jezusa i zach\u0119ca\u0142 rodziny, aby Mu si\u0119 po\u015bwi\u0119ca\u0142y. Trzy tygodnie p\u00f3\u017aniej, 15 sierpnia 1920 r., mia\u0142a miejsce zwyci\u0119ska bitwa warszawska zwana \u201ecudem nad Wis\u0142\u0105\u201d, dzi\u0119ki kt\u00f3rej uda\u0142o si\u0119 odeprze\u0107 \u201enawa\u0142\u0119 bolszewick\u0105\u201d. Gdy papie\u017c Benedykt XV us\u0142ysza\u0142 o zawierzeniu Polski Bo\u017cemu Sercu, napisa\u0142 do Episkopatu Polski: \u201eNic stosowniejszego nie mogli\u015bcie podj\u0105\u0107 celem naprawienia z\u0142a naszych czas\u00f3w, jak ulegaj\u0105c zach\u0119tom papieskim, Ojczyzn\u0119 Wasz\u0105 po\u015bwi\u0119ci\u0107 Naj\u015bwi\u0119tszemu Sercu Jezusowemu i Jego kult \u015bwi\u0119ty w narodzie rozszerza\u0107 coraz wi\u0119cej i wi\u0119cej. Zaiste, powzi\u0119li\u015bcie zamiar najpo\u017cyteczniejszy, jak nigdy: c\u00f3\u017c bowiem mo\u017cna wynale\u017a\u0107 zbawienniejszego w tym przewrocie wszechrzeczy, jak wzmo\u017cenie mi\u0142o\u015bci Pana Jezusa, kt\u00f3ry stanowi obron\u0119 i mocn\u0105 podstaw\u0119 ka\u017cdej Rzeczypospolitej\u201d.<\/p>\n<p>Warto te\u017c przypomnie\u0107, \u017ce dzi\u0119ki staraniom o. J\u00f3zefa Andrasza \u2013 jezuity, znanego jako kierownika duchowego i spowiednika \u015bw. S. Faustyny czy b\u0142. Anieli Salawy, a zarazem wielkiego czciciela Serca Bo\u017cego, odnowienie Aktu zawierzenia Polski Sercu Jezusa, dokona\u0142 w czasach komunistycznych 28 pa\u017adziernika 1951 r. kard. Stefan Wyszy\u0144ski, a z nim wszystkie Parafie w Polsce.<\/p>\n","protected":false},"excerpt":{"rendered":"<p>Prze\u017cywamy w Ko\u015bciele w Polsce Rok Jubileuszu 100-lecia po\u015bwi\u0119cenia Polski Naj\u015bwi\u0119tszemu Sercu Pana Jezusa, kt\u00f3ry zako\u0144czy si\u0119 11 czerwca 2021r. W tym dniu, w uroczysto\u015b\u0107 Naj\u015bwi\u0119tszego Serca Pana Jezusa, zostanie ponowione po\u015bwi\u0119cenie Narodu polskiego\u00a0 Naj\u015bwi\u0119tszemu Sercu Pana Jezusa przez Przewodnicz\u0105cego Episkopatu Polski Abp. Stanis\u0142awa G\u0105deckiego w bazylice Naj\u015bwi\u0119tszego Serca Pana Jezusa\u00a0 w Krakowie. W \u0142\u0105czno\u015bci &hellip;<\/p>\n","protected":false},"author":2,"featured_media":16445,"comment_status":"closed","ping_status":"closed","sticky":false,"template":"","format":"standard","meta":{"_mi_skip_tracking":false,"_exactmetrics_sitenote_active":false,"_exactmetrics_sitenote_note":"","_exactmetrics_sitenote_category":0},"categories":[13,14],"tags":[],"yoast_head":"<!-- This site is optimized with the Yoast SEO plugin v18.1 - https:\/\/yoast.com\/wordpress\/plugins\/seo\/ -->\n<title>Zako\u0144czanie Jubileuszu 100-lecia po\u015bwi\u0119cenia Polski Naj\u015bwi\u0119tszemu Sercu Pana Jezusa - 11 czerwca - Pako\u015b\u0107 \u2013 Kalwaria<\/title>\n<meta name=\"robots\" content=\"index, follow, max-snippet:-1, max-image-preview:large, max-video-preview:-1\" \/>\n<link rel=\"canonical\" href=\"https:\/\/pakosc-kalwaria.franciszkanie.net\/index.php\/2021\/06\/09\/jubileusz-100-lecia-poswiecenia-polski-najswietszemu-sercu-pana-jezusa\/\" \/>\n<meta property=\"og:locale\" content=\"pl_PL\" \/>\n<meta property=\"og:type\" content=\"article\" \/>\n<meta property=\"og:title\" content=\"Zako\u0144czanie Jubileuszu 100-lecia po\u015bwi\u0119cenia Polski Naj\u015bwi\u0119tszemu Sercu Pana Jezusa - 11 czerwca - Pako\u015b\u0107 \u2013 Kalwaria\" \/>\n<meta property=\"og:description\" content=\"Prze\u017cywamy w Ko\u015bciele w Polsce Rok Jubileuszu 100-lecia po\u015bwi\u0119cenia Polski Naj\u015bwi\u0119tszemu Sercu Pana Jezusa, kt\u00f3ry zako\u0144czy si\u0119 11 czerwca 2021r. W tym dniu, w uroczysto\u015b\u0107 Naj\u015bwi\u0119tszego Serca Pana Jezusa, zostanie ponowione po\u015bwi\u0119cenie Narodu polskiego\u00a0 Naj\u015bwi\u0119tszemu Sercu Pana Jezusa przez Przewodnicz\u0105cego Episkopatu Polski Abp. Stanis\u0142awa G\u0105deckiego w bazylice Naj\u015bwi\u0119tszego Serca Pana Jezusa\u00a0 w Krakowie. W \u0142\u0105czno\u015bci &hellip;\" \/>\n<meta property=\"og:url\" content=\"https:\/\/pakosc-kalwaria.franciszkanie.net\/index.php\/2021\/06\/09\/jubileusz-100-lecia-poswiecenia-polski-najswietszemu-sercu-pana-jezusa\/\" \/>\n<meta property=\"og:site_name\" content=\"Pako\u015b\u0107 \u2013 Kalwaria\" \/>\n<meta property=\"article:author\" content=\"https:\/\/www.facebook.com\/KalwariaPakosc\/\" \/>\n<meta property=\"article:published_time\" content=\"2021-06-09T07:30:36+00:00\" \/>\n<meta property=\"article:modified_time\" content=\"2021-06-12T14:05:59+00:00\" \/>\n<meta property=\"og:image\" content=\"https:\/\/pakosc-kalwaria.franciszkanie.net\/wp-content\/uploads\/2021\/02\/ErXp_LdXMAAIkRl.jpg\" \/>\n\t<meta property=\"og:image:width\" content=\"250\" \/>\n\t<meta property=\"og:image:height\" content=\"241\" \/>\n\t<meta property=\"og:image:type\" content=\"image\/jpeg\" \/>\n<meta name=\"twitter:card\" content=\"summary\" \/>\n<meta name=\"twitter:label1\" content=\"Napisane przez\" \/>\n\t<meta name=\"twitter:data1\" content=\"pakosc-kalwaria\" \/>\n\t<meta name=\"twitter:label2\" content=\"Szacowany czas czytania\" \/>\n\t<meta name=\"twitter:data2\" content=\"4 minuty\" \/>\n<script type=\"application\/ld+json\" class=\"yoast-schema-graph\">{\"@context\":\"https:\/\/schema.org\",\"@graph\":[{\"@type\":\"WebSite\",\"@id\":\"https:\/\/pakosc-kalwaria.franciszkanie.net\/#website\",\"url\":\"https:\/\/pakosc-kalwaria.franciszkanie.net\/\",\"name\":\"Pako\u015b\u0107 \u2013 Kalwaria\",\"description\":\"Parafia Rzymsko \u2013 Katolicka p.w. Pana Jezusa Ukrzy\u017cowanego i  Matki Bo\u017cej Bolesnej ul. Barci\u0144ska 60, 88\u2013170 Pako\u015b\u0107 \u2013 Kalwaria\",\"potentialAction\":[{\"@type\":\"SearchAction\",\"target\":{\"@type\":\"EntryPoint\",\"urlTemplate\":\"https:\/\/pakosc-kalwaria.franciszkanie.net\/?s={search_term_string}\"},\"query-input\":\"required name=search_term_string\"}],\"inLanguage\":\"pl-PL\"},{\"@type\":\"ImageObject\",\"@id\":\"https:\/\/pakosc-kalwaria.franciszkanie.net\/index.php\/2021\/06\/09\/jubileusz-100-lecia-poswiecenia-polski-najswietszemu-sercu-pana-jezusa\/#primaryimage\",\"inLanguage\":\"pl-PL\",\"url\":\"https:\/\/pakosc-kalwaria.franciszkanie.net\/wp-content\/uploads\/2021\/02\/ErXp_LdXMAAIkRl.jpg\",\"contentUrl\":\"https:\/\/pakosc-kalwaria.franciszkanie.net\/wp-content\/uploads\/2021\/02\/ErXp_LdXMAAIkRl.jpg\",\"width\":250,\"height\":241},{\"@type\":\"WebPage\",\"@id\":\"https:\/\/pakosc-kalwaria.franciszkanie.net\/index.php\/2021\/06\/09\/jubileusz-100-lecia-poswiecenia-polski-najswietszemu-sercu-pana-jezusa\/#webpage\",\"url\":\"https:\/\/pakosc-kalwaria.franciszkanie.net\/index.php\/2021\/06\/09\/jubileusz-100-lecia-poswiecenia-polski-najswietszemu-sercu-pana-jezusa\/\",\"name\":\"Zako\u0144czanie Jubileuszu 100-lecia po\u015bwi\u0119cenia Polski Naj\u015bwi\u0119tszemu Sercu Pana Jezusa - 11 czerwca - Pako\u015b\u0107 \u2013 Kalwaria\",\"isPartOf\":{\"@id\":\"https:\/\/pakosc-kalwaria.franciszkanie.net\/#website\"},\"primaryImageOfPage\":{\"@id\":\"https:\/\/pakosc-kalwaria.franciszkanie.net\/index.php\/2021\/06\/09\/jubileusz-100-lecia-poswiecenia-polski-najswietszemu-sercu-pana-jezusa\/#primaryimage\"},\"datePublished\":\"2021-06-09T07:30:36+00:00\",\"dateModified\":\"2021-06-12T14:05:59+00:00\",\"author\":{\"@id\":\"https:\/\/pakosc-kalwaria.franciszkanie.net\/#\/schema\/person\/af10b943be0760709227d060eadcb2aa\"},\"breadcrumb\":{\"@id\":\"https:\/\/pakosc-kalwaria.franciszkanie.net\/index.php\/2021\/06\/09\/jubileusz-100-lecia-poswiecenia-polski-najswietszemu-sercu-pana-jezusa\/#breadcrumb\"},\"inLanguage\":\"pl-PL\",\"potentialAction\":[{\"@type\":\"ReadAction\",\"target\":[\"https:\/\/pakosc-kalwaria.franciszkanie.net\/index.php\/2021\/06\/09\/jubileusz-100-lecia-poswiecenia-polski-najswietszemu-sercu-pana-jezusa\/\"]}]},{\"@type\":\"BreadcrumbList\",\"@id\":\"https:\/\/pakosc-kalwaria.franciszkanie.net\/index.php\/2021\/06\/09\/jubileusz-100-lecia-poswiecenia-polski-najswietszemu-sercu-pana-jezusa\/#breadcrumb\",\"itemListElement\":[{\"@type\":\"ListItem\",\"position\":1,\"name\":\"Strona g\u0142\u00f3wna\",\"item\":\"https:\/\/pakosc-kalwaria.franciszkanie.net\/\"},{\"@type\":\"ListItem\",\"position\":2,\"name\":\"Zako\u0144czanie Jubileuszu 100-lecia po\u015bwi\u0119cenia Polski Naj\u015bwi\u0119tszemu Sercu Pana Jezusa &#8211; 11 czerwca\"}]},{\"@type\":\"Person\",\"@id\":\"https:\/\/pakosc-kalwaria.franciszkanie.net\/#\/schema\/person\/af10b943be0760709227d060eadcb2aa\",\"name\":\"pakosc-kalwaria\",\"image\":{\"@type\":\"ImageObject\",\"@id\":\"https:\/\/pakosc-kalwaria.franciszkanie.net\/#personlogo\",\"inLanguage\":\"pl-PL\",\"url\":\"https:\/\/secure.gravatar.com\/avatar\/e7049d338b55eac6a0027ff3218b8d02?s=96&d=mm&r=g\",\"contentUrl\":\"https:\/\/secure.gravatar.com\/avatar\/e7049d338b55eac6a0027ff3218b8d02?s=96&d=mm&r=g\",\"caption\":\"pakosc-kalwaria\"},\"sameAs\":[\"https:\/\/www.facebook.com\/KalwariaPakosc\/\"],\"url\":\"https:\/\/pakosc-kalwaria.franciszkanie.net\/index.php\/author\/pakosc-kalwaria\/\"}]}<\/script>\n<!-- \/ Yoast SEO plugin. -->","yoast_head_json":{"title":"Zako\u0144czanie Jubileuszu 100-lecia po\u015bwi\u0119cenia Polski Naj\u015bwi\u0119tszemu Sercu Pana Jezusa - 11 czerwca - Pako\u015b\u0107 \u2013 Kalwaria","robots":{"index":"index","follow":"follow","max-snippet":"max-snippet:-1","max-image-preview":"max-image-preview:large","max-video-preview":"max-video-preview:-1"},"canonical":"https:\/\/pakosc-kalwaria.franciszkanie.net\/index.php\/2021\/06\/09\/jubileusz-100-lecia-poswiecenia-polski-najswietszemu-sercu-pana-jezusa\/","og_locale":"pl_PL","og_type":"article","og_title":"Zako\u0144czanie Jubileuszu 100-lecia po\u015bwi\u0119cenia Polski Naj\u015bwi\u0119tszemu Sercu Pana Jezusa - 11 czerwca - Pako\u015b\u0107 \u2013 Kalwaria","og_description":"Prze\u017cywamy w Ko\u015bciele w Polsce Rok Jubileuszu 100-lecia po\u015bwi\u0119cenia Polski Naj\u015bwi\u0119tszemu Sercu Pana Jezusa, kt\u00f3ry zako\u0144czy si\u0119 11 czerwca 2021r. W tym dniu, w uroczysto\u015b\u0107 Naj\u015bwi\u0119tszego Serca Pana Jezusa, zostanie ponowione po\u015bwi\u0119cenie Narodu polskiego\u00a0 Naj\u015bwi\u0119tszemu Sercu Pana Jezusa przez Przewodnicz\u0105cego Episkopatu Polski Abp. Stanis\u0142awa G\u0105deckiego w bazylice Naj\u015bwi\u0119tszego Serca Pana Jezusa\u00a0 w Krakowie. W \u0142\u0105czno\u015bci &hellip;","og_url":"https:\/\/pakosc-kalwaria.franciszkanie.net\/index.php\/2021\/06\/09\/jubileusz-100-lecia-poswiecenia-polski-najswietszemu-sercu-pana-jezusa\/","og_site_name":"Pako\u015b\u0107 \u2013 Kalwaria","article_author":"https:\/\/www.facebook.com\/KalwariaPakosc\/","article_published_time":"2021-06-09T07:30:36+00:00","article_modified_time":"2021-06-12T14:05:59+00:00","og_image":[{"width":250,"height":241,"url":"https:\/\/pakosc-kalwaria.franciszkanie.net\/wp-content\/uploads\/2021\/02\/ErXp_LdXMAAIkRl.jpg","type":"image\/jpeg"}],"twitter_card":"summary","twitter_misc":{"Napisane przez":"pakosc-kalwaria","Szacowany czas czytania":"4 minuty"},"schema":{"@context":"https:\/\/schema.org","@graph":[{"@type":"WebSite","@id":"https:\/\/pakosc-kalwaria.franciszkanie.net\/#website","url":"https:\/\/pakosc-kalwaria.franciszkanie.net\/","name":"Pako\u015b\u0107 \u2013 Kalwaria","description":"Parafia Rzymsko \u2013 Katolicka p.w. Pana Jezusa Ukrzy\u017cowanego i  Matki Bo\u017cej Bolesnej ul. Barci\u0144ska 60, 88\u2013170 Pako\u015b\u0107 \u2013 Kalwaria","potentialAction":[{"@type":"SearchAction","target":{"@type":"EntryPoint","urlTemplate":"https:\/\/pakosc-kalwaria.franciszkanie.net\/?s={search_term_string}"},"query-input":"required name=search_term_string"}],"inLanguage":"pl-PL"},{"@type":"ImageObject","@id":"https:\/\/pakosc-kalwaria.franciszkanie.net\/index.php\/2021\/06\/09\/jubileusz-100-lecia-poswiecenia-polski-najswietszemu-sercu-pana-jezusa\/#primaryimage","inLanguage":"pl-PL","url":"https:\/\/pakosc-kalwaria.franciszkanie.net\/wp-content\/uploads\/2021\/02\/ErXp_LdXMAAIkRl.jpg","contentUrl":"https:\/\/pakosc-kalwaria.franciszkanie.net\/wp-content\/uploads\/2021\/02\/ErXp_LdXMAAIkRl.jpg","width":250,"height":241},{"@type":"WebPage","@id":"https:\/\/pakosc-kalwaria.franciszkanie.net\/index.php\/2021\/06\/09\/jubileusz-100-lecia-poswiecenia-polski-najswietszemu-sercu-pana-jezusa\/#webpage","url":"https:\/\/pakosc-kalwaria.franciszkanie.net\/index.php\/2021\/06\/09\/jubileusz-100-lecia-poswiecenia-polski-najswietszemu-sercu-pana-jezusa\/","name":"Zako\u0144czanie Jubileuszu 100-lecia po\u015bwi\u0119cenia Polski Naj\u015bwi\u0119tszemu Sercu Pana Jezusa - 11 czerwca - Pako\u015b\u0107 \u2013 Kalwaria","isPartOf":{"@id":"https:\/\/pakosc-kalwaria.franciszkanie.net\/#website"},"primaryImageOfPage":{"@id":"https:\/\/pakosc-kalwaria.franciszkanie.net\/index.php\/2021\/06\/09\/jubileusz-100-lecia-poswiecenia-polski-najswietszemu-sercu-pana-jezusa\/#primaryimage"},"datePublished":"2021-06-09T07:30:36+00:00","dateModified":"2021-06-12T14:05:59+00:00","author":{"@id":"https:\/\/pakosc-kalwaria.franciszkanie.net\/#\/schema\/person\/af10b943be0760709227d060eadcb2aa"},"breadcrumb":{"@id":"https:\/\/pakosc-kalwaria.franciszkanie.net\/index.php\/2021\/06\/09\/jubileusz-100-lecia-poswiecenia-polski-najswietszemu-sercu-pana-jezusa\/#breadcrumb"},"inLanguage":"pl-PL","potentialAction":[{"@type":"ReadAction","target":["https:\/\/pakosc-kalwaria.franciszkanie.net\/index.php\/2021\/06\/09\/jubileusz-100-lecia-poswiecenia-polski-najswietszemu-sercu-pana-jezusa\/"]}]},{"@type":"BreadcrumbList","@id":"https:\/\/pakosc-kalwaria.franciszkanie.net\/index.php\/2021\/06\/09\/jubileusz-100-lecia-poswiecenia-polski-najswietszemu-sercu-pana-jezusa\/#breadcrumb","itemListElement":[{"@type":"ListItem","position":1,"name":"Strona g\u0142\u00f3wna","item":"https:\/\/pakosc-kalwaria.franciszkanie.net\/"},{"@type":"ListItem","position":2,"name":"Zako\u0144czanie Jubileuszu 100-lecia po\u015bwi\u0119cenia Polski Naj\u015bwi\u0119tszemu Sercu Pana Jezusa &#8211; 11 czerwca"}]},{"@type":"Person","@id":"https:\/\/pakosc-kalwaria.franciszkanie.net\/#\/schema\/person\/af10b943be0760709227d060eadcb2aa","name":"pakosc-kalwaria","image":{"@type":"ImageObject","@id":"https:\/\/pakosc-kalwaria.franciszkanie.net\/#personlogo","inLanguage":"pl-PL","url":"https:\/\/secure.gravatar.com\/avatar\/e7049d338b55eac6a0027ff3218b8d02?s=96&d=mm&r=g","contentUrl":"https:\/\/secure.gravatar.com\/avatar\/e7049d338b55eac6a0027ff3218b8d02?s=96&d=mm&r=g","caption":"pakosc-kalwaria"},"sameAs":["https:\/\/www.facebook.com\/KalwariaPakosc\/"],"url":"https:\/\/pakosc-kalwaria.franciszkanie.net\/index.php\/author\/pakosc-kalwaria\/"}]}},"_links":{"self":[{"href":"https:\/\/pakosc-kalwaria.franciszkanie.net\/index.php\/wp-json\/wp\/v2\/posts\/16444"}],"collection":[{"href":"https:\/\/pakosc-kalwaria.franciszkanie.net\/index.php\/wp-json\/wp\/v2\/posts"}],"about":[{"href":"https:\/\/pakosc-kalwaria.franciszkanie.net\/index.php\/wp-json\/wp\/v2\/types\/post"}],"author":[{"embeddable":true,"href":"https:\/\/pakosc-kalwaria.franciszkanie.net\/index.php\/wp-json\/wp\/v2\/users\/2"}],"replies":[{"embeddable":true,"href":"https:\/\/pakosc-kalwaria.franciszkanie.net\/index.php\/wp-json\/wp\/v2\/comments?post=16444"}],"version-history":[{"count":5,"href":"https:\/\/pakosc-kalwaria.franciszkanie.net\/index.php\/wp-json\/wp\/v2\/posts\/16444\/revisions"}],"predecessor-version":[{"id":18592,"href":"https:\/\/pakosc-kalwaria.franciszkanie.net\/index.php\/wp-json\/wp\/v2\/posts\/16444\/revisions\/18592"}],"wp:featuredmedia":[{"embeddable":true,"href":"https:\/\/pakosc-kalwaria.franciszkanie.net\/index.php\/wp-json\/wp\/v2\/media\/16445"}],"wp:attachment":[{"href":"https:\/\/pakosc-kalwaria.franciszkanie.net\/index.php\/wp-json\/wp\/v2\/media?parent=16444"}],"wp:term":[{"taxonomy":"category","embeddable":true,"href":"https:\/\/pakosc-kalwaria.franciszkanie.net\/index.php\/wp-json\/wp\/v2\/categories?post=16444"},{"taxonomy":"post_tag","embeddable":true,"href":"https:\/\/pakosc-kalwaria.franciszkanie.net\/index.php\/wp-json\/wp\/v2\/tags?post=16444"}],"curies":[{"name":"wp","href":"https:\/\/api.w.org\/{rel}","templated":true}]}}