{"id":16451,"date":"2022-04-24T08:30:19","date_gmt":"2022-04-24T06:30:19","guid":{"rendered":"http:\/\/pakosc-kalwaria.franciszkanie.net\/?p=16451"},"modified":"2022-04-30T08:56:43","modified_gmt":"2022-04-30T06:56:43","slug":"prosba-o-przekazanie-1-podatku-na-fundacje-kalwaria-pakoska-krs-0000282780","status":"publish","type":"post","link":"https:\/\/pakosc-kalwaria.franciszkanie.net\/index.php\/2022\/04\/24\/prosba-o-przekazanie-1-podatku-na-fundacje-kalwaria-pakoska-krs-0000282780\/","title":{"rendered":"Pro\u015bba o przekazanie 1% podatku na Fundacj\u0119 Kalwaria Pakoska \u2013 KRS 0000282780"},"content":{"rendered":"<div class=\"entry-content\">\n<p><strong>Jak co roku zwracamy si\u0119 z pro\u015bb\u0105 o przekazanie 1% podatku na rzecz Fundacji \u201eKalwaria Pakoska\u201d, dzi\u0119ki czemu mo\u017cliwa b\u0119dzie dalsza promocja i renowacja Kalwarii w ramach przygotowania do 400-lecia powstania naszej Kalwarii (1628 \u2013 2028). <span style=\"color: #ff0000;\">Fundacja Kalwaria Pakoska \u2013 KRS 0000282780.<\/span>\u00a0\u00a0\u00a0\u00a0\u00a0\u00a0\u00a0\u00a0<\/strong><\/p>\n<p><strong>Od kilkunastu lat Fundacja \u201eKalwaria Pakoska\u201d aktywnie uczestniczy w procesie renowacji barokowych kapliczek i ich wyposa\u017cenia, unikatowego zabytku\u00a0 w skali wojew\u00f3dztwa Kujawsko-Pomorskiego.<\/strong><\/p>\n<p><strong>Obecnie Kalwaria Pakoska przygotowuje si\u0119\u00a0 do obchod\u00f3w Wielkiego Jubileuszu 400-lecia jej powstania (1628 \u2013 2028).<\/strong><\/p>\n<p><strong>Proces renowacji przebiega wieloetapowo i mo\u017cliwy jest dzi\u0119ki wsparciu finansowemu<\/strong> m. in. w ramach corocznej kwesty organizowanej na pakoskim cmentarzu w okresie uroczysto\u015bci Wszystkich \u015awi\u0119tych i Dnia Zadusznych (1-2 listopada), \u015brodk\u00f3w pozyskanych z odpisu 1% z rozlicze\u0144 podatkowych, \u015brodk\u00f3w prywatnych darczy\u0144c\u00f3w oraz \u015brodk\u00f3w przekazanych przez fundator\u00f3w Fundacji. Z powodu pandemii koronawirusa pozyskiwanie \u015brodk\u00f3w jest bardzo utrudnione.<\/p>\n<p><strong>Dzia\u0142ania Fundacji to r\u00f3wnie\u017c szeroko rozumiana promocja Kalwarii Pakoskiej<\/strong> realizowana\u00a0 poprzez opracowanie i dystrybucj\u0119 materia\u0142\u00f3w promocyjnych jak kalendarze, magnesy, kubki, czy foldery informacyjno \u2013 promocyjne dotycz\u0105ce Kalwarii.<\/p>\n<p>W ramach dzia\u0142a\u0144 promocyjnych Fundacja \u201eKalwaria Pakoska\u201d wsp\u00f3lnie z Klasztorem Franciszkan\u00f3w z Pako\u015bci uczestniczy w og\u00f3lnopolskiej akcji pt. <strong>\u201eNoc Muze\u00f3w\u201d<\/strong>, w trakcie kt\u00f3rej mo\u017cna podziwia\u0107 cenne eksponaty b\u0119d\u0105ce w posiadaniu pakoskich Franciszkan\u00f3w, obejrze\u0107 film o Kalwarii oraz wypi\u0107 kaw\u0119 po franciszka\u0144sku.<\/p>\n<p><span style=\"color: #ff0000;\"><strong>W zwi\u0105zku z okresem przekazywania rocznych rozlicze\u0144 podatkowych do Urz\u0119d\u00f3w Skarbowych, zwracamy si\u0119 z pro\u015bb\u0105 o przekazanie 1% podatku na rzecz Fundacji \u201eKalwaria Pakoska\u201d.<br \/>\n<\/strong><strong>Dzi\u0119kujemy za ka\u017cd\u0105 form\u0119 okazanego wsparcia naszych dzia\u0142a\u0144, kt\u00f3re s\u0142u\u017c\u0105 dalszej trosce o jak\u017ce cenny i unikatowy w skali wojew\u00f3dztwa Kujawsko- Pomorskiego i naszego kraju zabytek jakim jest Archidiecezjalne Sanktuarium M\u0119ki Pa\u0144skiej \u2013 Kalwaria Pakoska.<\/strong><\/span><\/p>\n<p><strong>Park Kulturowy Kalwaria Pakoska<br \/>\n<\/strong>Pako\u015b\u0107 to miasto wyj\u0105tkowe. Jego wyj\u0105tkowo\u015b\u0107 bierze si\u0119 z jego historycznych uwarunkowa\u0144 rozwoju, przywi\u0105zania mieszka\u0144c\u00f3w do tego urokliwego miejsca, jego licznych walor\u00f3w przyrodniczych. Tym co nas wyr\u00f3\u017cnia spo\u015br\u00f3d innych miast, jest r\u00f3wnie\u017c rozsiany po\u015br\u00f3d zieleni, unikatowy w skali kraju zesp\u00f3l barokowej architektury sakralnej, b\u0119d\u0105cy wyrazem bogatego dziedzictwa kulturalno \u2013 religijnego regionu Kujaw i Pa\u0142uk \u2013 Kalwaria Pakoska.<br \/>\nOdrestaurowanie zniszczonych kaplic kalwaryjskich, a przede wszystkim utworzenie Parku Kulturowego Kalwaria Pakoska stanowi efekt owocnej wsp\u00f3\u0142pracy samorz\u0105du spo\u0142eczno\u015bci gminy, Fundacji Kalwaria Pakoska oraz zakonu franciszkan\u00f3w.<br \/>\nPark Kulturowy, to przede wszystkim ochrona warto\u015bci przestrzenno \u2013 krajobrazowych, architektonicznych i historycznych obiekt\u00f3w, jakie wchodz\u0105 w jego sk\u0142ad oraz warto\u015bci nie materialnej, jaka jest kult M\u0119ki Pa\u0144skiej, sprawowany tu od 1628 roku. Jest r\u00f3wnie\u017c efektem, d\u0105\u017ce\u0144 do stworzenia mieszka\u0144com gminy odpowiednich warunk\u00f3w dla rozwoju i rekreacji oraz ochrony jego wyj\u0105tkowych walor\u00f3w przyrodniczych.<br \/>\nZ pewno\u015bci\u0105 warto tu przyjecha\u0107, by w\u015br\u00f3d bogatej zieleni, upienionej unikatowymi dzie\u0142ami sztuki sakralnej, odda\u0107 si\u0119 chwil\u0105 odpoczynku, relaksu i zadumy, korzystaj\u0105c z urok\u00f3w tego miejsca.<\/p>\n<p><span style=\"color: #ff0000;\"><strong>Pocz\u0105tki Kalwarii Pakoskiej si\u0119gaj\u0105 1628 roku.<\/strong><\/span> <strong>Chronologicznie jest wi\u0119c drug\u0105, po Zebrzydowskiej, Kalwari\u0105 w Polsce.\u00a0To jedyne i niepowtarzalne zjawisko kulturowe na terenie wojew\u00f3dztwa kujawsko-pomorskiego a tak\u017ce \u017cywy pomnik wiary i kultu M\u0119ki Pa\u0144skiej.\u00a0<span style=\"color: #ff0000;\">Tu jest przechowywana i czczona, najwi\u0119ksza <\/span><\/strong><strong><span style=\"color: #ff0000;\">w Polsce, <\/span><\/strong><strong><span style=\"color: #ff0000;\">cz\u0105stka<\/span> <\/strong> <strong><span style=\"color: #ff0000;\">Relikwii z drzewa Krzy\u017ca \u015bwi\u0119tego\u00a0<\/span> (przy ko\u015bciele \u015bw. Bonawentury).<br \/>\n<\/strong><strong>Zapraszamy do zapoznania si\u0119 z jej histori\u0105 i tera\u017aniejszo\u015bci\u0105, a tak\u017ce do odwiedzenia nas osobi\u015bcie.<\/strong><\/p>\n<\/div>\n","protected":false},"excerpt":{"rendered":"<p>Jak co roku zwracamy si\u0119 z pro\u015bb\u0105 o przekazanie 1% podatku na rzecz Fundacji \u201eKalwaria Pakoska\u201d, dzi\u0119ki czemu mo\u017cliwa b\u0119dzie dalsza promocja i renowacja Kalwarii w ramach przygotowania do 400-lecia powstania naszej Kalwarii (1628 \u2013 2028). Fundacja Kalwaria Pakoska \u2013 KRS 0000282780.\u00a0\u00a0\u00a0\u00a0\u00a0\u00a0\u00a0\u00a0 Od kilkunastu lat Fundacja \u201eKalwaria Pakoska\u201d aktywnie uczestniczy w procesie renowacji barokowych kapliczek &hellip;<\/p>\n","protected":false},"author":2,"featured_media":16452,"comment_status":"closed","ping_status":"closed","sticky":false,"template":"","format":"standard","meta":{"_mi_skip_tracking":false,"_exactmetrics_sitenote_active":false,"_exactmetrics_sitenote_note":"","_exactmetrics_sitenote_category":0},"categories":[7],"tags":[],"yoast_head":"<!-- This site is optimized with the Yoast SEO plugin v18.1 - https:\/\/yoast.com\/wordpress\/plugins\/seo\/ -->\n<title>Pro\u015bba o przekazanie 1% podatku na Fundacj\u0119 Kalwaria Pakoska \u2013 KRS 0000282780 - Pako\u015b\u0107 \u2013 Kalwaria<\/title>\n<meta name=\"robots\" content=\"index, follow, max-snippet:-1, max-image-preview:large, max-video-preview:-1\" \/>\n<link rel=\"canonical\" href=\"https:\/\/pakosc-kalwaria.franciszkanie.net\/index.php\/2022\/04\/24\/prosba-o-przekazanie-1-podatku-na-fundacje-kalwaria-pakoska-krs-0000282780\/\" \/>\n<meta property=\"og:locale\" content=\"pl_PL\" \/>\n<meta property=\"og:type\" content=\"article\" \/>\n<meta property=\"og:title\" content=\"Pro\u015bba o przekazanie 1% podatku na Fundacj\u0119 Kalwaria Pakoska \u2013 KRS 0000282780 - Pako\u015b\u0107 \u2013 Kalwaria\" \/>\n<meta property=\"og:description\" content=\"Jak co roku zwracamy si\u0119 z pro\u015bb\u0105 o przekazanie 1% podatku na rzecz Fundacji \u201eKalwaria Pakoska\u201d, dzi\u0119ki czemu mo\u017cliwa b\u0119dzie dalsza promocja i renowacja Kalwarii w ramach przygotowania do 400-lecia powstania naszej Kalwarii (1628 \u2013 2028). Fundacja Kalwaria Pakoska \u2013 KRS 0000282780.\u00a0\u00a0\u00a0\u00a0\u00a0\u00a0\u00a0\u00a0 Od kilkunastu lat Fundacja \u201eKalwaria Pakoska\u201d aktywnie uczestniczy w procesie renowacji barokowych kapliczek &hellip;\" \/>\n<meta property=\"og:url\" content=\"https:\/\/pakosc-kalwaria.franciszkanie.net\/index.php\/2022\/04\/24\/prosba-o-przekazanie-1-podatku-na-fundacje-kalwaria-pakoska-krs-0000282780\/\" \/>\n<meta property=\"og:site_name\" content=\"Pako\u015b\u0107 \u2013 Kalwaria\" \/>\n<meta property=\"article:author\" content=\"https:\/\/www.facebook.com\/KalwariaPakosc\/\" \/>\n<meta property=\"article:published_time\" content=\"2022-04-24T06:30:19+00:00\" \/>\n<meta property=\"article:modified_time\" content=\"2022-04-30T06:56:43+00:00\" \/>\n<meta property=\"og:image\" content=\"https:\/\/pakosc-kalwaria.franciszkanie.net\/wp-content\/uploads\/2021\/02\/DSCN0079.jpg\" \/>\n\t<meta property=\"og:image:width\" content=\"300\" \/>\n\t<meta property=\"og:image:height\" content=\"225\" \/>\n\t<meta property=\"og:image:type\" content=\"image\/jpeg\" \/>\n<meta name=\"twitter:card\" content=\"summary\" \/>\n<meta name=\"twitter:label1\" content=\"Napisane przez\" \/>\n\t<meta name=\"twitter:data1\" content=\"pakosc-kalwaria\" \/>\n\t<meta name=\"twitter:label2\" content=\"Szacowany czas czytania\" \/>\n\t<meta name=\"twitter:data2\" content=\"3 minuty\" \/>\n<script type=\"application\/ld+json\" class=\"yoast-schema-graph\">{\"@context\":\"https:\/\/schema.org\",\"@graph\":[{\"@type\":\"WebSite\",\"@id\":\"https:\/\/pakosc-kalwaria.franciszkanie.net\/#website\",\"url\":\"https:\/\/pakosc-kalwaria.franciszkanie.net\/\",\"name\":\"Pako\u015b\u0107 \u2013 Kalwaria\",\"description\":\"Parafia Rzymsko \u2013 Katolicka p.w. Pana Jezusa Ukrzy\u017cowanego i  Matki Bo\u017cej Bolesnej ul. Barci\u0144ska 60, 88\u2013170 Pako\u015b\u0107 \u2013 Kalwaria\",\"potentialAction\":[{\"@type\":\"SearchAction\",\"target\":{\"@type\":\"EntryPoint\",\"urlTemplate\":\"https:\/\/pakosc-kalwaria.franciszkanie.net\/?s={search_term_string}\"},\"query-input\":\"required name=search_term_string\"}],\"inLanguage\":\"pl-PL\"},{\"@type\":\"ImageObject\",\"@id\":\"https:\/\/pakosc-kalwaria.franciszkanie.net\/index.php\/2022\/04\/24\/prosba-o-przekazanie-1-podatku-na-fundacje-kalwaria-pakoska-krs-0000282780\/#primaryimage\",\"inLanguage\":\"pl-PL\",\"url\":\"https:\/\/pakosc-kalwaria.franciszkanie.net\/wp-content\/uploads\/2021\/02\/DSCN0079.jpg\",\"contentUrl\":\"https:\/\/pakosc-kalwaria.franciszkanie.net\/wp-content\/uploads\/2021\/02\/DSCN0079.jpg\",\"width\":300,\"height\":225},{\"@type\":\"WebPage\",\"@id\":\"https:\/\/pakosc-kalwaria.franciszkanie.net\/index.php\/2022\/04\/24\/prosba-o-przekazanie-1-podatku-na-fundacje-kalwaria-pakoska-krs-0000282780\/#webpage\",\"url\":\"https:\/\/pakosc-kalwaria.franciszkanie.net\/index.php\/2022\/04\/24\/prosba-o-przekazanie-1-podatku-na-fundacje-kalwaria-pakoska-krs-0000282780\/\",\"name\":\"Pro\u015bba o przekazanie 1% podatku na Fundacj\u0119 Kalwaria Pakoska \u2013 KRS 0000282780 - Pako\u015b\u0107 \u2013 Kalwaria\",\"isPartOf\":{\"@id\":\"https:\/\/pakosc-kalwaria.franciszkanie.net\/#website\"},\"primaryImageOfPage\":{\"@id\":\"https:\/\/pakosc-kalwaria.franciszkanie.net\/index.php\/2022\/04\/24\/prosba-o-przekazanie-1-podatku-na-fundacje-kalwaria-pakoska-krs-0000282780\/#primaryimage\"},\"datePublished\":\"2022-04-24T06:30:19+00:00\",\"dateModified\":\"2022-04-30T06:56:43+00:00\",\"author\":{\"@id\":\"https:\/\/pakosc-kalwaria.franciszkanie.net\/#\/schema\/person\/af10b943be0760709227d060eadcb2aa\"},\"breadcrumb\":{\"@id\":\"https:\/\/pakosc-kalwaria.franciszkanie.net\/index.php\/2022\/04\/24\/prosba-o-przekazanie-1-podatku-na-fundacje-kalwaria-pakoska-krs-0000282780\/#breadcrumb\"},\"inLanguage\":\"pl-PL\",\"potentialAction\":[{\"@type\":\"ReadAction\",\"target\":[\"https:\/\/pakosc-kalwaria.franciszkanie.net\/index.php\/2022\/04\/24\/prosba-o-przekazanie-1-podatku-na-fundacje-kalwaria-pakoska-krs-0000282780\/\"]}]},{\"@type\":\"BreadcrumbList\",\"@id\":\"https:\/\/pakosc-kalwaria.franciszkanie.net\/index.php\/2022\/04\/24\/prosba-o-przekazanie-1-podatku-na-fundacje-kalwaria-pakoska-krs-0000282780\/#breadcrumb\",\"itemListElement\":[{\"@type\":\"ListItem\",\"position\":1,\"name\":\"Strona g\u0142\u00f3wna\",\"item\":\"https:\/\/pakosc-kalwaria.franciszkanie.net\/\"},{\"@type\":\"ListItem\",\"position\":2,\"name\":\"Pro\u015bba o przekazanie 1% podatku na Fundacj\u0119 Kalwaria Pakoska \u2013 KRS 0000282780\"}]},{\"@type\":\"Person\",\"@id\":\"https:\/\/pakosc-kalwaria.franciszkanie.net\/#\/schema\/person\/af10b943be0760709227d060eadcb2aa\",\"name\":\"pakosc-kalwaria\",\"image\":{\"@type\":\"ImageObject\",\"@id\":\"https:\/\/pakosc-kalwaria.franciszkanie.net\/#personlogo\",\"inLanguage\":\"pl-PL\",\"url\":\"https:\/\/secure.gravatar.com\/avatar\/e7049d338b55eac6a0027ff3218b8d02?s=96&d=mm&r=g\",\"contentUrl\":\"https:\/\/secure.gravatar.com\/avatar\/e7049d338b55eac6a0027ff3218b8d02?s=96&d=mm&r=g\",\"caption\":\"pakosc-kalwaria\"},\"sameAs\":[\"https:\/\/www.facebook.com\/KalwariaPakosc\/\"],\"url\":\"https:\/\/pakosc-kalwaria.franciszkanie.net\/index.php\/author\/pakosc-kalwaria\/\"}]}<\/script>\n<!-- \/ Yoast SEO plugin. -->","yoast_head_json":{"title":"Pro\u015bba o przekazanie 1% podatku na Fundacj\u0119 Kalwaria Pakoska \u2013 KRS 0000282780 - Pako\u015b\u0107 \u2013 Kalwaria","robots":{"index":"index","follow":"follow","max-snippet":"max-snippet:-1","max-image-preview":"max-image-preview:large","max-video-preview":"max-video-preview:-1"},"canonical":"https:\/\/pakosc-kalwaria.franciszkanie.net\/index.php\/2022\/04\/24\/prosba-o-przekazanie-1-podatku-na-fundacje-kalwaria-pakoska-krs-0000282780\/","og_locale":"pl_PL","og_type":"article","og_title":"Pro\u015bba o przekazanie 1% podatku na Fundacj\u0119 Kalwaria Pakoska \u2013 KRS 0000282780 - Pako\u015b\u0107 \u2013 Kalwaria","og_description":"Jak co roku zwracamy si\u0119 z pro\u015bb\u0105 o przekazanie 1% podatku na rzecz Fundacji \u201eKalwaria Pakoska\u201d, dzi\u0119ki czemu mo\u017cliwa b\u0119dzie dalsza promocja i renowacja Kalwarii w ramach przygotowania do 400-lecia powstania naszej Kalwarii (1628 \u2013 2028). Fundacja Kalwaria Pakoska \u2013 KRS 0000282780.\u00a0\u00a0\u00a0\u00a0\u00a0\u00a0\u00a0\u00a0 Od kilkunastu lat Fundacja \u201eKalwaria Pakoska\u201d aktywnie uczestniczy w procesie renowacji barokowych kapliczek &hellip;","og_url":"https:\/\/pakosc-kalwaria.franciszkanie.net\/index.php\/2022\/04\/24\/prosba-o-przekazanie-1-podatku-na-fundacje-kalwaria-pakoska-krs-0000282780\/","og_site_name":"Pako\u015b\u0107 \u2013 Kalwaria","article_author":"https:\/\/www.facebook.com\/KalwariaPakosc\/","article_published_time":"2022-04-24T06:30:19+00:00","article_modified_time":"2022-04-30T06:56:43+00:00","og_image":[{"width":300,"height":225,"url":"https:\/\/pakosc-kalwaria.franciszkanie.net\/wp-content\/uploads\/2021\/02\/DSCN0079.jpg","type":"image\/jpeg"}],"twitter_card":"summary","twitter_misc":{"Napisane przez":"pakosc-kalwaria","Szacowany czas czytania":"3 minuty"},"schema":{"@context":"https:\/\/schema.org","@graph":[{"@type":"WebSite","@id":"https:\/\/pakosc-kalwaria.franciszkanie.net\/#website","url":"https:\/\/pakosc-kalwaria.franciszkanie.net\/","name":"Pako\u015b\u0107 \u2013 Kalwaria","description":"Parafia Rzymsko \u2013 Katolicka p.w. Pana Jezusa Ukrzy\u017cowanego i  Matki Bo\u017cej Bolesnej ul. Barci\u0144ska 60, 88\u2013170 Pako\u015b\u0107 \u2013 Kalwaria","potentialAction":[{"@type":"SearchAction","target":{"@type":"EntryPoint","urlTemplate":"https:\/\/pakosc-kalwaria.franciszkanie.net\/?s={search_term_string}"},"query-input":"required name=search_term_string"}],"inLanguage":"pl-PL"},{"@type":"ImageObject","@id":"https:\/\/pakosc-kalwaria.franciszkanie.net\/index.php\/2022\/04\/24\/prosba-o-przekazanie-1-podatku-na-fundacje-kalwaria-pakoska-krs-0000282780\/#primaryimage","inLanguage":"pl-PL","url":"https:\/\/pakosc-kalwaria.franciszkanie.net\/wp-content\/uploads\/2021\/02\/DSCN0079.jpg","contentUrl":"https:\/\/pakosc-kalwaria.franciszkanie.net\/wp-content\/uploads\/2021\/02\/DSCN0079.jpg","width":300,"height":225},{"@type":"WebPage","@id":"https:\/\/pakosc-kalwaria.franciszkanie.net\/index.php\/2022\/04\/24\/prosba-o-przekazanie-1-podatku-na-fundacje-kalwaria-pakoska-krs-0000282780\/#webpage","url":"https:\/\/pakosc-kalwaria.franciszkanie.net\/index.php\/2022\/04\/24\/prosba-o-przekazanie-1-podatku-na-fundacje-kalwaria-pakoska-krs-0000282780\/","name":"Pro\u015bba o przekazanie 1% podatku na Fundacj\u0119 Kalwaria Pakoska \u2013 KRS 0000282780 - Pako\u015b\u0107 \u2013 Kalwaria","isPartOf":{"@id":"https:\/\/pakosc-kalwaria.franciszkanie.net\/#website"},"primaryImageOfPage":{"@id":"https:\/\/pakosc-kalwaria.franciszkanie.net\/index.php\/2022\/04\/24\/prosba-o-przekazanie-1-podatku-na-fundacje-kalwaria-pakoska-krs-0000282780\/#primaryimage"},"datePublished":"2022-04-24T06:30:19+00:00","dateModified":"2022-04-30T06:56:43+00:00","author":{"@id":"https:\/\/pakosc-kalwaria.franciszkanie.net\/#\/schema\/person\/af10b943be0760709227d060eadcb2aa"},"breadcrumb":{"@id":"https:\/\/pakosc-kalwaria.franciszkanie.net\/index.php\/2022\/04\/24\/prosba-o-przekazanie-1-podatku-na-fundacje-kalwaria-pakoska-krs-0000282780\/#breadcrumb"},"inLanguage":"pl-PL","potentialAction":[{"@type":"ReadAction","target":["https:\/\/pakosc-kalwaria.franciszkanie.net\/index.php\/2022\/04\/24\/prosba-o-przekazanie-1-podatku-na-fundacje-kalwaria-pakoska-krs-0000282780\/"]}]},{"@type":"BreadcrumbList","@id":"https:\/\/pakosc-kalwaria.franciszkanie.net\/index.php\/2022\/04\/24\/prosba-o-przekazanie-1-podatku-na-fundacje-kalwaria-pakoska-krs-0000282780\/#breadcrumb","itemListElement":[{"@type":"ListItem","position":1,"name":"Strona g\u0142\u00f3wna","item":"https:\/\/pakosc-kalwaria.franciszkanie.net\/"},{"@type":"ListItem","position":2,"name":"Pro\u015bba o przekazanie 1% podatku na Fundacj\u0119 Kalwaria Pakoska \u2013 KRS 0000282780"}]},{"@type":"Person","@id":"https:\/\/pakosc-kalwaria.franciszkanie.net\/#\/schema\/person\/af10b943be0760709227d060eadcb2aa","name":"pakosc-kalwaria","image":{"@type":"ImageObject","@id":"https:\/\/pakosc-kalwaria.franciszkanie.net\/#personlogo","inLanguage":"pl-PL","url":"https:\/\/secure.gravatar.com\/avatar\/e7049d338b55eac6a0027ff3218b8d02?s=96&d=mm&r=g","contentUrl":"https:\/\/secure.gravatar.com\/avatar\/e7049d338b55eac6a0027ff3218b8d02?s=96&d=mm&r=g","caption":"pakosc-kalwaria"},"sameAs":["https:\/\/www.facebook.com\/KalwariaPakosc\/"],"url":"https:\/\/pakosc-kalwaria.franciszkanie.net\/index.php\/author\/pakosc-kalwaria\/"}]}},"_links":{"self":[{"href":"https:\/\/pakosc-kalwaria.franciszkanie.net\/index.php\/wp-json\/wp\/v2\/posts\/16451"}],"collection":[{"href":"https:\/\/pakosc-kalwaria.franciszkanie.net\/index.php\/wp-json\/wp\/v2\/posts"}],"about":[{"href":"https:\/\/pakosc-kalwaria.franciszkanie.net\/index.php\/wp-json\/wp\/v2\/types\/post"}],"author":[{"embeddable":true,"href":"https:\/\/pakosc-kalwaria.franciszkanie.net\/index.php\/wp-json\/wp\/v2\/users\/2"}],"replies":[{"embeddable":true,"href":"https:\/\/pakosc-kalwaria.franciszkanie.net\/index.php\/wp-json\/wp\/v2\/comments?post=16451"}],"version-history":[{"count":4,"href":"https:\/\/pakosc-kalwaria.franciszkanie.net\/index.php\/wp-json\/wp\/v2\/posts\/16451\/revisions"}],"predecessor-version":[{"id":21768,"href":"https:\/\/pakosc-kalwaria.franciszkanie.net\/index.php\/wp-json\/wp\/v2\/posts\/16451\/revisions\/21768"}],"wp:featuredmedia":[{"embeddable":true,"href":"https:\/\/pakosc-kalwaria.franciszkanie.net\/index.php\/wp-json\/wp\/v2\/media\/16452"}],"wp:attachment":[{"href":"https:\/\/pakosc-kalwaria.franciszkanie.net\/index.php\/wp-json\/wp\/v2\/media?parent=16451"}],"wp:term":[{"taxonomy":"category","embeddable":true,"href":"https:\/\/pakosc-kalwaria.franciszkanie.net\/index.php\/wp-json\/wp\/v2\/categories?post=16451"},{"taxonomy":"post_tag","embeddable":true,"href":"https:\/\/pakosc-kalwaria.franciszkanie.net\/index.php\/wp-json\/wp\/v2\/tags?post=16451"}],"curies":[{"name":"wp","href":"https:\/\/api.w.org\/{rel}","templated":true}]}}