{"id":1669,"date":"2017-03-19T15:10:35","date_gmt":"2017-03-19T14:10:35","guid":{"rendered":"http:\/\/pakosc-kalwaria.franciszkanie.net\/?p=1669"},"modified":"2017-03-25T19:35:31","modified_gmt":"2017-03-25T18:35:31","slug":"duchowa-adopcja-dziecka-poczetego-25-marca","status":"publish","type":"post","link":"https:\/\/pakosc-kalwaria.franciszkanie.net\/index.php\/2017\/03\/19\/duchowa-adopcja-dziecka-poczetego-25-marca\/","title":{"rendered":"Duchowa Adopcja Dziecka Pocz\u0119tego \u2013 25 marca"},"content":{"rendered":"<p><span style=\"color: #ff0000;\"><strong>W naszym ko\u015bciele, w sobot\u0119 25 marca 2017r. w czasie Mszy \u015bw. o godz. 17.00., b\u0119dzie mo\u017cna z\u0142o\u017cy\u0107 przyrzeczenia Duchowej Adopcji Dziecka Pocz\u0119tego.<\/strong><\/span><strong><br \/>\nZach\u0119camy wiernych do tego wielkiego uczynku mi\u0142osierdzia!<br \/>\n<span style=\"color: #ff0000;\">Deklaracje przynosimy do zakrystii lub do kancelarii parafialnej do \u015brody 22 marca.<\/span> Deklaracje znajduj\u0105 si\u0119 na stoliku pod ch\u00f3rem oraz na stronie poni\u017cej.<\/strong><\/p>\n<p>&nbsp;<\/p>\n<p><span style=\"color: #ff0000;\"><strong>FORMU\u0141A PRZYRZECZENIA DUCHOWEJ ADOPCJI<\/strong><\/span><br \/>\n<strong>Naj\u015bwi\u0119tsza Panno, Bogarodzico Maryjo, wszyscy Anio\u0142owie i \u015awi\u0119ci, wiedziony pragnieniem niesienia pomocy w obronie nienarodzonych,<br \/>\nJa (&#8230;) postanawiam mocno i przyrzekam, \u017ce od dnia 25 marca 2017r., w uroczysto\u015b\u0107 Zwiastowania Pa\u0144skiego, bior\u0119 w duchow\u0105 adopcj\u0119 jedno dziecko, kt\u00f3rego imi\u0119 jedynie Bogu jest wiadome, aby przez 9 miesi\u0119cy ka\u017cdego dnia modli\u0107 si\u0119 o uratowanie jego \u017cycia oraz o sprawiedliwe i prawe \u017cycie po urodzeniu.<br \/>\nPostanawiam:<br \/>\n&#8211; odm\u00f3wi\u0107 codzienn\u0105 modlitw\u0119 w intencji nienarodzonego,<br \/>\n&#8211; codziennie odm\u00f3wi\u0107 jedn\u0105 tajemnic\u0119 r\u00f3\u017ca\u0144ca,<br \/>\n&#8211; wype\u0142ni\u0107 moje dobrowolne postanowienia:<\/strong><\/p>\n<p><span style=\"color: #ff0000;\"><strong>MODLITWA CODZIENNA<\/strong><\/span><br \/>\n<strong>Panie Jezu &#8211; za wstawiennictwem Twojej Matki Maryi, kt\u00f3ra urodzi\u0142a Ci\u0119 z mi\u0142o\u015bci\u0105, oraz za wstawiennictwem \u015bw. J\u00f3zefa, cz\u0142owieka zawierzenia, kt\u00f3ry opiekowa\u0142 si\u0119 Tob\u0105 po urodzeniu &#8211; prosz\u0119 Ci\u0119 w intencji tego nienarodzonego dziecka, kt\u00f3re duchowo adoptowa\u0142em, a kt\u00f3re znajduje si\u0119 w niebezpiecze\u0144stwie zag\u0142ady. Prosz\u0119, daj rodzicom mi\u0142o\u015b\u0107 i odwag\u0119, aby swoje dziecko pozostawili przy \u017cyciu, kt\u00f3re Ty sam mu przeznaczy\u0142e\u015b. Amen.<br \/>\n<\/strong><br \/>\n<span style=\"color: #ff0000;\"> <strong>DEKLARACJA<\/strong><\/span><br \/>\n\u201eKto by przyj\u0105\u0142 jedno takie dziecko w imi\u0119 moje, Mnie przyjmuje.&#8221; (Mt 18,5)<\/p>\n<p>UROCZYSTE PRZYRZECZENIE PODJ\u0118CIA DUCHOWEJ ADOPCJI DZIECKA POCZ\u0118TEGO<br \/>\nW dniu 25 marca 2017r. w ko\u015bciele franciszka\u0144skim pw. Pana Jezusa Ukrzy\u017cowanego i Matki Bo\u017cej Bolesnej w Pako\u015bci \u2013 Kalwarii.<\/p>\n<p>Przyrzekaj\u0105cy(a):&#8230;&#8230;&#8230;&#8230;&#8230;&#8230;&#8230;&#8230;&#8230;&#8230;&#8230;&#8230;&#8230;&#8230;&#8230;&#8230;&#8230;&#8230;&#8230;&#8230;&#8230;&#8230;&#8230;&#8230;&#8230;&#8230;&#8230;&#8230;&#8230;&#8230;&#8230;&#8230;&#8230;&#8230;.<\/p>\n<p>Adres:&#8230;&#8230;&#8230;&#8230;&#8230;&#8230;&#8230;&#8230;&#8230;&#8230;&#8230;&#8230;&#8230;&#8230;&#8230;&#8230;&#8230;&#8230;&#8230;&#8230;&#8230;&#8230;&#8230;&#8230;&#8230;&#8230;&#8230;&#8230;&#8230;&#8230;&#8230;&#8230;&#8230;&#8230;&#8230;&#8230;&#8230;&#8230;&#8230;&#8230;&#8230;.<\/p>\n<p>Parafia &#8230;&#8230;&#8230;&#8230;&#8230;&#8230;&#8230;&#8230;&#8230;&#8230;&#8230;&#8230;&#8230;&#8230;&#8230;&#8230;&#8230;&#8230;&#8230;&#8230;&#8230;&#8230;&#8230;&#8230;&#8230;&#8230;&#8230;&#8230;&#8230;&#8230;&#8230;&#8230;&#8230;&#8230;&#8230;&#8230;&#8230;&#8230;&#8230;&#8230;.<\/p>\n<p>Wypowiedziane dzisiaj s\u0142owa przyrzeczenia potwierdzam swoim podpisem. Wybieram te\u017c dodatkowo praktyk\u0119 (praktyki) podane poni\u017cej i przyrzekam, \u017ce w intencji tego dziecka wype\u0142nia\u0107 j\u0105 (je) b\u0119d\u0119 w czasie najbli\u017cszych dziewi\u0119ciu miesi\u0119cy.<\/p>\n<p>&#8230;&#8230;&#8230;&#8230;&#8230;&#8230;&#8230;&#8230;&#8230;&#8230;&#8230;&#8230;&#8230;&#8230;&#8230;&#8230;&#8230;&#8230;&#8230;&#8230;&#8230;&#8230;&#8230;&#8230;&#8230;&#8230;&#8230;&#8230;&#8230;&#8230;&#8230;&#8230;&#8230;&#8230;&#8230;&#8230;&#8230;&#8230;&#8230;&#8230;&#8230;&#8230;&#8230;&#8230;..<\/p>\n<p>Pako\u015b\u0107 &#8211; Kalwaria, dnia &#8230;&#8230;&#8230;&#8230;&#8230;&#8230;&#8230;&#8230;&#8230;&#8230;.<\/p>\n<p>podpis&#8230;&#8230;&#8230;&#8230;&#8230;&#8230;&#8230;&#8230;&#8230;&#8230;&#8230;&#8230;&#8230;&#8230;&#8230;&#8230;&#8230;&#8230;&#8230;&#8230;&#8230;&#8230;&#8230;..<\/p>\n<p><strong><br \/>\nPropozycje dodatkowych postanowie\u0144 i praktyk religijnych:<br \/>\n<\/strong>&#8211; uczestnictwo w dzie\u0144 powszedni, jeden raz w tygodniu, we Mszy \u015bw. z przyj\u0119ciem Komunii \u015bw. w intencji tego dziecka;<br \/>\n&#8211; codzienne odmawianie Koronki do Mi\u0142osierdzia Bo\u017cego;<br \/>\n&#8211; pozyskiwanie nowych zwolennik\u00f3w Duchowej Adopcji;<br \/>\n&#8211; codzienne odmawianie jednej cz\u0119\u015bci r\u00f3\u017ca\u0144ca;<br \/>\n&#8211; podj\u0119cie dodatkowego postu lub innych umartwie\u0144 jeden raz tygodniu lub miesi\u0105cu;<br \/>\n&#8211; aktywne wspieranie dzie\u0142 charytatywnych;<br \/>\n&#8211; podejmowanie apostolstwa w obronie ka\u017cdego pocz\u0119tego dziecka;<br \/>\n&#8211; pog\u0142\u0119bianie swojej \u015bwiadomo\u015bci religijnej (np. lektura Pisma \u015bw.);<br \/>\n&#8211; przyjmowanie Komunii \u015bw. wynagradzaj\u0105cej w pierwsze pi\u0105tki lub soboty miesi\u0105ca.<\/p>\n<p><strong>Deklaracje nale\u017cy z\u0142o\u017cy\u0107 w zakrystii lub w kancelarii parafialnej<\/strong><br \/>\n<span style=\"color: #ff0000;\"><strong>W dniu przyrzecze\u0144 na Msz\u0119 \u015bw. przynosimy ze sob\u0105 \u015bwiece.<\/strong><\/span><\/p>\n<p><span style=\"color: #ff0000;\"><strong><br \/>\n<span style=\"text-decoration: underline; color: #ff0000;\">DUCHOWA ADOPCJA DZIECKA POCZ\u0118TEG<\/span><\/strong><\/span><strong><span style=\"text-decoration: underline; color: #ff0000;\">O<\/span><br \/>\n<\/strong>To ruch, do kt\u00f3rego mo\u017ce si\u0119 w\u0142\u0105czy\u0107 ka\u017cda osoba, kt\u00f3rej jest drogie pocz\u0119te \u017cycie.<br \/>\nCentralny O\u015brodek Duchowej Adopcji istnieje na Jasnej G\u00f3rze. Ka\u017cda osoba, kt\u00f3ra w\u0142\u0105cza si\u0119 do Ruchu zobowi\u0105zuje si\u0119 do modlitwy w obronie pocz\u0119tego \u017cycia oraz do osobistego wype\u0142niania Jasnog\u00f3rskich \u015alub\u00f3w Narodu. Dzi\u0119ki przynale\u017cno\u015bci do Ruchu udziela si\u0119 pomocy zar\u00f3wno dzieciom pocz\u0119tym, kt\u00f3rych \u017cycie jest zagro\u017cone, jak i cierpi\u0105cym z powodu grzechu zab\u00f3jstwa pocz\u0119tego dziecka.<\/p>\n<p><strong>Jak zrodzi\u0142a si\u0119 duchowa adopcja?<\/strong><br \/>\nPowsta\u0142a po objawieniach w Fatimie, staj\u0105c si\u0119 odpowiedzi\u0105 na wezwanie Matki Bo\u017cej do modlitwy r\u00f3\u017ca\u0144cowej, pokuty i zado\u015b\u0107-uczynienia za grzechy, kt\u00f3re najbardziej rani\u0105 Jej Niepokalane Serce. W 1987r. zosta\u0142a przeniesiona do Polski. Pierwszy o\u015brodek duchowej adopcji powsta\u0142 w ko\u015bciele Paulin\u00f3w w Warszawie. St\u0105d rozprzestrzenia si\u0119 na ca\u0142y kraj i poza jego granice.<\/p>\n<p><strong>Co to jest duchowa adopcja?<\/strong><br \/>\nDuchowa adopcja jest modlitw\u0105 w intencji dziecka zagro\u017conego zabiciem w \u0142onie matki. Trwa 9 miesi\u0119cy i polega na codziennym od-mawianiu jednej tajemnicy r\u00f3\u017ca\u0144cowej oraz specjalnej modlitwy w intencji dziecka i jego rodzic\u00f3w. Osoba decyduj\u0105ca si\u0119 na adopcj\u0119 duchow\u0105 nie wie, jakiej narodowo\u015bci jest dziecko. Jego imi\u0119 zna tylko B\u00f3g. Do modlitwy za pocz\u0119te dziecko mo\u017cna do\u0142\u0105czy\u0107 dowolnie wybrane dodatkowe postanowienia.<\/p>\n<p><strong>Jakie mog\u0105 by\u0107 te dodatkowe postanowienia?<\/strong><br \/>\nDodatkowymi postanowieniami mog\u0105 by\u0107 np.: cz\u0119sta spowied\u017a i Komunia \u015bw., adoracja Naj\u015bwi\u0119tszego Sakramentu, czytanie Biblii, post o chlebie i wodzie, walka z w\u0142asnymi na\u0142ogami, pomoc osobom potrzebuj\u0105cym lub inne dodatkowe modlitwy (litanie, nowenny, koronki&#8230;). Nale\u017cy jednak podejmowa\u0107 postanowienia realne, maj\u0105c na uwadze indywidualne mo\u017cliwo\u015bci ich wype\u0142niania. Niekt\u00f3rzy zadaj\u0105 sobie pytanie: czy mo\u017cna podejmowa\u0107 duchow\u0105 adopcj\u0119 bez dodatkowych postanowie\u0144? Odpowied\u017a brzmi: tak. Dodatkowe postanowienia nie s\u0105 obowi\u0105zkowe, zale\u017c\u0105 od dobrej woli i zapa\u0142u adoptuj\u0105cego.<\/p>\n<p><strong>Jakie s\u0105 owoce duchowej adopcji?<\/strong><br \/>\nDuchowa adopcja skutecznie leczy g\u0142\u0119bokie zranienia wewn\u0119trzne spowodowane grzechem aborcji. Pozwala matkom odzyska\u0107 wiar\u0119 w Bo\u017ce Mi\u0142osierdzie, przynosz\u0105c pok\u00f3j ich sercom. Jako bardzo konkretny, bezinteresowny i osobisty dar (modlitwy, ofiary i post), pomaga w szczeg\u00f3lno\u015bci ludziom m\u0142odym kszta\u0142towa\u0107 charakter, walczy z egoizmem, odkrywa\u0107 rado\u015b\u0107 odpowiedzialnego rodzicielstwa, uzdalniaj\u0105c do postrzegania mi\u0142o\u015b\u0107 i seksu oczyma Boga. Ucz\u0105c systematycznej modlitwy i pozytywnego dzia\u0142ania pog\u0142\u0119bia kontakt z Bogiem. Pomaga odkrywa\u0107 g\u0142\u0119boki sens zaniedbanych praktyk ascetycznych. Mo\u017ce si\u0119 sta\u0107 czynnikiem odrodzenia wsp\u00f3lnej modlitwy i mi\u0142o\u015b\u0107 w rodzinie.<\/p>\n<p><strong>Kto i ile razy mo\u017ce podejmowa\u0107 duchow\u0105 adopcj\u0119?<\/strong><br \/>\nKa\u017cdy: osoby \u015bwieckie, konsekrowane, m\u0119\u017cczy\u017ani, kobiety, ludzie w ka\u017cdym wieku. Dzieci podejmuj\u0105 j\u0105 pod opiek\u0105 rodzic\u00f3w. Duchow\u0105 adopcj\u0119 mog\u0105 podejmowa\u0107 tak\u017ce osoby \u017cyj\u0105ce w zwi\u0105zkach niesakramentalnych, osoby rozwiedzione. Mo\u017cna decydowa\u0107 si\u0119 na ni\u0105 wiele razy, ale za ka\u017cdym razem adopcja dotyczy tylko jednego dziecka &#8211; pod warunkiem wype\u0142nienia poprzednich zobowi\u0105za\u0144. Za ka\u017cdym razem trzeba jednak z\u0142o\u017cy\u0107 przyrzeczenie.<br \/>\nJe\u015bli w jakim\u015b dniu zapomni si\u0119 odm\u00f3wi\u0107 modlitw\u0119 nie jest to grzechem. Grzechem bowiem jest \u015bwiadome i dobrowolne zlekcewa\u017cenie sk\u0142adanego Bogu przyrzeczenia. Przerwa, kt\u00f3ra trwa d\u0142u\u017cszy czas (miesi\u0105c lub dwa), przerywa duchow\u0105 adopcj\u0119. Nale\u017cy wtedy ponowi\u0107 przyrzeczenie i stara\u0107 si\u0119 je dotrzyma\u0107. W wypadku kr\u00f3tkiej przerwy nale\u017cy duchow\u0105 adopcj\u0119 kontynuowa\u0107, przed\u0142u\u017caj\u0105c modlitw\u0119 o opuszczone dni.<\/p>\n<p><strong>Sk\u0105d pewno\u015b\u0107, \u017ce B\u00f3g wys\u0142ucha modlitwy?<\/strong><br \/>\nNasz\u0105 pewno\u015b\u0107 opieramy na wierze we Wszechmoc i nieograniczone Mi\u0142osierdzie Bo\u017ce. B\u00f3g jest Dawc\u0105 \u017bycia i Jego wol\u0105 jest, by ka\u017cde pocz\u0119te dziecko \u017cy\u0142o i by\u0142o otoczone mi\u0142o\u015bci\u0105 rodzic\u00f3w.<br \/>\nCzy przyrzeczenia duchowej adopcji musz\u0105 by\u0107 sk\u0142adane uroczy\u015bcie?<br \/>\nWskazane jest, by przyrzeczenia by\u0142y przeprowadzane uroczy\u015bcie (w ko\u015bciele, w obecno\u015bci kap\u0142ana), ale mo\u017cna je z\u0142o\u017cy\u0107 tak\u017ce prywatnie, np. korzystaj\u0105c z audycji radiowej na ten temat. Dzi\u0119ki temu duchow\u0105 adopcj\u0119 mog\u0105 podj\u0105\u0107 tak\u017ce osoby starsze, niepe\u0142nosprawne.<\/p>\n<p><strong>W jaki spos\u00f3b mo\u017cna z\u0142o\u017cy\u0107 przyrzeczenia prywatnie?<\/strong><br \/>\nOdczyta\u0107 formu\u0142\u0119 przyrzeczenia (najlepiej przed Krzy\u017cem lub obrazem) i od tego momentu przez kolejnych 9 miesi\u0119cy odmawia\u0107 jedn\u0105 dowolnie wybran\u0105 tajemnic\u0119 r\u00f3\u017ca\u0144ca oraz modlitw\u0119 w intencji dziecka i rodzic\u00f3w. Dla zapami\u0119tania dobrze jest zapisa\u0107 dat\u0119 rozpocz\u0119cia i zako\u0144czenia modlitwy.<\/p>\n<p><strong>Jak krzewi\u0107 modlitewny ruch duchowej adopcji?<\/strong><br \/>\nMo\u017cna pozyskiwa\u0107 osoby zainteresowane duchow\u0105 adopcj\u0105 w\u015br\u00f3d znajomych i rodziny. Nast\u0119pnie postara\u0107 si\u0119 o zgod\u0119 proboszcza na przeprowadzenie przyrzecze\u0144 duchowej adopcji w ko\u015bciele. Warto te\u017c skontaktowa\u0107 si\u0119 z o\u015brodkami duchowej adopcji, gdzie mo\u017cna uzyska\u0107 materia\u0142y, pe\u0142ne informacje oraz pomoc w przeprowadzeniu przyrzecze\u0144.<br \/>\nOto adres: Centralny O\u015brodek Krzewienia Duchowej Adopcji &#8211; Jasna G\u00f3ra 42-225 Cz\u0119stochowa; ul. Ks. Kordeckiego 2.<\/p>\n","protected":false},"excerpt":{"rendered":"<p>W naszym ko\u015bciele, w sobot\u0119 25 marca 2017r. w czasie Mszy \u015bw. o godz. 17.00., b\u0119dzie mo\u017cna z\u0142o\u017cy\u0107 przyrzeczenia Duchowej Adopcji Dziecka Pocz\u0119tego. Zach\u0119camy wiernych do tego wielkiego uczynku mi\u0142osierdzia! Deklaracje przynosimy do zakrystii lub do kancelarii parafialnej do \u015brody 22 marca. Deklaracje znajduj\u0105 si\u0119 na stoliku pod ch\u00f3rem oraz na stronie poni\u017cej. &nbsp; FORMU\u0141A &hellip;<\/p>\n","protected":false},"author":2,"featured_media":1733,"comment_status":"closed","ping_status":"open","sticky":false,"template":"","format":"standard","meta":{"_mi_skip_tracking":false,"_exactmetrics_sitenote_active":false,"_exactmetrics_sitenote_note":"","_exactmetrics_sitenote_category":0},"categories":[5,1],"tags":[],"yoast_head":"<!-- This site is optimized with the Yoast SEO plugin v18.1 - https:\/\/yoast.com\/wordpress\/plugins\/seo\/ -->\n<title>Duchowa Adopcja Dziecka Pocz\u0119tego \u2013 25 marca - Pako\u015b\u0107 \u2013 Kalwaria<\/title>\n<meta name=\"robots\" content=\"index, follow, max-snippet:-1, max-image-preview:large, max-video-preview:-1\" \/>\n<link rel=\"canonical\" href=\"https:\/\/pakosc-kalwaria.franciszkanie.net\/index.php\/2017\/03\/19\/duchowa-adopcja-dziecka-poczetego-25-marca\/\" \/>\n<meta property=\"og:locale\" content=\"pl_PL\" \/>\n<meta property=\"og:type\" content=\"article\" \/>\n<meta property=\"og:title\" content=\"Duchowa Adopcja Dziecka Pocz\u0119tego \u2013 25 marca - Pako\u015b\u0107 \u2013 Kalwaria\" \/>\n<meta property=\"og:description\" content=\"W naszym ko\u015bciele, w sobot\u0119 25 marca 2017r. w czasie Mszy \u015bw. o godz. 17.00., b\u0119dzie mo\u017cna z\u0142o\u017cy\u0107 przyrzeczenia Duchowej Adopcji Dziecka Pocz\u0119tego. Zach\u0119camy wiernych do tego wielkiego uczynku mi\u0142osierdzia! Deklaracje przynosimy do zakrystii lub do kancelarii parafialnej do \u015brody 22 marca. Deklaracje znajduj\u0105 si\u0119 na stoliku pod ch\u00f3rem oraz na stronie poni\u017cej. &nbsp; FORMU\u0141A &hellip;\" \/>\n<meta property=\"og:url\" content=\"https:\/\/pakosc-kalwaria.franciszkanie.net\/index.php\/2017\/03\/19\/duchowa-adopcja-dziecka-poczetego-25-marca\/\" \/>\n<meta property=\"og:site_name\" content=\"Pako\u015b\u0107 \u2013 Kalwaria\" \/>\n<meta property=\"article:author\" content=\"https:\/\/www.facebook.com\/KalwariaPakosc\/\" \/>\n<meta property=\"article:published_time\" content=\"2017-03-19T14:10:35+00:00\" \/>\n<meta property=\"article:modified_time\" content=\"2017-03-25T18:35:31+00:00\" \/>\n<meta property=\"og:image\" content=\"https:\/\/pakosc-kalwaria.franciszkanie.net\/wp-content\/uploads\/2017\/03\/duchowaadopcja3-1.png\" \/>\n\t<meta property=\"og:image:width\" content=\"250\" \/>\n\t<meta property=\"og:image:height\" content=\"333\" \/>\n\t<meta property=\"og:image:type\" content=\"image\/png\" \/>\n<meta name=\"twitter:card\" content=\"summary\" \/>\n<meta name=\"twitter:label1\" content=\"Napisane przez\" \/>\n\t<meta name=\"twitter:data1\" content=\"pakosc-kalwaria\" \/>\n\t<meta name=\"twitter:label2\" content=\"Szacowany czas czytania\" \/>\n\t<meta name=\"twitter:data2\" content=\"6 minut\" \/>\n<script type=\"application\/ld+json\" class=\"yoast-schema-graph\">{\"@context\":\"https:\/\/schema.org\",\"@graph\":[{\"@type\":\"WebSite\",\"@id\":\"https:\/\/pakosc-kalwaria.franciszkanie.net\/#website\",\"url\":\"https:\/\/pakosc-kalwaria.franciszkanie.net\/\",\"name\":\"Pako\u015b\u0107 \u2013 Kalwaria\",\"description\":\"Parafia Rzymsko \u2013 Katolicka p.w. Pana Jezusa Ukrzy\u017cowanego i  Matki Bo\u017cej Bolesnej ul. Barci\u0144ska 60, 88\u2013170 Pako\u015b\u0107 \u2013 Kalwaria\",\"potentialAction\":[{\"@type\":\"SearchAction\",\"target\":{\"@type\":\"EntryPoint\",\"urlTemplate\":\"https:\/\/pakosc-kalwaria.franciszkanie.net\/?s={search_term_string}\"},\"query-input\":\"required name=search_term_string\"}],\"inLanguage\":\"pl-PL\"},{\"@type\":\"ImageObject\",\"@id\":\"https:\/\/pakosc-kalwaria.franciszkanie.net\/index.php\/2017\/03\/19\/duchowa-adopcja-dziecka-poczetego-25-marca\/#primaryimage\",\"inLanguage\":\"pl-PL\",\"url\":\"https:\/\/pakosc-kalwaria.franciszkanie.net\/wp-content\/uploads\/2017\/03\/duchowaadopcja3-1.png\",\"contentUrl\":\"https:\/\/pakosc-kalwaria.franciszkanie.net\/wp-content\/uploads\/2017\/03\/duchowaadopcja3-1.png\",\"width\":250,\"height\":333},{\"@type\":\"WebPage\",\"@id\":\"https:\/\/pakosc-kalwaria.franciszkanie.net\/index.php\/2017\/03\/19\/duchowa-adopcja-dziecka-poczetego-25-marca\/#webpage\",\"url\":\"https:\/\/pakosc-kalwaria.franciszkanie.net\/index.php\/2017\/03\/19\/duchowa-adopcja-dziecka-poczetego-25-marca\/\",\"name\":\"Duchowa Adopcja Dziecka Pocz\u0119tego \u2013 25 marca - Pako\u015b\u0107 \u2013 Kalwaria\",\"isPartOf\":{\"@id\":\"https:\/\/pakosc-kalwaria.franciszkanie.net\/#website\"},\"primaryImageOfPage\":{\"@id\":\"https:\/\/pakosc-kalwaria.franciszkanie.net\/index.php\/2017\/03\/19\/duchowa-adopcja-dziecka-poczetego-25-marca\/#primaryimage\"},\"datePublished\":\"2017-03-19T14:10:35+00:00\",\"dateModified\":\"2017-03-25T18:35:31+00:00\",\"author\":{\"@id\":\"https:\/\/pakosc-kalwaria.franciszkanie.net\/#\/schema\/person\/af10b943be0760709227d060eadcb2aa\"},\"breadcrumb\":{\"@id\":\"https:\/\/pakosc-kalwaria.franciszkanie.net\/index.php\/2017\/03\/19\/duchowa-adopcja-dziecka-poczetego-25-marca\/#breadcrumb\"},\"inLanguage\":\"pl-PL\",\"potentialAction\":[{\"@type\":\"ReadAction\",\"target\":[\"https:\/\/pakosc-kalwaria.franciszkanie.net\/index.php\/2017\/03\/19\/duchowa-adopcja-dziecka-poczetego-25-marca\/\"]}]},{\"@type\":\"BreadcrumbList\",\"@id\":\"https:\/\/pakosc-kalwaria.franciszkanie.net\/index.php\/2017\/03\/19\/duchowa-adopcja-dziecka-poczetego-25-marca\/#breadcrumb\",\"itemListElement\":[{\"@type\":\"ListItem\",\"position\":1,\"name\":\"Strona g\u0142\u00f3wna\",\"item\":\"https:\/\/pakosc-kalwaria.franciszkanie.net\/\"},{\"@type\":\"ListItem\",\"position\":2,\"name\":\"Duchowa Adopcja Dziecka Pocz\u0119tego \u2013 25 marca\"}]},{\"@type\":\"Person\",\"@id\":\"https:\/\/pakosc-kalwaria.franciszkanie.net\/#\/schema\/person\/af10b943be0760709227d060eadcb2aa\",\"name\":\"pakosc-kalwaria\",\"image\":{\"@type\":\"ImageObject\",\"@id\":\"https:\/\/pakosc-kalwaria.franciszkanie.net\/#personlogo\",\"inLanguage\":\"pl-PL\",\"url\":\"https:\/\/secure.gravatar.com\/avatar\/e7049d338b55eac6a0027ff3218b8d02?s=96&d=mm&r=g\",\"contentUrl\":\"https:\/\/secure.gravatar.com\/avatar\/e7049d338b55eac6a0027ff3218b8d02?s=96&d=mm&r=g\",\"caption\":\"pakosc-kalwaria\"},\"sameAs\":[\"https:\/\/www.facebook.com\/KalwariaPakosc\/\"],\"url\":\"https:\/\/pakosc-kalwaria.franciszkanie.net\/index.php\/author\/pakosc-kalwaria\/\"}]}<\/script>\n<!-- \/ Yoast SEO plugin. -->","yoast_head_json":{"title":"Duchowa Adopcja Dziecka Pocz\u0119tego \u2013 25 marca - Pako\u015b\u0107 \u2013 Kalwaria","robots":{"index":"index","follow":"follow","max-snippet":"max-snippet:-1","max-image-preview":"max-image-preview:large","max-video-preview":"max-video-preview:-1"},"canonical":"https:\/\/pakosc-kalwaria.franciszkanie.net\/index.php\/2017\/03\/19\/duchowa-adopcja-dziecka-poczetego-25-marca\/","og_locale":"pl_PL","og_type":"article","og_title":"Duchowa Adopcja Dziecka Pocz\u0119tego \u2013 25 marca - Pako\u015b\u0107 \u2013 Kalwaria","og_description":"W naszym ko\u015bciele, w sobot\u0119 25 marca 2017r. w czasie Mszy \u015bw. o godz. 17.00., b\u0119dzie mo\u017cna z\u0142o\u017cy\u0107 przyrzeczenia Duchowej Adopcji Dziecka Pocz\u0119tego. Zach\u0119camy wiernych do tego wielkiego uczynku mi\u0142osierdzia! Deklaracje przynosimy do zakrystii lub do kancelarii parafialnej do \u015brody 22 marca. Deklaracje znajduj\u0105 si\u0119 na stoliku pod ch\u00f3rem oraz na stronie poni\u017cej. &nbsp; FORMU\u0141A &hellip;","og_url":"https:\/\/pakosc-kalwaria.franciszkanie.net\/index.php\/2017\/03\/19\/duchowa-adopcja-dziecka-poczetego-25-marca\/","og_site_name":"Pako\u015b\u0107 \u2013 Kalwaria","article_author":"https:\/\/www.facebook.com\/KalwariaPakosc\/","article_published_time":"2017-03-19T14:10:35+00:00","article_modified_time":"2017-03-25T18:35:31+00:00","og_image":[{"width":250,"height":333,"url":"https:\/\/pakosc-kalwaria.franciszkanie.net\/wp-content\/uploads\/2017\/03\/duchowaadopcja3-1.png","type":"image\/png"}],"twitter_card":"summary","twitter_misc":{"Napisane przez":"pakosc-kalwaria","Szacowany czas czytania":"6 minut"},"schema":{"@context":"https:\/\/schema.org","@graph":[{"@type":"WebSite","@id":"https:\/\/pakosc-kalwaria.franciszkanie.net\/#website","url":"https:\/\/pakosc-kalwaria.franciszkanie.net\/","name":"Pako\u015b\u0107 \u2013 Kalwaria","description":"Parafia Rzymsko \u2013 Katolicka p.w. Pana Jezusa Ukrzy\u017cowanego i  Matki Bo\u017cej Bolesnej ul. Barci\u0144ska 60, 88\u2013170 Pako\u015b\u0107 \u2013 Kalwaria","potentialAction":[{"@type":"SearchAction","target":{"@type":"EntryPoint","urlTemplate":"https:\/\/pakosc-kalwaria.franciszkanie.net\/?s={search_term_string}"},"query-input":"required name=search_term_string"}],"inLanguage":"pl-PL"},{"@type":"ImageObject","@id":"https:\/\/pakosc-kalwaria.franciszkanie.net\/index.php\/2017\/03\/19\/duchowa-adopcja-dziecka-poczetego-25-marca\/#primaryimage","inLanguage":"pl-PL","url":"https:\/\/pakosc-kalwaria.franciszkanie.net\/wp-content\/uploads\/2017\/03\/duchowaadopcja3-1.png","contentUrl":"https:\/\/pakosc-kalwaria.franciszkanie.net\/wp-content\/uploads\/2017\/03\/duchowaadopcja3-1.png","width":250,"height":333},{"@type":"WebPage","@id":"https:\/\/pakosc-kalwaria.franciszkanie.net\/index.php\/2017\/03\/19\/duchowa-adopcja-dziecka-poczetego-25-marca\/#webpage","url":"https:\/\/pakosc-kalwaria.franciszkanie.net\/index.php\/2017\/03\/19\/duchowa-adopcja-dziecka-poczetego-25-marca\/","name":"Duchowa Adopcja Dziecka Pocz\u0119tego \u2013 25 marca - Pako\u015b\u0107 \u2013 Kalwaria","isPartOf":{"@id":"https:\/\/pakosc-kalwaria.franciszkanie.net\/#website"},"primaryImageOfPage":{"@id":"https:\/\/pakosc-kalwaria.franciszkanie.net\/index.php\/2017\/03\/19\/duchowa-adopcja-dziecka-poczetego-25-marca\/#primaryimage"},"datePublished":"2017-03-19T14:10:35+00:00","dateModified":"2017-03-25T18:35:31+00:00","author":{"@id":"https:\/\/pakosc-kalwaria.franciszkanie.net\/#\/schema\/person\/af10b943be0760709227d060eadcb2aa"},"breadcrumb":{"@id":"https:\/\/pakosc-kalwaria.franciszkanie.net\/index.php\/2017\/03\/19\/duchowa-adopcja-dziecka-poczetego-25-marca\/#breadcrumb"},"inLanguage":"pl-PL","potentialAction":[{"@type":"ReadAction","target":["https:\/\/pakosc-kalwaria.franciszkanie.net\/index.php\/2017\/03\/19\/duchowa-adopcja-dziecka-poczetego-25-marca\/"]}]},{"@type":"BreadcrumbList","@id":"https:\/\/pakosc-kalwaria.franciszkanie.net\/index.php\/2017\/03\/19\/duchowa-adopcja-dziecka-poczetego-25-marca\/#breadcrumb","itemListElement":[{"@type":"ListItem","position":1,"name":"Strona g\u0142\u00f3wna","item":"https:\/\/pakosc-kalwaria.franciszkanie.net\/"},{"@type":"ListItem","position":2,"name":"Duchowa Adopcja Dziecka Pocz\u0119tego \u2013 25 marca"}]},{"@type":"Person","@id":"https:\/\/pakosc-kalwaria.franciszkanie.net\/#\/schema\/person\/af10b943be0760709227d060eadcb2aa","name":"pakosc-kalwaria","image":{"@type":"ImageObject","@id":"https:\/\/pakosc-kalwaria.franciszkanie.net\/#personlogo","inLanguage":"pl-PL","url":"https:\/\/secure.gravatar.com\/avatar\/e7049d338b55eac6a0027ff3218b8d02?s=96&d=mm&r=g","contentUrl":"https:\/\/secure.gravatar.com\/avatar\/e7049d338b55eac6a0027ff3218b8d02?s=96&d=mm&r=g","caption":"pakosc-kalwaria"},"sameAs":["https:\/\/www.facebook.com\/KalwariaPakosc\/"],"url":"https:\/\/pakosc-kalwaria.franciszkanie.net\/index.php\/author\/pakosc-kalwaria\/"}]}},"_links":{"self":[{"href":"https:\/\/pakosc-kalwaria.franciszkanie.net\/index.php\/wp-json\/wp\/v2\/posts\/1669"}],"collection":[{"href":"https:\/\/pakosc-kalwaria.franciszkanie.net\/index.php\/wp-json\/wp\/v2\/posts"}],"about":[{"href":"https:\/\/pakosc-kalwaria.franciszkanie.net\/index.php\/wp-json\/wp\/v2\/types\/post"}],"author":[{"embeddable":true,"href":"https:\/\/pakosc-kalwaria.franciszkanie.net\/index.php\/wp-json\/wp\/v2\/users\/2"}],"replies":[{"embeddable":true,"href":"https:\/\/pakosc-kalwaria.franciszkanie.net\/index.php\/wp-json\/wp\/v2\/comments?post=1669"}],"version-history":[{"count":9,"href":"https:\/\/pakosc-kalwaria.franciszkanie.net\/index.php\/wp-json\/wp\/v2\/posts\/1669\/revisions"}],"predecessor-version":[{"id":1680,"href":"https:\/\/pakosc-kalwaria.franciszkanie.net\/index.php\/wp-json\/wp\/v2\/posts\/1669\/revisions\/1680"}],"wp:featuredmedia":[{"embeddable":true,"href":"https:\/\/pakosc-kalwaria.franciszkanie.net\/index.php\/wp-json\/wp\/v2\/media\/1733"}],"wp:attachment":[{"href":"https:\/\/pakosc-kalwaria.franciszkanie.net\/index.php\/wp-json\/wp\/v2\/media?parent=1669"}],"wp:term":[{"taxonomy":"category","embeddable":true,"href":"https:\/\/pakosc-kalwaria.franciszkanie.net\/index.php\/wp-json\/wp\/v2\/categories?post=1669"},{"taxonomy":"post_tag","embeddable":true,"href":"https:\/\/pakosc-kalwaria.franciszkanie.net\/index.php\/wp-json\/wp\/v2\/tags?post=1669"}],"curies":[{"name":"wp","href":"https:\/\/api.w.org\/{rel}","templated":true}]}}