{"id":17879,"date":"2021-04-17T15:03:13","date_gmt":"2021-04-17T13:03:13","guid":{"rendered":"http:\/\/pakosc-kalwaria.franciszkanie.net\/?p=17879"},"modified":"2021-04-17T15:23:14","modified_gmt":"2021-04-17T13:23:14","slug":"xiii-ogolnopolski-tydzien-biblijny-18-24-04-2021","status":"publish","type":"post","link":"https:\/\/pakosc-kalwaria.franciszkanie.net\/index.php\/2021\/04\/17\/xiii-ogolnopolski-tydzien-biblijny-18-24-04-2021\/","title":{"rendered":"XIII Og\u00f3lnopolski Tydzie\u0144 Biblijny 18 \u2013 24.04.2021"},"content":{"rendered":"<p><strong><span style=\"color: #ff0000;\">W III Niedziel\u0119 Wielkanocy (18 kwietnia)<\/span> po raz 13. w Ko\u015bciele w Polsce prze\u017cywa\u0107 b\u0119dziemy <span style=\"color: #ff0000;\">Niedziel\u0119 Biblijn\u0105. \u00a0\u00a0\u00a0\u00a0<\/span><br \/>\n<\/strong><strong><br \/>\nOd niedzieli 18 kwietnia 2021 r. wejdziemy w <span style=\"color: #ff0000;\">XIII Tydzie\u0144 Biblijny<\/span>, kt\u00f3rego motywem przewodnim s\u0105 s\u0142owa: \u201eJam jest chleb \u017cycia. Kto do Mnie przychodzi, nie b\u0119dzie \u0142akn\u0105\u0142; a kto we Mnie wierzy, nigdy pragn\u0105\u0107 nie b\u0119dzie\u201d (J 6,35). Nawi\u0105zuj\u0105 one do tematu ca\u0142ego roku duszpasterskiego Ko\u015bcio\u0142a w Polsce \u201eZgromadzeniu na \u015bwi\u0119tej Wieczerzy\u201d, w kt\u00f3rym rozwa\u017ca si\u0119 tajemnic\u0119 Eucharystii jako Wieczerzy Pa\u0144skiej.<\/strong><\/p>\n<p><strong>Niedziela Biblijna od 2017 r. jest tak\u017ce <span style=\"color: #ff0000;\">V Dniem Narodowego Czytania Pisma \u015awi\u0119tego.<\/span> Og\u00f3lnopolskie uroczysto\u015bci zwi\u0105zane z V Narodowym Czytaniem Pisma \u015awi\u0119tego odb\u0119d\u0105 si\u0119 w Sanktuarium Mi\u0142osierdzia Bo\u017cego w Krakowie oraz na Jasnej G\u00f3rze.<\/strong><\/p>\n","protected":false},"excerpt":{"rendered":"<p>W III Niedziel\u0119 Wielkanocy (18 kwietnia) po raz 13. w Ko\u015bciele w Polsce prze\u017cywa\u0107 b\u0119dziemy Niedziel\u0119 Biblijn\u0105. \u00a0\u00a0\u00a0\u00a0 Od niedzieli 18 kwietnia 2021 r. wejdziemy w XIII Tydzie\u0144 Biblijny, kt\u00f3rego motywem przewodnim s\u0105 s\u0142owa: \u201eJam jest chleb \u017cycia. Kto do Mnie przychodzi, nie b\u0119dzie \u0142akn\u0105\u0142; a kto we Mnie wierzy, nigdy pragn\u0105\u0107 nie b\u0119dzie\u201d (J &hellip;<\/p>\n","protected":false},"author":2,"featured_media":17880,"comment_status":"closed","ping_status":"closed","sticky":false,"template":"","format":"standard","meta":{"_mi_skip_tracking":false,"_exactmetrics_sitenote_active":false,"_exactmetrics_sitenote_note":"","_exactmetrics_sitenote_category":0},"categories":[13],"tags":[],"yoast_head":"<!-- This site is optimized with the Yoast SEO plugin v18.1 - https:\/\/yoast.com\/wordpress\/plugins\/seo\/ -->\n<title>XIII Og\u00f3lnopolski Tydzie\u0144 Biblijny 18 \u2013 24.04.2021 - Pako\u015b\u0107 \u2013 Kalwaria<\/title>\n<meta name=\"robots\" content=\"index, follow, max-snippet:-1, max-image-preview:large, max-video-preview:-1\" \/>\n<link rel=\"canonical\" href=\"https:\/\/pakosc-kalwaria.franciszkanie.net\/index.php\/2021\/04\/17\/xiii-ogolnopolski-tydzien-biblijny-18-24-04-2021\/\" \/>\n<meta property=\"og:locale\" content=\"pl_PL\" \/>\n<meta property=\"og:type\" content=\"article\" \/>\n<meta property=\"og:title\" content=\"XIII Og\u00f3lnopolski Tydzie\u0144 Biblijny 18 \u2013 24.04.2021 - Pako\u015b\u0107 \u2013 Kalwaria\" \/>\n<meta property=\"og:description\" content=\"W III Niedziel\u0119 Wielkanocy (18 kwietnia) po raz 13. w Ko\u015bciele w Polsce prze\u017cywa\u0107 b\u0119dziemy Niedziel\u0119 Biblijn\u0105. \u00a0\u00a0\u00a0\u00a0 Od niedzieli 18 kwietnia 2021 r. wejdziemy w XIII Tydzie\u0144 Biblijny, kt\u00f3rego motywem przewodnim s\u0105 s\u0142owa: \u201eJam jest chleb \u017cycia. Kto do Mnie przychodzi, nie b\u0119dzie \u0142akn\u0105\u0142; a kto we Mnie wierzy, nigdy pragn\u0105\u0107 nie b\u0119dzie\u201d (J &hellip;\" \/>\n<meta property=\"og:url\" content=\"https:\/\/pakosc-kalwaria.franciszkanie.net\/index.php\/2021\/04\/17\/xiii-ogolnopolski-tydzien-biblijny-18-24-04-2021\/\" \/>\n<meta property=\"og:site_name\" content=\"Pako\u015b\u0107 \u2013 Kalwaria\" \/>\n<meta property=\"article:author\" content=\"https:\/\/www.facebook.com\/KalwariaPakosc\/\" \/>\n<meta property=\"article:published_time\" content=\"2021-04-17T13:03:13+00:00\" \/>\n<meta property=\"article:modified_time\" content=\"2021-04-17T13:23:14+00:00\" \/>\n<meta property=\"og:image\" content=\"https:\/\/pakosc-kalwaria.franciszkanie.net\/wp-content\/uploads\/2021\/04\/Screenshot-27.png\" \/>\n\t<meta property=\"og:image:width\" content=\"250\" \/>\n\t<meta property=\"og:image:height\" content=\"365\" \/>\n\t<meta property=\"og:image:type\" content=\"image\/png\" \/>\n<meta name=\"twitter:card\" content=\"summary\" \/>\n<meta name=\"twitter:label1\" content=\"Napisane przez\" \/>\n\t<meta name=\"twitter:data1\" content=\"pakosc-kalwaria\" \/>\n\t<meta name=\"twitter:label2\" content=\"Szacowany czas czytania\" \/>\n\t<meta name=\"twitter:data2\" content=\"1 minuta\" \/>\n<script type=\"application\/ld+json\" class=\"yoast-schema-graph\">{\"@context\":\"https:\/\/schema.org\",\"@graph\":[{\"@type\":\"WebSite\",\"@id\":\"https:\/\/pakosc-kalwaria.franciszkanie.net\/#website\",\"url\":\"https:\/\/pakosc-kalwaria.franciszkanie.net\/\",\"name\":\"Pako\u015b\u0107 \u2013 Kalwaria\",\"description\":\"Parafia Rzymsko \u2013 Katolicka p.w. Pana Jezusa Ukrzy\u017cowanego i  Matki Bo\u017cej Bolesnej ul. Barci\u0144ska 60, 88\u2013170 Pako\u015b\u0107 \u2013 Kalwaria\",\"potentialAction\":[{\"@type\":\"SearchAction\",\"target\":{\"@type\":\"EntryPoint\",\"urlTemplate\":\"https:\/\/pakosc-kalwaria.franciszkanie.net\/?s={search_term_string}\"},\"query-input\":\"required name=search_term_string\"}],\"inLanguage\":\"pl-PL\"},{\"@type\":\"ImageObject\",\"@id\":\"https:\/\/pakosc-kalwaria.franciszkanie.net\/index.php\/2021\/04\/17\/xiii-ogolnopolski-tydzien-biblijny-18-24-04-2021\/#primaryimage\",\"inLanguage\":\"pl-PL\",\"url\":\"https:\/\/pakosc-kalwaria.franciszkanie.net\/wp-content\/uploads\/2021\/04\/Screenshot-27.png\",\"contentUrl\":\"https:\/\/pakosc-kalwaria.franciszkanie.net\/wp-content\/uploads\/2021\/04\/Screenshot-27.png\",\"width\":250,\"height\":365},{\"@type\":\"WebPage\",\"@id\":\"https:\/\/pakosc-kalwaria.franciszkanie.net\/index.php\/2021\/04\/17\/xiii-ogolnopolski-tydzien-biblijny-18-24-04-2021\/#webpage\",\"url\":\"https:\/\/pakosc-kalwaria.franciszkanie.net\/index.php\/2021\/04\/17\/xiii-ogolnopolski-tydzien-biblijny-18-24-04-2021\/\",\"name\":\"XIII Og\u00f3lnopolski Tydzie\u0144 Biblijny 18 \u2013 24.04.2021 - Pako\u015b\u0107 \u2013 Kalwaria\",\"isPartOf\":{\"@id\":\"https:\/\/pakosc-kalwaria.franciszkanie.net\/#website\"},\"primaryImageOfPage\":{\"@id\":\"https:\/\/pakosc-kalwaria.franciszkanie.net\/index.php\/2021\/04\/17\/xiii-ogolnopolski-tydzien-biblijny-18-24-04-2021\/#primaryimage\"},\"datePublished\":\"2021-04-17T13:03:13+00:00\",\"dateModified\":\"2021-04-17T13:23:14+00:00\",\"author\":{\"@id\":\"https:\/\/pakosc-kalwaria.franciszkanie.net\/#\/schema\/person\/af10b943be0760709227d060eadcb2aa\"},\"breadcrumb\":{\"@id\":\"https:\/\/pakosc-kalwaria.franciszkanie.net\/index.php\/2021\/04\/17\/xiii-ogolnopolski-tydzien-biblijny-18-24-04-2021\/#breadcrumb\"},\"inLanguage\":\"pl-PL\",\"potentialAction\":[{\"@type\":\"ReadAction\",\"target\":[\"https:\/\/pakosc-kalwaria.franciszkanie.net\/index.php\/2021\/04\/17\/xiii-ogolnopolski-tydzien-biblijny-18-24-04-2021\/\"]}]},{\"@type\":\"BreadcrumbList\",\"@id\":\"https:\/\/pakosc-kalwaria.franciszkanie.net\/index.php\/2021\/04\/17\/xiii-ogolnopolski-tydzien-biblijny-18-24-04-2021\/#breadcrumb\",\"itemListElement\":[{\"@type\":\"ListItem\",\"position\":1,\"name\":\"Strona g\u0142\u00f3wna\",\"item\":\"https:\/\/pakosc-kalwaria.franciszkanie.net\/\"},{\"@type\":\"ListItem\",\"position\":2,\"name\":\"XIII Og\u00f3lnopolski Tydzie\u0144 Biblijny 18 \u2013 24.04.2021\"}]},{\"@type\":\"Person\",\"@id\":\"https:\/\/pakosc-kalwaria.franciszkanie.net\/#\/schema\/person\/af10b943be0760709227d060eadcb2aa\",\"name\":\"pakosc-kalwaria\",\"image\":{\"@type\":\"ImageObject\",\"@id\":\"https:\/\/pakosc-kalwaria.franciszkanie.net\/#personlogo\",\"inLanguage\":\"pl-PL\",\"url\":\"https:\/\/secure.gravatar.com\/avatar\/e7049d338b55eac6a0027ff3218b8d02?s=96&d=mm&r=g\",\"contentUrl\":\"https:\/\/secure.gravatar.com\/avatar\/e7049d338b55eac6a0027ff3218b8d02?s=96&d=mm&r=g\",\"caption\":\"pakosc-kalwaria\"},\"sameAs\":[\"https:\/\/www.facebook.com\/KalwariaPakosc\/\"],\"url\":\"https:\/\/pakosc-kalwaria.franciszkanie.net\/index.php\/author\/pakosc-kalwaria\/\"}]}<\/script>\n<!-- \/ Yoast SEO plugin. -->","yoast_head_json":{"title":"XIII Og\u00f3lnopolski Tydzie\u0144 Biblijny 18 \u2013 24.04.2021 - Pako\u015b\u0107 \u2013 Kalwaria","robots":{"index":"index","follow":"follow","max-snippet":"max-snippet:-1","max-image-preview":"max-image-preview:large","max-video-preview":"max-video-preview:-1"},"canonical":"https:\/\/pakosc-kalwaria.franciszkanie.net\/index.php\/2021\/04\/17\/xiii-ogolnopolski-tydzien-biblijny-18-24-04-2021\/","og_locale":"pl_PL","og_type":"article","og_title":"XIII Og\u00f3lnopolski Tydzie\u0144 Biblijny 18 \u2013 24.04.2021 - Pako\u015b\u0107 \u2013 Kalwaria","og_description":"W III Niedziel\u0119 Wielkanocy (18 kwietnia) po raz 13. w Ko\u015bciele w Polsce prze\u017cywa\u0107 b\u0119dziemy Niedziel\u0119 Biblijn\u0105. \u00a0\u00a0\u00a0\u00a0 Od niedzieli 18 kwietnia 2021 r. wejdziemy w XIII Tydzie\u0144 Biblijny, kt\u00f3rego motywem przewodnim s\u0105 s\u0142owa: \u201eJam jest chleb \u017cycia. Kto do Mnie przychodzi, nie b\u0119dzie \u0142akn\u0105\u0142; a kto we Mnie wierzy, nigdy pragn\u0105\u0107 nie b\u0119dzie\u201d (J &hellip;","og_url":"https:\/\/pakosc-kalwaria.franciszkanie.net\/index.php\/2021\/04\/17\/xiii-ogolnopolski-tydzien-biblijny-18-24-04-2021\/","og_site_name":"Pako\u015b\u0107 \u2013 Kalwaria","article_author":"https:\/\/www.facebook.com\/KalwariaPakosc\/","article_published_time":"2021-04-17T13:03:13+00:00","article_modified_time":"2021-04-17T13:23:14+00:00","og_image":[{"width":250,"height":365,"url":"https:\/\/pakosc-kalwaria.franciszkanie.net\/wp-content\/uploads\/2021\/04\/Screenshot-27.png","type":"image\/png"}],"twitter_card":"summary","twitter_misc":{"Napisane przez":"pakosc-kalwaria","Szacowany czas czytania":"1 minuta"},"schema":{"@context":"https:\/\/schema.org","@graph":[{"@type":"WebSite","@id":"https:\/\/pakosc-kalwaria.franciszkanie.net\/#website","url":"https:\/\/pakosc-kalwaria.franciszkanie.net\/","name":"Pako\u015b\u0107 \u2013 Kalwaria","description":"Parafia Rzymsko \u2013 Katolicka p.w. Pana Jezusa Ukrzy\u017cowanego i  Matki Bo\u017cej Bolesnej ul. Barci\u0144ska 60, 88\u2013170 Pako\u015b\u0107 \u2013 Kalwaria","potentialAction":[{"@type":"SearchAction","target":{"@type":"EntryPoint","urlTemplate":"https:\/\/pakosc-kalwaria.franciszkanie.net\/?s={search_term_string}"},"query-input":"required name=search_term_string"}],"inLanguage":"pl-PL"},{"@type":"ImageObject","@id":"https:\/\/pakosc-kalwaria.franciszkanie.net\/index.php\/2021\/04\/17\/xiii-ogolnopolski-tydzien-biblijny-18-24-04-2021\/#primaryimage","inLanguage":"pl-PL","url":"https:\/\/pakosc-kalwaria.franciszkanie.net\/wp-content\/uploads\/2021\/04\/Screenshot-27.png","contentUrl":"https:\/\/pakosc-kalwaria.franciszkanie.net\/wp-content\/uploads\/2021\/04\/Screenshot-27.png","width":250,"height":365},{"@type":"WebPage","@id":"https:\/\/pakosc-kalwaria.franciszkanie.net\/index.php\/2021\/04\/17\/xiii-ogolnopolski-tydzien-biblijny-18-24-04-2021\/#webpage","url":"https:\/\/pakosc-kalwaria.franciszkanie.net\/index.php\/2021\/04\/17\/xiii-ogolnopolski-tydzien-biblijny-18-24-04-2021\/","name":"XIII Og\u00f3lnopolski Tydzie\u0144 Biblijny 18 \u2013 24.04.2021 - Pako\u015b\u0107 \u2013 Kalwaria","isPartOf":{"@id":"https:\/\/pakosc-kalwaria.franciszkanie.net\/#website"},"primaryImageOfPage":{"@id":"https:\/\/pakosc-kalwaria.franciszkanie.net\/index.php\/2021\/04\/17\/xiii-ogolnopolski-tydzien-biblijny-18-24-04-2021\/#primaryimage"},"datePublished":"2021-04-17T13:03:13+00:00","dateModified":"2021-04-17T13:23:14+00:00","author":{"@id":"https:\/\/pakosc-kalwaria.franciszkanie.net\/#\/schema\/person\/af10b943be0760709227d060eadcb2aa"},"breadcrumb":{"@id":"https:\/\/pakosc-kalwaria.franciszkanie.net\/index.php\/2021\/04\/17\/xiii-ogolnopolski-tydzien-biblijny-18-24-04-2021\/#breadcrumb"},"inLanguage":"pl-PL","potentialAction":[{"@type":"ReadAction","target":["https:\/\/pakosc-kalwaria.franciszkanie.net\/index.php\/2021\/04\/17\/xiii-ogolnopolski-tydzien-biblijny-18-24-04-2021\/"]}]},{"@type":"BreadcrumbList","@id":"https:\/\/pakosc-kalwaria.franciszkanie.net\/index.php\/2021\/04\/17\/xiii-ogolnopolski-tydzien-biblijny-18-24-04-2021\/#breadcrumb","itemListElement":[{"@type":"ListItem","position":1,"name":"Strona g\u0142\u00f3wna","item":"https:\/\/pakosc-kalwaria.franciszkanie.net\/"},{"@type":"ListItem","position":2,"name":"XIII Og\u00f3lnopolski Tydzie\u0144 Biblijny 18 \u2013 24.04.2021"}]},{"@type":"Person","@id":"https:\/\/pakosc-kalwaria.franciszkanie.net\/#\/schema\/person\/af10b943be0760709227d060eadcb2aa","name":"pakosc-kalwaria","image":{"@type":"ImageObject","@id":"https:\/\/pakosc-kalwaria.franciszkanie.net\/#personlogo","inLanguage":"pl-PL","url":"https:\/\/secure.gravatar.com\/avatar\/e7049d338b55eac6a0027ff3218b8d02?s=96&d=mm&r=g","contentUrl":"https:\/\/secure.gravatar.com\/avatar\/e7049d338b55eac6a0027ff3218b8d02?s=96&d=mm&r=g","caption":"pakosc-kalwaria"},"sameAs":["https:\/\/www.facebook.com\/KalwariaPakosc\/"],"url":"https:\/\/pakosc-kalwaria.franciszkanie.net\/index.php\/author\/pakosc-kalwaria\/"}]}},"_links":{"self":[{"href":"https:\/\/pakosc-kalwaria.franciszkanie.net\/index.php\/wp-json\/wp\/v2\/posts\/17879"}],"collection":[{"href":"https:\/\/pakosc-kalwaria.franciszkanie.net\/index.php\/wp-json\/wp\/v2\/posts"}],"about":[{"href":"https:\/\/pakosc-kalwaria.franciszkanie.net\/index.php\/wp-json\/wp\/v2\/types\/post"}],"author":[{"embeddable":true,"href":"https:\/\/pakosc-kalwaria.franciszkanie.net\/index.php\/wp-json\/wp\/v2\/users\/2"}],"replies":[{"embeddable":true,"href":"https:\/\/pakosc-kalwaria.franciszkanie.net\/index.php\/wp-json\/wp\/v2\/comments?post=17879"}],"version-history":[{"count":2,"href":"https:\/\/pakosc-kalwaria.franciszkanie.net\/index.php\/wp-json\/wp\/v2\/posts\/17879\/revisions"}],"predecessor-version":[{"id":17966,"href":"https:\/\/pakosc-kalwaria.franciszkanie.net\/index.php\/wp-json\/wp\/v2\/posts\/17879\/revisions\/17966"}],"wp:featuredmedia":[{"embeddable":true,"href":"https:\/\/pakosc-kalwaria.franciszkanie.net\/index.php\/wp-json\/wp\/v2\/media\/17880"}],"wp:attachment":[{"href":"https:\/\/pakosc-kalwaria.franciszkanie.net\/index.php\/wp-json\/wp\/v2\/media?parent=17879"}],"wp:term":[{"taxonomy":"category","embeddable":true,"href":"https:\/\/pakosc-kalwaria.franciszkanie.net\/index.php\/wp-json\/wp\/v2\/categories?post=17879"},{"taxonomy":"post_tag","embeddable":true,"href":"https:\/\/pakosc-kalwaria.franciszkanie.net\/index.php\/wp-json\/wp\/v2\/tags?post=17879"}],"curies":[{"name":"wp","href":"https:\/\/api.w.org\/{rel}","templated":true}]}}