{"id":17951,"date":"2021-04-22T08:00:55","date_gmt":"2021-04-22T06:00:55","guid":{"rendered":"http:\/\/pakosc-kalwaria.franciszkanie.net\/?p=17951"},"modified":"2021-04-26T22:12:16","modified_gmt":"2021-04-26T20:12:16","slug":"uroczystosci-odpustowe-ku-czci-sw-wojciecha-w-gnieznie-25-04-2021","status":"publish","type":"post","link":"https:\/\/pakosc-kalwaria.franciszkanie.net\/index.php\/2021\/04\/22\/uroczystosci-odpustowe-ku-czci-sw-wojciecha-w-gnieznie-25-04-2021\/","title":{"rendered":"Uroczysto\u015bci odpustowe ku czci \u015bw. Wojciecha w Gnie\u017anie &#8211; 25.04.2021"},"content":{"rendered":"<p class=\"v1MsoNormal\"><b>Uroczysto\u015bci odpustowe ku czci \u015bw. Wojciecha, biskupa i m\u0119czennika, g\u0142\u00f3wnego patrona Polski, kt\u00f3re by\u0142y zaplanowane na 24 i 25 kwietnia z udzia\u0142em Episkopatu Polski, zosta\u0142y ograniczone do Mszy \u015bw. odpustowej, kt\u00f3r\u0105 Prymas Polski abp Wojciech Polak b\u0119dzie sprawowa\u0142 w bazylice prymasowskiej w Gnie\u017anie w niedziel\u0119 25 kwietnia o godz. 10.00. Homili\u0119 podczas sumy odpustowej wyg\u0142osi biskup warszawsko-praski Romuald Kami\u0144ski.<\/b><\/p>\n<p class=\"v1MsoNormal\">Prymas Polski napisa\u0142 w komunikacie, \u017ce uroczysto\u015bci ku czci \u015bw. Wojciecha zosta\u0142y ograniczone ze wzgl\u0119du na aktualnie panuj\u0105c\u0105 sytuacj\u0119 epidemiczn\u0105 w naszej Ojczy\u017anie oraz utrzymanie dotychczasowych obostrze\u0144 sanitarnych. Ze wzgl\u0119du na ograniczon\u0105 ilo\u015b\u0107 miejsc w bazylice prymasowskiej, na placu przykatedralnym zostanie ustawiony telebim. Tegoroczna suma odpustowa b\u0119dzie r\u00f3wnie\u017c transmitowana przez TV Polonia, Radio Maryja, Radio Plus oraz stron\u0119 internetow\u0105 archidiecezji gnie\u017anie\u0144skiej.<\/p>\n<p class=\"v1MsoNormal\">prymaspolski.pl\u00a0\/ BP KEP<\/p>\n<p class=\"v1MsoNormal\">Publikujemy pe\u0142ny tekst komunikatu:<\/p>\n<p>Drodzy Siostry i Bracia!<\/p>\n<p>Ze wzgl\u0119du na aktualnie panuj\u0105c\u0105 sytuacj\u0119 epidemiczn\u0105 w naszej Ojczy\u017anie oraz utrzymanie dotychczasowych obostrze\u0144 sanitarnych, tegoroczne uroczysto\u015bci odpustowe ku czci \u015bw. Wojciecha, biskupa i m\u0119czennika, g\u0142\u00f3wnego patrona Polski, kt\u00f3re by\u0142y zaplanowane na 24 i 25 kwietnia z udzia\u0142em Episkopatu Polski, zosta\u0142y ograniczone do Mszy \u015bw. odpustowej, kt\u00f3r\u0105 b\u0119d\u0119 sprawowa\u0142 w bazylice prymasowskiej w Gnie\u017anie w niedziel\u0119 25 kwietnia o godz. 10.00. Homili\u0119 podczas sumy odpustowej wyg\u0142osi biskup warszawsko-praski Romuald Kami\u0144ski.<\/p>\n<p>Pomimo tych trudnych okoliczno\u015bci, kt\u00f3re bole\u015bnie dotykaj\u0105 nas wszystkich \u2013 zar\u00f3wno duchownych jak i \u015bwieckich \u2013 jest to nadal czas intensywnego duchowego przygotowania prymasowskiej archidiecezji na jej nawiedzenie przez Naj\u015bwi\u0119tsz\u0105 Maryj\u0119 Pann\u0119 w kopii Ikony Jasnog\u00f3rskiej oraz oczekiwania na beatyfikacj\u0119 Prymasa Tysi\u0105clecia Stefana Kardyna\u0142a Wyszy\u0144skiego.<\/p>\n<p>Ze wzgl\u0119du na ograniczon\u0105 ilo\u015b\u0107 miejsc w bazylice prymasowskiej, na placu przykatedralnym zostanie ustawiony telebim s\u0142u\u017c\u0105cy pomoc\u0105 osobom pragn\u0105cym uczestniczy\u0107 we Mszy \u015bw. Tegoroczna suma odpustowa b\u0119dzie r\u00f3wnie\u017c transmitowana przez TV Polonia, Radio Maryja, Radio Plus oraz stron\u0119 internetow\u0105 naszej archidiecezji.<\/p>\n<p>Prosz\u0119 Was zatem o duchow\u0105 \u0142\u0105czno\u015b\u0107 z gnie\u017anie\u0144skimi uroczysto\u015bciami oraz o modlitw\u0119 do mi\u0142osiernego Boga za wstawiennictwem \u015bw. Wojciecha o ustanie pandemii w naszej Ojczy\u017anie, w Europie i na \u015bwiecie.<\/p>\n<p>+ Wojciech Polak<\/p>\n<p><i>Prymas Polski<\/i><\/p>\n","protected":false},"excerpt":{"rendered":"<p>Uroczysto\u015bci odpustowe ku czci \u015bw. Wojciecha, biskupa i m\u0119czennika, g\u0142\u00f3wnego patrona Polski, kt\u00f3re by\u0142y zaplanowane na 24 i 25 kwietnia z udzia\u0142em Episkopatu Polski, zosta\u0142y ograniczone do Mszy \u015bw. odpustowej, kt\u00f3r\u0105 Prymas Polski abp Wojciech Polak b\u0119dzie sprawowa\u0142 w bazylice prymasowskiej w Gnie\u017anie w niedziel\u0119 25 kwietnia o godz. 10.00. Homili\u0119 podczas sumy odpustowej wyg\u0142osi &hellip;<\/p>\n","protected":false},"author":2,"featured_media":17952,"comment_status":"closed","ping_status":"closed","sticky":false,"template":"","format":"standard","meta":{"_mi_skip_tracking":false,"_exactmetrics_sitenote_active":false,"_exactmetrics_sitenote_note":"","_exactmetrics_sitenote_category":0},"categories":[13],"tags":[],"yoast_head":"<!-- This site is optimized with the Yoast SEO plugin v18.1 - https:\/\/yoast.com\/wordpress\/plugins\/seo\/ -->\n<title>Uroczysto\u015bci odpustowe ku czci \u015bw. Wojciecha w Gnie\u017anie - 25.04.2021 - Pako\u015b\u0107 \u2013 Kalwaria<\/title>\n<meta name=\"robots\" content=\"index, follow, max-snippet:-1, max-image-preview:large, max-video-preview:-1\" \/>\n<link rel=\"canonical\" href=\"https:\/\/pakosc-kalwaria.franciszkanie.net\/index.php\/2021\/04\/22\/uroczystosci-odpustowe-ku-czci-sw-wojciecha-w-gnieznie-25-04-2021\/\" \/>\n<meta property=\"og:locale\" content=\"pl_PL\" \/>\n<meta property=\"og:type\" content=\"article\" \/>\n<meta property=\"og:title\" content=\"Uroczysto\u015bci odpustowe ku czci \u015bw. Wojciecha w Gnie\u017anie - 25.04.2021 - Pako\u015b\u0107 \u2013 Kalwaria\" \/>\n<meta property=\"og:description\" content=\"Uroczysto\u015bci odpustowe ku czci \u015bw. Wojciecha, biskupa i m\u0119czennika, g\u0142\u00f3wnego patrona Polski, kt\u00f3re by\u0142y zaplanowane na 24 i 25 kwietnia z udzia\u0142em Episkopatu Polski, zosta\u0142y ograniczone do Mszy \u015bw. odpustowej, kt\u00f3r\u0105 Prymas Polski abp Wojciech Polak b\u0119dzie sprawowa\u0142 w bazylice prymasowskiej w Gnie\u017anie w niedziel\u0119 25 kwietnia o godz. 10.00. Homili\u0119 podczas sumy odpustowej wyg\u0142osi &hellip;\" \/>\n<meta property=\"og:url\" content=\"https:\/\/pakosc-kalwaria.franciszkanie.net\/index.php\/2021\/04\/22\/uroczystosci-odpustowe-ku-czci-sw-wojciecha-w-gnieznie-25-04-2021\/\" \/>\n<meta property=\"og:site_name\" content=\"Pako\u015b\u0107 \u2013 Kalwaria\" \/>\n<meta property=\"article:author\" content=\"https:\/\/www.facebook.com\/KalwariaPakosc\/\" \/>\n<meta property=\"article:published_time\" content=\"2021-04-22T06:00:55+00:00\" \/>\n<meta property=\"article:modified_time\" content=\"2021-04-26T20:12:16+00:00\" \/>\n<meta property=\"og:image\" content=\"https:\/\/pakosc-kalwaria.franciszkanie.net\/wp-content\/uploads\/2021\/04\/EyczbrxXAAEgaNC-324x235.jpg\" \/>\n\t<meta property=\"og:image:width\" content=\"324\" \/>\n\t<meta property=\"og:image:height\" content=\"235\" \/>\n\t<meta property=\"og:image:type\" content=\"image\/jpeg\" \/>\n<meta name=\"twitter:card\" content=\"summary\" \/>\n<meta name=\"twitter:label1\" content=\"Napisane przez\" \/>\n\t<meta name=\"twitter:data1\" content=\"pakosc-kalwaria\" \/>\n\t<meta name=\"twitter:label2\" content=\"Szacowany czas czytania\" \/>\n\t<meta name=\"twitter:data2\" content=\"2 minuty\" \/>\n<script type=\"application\/ld+json\" class=\"yoast-schema-graph\">{\"@context\":\"https:\/\/schema.org\",\"@graph\":[{\"@type\":\"WebSite\",\"@id\":\"https:\/\/pakosc-kalwaria.franciszkanie.net\/#website\",\"url\":\"https:\/\/pakosc-kalwaria.franciszkanie.net\/\",\"name\":\"Pako\u015b\u0107 \u2013 Kalwaria\",\"description\":\"Parafia Rzymsko \u2013 Katolicka p.w. Pana Jezusa Ukrzy\u017cowanego i  Matki Bo\u017cej Bolesnej ul. Barci\u0144ska 60, 88\u2013170 Pako\u015b\u0107 \u2013 Kalwaria\",\"potentialAction\":[{\"@type\":\"SearchAction\",\"target\":{\"@type\":\"EntryPoint\",\"urlTemplate\":\"https:\/\/pakosc-kalwaria.franciszkanie.net\/?s={search_term_string}\"},\"query-input\":\"required name=search_term_string\"}],\"inLanguage\":\"pl-PL\"},{\"@type\":\"ImageObject\",\"@id\":\"https:\/\/pakosc-kalwaria.franciszkanie.net\/index.php\/2021\/04\/22\/uroczystosci-odpustowe-ku-czci-sw-wojciecha-w-gnieznie-25-04-2021\/#primaryimage\",\"inLanguage\":\"pl-PL\",\"url\":\"https:\/\/pakosc-kalwaria.franciszkanie.net\/wp-content\/uploads\/2021\/04\/EyczbrxXAAEgaNC-324x235.jpg\",\"contentUrl\":\"https:\/\/pakosc-kalwaria.franciszkanie.net\/wp-content\/uploads\/2021\/04\/EyczbrxXAAEgaNC-324x235.jpg\",\"width\":324,\"height\":235},{\"@type\":\"WebPage\",\"@id\":\"https:\/\/pakosc-kalwaria.franciszkanie.net\/index.php\/2021\/04\/22\/uroczystosci-odpustowe-ku-czci-sw-wojciecha-w-gnieznie-25-04-2021\/#webpage\",\"url\":\"https:\/\/pakosc-kalwaria.franciszkanie.net\/index.php\/2021\/04\/22\/uroczystosci-odpustowe-ku-czci-sw-wojciecha-w-gnieznie-25-04-2021\/\",\"name\":\"Uroczysto\u015bci odpustowe ku czci \u015bw. Wojciecha w Gnie\u017anie - 25.04.2021 - Pako\u015b\u0107 \u2013 Kalwaria\",\"isPartOf\":{\"@id\":\"https:\/\/pakosc-kalwaria.franciszkanie.net\/#website\"},\"primaryImageOfPage\":{\"@id\":\"https:\/\/pakosc-kalwaria.franciszkanie.net\/index.php\/2021\/04\/22\/uroczystosci-odpustowe-ku-czci-sw-wojciecha-w-gnieznie-25-04-2021\/#primaryimage\"},\"datePublished\":\"2021-04-22T06:00:55+00:00\",\"dateModified\":\"2021-04-26T20:12:16+00:00\",\"author\":{\"@id\":\"https:\/\/pakosc-kalwaria.franciszkanie.net\/#\/schema\/person\/af10b943be0760709227d060eadcb2aa\"},\"breadcrumb\":{\"@id\":\"https:\/\/pakosc-kalwaria.franciszkanie.net\/index.php\/2021\/04\/22\/uroczystosci-odpustowe-ku-czci-sw-wojciecha-w-gnieznie-25-04-2021\/#breadcrumb\"},\"inLanguage\":\"pl-PL\",\"potentialAction\":[{\"@type\":\"ReadAction\",\"target\":[\"https:\/\/pakosc-kalwaria.franciszkanie.net\/index.php\/2021\/04\/22\/uroczystosci-odpustowe-ku-czci-sw-wojciecha-w-gnieznie-25-04-2021\/\"]}]},{\"@type\":\"BreadcrumbList\",\"@id\":\"https:\/\/pakosc-kalwaria.franciszkanie.net\/index.php\/2021\/04\/22\/uroczystosci-odpustowe-ku-czci-sw-wojciecha-w-gnieznie-25-04-2021\/#breadcrumb\",\"itemListElement\":[{\"@type\":\"ListItem\",\"position\":1,\"name\":\"Strona g\u0142\u00f3wna\",\"item\":\"https:\/\/pakosc-kalwaria.franciszkanie.net\/\"},{\"@type\":\"ListItem\",\"position\":2,\"name\":\"Uroczysto\u015bci odpustowe ku czci \u015bw. Wojciecha w Gnie\u017anie &#8211; 25.04.2021\"}]},{\"@type\":\"Person\",\"@id\":\"https:\/\/pakosc-kalwaria.franciszkanie.net\/#\/schema\/person\/af10b943be0760709227d060eadcb2aa\",\"name\":\"pakosc-kalwaria\",\"image\":{\"@type\":\"ImageObject\",\"@id\":\"https:\/\/pakosc-kalwaria.franciszkanie.net\/#personlogo\",\"inLanguage\":\"pl-PL\",\"url\":\"https:\/\/secure.gravatar.com\/avatar\/e7049d338b55eac6a0027ff3218b8d02?s=96&d=mm&r=g\",\"contentUrl\":\"https:\/\/secure.gravatar.com\/avatar\/e7049d338b55eac6a0027ff3218b8d02?s=96&d=mm&r=g\",\"caption\":\"pakosc-kalwaria\"},\"sameAs\":[\"https:\/\/www.facebook.com\/KalwariaPakosc\/\"],\"url\":\"https:\/\/pakosc-kalwaria.franciszkanie.net\/index.php\/author\/pakosc-kalwaria\/\"}]}<\/script>\n<!-- \/ Yoast SEO plugin. -->","yoast_head_json":{"title":"Uroczysto\u015bci odpustowe ku czci \u015bw. Wojciecha w Gnie\u017anie - 25.04.2021 - Pako\u015b\u0107 \u2013 Kalwaria","robots":{"index":"index","follow":"follow","max-snippet":"max-snippet:-1","max-image-preview":"max-image-preview:large","max-video-preview":"max-video-preview:-1"},"canonical":"https:\/\/pakosc-kalwaria.franciszkanie.net\/index.php\/2021\/04\/22\/uroczystosci-odpustowe-ku-czci-sw-wojciecha-w-gnieznie-25-04-2021\/","og_locale":"pl_PL","og_type":"article","og_title":"Uroczysto\u015bci odpustowe ku czci \u015bw. Wojciecha w Gnie\u017anie - 25.04.2021 - Pako\u015b\u0107 \u2013 Kalwaria","og_description":"Uroczysto\u015bci odpustowe ku czci \u015bw. Wojciecha, biskupa i m\u0119czennika, g\u0142\u00f3wnego patrona Polski, kt\u00f3re by\u0142y zaplanowane na 24 i 25 kwietnia z udzia\u0142em Episkopatu Polski, zosta\u0142y ograniczone do Mszy \u015bw. odpustowej, kt\u00f3r\u0105 Prymas Polski abp Wojciech Polak b\u0119dzie sprawowa\u0142 w bazylice prymasowskiej w Gnie\u017anie w niedziel\u0119 25 kwietnia o godz. 10.00. Homili\u0119 podczas sumy odpustowej wyg\u0142osi &hellip;","og_url":"https:\/\/pakosc-kalwaria.franciszkanie.net\/index.php\/2021\/04\/22\/uroczystosci-odpustowe-ku-czci-sw-wojciecha-w-gnieznie-25-04-2021\/","og_site_name":"Pako\u015b\u0107 \u2013 Kalwaria","article_author":"https:\/\/www.facebook.com\/KalwariaPakosc\/","article_published_time":"2021-04-22T06:00:55+00:00","article_modified_time":"2021-04-26T20:12:16+00:00","og_image":[{"width":324,"height":235,"url":"https:\/\/pakosc-kalwaria.franciszkanie.net\/wp-content\/uploads\/2021\/04\/EyczbrxXAAEgaNC-324x235.jpg","type":"image\/jpeg"}],"twitter_card":"summary","twitter_misc":{"Napisane przez":"pakosc-kalwaria","Szacowany czas czytania":"2 minuty"},"schema":{"@context":"https:\/\/schema.org","@graph":[{"@type":"WebSite","@id":"https:\/\/pakosc-kalwaria.franciszkanie.net\/#website","url":"https:\/\/pakosc-kalwaria.franciszkanie.net\/","name":"Pako\u015b\u0107 \u2013 Kalwaria","description":"Parafia Rzymsko \u2013 Katolicka p.w. Pana Jezusa Ukrzy\u017cowanego i  Matki Bo\u017cej Bolesnej ul. Barci\u0144ska 60, 88\u2013170 Pako\u015b\u0107 \u2013 Kalwaria","potentialAction":[{"@type":"SearchAction","target":{"@type":"EntryPoint","urlTemplate":"https:\/\/pakosc-kalwaria.franciszkanie.net\/?s={search_term_string}"},"query-input":"required name=search_term_string"}],"inLanguage":"pl-PL"},{"@type":"ImageObject","@id":"https:\/\/pakosc-kalwaria.franciszkanie.net\/index.php\/2021\/04\/22\/uroczystosci-odpustowe-ku-czci-sw-wojciecha-w-gnieznie-25-04-2021\/#primaryimage","inLanguage":"pl-PL","url":"https:\/\/pakosc-kalwaria.franciszkanie.net\/wp-content\/uploads\/2021\/04\/EyczbrxXAAEgaNC-324x235.jpg","contentUrl":"https:\/\/pakosc-kalwaria.franciszkanie.net\/wp-content\/uploads\/2021\/04\/EyczbrxXAAEgaNC-324x235.jpg","width":324,"height":235},{"@type":"WebPage","@id":"https:\/\/pakosc-kalwaria.franciszkanie.net\/index.php\/2021\/04\/22\/uroczystosci-odpustowe-ku-czci-sw-wojciecha-w-gnieznie-25-04-2021\/#webpage","url":"https:\/\/pakosc-kalwaria.franciszkanie.net\/index.php\/2021\/04\/22\/uroczystosci-odpustowe-ku-czci-sw-wojciecha-w-gnieznie-25-04-2021\/","name":"Uroczysto\u015bci odpustowe ku czci \u015bw. Wojciecha w Gnie\u017anie - 25.04.2021 - Pako\u015b\u0107 \u2013 Kalwaria","isPartOf":{"@id":"https:\/\/pakosc-kalwaria.franciszkanie.net\/#website"},"primaryImageOfPage":{"@id":"https:\/\/pakosc-kalwaria.franciszkanie.net\/index.php\/2021\/04\/22\/uroczystosci-odpustowe-ku-czci-sw-wojciecha-w-gnieznie-25-04-2021\/#primaryimage"},"datePublished":"2021-04-22T06:00:55+00:00","dateModified":"2021-04-26T20:12:16+00:00","author":{"@id":"https:\/\/pakosc-kalwaria.franciszkanie.net\/#\/schema\/person\/af10b943be0760709227d060eadcb2aa"},"breadcrumb":{"@id":"https:\/\/pakosc-kalwaria.franciszkanie.net\/index.php\/2021\/04\/22\/uroczystosci-odpustowe-ku-czci-sw-wojciecha-w-gnieznie-25-04-2021\/#breadcrumb"},"inLanguage":"pl-PL","potentialAction":[{"@type":"ReadAction","target":["https:\/\/pakosc-kalwaria.franciszkanie.net\/index.php\/2021\/04\/22\/uroczystosci-odpustowe-ku-czci-sw-wojciecha-w-gnieznie-25-04-2021\/"]}]},{"@type":"BreadcrumbList","@id":"https:\/\/pakosc-kalwaria.franciszkanie.net\/index.php\/2021\/04\/22\/uroczystosci-odpustowe-ku-czci-sw-wojciecha-w-gnieznie-25-04-2021\/#breadcrumb","itemListElement":[{"@type":"ListItem","position":1,"name":"Strona g\u0142\u00f3wna","item":"https:\/\/pakosc-kalwaria.franciszkanie.net\/"},{"@type":"ListItem","position":2,"name":"Uroczysto\u015bci odpustowe ku czci \u015bw. Wojciecha w Gnie\u017anie &#8211; 25.04.2021"}]},{"@type":"Person","@id":"https:\/\/pakosc-kalwaria.franciszkanie.net\/#\/schema\/person\/af10b943be0760709227d060eadcb2aa","name":"pakosc-kalwaria","image":{"@type":"ImageObject","@id":"https:\/\/pakosc-kalwaria.franciszkanie.net\/#personlogo","inLanguage":"pl-PL","url":"https:\/\/secure.gravatar.com\/avatar\/e7049d338b55eac6a0027ff3218b8d02?s=96&d=mm&r=g","contentUrl":"https:\/\/secure.gravatar.com\/avatar\/e7049d338b55eac6a0027ff3218b8d02?s=96&d=mm&r=g","caption":"pakosc-kalwaria"},"sameAs":["https:\/\/www.facebook.com\/KalwariaPakosc\/"],"url":"https:\/\/pakosc-kalwaria.franciszkanie.net\/index.php\/author\/pakosc-kalwaria\/"}]}},"_links":{"self":[{"href":"https:\/\/pakosc-kalwaria.franciszkanie.net\/index.php\/wp-json\/wp\/v2\/posts\/17951"}],"collection":[{"href":"https:\/\/pakosc-kalwaria.franciszkanie.net\/index.php\/wp-json\/wp\/v2\/posts"}],"about":[{"href":"https:\/\/pakosc-kalwaria.franciszkanie.net\/index.php\/wp-json\/wp\/v2\/types\/post"}],"author":[{"embeddable":true,"href":"https:\/\/pakosc-kalwaria.franciszkanie.net\/index.php\/wp-json\/wp\/v2\/users\/2"}],"replies":[{"embeddable":true,"href":"https:\/\/pakosc-kalwaria.franciszkanie.net\/index.php\/wp-json\/wp\/v2\/comments?post=17951"}],"version-history":[{"count":2,"href":"https:\/\/pakosc-kalwaria.franciszkanie.net\/index.php\/wp-json\/wp\/v2\/posts\/17951\/revisions"}],"predecessor-version":[{"id":17954,"href":"https:\/\/pakosc-kalwaria.franciszkanie.net\/index.php\/wp-json\/wp\/v2\/posts\/17951\/revisions\/17954"}],"wp:featuredmedia":[{"embeddable":true,"href":"https:\/\/pakosc-kalwaria.franciszkanie.net\/index.php\/wp-json\/wp\/v2\/media\/17952"}],"wp:attachment":[{"href":"https:\/\/pakosc-kalwaria.franciszkanie.net\/index.php\/wp-json\/wp\/v2\/media?parent=17951"}],"wp:term":[{"taxonomy":"category","embeddable":true,"href":"https:\/\/pakosc-kalwaria.franciszkanie.net\/index.php\/wp-json\/wp\/v2\/categories?post=17951"},{"taxonomy":"post_tag","embeddable":true,"href":"https:\/\/pakosc-kalwaria.franciszkanie.net\/index.php\/wp-json\/wp\/v2\/tags?post=17951"}],"curies":[{"name":"wp","href":"https:\/\/api.w.org\/{rel}","templated":true}]}}