{"id":17961,"date":"2021-04-18T12:51:49","date_gmt":"2021-04-18T10:51:49","guid":{"rendered":"http:\/\/pakosc-kalwaria.franciszkanie.net\/?p=17961"},"modified":"2021-04-18T12:54:43","modified_gmt":"2021-04-18T10:54:43","slug":"mamy-finalistow-z-pakosci-gratulujemy","status":"publish","type":"post","link":"https:\/\/pakosc-kalwaria.franciszkanie.net\/index.php\/2021\/04\/18\/mamy-finalistow-z-pakosci-gratulujemy\/","title":{"rendered":"Mamy finalist\u00f3w z Pako\u015bci\u2026! Gratulujemy!"},"content":{"rendered":"<p><strong><span style=\"color: #ff0000;\">Finali\u015bci XV Olimpiady Wiedzy o \u015bw. Maksymilianie Marii Kolbem w 2021r.<\/span><br \/>\n<\/strong><\/p>\n<p><strong>SZKO\u0141Y PODSTAWOWE<br \/>\n<\/strong><strong>Diecezja gnie\u017anie\u0144ska :<\/strong><br \/>\n<strong>Miko\u0142aj Steppa<\/strong>\u00a0\u00a0 Katolicka Szko\u0142a Podstawowa im. b\u0142. W. Demskiego w Inowroc\u0142awiu<br \/>\n<strong><span style=\"color: #ff0000;\">Maja Kulczewska<\/span>\u00a0\u00a0 Szko\u0142a Podstawowa im, Powsta\u0144c\u00f3w Wlkp. w Pako\u015bci<\/strong><br \/>\n<strong><span style=\"color: #ff0000;\">Micha\u0142 Gnutek\u00a0\u00a0<\/span> Szko\u0142a Podstawowa im, Powsta\u0144c\u00f3w Wlkp. w Pako\u015bci<\/strong><\/p>\n<p><strong>W \u015brod\u0119 14. 04.2021 odby\u0142 si\u0119 fina\u0142, czyli trzeci etap Og\u00f3lnopolskiej Olimpiady Franciszka\u0144skiej, w kt\u00f3rym udzia\u0142 wzi\u0119li uczniowie Szko\u0142y Podstawowej im. Powsta\u0144c\u00f3w Wlkp. Maja Kulczewska i Micha\u0142 Gnutek. Uczniowie zmagali si\u0119 z pytaniami dotycz\u0105cymi \u015bw. Maksymiliana Kolbego oraz Ewangelii wg \u015bw. Marka. Z okr\u0119gu 11 obejmuj\u0105cego diecezj\u0119 gnie\u017anie\u0144sk\u0105 i kalisk\u0105 do fina\u0142u dosta\u0142y si\u0119 trzy osoby, z czego a\u017c dwie z naszej szko\u0142y. Gratulujemy Majce i Micha\u0142owi wspania\u0142ych wynik\u00f3w w finale. Cieszymy si\u0119 z ich osi\u0105gni\u0119\u0107 i \u017cyczymy podobnych sukces\u00f3w w przysz\u0142o\u015bci. Gratulacje tak\u017ce dla p. katechetki El\u017cbiety Sikory. <\/strong><\/p>\n<p><strong>Celem Og\u00f3lnopolskiej Franciszka\u0144skiej Olimpiady Wiedzy o \u015bw. Maksymilianie jest:\u00a0\u00a0\u00a0\u00a0\u00a0<\/strong><br \/>\n\u2013 przybli\u017canie dzieciom i m\u0142odzie\u017cy postaci \u015bw. Maksymiliana Marii Kolbego;<br \/>\n\u2013 odnoszenie zdobytej wiedzy o \u015bw. Maksymilianie do wsp\u00f3\u0142czesno\u015bci i inspiracja w\u0142asnych postaw na wz\u00f3r \u015awi\u0119tego;<br \/>\n\u2013 wyzwalanie i kszta\u0142cenie pragnienia poznania Pisma \u015awi\u0119tego oraz interpretacja tre\u015bci Ewangelii;<br \/>\n\u2013 zainteresowanie m\u0142odzie\u017cy wiedz\u0105 religijn\u0105;<br \/>\n\u2013 odkrywanie i rozwijanie uzdolnie\u0144 uczni\u00f3w;<br \/>\n\u2013 wsp\u00f3\u0142praca katechet\u00f3w i nauczycieli innych przedmiot\u00f3w w zakresie pracy z uczniem zdolnym.<\/p>\n<p><strong>Organizatorami XV Og\u00f3lnopolskiej Franciszka\u0144skiej Olimpiady Wiedzy o \u015bw. Maksymilianie s\u0105:<\/strong><br \/>\n\u2013 Prowincja Matki Bo\u017cej Niepokalanej Zakonu Braci Mniejszych Konwentualnych (Ojc\u00f3w Franciszkan\u00f3w) z siedzib\u0105 w Warszawie;<br \/>\n\u2013 Klasztor Ojc\u00f3w Franciszkan\u00f3w z siedzib\u0105 w Siedlcach;<br \/>\n\u2013 Uniwersytet Kardyna\u0142a Stefana Wyszy\u0144skiego z siedzib\u0105 w Warszawie;<br \/>\n\u2013 Prowincja \u015bw. Maksymiliana Zakonu Braci Mniejszych Konwentualnych (Ojc\u00f3w Franciszkan\u00f3w) z siedzib\u0105 w Gda\u0144sku;<br \/>\n\u2013 Prowincja \u015bw. Antoniego i b\u0142. Jakuba Strzemi\u0119 Zakonu Braci Mniejszych Konwentualnych (Ojc\u00f3w Franciszkan\u00f3w) z siedzib\u0105 w Krakowie.<\/p>\n","protected":false},"excerpt":{"rendered":"<p>Finali\u015bci XV Olimpiady Wiedzy o \u015bw. Maksymilianie Marii Kolbem w 2021r. SZKO\u0141Y PODSTAWOWE Diecezja gnie\u017anie\u0144ska : Miko\u0142aj Steppa\u00a0\u00a0 Katolicka Szko\u0142a Podstawowa im. b\u0142. W. Demskiego w Inowroc\u0142awiu Maja Kulczewska\u00a0\u00a0 Szko\u0142a Podstawowa im, Powsta\u0144c\u00f3w Wlkp. w Pako\u015bci Micha\u0142 Gnutek\u00a0\u00a0 Szko\u0142a Podstawowa im, Powsta\u0144c\u00f3w Wlkp. w Pako\u015bci W \u015brod\u0119 14. 04.2021 odby\u0142 si\u0119 fina\u0142, czyli trzeci etap &hellip;<\/p>\n","protected":false},"author":2,"featured_media":17963,"comment_status":"closed","ping_status":"closed","sticky":false,"template":"","format":"standard","meta":{"_mi_skip_tracking":false,"_exactmetrics_sitenote_active":false,"_exactmetrics_sitenote_note":"","_exactmetrics_sitenote_category":0},"categories":[13],"tags":[],"yoast_head":"<!-- This site is optimized with the Yoast SEO plugin v18.1 - https:\/\/yoast.com\/wordpress\/plugins\/seo\/ -->\n<title>Mamy finalist\u00f3w z Pako\u015bci\u2026! Gratulujemy! - Pako\u015b\u0107 \u2013 Kalwaria<\/title>\n<meta name=\"robots\" content=\"index, follow, max-snippet:-1, max-image-preview:large, max-video-preview:-1\" \/>\n<link rel=\"canonical\" href=\"https:\/\/pakosc-kalwaria.franciszkanie.net\/index.php\/2021\/04\/18\/mamy-finalistow-z-pakosci-gratulujemy\/\" \/>\n<meta property=\"og:locale\" content=\"pl_PL\" \/>\n<meta property=\"og:type\" content=\"article\" \/>\n<meta property=\"og:title\" content=\"Mamy finalist\u00f3w z Pako\u015bci\u2026! Gratulujemy! - Pako\u015b\u0107 \u2013 Kalwaria\" \/>\n<meta property=\"og:description\" content=\"Finali\u015bci XV Olimpiady Wiedzy o \u015bw. Maksymilianie Marii Kolbem w 2021r. SZKO\u0141Y PODSTAWOWE Diecezja gnie\u017anie\u0144ska : Miko\u0142aj Steppa\u00a0\u00a0 Katolicka Szko\u0142a Podstawowa im. b\u0142. W. Demskiego w Inowroc\u0142awiu Maja Kulczewska\u00a0\u00a0 Szko\u0142a Podstawowa im, Powsta\u0144c\u00f3w Wlkp. w Pako\u015bci Micha\u0142 Gnutek\u00a0\u00a0 Szko\u0142a Podstawowa im, Powsta\u0144c\u00f3w Wlkp. w Pako\u015bci W \u015brod\u0119 14. 04.2021 odby\u0142 si\u0119 fina\u0142, czyli trzeci etap &hellip;\" \/>\n<meta property=\"og:url\" content=\"https:\/\/pakosc-kalwaria.franciszkanie.net\/index.php\/2021\/04\/18\/mamy-finalistow-z-pakosci-gratulujemy\/\" \/>\n<meta property=\"og:site_name\" content=\"Pako\u015b\u0107 \u2013 Kalwaria\" \/>\n<meta property=\"article:author\" content=\"https:\/\/www.facebook.com\/KalwariaPakosc\/\" \/>\n<meta property=\"article:published_time\" content=\"2021-04-18T10:51:49+00:00\" \/>\n<meta property=\"article:modified_time\" content=\"2021-04-18T10:54:43+00:00\" \/>\n<meta property=\"og:image\" content=\"https:\/\/pakosc-kalwaria.franciszkanie.net\/wp-content\/uploads\/2021\/04\/indeks.png\" \/>\n\t<meta property=\"og:image:width\" content=\"350\" \/>\n\t<meta property=\"og:image:height\" content=\"312\" \/>\n\t<meta property=\"og:image:type\" content=\"image\/png\" \/>\n<meta name=\"twitter:card\" content=\"summary\" \/>\n<meta name=\"twitter:label1\" content=\"Napisane przez\" \/>\n\t<meta name=\"twitter:data1\" content=\"pakosc-kalwaria\" \/>\n\t<meta name=\"twitter:label2\" content=\"Szacowany czas czytania\" \/>\n\t<meta name=\"twitter:data2\" content=\"2 minuty\" \/>\n<script type=\"application\/ld+json\" class=\"yoast-schema-graph\">{\"@context\":\"https:\/\/schema.org\",\"@graph\":[{\"@type\":\"WebSite\",\"@id\":\"https:\/\/pakosc-kalwaria.franciszkanie.net\/#website\",\"url\":\"https:\/\/pakosc-kalwaria.franciszkanie.net\/\",\"name\":\"Pako\u015b\u0107 \u2013 Kalwaria\",\"description\":\"Parafia Rzymsko \u2013 Katolicka p.w. Pana Jezusa Ukrzy\u017cowanego i  Matki Bo\u017cej Bolesnej ul. Barci\u0144ska 60, 88\u2013170 Pako\u015b\u0107 \u2013 Kalwaria\",\"potentialAction\":[{\"@type\":\"SearchAction\",\"target\":{\"@type\":\"EntryPoint\",\"urlTemplate\":\"https:\/\/pakosc-kalwaria.franciszkanie.net\/?s={search_term_string}\"},\"query-input\":\"required name=search_term_string\"}],\"inLanguage\":\"pl-PL\"},{\"@type\":\"ImageObject\",\"@id\":\"https:\/\/pakosc-kalwaria.franciszkanie.net\/index.php\/2021\/04\/18\/mamy-finalistow-z-pakosci-gratulujemy\/#primaryimage\",\"inLanguage\":\"pl-PL\",\"url\":\"https:\/\/pakosc-kalwaria.franciszkanie.net\/wp-content\/uploads\/2021\/04\/indeks.png\",\"contentUrl\":\"https:\/\/pakosc-kalwaria.franciszkanie.net\/wp-content\/uploads\/2021\/04\/indeks.png\",\"width\":350,\"height\":312},{\"@type\":\"WebPage\",\"@id\":\"https:\/\/pakosc-kalwaria.franciszkanie.net\/index.php\/2021\/04\/18\/mamy-finalistow-z-pakosci-gratulujemy\/#webpage\",\"url\":\"https:\/\/pakosc-kalwaria.franciszkanie.net\/index.php\/2021\/04\/18\/mamy-finalistow-z-pakosci-gratulujemy\/\",\"name\":\"Mamy finalist\u00f3w z Pako\u015bci\u2026! Gratulujemy! - Pako\u015b\u0107 \u2013 Kalwaria\",\"isPartOf\":{\"@id\":\"https:\/\/pakosc-kalwaria.franciszkanie.net\/#website\"},\"primaryImageOfPage\":{\"@id\":\"https:\/\/pakosc-kalwaria.franciszkanie.net\/index.php\/2021\/04\/18\/mamy-finalistow-z-pakosci-gratulujemy\/#primaryimage\"},\"datePublished\":\"2021-04-18T10:51:49+00:00\",\"dateModified\":\"2021-04-18T10:54:43+00:00\",\"author\":{\"@id\":\"https:\/\/pakosc-kalwaria.franciszkanie.net\/#\/schema\/person\/af10b943be0760709227d060eadcb2aa\"},\"breadcrumb\":{\"@id\":\"https:\/\/pakosc-kalwaria.franciszkanie.net\/index.php\/2021\/04\/18\/mamy-finalistow-z-pakosci-gratulujemy\/#breadcrumb\"},\"inLanguage\":\"pl-PL\",\"potentialAction\":[{\"@type\":\"ReadAction\",\"target\":[\"https:\/\/pakosc-kalwaria.franciszkanie.net\/index.php\/2021\/04\/18\/mamy-finalistow-z-pakosci-gratulujemy\/\"]}]},{\"@type\":\"BreadcrumbList\",\"@id\":\"https:\/\/pakosc-kalwaria.franciszkanie.net\/index.php\/2021\/04\/18\/mamy-finalistow-z-pakosci-gratulujemy\/#breadcrumb\",\"itemListElement\":[{\"@type\":\"ListItem\",\"position\":1,\"name\":\"Strona g\u0142\u00f3wna\",\"item\":\"https:\/\/pakosc-kalwaria.franciszkanie.net\/\"},{\"@type\":\"ListItem\",\"position\":2,\"name\":\"Mamy finalist\u00f3w z Pako\u015bci\u2026! Gratulujemy!\"}]},{\"@type\":\"Person\",\"@id\":\"https:\/\/pakosc-kalwaria.franciszkanie.net\/#\/schema\/person\/af10b943be0760709227d060eadcb2aa\",\"name\":\"pakosc-kalwaria\",\"image\":{\"@type\":\"ImageObject\",\"@id\":\"https:\/\/pakosc-kalwaria.franciszkanie.net\/#personlogo\",\"inLanguage\":\"pl-PL\",\"url\":\"https:\/\/secure.gravatar.com\/avatar\/e7049d338b55eac6a0027ff3218b8d02?s=96&d=mm&r=g\",\"contentUrl\":\"https:\/\/secure.gravatar.com\/avatar\/e7049d338b55eac6a0027ff3218b8d02?s=96&d=mm&r=g\",\"caption\":\"pakosc-kalwaria\"},\"sameAs\":[\"https:\/\/www.facebook.com\/KalwariaPakosc\/\"],\"url\":\"https:\/\/pakosc-kalwaria.franciszkanie.net\/index.php\/author\/pakosc-kalwaria\/\"}]}<\/script>\n<!-- \/ Yoast SEO plugin. -->","yoast_head_json":{"title":"Mamy finalist\u00f3w z Pako\u015bci\u2026! Gratulujemy! - Pako\u015b\u0107 \u2013 Kalwaria","robots":{"index":"index","follow":"follow","max-snippet":"max-snippet:-1","max-image-preview":"max-image-preview:large","max-video-preview":"max-video-preview:-1"},"canonical":"https:\/\/pakosc-kalwaria.franciszkanie.net\/index.php\/2021\/04\/18\/mamy-finalistow-z-pakosci-gratulujemy\/","og_locale":"pl_PL","og_type":"article","og_title":"Mamy finalist\u00f3w z Pako\u015bci\u2026! Gratulujemy! - Pako\u015b\u0107 \u2013 Kalwaria","og_description":"Finali\u015bci XV Olimpiady Wiedzy o \u015bw. Maksymilianie Marii Kolbem w 2021r. SZKO\u0141Y PODSTAWOWE Diecezja gnie\u017anie\u0144ska : Miko\u0142aj Steppa\u00a0\u00a0 Katolicka Szko\u0142a Podstawowa im. b\u0142. W. Demskiego w Inowroc\u0142awiu Maja Kulczewska\u00a0\u00a0 Szko\u0142a Podstawowa im, Powsta\u0144c\u00f3w Wlkp. w Pako\u015bci Micha\u0142 Gnutek\u00a0\u00a0 Szko\u0142a Podstawowa im, Powsta\u0144c\u00f3w Wlkp. w Pako\u015bci W \u015brod\u0119 14. 04.2021 odby\u0142 si\u0119 fina\u0142, czyli trzeci etap &hellip;","og_url":"https:\/\/pakosc-kalwaria.franciszkanie.net\/index.php\/2021\/04\/18\/mamy-finalistow-z-pakosci-gratulujemy\/","og_site_name":"Pako\u015b\u0107 \u2013 Kalwaria","article_author":"https:\/\/www.facebook.com\/KalwariaPakosc\/","article_published_time":"2021-04-18T10:51:49+00:00","article_modified_time":"2021-04-18T10:54:43+00:00","og_image":[{"width":350,"height":312,"url":"https:\/\/pakosc-kalwaria.franciszkanie.net\/wp-content\/uploads\/2021\/04\/indeks.png","type":"image\/png"}],"twitter_card":"summary","twitter_misc":{"Napisane przez":"pakosc-kalwaria","Szacowany czas czytania":"2 minuty"},"schema":{"@context":"https:\/\/schema.org","@graph":[{"@type":"WebSite","@id":"https:\/\/pakosc-kalwaria.franciszkanie.net\/#website","url":"https:\/\/pakosc-kalwaria.franciszkanie.net\/","name":"Pako\u015b\u0107 \u2013 Kalwaria","description":"Parafia Rzymsko \u2013 Katolicka p.w. Pana Jezusa Ukrzy\u017cowanego i  Matki Bo\u017cej Bolesnej ul. Barci\u0144ska 60, 88\u2013170 Pako\u015b\u0107 \u2013 Kalwaria","potentialAction":[{"@type":"SearchAction","target":{"@type":"EntryPoint","urlTemplate":"https:\/\/pakosc-kalwaria.franciszkanie.net\/?s={search_term_string}"},"query-input":"required name=search_term_string"}],"inLanguage":"pl-PL"},{"@type":"ImageObject","@id":"https:\/\/pakosc-kalwaria.franciszkanie.net\/index.php\/2021\/04\/18\/mamy-finalistow-z-pakosci-gratulujemy\/#primaryimage","inLanguage":"pl-PL","url":"https:\/\/pakosc-kalwaria.franciszkanie.net\/wp-content\/uploads\/2021\/04\/indeks.png","contentUrl":"https:\/\/pakosc-kalwaria.franciszkanie.net\/wp-content\/uploads\/2021\/04\/indeks.png","width":350,"height":312},{"@type":"WebPage","@id":"https:\/\/pakosc-kalwaria.franciszkanie.net\/index.php\/2021\/04\/18\/mamy-finalistow-z-pakosci-gratulujemy\/#webpage","url":"https:\/\/pakosc-kalwaria.franciszkanie.net\/index.php\/2021\/04\/18\/mamy-finalistow-z-pakosci-gratulujemy\/","name":"Mamy finalist\u00f3w z Pako\u015bci\u2026! Gratulujemy! - Pako\u015b\u0107 \u2013 Kalwaria","isPartOf":{"@id":"https:\/\/pakosc-kalwaria.franciszkanie.net\/#website"},"primaryImageOfPage":{"@id":"https:\/\/pakosc-kalwaria.franciszkanie.net\/index.php\/2021\/04\/18\/mamy-finalistow-z-pakosci-gratulujemy\/#primaryimage"},"datePublished":"2021-04-18T10:51:49+00:00","dateModified":"2021-04-18T10:54:43+00:00","author":{"@id":"https:\/\/pakosc-kalwaria.franciszkanie.net\/#\/schema\/person\/af10b943be0760709227d060eadcb2aa"},"breadcrumb":{"@id":"https:\/\/pakosc-kalwaria.franciszkanie.net\/index.php\/2021\/04\/18\/mamy-finalistow-z-pakosci-gratulujemy\/#breadcrumb"},"inLanguage":"pl-PL","potentialAction":[{"@type":"ReadAction","target":["https:\/\/pakosc-kalwaria.franciszkanie.net\/index.php\/2021\/04\/18\/mamy-finalistow-z-pakosci-gratulujemy\/"]}]},{"@type":"BreadcrumbList","@id":"https:\/\/pakosc-kalwaria.franciszkanie.net\/index.php\/2021\/04\/18\/mamy-finalistow-z-pakosci-gratulujemy\/#breadcrumb","itemListElement":[{"@type":"ListItem","position":1,"name":"Strona g\u0142\u00f3wna","item":"https:\/\/pakosc-kalwaria.franciszkanie.net\/"},{"@type":"ListItem","position":2,"name":"Mamy finalist\u00f3w z Pako\u015bci\u2026! Gratulujemy!"}]},{"@type":"Person","@id":"https:\/\/pakosc-kalwaria.franciszkanie.net\/#\/schema\/person\/af10b943be0760709227d060eadcb2aa","name":"pakosc-kalwaria","image":{"@type":"ImageObject","@id":"https:\/\/pakosc-kalwaria.franciszkanie.net\/#personlogo","inLanguage":"pl-PL","url":"https:\/\/secure.gravatar.com\/avatar\/e7049d338b55eac6a0027ff3218b8d02?s=96&d=mm&r=g","contentUrl":"https:\/\/secure.gravatar.com\/avatar\/e7049d338b55eac6a0027ff3218b8d02?s=96&d=mm&r=g","caption":"pakosc-kalwaria"},"sameAs":["https:\/\/www.facebook.com\/KalwariaPakosc\/"],"url":"https:\/\/pakosc-kalwaria.franciszkanie.net\/index.php\/author\/pakosc-kalwaria\/"}]}},"_links":{"self":[{"href":"https:\/\/pakosc-kalwaria.franciszkanie.net\/index.php\/wp-json\/wp\/v2\/posts\/17961"}],"collection":[{"href":"https:\/\/pakosc-kalwaria.franciszkanie.net\/index.php\/wp-json\/wp\/v2\/posts"}],"about":[{"href":"https:\/\/pakosc-kalwaria.franciszkanie.net\/index.php\/wp-json\/wp\/v2\/types\/post"}],"author":[{"embeddable":true,"href":"https:\/\/pakosc-kalwaria.franciszkanie.net\/index.php\/wp-json\/wp\/v2\/users\/2"}],"replies":[{"embeddable":true,"href":"https:\/\/pakosc-kalwaria.franciszkanie.net\/index.php\/wp-json\/wp\/v2\/comments?post=17961"}],"version-history":[{"count":2,"href":"https:\/\/pakosc-kalwaria.franciszkanie.net\/index.php\/wp-json\/wp\/v2\/posts\/17961\/revisions"}],"predecessor-version":[{"id":17965,"href":"https:\/\/pakosc-kalwaria.franciszkanie.net\/index.php\/wp-json\/wp\/v2\/posts\/17961\/revisions\/17965"}],"wp:featuredmedia":[{"embeddable":true,"href":"https:\/\/pakosc-kalwaria.franciszkanie.net\/index.php\/wp-json\/wp\/v2\/media\/17963"}],"wp:attachment":[{"href":"https:\/\/pakosc-kalwaria.franciszkanie.net\/index.php\/wp-json\/wp\/v2\/media?parent=17961"}],"wp:term":[{"taxonomy":"category","embeddable":true,"href":"https:\/\/pakosc-kalwaria.franciszkanie.net\/index.php\/wp-json\/wp\/v2\/categories?post=17961"},{"taxonomy":"post_tag","embeddable":true,"href":"https:\/\/pakosc-kalwaria.franciszkanie.net\/index.php\/wp-json\/wp\/v2\/tags?post=17961"}],"curies":[{"name":"wp","href":"https:\/\/api.w.org\/{rel}","templated":true}]}}