{"id":17984,"date":"2021-04-22T21:00:19","date_gmt":"2021-04-22T19:00:19","guid":{"rendered":"http:\/\/pakosc-kalwaria.franciszkanie.net\/?p=17984"},"modified":"2021-04-23T16:02:03","modified_gmt":"2021-04-23T14:02:03","slug":"z-kanoniczne-wizytacji-w-naszej-parafii-22-04-2021","status":"publish","type":"post","link":"https:\/\/pakosc-kalwaria.franciszkanie.net\/index.php\/2021\/04\/22\/z-kanoniczne-wizytacji-w-naszej-parafii-22-04-2021\/","title":{"rendered":"Z kanonicznej wizytacji w naszej kalwaryjskiej Parafii &#8211; 22.04.2021"},"content":{"rendered":"<p><strong>Sprawozdanie na Msz\u0119 \u015awi\u0119t\u0105 Wizytacyjn\u0105 pod przewodnictwem Ks. Arcybiskupa Metropolity Gnie\u017anie\u0144skiego Wojciecha Polaka, Prymasa Polski \u2013 22 kwietnia 2021r.\u00a0 \u00a0\u00a0\u00a0\u00a0<\/strong><\/p>\n<p>Czcigodny Ks. Arcybiskupie Metropolito Gnie\u017anie\u0144ski, Prymasie Polski.<br \/>\nJako proboszcz Parafii pw. Pana Jezusa Ukrzy\u017cowanego i Matki Bo\u017cej Bolesnej w Pako\u015bci \u2013 Kalwarii, mianowany na proboszcza, przez Ks. Prymasa Wojciecha Polaka 30 czerwca 2016r., pragn\u0119 serdecznie powita\u0107 w naszej kalwaryjskiej i zarazem parafialnej\u00a0 \u015bwi\u0105tyni. Gromadzimy si\u0119 dzisiaj na kalwaryjskim Wzg\u00f3rzu Mi\u0142osierdzia z okazji kolejnej kanonicznej wizytacji naszej Parafii. Poprzednia kanoniczna wizytacja w naszej Parafii przeprowadzona zosta\u0142a 14 czerwca 2016r. przez Ks. Biskupa Krzysztofa W\u0119tkowskiego, gdy proboszczem by\u0142 o. Ireneusz G\u0142\u00f3wczewski.<br \/>\nGromadzimy si\u0119 dzisiaj na wsp\u00f3lnej modlitwie w szczeg\u00f3lnym miejscu naszej Archidiecezji Gnie\u017anie\u0144skiej, jakim jest Kalwaria Pakoska, kt\u00f3ra 16 wrze\u015bnia 2018r. zosta\u0142a og\u0142oszona przez Ks. Prymasa Wojciecha Polaka Archidiecezjalnym Sanktuarium M\u0119ki Pa\u0144skiej, za co jako franciszkanie i mieszka\u0144cy Pako\u015bci, a tak\u017ce przybywaj\u0105cy na to \u015bwi\u0119te miejsce pielgrzymi jeste\u015bmy bardzo wdzi\u0119czni.<br \/>\nNasza \u015bwi\u0105tynia zosta\u0142a konsekrowana 14 wrze\u015bnia 1691r, przez biskupa Alberta Stawowskiego, jako 12 stacja Drogi Krzy\u017cowej. Po utworzeniu 15 wrze\u015bnia 1975r. naszej kalwaryjskiej Parafii, przez S\u0142ug\u0119 Bo\u017cego Ks. Stefana Kardyna\u0142a Wyszy\u0144skiego, Prymasa Polski, \u015bwi\u0105tynia ta sta\u0142a si\u0119 r\u00f3wnie\u017c ko\u015bcio\u0142em parafialnym.<br \/>\nObecnie nasza Parafia liczy 1260 zameldowanych mieszka\u0144c\u00f3w.<br \/>\nW minionym pi\u0119cioleciu z wa\u017cniejszych wydarze\u0144 w naszej Parafii wymieni\u0107 nale\u017cy Misje \u015awi\u0119te, na prze\u0142omie wrze\u015bnia i pa\u017adziernika 2018r., kt\u00f3re przeprowadzili Misjonarze z Kongregacji Oratorium \u015bw. Filipa Neri ze \u015awi\u0119tej G\u00f3ry pod Gostyniem. Rok p\u00f3\u017aniej przeprowadzili w naszej Parafii tak\u017ce renowacj\u0119 Misji \u015awi\u0119tych. Z okazji Misji \u015awi\u0119tych postawiony zosta\u0142 nowy Krzy\u017c misyjny.<br \/>\nNiestety, mimo duchowego przygotowania przez odprawion\u0105 Nowenn\u0119 nie odby\u0142o si\u0119 Nawiedzenie\u00a0 Jasnog\u00f3rskiego Obrazu, zaplanowane na listopad 2020r. ze wzgl\u0119du na panuj\u0105c\u0105 od roku w naszym kraju i na ca\u0142ym \u015bwiecie pandemi\u0119 koronawirusa.<br \/>\nRado\u015bci\u0105 naszej Parafii s\u0105 dzia\u0142aj\u0105ce w niej wsp\u00f3lnoty: Towarzystwo \u015awi\u0119tego Wojciecha (liczy 6 cz\u0142onk\u00f3w), \u017bywy R\u00f3\u017caniec, kt\u00f3ry powsta\u0142 w obecnym pi\u0119cioleciu i sk\u0142ada si\u0119 z 4 R\u00f3\u017c R\u00f3\u017cnicowych: Matki Bo\u017cej Bolesnej, Matki Bo\u017cej Fatimskiej, \u015bw. Jana Paw\u0142a II i Matki Bo\u017cej Nieustaj\u0105cej Pomocy oraz Liturgiczna S\u0142u\u017cba O\u0142tarza w sk\u0142ad kt\u00f3rej wchodzi 5 lektor\u00f3w (trzech mianowanych w 2020r.) oraz 6 ministrant\u00f3w.<br \/>\nRytm duchowego \u017cycia w Parafii wyznaczaj\u0105 tematy roku duszpasterskiego, obecnie po\u015bwi\u0119cone sakramentom wtajemniczenia chrze\u015bcija\u0144skiego oraz comiesi\u0119czne Dni Odnowy Wewn\u0119trznej: Pierwsze Czwartki, Pi\u0105tki i Soboty Miesi\u0105ca. W ostatnim pi\u0119cioleciu wprowadzone zosta\u0142y pierwszoczwartkowe adoracje Naj\u015bwi\u0119tszego Sakramentu oraz pierwszosobotnie nabo\u017ce\u0144stwa wynagradzaj\u0105ce Niepokalanemu Sercu Maryi. Szczeg\u00f3ln\u0105 cze\u015b\u0107 oddajemy patronom naszej Parafii: w pi\u0105tki Panu Jezusowi Ukrzy\u017cowanemu piel\u0119gnuj\u0105c w spos\u00f3b szczeg\u00f3lny kult Bo\u017cego Mi\u0142osierdzia, a w soboty odmawiamy koronk\u0119 do Siedmiu Bole\u015bci Matki Bo\u017cej i litani\u0119 ku czci Matki Bo\u017cej Bolesnej. Codziennie w naszym ko\u015bciele odmawiamy R\u00f3\u017caniec \u015bwi\u0119ty. Piel\u0119gnujemy tak\u017ce nasze franciszka\u0144skie nabo\u017ce\u0144stwa ku czci \u015bw. Franciszka z Asy\u017cu i \u015bw. Antoniego z Padwy.<br \/>\nZe spraw materialnych cieszymy si\u0119, \u017ce dzi\u0119ki ofiarno\u015bci naszych Parafian i Dobrodziej\u00f3w uda\u0142o si\u0119 przeprowadzi\u0107 w du\u017cym stopniu remont naszego ko\u015bcio\u0142a (wymiana instalacji elektrycznej i nag\u0142o\u015bnieniowej, odwodnienie i osuszenie mur\u00f3w ko\u015bcio\u0142a oraz cz\u0119\u015bciowe jego wymalowanie). W tym roku zaplanowane jest zako\u0144czenie remontu prezbiterium. Wyremontowany zosta\u0142 o\u0142tarz polowy za ko\u015bcio\u0142em i kapliczka \u015bw. J\u00f3zefa. Wymienionych zosta\u0142o w ko\u015bciele 10 \u0142awek na nowe, d\u0119bowe. Od prawie 5 lat dzia\u0142a strona internetowa <a href=\"http:\/\/www.pakosc.kalwaria.franciszkanie.net\">www.pakosc.kalwaria.franciszkanie.net<\/a> naszej parafii, kt\u00f3ra s\u0142u\u017cy tak\u017ce Kalwarii Pakoskiej.<br \/>\nW ostatnich pi\u0119ciu latach w domu zakonnym na kalwaryjskim Wzg\u00f3rzu pos\u0142ugiwali nast\u0119puj\u0105cy wsp\u00f3\u0142bracia: o. Szymon Sulkowski (+12.12.2017r.), o. Franciszek Chodkowski, kt\u00f3ry przeszed\u0142 do klasztoru \u015bw. Bonawentury w Pako\u015bci i o. Brunon Kasprowski (+ 06.12.2020r.).<br \/>\nJako wsp\u00f3lnota parafialna i jako Franciszkanie tu pos\u0142uguj\u0105cy, wdzi\u0119czni jeste\u015bmy Panu Jezusowi Ukrzy\u017cowanemu i Mi\u0142osiernemu za wszelkie otrzymane \u0142aski, a Matce Bo\u017cej Bolesnej za Jej opiek\u0119 i wstawiennictwo u Boga. I cho\u0107 z powodu obostrze\u0144 sanitarnych zwi\u0105zanych z pandemi\u0105 Covid-19, nie ma nas dzisiaj wielu na Eucharystii, to jednak prosimy by Ks. Prymas w czasie tej Mszy \u015awi\u0119tej wyprasza\u0142, dla naszej ca\u0142ej wsp\u00f3lnoty parafialnej<br \/>\ni zakonnej, obfito\u015b\u0107 Bo\u017cych \u0142ask.<br \/>\no. Robert ofm \u2013 proboszcz Parafii<\/p>\n","protected":false},"excerpt":{"rendered":"<p>Sprawozdanie na Msz\u0119 \u015awi\u0119t\u0105 Wizytacyjn\u0105 pod przewodnictwem Ks. Arcybiskupa Metropolity Gnie\u017anie\u0144skiego Wojciecha Polaka, Prymasa Polski \u2013 22 kwietnia 2021r.\u00a0 \u00a0\u00a0\u00a0\u00a0 Czcigodny Ks. Arcybiskupie Metropolito Gnie\u017anie\u0144ski, Prymasie Polski. Jako proboszcz Parafii pw. Pana Jezusa Ukrzy\u017cowanego i Matki Bo\u017cej Bolesnej w Pako\u015bci \u2013 Kalwarii, mianowany na proboszcza, przez Ks. Prymasa Wojciecha Polaka 30 czerwca 2016r., pragn\u0119 serdecznie &hellip;<\/p>\n","protected":false},"author":2,"featured_media":17985,"comment_status":"closed","ping_status":"closed","sticky":false,"template":"","format":"standard","meta":{"_mi_skip_tracking":false,"_exactmetrics_sitenote_active":false,"_exactmetrics_sitenote_note":"","_exactmetrics_sitenote_category":0},"categories":[13],"tags":[],"yoast_head":"<!-- This site is optimized with the Yoast SEO plugin v18.1 - https:\/\/yoast.com\/wordpress\/plugins\/seo\/ -->\n<title>Z kanonicznej wizytacji w naszej kalwaryjskiej Parafii - 22.04.2021 - Pako\u015b\u0107 \u2013 Kalwaria<\/title>\n<meta name=\"robots\" content=\"index, follow, max-snippet:-1, max-image-preview:large, max-video-preview:-1\" \/>\n<link rel=\"canonical\" href=\"https:\/\/pakosc-kalwaria.franciszkanie.net\/index.php\/2021\/04\/22\/z-kanoniczne-wizytacji-w-naszej-parafii-22-04-2021\/\" \/>\n<meta property=\"og:locale\" content=\"pl_PL\" \/>\n<meta property=\"og:type\" content=\"article\" \/>\n<meta property=\"og:title\" content=\"Z kanonicznej wizytacji w naszej kalwaryjskiej Parafii - 22.04.2021 - Pako\u015b\u0107 \u2013 Kalwaria\" \/>\n<meta property=\"og:description\" content=\"Sprawozdanie na Msz\u0119 \u015awi\u0119t\u0105 Wizytacyjn\u0105 pod przewodnictwem Ks. Arcybiskupa Metropolity Gnie\u017anie\u0144skiego Wojciecha Polaka, Prymasa Polski \u2013 22 kwietnia 2021r.\u00a0 \u00a0\u00a0\u00a0\u00a0 Czcigodny Ks. Arcybiskupie Metropolito Gnie\u017anie\u0144ski, Prymasie Polski. Jako proboszcz Parafii pw. Pana Jezusa Ukrzy\u017cowanego i Matki Bo\u017cej Bolesnej w Pako\u015bci \u2013 Kalwarii, mianowany na proboszcza, przez Ks. Prymasa Wojciecha Polaka 30 czerwca 2016r., pragn\u0119 serdecznie &hellip;\" \/>\n<meta property=\"og:url\" content=\"https:\/\/pakosc-kalwaria.franciszkanie.net\/index.php\/2021\/04\/22\/z-kanoniczne-wizytacji-w-naszej-parafii-22-04-2021\/\" \/>\n<meta property=\"og:site_name\" content=\"Pako\u015b\u0107 \u2013 Kalwaria\" \/>\n<meta property=\"article:author\" content=\"https:\/\/www.facebook.com\/KalwariaPakosc\/\" \/>\n<meta property=\"article:published_time\" content=\"2021-04-22T19:00:19+00:00\" \/>\n<meta property=\"article:modified_time\" content=\"2021-04-23T14:02:03+00:00\" \/>\n<meta property=\"og:image\" content=\"https:\/\/pakosc-kalwaria.franciszkanie.net\/wp-content\/uploads\/2021\/04\/P1000733.jpg\" \/>\n\t<meta property=\"og:image:width\" content=\"350\" \/>\n\t<meta property=\"og:image:height\" content=\"197\" \/>\n\t<meta property=\"og:image:type\" content=\"image\/jpeg\" \/>\n<meta name=\"twitter:card\" content=\"summary\" \/>\n<meta name=\"twitter:label1\" content=\"Napisane przez\" \/>\n\t<meta name=\"twitter:data1\" content=\"pakosc-kalwaria\" \/>\n\t<meta name=\"twitter:label2\" content=\"Szacowany czas czytania\" \/>\n\t<meta name=\"twitter:data2\" content=\"4 minuty\" \/>\n<script type=\"application\/ld+json\" class=\"yoast-schema-graph\">{\"@context\":\"https:\/\/schema.org\",\"@graph\":[{\"@type\":\"WebSite\",\"@id\":\"https:\/\/pakosc-kalwaria.franciszkanie.net\/#website\",\"url\":\"https:\/\/pakosc-kalwaria.franciszkanie.net\/\",\"name\":\"Pako\u015b\u0107 \u2013 Kalwaria\",\"description\":\"Parafia Rzymsko \u2013 Katolicka p.w. Pana Jezusa Ukrzy\u017cowanego i  Matki Bo\u017cej Bolesnej ul. Barci\u0144ska 60, 88\u2013170 Pako\u015b\u0107 \u2013 Kalwaria\",\"potentialAction\":[{\"@type\":\"SearchAction\",\"target\":{\"@type\":\"EntryPoint\",\"urlTemplate\":\"https:\/\/pakosc-kalwaria.franciszkanie.net\/?s={search_term_string}\"},\"query-input\":\"required name=search_term_string\"}],\"inLanguage\":\"pl-PL\"},{\"@type\":\"ImageObject\",\"@id\":\"https:\/\/pakosc-kalwaria.franciszkanie.net\/index.php\/2021\/04\/22\/z-kanoniczne-wizytacji-w-naszej-parafii-22-04-2021\/#primaryimage\",\"inLanguage\":\"pl-PL\",\"url\":\"https:\/\/pakosc-kalwaria.franciszkanie.net\/wp-content\/uploads\/2021\/04\/P1000733.jpg\",\"contentUrl\":\"https:\/\/pakosc-kalwaria.franciszkanie.net\/wp-content\/uploads\/2021\/04\/P1000733.jpg\",\"width\":350,\"height\":197},{\"@type\":\"WebPage\",\"@id\":\"https:\/\/pakosc-kalwaria.franciszkanie.net\/index.php\/2021\/04\/22\/z-kanoniczne-wizytacji-w-naszej-parafii-22-04-2021\/#webpage\",\"url\":\"https:\/\/pakosc-kalwaria.franciszkanie.net\/index.php\/2021\/04\/22\/z-kanoniczne-wizytacji-w-naszej-parafii-22-04-2021\/\",\"name\":\"Z kanonicznej wizytacji w naszej kalwaryjskiej Parafii - 22.04.2021 - Pako\u015b\u0107 \u2013 Kalwaria\",\"isPartOf\":{\"@id\":\"https:\/\/pakosc-kalwaria.franciszkanie.net\/#website\"},\"primaryImageOfPage\":{\"@id\":\"https:\/\/pakosc-kalwaria.franciszkanie.net\/index.php\/2021\/04\/22\/z-kanoniczne-wizytacji-w-naszej-parafii-22-04-2021\/#primaryimage\"},\"datePublished\":\"2021-04-22T19:00:19+00:00\",\"dateModified\":\"2021-04-23T14:02:03+00:00\",\"author\":{\"@id\":\"https:\/\/pakosc-kalwaria.franciszkanie.net\/#\/schema\/person\/af10b943be0760709227d060eadcb2aa\"},\"breadcrumb\":{\"@id\":\"https:\/\/pakosc-kalwaria.franciszkanie.net\/index.php\/2021\/04\/22\/z-kanoniczne-wizytacji-w-naszej-parafii-22-04-2021\/#breadcrumb\"},\"inLanguage\":\"pl-PL\",\"potentialAction\":[{\"@type\":\"ReadAction\",\"target\":[\"https:\/\/pakosc-kalwaria.franciszkanie.net\/index.php\/2021\/04\/22\/z-kanoniczne-wizytacji-w-naszej-parafii-22-04-2021\/\"]}]},{\"@type\":\"BreadcrumbList\",\"@id\":\"https:\/\/pakosc-kalwaria.franciszkanie.net\/index.php\/2021\/04\/22\/z-kanoniczne-wizytacji-w-naszej-parafii-22-04-2021\/#breadcrumb\",\"itemListElement\":[{\"@type\":\"ListItem\",\"position\":1,\"name\":\"Strona g\u0142\u00f3wna\",\"item\":\"https:\/\/pakosc-kalwaria.franciszkanie.net\/\"},{\"@type\":\"ListItem\",\"position\":2,\"name\":\"Z kanonicznej wizytacji w naszej kalwaryjskiej Parafii &#8211; 22.04.2021\"}]},{\"@type\":\"Person\",\"@id\":\"https:\/\/pakosc-kalwaria.franciszkanie.net\/#\/schema\/person\/af10b943be0760709227d060eadcb2aa\",\"name\":\"pakosc-kalwaria\",\"image\":{\"@type\":\"ImageObject\",\"@id\":\"https:\/\/pakosc-kalwaria.franciszkanie.net\/#personlogo\",\"inLanguage\":\"pl-PL\",\"url\":\"https:\/\/secure.gravatar.com\/avatar\/e7049d338b55eac6a0027ff3218b8d02?s=96&d=mm&r=g\",\"contentUrl\":\"https:\/\/secure.gravatar.com\/avatar\/e7049d338b55eac6a0027ff3218b8d02?s=96&d=mm&r=g\",\"caption\":\"pakosc-kalwaria\"},\"sameAs\":[\"https:\/\/www.facebook.com\/KalwariaPakosc\/\"],\"url\":\"https:\/\/pakosc-kalwaria.franciszkanie.net\/index.php\/author\/pakosc-kalwaria\/\"}]}<\/script>\n<!-- \/ Yoast SEO plugin. -->","yoast_head_json":{"title":"Z kanonicznej wizytacji w naszej kalwaryjskiej Parafii - 22.04.2021 - Pako\u015b\u0107 \u2013 Kalwaria","robots":{"index":"index","follow":"follow","max-snippet":"max-snippet:-1","max-image-preview":"max-image-preview:large","max-video-preview":"max-video-preview:-1"},"canonical":"https:\/\/pakosc-kalwaria.franciszkanie.net\/index.php\/2021\/04\/22\/z-kanoniczne-wizytacji-w-naszej-parafii-22-04-2021\/","og_locale":"pl_PL","og_type":"article","og_title":"Z kanonicznej wizytacji w naszej kalwaryjskiej Parafii - 22.04.2021 - Pako\u015b\u0107 \u2013 Kalwaria","og_description":"Sprawozdanie na Msz\u0119 \u015awi\u0119t\u0105 Wizytacyjn\u0105 pod przewodnictwem Ks. Arcybiskupa Metropolity Gnie\u017anie\u0144skiego Wojciecha Polaka, Prymasa Polski \u2013 22 kwietnia 2021r.\u00a0 \u00a0\u00a0\u00a0\u00a0 Czcigodny Ks. Arcybiskupie Metropolito Gnie\u017anie\u0144ski, Prymasie Polski. Jako proboszcz Parafii pw. Pana Jezusa Ukrzy\u017cowanego i Matki Bo\u017cej Bolesnej w Pako\u015bci \u2013 Kalwarii, mianowany na proboszcza, przez Ks. Prymasa Wojciecha Polaka 30 czerwca 2016r., pragn\u0119 serdecznie &hellip;","og_url":"https:\/\/pakosc-kalwaria.franciszkanie.net\/index.php\/2021\/04\/22\/z-kanoniczne-wizytacji-w-naszej-parafii-22-04-2021\/","og_site_name":"Pako\u015b\u0107 \u2013 Kalwaria","article_author":"https:\/\/www.facebook.com\/KalwariaPakosc\/","article_published_time":"2021-04-22T19:00:19+00:00","article_modified_time":"2021-04-23T14:02:03+00:00","og_image":[{"width":350,"height":197,"url":"https:\/\/pakosc-kalwaria.franciszkanie.net\/wp-content\/uploads\/2021\/04\/P1000733.jpg","type":"image\/jpeg"}],"twitter_card":"summary","twitter_misc":{"Napisane przez":"pakosc-kalwaria","Szacowany czas czytania":"4 minuty"},"schema":{"@context":"https:\/\/schema.org","@graph":[{"@type":"WebSite","@id":"https:\/\/pakosc-kalwaria.franciszkanie.net\/#website","url":"https:\/\/pakosc-kalwaria.franciszkanie.net\/","name":"Pako\u015b\u0107 \u2013 Kalwaria","description":"Parafia Rzymsko \u2013 Katolicka p.w. Pana Jezusa Ukrzy\u017cowanego i  Matki Bo\u017cej Bolesnej ul. Barci\u0144ska 60, 88\u2013170 Pako\u015b\u0107 \u2013 Kalwaria","potentialAction":[{"@type":"SearchAction","target":{"@type":"EntryPoint","urlTemplate":"https:\/\/pakosc-kalwaria.franciszkanie.net\/?s={search_term_string}"},"query-input":"required name=search_term_string"}],"inLanguage":"pl-PL"},{"@type":"ImageObject","@id":"https:\/\/pakosc-kalwaria.franciszkanie.net\/index.php\/2021\/04\/22\/z-kanoniczne-wizytacji-w-naszej-parafii-22-04-2021\/#primaryimage","inLanguage":"pl-PL","url":"https:\/\/pakosc-kalwaria.franciszkanie.net\/wp-content\/uploads\/2021\/04\/P1000733.jpg","contentUrl":"https:\/\/pakosc-kalwaria.franciszkanie.net\/wp-content\/uploads\/2021\/04\/P1000733.jpg","width":350,"height":197},{"@type":"WebPage","@id":"https:\/\/pakosc-kalwaria.franciszkanie.net\/index.php\/2021\/04\/22\/z-kanoniczne-wizytacji-w-naszej-parafii-22-04-2021\/#webpage","url":"https:\/\/pakosc-kalwaria.franciszkanie.net\/index.php\/2021\/04\/22\/z-kanoniczne-wizytacji-w-naszej-parafii-22-04-2021\/","name":"Z kanonicznej wizytacji w naszej kalwaryjskiej Parafii - 22.04.2021 - Pako\u015b\u0107 \u2013 Kalwaria","isPartOf":{"@id":"https:\/\/pakosc-kalwaria.franciszkanie.net\/#website"},"primaryImageOfPage":{"@id":"https:\/\/pakosc-kalwaria.franciszkanie.net\/index.php\/2021\/04\/22\/z-kanoniczne-wizytacji-w-naszej-parafii-22-04-2021\/#primaryimage"},"datePublished":"2021-04-22T19:00:19+00:00","dateModified":"2021-04-23T14:02:03+00:00","author":{"@id":"https:\/\/pakosc-kalwaria.franciszkanie.net\/#\/schema\/person\/af10b943be0760709227d060eadcb2aa"},"breadcrumb":{"@id":"https:\/\/pakosc-kalwaria.franciszkanie.net\/index.php\/2021\/04\/22\/z-kanoniczne-wizytacji-w-naszej-parafii-22-04-2021\/#breadcrumb"},"inLanguage":"pl-PL","potentialAction":[{"@type":"ReadAction","target":["https:\/\/pakosc-kalwaria.franciszkanie.net\/index.php\/2021\/04\/22\/z-kanoniczne-wizytacji-w-naszej-parafii-22-04-2021\/"]}]},{"@type":"BreadcrumbList","@id":"https:\/\/pakosc-kalwaria.franciszkanie.net\/index.php\/2021\/04\/22\/z-kanoniczne-wizytacji-w-naszej-parafii-22-04-2021\/#breadcrumb","itemListElement":[{"@type":"ListItem","position":1,"name":"Strona g\u0142\u00f3wna","item":"https:\/\/pakosc-kalwaria.franciszkanie.net\/"},{"@type":"ListItem","position":2,"name":"Z kanonicznej wizytacji w naszej kalwaryjskiej Parafii &#8211; 22.04.2021"}]},{"@type":"Person","@id":"https:\/\/pakosc-kalwaria.franciszkanie.net\/#\/schema\/person\/af10b943be0760709227d060eadcb2aa","name":"pakosc-kalwaria","image":{"@type":"ImageObject","@id":"https:\/\/pakosc-kalwaria.franciszkanie.net\/#personlogo","inLanguage":"pl-PL","url":"https:\/\/secure.gravatar.com\/avatar\/e7049d338b55eac6a0027ff3218b8d02?s=96&d=mm&r=g","contentUrl":"https:\/\/secure.gravatar.com\/avatar\/e7049d338b55eac6a0027ff3218b8d02?s=96&d=mm&r=g","caption":"pakosc-kalwaria"},"sameAs":["https:\/\/www.facebook.com\/KalwariaPakosc\/"],"url":"https:\/\/pakosc-kalwaria.franciszkanie.net\/index.php\/author\/pakosc-kalwaria\/"}]}},"_links":{"self":[{"href":"https:\/\/pakosc-kalwaria.franciszkanie.net\/index.php\/wp-json\/wp\/v2\/posts\/17984"}],"collection":[{"href":"https:\/\/pakosc-kalwaria.franciszkanie.net\/index.php\/wp-json\/wp\/v2\/posts"}],"about":[{"href":"https:\/\/pakosc-kalwaria.franciszkanie.net\/index.php\/wp-json\/wp\/v2\/types\/post"}],"author":[{"embeddable":true,"href":"https:\/\/pakosc-kalwaria.franciszkanie.net\/index.php\/wp-json\/wp\/v2\/users\/2"}],"replies":[{"embeddable":true,"href":"https:\/\/pakosc-kalwaria.franciszkanie.net\/index.php\/wp-json\/wp\/v2\/comments?post=17984"}],"version-history":[{"count":4,"href":"https:\/\/pakosc-kalwaria.franciszkanie.net\/index.php\/wp-json\/wp\/v2\/posts\/17984\/revisions"}],"predecessor-version":[{"id":17989,"href":"https:\/\/pakosc-kalwaria.franciszkanie.net\/index.php\/wp-json\/wp\/v2\/posts\/17984\/revisions\/17989"}],"wp:featuredmedia":[{"embeddable":true,"href":"https:\/\/pakosc-kalwaria.franciszkanie.net\/index.php\/wp-json\/wp\/v2\/media\/17985"}],"wp:attachment":[{"href":"https:\/\/pakosc-kalwaria.franciszkanie.net\/index.php\/wp-json\/wp\/v2\/media?parent=17984"}],"wp:term":[{"taxonomy":"category","embeddable":true,"href":"https:\/\/pakosc-kalwaria.franciszkanie.net\/index.php\/wp-json\/wp\/v2\/categories?post=17984"},{"taxonomy":"post_tag","embeddable":true,"href":"https:\/\/pakosc-kalwaria.franciszkanie.net\/index.php\/wp-json\/wp\/v2\/tags?post=17984"}],"curies":[{"name":"wp","href":"https:\/\/api.w.org\/{rel}","templated":true}]}}