{"id":18044,"date":"2021-04-22T09:20:51","date_gmt":"2021-04-22T07:20:51","guid":{"rendered":"http:\/\/pakosc-kalwaria.franciszkanie.net\/?p=18044"},"modified":"2021-04-26T22:12:53","modified_gmt":"2021-04-26T20:12:53","slug":"dzien-modlitw-o-dobre-urodzaje-swieto-sw-marka-ewangelisty-25-kwietnia","status":"publish","type":"post","link":"https:\/\/pakosc-kalwaria.franciszkanie.net\/index.php\/2021\/04\/22\/dzien-modlitw-o-dobre-urodzaje-swieto-sw-marka-ewangelisty-25-kwietnia\/","title":{"rendered":"Dzie\u0144 modlitw o dobre urodzaje \u2013 \u015bwi\u0119to \u015bw. Marka, Ewangelisty 25 kwietnia"},"content":{"rendered":"<div class=\"entry-content\">\n<div class=\"entry-content\">\n<p><strong><span style=\"color: #ff0000;\">W niedziel\u0119 25 kwietnia 2021r. z okazji\u00a0 \u015bwi\u0119ta \u015bw. Marka, Ewangelisty<\/span> w naszym Sanktuarium Ukrzy\u017cowania na kalwaryjskim Wzg\u00f3rzu <span style=\"color: #ff0000;\">o 9.00 Msza \u015bw. i po Mszy \u015awi\u0119tej procesja do Krzy\u017ca Misyjnego z modlitw\u0105 o dobre urodzaje.<\/span> Zach\u0119camy <\/strong><strong>wszystkich <\/strong><strong>do modlitwy, szczeg\u00f3lnie tych kt\u00f3rzy maj\u0105 pola, sady, ogrody i dzia\u0142ki.<\/strong><\/p>\n<p>W dniu 25 kwietnia, kiedy przypada liturgiczne \u015bwi\u0119to m\u0119cze\u0144skiej \u015bmierci \u015bw. Marka ewangelisty, zanoszone s\u0105 modlitwy b\u0142agalne o dobre urodzaje zapewniaj\u0105ce dostatek chleba powszedniego. Modlitwy o dobry urodzaj s\u0105 rozwini\u0119ciem wezwania z \u201eOjcze nasz\u201d \u2013 \u201echleba naszego powszedniego daj nam dzisiaj\u201d.<br \/>\n<strong>Podczas procesji do Krzy\u017ca Misyjnego, \u015bpiewa si\u0119 litani\u0119 do Wszystkich \u015awi\u0119tych oraz tzw. suplikacje.<\/strong><br \/>\nCelem procesji jest dzi\u0119kowanie Panu Bogu za otrzymane dobrodziejstwa oraz pro\u015bba o b\u0142ogos\u0142awie\u0144stwo dla urodzaj\u00f3w. Wierni modl\u0105 si\u0119 \u2013 b\u0142agaj\u0105c Dobrego i Mi\u0142osiernego Boga \u2013 o ochron\u0119 ziemi przed gradobiciem, susz\u0105 i innymi kl\u0119skami oraz o dobry urodzaj.<br \/>\nProcesje te zast\u0105pi\u0142y dawny rytua\u0142 rolniczy zwany \u201eokr\u0105\u017caniem p\u00f3l\u201d, kt\u00f3rego celem prawdopodobnie by\u0142o wyznaczanie granic pola oraz ochrona upraw przed kl\u0119skami \u017cywio\u0142owymi, czarami i z\u0142ymi mocami. Na ziemiach polskich okr\u0105\u017canie p\u00f3l odbywa\u0142o si\u0119 w dw\u00f3ch terminach: na wiosn\u0119 \u2013 na dobry pocz\u0105tek prac polowych, pomy\u015blny wzrost zb\u00f3\u017c i obfite zbiory; na jesieni, po zebraniu plon\u00f3w \u2013 dla ci\u0105g\u0142o\u015bci wegetacji ro\u015blin i urodzaju w roku nast\u0119pnym. Z czasem wiosenne okr\u0105\u017canie p\u00f3l z\u0142\u0105czone zosta\u0142o ze \u015bwi\u0119tami ko\u015bcielnymi i zamieni\u0142o si\u0119 w procesje prowadzone przez ksi\u0119\u017cy, jesienne przybra\u0142o za\u015b posta\u0107 wielkich biesiad i obchod\u00f3w do\u017cynkowych.<\/p>\n<\/div>\n<\/div>\n","protected":false},"excerpt":{"rendered":"<p>W niedziel\u0119 25 kwietnia 2021r. z okazji\u00a0 \u015bwi\u0119ta \u015bw. Marka, Ewangelisty w naszym Sanktuarium Ukrzy\u017cowania na kalwaryjskim Wzg\u00f3rzu o 9.00 Msza \u015bw. i po Mszy \u015awi\u0119tej procesja do Krzy\u017ca Misyjnego z modlitw\u0105 o dobre urodzaje. Zach\u0119camy wszystkich do modlitwy, szczeg\u00f3lnie tych kt\u00f3rzy maj\u0105 pola, sady, ogrody i dzia\u0142ki. W dniu 25 kwietnia, kiedy przypada liturgiczne &hellip;<\/p>\n","protected":false},"author":2,"featured_media":18045,"comment_status":"closed","ping_status":"closed","sticky":false,"template":"","format":"standard","meta":{"_mi_skip_tracking":false,"_exactmetrics_sitenote_active":false,"_exactmetrics_sitenote_note":"","_exactmetrics_sitenote_category":0},"categories":[13,14],"tags":[],"yoast_head":"<!-- This site is optimized with the Yoast SEO plugin v18.1 - https:\/\/yoast.com\/wordpress\/plugins\/seo\/ -->\n<title>Dzie\u0144 modlitw o dobre urodzaje \u2013 \u015bwi\u0119to \u015bw. Marka, Ewangelisty 25 kwietnia - Pako\u015b\u0107 \u2013 Kalwaria<\/title>\n<meta name=\"robots\" content=\"index, follow, max-snippet:-1, max-image-preview:large, max-video-preview:-1\" \/>\n<link rel=\"canonical\" href=\"https:\/\/pakosc-kalwaria.franciszkanie.net\/index.php\/2021\/04\/22\/dzien-modlitw-o-dobre-urodzaje-swieto-sw-marka-ewangelisty-25-kwietnia\/\" \/>\n<meta property=\"og:locale\" content=\"pl_PL\" \/>\n<meta property=\"og:type\" content=\"article\" \/>\n<meta property=\"og:title\" content=\"Dzie\u0144 modlitw o dobre urodzaje \u2013 \u015bwi\u0119to \u015bw. Marka, Ewangelisty 25 kwietnia - Pako\u015b\u0107 \u2013 Kalwaria\" \/>\n<meta property=\"og:description\" content=\"W niedziel\u0119 25 kwietnia 2021r. z okazji\u00a0 \u015bwi\u0119ta \u015bw. Marka, Ewangelisty w naszym Sanktuarium Ukrzy\u017cowania na kalwaryjskim Wzg\u00f3rzu o 9.00 Msza \u015bw. i po Mszy \u015awi\u0119tej procesja do Krzy\u017ca Misyjnego z modlitw\u0105 o dobre urodzaje. Zach\u0119camy wszystkich do modlitwy, szczeg\u00f3lnie tych kt\u00f3rzy maj\u0105 pola, sady, ogrody i dzia\u0142ki. W dniu 25 kwietnia, kiedy przypada liturgiczne &hellip;\" \/>\n<meta property=\"og:url\" content=\"https:\/\/pakosc-kalwaria.franciszkanie.net\/index.php\/2021\/04\/22\/dzien-modlitw-o-dobre-urodzaje-swieto-sw-marka-ewangelisty-25-kwietnia\/\" \/>\n<meta property=\"og:site_name\" content=\"Pako\u015b\u0107 \u2013 Kalwaria\" \/>\n<meta property=\"article:author\" content=\"https:\/\/www.facebook.com\/KalwariaPakosc\/\" \/>\n<meta property=\"article:published_time\" content=\"2021-04-22T07:20:51+00:00\" \/>\n<meta property=\"article:modified_time\" content=\"2021-04-26T20:12:53+00:00\" \/>\n<meta property=\"og:image\" content=\"https:\/\/pakosc-kalwaria.franciszkanie.net\/wp-content\/uploads\/2021\/04\/sw-marek.jpg\" \/>\n\t<meta property=\"og:image:width\" content=\"230\" \/>\n\t<meta property=\"og:image:height\" content=\"304\" \/>\n\t<meta property=\"og:image:type\" content=\"image\/jpeg\" \/>\n<meta name=\"twitter:card\" content=\"summary\" \/>\n<meta name=\"twitter:label1\" content=\"Napisane przez\" \/>\n\t<meta name=\"twitter:data1\" content=\"pakosc-kalwaria\" \/>\n\t<meta name=\"twitter:label2\" content=\"Szacowany czas czytania\" \/>\n\t<meta name=\"twitter:data2\" content=\"1 minuta\" \/>\n<script type=\"application\/ld+json\" class=\"yoast-schema-graph\">{\"@context\":\"https:\/\/schema.org\",\"@graph\":[{\"@type\":\"WebSite\",\"@id\":\"https:\/\/pakosc-kalwaria.franciszkanie.net\/#website\",\"url\":\"https:\/\/pakosc-kalwaria.franciszkanie.net\/\",\"name\":\"Pako\u015b\u0107 \u2013 Kalwaria\",\"description\":\"Parafia Rzymsko \u2013 Katolicka p.w. Pana Jezusa Ukrzy\u017cowanego i  Matki Bo\u017cej Bolesnej ul. Barci\u0144ska 60, 88\u2013170 Pako\u015b\u0107 \u2013 Kalwaria\",\"potentialAction\":[{\"@type\":\"SearchAction\",\"target\":{\"@type\":\"EntryPoint\",\"urlTemplate\":\"https:\/\/pakosc-kalwaria.franciszkanie.net\/?s={search_term_string}\"},\"query-input\":\"required name=search_term_string\"}],\"inLanguage\":\"pl-PL\"},{\"@type\":\"ImageObject\",\"@id\":\"https:\/\/pakosc-kalwaria.franciszkanie.net\/index.php\/2021\/04\/22\/dzien-modlitw-o-dobre-urodzaje-swieto-sw-marka-ewangelisty-25-kwietnia\/#primaryimage\",\"inLanguage\":\"pl-PL\",\"url\":\"https:\/\/pakosc-kalwaria.franciszkanie.net\/wp-content\/uploads\/2021\/04\/sw-marek.jpg\",\"contentUrl\":\"https:\/\/pakosc-kalwaria.franciszkanie.net\/wp-content\/uploads\/2021\/04\/sw-marek.jpg\",\"width\":230,\"height\":304},{\"@type\":\"WebPage\",\"@id\":\"https:\/\/pakosc-kalwaria.franciszkanie.net\/index.php\/2021\/04\/22\/dzien-modlitw-o-dobre-urodzaje-swieto-sw-marka-ewangelisty-25-kwietnia\/#webpage\",\"url\":\"https:\/\/pakosc-kalwaria.franciszkanie.net\/index.php\/2021\/04\/22\/dzien-modlitw-o-dobre-urodzaje-swieto-sw-marka-ewangelisty-25-kwietnia\/\",\"name\":\"Dzie\u0144 modlitw o dobre urodzaje \u2013 \u015bwi\u0119to \u015bw. Marka, Ewangelisty 25 kwietnia - Pako\u015b\u0107 \u2013 Kalwaria\",\"isPartOf\":{\"@id\":\"https:\/\/pakosc-kalwaria.franciszkanie.net\/#website\"},\"primaryImageOfPage\":{\"@id\":\"https:\/\/pakosc-kalwaria.franciszkanie.net\/index.php\/2021\/04\/22\/dzien-modlitw-o-dobre-urodzaje-swieto-sw-marka-ewangelisty-25-kwietnia\/#primaryimage\"},\"datePublished\":\"2021-04-22T07:20:51+00:00\",\"dateModified\":\"2021-04-26T20:12:53+00:00\",\"author\":{\"@id\":\"https:\/\/pakosc-kalwaria.franciszkanie.net\/#\/schema\/person\/af10b943be0760709227d060eadcb2aa\"},\"breadcrumb\":{\"@id\":\"https:\/\/pakosc-kalwaria.franciszkanie.net\/index.php\/2021\/04\/22\/dzien-modlitw-o-dobre-urodzaje-swieto-sw-marka-ewangelisty-25-kwietnia\/#breadcrumb\"},\"inLanguage\":\"pl-PL\",\"potentialAction\":[{\"@type\":\"ReadAction\",\"target\":[\"https:\/\/pakosc-kalwaria.franciszkanie.net\/index.php\/2021\/04\/22\/dzien-modlitw-o-dobre-urodzaje-swieto-sw-marka-ewangelisty-25-kwietnia\/\"]}]},{\"@type\":\"BreadcrumbList\",\"@id\":\"https:\/\/pakosc-kalwaria.franciszkanie.net\/index.php\/2021\/04\/22\/dzien-modlitw-o-dobre-urodzaje-swieto-sw-marka-ewangelisty-25-kwietnia\/#breadcrumb\",\"itemListElement\":[{\"@type\":\"ListItem\",\"position\":1,\"name\":\"Strona g\u0142\u00f3wna\",\"item\":\"https:\/\/pakosc-kalwaria.franciszkanie.net\/\"},{\"@type\":\"ListItem\",\"position\":2,\"name\":\"Dzie\u0144 modlitw o dobre urodzaje \u2013 \u015bwi\u0119to \u015bw. Marka, Ewangelisty 25 kwietnia\"}]},{\"@type\":\"Person\",\"@id\":\"https:\/\/pakosc-kalwaria.franciszkanie.net\/#\/schema\/person\/af10b943be0760709227d060eadcb2aa\",\"name\":\"pakosc-kalwaria\",\"image\":{\"@type\":\"ImageObject\",\"@id\":\"https:\/\/pakosc-kalwaria.franciszkanie.net\/#personlogo\",\"inLanguage\":\"pl-PL\",\"url\":\"https:\/\/secure.gravatar.com\/avatar\/e7049d338b55eac6a0027ff3218b8d02?s=96&d=mm&r=g\",\"contentUrl\":\"https:\/\/secure.gravatar.com\/avatar\/e7049d338b55eac6a0027ff3218b8d02?s=96&d=mm&r=g\",\"caption\":\"pakosc-kalwaria\"},\"sameAs\":[\"https:\/\/www.facebook.com\/KalwariaPakosc\/\"],\"url\":\"https:\/\/pakosc-kalwaria.franciszkanie.net\/index.php\/author\/pakosc-kalwaria\/\"}]}<\/script>\n<!-- \/ Yoast SEO plugin. -->","yoast_head_json":{"title":"Dzie\u0144 modlitw o dobre urodzaje \u2013 \u015bwi\u0119to \u015bw. Marka, Ewangelisty 25 kwietnia - Pako\u015b\u0107 \u2013 Kalwaria","robots":{"index":"index","follow":"follow","max-snippet":"max-snippet:-1","max-image-preview":"max-image-preview:large","max-video-preview":"max-video-preview:-1"},"canonical":"https:\/\/pakosc-kalwaria.franciszkanie.net\/index.php\/2021\/04\/22\/dzien-modlitw-o-dobre-urodzaje-swieto-sw-marka-ewangelisty-25-kwietnia\/","og_locale":"pl_PL","og_type":"article","og_title":"Dzie\u0144 modlitw o dobre urodzaje \u2013 \u015bwi\u0119to \u015bw. Marka, Ewangelisty 25 kwietnia - Pako\u015b\u0107 \u2013 Kalwaria","og_description":"W niedziel\u0119 25 kwietnia 2021r. z okazji\u00a0 \u015bwi\u0119ta \u015bw. Marka, Ewangelisty w naszym Sanktuarium Ukrzy\u017cowania na kalwaryjskim Wzg\u00f3rzu o 9.00 Msza \u015bw. i po Mszy \u015awi\u0119tej procesja do Krzy\u017ca Misyjnego z modlitw\u0105 o dobre urodzaje. Zach\u0119camy wszystkich do modlitwy, szczeg\u00f3lnie tych kt\u00f3rzy maj\u0105 pola, sady, ogrody i dzia\u0142ki. W dniu 25 kwietnia, kiedy przypada liturgiczne &hellip;","og_url":"https:\/\/pakosc-kalwaria.franciszkanie.net\/index.php\/2021\/04\/22\/dzien-modlitw-o-dobre-urodzaje-swieto-sw-marka-ewangelisty-25-kwietnia\/","og_site_name":"Pako\u015b\u0107 \u2013 Kalwaria","article_author":"https:\/\/www.facebook.com\/KalwariaPakosc\/","article_published_time":"2021-04-22T07:20:51+00:00","article_modified_time":"2021-04-26T20:12:53+00:00","og_image":[{"width":230,"height":304,"url":"https:\/\/pakosc-kalwaria.franciszkanie.net\/wp-content\/uploads\/2021\/04\/sw-marek.jpg","type":"image\/jpeg"}],"twitter_card":"summary","twitter_misc":{"Napisane przez":"pakosc-kalwaria","Szacowany czas czytania":"1 minuta"},"schema":{"@context":"https:\/\/schema.org","@graph":[{"@type":"WebSite","@id":"https:\/\/pakosc-kalwaria.franciszkanie.net\/#website","url":"https:\/\/pakosc-kalwaria.franciszkanie.net\/","name":"Pako\u015b\u0107 \u2013 Kalwaria","description":"Parafia Rzymsko \u2013 Katolicka p.w. Pana Jezusa Ukrzy\u017cowanego i  Matki Bo\u017cej Bolesnej ul. Barci\u0144ska 60, 88\u2013170 Pako\u015b\u0107 \u2013 Kalwaria","potentialAction":[{"@type":"SearchAction","target":{"@type":"EntryPoint","urlTemplate":"https:\/\/pakosc-kalwaria.franciszkanie.net\/?s={search_term_string}"},"query-input":"required name=search_term_string"}],"inLanguage":"pl-PL"},{"@type":"ImageObject","@id":"https:\/\/pakosc-kalwaria.franciszkanie.net\/index.php\/2021\/04\/22\/dzien-modlitw-o-dobre-urodzaje-swieto-sw-marka-ewangelisty-25-kwietnia\/#primaryimage","inLanguage":"pl-PL","url":"https:\/\/pakosc-kalwaria.franciszkanie.net\/wp-content\/uploads\/2021\/04\/sw-marek.jpg","contentUrl":"https:\/\/pakosc-kalwaria.franciszkanie.net\/wp-content\/uploads\/2021\/04\/sw-marek.jpg","width":230,"height":304},{"@type":"WebPage","@id":"https:\/\/pakosc-kalwaria.franciszkanie.net\/index.php\/2021\/04\/22\/dzien-modlitw-o-dobre-urodzaje-swieto-sw-marka-ewangelisty-25-kwietnia\/#webpage","url":"https:\/\/pakosc-kalwaria.franciszkanie.net\/index.php\/2021\/04\/22\/dzien-modlitw-o-dobre-urodzaje-swieto-sw-marka-ewangelisty-25-kwietnia\/","name":"Dzie\u0144 modlitw o dobre urodzaje \u2013 \u015bwi\u0119to \u015bw. Marka, Ewangelisty 25 kwietnia - Pako\u015b\u0107 \u2013 Kalwaria","isPartOf":{"@id":"https:\/\/pakosc-kalwaria.franciszkanie.net\/#website"},"primaryImageOfPage":{"@id":"https:\/\/pakosc-kalwaria.franciszkanie.net\/index.php\/2021\/04\/22\/dzien-modlitw-o-dobre-urodzaje-swieto-sw-marka-ewangelisty-25-kwietnia\/#primaryimage"},"datePublished":"2021-04-22T07:20:51+00:00","dateModified":"2021-04-26T20:12:53+00:00","author":{"@id":"https:\/\/pakosc-kalwaria.franciszkanie.net\/#\/schema\/person\/af10b943be0760709227d060eadcb2aa"},"breadcrumb":{"@id":"https:\/\/pakosc-kalwaria.franciszkanie.net\/index.php\/2021\/04\/22\/dzien-modlitw-o-dobre-urodzaje-swieto-sw-marka-ewangelisty-25-kwietnia\/#breadcrumb"},"inLanguage":"pl-PL","potentialAction":[{"@type":"ReadAction","target":["https:\/\/pakosc-kalwaria.franciszkanie.net\/index.php\/2021\/04\/22\/dzien-modlitw-o-dobre-urodzaje-swieto-sw-marka-ewangelisty-25-kwietnia\/"]}]},{"@type":"BreadcrumbList","@id":"https:\/\/pakosc-kalwaria.franciszkanie.net\/index.php\/2021\/04\/22\/dzien-modlitw-o-dobre-urodzaje-swieto-sw-marka-ewangelisty-25-kwietnia\/#breadcrumb","itemListElement":[{"@type":"ListItem","position":1,"name":"Strona g\u0142\u00f3wna","item":"https:\/\/pakosc-kalwaria.franciszkanie.net\/"},{"@type":"ListItem","position":2,"name":"Dzie\u0144 modlitw o dobre urodzaje \u2013 \u015bwi\u0119to \u015bw. Marka, Ewangelisty 25 kwietnia"}]},{"@type":"Person","@id":"https:\/\/pakosc-kalwaria.franciszkanie.net\/#\/schema\/person\/af10b943be0760709227d060eadcb2aa","name":"pakosc-kalwaria","image":{"@type":"ImageObject","@id":"https:\/\/pakosc-kalwaria.franciszkanie.net\/#personlogo","inLanguage":"pl-PL","url":"https:\/\/secure.gravatar.com\/avatar\/e7049d338b55eac6a0027ff3218b8d02?s=96&d=mm&r=g","contentUrl":"https:\/\/secure.gravatar.com\/avatar\/e7049d338b55eac6a0027ff3218b8d02?s=96&d=mm&r=g","caption":"pakosc-kalwaria"},"sameAs":["https:\/\/www.facebook.com\/KalwariaPakosc\/"],"url":"https:\/\/pakosc-kalwaria.franciszkanie.net\/index.php\/author\/pakosc-kalwaria\/"}]}},"_links":{"self":[{"href":"https:\/\/pakosc-kalwaria.franciszkanie.net\/index.php\/wp-json\/wp\/v2\/posts\/18044"}],"collection":[{"href":"https:\/\/pakosc-kalwaria.franciszkanie.net\/index.php\/wp-json\/wp\/v2\/posts"}],"about":[{"href":"https:\/\/pakosc-kalwaria.franciszkanie.net\/index.php\/wp-json\/wp\/v2\/types\/post"}],"author":[{"embeddable":true,"href":"https:\/\/pakosc-kalwaria.franciszkanie.net\/index.php\/wp-json\/wp\/v2\/users\/2"}],"replies":[{"embeddable":true,"href":"https:\/\/pakosc-kalwaria.franciszkanie.net\/index.php\/wp-json\/wp\/v2\/comments?post=18044"}],"version-history":[{"count":1,"href":"https:\/\/pakosc-kalwaria.franciszkanie.net\/index.php\/wp-json\/wp\/v2\/posts\/18044\/revisions"}],"predecessor-version":[{"id":18046,"href":"https:\/\/pakosc-kalwaria.franciszkanie.net\/index.php\/wp-json\/wp\/v2\/posts\/18044\/revisions\/18046"}],"wp:featuredmedia":[{"embeddable":true,"href":"https:\/\/pakosc-kalwaria.franciszkanie.net\/index.php\/wp-json\/wp\/v2\/media\/18045"}],"wp:attachment":[{"href":"https:\/\/pakosc-kalwaria.franciszkanie.net\/index.php\/wp-json\/wp\/v2\/media?parent=18044"}],"wp:term":[{"taxonomy":"category","embeddable":true,"href":"https:\/\/pakosc-kalwaria.franciszkanie.net\/index.php\/wp-json\/wp\/v2\/categories?post=18044"},{"taxonomy":"post_tag","embeddable":true,"href":"https:\/\/pakosc-kalwaria.franciszkanie.net\/index.php\/wp-json\/wp\/v2\/tags?post=18044"}],"curies":[{"name":"wp","href":"https:\/\/api.w.org\/{rel}","templated":true}]}}