{"id":18047,"date":"2021-04-22T10:20:01","date_gmt":"2021-04-22T08:20:01","guid":{"rendered":"http:\/\/pakosc-kalwaria.franciszkanie.net\/?p=18047"},"modified":"2021-04-24T10:20:33","modified_gmt":"2021-04-24T08:20:33","slug":"towarzystwo-swietego-wojciecha-w-pakosci-swieto-patronalne-23-kwietnia","status":"publish","type":"post","link":"https:\/\/pakosc-kalwaria.franciszkanie.net\/index.php\/2021\/04\/22\/towarzystwo-swietego-wojciecha-w-pakosci-swieto-patronalne-23-kwietnia\/","title":{"rendered":"Towarzystwo \u015awi\u0119tego Wojciecha w Pako\u015bci \u2013 \u015awi\u0119to Patronalne 23 kwietnia"},"content":{"rendered":"<div class=\"entry-content\">\n<p><strong>W pi\u0105tek 23 kwietnia 2021r. w Sanktuarium Ukrzy\u017cowania, <\/strong><strong>z okazji patronalnego \u015bwi\u0119ta \u015bw. Wojciecha,<\/strong><strong> o 17.00 Msza \u015bw. za \u017cyj\u0105cych i zmar\u0142ych cz\u0142onk\u00f3w Ko\u0142a Towarzystwa \u015awi\u0119tego Wojciecha w Pako\u015bci oraz za ich Rodziny.<br \/>\n<\/strong><\/p>\n<p><strong><br \/>\nDo Ko\u0142a Towarzystwa \u015awi\u0119tego Wojciecha w Pako\u015bci nale\u017cy obecnie 6 os\u00f3b. Spotkania odbywaj\u0105 si\u0119 w naszej kalwaryjskiej Parafii. M\u0119\u017cczyzn zainteresowanych dzia\u0142alno\u015bci\u0105 Towarzystwa \u015awi\u0119tego Wojciecha prosimy o kontakt w zakrystii lub w biurze parafialnym.<\/strong><\/p>\n<p><strong>Towarzystwo \u015awi\u0119tego Wojciecha<\/strong> reaktywowa\u0142 kard. J\u00f3zef Glemp dekretem z 20.06.1990 r. Uwa\u017ca si\u0119 je za kontynuatora stowarzyszenia Stra\u017cy \u015awi\u0119tego Wojciecha powo\u0142anej w Gnie\u017anie w 1882 r. Jest ono zrzeszeniem publicznym spo\u0142eczno\u015bci katolickiej dla o\u017cywienia duchem chrze\u015bcija\u0144skim porz\u0105dku doczesnego. Zadaniem jest r\u00f3wnie\u017c popieranie chrze\u015bcija\u0144skiej i spo\u0142ecznej nauki Ko\u015bcio\u0142a we wsp\u00f3\u0142pracy z duszpasterzami swojej parafii oraz krzewienie kultu \u015awi\u0119tego Wojciecha i dba\u0142o\u015b\u0107 o jego dziedzictwo duchowe i materialne. Cz\u0142onkowie \u2013 Bracia cele swoje realizuj\u0105 poprzez pog\u0142\u0119bianie formacji religijnej i oddzia\u0142ywanie na \u015brodowiska, w kt\u00f3rych przebywaj\u0105. Towarzystwo jako ca\u0142o\u015b\u0107 i poszczeg\u00f3lne jego organy nie uczestnicz\u0105 w dzia\u0142alno\u015bci partii politycznych. Mog\u0105 to czyni\u0107 jedynie indywidualnie jego cz\u0142onkowie w duchu odpowiedzialno\u015bci za Ojczyzn\u0119. Umieszczenie w nazwie imienia patrona ma podkre\u015bli\u0107 zwi\u0105zek Towarzystwa z Archidiecezj\u0105 Gnie\u017anie\u0144sk\u0105, kt\u00f3rej \u015awi\u0119ty Wojciech jest patronem. Od roku 2004 po zmianach terytorialnych i utworzeniu Diecezji Bydgoskiej Towarzystwo \u015awi\u0119tego Wojciecha dzia\u0142a w Archidiecezji Gnie\u017anie\u0144skiej i Diecezji Bydgoskiej.<br \/>\n<strong><br \/>\nTowarzystwo \u015awi\u0119tego Wojciecha jest publicznym stowarzyszeniem katolik\u00f3w.<\/strong><br \/>\n<strong>G\u0142\u00f3wne cele Towarzystwa to:<\/strong><br \/>\n\u2013 zrzeszenie katolik\u00f3w \u015bwieckich,<br \/>\n\u2013 popieranie chrze\u015bcija\u0144skiej doktryny w \u015bwiecie,<br \/>\n\u2013 szerzenie kultu \u015aw. Wojciecha i dba\u0142o\u015b\u0107 o dziedzictwo duchowe i materialne \u015awi\u0119tego,<br \/>\n\u2013 pog\u0142\u0119bianie formacji religijnej cz\u0142onk\u00f3w<\/p>\n<p><strong>Piecz\u0119 nad Towarzystwem sprawuje Prymas Polski i osobi\u015bcie przyjmuje ka\u017cdego nowo wst\u0119puj\u0105cego brata.<\/strong> Towarzystwo \u015awi\u0119tego Wojciecha posiada osobowo\u015b\u0107 prawn\u0105, statut, str\u00f3j, emblematy oraz odznak\u0119 przynale\u017cno\u015bci do towarzystwa. Biskup Diecezji powo\u0142uje Diecezjalnego Asystenta ko\u015bcielnego Towarzystwa, a opiek\u0119 duchow\u0105 nad ka\u017cdym ko\u0142em przy parafiach sprawuj\u0105 ksi\u0119\u017ca proboszczowie. Do Towarzystwa \u015awi\u0119tego Wojciecha \u00a0mo\u017cna zosta\u0107 zaproszonym \u00a0poprzez \u00a0rekomendacj\u0119 \u00a02 braci<strong>. <\/strong>Towarzystwo \u015awi\u0119tego Wojciecha dzieli si\u0119 na regiony Gniezno, Bydgoszcz, Krajna, Kujawy, Pa\u0142uki i zrzesza \u00a0ok. 360 braci. Najliczniejszy region bydgoski liczy ok. 130 braci.<\/p>\n<p><strong>Patron\u2028\u2028 \u015awi\u0119ty Wojciech<\/strong> urodzi\u0142 si\u0119 oko\u0142o 956 roku w Libicach , w Czechach, u uj\u015bcia Cydliny do \u0141aby. Ojciec jego, S\u0142awnik, by\u0142 g\u0142ow\u0105 mo\u017cnego rodu, spokrewnionego nawet z dynasti\u0105 sask\u0105, panuj\u0105c\u0105 w\u00f3wczas w Niemczech. Matka bowiem S\u0142awnika (a babka \u015bw. Wojciecha) mia\u0142a by\u0107 rodzon\u0105 siostr\u0105 kr\u00f3la Niemiec- Henryka I. Matka \u015bw. Wojciecha, Strze\u017cys\u0142awa, pochodzi\u0142a r\u00f3wnie\u017c ze znakomitej rodziny, by\u0107 mo\u017ce z Przemy\u015blid\u00f3w, kt\u00f3rzy w\u00f3wczas rz\u0105dzili pa\u0144stwem czeskim. \u015aw. Wojciech by\u0142 przedostatnim z siedmiu syn\u00f3w ksi\u0119cia S\u0142awnika. W najstarszym r\u0119kopisie imi\u0119 jego brzmi: Wojetech.\u2028\u015aw. Wojciech jako 16-letni m\u0142odzieniec w 972 roku zosta\u0142 wys\u0142any pod opiek\u0119 arcybiskupa Magdeburgu \u2013 \u015bw. Adalberta. Na dworze metropolity kszta\u0142ci\u0142 si\u0119 w szkole katedralnej, pod czujnym okiem znanego uczonego, Otryka. Tu si\u0119 te\u017c przygotowywa\u0142 przez d\u0142ugich 10 lat (972-981) do swoich przysz\u0142ych duchownych obowi\u0105zk\u00f3w. W tym czasie otrzyma\u0142 te\u017c sakrament bierzmowania. Do Czech powr\u00f3ci\u0142 w wieku 25 lat. By\u0142 subdiakonem. W Pradze przyj\u0105\u0142 reszt\u0119 \u015bwi\u0119ce\u0144 kap\u0142a\u0144skich (981).\u202829 czerwca 983 roku odby\u0142a si\u0119 konsekracja \u015bw. Wojciecha na biskupa. By\u0142 pierwszym biskupem narodowo\u015bci czeskiej w Czechach. \u015aw. Wojciech wszed\u0142 do swojej biskupiej stolicy, Pragi, boso. Tym samym wykazywa\u0142 jasno, jaki b\u0119dzie jego styl i program pasterski. Mia\u0142 wtedy zaledwie 26 lat. Sytuacja Ko\u015bcio\u0142a w Czechach w owym czasie nie by\u0142a \u0142atwa, zale\u017ca\u0142a od kaprysu mo\u017cnych i w\u0142adcy. \u015aw. Wojciech nie m\u00f3g\u0142 znie\u015b\u0107 mieszanki okrucie\u0144stwa i pobo\u017cno\u015bci, kt\u00f3rej by\u0142 \u015bwiadkiem w Pradze, tote\u017c po pi\u0119ciu latach rz\u0105d\u00f3w (983-988) postanowi\u0142 opu\u015bci\u0107 niewdzi\u0119czn\u0105 stolic\u0119. Uda\u0142 si\u0119 do Ziemi \u015awi\u0119tej jako pielgrzym. Trzy lata sp\u0119dzi\u0142 w benedykty\u0144skim klasztorze na rzymskim Awentynie. Potem prowadzi\u0142 dzia\u0142alno\u015b\u0107 misyjn\u0105 na S\u0142owacji, podbitej przez W\u0119gry.\u2028W 994 roku biskup Wojciech, w\u00f3wczas 39-letni, rzuci\u0142 kl\u0105tw\u0119 na swoich poddanych- po tym jak zamordowano kobiet\u0119 w obronie moralno\u015bci \u2013 i opu\u015bci\u0142 swoj\u0105 diecezj\u0119.\u2028Dnia 25 maja 996 roku odby\u0142 si\u0119 w Rzymie synod, na kt\u00f3rym metropolita Moguncji, \u015bw. Willigis, oskar\u017cy\u0142 \u015bw. Wojciecha, \u017ce bezprawnie opu\u015bci\u0142 swoj\u0105 stolic\u0119 i nakaza\u0142 \u015bwi\u0119temu powr\u00f3t pod gro\u017ab\u0105 kl\u0105twy. Dzi\u0119ki wstawiennictwu papie\u017ca Grzegorza V \u015bw. Wojciech m\u00f3g\u0142 wywin\u0105\u0107 si\u0119 spomi\u0119dzy m\u0142ota i kowad\u0142a, rozpoczynaj\u0105c dzia\u0142alno\u015b\u0107 misyjn\u0105 w poga\u0144skiej cz\u0119\u015bci Europy. Wyb\u00f3r terenu pad\u0142 na kraj Boles\u0142awa Chrobrego. By\u0142o to p\u00f3\u017an\u0105 jesieni\u0105 996 roku. Kr\u00f3l Polski chcia\u0142 zatrzyma\u0107 \u015bw. Wojciecha u siebie jako po\u015brednika w misjach dyplomatycznych. Kiedy jednak \u015bwi\u0119ty stanowczo odm\u00f3wi\u0142 i wyrazi\u0142 ch\u0119\u0107 pracy w\u015br\u00f3d pogan, powsta\u0142a my\u015bl nawr\u00f3cenia Wielet\u00f3w na Zachodzie. W tym czasie trwa\u0142a wojna, wobec czego postanowiono urz\u0105dzi\u0107 wypraw\u0119 misyjn\u0105 do Prus. Boles\u0142aw Chrobry da\u0142 \u015bw. Wojciechowi do os\u0142ony 30 woj\u00f3w, lecz aby nie nadawa\u0107 swojej misji charakteru wojennej wyprawy, \u015bwi\u0119ty oddali\u0142 \u017co\u0142nierzy.\u2028Jedyn\u0105 okazj\u0105 przekazania idei zbawienia by\u0142 sejm ziemski 17 kwietnia 997 roku, maj\u0105cy rozstrzygn\u0105\u0107 o losie misjonarzy. Spicz t\u0142umacza nie przekona\u0142 zebranych, kt\u00f3rzy nakazali opuszczenie kraju Prus\u00f3w. Dziki t\u0142um zacz\u0105\u0142 z\u0142orzeczy\u0107 misjonarzom. \u015aw. Wojciech zosta\u0142 uderzony wios\u0142em w plecy, a\u017c mu brewiarz wypad\u0142 z r\u0105k. Mimo tego Wojciech nie podporz\u0105dkowa\u0142 si\u0119 wyrokowi sejmu. Odprawi\u0142 msz\u0119 na polanie \u015bwi\u0119tego gaju i zasn\u0105\u0142 tam- bezczeszcz\u0105c poga\u0144skie miejsce kultu.\u202823 kwietnia 997 roku rozprawi\u0142o si\u0119 z nim siedmiu stra\u017cnik\u00f3w kap\u0142ana. Pierwszy cios, w serce, zada\u0142 toporem Prus Sicco. Nast\u0119pne pochodzi\u0142y od w\u0142\u00f3czni. Odci\u0119t\u0105 g\u0142ow\u0119 \u015bw. Wojciecha wbito na pal, by go poha\u0144bi\u0107. W chwili zgonu \u015bw. Wojciech mia\u0142 41 lat. Jego cia\u0142o wykupi\u0142 Boles\u0142aw Chrobry, daj\u0105c za nie tyle z\u0142ota, ile wa\u017cy\u0142o. Kanonizacja Wojciecha odby\u0142a si\u0119 w 999 roku.<\/p>\n<\/div>\n","protected":false},"excerpt":{"rendered":"<p>W pi\u0105tek 23 kwietnia 2021r. w Sanktuarium Ukrzy\u017cowania, z okazji patronalnego \u015bwi\u0119ta \u015bw. Wojciecha, o 17.00 Msza \u015bw. za \u017cyj\u0105cych i zmar\u0142ych cz\u0142onk\u00f3w Ko\u0142a Towarzystwa \u015awi\u0119tego Wojciecha w Pako\u015bci oraz za ich Rodziny. Do Ko\u0142a Towarzystwa \u015awi\u0119tego Wojciecha w Pako\u015bci nale\u017cy obecnie 6 os\u00f3b. Spotkania odbywaj\u0105 si\u0119 w naszej kalwaryjskiej Parafii. M\u0119\u017cczyzn zainteresowanych dzia\u0142alno\u015bci\u0105 Towarzystwa &hellip;<\/p>\n","protected":false},"author":2,"featured_media":18048,"comment_status":"closed","ping_status":"closed","sticky":false,"template":"","format":"standard","meta":{"_mi_skip_tracking":false,"_exactmetrics_sitenote_active":false,"_exactmetrics_sitenote_note":"","_exactmetrics_sitenote_category":0},"categories":[13,10],"tags":[],"yoast_head":"<!-- This site is optimized with the Yoast SEO plugin v18.1 - https:\/\/yoast.com\/wordpress\/plugins\/seo\/ -->\n<title>Towarzystwo \u015awi\u0119tego Wojciecha w Pako\u015bci \u2013 \u015awi\u0119to Patronalne 23 kwietnia - Pako\u015b\u0107 \u2013 Kalwaria<\/title>\n<meta name=\"robots\" content=\"index, follow, max-snippet:-1, max-image-preview:large, max-video-preview:-1\" \/>\n<link rel=\"canonical\" href=\"https:\/\/pakosc-kalwaria.franciszkanie.net\/index.php\/2021\/04\/22\/towarzystwo-swietego-wojciecha-w-pakosci-swieto-patronalne-23-kwietnia\/\" \/>\n<meta property=\"og:locale\" content=\"pl_PL\" \/>\n<meta property=\"og:type\" content=\"article\" \/>\n<meta property=\"og:title\" content=\"Towarzystwo \u015awi\u0119tego Wojciecha w Pako\u015bci \u2013 \u015awi\u0119to Patronalne 23 kwietnia - Pako\u015b\u0107 \u2013 Kalwaria\" \/>\n<meta property=\"og:description\" content=\"W pi\u0105tek 23 kwietnia 2021r. w Sanktuarium Ukrzy\u017cowania, z okazji patronalnego \u015bwi\u0119ta \u015bw. Wojciecha, o 17.00 Msza \u015bw. za \u017cyj\u0105cych i zmar\u0142ych cz\u0142onk\u00f3w Ko\u0142a Towarzystwa \u015awi\u0119tego Wojciecha w Pako\u015bci oraz za ich Rodziny. Do Ko\u0142a Towarzystwa \u015awi\u0119tego Wojciecha w Pako\u015bci nale\u017cy obecnie 6 os\u00f3b. Spotkania odbywaj\u0105 si\u0119 w naszej kalwaryjskiej Parafii. M\u0119\u017cczyzn zainteresowanych dzia\u0142alno\u015bci\u0105 Towarzystwa &hellip;\" \/>\n<meta property=\"og:url\" content=\"https:\/\/pakosc-kalwaria.franciszkanie.net\/index.php\/2021\/04\/22\/towarzystwo-swietego-wojciecha-w-pakosci-swieto-patronalne-23-kwietnia\/\" \/>\n<meta property=\"og:site_name\" content=\"Pako\u015b\u0107 \u2013 Kalwaria\" \/>\n<meta property=\"article:author\" content=\"https:\/\/www.facebook.com\/KalwariaPakosc\/\" \/>\n<meta property=\"article:published_time\" content=\"2021-04-22T08:20:01+00:00\" \/>\n<meta property=\"article:modified_time\" content=\"2021-04-24T08:20:33+00:00\" \/>\n<meta property=\"og:image\" content=\"https:\/\/pakosc-kalwaria.franciszkanie.net\/wp-content\/uploads\/2021\/04\/Towarzystwo-\u015bw.-Wojciecha.jpg\" \/>\n\t<meta property=\"og:image:width\" content=\"300\" \/>\n\t<meta property=\"og:image:height\" content=\"300\" \/>\n\t<meta property=\"og:image:type\" content=\"image\/jpeg\" \/>\n<meta name=\"twitter:card\" content=\"summary\" \/>\n<meta name=\"twitter:label1\" content=\"Napisane przez\" \/>\n\t<meta name=\"twitter:data1\" content=\"pakosc-kalwaria\" \/>\n\t<meta name=\"twitter:label2\" content=\"Szacowany czas czytania\" \/>\n\t<meta name=\"twitter:data2\" content=\"5 minut\" \/>\n<script type=\"application\/ld+json\" class=\"yoast-schema-graph\">{\"@context\":\"https:\/\/schema.org\",\"@graph\":[{\"@type\":\"WebSite\",\"@id\":\"https:\/\/pakosc-kalwaria.franciszkanie.net\/#website\",\"url\":\"https:\/\/pakosc-kalwaria.franciszkanie.net\/\",\"name\":\"Pako\u015b\u0107 \u2013 Kalwaria\",\"description\":\"Parafia Rzymsko \u2013 Katolicka p.w. Pana Jezusa Ukrzy\u017cowanego i  Matki Bo\u017cej Bolesnej ul. Barci\u0144ska 60, 88\u2013170 Pako\u015b\u0107 \u2013 Kalwaria\",\"potentialAction\":[{\"@type\":\"SearchAction\",\"target\":{\"@type\":\"EntryPoint\",\"urlTemplate\":\"https:\/\/pakosc-kalwaria.franciszkanie.net\/?s={search_term_string}\"},\"query-input\":\"required name=search_term_string\"}],\"inLanguage\":\"pl-PL\"},{\"@type\":\"ImageObject\",\"@id\":\"https:\/\/pakosc-kalwaria.franciszkanie.net\/index.php\/2021\/04\/22\/towarzystwo-swietego-wojciecha-w-pakosci-swieto-patronalne-23-kwietnia\/#primaryimage\",\"inLanguage\":\"pl-PL\",\"url\":\"https:\/\/pakosc-kalwaria.franciszkanie.net\/wp-content\/uploads\/2021\/04\/Towarzystwo-\u015bw.-Wojciecha.jpg\",\"contentUrl\":\"https:\/\/pakosc-kalwaria.franciszkanie.net\/wp-content\/uploads\/2021\/04\/Towarzystwo-\u015bw.-Wojciecha.jpg\",\"width\":300,\"height\":300},{\"@type\":\"WebPage\",\"@id\":\"https:\/\/pakosc-kalwaria.franciszkanie.net\/index.php\/2021\/04\/22\/towarzystwo-swietego-wojciecha-w-pakosci-swieto-patronalne-23-kwietnia\/#webpage\",\"url\":\"https:\/\/pakosc-kalwaria.franciszkanie.net\/index.php\/2021\/04\/22\/towarzystwo-swietego-wojciecha-w-pakosci-swieto-patronalne-23-kwietnia\/\",\"name\":\"Towarzystwo \u015awi\u0119tego Wojciecha w Pako\u015bci \u2013 \u015awi\u0119to Patronalne 23 kwietnia - Pako\u015b\u0107 \u2013 Kalwaria\",\"isPartOf\":{\"@id\":\"https:\/\/pakosc-kalwaria.franciszkanie.net\/#website\"},\"primaryImageOfPage\":{\"@id\":\"https:\/\/pakosc-kalwaria.franciszkanie.net\/index.php\/2021\/04\/22\/towarzystwo-swietego-wojciecha-w-pakosci-swieto-patronalne-23-kwietnia\/#primaryimage\"},\"datePublished\":\"2021-04-22T08:20:01+00:00\",\"dateModified\":\"2021-04-24T08:20:33+00:00\",\"author\":{\"@id\":\"https:\/\/pakosc-kalwaria.franciszkanie.net\/#\/schema\/person\/af10b943be0760709227d060eadcb2aa\"},\"breadcrumb\":{\"@id\":\"https:\/\/pakosc-kalwaria.franciszkanie.net\/index.php\/2021\/04\/22\/towarzystwo-swietego-wojciecha-w-pakosci-swieto-patronalne-23-kwietnia\/#breadcrumb\"},\"inLanguage\":\"pl-PL\",\"potentialAction\":[{\"@type\":\"ReadAction\",\"target\":[\"https:\/\/pakosc-kalwaria.franciszkanie.net\/index.php\/2021\/04\/22\/towarzystwo-swietego-wojciecha-w-pakosci-swieto-patronalne-23-kwietnia\/\"]}]},{\"@type\":\"BreadcrumbList\",\"@id\":\"https:\/\/pakosc-kalwaria.franciszkanie.net\/index.php\/2021\/04\/22\/towarzystwo-swietego-wojciecha-w-pakosci-swieto-patronalne-23-kwietnia\/#breadcrumb\",\"itemListElement\":[{\"@type\":\"ListItem\",\"position\":1,\"name\":\"Strona g\u0142\u00f3wna\",\"item\":\"https:\/\/pakosc-kalwaria.franciszkanie.net\/\"},{\"@type\":\"ListItem\",\"position\":2,\"name\":\"Towarzystwo \u015awi\u0119tego Wojciecha w Pako\u015bci \u2013 \u015awi\u0119to Patronalne 23 kwietnia\"}]},{\"@type\":\"Person\",\"@id\":\"https:\/\/pakosc-kalwaria.franciszkanie.net\/#\/schema\/person\/af10b943be0760709227d060eadcb2aa\",\"name\":\"pakosc-kalwaria\",\"image\":{\"@type\":\"ImageObject\",\"@id\":\"https:\/\/pakosc-kalwaria.franciszkanie.net\/#personlogo\",\"inLanguage\":\"pl-PL\",\"url\":\"https:\/\/secure.gravatar.com\/avatar\/e7049d338b55eac6a0027ff3218b8d02?s=96&d=mm&r=g\",\"contentUrl\":\"https:\/\/secure.gravatar.com\/avatar\/e7049d338b55eac6a0027ff3218b8d02?s=96&d=mm&r=g\",\"caption\":\"pakosc-kalwaria\"},\"sameAs\":[\"https:\/\/www.facebook.com\/KalwariaPakosc\/\"],\"url\":\"https:\/\/pakosc-kalwaria.franciszkanie.net\/index.php\/author\/pakosc-kalwaria\/\"}]}<\/script>\n<!-- \/ Yoast SEO plugin. -->","yoast_head_json":{"title":"Towarzystwo \u015awi\u0119tego Wojciecha w Pako\u015bci \u2013 \u015awi\u0119to Patronalne 23 kwietnia - Pako\u015b\u0107 \u2013 Kalwaria","robots":{"index":"index","follow":"follow","max-snippet":"max-snippet:-1","max-image-preview":"max-image-preview:large","max-video-preview":"max-video-preview:-1"},"canonical":"https:\/\/pakosc-kalwaria.franciszkanie.net\/index.php\/2021\/04\/22\/towarzystwo-swietego-wojciecha-w-pakosci-swieto-patronalne-23-kwietnia\/","og_locale":"pl_PL","og_type":"article","og_title":"Towarzystwo \u015awi\u0119tego Wojciecha w Pako\u015bci \u2013 \u015awi\u0119to Patronalne 23 kwietnia - Pako\u015b\u0107 \u2013 Kalwaria","og_description":"W pi\u0105tek 23 kwietnia 2021r. w Sanktuarium Ukrzy\u017cowania, z okazji patronalnego \u015bwi\u0119ta \u015bw. Wojciecha, o 17.00 Msza \u015bw. za \u017cyj\u0105cych i zmar\u0142ych cz\u0142onk\u00f3w Ko\u0142a Towarzystwa \u015awi\u0119tego Wojciecha w Pako\u015bci oraz za ich Rodziny. Do Ko\u0142a Towarzystwa \u015awi\u0119tego Wojciecha w Pako\u015bci nale\u017cy obecnie 6 os\u00f3b. Spotkania odbywaj\u0105 si\u0119 w naszej kalwaryjskiej Parafii. M\u0119\u017cczyzn zainteresowanych dzia\u0142alno\u015bci\u0105 Towarzystwa &hellip;","og_url":"https:\/\/pakosc-kalwaria.franciszkanie.net\/index.php\/2021\/04\/22\/towarzystwo-swietego-wojciecha-w-pakosci-swieto-patronalne-23-kwietnia\/","og_site_name":"Pako\u015b\u0107 \u2013 Kalwaria","article_author":"https:\/\/www.facebook.com\/KalwariaPakosc\/","article_published_time":"2021-04-22T08:20:01+00:00","article_modified_time":"2021-04-24T08:20:33+00:00","og_image":[{"width":300,"height":300,"url":"https:\/\/pakosc-kalwaria.franciszkanie.net\/wp-content\/uploads\/2021\/04\/Towarzystwo-\u015bw.-Wojciecha.jpg","type":"image\/jpeg"}],"twitter_card":"summary","twitter_misc":{"Napisane przez":"pakosc-kalwaria","Szacowany czas czytania":"5 minut"},"schema":{"@context":"https:\/\/schema.org","@graph":[{"@type":"WebSite","@id":"https:\/\/pakosc-kalwaria.franciszkanie.net\/#website","url":"https:\/\/pakosc-kalwaria.franciszkanie.net\/","name":"Pako\u015b\u0107 \u2013 Kalwaria","description":"Parafia Rzymsko \u2013 Katolicka p.w. Pana Jezusa Ukrzy\u017cowanego i  Matki Bo\u017cej Bolesnej ul. Barci\u0144ska 60, 88\u2013170 Pako\u015b\u0107 \u2013 Kalwaria","potentialAction":[{"@type":"SearchAction","target":{"@type":"EntryPoint","urlTemplate":"https:\/\/pakosc-kalwaria.franciszkanie.net\/?s={search_term_string}"},"query-input":"required name=search_term_string"}],"inLanguage":"pl-PL"},{"@type":"ImageObject","@id":"https:\/\/pakosc-kalwaria.franciszkanie.net\/index.php\/2021\/04\/22\/towarzystwo-swietego-wojciecha-w-pakosci-swieto-patronalne-23-kwietnia\/#primaryimage","inLanguage":"pl-PL","url":"https:\/\/pakosc-kalwaria.franciszkanie.net\/wp-content\/uploads\/2021\/04\/Towarzystwo-\u015bw.-Wojciecha.jpg","contentUrl":"https:\/\/pakosc-kalwaria.franciszkanie.net\/wp-content\/uploads\/2021\/04\/Towarzystwo-\u015bw.-Wojciecha.jpg","width":300,"height":300},{"@type":"WebPage","@id":"https:\/\/pakosc-kalwaria.franciszkanie.net\/index.php\/2021\/04\/22\/towarzystwo-swietego-wojciecha-w-pakosci-swieto-patronalne-23-kwietnia\/#webpage","url":"https:\/\/pakosc-kalwaria.franciszkanie.net\/index.php\/2021\/04\/22\/towarzystwo-swietego-wojciecha-w-pakosci-swieto-patronalne-23-kwietnia\/","name":"Towarzystwo \u015awi\u0119tego Wojciecha w Pako\u015bci \u2013 \u015awi\u0119to Patronalne 23 kwietnia - Pako\u015b\u0107 \u2013 Kalwaria","isPartOf":{"@id":"https:\/\/pakosc-kalwaria.franciszkanie.net\/#website"},"primaryImageOfPage":{"@id":"https:\/\/pakosc-kalwaria.franciszkanie.net\/index.php\/2021\/04\/22\/towarzystwo-swietego-wojciecha-w-pakosci-swieto-patronalne-23-kwietnia\/#primaryimage"},"datePublished":"2021-04-22T08:20:01+00:00","dateModified":"2021-04-24T08:20:33+00:00","author":{"@id":"https:\/\/pakosc-kalwaria.franciszkanie.net\/#\/schema\/person\/af10b943be0760709227d060eadcb2aa"},"breadcrumb":{"@id":"https:\/\/pakosc-kalwaria.franciszkanie.net\/index.php\/2021\/04\/22\/towarzystwo-swietego-wojciecha-w-pakosci-swieto-patronalne-23-kwietnia\/#breadcrumb"},"inLanguage":"pl-PL","potentialAction":[{"@type":"ReadAction","target":["https:\/\/pakosc-kalwaria.franciszkanie.net\/index.php\/2021\/04\/22\/towarzystwo-swietego-wojciecha-w-pakosci-swieto-patronalne-23-kwietnia\/"]}]},{"@type":"BreadcrumbList","@id":"https:\/\/pakosc-kalwaria.franciszkanie.net\/index.php\/2021\/04\/22\/towarzystwo-swietego-wojciecha-w-pakosci-swieto-patronalne-23-kwietnia\/#breadcrumb","itemListElement":[{"@type":"ListItem","position":1,"name":"Strona g\u0142\u00f3wna","item":"https:\/\/pakosc-kalwaria.franciszkanie.net\/"},{"@type":"ListItem","position":2,"name":"Towarzystwo \u015awi\u0119tego Wojciecha w Pako\u015bci \u2013 \u015awi\u0119to Patronalne 23 kwietnia"}]},{"@type":"Person","@id":"https:\/\/pakosc-kalwaria.franciszkanie.net\/#\/schema\/person\/af10b943be0760709227d060eadcb2aa","name":"pakosc-kalwaria","image":{"@type":"ImageObject","@id":"https:\/\/pakosc-kalwaria.franciszkanie.net\/#personlogo","inLanguage":"pl-PL","url":"https:\/\/secure.gravatar.com\/avatar\/e7049d338b55eac6a0027ff3218b8d02?s=96&d=mm&r=g","contentUrl":"https:\/\/secure.gravatar.com\/avatar\/e7049d338b55eac6a0027ff3218b8d02?s=96&d=mm&r=g","caption":"pakosc-kalwaria"},"sameAs":["https:\/\/www.facebook.com\/KalwariaPakosc\/"],"url":"https:\/\/pakosc-kalwaria.franciszkanie.net\/index.php\/author\/pakosc-kalwaria\/"}]}},"_links":{"self":[{"href":"https:\/\/pakosc-kalwaria.franciszkanie.net\/index.php\/wp-json\/wp\/v2\/posts\/18047"}],"collection":[{"href":"https:\/\/pakosc-kalwaria.franciszkanie.net\/index.php\/wp-json\/wp\/v2\/posts"}],"about":[{"href":"https:\/\/pakosc-kalwaria.franciszkanie.net\/index.php\/wp-json\/wp\/v2\/types\/post"}],"author":[{"embeddable":true,"href":"https:\/\/pakosc-kalwaria.franciszkanie.net\/index.php\/wp-json\/wp\/v2\/users\/2"}],"replies":[{"embeddable":true,"href":"https:\/\/pakosc-kalwaria.franciszkanie.net\/index.php\/wp-json\/wp\/v2\/comments?post=18047"}],"version-history":[{"count":1,"href":"https:\/\/pakosc-kalwaria.franciszkanie.net\/index.php\/wp-json\/wp\/v2\/posts\/18047\/revisions"}],"predecessor-version":[{"id":18049,"href":"https:\/\/pakosc-kalwaria.franciszkanie.net\/index.php\/wp-json\/wp\/v2\/posts\/18047\/revisions\/18049"}],"wp:featuredmedia":[{"embeddable":true,"href":"https:\/\/pakosc-kalwaria.franciszkanie.net\/index.php\/wp-json\/wp\/v2\/media\/18048"}],"wp:attachment":[{"href":"https:\/\/pakosc-kalwaria.franciszkanie.net\/index.php\/wp-json\/wp\/v2\/media?parent=18047"}],"wp:term":[{"taxonomy":"category","embeddable":true,"href":"https:\/\/pakosc-kalwaria.franciszkanie.net\/index.php\/wp-json\/wp\/v2\/categories?post=18047"},{"taxonomy":"post_tag","embeddable":true,"href":"https:\/\/pakosc-kalwaria.franciszkanie.net\/index.php\/wp-json\/wp\/v2\/tags?post=18047"}],"curies":[{"name":"wp","href":"https:\/\/api.w.org\/{rel}","templated":true}]}}