{"id":18059,"date":"2021-08-07T06:00:14","date_gmt":"2021-08-07T04:00:14","guid":{"rendered":"http:\/\/pakosc-kalwaria.franciszkanie.net\/?p=18059"},"modified":"2021-08-15T08:40:39","modified_gmt":"2021-08-15T06:40:39","slug":"beatyfikacja-kard-stefana-wyszynskiego-12-09-2021-w-warszawie","status":"publish","type":"post","link":"https:\/\/pakosc-kalwaria.franciszkanie.net\/index.php\/2021\/08\/07\/beatyfikacja-kard-stefana-wyszynskiego-12-09-2021-w-warszawie\/","title":{"rendered":"Beatyfikacja S\u0142ugi Bo\u017cego kard. Stefana Wyszy\u0144skiego &#8211; 12 wrze\u015bnia"},"content":{"rendered":"<p><strong>Uroczysto\u015b\u0107 beatyfikacji kard. Stefana Wyszy\u0144skiego oraz s. R\u00f3\u017cy Marii Czackiej odb\u0119dzie si\u0119 <span style=\"color: #ff0000;\">12 wrze\u015bnia 2021 roku w Warszawie, o godzinie 12.00.<\/span> Podczas uroczysto\u015bci, papie\u017ca Franciszka b\u0119dzie reprezentowa\u0142 kard. Marcello Semeraro, prefekt Kongregacji do Spraw Kanonizacyjnych, kt\u00f3ry dokona promulgacji dekretu beatyfikacyjnego. <\/strong><\/p>\n<p><span style=\"color: #ff0000;\"><strong><br \/>\nStefan Wyszy\u0144ski<\/strong> <\/span>urodzi\u0142 si\u0119 3 sierpnia 1901 r. w Zuzeli na Bugiem, w zaborze rosyjskim, na granicy Mazowsza i Podlasia. By\u0142 dzieckiem Stanis\u0142awa (1876-1970) i Julianny Wyszy\u0144skich (1877-1910) z domu Karp. Jego ojciec nie posiada\u0142 gospodarstwa, lecz by\u0142 organist\u0105. Przysz\u0142y kardyna\u0142 wychowywa\u0142 si\u0119 na historycznym pograniczu Korony i Litwy. Mama by\u0142a czcicielk\u0105 Matki Bo\u017cej Ostrobramskiej a ojciec Cz\u0119stochowskiej. W domu silnie kultywowano tradycje patriotyczne. Wyniesiona ze \u015brodowiska rodzinnego religijno\u015b\u0107 Stefana Wyszy\u0144skiego by\u0142a do\u015b\u0107 prosta ale zarazem pog\u0142\u0119biona, z silna nut\u0105 maryjn\u0105. Ta w\u0142a\u015bnie nuta uleg\u0142a wzmocnieniu po \u015bmierci Matki, kt\u00f3ra zmar\u0142a 31 pa\u017adziernika 1910 r. (mia\u0142 wtedy 11 lat).<br \/>\nStefan wychowa\u0142 si\u0119 w licznej rodzinie, gdy\u017c jego ojciec wszed\u0142 w drugi zwi\u0105zek ma\u0142\u017ce\u0144ski. Mia\u0142 dobre relacje z swoim przyrodnim rodze\u0144stwem. Doskona\u0142y kontakt mia\u0142 z ojcem. Wraz z nim uczestniczy\u0142 w nielegalnej restauracji mogi\u0142 powsta\u0144c\u00f3w styczniowych. Stefan jako kilkulatek zosta\u0142 ministrantem.<br \/>\nW 1912 r. zda\u0142 egzaminy i rozpocz\u0105\u0142 nauk\u0119 w Warszawie w prywatnym gimnazjum Wojciecha G\u00f3rskiego z polskim j\u0119zykiem wyk\u0142adowym. Od wrze\u015bnia 1915 r. z powodu frontu niemiecko-rosyjskiego, oddzielaj\u0105cego drog\u0119 do Warszawy, kontynuowa\u0142 nauk\u0119 w \u0141om\u017cy w M\u0119skiej Szkole Handlowej im. Piotra Skargi. Podczas nauki w \u0141om\u017cy wst\u0105pi\u0142 do powstaj\u0105cego harcerstwa, co mia\u0142o du\u017ce znaczenie dla jego dalszej formacji. Nale\u017ca\u0142 do \u015brodowiska skautowego, kt\u00f3re zainicjowa\u0142 w \u0141om\u017cy ks. Kazimierz Lutos\u0142awski, jedna z bardziej wybitnych postaci Ko\u015bcio\u0142a warszawskiego, tw\u00f3rca Krzy\u017ca Harcerskiego, a po uzyskaniu niepodleg\u0142o\u015bci pose\u0142 z ramienia Narodowej Demokracji.<strong>\u00a0\u00a0<\/strong><\/p>\n<p><strong>Powo\u0142anie kap\u0142a\u0144skie<br \/>\n<\/strong>Kiedy zdecydowa\u0142 si\u0119 na kap\u0142a\u0144stwo, wybra\u0142 nie diecezjalne seminarium w P\u0142ocku, o \u015brednim poziomie, lecz ambitniej \u2013 seminarium we W\u0142oc\u0142awku. W latach 1917 \u2013 1920 ucz\u0119szcza\u0142 do liceum Piusa X we W\u0142oc\u0142awku, po kt\u00f3rego uko\u0144czeniu wst\u0105pi\u0142 do tamtejszego Wy\u017cszego Seminarium Duchownego.<br \/>\nBy\u0142 cz\u0142owiekiem s\u0142abego zdrowia. Mia\u0142 chore p\u0142uca, a kiedy ko\u0144czy\u0142 seminarium, w\u0105tpiono, czy warto go wy\u015bwi\u0119ca\u0107. Zosta\u0142 wy\u015bwi\u0119cony indywidualnie na mocy specjalnej decyzji biskupa 3 sierpnia 1924 r. w katedrze we W\u0142oc\u0142awku z r\u0105k bp. Wojciecha Owczarka. Msz\u0119 prymicyjn\u0105 odprawi\u0142 5 sierpnia 1924 r. na Jasnej G\u00f3rze, by, jak pisa\u0142, \u201emie\u0107 Matk\u0119, kt\u00f3ra nie umiera\u201d.<\/p>\n<p><strong>Duszpasterz robotnik\u00f3w, promotor katolickiej nauki spo\u0142ecznej<br \/>\n<\/strong>Po \u015bwi\u0119ceniach przez rok pracowa\u0142 jako wikariusz przy parafii katedralnej we W\u0142oc\u0142awku, by\u0142 prefektem w szkole przy fabryce celulozy oraz redaktorem dziennika diecezjalnego \u201eS\u0142owo Kujawskie\u201d.<br \/>\nW 1925 r. rozpocz\u0105\u0142 studia na KUL z zakresu prawa kanonicznego i katolickiej nauki spo\u0142ecznej, zako\u0144czone w 1929 r. obron\u0105 doktoratu nt. Prawa Ko\u015bcio\u0142a do szko\u0142y. By\u0142 uczniem ks. prof. Antoniego Szyma\u0144skiego, jednego z najwybitniejszych polskich przedstawicieli katolickiej nauki spo\u0142ecznej. W Lublinie pozna\u0142 te\u017c ks. W\u0142adys\u0142awa Korni\u0142owicza, kt\u00f3ry mia\u0142 du\u017cy wp\u0142yw na jego formacj\u0119 duchow\u0105 i intelektualn\u0105.<br \/>\nPodczas pobytu na KUL zwi\u0105za\u0142 si\u0119 ze \u015brodowiskiem \u201eOdrodzenia\u201d (ruchu m\u0142odej inteligencji katolickiej). Dzi\u0119ki \u201eOdrodzeniu\u201d zbli\u017cy\u0142 si\u0119 do katolickiej inteligencji, z kt\u00f3r\u0105 bliskie kontakty utrzymywa\u0107 b\u0119dzie do \u015bmierci.<br \/>\nW 1929 r. uzyska\u0142 stypendium naukowe, dzi\u0119ki kt\u00f3remu odwiedzi\u0142 specjalizuj\u0105ce si\u0119 w katolickiej nauce spo\u0142ecznej o\u015brodki naukowe w Austrii, W\u0142oszech, Francji, Belgii, Holandii i Niemczech. Zapoznawa\u0142 si\u0119 m.in. z dzia\u0142alno\u015bci\u0105 Akcji Katolickiej, chrze\u015bcija\u0144skich stowarzysze\u0144 i zwi\u0105zk\u00f3w zawodowych. Owocem tej podr\u00f3\u017cy by\u0142a publikacja \u201eG\u0142\u00f3wne typy Akcji Katolickiej za granic\u0105\u201d (Lublin 1931).<br \/>\nPo powrocie w 1930 r. do W\u0142oc\u0142awka by\u0142 wyk\u0142adowc\u0105 w seminarium duchownym, prowadzi\u0142 Chrze\u015bcija\u0144ski Uniwersytet Robotniczy, by\u0142 asystentem ko\u015bcielnym Chrze\u015bcija\u0144skich Zwi\u0105zk\u00f3w Zawodowych oraz publicyst\u0105, a od 1932 r. redaktorem naczelnym \u201eAteneum Kap\u0142a\u0144skiego\u201d. Nada\u0142 mu specyficzny, spo\u0142eczno-kulturalny profil. By\u0142o to w\u00f3wczas pismo nowatorskie, a jednocze\u015bnie zajmuj\u0105ce stanowisko w pe\u0142ni zgodne z doktryn\u0105 Ko\u015bcio\u0142a \u2013 do czego Wyszy\u0144ski przez cale \u017cycie przywi\u0105zywa\u0142 du\u017c\u0105 wag\u0119. Prowadzi\u0142 te\u017c wyk\u0142ady z ekonomii spo\u0142ecznej w Seminarium Duchownym we W\u0142oc\u0142awku. W latach trzydziestych ks. Wyszy\u0144ski wyda\u0142 ksi\u0105\u017ck\u0119 pt. \u201eInteligencja w stra\u017cy przedniej komunizmu\u201d.<br \/>\nDzia\u0142a\u0142 r\u00f3wnie\u017c w Akcji Katolickiej, organizowa\u0142 m.in. Katolicki Zwi\u0105zek M\u0142odzie\u017cy Robotniczej, sie\u0107 Katolickich Uniwersytet\u00f3w Ludowych. Zaanga\u017cowanie spo\u0142eczne ks. Wyszy\u0144skiego dostrzeg\u0142 kard. August Hlond, kt\u00f3ry w 1937 r. zaprosi\u0142 go do Rady Spo\u0142ecznej przy Prymasie Polski.<br \/>\nA wydana po wojnie jego ksi\u0105\u017cka nosi tytu\u0142 \u201eDuch pracy ludzkiej\u201d. Jest to jasny i g\u0142\u0119boki, wyk\u0142ad teologii pracy, kt\u00f3ry to temat ten przez lata by\u0142 obecny w jego my\u015bli i homiletyce. Za\u0142o\u017cyciel Opus Dei \u015bw. Josemaria Escriva de Balaguer zna\u0142 t\u0119 ksi\u0105\u017ck\u0119 i poleca\u0142 j\u0105 jako lektur\u0119 duchow\u0105 swoim duchowym podopiecznym. Z jego inspiracji w 1957 r. ksi\u0105\u017cka ta zosta\u0142a przet\u0142umaczona na wi\u0119kszo\u015b\u0107 j\u0119zyk\u00f3w europejskich.<\/p>\n<p><strong>Zwi\u0105zki z Dzie\u0142em Lasek<br \/>\n<\/strong>Po wybuchu drugiej wojny \u015bwiatowej przewiduj\u0105c, \u017ce mo\u017ce by\u0107 poszukiwany przez gestapo opu\u015bci\u0142 W\u0142oc\u0142awek. Od lipca 1940 r. by\u0142 kapelanem niewidomych dzieci oraz si\u00f3str franciszkanek s\u0142u\u017cebnic krzy\u017ca w Laskach, kt\u00f3re znalaz\u0142y schronienie w Koz\u0142\u00f3wce na Lubelszczy\u017anie, a potem w \u017bu\u0142owie. W pa\u017adzierniku 1940 zagro\u017cony chorob\u0105 p\u0142uc wyjecha\u0142 na kr\u00f3tko do Zakopanego, gdzie w przypadkowej \u0142apance zosta\u0142 aresztowany. Uda\u0142o mu si\u0119 uciec zanim ustalono jego to\u017csamo\u015b\u0107.<br \/>\nW czerwcu 1942 r. przyjecha\u0142 do Lasek pod Warszaw\u0105 i jako kapelan zak\u0142adu dla niewidomych zosta\u0142 do zako\u0144czenia wojny. W Warszawie prowadzi\u0142 wyk\u0142ady na tajnych uniwersytetach. W 1944 r. przyst\u0105pi\u0142 do Armii Krajowej, nosi\u0142 pseudonim Radwan II. W czasie powstania warszawskiego by\u0142 kapelanem w szpitalu powsta\u0144czym w Laskach. W marcu 1945 r. powr\u00f3ci\u0142 do W\u0142oc\u0142awka, gdzie by\u0142 rektorem Seminarium Duchownego, kt\u00f3re wymaga\u0142o odbudowy. Jednocze\u015bnie z powodu braku ksi\u0119\u017cy, wymordowanych przez Niemc\u00f3w sprawowa\u0142 funkcj\u0119 proboszcza w dw\u00f3ch parafiach oraz redaktorem \u201e\u0141adu Bo\u017cego\u201d i \u201eAteneum Kap\u0142a\u0144skiego\u201d.<\/p>\n<p><strong>Biskup Lubelski<br \/>\n<\/strong>Biskupem zosta\u0142 mianowany 4 marca 1946 r. Wspomina\u0142, \u017ce nominacj\u0105 by\u0142 \u201emocno przestraszony\u201d. Poprosi\u0142 o czas do namys\u0142u, ale szybko przekona\u0142y go s\u0142owa kard. Hlonda, \u017ce papie\u017cowi si\u0119 nie odmawia. Sakr\u0119 biskupi\u0105 przyj\u0105\u0142 12 maja 1946 r. na Jasnej G\u00f3rze, a ingres do katedry w Lublinie odby\u0142 26 maja. Porz\u0105dkowa\u0142 zniszczon\u0105 przez okupacj\u0119 diecezj\u0119, wizytowa\u0142 parafie, wyg\u0142asza\u0142 liczne kazania, szczeg\u00f3lnie w dzielnicach robotniczych Lublina, prowadzi\u0142 rekolekcje, organizowa\u0142 kursy katechetyczne, wyk\u0142ada\u0142 na Katolickim Uniwersytecie Lubelskim i opiekowa\u0142 si\u0119 nim jako wielki Kanclerz.<br \/>\n22 pa\u017adziernika 1948 r. niespodziewanie zmar\u0142 kard. August Hlond. Przed \u015bmierci\u0105 jako swego nast\u0119pc\u0119 wskaza\u0142 bp Stefana Wyszy\u0144skiego. Pius XII decyzj\u0119 o nominacji podj\u0105\u0142 ju\u017c 12 listopada, a 16 listopada podpisa\u0142 bull\u0119, w kt\u00f3rej powo\u0142ywa\u0142 Wyszy\u0144skiego na arcybiskupa gnie\u017anie\u0144skiego i warszawskiego, prymasa Polski. Jednak wedle opinii Konferencji Episkopatu Polski, funkcje prymasa Polski, jako metropolity gnie\u017anie\u0144skiego oraz arcybiskupa warszawskiego powinny zosta\u0107 rozdzielone, ale papie\u017c si\u0119 z tym nie zgodzi\u0142.<\/p>\n<p><strong>Prymas Polski<br \/>\n<\/strong>Ingres do katedry w Gnie\u017anie nowy prymas odby\u0142 2 lutego, a 6 lutego 1949 r. do prokatedry w Warszawie (katedra \u015bw. Jana le\u017ca\u0142a jeszcze w gruzach). W li\u015bcie, jaki z okazji ingresu og\u0142osi\u0142 do wiernych obu archidiecezji pisa\u0142: \u201eNie jestem ci ja ani politykiem, ani dyplomat\u0105, nie jestem dzia\u0142aczem ani reformatorem. Jestem natomiast ojcem waszym duchowym, pasterzem i biskupem dusz waszych, jestem aposto\u0142em Jezusa Chrystusa\u201d.<br \/>\nStefan Wyszy\u0144ski zosta\u0142 wyposa\u017cony w specjalne pe\u0142nomocnictwa Stolicy Apostolskiej, otrzymane w spu\u015bci\u017anie po kard. Hlondzie, Dawa\u0142y mu one uprawnienia legata papieskiego wobec ca\u0142ego Ko\u015bcio\u0142a w Polsce oraz jurysdykcj\u0119 nad katolickimi obrz\u0105dkami wschodnimi w Polsce.<br \/>\nKomuni\u015bci po sfa\u0142szowaniu wybor\u00f3w w styczniu 1947 r. i wyeliminowaniu opozycji politycznej jak i antykomunistycznego podziemia, rozpocz\u0119li intensywn\u0105 walk\u0119 z Ko\u015bcio\u0142em. Jej celem by\u0142a eliminacja Ko\u015bcio\u0142a ze sfery publicznej oraz podporz\u0105dkowanie go pa\u0144stwu. Pa\u0144stwo na pocz\u0105tku 1950 r. przej\u0119\u0142o Caritas, ko\u015bcieln\u0105 ziemi\u0119 i du\u017c\u0105 cz\u0119\u015b\u0107 nieruchomo\u015bci. Zamykano prowadzonych przez Ko\u015bci\u00f3\u0142 szko\u0142y, szpitale, wydawnictwa, nast\u0105pi\u0142a likwidacja stowarzysze\u0144 katolickich. Prymas, wobec tej nowej sytuacji pr\u00f3bowa\u0142 wi\u0119c szuka\u0107 dla Ko\u015bcio\u0142a \u201emodus vivendi\u201d z w\u0142adz\u0105. Uwa\u017ca\u0142, \u017ce skoro komuni\u015bci przej\u0119li rz\u0105dy w Polsce z uwagi na warunki geopolityczne, to musz\u0105 je przez jaki\u015b czas sprawowa\u0107. St\u0105d zgodzi\u0142 si\u0119 na \u201ePorozumienie\u201d z 1950 r., kt\u00f3re na okres kilku lat szalej\u0105cego stalinizmu wyhamowa\u0142o frontalny atak na Ko\u015bci\u00f3\u0142. W zamian za pot\u0119pienie wci\u0105\u017c walcz\u0105cych oddzia\u0142\u00f3w partyzanckich oraz uznanie nowej granicy zachodniej uzyska\u0142 zgod\u0119 na nauk\u0119 religii w szko\u0142ach i dzia\u0142alno\u015b\u0107 KUL<br \/>\nJednak prymasowska gotowo\u015b\u0107 do porozumienia mia\u0142a \u015bci\u015ble zakre\u015blone granice. We wrze\u015bniu 1953 r. wobec pr\u00f3by przej\u0119cia przez komunist\u00f3w kontroli nad nominacjami w Ko\u015bciele, a wi\u0119c ubezw\u0142asnowolnienia biskup\u00f3w, prymas Wyszy\u0144ski (od stycznia kardyna\u0142) wypowiedzia\u0142 kategoryczne: \u201eNon possumus!\u201d \u2013 \u015bwiadomie nara\u017caj\u0105c si\u0119 na uwi\u0119zienie. W maju 1953 roku prymas w imieniu Episkopatu napisa\u0142 do Boles\u0142awa Bieruta memoria\u0142, ko\u0144cz\u0105cy si\u0119 s\u0142owami: \u201egdyby postawiono nas wobec alternatywy: albo poddanie jurysdykcji ko\u015bcielnej jako narz\u0119dzia w\u0142adzy \u015bwieckiej, albo osobista ofiara, waha\u0107 si\u0119 nie b\u0119dziemy. P\u00f3jdziemy za g\u0142osem apostolskiego naszego powo\u0142ania i kap\u0142a\u0144skiego sumienia, id\u0105c z wewn\u0119trznym pokojem i \u015bwiadomo\u015bci\u0105, \u017ce do prze\u015bladowania nie dali\u015bmy powodu, \u017ce cierpienie staje si\u0119 naszym udzia\u0142em nie za co innego, lecz tylko za spraw\u0119 Chrystusa i Chrystusowego Ko\u015bcio\u0142a. Rzeczy Bo\u017cych na o\u0142tarzach Cezara sk\u0142ada\u0107 nam nie wolno. Non possumus\u201d.<br \/>\nTrzy miesi\u0105ce p\u00f3\u017aniej, 25 wrze\u015bnia 1953 r. prymas Wyszy\u0144ski zosta\u0142 aresztowany. Bez aktu oskar\u017cenia, procesu i wyroku by\u0142 wi\u0119ziony przez trzy lata \u2013 do 28 pa\u017adziernika 1956 r. Do jesieni 1956 r. przebywa\u0142 w kolejnych miejscach odosobnienia: Rywa\u0142dzie Kr\u00f3lewskim (do 12 pa\u017adziernika 1953 r.), Stoczku Warmi\u0144skim (do 6 pa\u017adziernika 1954 r.), Prudniku \u015al\u0105skim (do 26 pa\u017adziernika 1955 r.) oraz Koma\u0144czy (do 28 pa\u017adziernika 1956 r.).<\/p>\n<p><strong>Wielka Nowenna<br \/>\n<\/strong>Podczas pobytu prymasa w Koma\u0144czy powsta\u0142 tekst Jasnog\u00f3rskich \u015alub\u00f3w Narodu Polskiego, pomy\u015blanych jako odnowienie \u015blub\u00f3w lwowskich Jana Kazimierza z czas\u00f3w Potopu szwedzkiego. Poniewa\u017c kardyna\u0142 Wyszy\u0144ski wci\u0105\u017c by\u0142 wi\u0119ziony, tekst \u015blub\u00f3w odczyta\u0142 bp Micha\u0142 Klepacz 26 sierpnia 1956 r., w obecno\u015bci blisko miliona pielgrzym\u00f3w, przyby\u0142ych na Jasn\u0105 G\u00f3r\u0119.<br \/>\nPo odzyskaniu wolno\u015bci 28 pa\u017adziernika 1956 r. prymas, w latach 1957 \u2013 1966 prowadzi\u0142 Wielk\u0105 Nowenn\u0119, kt\u00f3ra mia\u0142a przygotowa\u0107 nar\u00f3d na obchody Tysi\u0105clecia Chrztu Polski. By\u0142y one szeroko zakrojonymi projektami pedagogiki spo\u0142ecznej, moralnej przemiany narodu, przy okazji wymierzonymi w system komunistyczny jako \u017ar\u00f3d\u0142o spo\u0142ecznej degeneracji moralnej. Z jego inicjatywy rozpocz\u0119\u0142o si\u0119 Nawiedzenie, czyli w\u0119dr\u00f3wka Matki Bo\u017cej w kopii Obrazu Jasnog\u00f3rskiego po wszystkich polskich parafiach. Nowenna zako\u0144czy\u0142a si\u0119 3 maja 1966 r. Aktem Oddania Narodu Matce Bo\u017cej za wolno\u015b\u0107 Ko\u015bcio\u0142a w Polsce i na \u015bwiecie. Te wielkie projekty duszpasterskie kard. Wyszy\u0144skiego \u2013 realizowane w pa\u0144stwie komunistycznym \u2013 robi\u0142y w Ko\u015bciele powszechnym gigantyczne wra\u017cenie. Wi\u0119kszo\u015b\u0107 hierarchii patrzy\u0142a na to ze zdumieniem i podziwem. Zyska\u0142 na tym Ko\u015bci\u00f3\u0142 w Polsce, staj\u0105c si\u0119 w tym czasie istotnym punktem odniesienia dla Ko\u015bcio\u0142a powszechnego.<\/p>\n<p><strong>Udzia\u0142 w Soborze Watyka\u0144skim II<br \/>\n<\/strong>W latach 1962-1965 kard. Wyszy\u0144ski bra\u0142 czynny udzia\u0142 w pracach Soboru Watyka\u0144skiego II, najpierw w jego przygotowaniu, a potem w obradach wszystkich czterech Sesji. Podczas pierwszej sesji soborowej zosta\u0142 mianowany przez papie\u017ca Jana XXIII cz\u0142onkiem Sekretariatu do Spraw Nadzwyczajnych, a p\u00f3\u017aniej przez kolejnego papie\u017ca Paw\u0142a VI, cz\u0142onkiem Prezydium soboru. Wielokrotnie przemawia\u0142 podczas spotka\u0144 plenarnych, sk\u0142ada\u0142 pisemne memoria\u0142y, prowadzi\u0142 wyk\u0142ady czy udziela\u0142 wywiad\u00f3w. W nurt prac soborowych w\u0142\u0105czy\u0142 ca\u0142y Ko\u015bci\u00f3\u0142 w Polsce, inicjuj\u0105c w nim modlitwy w intencji Soboru m.in.: Czuwania Soborowe z Maryj\u0105 Jasnog\u00f3rsk\u0105. Biskupi polscy z\u0142o\u017cyli na III Sesji Soboru specjalny memoria\u0142 do Ojca \u015awi\u0119tego z pro\u015bb\u0105 o og\u0142oszenie Maryi Matk\u0105 Ko\u015bcio\u0142a i oddanie Jej \u015bwiata. Dokona\u0142o si\u0119 to dnia 21 listopada 1964 roku, na zako\u0144czenie III Sesji. Papie\u017c Pawe\u0142 VI, ku wielkiej rado\u015bci wszystkich biskup\u00f3w og\u0142osi\u0142 Maryj\u0119 Matk\u0105 Ko\u015bcio\u0142a.<\/p>\n<p><strong>Or\u0119dzie do biskup\u00f3w niemieckich<br \/>\n<\/strong>Kardyna\u0142 Wyszy\u0144ski by\u0142 te\u017c jednym z inicjator\u00f3w s\u0142ynnego or\u0119dzia biskup\u00f3w polskich i biskup\u00f3w niemieckich, co spotka\u0142o si\u0119 z ostr\u0105 reakcj\u0105 w\u0142adz komunistycznych. Na zako\u0144czenie obrad Soboru Watyka\u0144skiego II, w przyj\u0119tym przez Prymasa li\u015bcie biskup\u00f3w polskich do niemieckich, napisano m. in.: \u201eW tym og\u00f3lnochrze\u015bcija\u0144skim, a zarazem bardzo humanitarnym duchu wyci\u0105gamy do Was nasze d\u0142onie z \u0142aw ko\u0144cz\u0105cego si\u0119 Soboru, udzielamy przebaczenia i prosimy o przebaczenie. A je\u015bli wy \u2013 biskupi niemieccy i ojcowie soborowi \u2013 ujmiecie po bratersku nasze wyci\u0105gni\u0119te d\u0142onie, w\u00f3wczas dopiero b\u0119dziemy mogli ze spokojnym sumieniem obchodzi\u0107 w Polsce nasze Milenium w spos\u00f3b ca\u0142kowicie chrze\u015bcija\u0144ski.\u201d S\u0142owa te spotka\u0142y si\u0119 z niemal histeryczn\u0105 nagonk\u0105 ze strony w\u0142adz komunistycznych.<br \/>\nW 1972 dzi\u0119ki jego d\u0142ugoletnim staraniom Stolica Apostolska ostatecznie potwierdzi\u0142a polskie diecezje na ziemiach zachodnich i p\u00f3\u0142nocnych oraz uzna\u0142a granice zachodnie PRL.<br \/>\nWe wrze\u015bniu 1978 r. kard. Wyszy\u0144ski odby\u0142 podr\u00f3\u017c do Niemiec, kt\u00f3ra sta\u0142a si\u0119 znakiem chrze\u015bcija\u0144skiego przebaczenia oraz pragnienia jedno\u015bci i pokoju. W Fuldzie delegacja polska spotka\u0142a si\u0119 z niemieck\u0105 Konferencj\u0105 Episkopatu. Ponadto odwiedzi\u0142a: Koloni\u0119, Neviges, Monachium, Dachau, Frankfurt, Moguncj\u0119. \u201eEuropa \u2013 m\u00f3wi\u0142 w\u00f3wczas \u2013 musi dostrzec ponownie, \u017ce jest ona nowym Betlejem \u2013 dla \u015bwiata, dla lud\u00f3w i narod\u00f3w. (\u2026) W\u015br\u00f3d wsp\u00f3\u0142czesnych wojen i wie\u015bci o wojnach, Europa \u2013 kt\u00f3ra otrzyma\u0142a przez Ko\u015bci\u00f3\u0142 powszechny pok\u00f3j, jakiego \u015bwiat nie jest zdolny da\u0107, nie mo\u017ce by\u0107 ci\u0105gle fabryk\u0105 amunicji, mi\u0119dzynarodowym targowiskiem i dostawc\u0105 broni, nie mo\u017ce nadal by\u0107 poligonem dla do\u015bwiadcze\u0144 wojennych, czy te\u017c miejscem samoudr\u0119ki lud\u00f3w i narod\u00f3w.\u201d<\/p>\n<p><strong>Krytyk watyka\u0144skiej Ostpolitik i promotor wiary na Wschodzie<br \/>\n<\/strong>Kard. Wyszy\u0144ski nie zgadza\u0142 si\u0119 z watyka\u0144sk\u0105 Ostpolitik \u2013 polityk\u0105 wobec pa\u0144stw bloku komunistycznego \u2013 i w zwi\u0105zku z tym mia\u0142 trudne relacje z kolejnymi sekretarzami stanu Stolicy Apostolskiej, pocz\u0105wszy od Domenico Tardiniego, a sko\u0144czywszy na kard. Jean-Marie Villotcie z czas\u00f3w Paw\u0142a VI.<br \/>\nKard. Wyszy\u0144ski by\u0142 \u201e\u0142\u0105cznikiem ze Stolic\u0105 Apostolsk\u0105 dla ksi\u0119\u017cy pracuj\u0105cych za wschodni\u0105 granic\u0105 Polski\u201d. Notatki Prymasa ujawniaj\u0105, \u017ce w 1957 r. otrzyma\u0142 od papie\u017ca Piusa XII szczeg\u00f3lne uprawnienia \u201efacultates specialissime\u201d dotycz\u0105ce katolik\u00f3w obrz\u0105dku \u0142aci\u0144skiego \u017cyj\u0105cych na terenie Zwi\u0105zku Sowieckiego. Uprawnienia nadzwyczajne nadane \u201e pisemnie albo ustnie\u201d (aut scripto aut ore tributae) by\u0142y Prymasowi Polski przed\u0142u\u017cane przez kolejnych papie\u017cy. W pa\u017adzierniku 1978 r. przed audiencj\u0105 u Jana Paw\u0142a II zapisuje, \u017ce poprosi go o konfirmacj\u0119 uprawnie\u0144 z 1957 r., gdy\u017c jego zdaniem \u201es\u0105 one jeszcze potrzebne\u201d. 26 pa\u017adziernika 1978 r. zosta\u0142y mu one przyznane.<br \/>\nDokonywa\u0142 tajnych \u015bwi\u0119ce\u0144 duchownym potajemnie dzia\u0142aj\u0105cym w ZSRR. 30 czerwca 1967 roku udzieli\u0142 sakry biskupiej ks. Janowi Cie\u0144skiemu, w prywatnej kaplicy prymas\u00f3w Polski w Gnie\u017anie. Tajnie wy\u015bwi\u0119cony biskup mia\u0142 uprawnienia sufragana (biskupa pomocniczego) archidiecezji lwowskiej. Kolejn\u0105 wa\u017cn\u0105 postaci\u0105 z sowieckiej Ukrainy, kt\u00f3ra mia\u0142a kontakt z kard. Wyszy\u0144skim by\u0142 prof. Henryk Mosing. 20 wrze\u015bnia 1961 r. w Warszawie otrzyma\u0142 z r\u0105k kard. Wyszy\u0144skiego \u015bwi\u0119cenia diakonatu, natomiast w nocy 21 pa\u017adziernika 1961 r. \u015bwi\u0119cenia kap\u0142a\u0144skie. Odby\u0142o si\u0119 to w \u015bcis\u0142ej tajemnicy w klasztorze ss. S\u0142u\u017cebniczek Krzy\u017ca w Laskach pod Warszaw\u0105. Ks. Mosing przez wiele lat dzia\u0142a\u0142 jako ksi\u0105dz, nielegalnie, docieraj\u0105c do najdalszych zak\u0105tk\u00f3w Zwi\u0105zku Sowieckiego. Prymas Wyszy\u0144ski wy\u015bwi\u0119ci\u0142 tak\u017ce szereg innych pa\u0142anow pracuj\u0105cych w ZSRR, ale ich liczby dok\u0142adnie nie znamy.<br \/>\nWa\u017cn\u0105 cz\u0119\u015bci\u0105 pos\u0142ugi Prymasa na Wschodzie by\u0142o zbieranie informacji o sytuacji Ko\u015bcio\u0142a na tych terenach i przekazywanie ich do Watykanu. Informatorami Wyszy\u0144skiego byli zar\u00f3wno duchowni, jak i ludzie \u015bwieccy. Jednym z wa\u017cnych rozm\u00f3wc\u00f3w Ks. Prymasa by\u0142 ks. W\u0142adys\u0142aw Bukowi\u0144ski, \u0142agiernik i kap\u0142an pracuj\u0105cy w Kazachstanie kt\u00f3ry od 1965 r. mia\u0142 mo\u017cliwo\u015b\u0107 odwiedzania rodziny w Polsce.<\/p>\n<p><strong>Obchody Millennium<br \/>\n<\/strong>Prymas przewodniczy\u0142 wszystkim uroczysto\u015bciom milenijnym 1966 r., przemierzaj\u0105c wraz z ca\u0142ym Episkopatem \u201eSzlak Tysi\u0105clecia\u201d w wielkim dzi\u0119kczynieniu Narodu i Ko\u015bcio\u0142a. Na wszystkich stacjach milenijnych g\u0142osi\u0142 s\u0142owo Bo\u017ce. Prze\u015bladowanie Ko\u015bcio\u0142a jednak nie ustawa\u0142o. W\u0142adze przypu\u015bci\u0142y niezwykle ostry atak na osob\u0119 Kardyna\u0142a Prymasa. Nie zgodzi\u0142y si\u0119 na przyjazd Ojca \u015awi\u0119tego Paw\u0142a VI na Jasn\u0105 G\u00f3r\u0119.<br \/>\nPunktem kulminacyjnym uroczysto\u015bci milenijnych by\u0142o \u015bwi\u0119to Kr\u00f3lowej Polski, 3 maja 1966 r. W tym dniu Prymas wraz z ca\u0142ym Episkopatem, wobec kilkuset tysi\u0119cznej rzeszy wiernych zebranych u st\u00f3p Jasnej G\u00f3ry, dokona\u0142 wiekopomnego Aktu ca\u0142kowitego Oddania Polski w niewol\u0119 Matce Chrystusowej za wolno\u015b\u0107 Ko\u015bcio\u0142a w Ojczy\u017anie i w \u015bwiecie. Z punktu widzenia politycznego sukcesem Prymasa by\u0142o przede wszystkim zachowanie samodzielno\u015bci i autonomii Ko\u015bcio\u0142a katolickiego od pa\u0144stwa komunistycznego \u2013 dzi\u0119ki czemu uda\u0142o si\u0119 obroni\u0107 resztki samodzielno\u015bci spo\u0142ecznej Polak\u00f3w.<br \/>\n5 wrze\u015bnia 1971 r. wype\u0142niaj\u0105c milenijne zobowi\u0105zania Narodu, w poczuciu wsp\u00f3\u0142odpowiedzialno\u015bci za ca\u0142y Ko\u015bci\u00f3\u0142, Prymas Wyszy\u0144ski dokona\u0142 wraz ze wszystkimi biskupami polskimi na Jasnej G\u00f3rze Aktu oddania Maryi, Matce Ko\u015bcio\u0142a ca\u0142ej rodziny ludzkiej.<br \/>\nPrymas Wyszy\u0144ski by\u0142 tw\u00f3rc\u0105 oryginalnej koncepcji \u201eteologii narodu\u201d. Koncepcja ta wychodzi z za\u0142o\u017cenia, \u017ce nar\u00f3d jest wsp\u00f3lnot\u0105 naturaln\u0105, r\u00f3wnie naturaln\u0105 co rodzina, co wi\u0119cej, \u017ce jest doczesnym no\u015bnikiem pewnych warto\u015bci nadprzyrodzonych. Nar\u00f3d kard. Wyszy\u0144ski rozumia\u0142 jako pewien spos\u00f3b egzystencji cz\u0142owieka \u2013 tak\u017ce w sferze nadprzyrodzonej \u2013 zgodnie z teologiczn\u0105 prawd\u0105, \u017ce \u0142aska buduje na naturze.<br \/>\nW pa\u017adzierniku 1971 r. uda\u0142 si\u0119 do Rzymu na kolejny Synod Biskup\u00f3w oraz uczestniczy\u0142 w pracach Kongregacji ds. Kap\u0142an\u00f3w i Papieskiej Komisji Rewizji Prawa Kanonicznego. Wraz z dwutysi\u0119czn\u0105 rzesz\u0105 pielgrzym\u00f3w z kraju uczestniczy\u0142 w Bazylice \u015bwi\u0119tego Piotra w Rzymie w uroczysto\u015bciach beatyfikacyjnych ojca Maksymiliana Kolbego.<br \/>\n26 sierpnia 1978 r. bra\u0142 udzia\u0142 w konklawe, kt\u00f3re wybra\u0142o papie\u017ca Jana Paw\u0142a I, a 16 pa\u017adziernika 1978 w konklawe, kt\u00f3re wybra\u0142o kardyna\u0142a Karola Wojty\u0142\u0119 na papie\u017ca.<br \/>\nW dniach 2\u201310 czerwca 1979 przyj\u0105\u0142 Ojca \u015bwi\u0119tego Jana Paw\u0142a II w Polsce, podczas jego pierwszej pielgrzymki do Ojczyzny.<\/p>\n<p><strong>Obro\u0144ca praw cz\u0142owieka<br \/>\n<\/strong>Podczas wydarze\u0144 marcowych 1968 r. Prymas zdecydowanie wyst\u0119powa\u0142 w obronie podstawowych praw cz\u0142owieka i Narodu. Wo\u0142a\u0142: \u201eNie wolno bi\u0107! Chrze\u015bcijanin nigdy na nikogo r\u0119ki nie podnosi, bo w ka\u017cdym widzi godno\u015b\u0107 dzieci\u0119cia Bo\u017cego. Ugodzony mo\u017ce wydawa\u0107 si\u0119 sponiewieranym. Ale bardziej poniewiera si\u0119 ten, kt\u00f3ry uderza, ni\u017c ten, kt\u00f3ry jest uderzany\u2026 Najmilsi, przezwyci\u0119\u017cajcie nienawi\u015b\u0107 mi\u0142o\u015bci\u0105.\u201d<br \/>\nPo tragicznych wypadkach na Wybrze\u017cu w grudniu 1970 r. Prymas wypowiedzia\u0142 wstrz\u0105saj\u0105ce s\u0142owa: \u201eWasz b\u00f3l jest naszym wsp\u00f3lnym b\u00f3lem. Gdybym m\u00f3g\u0142 w poczuciu sprawiedliwo\u015bci i \u0142adu, wzi\u0105\u0107 na siebie ca\u0142\u0105 odpowiedzialno\u015b\u0107 za to, co si\u0119 ostatnio sta\u0142o w Polsce, wzi\u0105\u0142bym jak najch\u0119tniej\u2026 Bo w Narodzie musi by\u0107 ofiara okupuj\u0105ca winy Narodu\u2026 Jak\u017cebym chcia\u0142 w tej chwili \u2013 gdyby ta ofiara przyj\u0119ta by\u0142a \u2013 os\u0142oni\u0107 wszystkich przed b\u00f3lem, przed m\u0119k\u0105.\u201d Sw\u0105 nadziej\u0119 na przemiany Prymas wi\u0105za\u0142 z faktem, \u017ce komunizm jest systemem tak bardzo zdegenerowanym, \u017ce \u2013 pr\u0119dzej czy p\u00f3\u017aniej \u2013 zapadnie si\u0119. Uwa\u017ca\u0142, \u017ce na ten w\u0142a\u015bnie moment trzeba si\u0119 przygotowa\u0107, nie nara\u017caj\u0105c si\u0119 na zbytnie straty lecz wychowuj\u0105c ludzi do tego, by wewn\u0119trznie byli wolni.<br \/>\nPo wybuchu strajk\u00f3w w sierpniu 1980 r. na Wybrze\u017cu Prymas spotyka si\u0119 z Gierkiem, a p\u00f3\u017aniej 26 sierpnia wyg\u0142asza kazanie na Jasnej G\u00f3rze. Prymas m\u00f3wi\u0142 w nim o potrzebie wolno\u015bci zwi\u0105zkowej oraz o konieczno\u015bci upominania si\u0119 o swobody spo\u0142eczne. Zainicjowa\u0142 przeze\u0144 stanowisko Rady G\u0142\u00f3wnej Episkopatu, kt\u00f3ra wyda\u0142a 28 sierpnia o\u015bwiadczenie jednoznacznie popieraj\u0105ce postulaty strajkuj\u0105cych. Do Stoczni Gda\u0144skiej wysy\u0142a Romualda Kuku\u0142owicza jako swego osobistego wys\u0142annik Prymasa. Wobec napi\u0119tej sytuacji polityczno \u2013 spo\u0142ecznej prymas Wyszy\u0144ski podejmowa\u0142 starania maj\u0105ce na celu \u0142agodzenie konflikt\u00f3w na linii rz\u0105d \u2013 opozycja. W latach 1980 \u2013 1981 pe\u0142ni\u0142 rol\u0119 po\u015brednika w negocjacjach pomi\u0119dzy w\u0142adz\u0105, a \u201eSolidarno\u015bci\u0105\u201d. Przede wszystkim jednak Prymas ca\u0142y czas troszczy\u0142 si\u0119 o zachowanie w Polsce pokoju spo\u0142ecznego. Na ostatnim spotkaniu z kierownictwem \u201eSolidarno\u015bci\u201d w marcu 1981 r. tonowa\u0142 radykalne nastroje i m\u00f3wi\u0142: \u201eChyba ani ja ani panowie nie darowaliby\u015bmy sobie, gdyby pop\u0142yn\u0119\u0142a krew chocia\u017c jednego m\u0142odego ch\u0142opca\u201d. By\u0142 przekonany, \u017ce nie mamy \u017cadnych szans w si\u0142owej konfrontacji z re\u017cimem. Uwa\u017ca\u0142, \u017ce w tym momencie trzeba si\u0119 skoncentrowa\u0107 na budowie struktur i samokszta\u0142ceniu, po to, by by\u0107 silniejszym na dalszych etapach rozwoju sytuacji.<\/p>\n<p><strong>Ostatnia droga<br \/>\n<\/strong>W marcu 1981 r. nast\u0105pi\u0142 pocz\u0105tek \u015bmiertelnej choroby na tle nowotworowym. 22 maja 1981r. wypowiedzia\u0142 ostatnie przem\u00f3wienie do Rady G\u0142\u00f3wnej Episkopatu. Powiedzia\u0142 m.in.: \u201e\u017badnych pr\u00f3\u015bb w mojej intencji nie zanosz\u0119 do Matki Naj\u015bwi\u0119tszej. (\u2026) Wasz\u0105 \u017cyw\u0105 wiar\u0119 zawsze podziwia\u0142em i wasz\u0105 gorliwo\u015b\u0107 apostolsk\u0105, kt\u00f3rej nie zawsze mog\u0142em sprosta\u0107. Same uczucia wdzi\u0119czno\u015bci. Do nikogo \u2013 najmniejszego \u017calu. Na nikim \u2013 najmniejszego zawodu, wszystkim pozostawiam moje serce, kt\u00f3re nie zabiera ze sob\u0105 \u017cadnego zastrze\u017cenia w stosunku do \u017cadnego z biskup\u00f3w, do kap\u0142an\u00f3w i ludu Bo\u017cego. Wszystkie nadzieje, to Matka Naj\u015bwi\u0119tsza. I je\u017celi jaki program \u2013 to Ona.\u201d<br \/>\nPrymas Polski Stefan kardyna\u0142 Wyszy\u0144ski zmar\u0142 28 maja 1981 r. w Warszawie, w uroczysto\u015b\u0107 Wniebowst\u0105pienia Pa\u0144skiego. Mia\u0142 80 lat, z kt\u00f3rych 57 prze\u017cy\u0142 jako kap\u0142an. Trumna z jego cia\u0142em spocz\u0119\u0142a w podziemiach katedry \u015bw. Jana w Warszawie, a pogrzeb 31 maja 1981 r., z udzia\u0142em kard. Agostino Casarolego reprezentuj\u0105cego Ojca \u015awi\u0119tego przebywaj\u0105cego w szpitalu po zamachu, sta\u0142 si\u0119 wielk\u0105 manifestacj\u0105 religijn\u0105 i narodow\u0105.<\/p>\n<p>\/ekai.pl\/<\/p>\n","protected":false},"excerpt":{"rendered":"<p>Uroczysto\u015b\u0107 beatyfikacji kard. Stefana Wyszy\u0144skiego oraz s. R\u00f3\u017cy Marii Czackiej odb\u0119dzie si\u0119 12 wrze\u015bnia 2021 roku w Warszawie, o godzinie 12.00. Podczas uroczysto\u015bci, papie\u017ca Franciszka b\u0119dzie reprezentowa\u0142 kard. Marcello Semeraro, prefekt Kongregacji do Spraw Kanonizacyjnych, kt\u00f3ry dokona promulgacji dekretu beatyfikacyjnego. Stefan Wyszy\u0144ski urodzi\u0142 si\u0119 3 sierpnia 1901 r. w Zuzeli na Bugiem, w zaborze rosyjskim, &hellip;<\/p>\n","protected":false},"author":2,"featured_media":18060,"comment_status":"closed","ping_status":"closed","sticky":false,"template":"","format":"standard","meta":{"_mi_skip_tracking":false,"_exactmetrics_sitenote_active":false,"_exactmetrics_sitenote_note":"","_exactmetrics_sitenote_category":0},"categories":[7],"tags":[],"yoast_head":"<!-- This site is optimized with the Yoast SEO plugin v18.1 - https:\/\/yoast.com\/wordpress\/plugins\/seo\/ -->\n<title>Beatyfikacja S\u0142ugi Bo\u017cego kard. Stefana Wyszy\u0144skiego - 12 wrze\u015bnia - Pako\u015b\u0107 \u2013 Kalwaria<\/title>\n<meta name=\"robots\" content=\"index, follow, max-snippet:-1, max-image-preview:large, max-video-preview:-1\" \/>\n<link rel=\"canonical\" href=\"https:\/\/pakosc-kalwaria.franciszkanie.net\/index.php\/2021\/08\/07\/beatyfikacja-kard-stefana-wyszynskiego-12-09-2021-w-warszawie\/\" \/>\n<meta property=\"og:locale\" content=\"pl_PL\" \/>\n<meta property=\"og:type\" content=\"article\" \/>\n<meta property=\"og:title\" content=\"Beatyfikacja S\u0142ugi Bo\u017cego kard. Stefana Wyszy\u0144skiego - 12 wrze\u015bnia - Pako\u015b\u0107 \u2013 Kalwaria\" \/>\n<meta property=\"og:description\" content=\"Uroczysto\u015b\u0107 beatyfikacji kard. Stefana Wyszy\u0144skiego oraz s. R\u00f3\u017cy Marii Czackiej odb\u0119dzie si\u0119 12 wrze\u015bnia 2021 roku w Warszawie, o godzinie 12.00. Podczas uroczysto\u015bci, papie\u017ca Franciszka b\u0119dzie reprezentowa\u0142 kard. Marcello Semeraro, prefekt Kongregacji do Spraw Kanonizacyjnych, kt\u00f3ry dokona promulgacji dekretu beatyfikacyjnego. Stefan Wyszy\u0144ski urodzi\u0142 si\u0119 3 sierpnia 1901 r. w Zuzeli na Bugiem, w zaborze rosyjskim, &hellip;\" \/>\n<meta property=\"og:url\" content=\"https:\/\/pakosc-kalwaria.franciszkanie.net\/index.php\/2021\/08\/07\/beatyfikacja-kard-stefana-wyszynskiego-12-09-2021-w-warszawie\/\" \/>\n<meta property=\"og:site_name\" content=\"Pako\u015b\u0107 \u2013 Kalwaria\" \/>\n<meta property=\"article:author\" content=\"https:\/\/www.facebook.com\/KalwariaPakosc\/\" \/>\n<meta property=\"article:published_time\" content=\"2021-08-07T04:00:14+00:00\" \/>\n<meta property=\"article:modified_time\" content=\"2021-08-15T06:40:39+00:00\" \/>\n<meta property=\"og:image\" content=\"https:\/\/pakosc-kalwaria.franciszkanie.net\/wp-content\/uploads\/2021\/04\/stefan_wyszynski.jpg\" \/>\n\t<meta property=\"og:image:width\" content=\"250\" \/>\n\t<meta property=\"og:image:height\" content=\"333\" \/>\n\t<meta property=\"og:image:type\" content=\"image\/jpeg\" \/>\n<meta name=\"twitter:card\" content=\"summary\" \/>\n<meta name=\"twitter:label1\" content=\"Napisane przez\" \/>\n\t<meta name=\"twitter:data1\" content=\"pakosc-kalwaria\" \/>\n\t<meta name=\"twitter:label2\" content=\"Szacowany czas czytania\" \/>\n\t<meta name=\"twitter:data2\" content=\"19 minut\" \/>\n<script type=\"application\/ld+json\" class=\"yoast-schema-graph\">{\"@context\":\"https:\/\/schema.org\",\"@graph\":[{\"@type\":\"WebSite\",\"@id\":\"https:\/\/pakosc-kalwaria.franciszkanie.net\/#website\",\"url\":\"https:\/\/pakosc-kalwaria.franciszkanie.net\/\",\"name\":\"Pako\u015b\u0107 \u2013 Kalwaria\",\"description\":\"Parafia Rzymsko \u2013 Katolicka p.w. Pana Jezusa Ukrzy\u017cowanego i  Matki Bo\u017cej Bolesnej ul. Barci\u0144ska 60, 88\u2013170 Pako\u015b\u0107 \u2013 Kalwaria\",\"potentialAction\":[{\"@type\":\"SearchAction\",\"target\":{\"@type\":\"EntryPoint\",\"urlTemplate\":\"https:\/\/pakosc-kalwaria.franciszkanie.net\/?s={search_term_string}\"},\"query-input\":\"required name=search_term_string\"}],\"inLanguage\":\"pl-PL\"},{\"@type\":\"ImageObject\",\"@id\":\"https:\/\/pakosc-kalwaria.franciszkanie.net\/index.php\/2021\/08\/07\/beatyfikacja-kard-stefana-wyszynskiego-12-09-2021-w-warszawie\/#primaryimage\",\"inLanguage\":\"pl-PL\",\"url\":\"https:\/\/pakosc-kalwaria.franciszkanie.net\/wp-content\/uploads\/2021\/04\/stefan_wyszynski.jpg\",\"contentUrl\":\"https:\/\/pakosc-kalwaria.franciszkanie.net\/wp-content\/uploads\/2021\/04\/stefan_wyszynski.jpg\",\"width\":250,\"height\":333},{\"@type\":\"WebPage\",\"@id\":\"https:\/\/pakosc-kalwaria.franciszkanie.net\/index.php\/2021\/08\/07\/beatyfikacja-kard-stefana-wyszynskiego-12-09-2021-w-warszawie\/#webpage\",\"url\":\"https:\/\/pakosc-kalwaria.franciszkanie.net\/index.php\/2021\/08\/07\/beatyfikacja-kard-stefana-wyszynskiego-12-09-2021-w-warszawie\/\",\"name\":\"Beatyfikacja S\u0142ugi Bo\u017cego kard. Stefana Wyszy\u0144skiego - 12 wrze\u015bnia - Pako\u015b\u0107 \u2013 Kalwaria\",\"isPartOf\":{\"@id\":\"https:\/\/pakosc-kalwaria.franciszkanie.net\/#website\"},\"primaryImageOfPage\":{\"@id\":\"https:\/\/pakosc-kalwaria.franciszkanie.net\/index.php\/2021\/08\/07\/beatyfikacja-kard-stefana-wyszynskiego-12-09-2021-w-warszawie\/#primaryimage\"},\"datePublished\":\"2021-08-07T04:00:14+00:00\",\"dateModified\":\"2021-08-15T06:40:39+00:00\",\"author\":{\"@id\":\"https:\/\/pakosc-kalwaria.franciszkanie.net\/#\/schema\/person\/af10b943be0760709227d060eadcb2aa\"},\"breadcrumb\":{\"@id\":\"https:\/\/pakosc-kalwaria.franciszkanie.net\/index.php\/2021\/08\/07\/beatyfikacja-kard-stefana-wyszynskiego-12-09-2021-w-warszawie\/#breadcrumb\"},\"inLanguage\":\"pl-PL\",\"potentialAction\":[{\"@type\":\"ReadAction\",\"target\":[\"https:\/\/pakosc-kalwaria.franciszkanie.net\/index.php\/2021\/08\/07\/beatyfikacja-kard-stefana-wyszynskiego-12-09-2021-w-warszawie\/\"]}]},{\"@type\":\"BreadcrumbList\",\"@id\":\"https:\/\/pakosc-kalwaria.franciszkanie.net\/index.php\/2021\/08\/07\/beatyfikacja-kard-stefana-wyszynskiego-12-09-2021-w-warszawie\/#breadcrumb\",\"itemListElement\":[{\"@type\":\"ListItem\",\"position\":1,\"name\":\"Strona g\u0142\u00f3wna\",\"item\":\"https:\/\/pakosc-kalwaria.franciszkanie.net\/\"},{\"@type\":\"ListItem\",\"position\":2,\"name\":\"Beatyfikacja S\u0142ugi Bo\u017cego kard. Stefana Wyszy\u0144skiego &#8211; 12 wrze\u015bnia\"}]},{\"@type\":\"Person\",\"@id\":\"https:\/\/pakosc-kalwaria.franciszkanie.net\/#\/schema\/person\/af10b943be0760709227d060eadcb2aa\",\"name\":\"pakosc-kalwaria\",\"image\":{\"@type\":\"ImageObject\",\"@id\":\"https:\/\/pakosc-kalwaria.franciszkanie.net\/#personlogo\",\"inLanguage\":\"pl-PL\",\"url\":\"https:\/\/secure.gravatar.com\/avatar\/e7049d338b55eac6a0027ff3218b8d02?s=96&d=mm&r=g\",\"contentUrl\":\"https:\/\/secure.gravatar.com\/avatar\/e7049d338b55eac6a0027ff3218b8d02?s=96&d=mm&r=g\",\"caption\":\"pakosc-kalwaria\"},\"sameAs\":[\"https:\/\/www.facebook.com\/KalwariaPakosc\/\"],\"url\":\"https:\/\/pakosc-kalwaria.franciszkanie.net\/index.php\/author\/pakosc-kalwaria\/\"}]}<\/script>\n<!-- \/ Yoast SEO plugin. -->","yoast_head_json":{"title":"Beatyfikacja S\u0142ugi Bo\u017cego kard. Stefana Wyszy\u0144skiego - 12 wrze\u015bnia - Pako\u015b\u0107 \u2013 Kalwaria","robots":{"index":"index","follow":"follow","max-snippet":"max-snippet:-1","max-image-preview":"max-image-preview:large","max-video-preview":"max-video-preview:-1"},"canonical":"https:\/\/pakosc-kalwaria.franciszkanie.net\/index.php\/2021\/08\/07\/beatyfikacja-kard-stefana-wyszynskiego-12-09-2021-w-warszawie\/","og_locale":"pl_PL","og_type":"article","og_title":"Beatyfikacja S\u0142ugi Bo\u017cego kard. Stefana Wyszy\u0144skiego - 12 wrze\u015bnia - Pako\u015b\u0107 \u2013 Kalwaria","og_description":"Uroczysto\u015b\u0107 beatyfikacji kard. Stefana Wyszy\u0144skiego oraz s. R\u00f3\u017cy Marii Czackiej odb\u0119dzie si\u0119 12 wrze\u015bnia 2021 roku w Warszawie, o godzinie 12.00. Podczas uroczysto\u015bci, papie\u017ca Franciszka b\u0119dzie reprezentowa\u0142 kard. Marcello Semeraro, prefekt Kongregacji do Spraw Kanonizacyjnych, kt\u00f3ry dokona promulgacji dekretu beatyfikacyjnego. Stefan Wyszy\u0144ski urodzi\u0142 si\u0119 3 sierpnia 1901 r. w Zuzeli na Bugiem, w zaborze rosyjskim, &hellip;","og_url":"https:\/\/pakosc-kalwaria.franciszkanie.net\/index.php\/2021\/08\/07\/beatyfikacja-kard-stefana-wyszynskiego-12-09-2021-w-warszawie\/","og_site_name":"Pako\u015b\u0107 \u2013 Kalwaria","article_author":"https:\/\/www.facebook.com\/KalwariaPakosc\/","article_published_time":"2021-08-07T04:00:14+00:00","article_modified_time":"2021-08-15T06:40:39+00:00","og_image":[{"width":250,"height":333,"url":"https:\/\/pakosc-kalwaria.franciszkanie.net\/wp-content\/uploads\/2021\/04\/stefan_wyszynski.jpg","type":"image\/jpeg"}],"twitter_card":"summary","twitter_misc":{"Napisane przez":"pakosc-kalwaria","Szacowany czas czytania":"19 minut"},"schema":{"@context":"https:\/\/schema.org","@graph":[{"@type":"WebSite","@id":"https:\/\/pakosc-kalwaria.franciszkanie.net\/#website","url":"https:\/\/pakosc-kalwaria.franciszkanie.net\/","name":"Pako\u015b\u0107 \u2013 Kalwaria","description":"Parafia Rzymsko \u2013 Katolicka p.w. Pana Jezusa Ukrzy\u017cowanego i  Matki Bo\u017cej Bolesnej ul. Barci\u0144ska 60, 88\u2013170 Pako\u015b\u0107 \u2013 Kalwaria","potentialAction":[{"@type":"SearchAction","target":{"@type":"EntryPoint","urlTemplate":"https:\/\/pakosc-kalwaria.franciszkanie.net\/?s={search_term_string}"},"query-input":"required name=search_term_string"}],"inLanguage":"pl-PL"},{"@type":"ImageObject","@id":"https:\/\/pakosc-kalwaria.franciszkanie.net\/index.php\/2021\/08\/07\/beatyfikacja-kard-stefana-wyszynskiego-12-09-2021-w-warszawie\/#primaryimage","inLanguage":"pl-PL","url":"https:\/\/pakosc-kalwaria.franciszkanie.net\/wp-content\/uploads\/2021\/04\/stefan_wyszynski.jpg","contentUrl":"https:\/\/pakosc-kalwaria.franciszkanie.net\/wp-content\/uploads\/2021\/04\/stefan_wyszynski.jpg","width":250,"height":333},{"@type":"WebPage","@id":"https:\/\/pakosc-kalwaria.franciszkanie.net\/index.php\/2021\/08\/07\/beatyfikacja-kard-stefana-wyszynskiego-12-09-2021-w-warszawie\/#webpage","url":"https:\/\/pakosc-kalwaria.franciszkanie.net\/index.php\/2021\/08\/07\/beatyfikacja-kard-stefana-wyszynskiego-12-09-2021-w-warszawie\/","name":"Beatyfikacja S\u0142ugi Bo\u017cego kard. Stefana Wyszy\u0144skiego - 12 wrze\u015bnia - Pako\u015b\u0107 \u2013 Kalwaria","isPartOf":{"@id":"https:\/\/pakosc-kalwaria.franciszkanie.net\/#website"},"primaryImageOfPage":{"@id":"https:\/\/pakosc-kalwaria.franciszkanie.net\/index.php\/2021\/08\/07\/beatyfikacja-kard-stefana-wyszynskiego-12-09-2021-w-warszawie\/#primaryimage"},"datePublished":"2021-08-07T04:00:14+00:00","dateModified":"2021-08-15T06:40:39+00:00","author":{"@id":"https:\/\/pakosc-kalwaria.franciszkanie.net\/#\/schema\/person\/af10b943be0760709227d060eadcb2aa"},"breadcrumb":{"@id":"https:\/\/pakosc-kalwaria.franciszkanie.net\/index.php\/2021\/08\/07\/beatyfikacja-kard-stefana-wyszynskiego-12-09-2021-w-warszawie\/#breadcrumb"},"inLanguage":"pl-PL","potentialAction":[{"@type":"ReadAction","target":["https:\/\/pakosc-kalwaria.franciszkanie.net\/index.php\/2021\/08\/07\/beatyfikacja-kard-stefana-wyszynskiego-12-09-2021-w-warszawie\/"]}]},{"@type":"BreadcrumbList","@id":"https:\/\/pakosc-kalwaria.franciszkanie.net\/index.php\/2021\/08\/07\/beatyfikacja-kard-stefana-wyszynskiego-12-09-2021-w-warszawie\/#breadcrumb","itemListElement":[{"@type":"ListItem","position":1,"name":"Strona g\u0142\u00f3wna","item":"https:\/\/pakosc-kalwaria.franciszkanie.net\/"},{"@type":"ListItem","position":2,"name":"Beatyfikacja S\u0142ugi Bo\u017cego kard. Stefana Wyszy\u0144skiego &#8211; 12 wrze\u015bnia"}]},{"@type":"Person","@id":"https:\/\/pakosc-kalwaria.franciszkanie.net\/#\/schema\/person\/af10b943be0760709227d060eadcb2aa","name":"pakosc-kalwaria","image":{"@type":"ImageObject","@id":"https:\/\/pakosc-kalwaria.franciszkanie.net\/#personlogo","inLanguage":"pl-PL","url":"https:\/\/secure.gravatar.com\/avatar\/e7049d338b55eac6a0027ff3218b8d02?s=96&d=mm&r=g","contentUrl":"https:\/\/secure.gravatar.com\/avatar\/e7049d338b55eac6a0027ff3218b8d02?s=96&d=mm&r=g","caption":"pakosc-kalwaria"},"sameAs":["https:\/\/www.facebook.com\/KalwariaPakosc\/"],"url":"https:\/\/pakosc-kalwaria.franciszkanie.net\/index.php\/author\/pakosc-kalwaria\/"}]}},"_links":{"self":[{"href":"https:\/\/pakosc-kalwaria.franciszkanie.net\/index.php\/wp-json\/wp\/v2\/posts\/18059"}],"collection":[{"href":"https:\/\/pakosc-kalwaria.franciszkanie.net\/index.php\/wp-json\/wp\/v2\/posts"}],"about":[{"href":"https:\/\/pakosc-kalwaria.franciszkanie.net\/index.php\/wp-json\/wp\/v2\/types\/post"}],"author":[{"embeddable":true,"href":"https:\/\/pakosc-kalwaria.franciszkanie.net\/index.php\/wp-json\/wp\/v2\/users\/2"}],"replies":[{"embeddable":true,"href":"https:\/\/pakosc-kalwaria.franciszkanie.net\/index.php\/wp-json\/wp\/v2\/comments?post=18059"}],"version-history":[{"count":10,"href":"https:\/\/pakosc-kalwaria.franciszkanie.net\/index.php\/wp-json\/wp\/v2\/posts\/18059\/revisions"}],"predecessor-version":[{"id":19515,"href":"https:\/\/pakosc-kalwaria.franciszkanie.net\/index.php\/wp-json\/wp\/v2\/posts\/18059\/revisions\/19515"}],"wp:featuredmedia":[{"embeddable":true,"href":"https:\/\/pakosc-kalwaria.franciszkanie.net\/index.php\/wp-json\/wp\/v2\/media\/18060"}],"wp:attachment":[{"href":"https:\/\/pakosc-kalwaria.franciszkanie.net\/index.php\/wp-json\/wp\/v2\/media?parent=18059"}],"wp:term":[{"taxonomy":"category","embeddable":true,"href":"https:\/\/pakosc-kalwaria.franciszkanie.net\/index.php\/wp-json\/wp\/v2\/categories?post=18059"},{"taxonomy":"post_tag","embeddable":true,"href":"https:\/\/pakosc-kalwaria.franciszkanie.net\/index.php\/wp-json\/wp\/v2\/tags?post=18059"}],"curies":[{"name":"wp","href":"https:\/\/api.w.org\/{rel}","templated":true}]}}