{"id":18110,"date":"2021-04-23T08:45:17","date_gmt":"2021-04-23T06:45:17","guid":{"rendered":"http:\/\/pakosc-kalwaria.franciszkanie.net\/?p=18110"},"modified":"2021-04-30T14:38:30","modified_gmt":"2021-04-30T12:38:30","slug":"sw-joanna-berenta-molla-28-kwietnia","status":"publish","type":"post","link":"https:\/\/pakosc-kalwaria.franciszkanie.net\/index.php\/2021\/04\/23\/sw-joanna-berenta-molla-28-kwietnia\/","title":{"rendered":"\u015aw. Joanna Berenta Molla &#8211; 28 kwietnia"},"content":{"rendered":"<p><span style=\"color: #ff0000;\"><strong>\u015aw. Joanna Berenta Molla (28 kwietnia)<\/strong> <\/span><\/p>\n<p>W\u0142oszka, \u017cona i matka. Gdy by\u0142a w ci\u0105\u017cy, dotkni\u0119ta chorob\u0105 nowotworow\u0105, wola\u0142a umrze\u0107 ni\u017c podda\u0107 si\u0119 leczeniu, kt\u00f3re spowodowa\u0142oby \u015bmier\u0107 jej pocz\u0119tego dziecka. Urodzi\u0142a si\u0119 w mie\u015bcie Magenta (ko\u0142o Mediolanu) jako dziesi\u0105ta z 13 dzieci. Od najm\u0142odszych lat odznacza\u0142a si\u0119 \u017cyw\u0105 wiar\u0105, otrzymawszy solidne wychowanie religijne. Do I komunii \u015bw. przyst\u0105pi\u0142a ju\u017c w wieku 5,5 roku i od tego czasu cz\u0119sto przyst\u0119powa\u0142a do tego sakramentu, co b\u0119dzie jej cech\u0105 do ko\u0144ca \u017cycia. Ale nie brakowa\u0142o te\u017c k\u0142opot\u00f3w: zmiana szko\u0142y, choroby, choroba i \u015bmier\u0107 rodzic\u00f3w, co jednak nie spowodowa\u0142o w niej jakich\u015b uraz\u00f3w czy zachwia\u0144 duchowych dzi\u0119ki g\u0142\u0119bokiemu \u017cyciu duchowemu. W szkole i na uczelni by\u0142a grzeczna i mi\u0142a, a zarazem pow\u015bci\u0105gliwa, po\u015bwi\u0119caj\u0105c jednocze\u015bnie wiele czasu i uwagi dzia\u0142alno\u015bci w m\u0142odzie\u017cowej Akcji Katolickiej i dzie\u0142om mi\u0142osierdzia wobec os\u00f3b w podesz\u0142ym wieku i potrzebuj\u0105cych w Stowarzyszeniu \u015bw. Wincentego a Paulo. W 1949 uko\u0144czy\u0142a studia medyczne na uniwersytecie w Pawii i w rok p\u00f3\u017aniej otworzy\u0142a w\u0142asn\u0105 przychodni\u0119 lekarsk\u0105 w swych stronach rodzinnych. W 1952 zaliczy\u0142a specjalizacj\u0119 na uniwersytecie w Mediolanie. Praktyk\u0119 lekarsk\u0105 uzna\u0142a za sw\u0105 misj\u0119, dzia\u0142aj\u0105c jednocze\u015bnie w Akcji Katolickiej. Ch\u0119tnie uprawia\u0142a te\u017c narciarstwo i wspinaczk\u0119 wysokog\u00f3rsk\u0105.<\/p>\n<p class=\"tresc\">24 wrze\u015bnia 1955 po\u015blubi\u0142a in\u017cyniera Paolo Moll\u0119 &#8211; by\u0142 to udany zwi\u0105zek. W latach 1956-59 urodzi\u0142a troje dzieci. Obowi\u0105zki matki i \u017cony \u0142\u0105czy\u0142a udanie z prac\u0105 zawodow\u0105. Latem 1961 po raz czwarty zasz\u0142a w ci\u0105\u017c\u0119 i pod koniec drugiego miesi\u0105ca lekarze stwierdzili u niej raka macicy. Ratunkiem mog\u0142o by\u0107 natychmiastowe rozpocz\u0119cie leczenia, po\u0142\u0105czone jednak z usuni\u0119ciem ci\u0105\u017cy. Joanna odrzuci\u0142a tak\u0105 mo\u017cliwo\u015b\u0107 i prosi\u0142a lekarzy, aby ratowali przede wszystkim jej pocz\u0119te dziecko, zdaj\u0105c si\u0119 jednocze\u015bnie na Opatrzno\u015b\u0107 Bo\u017c\u0105. Uda\u0142o si\u0119 szcz\u0119\u015bliwie doprowadzi\u0107 ca\u0142\u0105 ci\u0105\u017c\u0119 do ko\u0144ca i niespe\u0142na 40-letnia kobieta zdo\u0142a\u0142a urodzi\u0107 zdrowe dziecko, nie da\u0142o si\u0119 jednak uratowa\u0107 jej samej i zmar\u0142a w tydzie\u0144 po urodzeniu Gianny Emmanueli ze s\u0142owami: &#8222;Jezu, kocham Ci\u0119!&#8221;. Jej pogrzeb by\u0142 wielkim przejawem jednomy\u015blnego g\u0142\u0119bokiego wzruszenia, wiary i modlitwy; szybko te\u017c zacz\u0119\u0142a si\u0119 szerzy\u0107 s\u0142awa jej \u015bwi\u0119to\u015bci i swoistego m\u0119cze\u0144stwa w obronie \u017cycia drugiego cz\u0142owieka. Na ceremoniach beatyfikacji i kanonizacji obecne by\u0142y dzieci i m\u0105\u017c \u015bwi\u0119tej.<\/p>\n<p class=\"tresc\">kg (KAI)<\/p>\n","protected":false},"excerpt":{"rendered":"<p>\u015aw. Joanna Berenta Molla (28 kwietnia) W\u0142oszka, \u017cona i matka. Gdy by\u0142a w ci\u0105\u017cy, dotkni\u0119ta chorob\u0105 nowotworow\u0105, wola\u0142a umrze\u0107 ni\u017c podda\u0107 si\u0119 leczeniu, kt\u00f3re spowodowa\u0142oby \u015bmier\u0107 jej pocz\u0119tego dziecka. Urodzi\u0142a si\u0119 w mie\u015bcie Magenta (ko\u0142o Mediolanu) jako dziesi\u0105ta z 13 dzieci. Od najm\u0142odszych lat odznacza\u0142a si\u0119 \u017cyw\u0105 wiar\u0105, otrzymawszy solidne wychowanie religijne. Do I komunii &hellip;<\/p>\n","protected":false},"author":2,"featured_media":18171,"comment_status":"closed","ping_status":"closed","sticky":false,"template":"","format":"standard","meta":{"_mi_skip_tracking":false,"_exactmetrics_sitenote_active":false,"_exactmetrics_sitenote_note":"","_exactmetrics_sitenote_category":0},"categories":[13],"tags":[],"yoast_head":"<!-- This site is optimized with the Yoast SEO plugin v18.1 - https:\/\/yoast.com\/wordpress\/plugins\/seo\/ -->\n<title>\u015aw. Joanna Berenta Molla - 28 kwietnia - Pako\u015b\u0107 \u2013 Kalwaria<\/title>\n<meta name=\"robots\" content=\"index, follow, max-snippet:-1, max-image-preview:large, max-video-preview:-1\" \/>\n<link rel=\"canonical\" href=\"https:\/\/pakosc-kalwaria.franciszkanie.net\/index.php\/2021\/04\/23\/sw-joanna-berenta-molla-28-kwietnia\/\" \/>\n<meta property=\"og:locale\" content=\"pl_PL\" \/>\n<meta property=\"og:type\" content=\"article\" \/>\n<meta property=\"og:title\" content=\"\u015aw. Joanna Berenta Molla - 28 kwietnia - Pako\u015b\u0107 \u2013 Kalwaria\" \/>\n<meta property=\"og:description\" content=\"\u015aw. Joanna Berenta Molla (28 kwietnia) W\u0142oszka, \u017cona i matka. Gdy by\u0142a w ci\u0105\u017cy, dotkni\u0119ta chorob\u0105 nowotworow\u0105, wola\u0142a umrze\u0107 ni\u017c podda\u0107 si\u0119 leczeniu, kt\u00f3re spowodowa\u0142oby \u015bmier\u0107 jej pocz\u0119tego dziecka. Urodzi\u0142a si\u0119 w mie\u015bcie Magenta (ko\u0142o Mediolanu) jako dziesi\u0105ta z 13 dzieci. Od najm\u0142odszych lat odznacza\u0142a si\u0119 \u017cyw\u0105 wiar\u0105, otrzymawszy solidne wychowanie religijne. Do I komunii &hellip;\" \/>\n<meta property=\"og:url\" content=\"https:\/\/pakosc-kalwaria.franciszkanie.net\/index.php\/2021\/04\/23\/sw-joanna-berenta-molla-28-kwietnia\/\" \/>\n<meta property=\"og:site_name\" content=\"Pako\u015b\u0107 \u2013 Kalwaria\" \/>\n<meta property=\"article:author\" content=\"https:\/\/www.facebook.com\/KalwariaPakosc\/\" \/>\n<meta property=\"article:published_time\" content=\"2021-04-23T06:45:17+00:00\" \/>\n<meta property=\"article:modified_time\" content=\"2021-04-30T12:38:30+00:00\" \/>\n<meta property=\"og:image\" content=\"https:\/\/pakosc-kalwaria.franciszkanie.net\/wp-content\/uploads\/2021\/04\/t6.jpg\" \/>\n\t<meta property=\"og:image:width\" content=\"350\" \/>\n\t<meta property=\"og:image:height\" content=\"228\" \/>\n\t<meta property=\"og:image:type\" content=\"image\/jpeg\" \/>\n<meta name=\"twitter:card\" content=\"summary\" \/>\n<meta name=\"twitter:label1\" content=\"Napisane przez\" \/>\n\t<meta name=\"twitter:data1\" content=\"pakosc-kalwaria\" \/>\n\t<meta name=\"twitter:label2\" content=\"Szacowany czas czytania\" \/>\n\t<meta name=\"twitter:data2\" content=\"2 minuty\" \/>\n<script type=\"application\/ld+json\" class=\"yoast-schema-graph\">{\"@context\":\"https:\/\/schema.org\",\"@graph\":[{\"@type\":\"WebSite\",\"@id\":\"https:\/\/pakosc-kalwaria.franciszkanie.net\/#website\",\"url\":\"https:\/\/pakosc-kalwaria.franciszkanie.net\/\",\"name\":\"Pako\u015b\u0107 \u2013 Kalwaria\",\"description\":\"Parafia Rzymsko \u2013 Katolicka p.w. Pana Jezusa Ukrzy\u017cowanego i  Matki Bo\u017cej Bolesnej ul. Barci\u0144ska 60, 88\u2013170 Pako\u015b\u0107 \u2013 Kalwaria\",\"potentialAction\":[{\"@type\":\"SearchAction\",\"target\":{\"@type\":\"EntryPoint\",\"urlTemplate\":\"https:\/\/pakosc-kalwaria.franciszkanie.net\/?s={search_term_string}\"},\"query-input\":\"required name=search_term_string\"}],\"inLanguage\":\"pl-PL\"},{\"@type\":\"ImageObject\",\"@id\":\"https:\/\/pakosc-kalwaria.franciszkanie.net\/index.php\/2021\/04\/23\/sw-joanna-berenta-molla-28-kwietnia\/#primaryimage\",\"inLanguage\":\"pl-PL\",\"url\":\"https:\/\/pakosc-kalwaria.franciszkanie.net\/wp-content\/uploads\/2021\/04\/t6.jpg\",\"contentUrl\":\"https:\/\/pakosc-kalwaria.franciszkanie.net\/wp-content\/uploads\/2021\/04\/t6.jpg\",\"width\":350,\"height\":228},{\"@type\":\"WebPage\",\"@id\":\"https:\/\/pakosc-kalwaria.franciszkanie.net\/index.php\/2021\/04\/23\/sw-joanna-berenta-molla-28-kwietnia\/#webpage\",\"url\":\"https:\/\/pakosc-kalwaria.franciszkanie.net\/index.php\/2021\/04\/23\/sw-joanna-berenta-molla-28-kwietnia\/\",\"name\":\"\u015aw. Joanna Berenta Molla - 28 kwietnia - Pako\u015b\u0107 \u2013 Kalwaria\",\"isPartOf\":{\"@id\":\"https:\/\/pakosc-kalwaria.franciszkanie.net\/#website\"},\"primaryImageOfPage\":{\"@id\":\"https:\/\/pakosc-kalwaria.franciszkanie.net\/index.php\/2021\/04\/23\/sw-joanna-berenta-molla-28-kwietnia\/#primaryimage\"},\"datePublished\":\"2021-04-23T06:45:17+00:00\",\"dateModified\":\"2021-04-30T12:38:30+00:00\",\"author\":{\"@id\":\"https:\/\/pakosc-kalwaria.franciszkanie.net\/#\/schema\/person\/af10b943be0760709227d060eadcb2aa\"},\"breadcrumb\":{\"@id\":\"https:\/\/pakosc-kalwaria.franciszkanie.net\/index.php\/2021\/04\/23\/sw-joanna-berenta-molla-28-kwietnia\/#breadcrumb\"},\"inLanguage\":\"pl-PL\",\"potentialAction\":[{\"@type\":\"ReadAction\",\"target\":[\"https:\/\/pakosc-kalwaria.franciszkanie.net\/index.php\/2021\/04\/23\/sw-joanna-berenta-molla-28-kwietnia\/\"]}]},{\"@type\":\"BreadcrumbList\",\"@id\":\"https:\/\/pakosc-kalwaria.franciszkanie.net\/index.php\/2021\/04\/23\/sw-joanna-berenta-molla-28-kwietnia\/#breadcrumb\",\"itemListElement\":[{\"@type\":\"ListItem\",\"position\":1,\"name\":\"Strona g\u0142\u00f3wna\",\"item\":\"https:\/\/pakosc-kalwaria.franciszkanie.net\/\"},{\"@type\":\"ListItem\",\"position\":2,\"name\":\"\u015aw. Joanna Berenta Molla &#8211; 28 kwietnia\"}]},{\"@type\":\"Person\",\"@id\":\"https:\/\/pakosc-kalwaria.franciszkanie.net\/#\/schema\/person\/af10b943be0760709227d060eadcb2aa\",\"name\":\"pakosc-kalwaria\",\"image\":{\"@type\":\"ImageObject\",\"@id\":\"https:\/\/pakosc-kalwaria.franciszkanie.net\/#personlogo\",\"inLanguage\":\"pl-PL\",\"url\":\"https:\/\/secure.gravatar.com\/avatar\/e7049d338b55eac6a0027ff3218b8d02?s=96&d=mm&r=g\",\"contentUrl\":\"https:\/\/secure.gravatar.com\/avatar\/e7049d338b55eac6a0027ff3218b8d02?s=96&d=mm&r=g\",\"caption\":\"pakosc-kalwaria\"},\"sameAs\":[\"https:\/\/www.facebook.com\/KalwariaPakosc\/\"],\"url\":\"https:\/\/pakosc-kalwaria.franciszkanie.net\/index.php\/author\/pakosc-kalwaria\/\"}]}<\/script>\n<!-- \/ Yoast SEO plugin. -->","yoast_head_json":{"title":"\u015aw. Joanna Berenta Molla - 28 kwietnia - Pako\u015b\u0107 \u2013 Kalwaria","robots":{"index":"index","follow":"follow","max-snippet":"max-snippet:-1","max-image-preview":"max-image-preview:large","max-video-preview":"max-video-preview:-1"},"canonical":"https:\/\/pakosc-kalwaria.franciszkanie.net\/index.php\/2021\/04\/23\/sw-joanna-berenta-molla-28-kwietnia\/","og_locale":"pl_PL","og_type":"article","og_title":"\u015aw. Joanna Berenta Molla - 28 kwietnia - Pako\u015b\u0107 \u2013 Kalwaria","og_description":"\u015aw. Joanna Berenta Molla (28 kwietnia) W\u0142oszka, \u017cona i matka. Gdy by\u0142a w ci\u0105\u017cy, dotkni\u0119ta chorob\u0105 nowotworow\u0105, wola\u0142a umrze\u0107 ni\u017c podda\u0107 si\u0119 leczeniu, kt\u00f3re spowodowa\u0142oby \u015bmier\u0107 jej pocz\u0119tego dziecka. Urodzi\u0142a si\u0119 w mie\u015bcie Magenta (ko\u0142o Mediolanu) jako dziesi\u0105ta z 13 dzieci. Od najm\u0142odszych lat odznacza\u0142a si\u0119 \u017cyw\u0105 wiar\u0105, otrzymawszy solidne wychowanie religijne. Do I komunii &hellip;","og_url":"https:\/\/pakosc-kalwaria.franciszkanie.net\/index.php\/2021\/04\/23\/sw-joanna-berenta-molla-28-kwietnia\/","og_site_name":"Pako\u015b\u0107 \u2013 Kalwaria","article_author":"https:\/\/www.facebook.com\/KalwariaPakosc\/","article_published_time":"2021-04-23T06:45:17+00:00","article_modified_time":"2021-04-30T12:38:30+00:00","og_image":[{"width":350,"height":228,"url":"https:\/\/pakosc-kalwaria.franciszkanie.net\/wp-content\/uploads\/2021\/04\/t6.jpg","type":"image\/jpeg"}],"twitter_card":"summary","twitter_misc":{"Napisane przez":"pakosc-kalwaria","Szacowany czas czytania":"2 minuty"},"schema":{"@context":"https:\/\/schema.org","@graph":[{"@type":"WebSite","@id":"https:\/\/pakosc-kalwaria.franciszkanie.net\/#website","url":"https:\/\/pakosc-kalwaria.franciszkanie.net\/","name":"Pako\u015b\u0107 \u2013 Kalwaria","description":"Parafia Rzymsko \u2013 Katolicka p.w. Pana Jezusa Ukrzy\u017cowanego i  Matki Bo\u017cej Bolesnej ul. Barci\u0144ska 60, 88\u2013170 Pako\u015b\u0107 \u2013 Kalwaria","potentialAction":[{"@type":"SearchAction","target":{"@type":"EntryPoint","urlTemplate":"https:\/\/pakosc-kalwaria.franciszkanie.net\/?s={search_term_string}"},"query-input":"required name=search_term_string"}],"inLanguage":"pl-PL"},{"@type":"ImageObject","@id":"https:\/\/pakosc-kalwaria.franciszkanie.net\/index.php\/2021\/04\/23\/sw-joanna-berenta-molla-28-kwietnia\/#primaryimage","inLanguage":"pl-PL","url":"https:\/\/pakosc-kalwaria.franciszkanie.net\/wp-content\/uploads\/2021\/04\/t6.jpg","contentUrl":"https:\/\/pakosc-kalwaria.franciszkanie.net\/wp-content\/uploads\/2021\/04\/t6.jpg","width":350,"height":228},{"@type":"WebPage","@id":"https:\/\/pakosc-kalwaria.franciszkanie.net\/index.php\/2021\/04\/23\/sw-joanna-berenta-molla-28-kwietnia\/#webpage","url":"https:\/\/pakosc-kalwaria.franciszkanie.net\/index.php\/2021\/04\/23\/sw-joanna-berenta-molla-28-kwietnia\/","name":"\u015aw. Joanna Berenta Molla - 28 kwietnia - Pako\u015b\u0107 \u2013 Kalwaria","isPartOf":{"@id":"https:\/\/pakosc-kalwaria.franciszkanie.net\/#website"},"primaryImageOfPage":{"@id":"https:\/\/pakosc-kalwaria.franciszkanie.net\/index.php\/2021\/04\/23\/sw-joanna-berenta-molla-28-kwietnia\/#primaryimage"},"datePublished":"2021-04-23T06:45:17+00:00","dateModified":"2021-04-30T12:38:30+00:00","author":{"@id":"https:\/\/pakosc-kalwaria.franciszkanie.net\/#\/schema\/person\/af10b943be0760709227d060eadcb2aa"},"breadcrumb":{"@id":"https:\/\/pakosc-kalwaria.franciszkanie.net\/index.php\/2021\/04\/23\/sw-joanna-berenta-molla-28-kwietnia\/#breadcrumb"},"inLanguage":"pl-PL","potentialAction":[{"@type":"ReadAction","target":["https:\/\/pakosc-kalwaria.franciszkanie.net\/index.php\/2021\/04\/23\/sw-joanna-berenta-molla-28-kwietnia\/"]}]},{"@type":"BreadcrumbList","@id":"https:\/\/pakosc-kalwaria.franciszkanie.net\/index.php\/2021\/04\/23\/sw-joanna-berenta-molla-28-kwietnia\/#breadcrumb","itemListElement":[{"@type":"ListItem","position":1,"name":"Strona g\u0142\u00f3wna","item":"https:\/\/pakosc-kalwaria.franciszkanie.net\/"},{"@type":"ListItem","position":2,"name":"\u015aw. Joanna Berenta Molla &#8211; 28 kwietnia"}]},{"@type":"Person","@id":"https:\/\/pakosc-kalwaria.franciszkanie.net\/#\/schema\/person\/af10b943be0760709227d060eadcb2aa","name":"pakosc-kalwaria","image":{"@type":"ImageObject","@id":"https:\/\/pakosc-kalwaria.franciszkanie.net\/#personlogo","inLanguage":"pl-PL","url":"https:\/\/secure.gravatar.com\/avatar\/e7049d338b55eac6a0027ff3218b8d02?s=96&d=mm&r=g","contentUrl":"https:\/\/secure.gravatar.com\/avatar\/e7049d338b55eac6a0027ff3218b8d02?s=96&d=mm&r=g","caption":"pakosc-kalwaria"},"sameAs":["https:\/\/www.facebook.com\/KalwariaPakosc\/"],"url":"https:\/\/pakosc-kalwaria.franciszkanie.net\/index.php\/author\/pakosc-kalwaria\/"}]}},"_links":{"self":[{"href":"https:\/\/pakosc-kalwaria.franciszkanie.net\/index.php\/wp-json\/wp\/v2\/posts\/18110"}],"collection":[{"href":"https:\/\/pakosc-kalwaria.franciszkanie.net\/index.php\/wp-json\/wp\/v2\/posts"}],"about":[{"href":"https:\/\/pakosc-kalwaria.franciszkanie.net\/index.php\/wp-json\/wp\/v2\/types\/post"}],"author":[{"embeddable":true,"href":"https:\/\/pakosc-kalwaria.franciszkanie.net\/index.php\/wp-json\/wp\/v2\/users\/2"}],"replies":[{"embeddable":true,"href":"https:\/\/pakosc-kalwaria.franciszkanie.net\/index.php\/wp-json\/wp\/v2\/comments?post=18110"}],"version-history":[{"count":1,"href":"https:\/\/pakosc-kalwaria.franciszkanie.net\/index.php\/wp-json\/wp\/v2\/posts\/18110\/revisions"}],"predecessor-version":[{"id":18172,"href":"https:\/\/pakosc-kalwaria.franciszkanie.net\/index.php\/wp-json\/wp\/v2\/posts\/18110\/revisions\/18172"}],"wp:featuredmedia":[{"embeddable":true,"href":"https:\/\/pakosc-kalwaria.franciszkanie.net\/index.php\/wp-json\/wp\/v2\/media\/18171"}],"wp:attachment":[{"href":"https:\/\/pakosc-kalwaria.franciszkanie.net\/index.php\/wp-json\/wp\/v2\/media?parent=18110"}],"wp:term":[{"taxonomy":"category","embeddable":true,"href":"https:\/\/pakosc-kalwaria.franciszkanie.net\/index.php\/wp-json\/wp\/v2\/categories?post=18110"},{"taxonomy":"post_tag","embeddable":true,"href":"https:\/\/pakosc-kalwaria.franciszkanie.net\/index.php\/wp-json\/wp\/v2\/tags?post=18110"}],"curies":[{"name":"wp","href":"https:\/\/api.w.org\/{rel}","templated":true}]}}