{"id":18196,"date":"2021-05-01T09:00:58","date_gmt":"2021-05-01T07:00:58","guid":{"rendered":"http:\/\/pakosc-kalwaria.franciszkanie.net\/?p=18196"},"modified":"2021-04-29T18:33:58","modified_gmt":"2021-04-29T16:33:58","slug":"intencje-mszalne-02-05-09-05-2021r","status":"publish","type":"post","link":"https:\/\/pakosc-kalwaria.franciszkanie.net\/index.php\/2021\/05\/01\/intencje-mszalne-02-05-09-05-2021r\/","title":{"rendered":"Intencje mszalne 02.05. &#8211; 09.05.2021r."},"content":{"rendered":"<p><strong><em><u><span style=\"color: #ff0000;\">V Niedziela Wielkanocna &#8211;\u00a0 02.05.2021r.<\/span><br \/>\n<\/u><\/em><\/strong><span style=\"color: #ff0000;\"><strong>9.00<\/strong><\/span><strong>\u00a0 Za + Regin\u0119 \u015awiatowy w 9 r. \u015bmierci<br \/>\n<\/strong><span style=\"color: #ff0000;\"><strong>11.00 <\/strong><\/span><strong>\u00a0Za + Ludwika, ++ z rodziny Wo\u017aniak\u00f3w i Zdzis\u0142awa Gadaszewskiego<\/strong><\/p>\n<p><span style=\"color: #ff0000;\"><strong><em><u>Poniedzia\u0142ek\u00a0 &#8211; 03.05.2021r.<\/u><\/em><\/strong><strong><em>\u00a0 &#8211; <\/em><\/strong><strong><em>Uroczysto\u015b\u0107 NMP, Kr\u00f3lowej Polski, g\u0142\u00f3wnej patronki Polski<\/em><\/strong><\/span><strong><em><span style=\"color: #ff0000;\">\u00a0\u00a0\u00a0\u00a0\u00a0\u00a0\u00a0<\/span><br \/>\n<\/em><\/strong><span style=\"color: #ff0000;\"><strong>9.00<\/strong><\/span><strong><span style=\"color: #ff0000;\">\u00a0 W intencji Ojczyzny oraz Polak\u00f3w w kraju i zagranic\u0105<\/span><br \/>\n<span style=\"color: #ff0000;\">11.00 \u00a0<\/span>Z oddaniem Panu Jezusowi Mi\u0142osiernemu i Matce Bo\u017cej Kr\u00f3lowej Polski c\u00f3rek Marty i Julii, z podzi\u0119kowaniem za ich \u017cycie, z pro\u015bb\u0105 dla nich o opiek\u0119 i Bo\u017ce b\u0142ogos\u0142awie\u0144stwo oraz dary Ducha \u015awi\u0119tego<\/strong><\/p>\n<p><span style=\"color: #0000ff;\"><strong><em><u>Wtorek &#8211; 04.05.2021r. <\/u><\/em><\/strong><\/span><strong><em><span style=\"color: #0000ff;\">\u2013 wspomnienie \u015bw. Floriana, m\u0119czennika<\/span><br \/>\n<\/em><\/strong><strong>17.00\u00a0\u00a0\u00a0 Za dusze w czy\u015b\u0107cu cierpi\u0105ce najbli\u017csze wybawienia<\/strong><\/p>\n<p><span style=\"color: #0000ff;\"><strong><em><u>\u015aroda \u00a0\u2013 05.05.2021r.<\/u><\/em><\/strong><\/span><strong><em><span style=\"color: #0000ff;\"> \u00a0<\/span><br \/>\n<\/em><\/strong><strong>17.00\u00a0 Za + o. Brunona Kasprowskiego \u2013 int. od siostry Gabrysi z rodzin\u0105<\/strong><\/p>\n<p><span style=\"color: #ff0000;\"><strong><em><u>Czwartek \u00a0&#8211; 06.05.2021r.<\/u><\/em><\/strong><strong><em> \u2013 \u015bwi\u0119to \u015awi\u0119tych Aposto\u0142\u00f3w Filipa i Jakuba &#8211; Pierwszy Czwartek Miesi\u0105ca<br \/>\n<\/em><\/strong><strong>17.00<\/strong><\/span><strong><span style=\"color: #ff0000;\"> O nowe powo\u0142ania kap\u0142a\u0144skie i zakonne oraz za ministrant\u00f3w i ich Rodziny\u00a0<\/span><\/strong><\/p>\n<p><span style=\"color: #0000ff;\"><strong><em><u>Pi\u0105tek \u00a0&#8211; \u00a007.05.2021r<\/u><\/em><\/strong><strong><em>. <\/em><\/strong><\/span><strong><em><span style=\"color: #ff0000;\">\u2013 Pierwszy Pi\u0105tek \u00a0Miesi\u0105ca<\/span><br \/>\n<\/em><\/strong><span style=\"color: #ff0000;\"><strong>17.00 \u00a0W intencjach zbiorowych do Bo\u017cego Mi\u0142osierdzia <\/strong><\/span><strong><span style=\"color: #ff0000;\">oraz za zmar\u0142ych polecanych w rocznych wypominkach <\/span><\/strong><\/p>\n<p><span style=\"color: #ff0000;\"><strong><em><u>Sobota \u00a0\u2013 08.05.2021r.<\/u><\/em><\/strong><strong><em> \u2013<\/em><\/strong> <strong><em>uroczysto\u015b\u0107 \u015bw. Stanis\u0142awa, biskupa i m\u0119czennika,<\/em><\/strong> <\/span><strong><em><span style=\"color: #ff0000;\">g\u0142\u00f3wnego patrona Polski<\/span><br \/>\n<\/em><\/strong><strong>17.00 1\/ Za ++ Stanis\u0142awa i Janin\u0119 Gasik<br \/>\n2\/ Za + Grzegorza Dziennik w 1 rocznic\u0119 \u015bmierci oraz za jego ++ rodzic\u00f3w<\/strong><\/p>\n<p><span style=\"color: #ff0000;\"><strong><em><u>VI Niedziela Wielkanocna &#8211;\u00a0 09.05.2021r. <\/u><\/em><\/strong><\/span><strong><em><span style=\"color: #ff0000;\">\u2013 Odpust na Kalwarii ku czci Znalezienia Krzy\u017ca \u015awi\u0119tego<\/span><br \/>\n<\/em><\/strong><strong><span style=\"color: #ff0000;\">9.00<\/span>\u00a0 Z podzi\u0119kowaniem za otrzymane \u0142aski z okazji 48 Rocznicy zawarcia Sakramentu Ma\u0142\u017ce\u0144stwa Haliny i Tadeusza<\/strong><\/p>\n<p><strong><span style=\"color: #ff0000;\">12.00 \u00a0Suma Odpustowa<\/span> na Wzg\u00f3rzu Kalwaryjskim przy o\u0142tarzu polowym<\/strong><\/p>\n","protected":false},"excerpt":{"rendered":"<p>V Niedziela Wielkanocna &#8211;\u00a0 02.05.2021r. 9.00\u00a0 Za + Regin\u0119 \u015awiatowy w 9 r. \u015bmierci 11.00 \u00a0Za + Ludwika, ++ z rodziny Wo\u017aniak\u00f3w i Zdzis\u0142awa Gadaszewskiego Poniedzia\u0142ek\u00a0 &#8211; 03.05.2021r.\u00a0 &#8211; Uroczysto\u015b\u0107 NMP, Kr\u00f3lowej Polski, g\u0142\u00f3wnej patronki Polski\u00a0\u00a0\u00a0\u00a0\u00a0\u00a0\u00a0 9.00\u00a0 W intencji Ojczyzny oraz Polak\u00f3w w kraju i zagranic\u0105 11.00 \u00a0Z oddaniem Panu Jezusowi Mi\u0142osiernemu i Matce Bo\u017cej &hellip;<\/p>\n","protected":false},"author":2,"featured_media":18197,"comment_status":"closed","ping_status":"closed","sticky":false,"template":"","format":"standard","meta":{"_mi_skip_tracking":false,"_exactmetrics_sitenote_active":false,"_exactmetrics_sitenote_note":"","_exactmetrics_sitenote_category":0},"categories":[6],"tags":[],"yoast_head":"<!-- This site is optimized with the Yoast SEO plugin v18.1 - https:\/\/yoast.com\/wordpress\/plugins\/seo\/ -->\n<title>Intencje mszalne 02.05. - 09.05.2021r. - Pako\u015b\u0107 \u2013 Kalwaria<\/title>\n<meta name=\"robots\" content=\"index, follow, max-snippet:-1, max-image-preview:large, max-video-preview:-1\" \/>\n<link rel=\"canonical\" href=\"https:\/\/pakosc-kalwaria.franciszkanie.net\/index.php\/2021\/05\/01\/intencje-mszalne-02-05-09-05-2021r\/\" \/>\n<meta property=\"og:locale\" content=\"pl_PL\" \/>\n<meta property=\"og:type\" content=\"article\" \/>\n<meta property=\"og:title\" content=\"Intencje mszalne 02.05. - 09.05.2021r. - Pako\u015b\u0107 \u2013 Kalwaria\" \/>\n<meta property=\"og:description\" content=\"V Niedziela Wielkanocna &#8211;\u00a0 02.05.2021r. 9.00\u00a0 Za + Regin\u0119 \u015awiatowy w 9 r. \u015bmierci 11.00 \u00a0Za + Ludwika, ++ z rodziny Wo\u017aniak\u00f3w i Zdzis\u0142awa Gadaszewskiego Poniedzia\u0142ek\u00a0 &#8211; 03.05.2021r.\u00a0 &#8211; Uroczysto\u015b\u0107 NMP, Kr\u00f3lowej Polski, g\u0142\u00f3wnej patronki Polski\u00a0\u00a0\u00a0\u00a0\u00a0\u00a0\u00a0 9.00\u00a0 W intencji Ojczyzny oraz Polak\u00f3w w kraju i zagranic\u0105 11.00 \u00a0Z oddaniem Panu Jezusowi Mi\u0142osiernemu i Matce Bo\u017cej &hellip;\" \/>\n<meta property=\"og:url\" content=\"https:\/\/pakosc-kalwaria.franciszkanie.net\/index.php\/2021\/05\/01\/intencje-mszalne-02-05-09-05-2021r\/\" \/>\n<meta property=\"og:site_name\" content=\"Pako\u015b\u0107 \u2013 Kalwaria\" \/>\n<meta property=\"article:author\" content=\"https:\/\/www.facebook.com\/KalwariaPakosc\/\" \/>\n<meta property=\"article:published_time\" content=\"2021-05-01T07:00:58+00:00\" \/>\n<meta property=\"article:modified_time\" content=\"2021-04-29T16:33:58+00:00\" \/>\n<meta property=\"og:image\" content=\"https:\/\/pakosc-kalwaria.franciszkanie.net\/wp-content\/uploads\/2021\/04\/unnamed-2-2.jpg\" \/>\n\t<meta property=\"og:image:width\" content=\"400\" \/>\n\t<meta property=\"og:image:height\" content=\"240\" \/>\n\t<meta property=\"og:image:type\" content=\"image\/jpeg\" \/>\n<meta name=\"twitter:card\" content=\"summary\" \/>\n<meta name=\"twitter:label1\" content=\"Napisane przez\" \/>\n\t<meta name=\"twitter:data1\" content=\"pakosc-kalwaria\" \/>\n\t<meta name=\"twitter:label2\" content=\"Szacowany czas czytania\" \/>\n\t<meta name=\"twitter:data2\" content=\"1 minuta\" \/>\n<script type=\"application\/ld+json\" class=\"yoast-schema-graph\">{\"@context\":\"https:\/\/schema.org\",\"@graph\":[{\"@type\":\"WebSite\",\"@id\":\"https:\/\/pakosc-kalwaria.franciszkanie.net\/#website\",\"url\":\"https:\/\/pakosc-kalwaria.franciszkanie.net\/\",\"name\":\"Pako\u015b\u0107 \u2013 Kalwaria\",\"description\":\"Parafia Rzymsko \u2013 Katolicka p.w. Pana Jezusa Ukrzy\u017cowanego i  Matki Bo\u017cej Bolesnej ul. Barci\u0144ska 60, 88\u2013170 Pako\u015b\u0107 \u2013 Kalwaria\",\"potentialAction\":[{\"@type\":\"SearchAction\",\"target\":{\"@type\":\"EntryPoint\",\"urlTemplate\":\"https:\/\/pakosc-kalwaria.franciszkanie.net\/?s={search_term_string}\"},\"query-input\":\"required name=search_term_string\"}],\"inLanguage\":\"pl-PL\"},{\"@type\":\"ImageObject\",\"@id\":\"https:\/\/pakosc-kalwaria.franciszkanie.net\/index.php\/2021\/05\/01\/intencje-mszalne-02-05-09-05-2021r\/#primaryimage\",\"inLanguage\":\"pl-PL\",\"url\":\"https:\/\/pakosc-kalwaria.franciszkanie.net\/wp-content\/uploads\/2021\/04\/unnamed-2-2.jpg\",\"contentUrl\":\"https:\/\/pakosc-kalwaria.franciszkanie.net\/wp-content\/uploads\/2021\/04\/unnamed-2-2.jpg\",\"width\":400,\"height\":240},{\"@type\":\"WebPage\",\"@id\":\"https:\/\/pakosc-kalwaria.franciszkanie.net\/index.php\/2021\/05\/01\/intencje-mszalne-02-05-09-05-2021r\/#webpage\",\"url\":\"https:\/\/pakosc-kalwaria.franciszkanie.net\/index.php\/2021\/05\/01\/intencje-mszalne-02-05-09-05-2021r\/\",\"name\":\"Intencje mszalne 02.05. - 09.05.2021r. - Pako\u015b\u0107 \u2013 Kalwaria\",\"isPartOf\":{\"@id\":\"https:\/\/pakosc-kalwaria.franciszkanie.net\/#website\"},\"primaryImageOfPage\":{\"@id\":\"https:\/\/pakosc-kalwaria.franciszkanie.net\/index.php\/2021\/05\/01\/intencje-mszalne-02-05-09-05-2021r\/#primaryimage\"},\"datePublished\":\"2021-05-01T07:00:58+00:00\",\"dateModified\":\"2021-04-29T16:33:58+00:00\",\"author\":{\"@id\":\"https:\/\/pakosc-kalwaria.franciszkanie.net\/#\/schema\/person\/af10b943be0760709227d060eadcb2aa\"},\"breadcrumb\":{\"@id\":\"https:\/\/pakosc-kalwaria.franciszkanie.net\/index.php\/2021\/05\/01\/intencje-mszalne-02-05-09-05-2021r\/#breadcrumb\"},\"inLanguage\":\"pl-PL\",\"potentialAction\":[{\"@type\":\"ReadAction\",\"target\":[\"https:\/\/pakosc-kalwaria.franciszkanie.net\/index.php\/2021\/05\/01\/intencje-mszalne-02-05-09-05-2021r\/\"]}]},{\"@type\":\"BreadcrumbList\",\"@id\":\"https:\/\/pakosc-kalwaria.franciszkanie.net\/index.php\/2021\/05\/01\/intencje-mszalne-02-05-09-05-2021r\/#breadcrumb\",\"itemListElement\":[{\"@type\":\"ListItem\",\"position\":1,\"name\":\"Strona g\u0142\u00f3wna\",\"item\":\"https:\/\/pakosc-kalwaria.franciszkanie.net\/\"},{\"@type\":\"ListItem\",\"position\":2,\"name\":\"Intencje mszalne 02.05. &#8211; 09.05.2021r.\"}]},{\"@type\":\"Person\",\"@id\":\"https:\/\/pakosc-kalwaria.franciszkanie.net\/#\/schema\/person\/af10b943be0760709227d060eadcb2aa\",\"name\":\"pakosc-kalwaria\",\"image\":{\"@type\":\"ImageObject\",\"@id\":\"https:\/\/pakosc-kalwaria.franciszkanie.net\/#personlogo\",\"inLanguage\":\"pl-PL\",\"url\":\"https:\/\/secure.gravatar.com\/avatar\/e7049d338b55eac6a0027ff3218b8d02?s=96&d=mm&r=g\",\"contentUrl\":\"https:\/\/secure.gravatar.com\/avatar\/e7049d338b55eac6a0027ff3218b8d02?s=96&d=mm&r=g\",\"caption\":\"pakosc-kalwaria\"},\"sameAs\":[\"https:\/\/www.facebook.com\/KalwariaPakosc\/\"],\"url\":\"https:\/\/pakosc-kalwaria.franciszkanie.net\/index.php\/author\/pakosc-kalwaria\/\"}]}<\/script>\n<!-- \/ Yoast SEO plugin. -->","yoast_head_json":{"title":"Intencje mszalne 02.05. - 09.05.2021r. - Pako\u015b\u0107 \u2013 Kalwaria","robots":{"index":"index","follow":"follow","max-snippet":"max-snippet:-1","max-image-preview":"max-image-preview:large","max-video-preview":"max-video-preview:-1"},"canonical":"https:\/\/pakosc-kalwaria.franciszkanie.net\/index.php\/2021\/05\/01\/intencje-mszalne-02-05-09-05-2021r\/","og_locale":"pl_PL","og_type":"article","og_title":"Intencje mszalne 02.05. - 09.05.2021r. - Pako\u015b\u0107 \u2013 Kalwaria","og_description":"V Niedziela Wielkanocna &#8211;\u00a0 02.05.2021r. 9.00\u00a0 Za + Regin\u0119 \u015awiatowy w 9 r. \u015bmierci 11.00 \u00a0Za + Ludwika, ++ z rodziny Wo\u017aniak\u00f3w i Zdzis\u0142awa Gadaszewskiego Poniedzia\u0142ek\u00a0 &#8211; 03.05.2021r.\u00a0 &#8211; Uroczysto\u015b\u0107 NMP, Kr\u00f3lowej Polski, g\u0142\u00f3wnej patronki Polski\u00a0\u00a0\u00a0\u00a0\u00a0\u00a0\u00a0 9.00\u00a0 W intencji Ojczyzny oraz Polak\u00f3w w kraju i zagranic\u0105 11.00 \u00a0Z oddaniem Panu Jezusowi Mi\u0142osiernemu i Matce Bo\u017cej &hellip;","og_url":"https:\/\/pakosc-kalwaria.franciszkanie.net\/index.php\/2021\/05\/01\/intencje-mszalne-02-05-09-05-2021r\/","og_site_name":"Pako\u015b\u0107 \u2013 Kalwaria","article_author":"https:\/\/www.facebook.com\/KalwariaPakosc\/","article_published_time":"2021-05-01T07:00:58+00:00","article_modified_time":"2021-04-29T16:33:58+00:00","og_image":[{"width":400,"height":240,"url":"https:\/\/pakosc-kalwaria.franciszkanie.net\/wp-content\/uploads\/2021\/04\/unnamed-2-2.jpg","type":"image\/jpeg"}],"twitter_card":"summary","twitter_misc":{"Napisane przez":"pakosc-kalwaria","Szacowany czas czytania":"1 minuta"},"schema":{"@context":"https:\/\/schema.org","@graph":[{"@type":"WebSite","@id":"https:\/\/pakosc-kalwaria.franciszkanie.net\/#website","url":"https:\/\/pakosc-kalwaria.franciszkanie.net\/","name":"Pako\u015b\u0107 \u2013 Kalwaria","description":"Parafia Rzymsko \u2013 Katolicka p.w. Pana Jezusa Ukrzy\u017cowanego i  Matki Bo\u017cej Bolesnej ul. Barci\u0144ska 60, 88\u2013170 Pako\u015b\u0107 \u2013 Kalwaria","potentialAction":[{"@type":"SearchAction","target":{"@type":"EntryPoint","urlTemplate":"https:\/\/pakosc-kalwaria.franciszkanie.net\/?s={search_term_string}"},"query-input":"required name=search_term_string"}],"inLanguage":"pl-PL"},{"@type":"ImageObject","@id":"https:\/\/pakosc-kalwaria.franciszkanie.net\/index.php\/2021\/05\/01\/intencje-mszalne-02-05-09-05-2021r\/#primaryimage","inLanguage":"pl-PL","url":"https:\/\/pakosc-kalwaria.franciszkanie.net\/wp-content\/uploads\/2021\/04\/unnamed-2-2.jpg","contentUrl":"https:\/\/pakosc-kalwaria.franciszkanie.net\/wp-content\/uploads\/2021\/04\/unnamed-2-2.jpg","width":400,"height":240},{"@type":"WebPage","@id":"https:\/\/pakosc-kalwaria.franciszkanie.net\/index.php\/2021\/05\/01\/intencje-mszalne-02-05-09-05-2021r\/#webpage","url":"https:\/\/pakosc-kalwaria.franciszkanie.net\/index.php\/2021\/05\/01\/intencje-mszalne-02-05-09-05-2021r\/","name":"Intencje mszalne 02.05. - 09.05.2021r. - Pako\u015b\u0107 \u2013 Kalwaria","isPartOf":{"@id":"https:\/\/pakosc-kalwaria.franciszkanie.net\/#website"},"primaryImageOfPage":{"@id":"https:\/\/pakosc-kalwaria.franciszkanie.net\/index.php\/2021\/05\/01\/intencje-mszalne-02-05-09-05-2021r\/#primaryimage"},"datePublished":"2021-05-01T07:00:58+00:00","dateModified":"2021-04-29T16:33:58+00:00","author":{"@id":"https:\/\/pakosc-kalwaria.franciszkanie.net\/#\/schema\/person\/af10b943be0760709227d060eadcb2aa"},"breadcrumb":{"@id":"https:\/\/pakosc-kalwaria.franciszkanie.net\/index.php\/2021\/05\/01\/intencje-mszalne-02-05-09-05-2021r\/#breadcrumb"},"inLanguage":"pl-PL","potentialAction":[{"@type":"ReadAction","target":["https:\/\/pakosc-kalwaria.franciszkanie.net\/index.php\/2021\/05\/01\/intencje-mszalne-02-05-09-05-2021r\/"]}]},{"@type":"BreadcrumbList","@id":"https:\/\/pakosc-kalwaria.franciszkanie.net\/index.php\/2021\/05\/01\/intencje-mszalne-02-05-09-05-2021r\/#breadcrumb","itemListElement":[{"@type":"ListItem","position":1,"name":"Strona g\u0142\u00f3wna","item":"https:\/\/pakosc-kalwaria.franciszkanie.net\/"},{"@type":"ListItem","position":2,"name":"Intencje mszalne 02.05. &#8211; 09.05.2021r."}]},{"@type":"Person","@id":"https:\/\/pakosc-kalwaria.franciszkanie.net\/#\/schema\/person\/af10b943be0760709227d060eadcb2aa","name":"pakosc-kalwaria","image":{"@type":"ImageObject","@id":"https:\/\/pakosc-kalwaria.franciszkanie.net\/#personlogo","inLanguage":"pl-PL","url":"https:\/\/secure.gravatar.com\/avatar\/e7049d338b55eac6a0027ff3218b8d02?s=96&d=mm&r=g","contentUrl":"https:\/\/secure.gravatar.com\/avatar\/e7049d338b55eac6a0027ff3218b8d02?s=96&d=mm&r=g","caption":"pakosc-kalwaria"},"sameAs":["https:\/\/www.facebook.com\/KalwariaPakosc\/"],"url":"https:\/\/pakosc-kalwaria.franciszkanie.net\/index.php\/author\/pakosc-kalwaria\/"}]}},"_links":{"self":[{"href":"https:\/\/pakosc-kalwaria.franciszkanie.net\/index.php\/wp-json\/wp\/v2\/posts\/18196"}],"collection":[{"href":"https:\/\/pakosc-kalwaria.franciszkanie.net\/index.php\/wp-json\/wp\/v2\/posts"}],"about":[{"href":"https:\/\/pakosc-kalwaria.franciszkanie.net\/index.php\/wp-json\/wp\/v2\/types\/post"}],"author":[{"embeddable":true,"href":"https:\/\/pakosc-kalwaria.franciszkanie.net\/index.php\/wp-json\/wp\/v2\/users\/2"}],"replies":[{"embeddable":true,"href":"https:\/\/pakosc-kalwaria.franciszkanie.net\/index.php\/wp-json\/wp\/v2\/comments?post=18196"}],"version-history":[{"count":2,"href":"https:\/\/pakosc-kalwaria.franciszkanie.net\/index.php\/wp-json\/wp\/v2\/posts\/18196\/revisions"}],"predecessor-version":[{"id":18199,"href":"https:\/\/pakosc-kalwaria.franciszkanie.net\/index.php\/wp-json\/wp\/v2\/posts\/18196\/revisions\/18199"}],"wp:featuredmedia":[{"embeddable":true,"href":"https:\/\/pakosc-kalwaria.franciszkanie.net\/index.php\/wp-json\/wp\/v2\/media\/18197"}],"wp:attachment":[{"href":"https:\/\/pakosc-kalwaria.franciszkanie.net\/index.php\/wp-json\/wp\/v2\/media?parent=18196"}],"wp:term":[{"taxonomy":"category","embeddable":true,"href":"https:\/\/pakosc-kalwaria.franciszkanie.net\/index.php\/wp-json\/wp\/v2\/categories?post=18196"},{"taxonomy":"post_tag","embeddable":true,"href":"https:\/\/pakosc-kalwaria.franciszkanie.net\/index.php\/wp-json\/wp\/v2\/tags?post=18196"}],"curies":[{"name":"wp","href":"https:\/\/api.w.org\/{rel}","templated":true}]}}