{"id":18254,"date":"2021-05-03T08:00:10","date_gmt":"2021-05-03T06:00:10","guid":{"rendered":"http:\/\/pakosc-kalwaria.franciszkanie.net\/?p=18254"},"modified":"2021-05-10T08:04:19","modified_gmt":"2021-05-10T06:04:19","slug":"odpust-kalwaryjski-ku-czci-znalezienia-krzyza-swietego-9-maja-2021r","status":"publish","type":"post","link":"https:\/\/pakosc-kalwaria.franciszkanie.net\/index.php\/2021\/05\/03\/odpust-kalwaryjski-ku-czci-znalezienia-krzyza-swietego-9-maja-2021r\/","title":{"rendered":"Odpust Kalwaryjski ku czci Znalezienia Krzy\u017ca \u015awi\u0119tego w sobot\u0119 i niedziel\u0119 8 &#8211; 9 maja 2021r."},"content":{"rendered":"<div class=\"entry-content\">\n<div class=\"entry-content\">\n<div class=\"post_content\">\n<p><strong>Na Kalwarii Pakoskiej <span style=\"color: #ff0000;\">Odpust ku czci Znalezienia Krzy\u017ca \u015awi\u0119tego<\/span> <span style=\"color: #ff0000;\">w dniach 8 &#8211; 9 maja 2021r.<\/span><\/strong><\/p>\n<p><strong><span style=\"text-decoration: underline;\"><span style=\"color: #ff0000; text-decoration: underline;\">W sobot\u0119 8 maja 2021r.<\/span><\/span><br \/>\n<span style=\"color: #ff0000;\">W Sanktuarium Ukrzy\u017cowania<\/span><br \/>\n<span style=\"color: #ff0000;\">16.30<\/span> &#8211; Nabo\u017ce\u0144stwo majowe<br \/>\n<span style=\"color: #ff0000;\">17.00<\/span> Msza \u015bw. i uczczenie Relikwii Krzy\u017ca \u015awi\u0119tego<br \/>\n<span style=\"color: #ff0000;\">19.00 Na Kalwarii Pakoskiej Droga Krzy\u017cowa<\/span> (rozpocz\u0119cie przy kaplicy Pi\u0142ata)<br \/>\n<\/strong><br \/>\n<strong><span style=\"text-decoration: underline; color: #ff0000;\">W niedziel\u0119 9 maja 2021r. <\/span><br \/>\n<span style=\"color: #ff0000;\">W Sanktuarium Ukrzy\u017cowania<\/span><br \/>\n<span style=\"color: #ff0000;\">9.00<\/span> Msza \u015bw. i uczczenie Relikwii Krzy\u017ca \u015awi\u0119tego<br \/>\nPo Mszy \u015bw. nabo\u017ce\u0144stwo majowe<br \/>\n<span style=\"color: #ff0000;\"><br \/>\n11.30 Nabo\u017ce\u0144stwo przy Relikwiach Krzy\u017ca \u015awi\u0119tego <\/span>\u2013 o\u0142tarz polowy <span style=\"color: #ff0000;\"><br \/>\n12.00 Suma Odpustowa<\/span> na Wzg\u00f3rzu kalwaryjskim przy o\u0142tarzu polowym pod przewodnictwem o. Eliota Mareckiego, definitora i gwardiana z Osiecznej.<br \/>\n<\/strong><\/p>\n<p><strong>Serdecznie zapraszaj\u0105 Franciszkanie z Pako\u015bci<br \/>\n<\/strong><br \/>\n<strong><br \/>\nZ historii\u2026.<\/strong><br \/>\nMatka cesarza Konstantyna Wielkiego, \u015bw. Helena odby\u0142a w roku 324 pielgrzymk\u0119 do Ziemi \u015awi\u0119tej. Tam w pustym zbiorniku na wod\u0119, tu\u017c obok Golgoty, znalaz\u0142a kilka drewnianych krzy\u017cy \u2013 narz\u0119dzi wykonywanych egzekucji. Jeden z nich wykazywa\u0142 cudown\u0105 moc uzdrawiania chorych. Uznano wi\u0119c, \u017ce jest to ten sam krzy\u017c, na kt\u00f3rym zawis\u0142o cia\u0142o Chrystusa.<\/p>\n<p><em>(\u2026) Matka cesarza dowiedzia\u0142a si\u0119 o tym wszystkim. Kiedy wi\u0119c kaza\u0142a usun\u0105\u0107 pos\u0105g b\u00f3stwa, wybra\u0107 ziemi\u0119 z tego miejsca i oczy\u015bci\u0107 je z nawarstwie\u0144, znajduje trzy krzy\u017ce w grobie: jeden naj\u015bwi\u0119tszy, na kt\u00f3rym rozpi\u0119to kiedy\u015b Chrystusa, dwa inne natomiast \u2013 na kt\u00f3rych zmarli ukrzy\u017cowani z nim \u0142otrowie. R\u00f3wnocze\u015bnie znaleziono tak\u017ce tabliczk\u0119 Pi\u0142ata, na kt\u00f3rej obwie\u015bci\u0142 on w r\u00f3\u017cnych j\u0119zykach i za po\u015brednictwem r\u00f3\u017cnych alfabet\u00f3w, \u017ce ukrzy\u017cowany Chrystus by\u0142 kr\u00f3lem \u017cydowskim. A poniewa\u017c nie by\u0142o pewno\u015bci co do tego, kt\u00f3ry ze znalezionych krzy\u017cy jest poszukiwanym Krzy\u017cem, nie byle jakie zmartwienie prze\u017cywa\u0142a matka cesarza. Wkr\u00f3tce jednak usuwa powody smutku biskup Jerozolimy, nosz\u0105cy imi\u0119 Makary. Rozprasza on w\u0105tpliwo\u015bci, id\u0105c za \u015bwiat\u0142em wiary. Prosi bowiem Boga o znak i otrzymuje go. A znak ten by\u0142 taki: pewna kobieta, jedna z mieszczanek Konstantynopola, od dawna ci\u0119\u017ck\u0105 z\u0142o\u017cona chorob\u0105, bliska ju\u017c by\u0142a \u015bmierci. Rozkaza\u0142 tedy biskup, by do \u0142o\u017ca umieraj\u0105cej przyniesiono kolejno ka\u017cdy z trzech krzy\u017cy: wierzy\u0142 on niez\u0142omnie, \u017ce kobieta wyzdrowieje, je\u015bli dotknie \u015bwi\u0119tego Krzy\u017ca. I nie zawi\u00f3d\u0142 si\u0119 w swej nadziei. Kiedy bowiem przynoszono jeden po drugim krzy\u017ce, nie b\u0119d\u0105ce drzewem M\u0119ki Pa\u0144skiej, kobieta w dalszym ci\u0105gu bliska by\u0142a \u015bmierci, tak jak i poprzednio. Skoro jednak wniesiono trzeci krzy\u017c, ten prawdziwy, umieraj\u0105ca natychmiast nabra\u0142a si\u0142 i ca\u0142kowicie wr\u00f3ci\u0142a do zdrowia. W ten spos\u00f3b odnalezione zosta\u0142o drzewo Krzy\u017ca \u015awi\u0119tego\u201d. (Przek\u0142ad niniejszego fragmentu zaczerpni\u0119to z ksi\u0105\u017cki Sokrates Scholastyk, 1986, \u201eHistoria Ko\u015bcio\u0142a 1\u201d, 17, t\u0142um. S. Kazikowski, IW PAX, s. 109-110).<\/em><\/p>\n<p><strong>Modlitwa: <\/strong>Bo\u017ce, kt\u00f3ry\u015b w chwalebnym znalezieniu zbawiennego krzy\u017ca swego odnowi\u0142 cud swej m\u0119ki, spraw mi\u0142o\u015bciwie, a\u017ceby\u015bmy cen\u0105 krwi wylanej na tym drzewie \u017cywota osi\u0105gn\u0119li \u0142aski potrzebne do \u017cywota wiekuistego. Kt\u00f3ry \u017cyjesz i kr\u00f3lujesz w Niebie i na ziemi. Amen.<br \/>\n<strong><u><br \/>\n<span style=\"color: #ff0000;\"><br \/>\nUroczysto\u015bci Odpustowe na Kalwarii Pakoskiej w 2021r. <\/span><\/u><br \/>\n<\/strong><strong><u><br \/>\n<span style=\"color: #ff0000;\">16 maja (niedziela)<\/span><\/u><\/strong><span style=\"color: #ff0000;\"><strong> \u2013 Odpust Wniebowst\u0105pienia Pa\u0144skiego <\/strong><\/span><strong><br \/>\nSuma Odpustowa o 12.00 przy Kaplicy Wniebowst\u0105pienia<br \/>\n<u><br \/>\n<span style=\"color: #ff0000;\">24 maja (poniedzia\u0142ek)<\/span><\/u><span style=\"color: #ff0000;\"> \u2013 Odpust w II Dzie\u0144 \u015awi\u0105t Zes\u0142ania Ducha \u015awi\u0119tego<\/span><br \/>\nSuma Odpustowa o 10.00 przy Kaplicy Wieczernik<br \/>\n<u><br \/>\n<span style=\"color: #ff0000;\">1 lipca (czwartek)<\/span><\/u><span style=\"color: #ff0000;\"> \u2013 Odpust ku czci Najdro\u017cszej Krwi Chrystusa<\/span><br \/>\nSuma Odpustowa o 10.00 przy Kaplicy Kajfasz \u2013 Wi\u0119zienie<br \/>\n<u><br \/>\n<span style=\"color: #ff0000;\">15 sierpnia (niedziela)<\/span><\/u><span style=\"color: #ff0000;\"> \u2013 Odpust ku czci Wniebowzi\u0119cia NMP<\/span><br \/>\nSuma Odpustowa o 12.00 przy Kaplicy Wniebowzi\u0119cia NMP<br \/>\n<u><br \/>\n<span style=\"color: #ff0000;\">19 wrze\u015bnia (niedziela)<\/span><\/u><span style=\"color: #ff0000;\"> \u2013 Odpust ku czci Podwy\u017cszenia Krzy\u017ca \u015awi\u0119tego<\/span><br \/>\nSuma Odpustowa o 12.00 &#8211; przy o\u0142tarzu polowym<br \/>\n&#8211; w sobot\u0119 (18.09.) o 19.00<\/strong> <strong>Droga Krzy\u017cowa na Kalwarii<\/strong> <strong>(rozpocz\u0119cie przy Kaplicy Pi\u0142ata)<\/strong><\/p>\n<p><strong>Franciszkanie<\/strong><strong> z Pako\u015bci serdecznie zapraszaj\u0105 <\/strong><\/p>\n<\/div>\n<\/div>\n<\/div>\n","protected":false},"excerpt":{"rendered":"<p>Na Kalwarii Pakoskiej Odpust ku czci Znalezienia Krzy\u017ca \u015awi\u0119tego w dniach 8 &#8211; 9 maja 2021r. W sobot\u0119 8 maja 2021r. W Sanktuarium Ukrzy\u017cowania 16.30 &#8211; Nabo\u017ce\u0144stwo majowe 17.00 Msza \u015bw. i uczczenie Relikwii Krzy\u017ca \u015awi\u0119tego 19.00 Na Kalwarii Pakoskiej Droga Krzy\u017cowa (rozpocz\u0119cie przy kaplicy Pi\u0142ata) W niedziel\u0119 9 maja 2021r. W Sanktuarium Ukrzy\u017cowania 9.00 &hellip;<\/p>\n","protected":false},"author":2,"featured_media":18330,"comment_status":"closed","ping_status":"closed","sticky":false,"template":"","format":"standard","meta":{"_mi_skip_tracking":false,"_exactmetrics_sitenote_active":false,"_exactmetrics_sitenote_note":"","_exactmetrics_sitenote_category":0},"categories":[13],"tags":[],"yoast_head":"<!-- This site is optimized with the Yoast SEO plugin v18.1 - https:\/\/yoast.com\/wordpress\/plugins\/seo\/ -->\n<title>Odpust Kalwaryjski ku czci Znalezienia Krzy\u017ca \u015awi\u0119tego w sobot\u0119 i niedziel\u0119 8 - 9 maja 2021r. - Pako\u015b\u0107 \u2013 Kalwaria<\/title>\n<meta name=\"robots\" content=\"index, follow, max-snippet:-1, max-image-preview:large, max-video-preview:-1\" \/>\n<link rel=\"canonical\" href=\"https:\/\/pakosc-kalwaria.franciszkanie.net\/index.php\/2021\/05\/03\/odpust-kalwaryjski-ku-czci-znalezienia-krzyza-swietego-9-maja-2021r\/\" \/>\n<meta property=\"og:locale\" content=\"pl_PL\" \/>\n<meta property=\"og:type\" content=\"article\" \/>\n<meta property=\"og:title\" content=\"Odpust Kalwaryjski ku czci Znalezienia Krzy\u017ca \u015awi\u0119tego w sobot\u0119 i niedziel\u0119 8 - 9 maja 2021r. - Pako\u015b\u0107 \u2013 Kalwaria\" \/>\n<meta property=\"og:description\" content=\"Na Kalwarii Pakoskiej Odpust ku czci Znalezienia Krzy\u017ca \u015awi\u0119tego w dniach 8 &#8211; 9 maja 2021r. W sobot\u0119 8 maja 2021r. W Sanktuarium Ukrzy\u017cowania 16.30 &#8211; Nabo\u017ce\u0144stwo majowe 17.00 Msza \u015bw. i uczczenie Relikwii Krzy\u017ca \u015awi\u0119tego 19.00 Na Kalwarii Pakoskiej Droga Krzy\u017cowa (rozpocz\u0119cie przy kaplicy Pi\u0142ata) W niedziel\u0119 9 maja 2021r. W Sanktuarium Ukrzy\u017cowania 9.00 &hellip;\" \/>\n<meta property=\"og:url\" content=\"https:\/\/pakosc-kalwaria.franciszkanie.net\/index.php\/2021\/05\/03\/odpust-kalwaryjski-ku-czci-znalezienia-krzyza-swietego-9-maja-2021r\/\" \/>\n<meta property=\"og:site_name\" content=\"Pako\u015b\u0107 \u2013 Kalwaria\" \/>\n<meta property=\"article:author\" content=\"https:\/\/www.facebook.com\/KalwariaPakosc\/\" \/>\n<meta property=\"article:published_time\" content=\"2021-05-03T06:00:10+00:00\" \/>\n<meta property=\"article:modified_time\" content=\"2021-05-10T06:04:19+00:00\" \/>\n<meta property=\"og:image\" content=\"https:\/\/pakosc-kalwaria.franciszkanie.net\/wp-content\/uploads\/2021\/05\/179753379_295326255429508_6499099756701325713_n.jpg\" \/>\n\t<meta property=\"og:image:width\" content=\"250\" \/>\n\t<meta property=\"og:image:height\" content=\"353\" \/>\n\t<meta property=\"og:image:type\" content=\"image\/jpeg\" \/>\n<meta name=\"twitter:card\" content=\"summary\" \/>\n<meta name=\"twitter:label1\" content=\"Napisane przez\" \/>\n\t<meta name=\"twitter:data1\" content=\"pakosc-kalwaria\" \/>\n\t<meta name=\"twitter:label2\" content=\"Szacowany czas czytania\" \/>\n\t<meta name=\"twitter:data2\" content=\"3 minuty\" \/>\n<script type=\"application\/ld+json\" class=\"yoast-schema-graph\">{\"@context\":\"https:\/\/schema.org\",\"@graph\":[{\"@type\":\"WebSite\",\"@id\":\"https:\/\/pakosc-kalwaria.franciszkanie.net\/#website\",\"url\":\"https:\/\/pakosc-kalwaria.franciszkanie.net\/\",\"name\":\"Pako\u015b\u0107 \u2013 Kalwaria\",\"description\":\"Parafia Rzymsko \u2013 Katolicka p.w. Pana Jezusa Ukrzy\u017cowanego i  Matki Bo\u017cej Bolesnej ul. Barci\u0144ska 60, 88\u2013170 Pako\u015b\u0107 \u2013 Kalwaria\",\"potentialAction\":[{\"@type\":\"SearchAction\",\"target\":{\"@type\":\"EntryPoint\",\"urlTemplate\":\"https:\/\/pakosc-kalwaria.franciszkanie.net\/?s={search_term_string}\"},\"query-input\":\"required name=search_term_string\"}],\"inLanguage\":\"pl-PL\"},{\"@type\":\"ImageObject\",\"@id\":\"https:\/\/pakosc-kalwaria.franciszkanie.net\/index.php\/2021\/05\/03\/odpust-kalwaryjski-ku-czci-znalezienia-krzyza-swietego-9-maja-2021r\/#primaryimage\",\"inLanguage\":\"pl-PL\",\"url\":\"https:\/\/pakosc-kalwaria.franciszkanie.net\/wp-content\/uploads\/2021\/05\/179753379_295326255429508_6499099756701325713_n.jpg\",\"contentUrl\":\"https:\/\/pakosc-kalwaria.franciszkanie.net\/wp-content\/uploads\/2021\/05\/179753379_295326255429508_6499099756701325713_n.jpg\",\"width\":250,\"height\":353},{\"@type\":\"WebPage\",\"@id\":\"https:\/\/pakosc-kalwaria.franciszkanie.net\/index.php\/2021\/05\/03\/odpust-kalwaryjski-ku-czci-znalezienia-krzyza-swietego-9-maja-2021r\/#webpage\",\"url\":\"https:\/\/pakosc-kalwaria.franciszkanie.net\/index.php\/2021\/05\/03\/odpust-kalwaryjski-ku-czci-znalezienia-krzyza-swietego-9-maja-2021r\/\",\"name\":\"Odpust Kalwaryjski ku czci Znalezienia Krzy\u017ca \u015awi\u0119tego w sobot\u0119 i niedziel\u0119 8 - 9 maja 2021r. - Pako\u015b\u0107 \u2013 Kalwaria\",\"isPartOf\":{\"@id\":\"https:\/\/pakosc-kalwaria.franciszkanie.net\/#website\"},\"primaryImageOfPage\":{\"@id\":\"https:\/\/pakosc-kalwaria.franciszkanie.net\/index.php\/2021\/05\/03\/odpust-kalwaryjski-ku-czci-znalezienia-krzyza-swietego-9-maja-2021r\/#primaryimage\"},\"datePublished\":\"2021-05-03T06:00:10+00:00\",\"dateModified\":\"2021-05-10T06:04:19+00:00\",\"author\":{\"@id\":\"https:\/\/pakosc-kalwaria.franciszkanie.net\/#\/schema\/person\/af10b943be0760709227d060eadcb2aa\"},\"breadcrumb\":{\"@id\":\"https:\/\/pakosc-kalwaria.franciszkanie.net\/index.php\/2021\/05\/03\/odpust-kalwaryjski-ku-czci-znalezienia-krzyza-swietego-9-maja-2021r\/#breadcrumb\"},\"inLanguage\":\"pl-PL\",\"potentialAction\":[{\"@type\":\"ReadAction\",\"target\":[\"https:\/\/pakosc-kalwaria.franciszkanie.net\/index.php\/2021\/05\/03\/odpust-kalwaryjski-ku-czci-znalezienia-krzyza-swietego-9-maja-2021r\/\"]}]},{\"@type\":\"BreadcrumbList\",\"@id\":\"https:\/\/pakosc-kalwaria.franciszkanie.net\/index.php\/2021\/05\/03\/odpust-kalwaryjski-ku-czci-znalezienia-krzyza-swietego-9-maja-2021r\/#breadcrumb\",\"itemListElement\":[{\"@type\":\"ListItem\",\"position\":1,\"name\":\"Strona g\u0142\u00f3wna\",\"item\":\"https:\/\/pakosc-kalwaria.franciszkanie.net\/\"},{\"@type\":\"ListItem\",\"position\":2,\"name\":\"Odpust Kalwaryjski ku czci Znalezienia Krzy\u017ca \u015awi\u0119tego w sobot\u0119 i niedziel\u0119 8 &#8211; 9 maja 2021r.\"}]},{\"@type\":\"Person\",\"@id\":\"https:\/\/pakosc-kalwaria.franciszkanie.net\/#\/schema\/person\/af10b943be0760709227d060eadcb2aa\",\"name\":\"pakosc-kalwaria\",\"image\":{\"@type\":\"ImageObject\",\"@id\":\"https:\/\/pakosc-kalwaria.franciszkanie.net\/#personlogo\",\"inLanguage\":\"pl-PL\",\"url\":\"https:\/\/secure.gravatar.com\/avatar\/e7049d338b55eac6a0027ff3218b8d02?s=96&d=mm&r=g\",\"contentUrl\":\"https:\/\/secure.gravatar.com\/avatar\/e7049d338b55eac6a0027ff3218b8d02?s=96&d=mm&r=g\",\"caption\":\"pakosc-kalwaria\"},\"sameAs\":[\"https:\/\/www.facebook.com\/KalwariaPakosc\/\"],\"url\":\"https:\/\/pakosc-kalwaria.franciszkanie.net\/index.php\/author\/pakosc-kalwaria\/\"}]}<\/script>\n<!-- \/ Yoast SEO plugin. -->","yoast_head_json":{"title":"Odpust Kalwaryjski ku czci Znalezienia Krzy\u017ca \u015awi\u0119tego w sobot\u0119 i niedziel\u0119 8 - 9 maja 2021r. - Pako\u015b\u0107 \u2013 Kalwaria","robots":{"index":"index","follow":"follow","max-snippet":"max-snippet:-1","max-image-preview":"max-image-preview:large","max-video-preview":"max-video-preview:-1"},"canonical":"https:\/\/pakosc-kalwaria.franciszkanie.net\/index.php\/2021\/05\/03\/odpust-kalwaryjski-ku-czci-znalezienia-krzyza-swietego-9-maja-2021r\/","og_locale":"pl_PL","og_type":"article","og_title":"Odpust Kalwaryjski ku czci Znalezienia Krzy\u017ca \u015awi\u0119tego w sobot\u0119 i niedziel\u0119 8 - 9 maja 2021r. - Pako\u015b\u0107 \u2013 Kalwaria","og_description":"Na Kalwarii Pakoskiej Odpust ku czci Znalezienia Krzy\u017ca \u015awi\u0119tego w dniach 8 &#8211; 9 maja 2021r. W sobot\u0119 8 maja 2021r. W Sanktuarium Ukrzy\u017cowania 16.30 &#8211; Nabo\u017ce\u0144stwo majowe 17.00 Msza \u015bw. i uczczenie Relikwii Krzy\u017ca \u015awi\u0119tego 19.00 Na Kalwarii Pakoskiej Droga Krzy\u017cowa (rozpocz\u0119cie przy kaplicy Pi\u0142ata) W niedziel\u0119 9 maja 2021r. W Sanktuarium Ukrzy\u017cowania 9.00 &hellip;","og_url":"https:\/\/pakosc-kalwaria.franciszkanie.net\/index.php\/2021\/05\/03\/odpust-kalwaryjski-ku-czci-znalezienia-krzyza-swietego-9-maja-2021r\/","og_site_name":"Pako\u015b\u0107 \u2013 Kalwaria","article_author":"https:\/\/www.facebook.com\/KalwariaPakosc\/","article_published_time":"2021-05-03T06:00:10+00:00","article_modified_time":"2021-05-10T06:04:19+00:00","og_image":[{"width":250,"height":353,"url":"https:\/\/pakosc-kalwaria.franciszkanie.net\/wp-content\/uploads\/2021\/05\/179753379_295326255429508_6499099756701325713_n.jpg","type":"image\/jpeg"}],"twitter_card":"summary","twitter_misc":{"Napisane przez":"pakosc-kalwaria","Szacowany czas czytania":"3 minuty"},"schema":{"@context":"https:\/\/schema.org","@graph":[{"@type":"WebSite","@id":"https:\/\/pakosc-kalwaria.franciszkanie.net\/#website","url":"https:\/\/pakosc-kalwaria.franciszkanie.net\/","name":"Pako\u015b\u0107 \u2013 Kalwaria","description":"Parafia Rzymsko \u2013 Katolicka p.w. Pana Jezusa Ukrzy\u017cowanego i  Matki Bo\u017cej Bolesnej ul. Barci\u0144ska 60, 88\u2013170 Pako\u015b\u0107 \u2013 Kalwaria","potentialAction":[{"@type":"SearchAction","target":{"@type":"EntryPoint","urlTemplate":"https:\/\/pakosc-kalwaria.franciszkanie.net\/?s={search_term_string}"},"query-input":"required name=search_term_string"}],"inLanguage":"pl-PL"},{"@type":"ImageObject","@id":"https:\/\/pakosc-kalwaria.franciszkanie.net\/index.php\/2021\/05\/03\/odpust-kalwaryjski-ku-czci-znalezienia-krzyza-swietego-9-maja-2021r\/#primaryimage","inLanguage":"pl-PL","url":"https:\/\/pakosc-kalwaria.franciszkanie.net\/wp-content\/uploads\/2021\/05\/179753379_295326255429508_6499099756701325713_n.jpg","contentUrl":"https:\/\/pakosc-kalwaria.franciszkanie.net\/wp-content\/uploads\/2021\/05\/179753379_295326255429508_6499099756701325713_n.jpg","width":250,"height":353},{"@type":"WebPage","@id":"https:\/\/pakosc-kalwaria.franciszkanie.net\/index.php\/2021\/05\/03\/odpust-kalwaryjski-ku-czci-znalezienia-krzyza-swietego-9-maja-2021r\/#webpage","url":"https:\/\/pakosc-kalwaria.franciszkanie.net\/index.php\/2021\/05\/03\/odpust-kalwaryjski-ku-czci-znalezienia-krzyza-swietego-9-maja-2021r\/","name":"Odpust Kalwaryjski ku czci Znalezienia Krzy\u017ca \u015awi\u0119tego w sobot\u0119 i niedziel\u0119 8 - 9 maja 2021r. - Pako\u015b\u0107 \u2013 Kalwaria","isPartOf":{"@id":"https:\/\/pakosc-kalwaria.franciszkanie.net\/#website"},"primaryImageOfPage":{"@id":"https:\/\/pakosc-kalwaria.franciszkanie.net\/index.php\/2021\/05\/03\/odpust-kalwaryjski-ku-czci-znalezienia-krzyza-swietego-9-maja-2021r\/#primaryimage"},"datePublished":"2021-05-03T06:00:10+00:00","dateModified":"2021-05-10T06:04:19+00:00","author":{"@id":"https:\/\/pakosc-kalwaria.franciszkanie.net\/#\/schema\/person\/af10b943be0760709227d060eadcb2aa"},"breadcrumb":{"@id":"https:\/\/pakosc-kalwaria.franciszkanie.net\/index.php\/2021\/05\/03\/odpust-kalwaryjski-ku-czci-znalezienia-krzyza-swietego-9-maja-2021r\/#breadcrumb"},"inLanguage":"pl-PL","potentialAction":[{"@type":"ReadAction","target":["https:\/\/pakosc-kalwaria.franciszkanie.net\/index.php\/2021\/05\/03\/odpust-kalwaryjski-ku-czci-znalezienia-krzyza-swietego-9-maja-2021r\/"]}]},{"@type":"BreadcrumbList","@id":"https:\/\/pakosc-kalwaria.franciszkanie.net\/index.php\/2021\/05\/03\/odpust-kalwaryjski-ku-czci-znalezienia-krzyza-swietego-9-maja-2021r\/#breadcrumb","itemListElement":[{"@type":"ListItem","position":1,"name":"Strona g\u0142\u00f3wna","item":"https:\/\/pakosc-kalwaria.franciszkanie.net\/"},{"@type":"ListItem","position":2,"name":"Odpust Kalwaryjski ku czci Znalezienia Krzy\u017ca \u015awi\u0119tego w sobot\u0119 i niedziel\u0119 8 &#8211; 9 maja 2021r."}]},{"@type":"Person","@id":"https:\/\/pakosc-kalwaria.franciszkanie.net\/#\/schema\/person\/af10b943be0760709227d060eadcb2aa","name":"pakosc-kalwaria","image":{"@type":"ImageObject","@id":"https:\/\/pakosc-kalwaria.franciszkanie.net\/#personlogo","inLanguage":"pl-PL","url":"https:\/\/secure.gravatar.com\/avatar\/e7049d338b55eac6a0027ff3218b8d02?s=96&d=mm&r=g","contentUrl":"https:\/\/secure.gravatar.com\/avatar\/e7049d338b55eac6a0027ff3218b8d02?s=96&d=mm&r=g","caption":"pakosc-kalwaria"},"sameAs":["https:\/\/www.facebook.com\/KalwariaPakosc\/"],"url":"https:\/\/pakosc-kalwaria.franciszkanie.net\/index.php\/author\/pakosc-kalwaria\/"}]}},"_links":{"self":[{"href":"https:\/\/pakosc-kalwaria.franciszkanie.net\/index.php\/wp-json\/wp\/v2\/posts\/18254"}],"collection":[{"href":"https:\/\/pakosc-kalwaria.franciszkanie.net\/index.php\/wp-json\/wp\/v2\/posts"}],"about":[{"href":"https:\/\/pakosc-kalwaria.franciszkanie.net\/index.php\/wp-json\/wp\/v2\/types\/post"}],"author":[{"embeddable":true,"href":"https:\/\/pakosc-kalwaria.franciszkanie.net\/index.php\/wp-json\/wp\/v2\/users\/2"}],"replies":[{"embeddable":true,"href":"https:\/\/pakosc-kalwaria.franciszkanie.net\/index.php\/wp-json\/wp\/v2\/comments?post=18254"}],"version-history":[{"count":7,"href":"https:\/\/pakosc-kalwaria.franciszkanie.net\/index.php\/wp-json\/wp\/v2\/posts\/18254\/revisions"}],"predecessor-version":[{"id":18267,"href":"https:\/\/pakosc-kalwaria.franciszkanie.net\/index.php\/wp-json\/wp\/v2\/posts\/18254\/revisions\/18267"}],"wp:featuredmedia":[{"embeddable":true,"href":"https:\/\/pakosc-kalwaria.franciszkanie.net\/index.php\/wp-json\/wp\/v2\/media\/18330"}],"wp:attachment":[{"href":"https:\/\/pakosc-kalwaria.franciszkanie.net\/index.php\/wp-json\/wp\/v2\/media?parent=18254"}],"wp:term":[{"taxonomy":"category","embeddable":true,"href":"https:\/\/pakosc-kalwaria.franciszkanie.net\/index.php\/wp-json\/wp\/v2\/categories?post=18254"},{"taxonomy":"post_tag","embeddable":true,"href":"https:\/\/pakosc-kalwaria.franciszkanie.net\/index.php\/wp-json\/wp\/v2\/tags?post=18254"}],"curies":[{"name":"wp","href":"https:\/\/api.w.org\/{rel}","templated":true}]}}