{"id":18283,"date":"2021-05-01T07:15:41","date_gmt":"2021-05-01T05:15:41","guid":{"rendered":"http:\/\/pakosc-kalwaria.franciszkanie.net\/?p=18283"},"modified":"2021-05-03T12:41:36","modified_gmt":"2021-05-03T10:41:36","slug":"uroczystosc-nmp-krolowej-polski-3-maja","status":"publish","type":"post","link":"https:\/\/pakosc-kalwaria.franciszkanie.net\/index.php\/2021\/05\/01\/uroczystosc-nmp-krolowej-polski-3-maja\/","title":{"rendered":"Uroczysto\u015b\u0107 NMP Kr\u00f3lowej Polski &#8211; poniedzia\u0142ek 3 maja"},"content":{"rendered":"<p><strong>W naszym kalwaryjskim Sanktuarium Ukrzy\u017cowania <span style=\"color: #ff0000;\">w Uroczysto\u015b\u0107 NMP Kr\u00f3lowej Polski, w poniedzia\u0142ek 3 maja<\/span>:<br \/>\n<span style=\"color: #ff0000;\">Msze \u015bwi\u0119te<\/span> o 9.00 i 11.00<br \/>\n<span style=\"color: #ff0000;\">Nabo\u017ce\u0144stwo majowe<\/span> o 10.30 <\/strong><br \/>\n<strong><br \/>\nFranciszkaninie serdecznie zapraszaj\u0105<\/strong><\/p>\n<p><strong><br \/>\nUroczysto\u015b\u0107 NMP Kr\u00f3lowej Polski ma \u015bcis\u0142y zwi\u0105zek z polsk\u0105 histori\u0105 i tradycj\u0105. <\/strong>Pocz\u0105tki tego \u015bwi\u0119ta si\u0119gaj\u0105 czas\u00f3w najazdu szwedzkiego na Polsk\u0119. To w tamtym czasie kr\u00f3l Jan Kazimierz widz\u0105c ratunek w Maryi, 1 kwietnia 1656r. w katedrze we Lwowie w imieniu ca\u0142ego polskiego narodu z\u0142o\u017cy\u0142 uroczyste \u015bluby Matce Bo\u017cej, obieraj\u0105c J\u0105 na Kr\u00f3low\u0105 Polski. Maryja wtedy swym matczynym p\u0142aszczem uchroni\u0142a Polsk\u0119. Potem ten tytu\u0142 Kr\u00f3lowej Polski potwierdzi\u0142 w 1923 roku papie\u017c Pius XI, kt\u00f3ry ustanowi\u0142 \u015bwi\u0119to NMP Kr\u00f3lowej Polski i pozwoli\u0142 je obchodzi\u0107 3 maja, a papie\u017c \u015bw. Jan XXII w 1962 roku ustanowi\u0142 Maryj\u0119 Kr\u00f3low\u0105 Polski g\u0142\u00f3wn\u0105 Patronk\u0105 naszej Ojczyzny. Data obchodzenia tego \u015bwi\u0119ta upami\u0119tnia pierwsz\u0105 polsk\u0105 konstytucj\u0119 z dnia 3 maja 1791 roku.<\/p>\n","protected":false},"excerpt":{"rendered":"<p>W naszym kalwaryjskim Sanktuarium Ukrzy\u017cowania w Uroczysto\u015b\u0107 NMP Kr\u00f3lowej Polski, w poniedzia\u0142ek 3 maja: Msze \u015bwi\u0119te o 9.00 i 11.00 Nabo\u017ce\u0144stwo majowe o 10.30 Franciszkaninie serdecznie zapraszaj\u0105 Uroczysto\u015b\u0107 NMP Kr\u00f3lowej Polski ma \u015bcis\u0142y zwi\u0105zek z polsk\u0105 histori\u0105 i tradycj\u0105. Pocz\u0105tki tego \u015bwi\u0119ta si\u0119gaj\u0105 czas\u00f3w najazdu szwedzkiego na Polsk\u0119. To w tamtym czasie kr\u00f3l Jan Kazimierz &hellip;<\/p>\n","protected":false},"author":2,"featured_media":18284,"comment_status":"closed","ping_status":"closed","sticky":false,"template":"","format":"standard","meta":{"_mi_skip_tracking":false,"_exactmetrics_sitenote_active":false,"_exactmetrics_sitenote_note":"","_exactmetrics_sitenote_category":0},"categories":[13],"tags":[],"yoast_head":"<!-- This site is optimized with the Yoast SEO plugin v18.1 - https:\/\/yoast.com\/wordpress\/plugins\/seo\/ -->\n<title>Uroczysto\u015b\u0107 NMP Kr\u00f3lowej Polski - poniedzia\u0142ek 3 maja - Pako\u015b\u0107 \u2013 Kalwaria<\/title>\n<meta name=\"robots\" content=\"index, follow, max-snippet:-1, max-image-preview:large, max-video-preview:-1\" \/>\n<link rel=\"canonical\" href=\"https:\/\/pakosc-kalwaria.franciszkanie.net\/index.php\/2021\/05\/01\/uroczystosc-nmp-krolowej-polski-3-maja\/\" \/>\n<meta property=\"og:locale\" content=\"pl_PL\" \/>\n<meta property=\"og:type\" content=\"article\" \/>\n<meta property=\"og:title\" content=\"Uroczysto\u015b\u0107 NMP Kr\u00f3lowej Polski - poniedzia\u0142ek 3 maja - Pako\u015b\u0107 \u2013 Kalwaria\" \/>\n<meta property=\"og:description\" content=\"W naszym kalwaryjskim Sanktuarium Ukrzy\u017cowania w Uroczysto\u015b\u0107 NMP Kr\u00f3lowej Polski, w poniedzia\u0142ek 3 maja: Msze \u015bwi\u0119te o 9.00 i 11.00 Nabo\u017ce\u0144stwo majowe o 10.30 Franciszkaninie serdecznie zapraszaj\u0105 Uroczysto\u015b\u0107 NMP Kr\u00f3lowej Polski ma \u015bcis\u0142y zwi\u0105zek z polsk\u0105 histori\u0105 i tradycj\u0105. Pocz\u0105tki tego \u015bwi\u0119ta si\u0119gaj\u0105 czas\u00f3w najazdu szwedzkiego na Polsk\u0119. To w tamtym czasie kr\u00f3l Jan Kazimierz &hellip;\" \/>\n<meta property=\"og:url\" content=\"https:\/\/pakosc-kalwaria.franciszkanie.net\/index.php\/2021\/05\/01\/uroczystosc-nmp-krolowej-polski-3-maja\/\" \/>\n<meta property=\"og:site_name\" content=\"Pako\u015b\u0107 \u2013 Kalwaria\" \/>\n<meta property=\"article:author\" content=\"https:\/\/www.facebook.com\/KalwariaPakosc\/\" \/>\n<meta property=\"article:published_time\" content=\"2021-05-01T05:15:41+00:00\" \/>\n<meta property=\"article:modified_time\" content=\"2021-05-03T10:41:36+00:00\" \/>\n<meta property=\"og:image\" content=\"https:\/\/pakosc-kalwaria.franciszkanie.net\/wp-content\/uploads\/2021\/05\/6-4-1024x682.jpg\" \/>\n\t<meta property=\"og:image:width\" content=\"300\" \/>\n\t<meta property=\"og:image:height\" content=\"200\" \/>\n\t<meta property=\"og:image:type\" content=\"image\/jpeg\" \/>\n<meta name=\"twitter:card\" content=\"summary\" \/>\n<meta name=\"twitter:label1\" content=\"Napisane przez\" \/>\n\t<meta name=\"twitter:data1\" content=\"pakosc-kalwaria\" \/>\n\t<meta name=\"twitter:label2\" content=\"Szacowany czas czytania\" \/>\n\t<meta name=\"twitter:data2\" content=\"1 minuta\" \/>\n<script type=\"application\/ld+json\" class=\"yoast-schema-graph\">{\"@context\":\"https:\/\/schema.org\",\"@graph\":[{\"@type\":\"WebSite\",\"@id\":\"https:\/\/pakosc-kalwaria.franciszkanie.net\/#website\",\"url\":\"https:\/\/pakosc-kalwaria.franciszkanie.net\/\",\"name\":\"Pako\u015b\u0107 \u2013 Kalwaria\",\"description\":\"Parafia Rzymsko \u2013 Katolicka p.w. Pana Jezusa Ukrzy\u017cowanego i  Matki Bo\u017cej Bolesnej ul. Barci\u0144ska 60, 88\u2013170 Pako\u015b\u0107 \u2013 Kalwaria\",\"potentialAction\":[{\"@type\":\"SearchAction\",\"target\":{\"@type\":\"EntryPoint\",\"urlTemplate\":\"https:\/\/pakosc-kalwaria.franciszkanie.net\/?s={search_term_string}\"},\"query-input\":\"required name=search_term_string\"}],\"inLanguage\":\"pl-PL\"},{\"@type\":\"ImageObject\",\"@id\":\"https:\/\/pakosc-kalwaria.franciszkanie.net\/index.php\/2021\/05\/01\/uroczystosc-nmp-krolowej-polski-3-maja\/#primaryimage\",\"inLanguage\":\"pl-PL\",\"url\":\"https:\/\/pakosc-kalwaria.franciszkanie.net\/wp-content\/uploads\/2021\/05\/6-4-1024x682.jpg\",\"contentUrl\":\"https:\/\/pakosc-kalwaria.franciszkanie.net\/wp-content\/uploads\/2021\/05\/6-4-1024x682.jpg\",\"width\":300,\"height\":200},{\"@type\":\"WebPage\",\"@id\":\"https:\/\/pakosc-kalwaria.franciszkanie.net\/index.php\/2021\/05\/01\/uroczystosc-nmp-krolowej-polski-3-maja\/#webpage\",\"url\":\"https:\/\/pakosc-kalwaria.franciszkanie.net\/index.php\/2021\/05\/01\/uroczystosc-nmp-krolowej-polski-3-maja\/\",\"name\":\"Uroczysto\u015b\u0107 NMP Kr\u00f3lowej Polski - poniedzia\u0142ek 3 maja - Pako\u015b\u0107 \u2013 Kalwaria\",\"isPartOf\":{\"@id\":\"https:\/\/pakosc-kalwaria.franciszkanie.net\/#website\"},\"primaryImageOfPage\":{\"@id\":\"https:\/\/pakosc-kalwaria.franciszkanie.net\/index.php\/2021\/05\/01\/uroczystosc-nmp-krolowej-polski-3-maja\/#primaryimage\"},\"datePublished\":\"2021-05-01T05:15:41+00:00\",\"dateModified\":\"2021-05-03T10:41:36+00:00\",\"author\":{\"@id\":\"https:\/\/pakosc-kalwaria.franciszkanie.net\/#\/schema\/person\/af10b943be0760709227d060eadcb2aa\"},\"breadcrumb\":{\"@id\":\"https:\/\/pakosc-kalwaria.franciszkanie.net\/index.php\/2021\/05\/01\/uroczystosc-nmp-krolowej-polski-3-maja\/#breadcrumb\"},\"inLanguage\":\"pl-PL\",\"potentialAction\":[{\"@type\":\"ReadAction\",\"target\":[\"https:\/\/pakosc-kalwaria.franciszkanie.net\/index.php\/2021\/05\/01\/uroczystosc-nmp-krolowej-polski-3-maja\/\"]}]},{\"@type\":\"BreadcrumbList\",\"@id\":\"https:\/\/pakosc-kalwaria.franciszkanie.net\/index.php\/2021\/05\/01\/uroczystosc-nmp-krolowej-polski-3-maja\/#breadcrumb\",\"itemListElement\":[{\"@type\":\"ListItem\",\"position\":1,\"name\":\"Strona g\u0142\u00f3wna\",\"item\":\"https:\/\/pakosc-kalwaria.franciszkanie.net\/\"},{\"@type\":\"ListItem\",\"position\":2,\"name\":\"Uroczysto\u015b\u0107 NMP Kr\u00f3lowej Polski &#8211; poniedzia\u0142ek 3 maja\"}]},{\"@type\":\"Person\",\"@id\":\"https:\/\/pakosc-kalwaria.franciszkanie.net\/#\/schema\/person\/af10b943be0760709227d060eadcb2aa\",\"name\":\"pakosc-kalwaria\",\"image\":{\"@type\":\"ImageObject\",\"@id\":\"https:\/\/pakosc-kalwaria.franciszkanie.net\/#personlogo\",\"inLanguage\":\"pl-PL\",\"url\":\"https:\/\/secure.gravatar.com\/avatar\/e7049d338b55eac6a0027ff3218b8d02?s=96&d=mm&r=g\",\"contentUrl\":\"https:\/\/secure.gravatar.com\/avatar\/e7049d338b55eac6a0027ff3218b8d02?s=96&d=mm&r=g\",\"caption\":\"pakosc-kalwaria\"},\"sameAs\":[\"https:\/\/www.facebook.com\/KalwariaPakosc\/\"],\"url\":\"https:\/\/pakosc-kalwaria.franciszkanie.net\/index.php\/author\/pakosc-kalwaria\/\"}]}<\/script>\n<!-- \/ Yoast SEO plugin. -->","yoast_head_json":{"title":"Uroczysto\u015b\u0107 NMP Kr\u00f3lowej Polski - poniedzia\u0142ek 3 maja - Pako\u015b\u0107 \u2013 Kalwaria","robots":{"index":"index","follow":"follow","max-snippet":"max-snippet:-1","max-image-preview":"max-image-preview:large","max-video-preview":"max-video-preview:-1"},"canonical":"https:\/\/pakosc-kalwaria.franciszkanie.net\/index.php\/2021\/05\/01\/uroczystosc-nmp-krolowej-polski-3-maja\/","og_locale":"pl_PL","og_type":"article","og_title":"Uroczysto\u015b\u0107 NMP Kr\u00f3lowej Polski - poniedzia\u0142ek 3 maja - Pako\u015b\u0107 \u2013 Kalwaria","og_description":"W naszym kalwaryjskim Sanktuarium Ukrzy\u017cowania w Uroczysto\u015b\u0107 NMP Kr\u00f3lowej Polski, w poniedzia\u0142ek 3 maja: Msze \u015bwi\u0119te o 9.00 i 11.00 Nabo\u017ce\u0144stwo majowe o 10.30 Franciszkaninie serdecznie zapraszaj\u0105 Uroczysto\u015b\u0107 NMP Kr\u00f3lowej Polski ma \u015bcis\u0142y zwi\u0105zek z polsk\u0105 histori\u0105 i tradycj\u0105. Pocz\u0105tki tego \u015bwi\u0119ta si\u0119gaj\u0105 czas\u00f3w najazdu szwedzkiego na Polsk\u0119. To w tamtym czasie kr\u00f3l Jan Kazimierz &hellip;","og_url":"https:\/\/pakosc-kalwaria.franciszkanie.net\/index.php\/2021\/05\/01\/uroczystosc-nmp-krolowej-polski-3-maja\/","og_site_name":"Pako\u015b\u0107 \u2013 Kalwaria","article_author":"https:\/\/www.facebook.com\/KalwariaPakosc\/","article_published_time":"2021-05-01T05:15:41+00:00","article_modified_time":"2021-05-03T10:41:36+00:00","og_image":[{"width":300,"height":200,"url":"https:\/\/pakosc-kalwaria.franciszkanie.net\/wp-content\/uploads\/2021\/05\/6-4-1024x682.jpg","type":"image\/jpeg"}],"twitter_card":"summary","twitter_misc":{"Napisane przez":"pakosc-kalwaria","Szacowany czas czytania":"1 minuta"},"schema":{"@context":"https:\/\/schema.org","@graph":[{"@type":"WebSite","@id":"https:\/\/pakosc-kalwaria.franciszkanie.net\/#website","url":"https:\/\/pakosc-kalwaria.franciszkanie.net\/","name":"Pako\u015b\u0107 \u2013 Kalwaria","description":"Parafia Rzymsko \u2013 Katolicka p.w. Pana Jezusa Ukrzy\u017cowanego i  Matki Bo\u017cej Bolesnej ul. Barci\u0144ska 60, 88\u2013170 Pako\u015b\u0107 \u2013 Kalwaria","potentialAction":[{"@type":"SearchAction","target":{"@type":"EntryPoint","urlTemplate":"https:\/\/pakosc-kalwaria.franciszkanie.net\/?s={search_term_string}"},"query-input":"required name=search_term_string"}],"inLanguage":"pl-PL"},{"@type":"ImageObject","@id":"https:\/\/pakosc-kalwaria.franciszkanie.net\/index.php\/2021\/05\/01\/uroczystosc-nmp-krolowej-polski-3-maja\/#primaryimage","inLanguage":"pl-PL","url":"https:\/\/pakosc-kalwaria.franciszkanie.net\/wp-content\/uploads\/2021\/05\/6-4-1024x682.jpg","contentUrl":"https:\/\/pakosc-kalwaria.franciszkanie.net\/wp-content\/uploads\/2021\/05\/6-4-1024x682.jpg","width":300,"height":200},{"@type":"WebPage","@id":"https:\/\/pakosc-kalwaria.franciszkanie.net\/index.php\/2021\/05\/01\/uroczystosc-nmp-krolowej-polski-3-maja\/#webpage","url":"https:\/\/pakosc-kalwaria.franciszkanie.net\/index.php\/2021\/05\/01\/uroczystosc-nmp-krolowej-polski-3-maja\/","name":"Uroczysto\u015b\u0107 NMP Kr\u00f3lowej Polski - poniedzia\u0142ek 3 maja - Pako\u015b\u0107 \u2013 Kalwaria","isPartOf":{"@id":"https:\/\/pakosc-kalwaria.franciszkanie.net\/#website"},"primaryImageOfPage":{"@id":"https:\/\/pakosc-kalwaria.franciszkanie.net\/index.php\/2021\/05\/01\/uroczystosc-nmp-krolowej-polski-3-maja\/#primaryimage"},"datePublished":"2021-05-01T05:15:41+00:00","dateModified":"2021-05-03T10:41:36+00:00","author":{"@id":"https:\/\/pakosc-kalwaria.franciszkanie.net\/#\/schema\/person\/af10b943be0760709227d060eadcb2aa"},"breadcrumb":{"@id":"https:\/\/pakosc-kalwaria.franciszkanie.net\/index.php\/2021\/05\/01\/uroczystosc-nmp-krolowej-polski-3-maja\/#breadcrumb"},"inLanguage":"pl-PL","potentialAction":[{"@type":"ReadAction","target":["https:\/\/pakosc-kalwaria.franciszkanie.net\/index.php\/2021\/05\/01\/uroczystosc-nmp-krolowej-polski-3-maja\/"]}]},{"@type":"BreadcrumbList","@id":"https:\/\/pakosc-kalwaria.franciszkanie.net\/index.php\/2021\/05\/01\/uroczystosc-nmp-krolowej-polski-3-maja\/#breadcrumb","itemListElement":[{"@type":"ListItem","position":1,"name":"Strona g\u0142\u00f3wna","item":"https:\/\/pakosc-kalwaria.franciszkanie.net\/"},{"@type":"ListItem","position":2,"name":"Uroczysto\u015b\u0107 NMP Kr\u00f3lowej Polski &#8211; poniedzia\u0142ek 3 maja"}]},{"@type":"Person","@id":"https:\/\/pakosc-kalwaria.franciszkanie.net\/#\/schema\/person\/af10b943be0760709227d060eadcb2aa","name":"pakosc-kalwaria","image":{"@type":"ImageObject","@id":"https:\/\/pakosc-kalwaria.franciszkanie.net\/#personlogo","inLanguage":"pl-PL","url":"https:\/\/secure.gravatar.com\/avatar\/e7049d338b55eac6a0027ff3218b8d02?s=96&d=mm&r=g","contentUrl":"https:\/\/secure.gravatar.com\/avatar\/e7049d338b55eac6a0027ff3218b8d02?s=96&d=mm&r=g","caption":"pakosc-kalwaria"},"sameAs":["https:\/\/www.facebook.com\/KalwariaPakosc\/"],"url":"https:\/\/pakosc-kalwaria.franciszkanie.net\/index.php\/author\/pakosc-kalwaria\/"}]}},"_links":{"self":[{"href":"https:\/\/pakosc-kalwaria.franciszkanie.net\/index.php\/wp-json\/wp\/v2\/posts\/18283"}],"collection":[{"href":"https:\/\/pakosc-kalwaria.franciszkanie.net\/index.php\/wp-json\/wp\/v2\/posts"}],"about":[{"href":"https:\/\/pakosc-kalwaria.franciszkanie.net\/index.php\/wp-json\/wp\/v2\/types\/post"}],"author":[{"embeddable":true,"href":"https:\/\/pakosc-kalwaria.franciszkanie.net\/index.php\/wp-json\/wp\/v2\/users\/2"}],"replies":[{"embeddable":true,"href":"https:\/\/pakosc-kalwaria.franciszkanie.net\/index.php\/wp-json\/wp\/v2\/comments?post=18283"}],"version-history":[{"count":7,"href":"https:\/\/pakosc-kalwaria.franciszkanie.net\/index.php\/wp-json\/wp\/v2\/posts\/18283\/revisions"}],"predecessor-version":[{"id":18326,"href":"https:\/\/pakosc-kalwaria.franciszkanie.net\/index.php\/wp-json\/wp\/v2\/posts\/18283\/revisions\/18326"}],"wp:featuredmedia":[{"embeddable":true,"href":"https:\/\/pakosc-kalwaria.franciszkanie.net\/index.php\/wp-json\/wp\/v2\/media\/18284"}],"wp:attachment":[{"href":"https:\/\/pakosc-kalwaria.franciszkanie.net\/index.php\/wp-json\/wp\/v2\/media?parent=18283"}],"wp:term":[{"taxonomy":"category","embeddable":true,"href":"https:\/\/pakosc-kalwaria.franciszkanie.net\/index.php\/wp-json\/wp\/v2\/categories?post=18283"},{"taxonomy":"post_tag","embeddable":true,"href":"https:\/\/pakosc-kalwaria.franciszkanie.net\/index.php\/wp-json\/wp\/v2\/tags?post=18283"}],"curies":[{"name":"wp","href":"https:\/\/api.w.org\/{rel}","templated":true}]}}