{"id":18306,"date":"2021-05-01T08:05:51","date_gmt":"2021-05-01T06:05:51","guid":{"rendered":"http:\/\/pakosc-kalwaria.franciszkanie.net\/?p=18306"},"modified":"2021-05-07T07:35:19","modified_gmt":"2021-05-07T05:35:19","slug":"do-medytacji-z-kalwaryjskiego-wzgorza-niedziela-02-05-2021r","status":"publish","type":"post","link":"https:\/\/pakosc-kalwaria.franciszkanie.net\/index.php\/2021\/05\/01\/do-medytacji-z-kalwaryjskiego-wzgorza-niedziela-02-05-2021r\/","title":{"rendered":"Do medytacji z kalwaryjskiego Wzg\u00f3rza \u2013 Niedziela 02.05.2021r."},"content":{"rendered":"<p><span style=\"color: #ff0000;\"><strong>Z liturgii V Niedzieli Wielkanocnej \u2013 02.05.2021r.<\/strong><\/span><\/p>\n<p><strong><span style=\"color: #ff0000;\">1. czytanie<\/span> <\/strong>(Dz 9, 26-31) &#8211; <em>Gorliwo\u015b\u0107 nawr\u00f3conego Szaw\u0142a<br \/>\n<\/em><strong>Czytanie z Dziej\u00f3w Apostolskich<br \/>\n<\/strong>Kiedy Szawe\u0142 przyby\u0142 do Jeruzalem, pr\u00f3bowa\u0142 przy\u0142\u0105czy\u0107 si\u0119 do uczni\u00f3w, lecz wszyscy bali si\u0119 go, nie wierz\u0105c, \u017ce jest uczniem. Dopiero Barnaba przygarn\u0105\u0142 go i zaprowadzi\u0142 do aposto\u0142\u00f3w, i opowiedzia\u0142 im, jak w drodze Szawe\u0142 ujrza\u0142 Pana, kt\u00f3ry przem\u00f3wi\u0142 do niego, i z jak\u0105 si\u0142\u0105 przekonania wyst\u0119powa\u0142 w Damaszku w imi\u0119 Jezusa. Dzi\u0119ki temu przebywa\u0142 z nimi w Jerozolimie, z si\u0142\u0105 przekonania przemawiaj\u0105c w imi\u0119 Pana. Przemawia\u0142 te\u017c i rozprawia\u0142 z hellenistami, kt\u00f3rzy usi\u0142owali go zg\u0142adzi\u0107. Bracia jednak, dowiedziawszy si\u0119 o tym, odprowadzili go do Cezarei i wys\u0142ali do Tarsu. A Ko\u015bci\u00f3\u0142 cieszy\u0142 si\u0119 pokojem w ca\u0142ej Judei, Galilei i Samarii. Rozwija\u0142 si\u0119 i \u017cy\u0142 bogobojnie, i = obfitowa\u0142 w pociech\u0119 Ducha \u015awi\u0119tego. Oto S\u0142owo Bo\u017ce.<\/p>\n<p><span style=\"color: #ff0000;\"><strong>Psalm<\/strong> <\/span>(Ps 22 (21), 26b-27. 28 i 30ab. 30c-32 (R.: por. 26a))<br \/>\n<strong>B\u0119d\u0119 Ci\u0119 chwali\u0142 w wielkim zgromadzeniu<\/strong><br \/>\nWype\u0142ni\u0119 moje \u015bluby wobec czcicieli Boga. *<br \/>\nUbodzy b\u0119d\u0105 jedli i zostan\u0105 nasyceni,<br \/>\nb\u0119d\u0105 chwali\u0107 Pana ci, kt\u00f3rzy Go szukaj\u0105: *<br \/>\n\u00abSerca wasze niech \u017cyj\u0105 na wieki\u00bb.<\/p>\n<div id=\"tabnowy0all\" class=\"tab-pane fade active in\">\n<p><strong>B\u0119d\u0119 Ci\u0119 chwali\u0142 w wielkim zgromadzeniu<br \/>\n<\/strong><\/p>\n<p>Przypomn\u0105 sobie i wr\u00f3c\u0105 do Pana wszystkie kra\u0144ce ziemi, *<br \/>\noddadz\u0105 Mu pok\u0142on wszystkie szczepy poga\u0144skie.<br \/>\nJemu si\u0119 pok\u0142oni\u0105 wszyscy \u015bpi\u0105cy w ziemi, *<br \/>\nprzed Nim zegn\u0105 si\u0119 wszyscy, kt\u00f3rzy stan\u0105 si\u0119 prochem.<\/p>\n<p><strong>B\u0119d\u0119 Ci\u0119 chwali\u0142 w wielkim zgromadzeniu<br \/>\n<\/strong><\/p>\n<p>Moja dusza b\u0119dzie \u017cy\u0142a dla Niego, \u2020<br \/>\npotomstwo moje Jemu b\u0119dzie s\u0142u\u017cy\u0107, *<br \/>\nprzysz\u0142ym pokoleniom o Panu opowie.<br \/>\nI sprawiedliwo\u015b\u0107 Jego og\u0142osz\u0105 ludowi, \u2020<br \/>\nkt\u00f3ry si\u0119 narodzi: *<br \/>\n\u00abPan to uczyni\u0142\u00bb.<br \/>\n<strong>B\u0119d\u0119 Ci\u0119 chwali\u0142 w wielkim zgromadzeniu<\/strong><\/p>\n<p><strong><span style=\"color: #ff0000;\">2. czytanie<\/span><\/strong> (1 J 3, 18-24) <em>Mi\u0142ujmy czynem i prawd\u0105<br \/>\n<\/em><strong>Czytanie z Pierwszego Listu \u015awi\u0119tego Jana Aposto\u0142a<br \/>\n<\/strong>Dzieci, nie mi\u0142ujmy s\u0142owem i j\u0119zykiem, ale czynem i prawd\u0105. Po tym poznamy, \u017ce jeste\u015bmy z prawdy, i uspokoimy przed Nim nasze serca. A je\u015bli serce oskar\u017ca nas, to przecie\u017c B\u00f3g jest wi\u0119kszy ni\u017c nasze serca i zna wszystko. Umi\u0142owani, je\u015bli serce nas nie oskar\u017ca, to mamy ufno\u015b\u0107 w Bogu, a o co prosi\u0107 b\u0119dziemy, otrzymamy od Niego, poniewa\u017c zachowujemy Jego przykazania i czynimy to, co si\u0119 Jemu podoba. Przykazanie za\u015b Jego jest takie, aby\u015bmy wierzyli w imi\u0119 Jego Syna, Jezusa Chrystusa, i mi\u0142owali si\u0119 wzajemnie tak, jak nam nakaza\u0142. Kto wype\u0142nia Jego przykazania, trwa w Bogu, a B\u00f3g w nim; a to, \u017ce trwa On w nas, poznajemy po Duchu, kt\u00f3rego nam da\u0142. Oto S\u0142owo Bo\u017ce.<\/p>\n<p><span style=\"color: #ff0000;\"><strong>Aklamacja<\/strong><\/span> (J 15, 4a. 5b)<br \/>\n<strong>Alleluja, alleluja, alleluja<br \/>\n<\/strong>Trwajcie we Mnie, a Ja w was trwa\u0107 b\u0119d\u0119.<br \/>\nKto trwa we Mnie, przynosi owoc obfity.<br \/>\n<strong>Alleluja, alleluja, alleluja<\/strong><\/p>\n<p><strong><span style=\"color: #ff0000;\">Ewangelia<\/span><\/strong> (J 15, 1-8) <em>Kto trwa we Mnie, przynosi owoc obfity<br \/>\n<\/em><strong>S\u0142owa Ewangelii wed\u0142ug \u015awi\u0119tego Jana<br \/>\n<\/strong>Jezus powiedzia\u0142 do swoich uczni\u00f3w: \u00abJa jestem prawdziwym krzewem winnym, a Ojciec m\u00f3j jest tym, kt\u00f3ry go uprawia. Ka\u017cd\u0105 latoro\u015bl, kt\u00f3ra nie przynosi we Mnie owocu, odcina, a ka\u017cd\u0105, kt\u00f3ra przynosi owoc, oczyszcza, aby przynosi\u0142a owoc obfitszy. Wy ju\u017c jeste\u015bcie czy\u015bci dzi\u0119ki s\u0142owu, kt\u00f3re wypowiedzia\u0142em do was. Trwajcie we Mnie, a Ja w was b\u0119d\u0119 trwa\u0107. Podobnie jak latoro\u015bl nie mo\u017ce przynosi\u0107 owocu sama z siebie \u2013 je\u017celi nie trwa w winnym krzewie \u2013 tak samo i wy, je\u017celi we Mnie trwa\u0107 nie b\u0119dziecie. Ja jestem krzewem winnym, wy \u2013 latoro\u015blami. Kto trwa we Mnie, a Ja w nim, ten przynosi owoc obfity, poniewa\u017c beze Mnie nic nie mo\u017cecie uczyni\u0107. Ten, kto nie trwa we Mnie, zostanie wyrzucony jak winna latoro\u015bl i uschnie. Potem j\u0105 zbieraj\u0105 i wrzucaj\u0105 w ogie\u0144, i p\u0142onie. Je\u017celi we Mnie trwa\u0107 b\u0119dziecie, a s\u0142owa moje w was, to pro\u015bcie, o cokolwiek chcecie, a to wam si\u0119 spe\u0142ni. Ojciec m\u00f3j przez to dozna chwa\u0142y, \u017ce owoc obfity przyniesiecie i staniecie si\u0119 moimi uczniami\u00bb. Oto S\u0142owo Pa\u0144skie.<\/p>\n<\/div>\n<p><strong><span style=\"color: #ff0000;\"><br \/>\nZ kazania na kalwaryjskim Wzg\u00f3rzu \u2013 V Niedziela Wielkanocna 02.05.2021r.<\/span><br \/>\n<\/strong><strong>\u017by\u0107 w zjednoczeniu z Chrystusem<\/strong><br \/>\nW ubieg\u0142\u0105 niedziel\u0119 spogl\u0105dali\u015bmy na Chrystusa jako na Dobrego Pasterza. Dzisiaj Jezus por\u00f3wnuje siebie do krzewu winnej latoro\u015bli. W ten bardzo obrazowy spos\u00f3b Jezus pragnie u\u015bwiadomi\u0107 uczniom, \u017ce dobre \u017cycie b\u0119dzie mo\u017cliwe tylko wtedy gdy cz\u0142owiek b\u0119dzie \u017cy\u0142 w zjednoczeniu z Bogiem. Us\u0142yszany fragment Ewangelii wed\u0142ug \u015bw. Jana jest urywkiem z po\u017cegnalnej mowy Jezusa. Jezus wie, \u017ce ko\u0144czy si\u0119 czas Jego \u017cycia na ziemi i pragnie wszystkim swoim uczniom u\u015bwiadomi\u0107 jak bardzo wa\u017cne w \u017cyciu na ziemi jest pe\u0142ne i ca\u0142kowite zjednoczenie cz\u0142owieka z Bogiem. Swoje nauczanie opiera na przypowie\u015bci o winnym krzewie: \u201eJa Jestem krzewem winnym, a wy latoro\u015blami. Kto trwa we Mnie, a Ja w nim, ten przynosi owoc obfity\u201d. To por\u00f3wnanie przez Jezusa siebie do krzewu winnego, a nas do latoro\u015bli, czyli do ga\u0142\u0105zek tego krzewu jest bardzo wymowne. Jezus uczy, \u017ce tak jak ga\u0142\u0105zka \u017cyje i przynosi owoce tylko wtedy gdy jest z\u0142\u0105czona z krzewem, tak cz\u0142owiek \u017cyje pe\u0142ni\u0105 \u017cycia i przynosi dobre owoce, gdy jest na co dzie\u0144 zespolony i zjednoczony z Bogiem. \u201eBeze Mnie nic uczyni\u0107 nie mo\u017cecie\u201d.<br \/>\nJezus w tej przypowie\u015bci podkre\u015bla, \u017ce to zespolenie z Bogiem musi by\u0107 pe\u0142ne i ca\u0142kowite. Nie mo\u017ce to by\u0107 tylko jakie\u015b po\u0142owiczne zespolenie. Wiemy, ze nad\u0142amana ga\u0142\u0105zka, b\u0119dzie jeszcze przez jaki\u015b czas \u017cy\u0142a, ale soki z krzewu b\u0119dzie pobiera\u0142a tylko po\u0142owicznie. Dlatego pr\u0119dzej czy p\u00f3\u017aniej zostanie odci\u0119ta i wyrzucona na spalenie. Nie b\u0119dzie przynosi\u0107 owoc\u00f3w, tak\u017ce ta ga\u0142\u0105zka, kt\u00f3ra ca\u0142kowicie jest oderwana od krzewu. W takim wypadku bardzo szybko zwi\u0119dnie i uschnie. Najlepiej jest wtedy gdy ga\u0142\u0105zka jest mocno i ca\u0142kowicie zjednoczona z krzewem. Czerpie ona wtedy w pe\u0142ni soki z winnego krzewu i przynosi dobre i obfite owoce.<br \/>\nPodobnie jest z cz\u0142owiekiem. Tylko ten kto ca\u0142kowicie i w pe\u0142ni b\u0119dzie w \u017cyciu zjednoczony z Bogiem, ten b\u0119dzie m\u00f3g\u0142 przynosi\u0107 dobre i obfite owoce swojego chrze\u015bcija\u0144skiego \u017cycia. Nie b\u0119dzie to mo\u017cliwe, gdy cz\u0142owiek b\u0119dzie ca\u0142kowicie od\u0142\u0105czony od Boga i Jego \u0142aski, albo gdy b\u0119dzie z\u0142\u0105czony z Bogiem tylko po\u0142owicznie.<br \/>\nCo daje cz\u0142owiekowi takie pe\u0142ne i ca\u0142kowite zjednoczenie z Bogiem. Jakie s\u0105 tego owoce?<br \/>\nKto na co dzie\u0144 idzie przez \u017cycie w zjednoczeniu z Bogiem, czyli \u017cyje na co dzie\u0144 w \u0142asce u\u015bwi\u0119caj\u0105cej, ten jest bardziej odporny na z\u0142e wp\u0142ywy otoczenia i \u015bwiata. Takiemu cz\u0142owiekowi o wiele trudniej jest pope\u0142ni\u0107 grzech ci\u0119\u017cki, o wiele \u0142atwiej jest walczy\u0107 z szatanem i pokusami. Taki cz\u0142owiek jest mocniejszy dlatego, \u017ce trwa w Chrystusie, a Chrystus w nim. W takim zjednoczeniu z Jezusem, okazuje si\u0119, ze cz\u0142owiek pozwala na to, by Chrystus mia\u0142 wp\u0142yw na jego my\u015bli, decyzje i dzia\u0142ania.<br \/>\nZjednoczenie na co dzie\u0144 z Jezusem przez \u0142ask\u0119 u\u015bwi\u0119caj\u0105c\u0105 i trwanie w Jezusie jako winnym krzewie, powoduje, \u017ce wiara w cz\u0142owieku nieustannie si\u0119 umacnia. Cz\u0142owiekowi \u017cyj\u0105cemu na co dzie\u0144 w \u0142asce u\u015bwi\u0119caj\u0105cej \u0142atwiej jest wyznawa\u0107 wiar\u0119 s\u0142owami i czynami. Taki cz\u0142owiek jest te\u017c w stanie bardziej poci\u0105gn\u0105\u0107 innych do Boga. O ile \u0142atwiej by\u0142oby rodzicom wychowywa\u0107 w wierze swoje dzieci, gdyby na co dzie\u0144 sami \u017cyli w zjednoczeniu z Bogiem, gdyby o to zjednoczenie z Bogiem dbali te\u017c w \u017cyciu swoich dzieci. Niestety w naszych czasach, wielu rodzic\u00f3w ma ogromny problem z \u017cyciem na co dzie\u0144 w zjednoczeniu z Bogiem. Wielu \u017cyje w grzechach odchodz\u0105c od Boga i od Jego przykaza\u0144. Wielu dzisiaj \u017cyje w zwi\u0105zkach partnerskich lub w kolejnych zwi\u0105zkach cywilnych, przez co zamykaj\u0105 sobie drog\u0119 do \u017cycia w \u0142asce u\u015bwi\u0119caj\u0105cej. Wielu rodzic\u00f3w, a co za tym tak\u017ce ich dzieci, przesta\u0142o systematycznie przyst\u0119powa\u0107 do sakrament\u00f3w \u015bwi\u0119tych: Spowiedzi i Komunii \u015awi\u0119tej. Dlatego w\u0142a\u015bnie tak bardzo wa\u017cne s\u0105 comiesi\u0119czne Dni Odnowy Wewn\u0119trznej i Pierwsze Pi\u0105tki Miesi\u0105ca, by co miesi\u0105c przyst\u0105pi\u0107 do Spowiedzi \u015bwi\u0119tej i jak najcz\u0119\u015bciej przest\u0119powa\u0107 do Komunii \u015bwi\u0119tej, by \u017cy\u0107 na co dzie\u0144 w zjednoczeniu z Bogiem w \u0142asce u\u015bwi\u0119caj\u0105cej.<br \/>\nJezus w swoim nauczaniu podkre\u015bla, \u017ce &#8222;je\u017celi we Mnie trwa\u0107 b\u0119dziecie, a s\u0142owa moje w was, to pro\u015bcie, o cokolwiek chcecie, a to wam si\u0119 spe\u0142ni&#8221;. Im wi\u0119cej w naszym \u017cyciu b\u0119dzie zjednoczenia z Bogiem przez \u017cycie w \u0142asce u\u015bwi\u0119caj\u0105cej, im wi\u0119cej b\u0119dzie rozwa\u017cania S\u0142owa Bo\u017cego i \u017cycia S\u0142owem Boga na co dzie\u0144, tym wi\u0119cej \u0142ask wyprosimy u Boga w naszych modlitwach.<br \/>\nKonsekwencj\u0105 \u017cycia w zjednoczeniu z Bogiem jest tak\u017ce rozw\u00f3j i umacnianie prawdziwej mi\u0142o\u015bci w sobie, a tak\u017ce mi\u0142o\u015bci w ma\u0142\u017ce\u0144stwach i rodzinach. Dzi\u0119ki zjednoczeniu z Bogiem &#8222;mi\u0142o\u015b\u0107 jest cierpliwa, nie unosi si\u0119 gniewem, nie pami\u0119ta z\u0142ego&#8221;&#8230; mi\u0142o\u015b\u0107 jest wtedy tak mocna, \u017ce &#8222;nigdy nie ustaje i wszystko przetrzyma&#8221;! W zjednoczeniu z Bogiem cz\u0142owiek jest zdolny do wielkich po\u015bwi\u0119ce\u0144 i wielkich ofiar. Nasza mi\u0142o\u015b\u0107 upodabnia si\u0119 wtedy do mi\u0142o\u015bci samego Chrystusa.<br \/>\nGdy przyst\u0119pujemy do Komunii \u015bwi\u0119tej to pomy\u015blmy, \u017ce jednoczymy si\u0119 w pe\u0142ni z Jezusem, \u017ce jednoczymy si\u0119 w pe\u0142ni z Bogiem, i czerpiemy cudowne \u0142aski, potrzebne do tego, by nasze codzienne \u017cycie pi\u0119knie owocowa\u0142o uczynkami pe\u0142nymi wiary i mi\u0142o\u015bci. Amen.<br \/>\n(o.R.)<\/p>\n","protected":false},"excerpt":{"rendered":"<p>Z liturgii V Niedzieli Wielkanocnej \u2013 02.05.2021r. 1. czytanie (Dz 9, 26-31) &#8211; Gorliwo\u015b\u0107 nawr\u00f3conego Szaw\u0142a Czytanie z Dziej\u00f3w Apostolskich Kiedy Szawe\u0142 przyby\u0142 do Jeruzalem, pr\u00f3bowa\u0142 przy\u0142\u0105czy\u0107 si\u0119 do uczni\u00f3w, lecz wszyscy bali si\u0119 go, nie wierz\u0105c, \u017ce jest uczniem. Dopiero Barnaba przygarn\u0105\u0142 go i zaprowadzi\u0142 do aposto\u0142\u00f3w, i opowiedzia\u0142 im, jak w drodze Szawe\u0142 &hellip;<\/p>\n","protected":false},"author":2,"featured_media":18214,"comment_status":"closed","ping_status":"closed","sticky":false,"template":"","format":"standard","meta":{"_mi_skip_tracking":false,"_exactmetrics_sitenote_active":false,"_exactmetrics_sitenote_note":"","_exactmetrics_sitenote_category":0},"categories":[14],"tags":[],"yoast_head":"<!-- This site is optimized with the Yoast SEO plugin v18.1 - https:\/\/yoast.com\/wordpress\/plugins\/seo\/ -->\n<title>Do medytacji z kalwaryjskiego Wzg\u00f3rza \u2013 Niedziela 02.05.2021r. - Pako\u015b\u0107 \u2013 Kalwaria<\/title>\n<meta name=\"robots\" content=\"index, follow, max-snippet:-1, max-image-preview:large, max-video-preview:-1\" \/>\n<link rel=\"canonical\" href=\"https:\/\/pakosc-kalwaria.franciszkanie.net\/index.php\/2021\/05\/01\/do-medytacji-z-kalwaryjskiego-wzgorza-niedziela-02-05-2021r\/\" \/>\n<meta property=\"og:locale\" content=\"pl_PL\" \/>\n<meta property=\"og:type\" content=\"article\" \/>\n<meta property=\"og:title\" content=\"Do medytacji z kalwaryjskiego Wzg\u00f3rza \u2013 Niedziela 02.05.2021r. - Pako\u015b\u0107 \u2013 Kalwaria\" \/>\n<meta property=\"og:description\" content=\"Z liturgii V Niedzieli Wielkanocnej \u2013 02.05.2021r. 1. czytanie (Dz 9, 26-31) &#8211; Gorliwo\u015b\u0107 nawr\u00f3conego Szaw\u0142a Czytanie z Dziej\u00f3w Apostolskich Kiedy Szawe\u0142 przyby\u0142 do Jeruzalem, pr\u00f3bowa\u0142 przy\u0142\u0105czy\u0107 si\u0119 do uczni\u00f3w, lecz wszyscy bali si\u0119 go, nie wierz\u0105c, \u017ce jest uczniem. Dopiero Barnaba przygarn\u0105\u0142 go i zaprowadzi\u0142 do aposto\u0142\u00f3w, i opowiedzia\u0142 im, jak w drodze Szawe\u0142 &hellip;\" \/>\n<meta property=\"og:url\" content=\"https:\/\/pakosc-kalwaria.franciszkanie.net\/index.php\/2021\/05\/01\/do-medytacji-z-kalwaryjskiego-wzgorza-niedziela-02-05-2021r\/\" \/>\n<meta property=\"og:site_name\" content=\"Pako\u015b\u0107 \u2013 Kalwaria\" \/>\n<meta property=\"article:author\" content=\"https:\/\/www.facebook.com\/KalwariaPakosc\/\" \/>\n<meta property=\"article:published_time\" content=\"2021-05-01T06:05:51+00:00\" \/>\n<meta property=\"article:modified_time\" content=\"2021-05-07T05:35:19+00:00\" \/>\n<meta property=\"og:image\" content=\"https:\/\/pakosc-kalwaria.franciszkanie.net\/wp-content\/uploads\/2021\/04\/P1000784.jpg\" \/>\n\t<meta property=\"og:image:width\" content=\"1024\" \/>\n\t<meta property=\"og:image:height\" content=\"576\" \/>\n\t<meta property=\"og:image:type\" content=\"image\/jpeg\" \/>\n<meta name=\"twitter:card\" content=\"summary\" \/>\n<meta name=\"twitter:label1\" content=\"Napisane przez\" \/>\n\t<meta name=\"twitter:data1\" content=\"pakosc-kalwaria\" \/>\n\t<meta name=\"twitter:label2\" content=\"Szacowany czas czytania\" \/>\n\t<meta name=\"twitter:data2\" content=\"8 minut\" \/>\n<script type=\"application\/ld+json\" class=\"yoast-schema-graph\">{\"@context\":\"https:\/\/schema.org\",\"@graph\":[{\"@type\":\"WebSite\",\"@id\":\"https:\/\/pakosc-kalwaria.franciszkanie.net\/#website\",\"url\":\"https:\/\/pakosc-kalwaria.franciszkanie.net\/\",\"name\":\"Pako\u015b\u0107 \u2013 Kalwaria\",\"description\":\"Parafia Rzymsko \u2013 Katolicka p.w. Pana Jezusa Ukrzy\u017cowanego i  Matki Bo\u017cej Bolesnej ul. Barci\u0144ska 60, 88\u2013170 Pako\u015b\u0107 \u2013 Kalwaria\",\"potentialAction\":[{\"@type\":\"SearchAction\",\"target\":{\"@type\":\"EntryPoint\",\"urlTemplate\":\"https:\/\/pakosc-kalwaria.franciszkanie.net\/?s={search_term_string}\"},\"query-input\":\"required name=search_term_string\"}],\"inLanguage\":\"pl-PL\"},{\"@type\":\"ImageObject\",\"@id\":\"https:\/\/pakosc-kalwaria.franciszkanie.net\/index.php\/2021\/05\/01\/do-medytacji-z-kalwaryjskiego-wzgorza-niedziela-02-05-2021r\/#primaryimage\",\"inLanguage\":\"pl-PL\",\"url\":\"https:\/\/pakosc-kalwaria.franciszkanie.net\/wp-content\/uploads\/2021\/04\/P1000784.jpg\",\"contentUrl\":\"https:\/\/pakosc-kalwaria.franciszkanie.net\/wp-content\/uploads\/2021\/04\/P1000784.jpg\",\"width\":1024,\"height\":576},{\"@type\":\"WebPage\",\"@id\":\"https:\/\/pakosc-kalwaria.franciszkanie.net\/index.php\/2021\/05\/01\/do-medytacji-z-kalwaryjskiego-wzgorza-niedziela-02-05-2021r\/#webpage\",\"url\":\"https:\/\/pakosc-kalwaria.franciszkanie.net\/index.php\/2021\/05\/01\/do-medytacji-z-kalwaryjskiego-wzgorza-niedziela-02-05-2021r\/\",\"name\":\"Do medytacji z kalwaryjskiego Wzg\u00f3rza \u2013 Niedziela 02.05.2021r. - Pako\u015b\u0107 \u2013 Kalwaria\",\"isPartOf\":{\"@id\":\"https:\/\/pakosc-kalwaria.franciszkanie.net\/#website\"},\"primaryImageOfPage\":{\"@id\":\"https:\/\/pakosc-kalwaria.franciszkanie.net\/index.php\/2021\/05\/01\/do-medytacji-z-kalwaryjskiego-wzgorza-niedziela-02-05-2021r\/#primaryimage\"},\"datePublished\":\"2021-05-01T06:05:51+00:00\",\"dateModified\":\"2021-05-07T05:35:19+00:00\",\"author\":{\"@id\":\"https:\/\/pakosc-kalwaria.franciszkanie.net\/#\/schema\/person\/af10b943be0760709227d060eadcb2aa\"},\"breadcrumb\":{\"@id\":\"https:\/\/pakosc-kalwaria.franciszkanie.net\/index.php\/2021\/05\/01\/do-medytacji-z-kalwaryjskiego-wzgorza-niedziela-02-05-2021r\/#breadcrumb\"},\"inLanguage\":\"pl-PL\",\"potentialAction\":[{\"@type\":\"ReadAction\",\"target\":[\"https:\/\/pakosc-kalwaria.franciszkanie.net\/index.php\/2021\/05\/01\/do-medytacji-z-kalwaryjskiego-wzgorza-niedziela-02-05-2021r\/\"]}]},{\"@type\":\"BreadcrumbList\",\"@id\":\"https:\/\/pakosc-kalwaria.franciszkanie.net\/index.php\/2021\/05\/01\/do-medytacji-z-kalwaryjskiego-wzgorza-niedziela-02-05-2021r\/#breadcrumb\",\"itemListElement\":[{\"@type\":\"ListItem\",\"position\":1,\"name\":\"Strona g\u0142\u00f3wna\",\"item\":\"https:\/\/pakosc-kalwaria.franciszkanie.net\/\"},{\"@type\":\"ListItem\",\"position\":2,\"name\":\"Do medytacji z kalwaryjskiego Wzg\u00f3rza \u2013 Niedziela 02.05.2021r.\"}]},{\"@type\":\"Person\",\"@id\":\"https:\/\/pakosc-kalwaria.franciszkanie.net\/#\/schema\/person\/af10b943be0760709227d060eadcb2aa\",\"name\":\"pakosc-kalwaria\",\"image\":{\"@type\":\"ImageObject\",\"@id\":\"https:\/\/pakosc-kalwaria.franciszkanie.net\/#personlogo\",\"inLanguage\":\"pl-PL\",\"url\":\"https:\/\/secure.gravatar.com\/avatar\/e7049d338b55eac6a0027ff3218b8d02?s=96&d=mm&r=g\",\"contentUrl\":\"https:\/\/secure.gravatar.com\/avatar\/e7049d338b55eac6a0027ff3218b8d02?s=96&d=mm&r=g\",\"caption\":\"pakosc-kalwaria\"},\"sameAs\":[\"https:\/\/www.facebook.com\/KalwariaPakosc\/\"],\"url\":\"https:\/\/pakosc-kalwaria.franciszkanie.net\/index.php\/author\/pakosc-kalwaria\/\"}]}<\/script>\n<!-- \/ Yoast SEO plugin. -->","yoast_head_json":{"title":"Do medytacji z kalwaryjskiego Wzg\u00f3rza \u2013 Niedziela 02.05.2021r. - Pako\u015b\u0107 \u2013 Kalwaria","robots":{"index":"index","follow":"follow","max-snippet":"max-snippet:-1","max-image-preview":"max-image-preview:large","max-video-preview":"max-video-preview:-1"},"canonical":"https:\/\/pakosc-kalwaria.franciszkanie.net\/index.php\/2021\/05\/01\/do-medytacji-z-kalwaryjskiego-wzgorza-niedziela-02-05-2021r\/","og_locale":"pl_PL","og_type":"article","og_title":"Do medytacji z kalwaryjskiego Wzg\u00f3rza \u2013 Niedziela 02.05.2021r. - Pako\u015b\u0107 \u2013 Kalwaria","og_description":"Z liturgii V Niedzieli Wielkanocnej \u2013 02.05.2021r. 1. czytanie (Dz 9, 26-31) &#8211; Gorliwo\u015b\u0107 nawr\u00f3conego Szaw\u0142a Czytanie z Dziej\u00f3w Apostolskich Kiedy Szawe\u0142 przyby\u0142 do Jeruzalem, pr\u00f3bowa\u0142 przy\u0142\u0105czy\u0107 si\u0119 do uczni\u00f3w, lecz wszyscy bali si\u0119 go, nie wierz\u0105c, \u017ce jest uczniem. Dopiero Barnaba przygarn\u0105\u0142 go i zaprowadzi\u0142 do aposto\u0142\u00f3w, i opowiedzia\u0142 im, jak w drodze Szawe\u0142 &hellip;","og_url":"https:\/\/pakosc-kalwaria.franciszkanie.net\/index.php\/2021\/05\/01\/do-medytacji-z-kalwaryjskiego-wzgorza-niedziela-02-05-2021r\/","og_site_name":"Pako\u015b\u0107 \u2013 Kalwaria","article_author":"https:\/\/www.facebook.com\/KalwariaPakosc\/","article_published_time":"2021-05-01T06:05:51+00:00","article_modified_time":"2021-05-07T05:35:19+00:00","og_image":[{"width":1024,"height":576,"url":"https:\/\/pakosc-kalwaria.franciszkanie.net\/wp-content\/uploads\/2021\/04\/P1000784.jpg","type":"image\/jpeg"}],"twitter_card":"summary","twitter_misc":{"Napisane przez":"pakosc-kalwaria","Szacowany czas czytania":"8 minut"},"schema":{"@context":"https:\/\/schema.org","@graph":[{"@type":"WebSite","@id":"https:\/\/pakosc-kalwaria.franciszkanie.net\/#website","url":"https:\/\/pakosc-kalwaria.franciszkanie.net\/","name":"Pako\u015b\u0107 \u2013 Kalwaria","description":"Parafia Rzymsko \u2013 Katolicka p.w. Pana Jezusa Ukrzy\u017cowanego i  Matki Bo\u017cej Bolesnej ul. Barci\u0144ska 60, 88\u2013170 Pako\u015b\u0107 \u2013 Kalwaria","potentialAction":[{"@type":"SearchAction","target":{"@type":"EntryPoint","urlTemplate":"https:\/\/pakosc-kalwaria.franciszkanie.net\/?s={search_term_string}"},"query-input":"required name=search_term_string"}],"inLanguage":"pl-PL"},{"@type":"ImageObject","@id":"https:\/\/pakosc-kalwaria.franciszkanie.net\/index.php\/2021\/05\/01\/do-medytacji-z-kalwaryjskiego-wzgorza-niedziela-02-05-2021r\/#primaryimage","inLanguage":"pl-PL","url":"https:\/\/pakosc-kalwaria.franciszkanie.net\/wp-content\/uploads\/2021\/04\/P1000784.jpg","contentUrl":"https:\/\/pakosc-kalwaria.franciszkanie.net\/wp-content\/uploads\/2021\/04\/P1000784.jpg","width":1024,"height":576},{"@type":"WebPage","@id":"https:\/\/pakosc-kalwaria.franciszkanie.net\/index.php\/2021\/05\/01\/do-medytacji-z-kalwaryjskiego-wzgorza-niedziela-02-05-2021r\/#webpage","url":"https:\/\/pakosc-kalwaria.franciszkanie.net\/index.php\/2021\/05\/01\/do-medytacji-z-kalwaryjskiego-wzgorza-niedziela-02-05-2021r\/","name":"Do medytacji z kalwaryjskiego Wzg\u00f3rza \u2013 Niedziela 02.05.2021r. - Pako\u015b\u0107 \u2013 Kalwaria","isPartOf":{"@id":"https:\/\/pakosc-kalwaria.franciszkanie.net\/#website"},"primaryImageOfPage":{"@id":"https:\/\/pakosc-kalwaria.franciszkanie.net\/index.php\/2021\/05\/01\/do-medytacji-z-kalwaryjskiego-wzgorza-niedziela-02-05-2021r\/#primaryimage"},"datePublished":"2021-05-01T06:05:51+00:00","dateModified":"2021-05-07T05:35:19+00:00","author":{"@id":"https:\/\/pakosc-kalwaria.franciszkanie.net\/#\/schema\/person\/af10b943be0760709227d060eadcb2aa"},"breadcrumb":{"@id":"https:\/\/pakosc-kalwaria.franciszkanie.net\/index.php\/2021\/05\/01\/do-medytacji-z-kalwaryjskiego-wzgorza-niedziela-02-05-2021r\/#breadcrumb"},"inLanguage":"pl-PL","potentialAction":[{"@type":"ReadAction","target":["https:\/\/pakosc-kalwaria.franciszkanie.net\/index.php\/2021\/05\/01\/do-medytacji-z-kalwaryjskiego-wzgorza-niedziela-02-05-2021r\/"]}]},{"@type":"BreadcrumbList","@id":"https:\/\/pakosc-kalwaria.franciszkanie.net\/index.php\/2021\/05\/01\/do-medytacji-z-kalwaryjskiego-wzgorza-niedziela-02-05-2021r\/#breadcrumb","itemListElement":[{"@type":"ListItem","position":1,"name":"Strona g\u0142\u00f3wna","item":"https:\/\/pakosc-kalwaria.franciszkanie.net\/"},{"@type":"ListItem","position":2,"name":"Do medytacji z kalwaryjskiego Wzg\u00f3rza \u2013 Niedziela 02.05.2021r."}]},{"@type":"Person","@id":"https:\/\/pakosc-kalwaria.franciszkanie.net\/#\/schema\/person\/af10b943be0760709227d060eadcb2aa","name":"pakosc-kalwaria","image":{"@type":"ImageObject","@id":"https:\/\/pakosc-kalwaria.franciszkanie.net\/#personlogo","inLanguage":"pl-PL","url":"https:\/\/secure.gravatar.com\/avatar\/e7049d338b55eac6a0027ff3218b8d02?s=96&d=mm&r=g","contentUrl":"https:\/\/secure.gravatar.com\/avatar\/e7049d338b55eac6a0027ff3218b8d02?s=96&d=mm&r=g","caption":"pakosc-kalwaria"},"sameAs":["https:\/\/www.facebook.com\/KalwariaPakosc\/"],"url":"https:\/\/pakosc-kalwaria.franciszkanie.net\/index.php\/author\/pakosc-kalwaria\/"}]}},"_links":{"self":[{"href":"https:\/\/pakosc-kalwaria.franciszkanie.net\/index.php\/wp-json\/wp\/v2\/posts\/18306"}],"collection":[{"href":"https:\/\/pakosc-kalwaria.franciszkanie.net\/index.php\/wp-json\/wp\/v2\/posts"}],"about":[{"href":"https:\/\/pakosc-kalwaria.franciszkanie.net\/index.php\/wp-json\/wp\/v2\/types\/post"}],"author":[{"embeddable":true,"href":"https:\/\/pakosc-kalwaria.franciszkanie.net\/index.php\/wp-json\/wp\/v2\/users\/2"}],"replies":[{"embeddable":true,"href":"https:\/\/pakosc-kalwaria.franciszkanie.net\/index.php\/wp-json\/wp\/v2\/comments?post=18306"}],"version-history":[{"count":5,"href":"https:\/\/pakosc-kalwaria.franciszkanie.net\/index.php\/wp-json\/wp\/v2\/posts\/18306\/revisions"}],"predecessor-version":[{"id":18311,"href":"https:\/\/pakosc-kalwaria.franciszkanie.net\/index.php\/wp-json\/wp\/v2\/posts\/18306\/revisions\/18311"}],"wp:featuredmedia":[{"embeddable":true,"href":"https:\/\/pakosc-kalwaria.franciszkanie.net\/index.php\/wp-json\/wp\/v2\/media\/18214"}],"wp:attachment":[{"href":"https:\/\/pakosc-kalwaria.franciszkanie.net\/index.php\/wp-json\/wp\/v2\/media?parent=18306"}],"wp:term":[{"taxonomy":"category","embeddable":true,"href":"https:\/\/pakosc-kalwaria.franciszkanie.net\/index.php\/wp-json\/wp\/v2\/categories?post=18306"},{"taxonomy":"post_tag","embeddable":true,"href":"https:\/\/pakosc-kalwaria.franciszkanie.net\/index.php\/wp-json\/wp\/v2\/tags?post=18306"}],"curies":[{"name":"wp","href":"https:\/\/api.w.org\/{rel}","templated":true}]}}