{"id":18317,"date":"2021-05-01T08:30:19","date_gmt":"2021-05-01T06:30:19","guid":{"rendered":"http:\/\/pakosc-kalwaria.franciszkanie.net\/?p=18317"},"modified":"2021-05-07T15:49:44","modified_gmt":"2021-05-07T13:49:44","slug":"do-medytacji-z-kalwaryjskiego-wzgorza-poniedzialek-03-05-2021r","status":"publish","type":"post","link":"https:\/\/pakosc-kalwaria.franciszkanie.net\/index.php\/2021\/05\/01\/do-medytacji-z-kalwaryjskiego-wzgorza-poniedzialek-03-05-2021r\/","title":{"rendered":"Do medytacji z kalwaryjskiego Wzg\u00f3rza \u2013 Poniedzia\u0142ek 03.05.2021r."},"content":{"rendered":"<p><strong><span style=\"color: #ff0000;\">Z liturgii Uroczysto\u015bci NMP Kr\u00f3lowej Polski \u2013 03.05.2021r.<\/span><br \/>\n<span style=\"color: #ff0000;\"><br \/>\n1. czytanie<\/span><\/strong> (Ap 11, 19a; 12, 1. 3-6a. 10ab) <em>Wielki znak ukaza\u0142 si\u0119 na niebie<br \/>\n<\/em><strong>Czytanie z Ksi\u0119gi Apokalipsy \u015bwi\u0119tego Jana Aposto\u0142a<br \/>\n<\/strong>\u015awi\u0105tynia Boga w niebie si\u0119 otwar\u0142a, i Arka Jego Przymierza ukaza\u0142a si\u0119 w Jego \u015bwi\u0105tyni. Potem wielki znak si\u0119 ukaza\u0142 na niebie: Niewiasta obleczona w s\u0142o\u0144ce i ksi\u0119\u017cyc pod jej stopami, a na jej g\u0142owie wieniec z gwiazd dwunastu. Ukaza\u0142 si\u0119 te\u017c inny znak na niebie: Oto wielki Smok ognisty; ma siedem g\u0142\u00f3w i dziesi\u0119\u0107 rog\u00f3w, a na g\u0142owach siedem diadem\u00f3w. Ogon jego zmiata trzeci\u0105 cz\u0119\u015b\u0107 gwiazd z nieba i rzuci\u0142 je na ziemi\u0119. Smok stan\u0105\u0142 przed maj\u0105c\u0105 urodzi\u0107 Niewiast\u0105, a\u017ceby skoro porodzi, po\u017cre\u0107 jej Dziecko. I porodzi\u0142a syna \u2013 m\u0119\u017cczyzn\u0119, kt\u00f3ry b\u0119dzie pas\u0142 wszystkie narody r\u00f3zg\u0105 \u017celazn\u0105. Dziecko jej zosta\u0142o porwane do Boga i do Jego tronu. Niewiasta za\u015b zbieg\u0142a na pustyni\u0119, gdzie miejsce ma przygotowane przez Boga. I us\u0142ysza\u0142em dono\u015bny g\u0142os m\u00f3wi\u0105cy w niebie: \u00abTeraz nasta\u0142o zbawienie, pot\u0119ga i kr\u00f3lowanie Boga naszego i w\u0142adza Jego Pomaza\u0144ca\u00bb. Oto S\u0142owo Bo\u017ce.<\/p>\n<div id=\"tabstary0all\" class=\"tab-pane fade active in\">\n<p><span style=\"color: #ff0000;\"><strong>Psalm<\/strong> <\/span>(Jdt 13, 18bcda. 19-20 (R.: 15, 9d))<br \/>\n<strong>Ty\u015b wielk\u0105 chlub\u0105 naszego narodu<br \/>\n<\/strong>B\u0142ogos\u0142awiona jeste\u015b, c\u00f3rko, przez Boga Najwy\u017cszego, *<br \/>\nspomi\u0119dzy wszystkich niewiast na ziemi,<br \/>\ni niech b\u0119dzie b\u0142ogos\u0142awiony Pan B\u00f3g, *<br \/>\nStw\u00f3rca nieba i ziemi.<\/p>\n<p><strong>Ty\u015b wielk\u0105 chlub\u0105 naszego narodu<br \/>\n<\/strong>Twoja ufno\u015b\u0107 nie zatrze si\u0119 a\u017c na wieki *<br \/>\nw sercach ludzkich wspominaj\u0105cych moc Boga.<br \/>\nNiech B\u00f3g to sprawi, *<br \/>\naby\u015b by\u0142a wywy\u017cszona na wieki.<br \/>\n<strong>Ty\u015b wielk\u0105 chlub\u0105 naszego narodu<\/strong><\/p>\n<p><strong><span style=\"color: #ff0000;\">2. czytanie<\/span> <\/strong>(Kol 1, 12-16) <em>B\u00f3g nas przeni\u00f3s\u0142 do kr\u00f3lestwa swojego Syna<br \/>\n<\/em><strong>Czytanie z Listu \u015bwi\u0119tego Paw\u0142a Aposto\u0142a do Kolosan<br \/>\n<\/strong>Bracia: Z rado\u015bci\u0105 dzi\u0119kujcie Ojcu, kt\u00f3ry was uzdolni\u0142 do uczestnictwa w dziale \u015bwi\u0119tych w \u015bwiat\u0142o\u015bci. On uwolni\u0142 nas spod w\u0142adzy ciemno\u015bci i przeni\u00f3s\u0142 do kr\u00f3lestwa swego umi\u0142owanego Syna, w kt\u00f3rym mamy odkupienie, odpuszczenie grzech\u00f3w. On jest obrazem Boga niewidzialnego, Pierworodnym wobec ka\u017cdego stworzenia, bo w Nim zosta\u0142o wszystko stworzone: i to, co w niebiosach, i to, co na ziemi, byty widzialne i niewidzialne, czy Trony, czy Panowania, czy Zwierzchno\u015bci, czy W\u0142adze. Wszystko przez Niego i dla Niego zosta\u0142o stworzone. On jest przed wszystkim i wszystko w Nim ma istnienie. Oto S\u0142owo Bo\u017ce.<\/p>\n<p><span style=\"color: #ff0000;\"><strong>Aklamacja<\/strong><\/span> (J 19, 27)<br \/>\n<strong>Alleluja, alleluja, alleluja<br \/>\n<\/strong>Jezus powiedzia\u0142 do ucznia: \u00abOto Matka twoja\u00bb,<br \/>\ni od tej godziny ucze\u0144 wzi\u0105\u0142 J\u0105 do siebie.<br \/>\n<strong>Alleluja, alleluja, alleluja<\/strong><\/p>\n<p><strong><span style=\"color: #ff0000;\">Ewangelia<\/span><\/strong> (J 19, 25-27) <em>Oto Matka twoja<br \/>\n<\/em><strong>S\u0142owa Ewangelii wed\u0142ug \u015bwi\u0119tego Jana|<br \/>\n<\/strong>Obok krzy\u017ca Jezusa sta\u0142y: Matka Jego i siostra Matki Jego, Maria, \u017cona Kleofasa, i Maria Magdalena. Kiedy wi\u0119c Jezus ujrza\u0142 Matk\u0119 i stoj\u0105cego obok Niej ucznia, kt\u00f3rego mi\u0142owa\u0142, rzek\u0142 do Matki: \u00abNiewiasto, oto syn Tw\u00f3j\u00bb. Nast\u0119pnie rzek\u0142 do ucznia: \u00abOto Matka twoja\u00bb. I od tej godziny ucze\u0144 wzi\u0105\u0142 J\u0105 do siebie. Oto S\u0142owo Pa\u0144skie.<\/p>\n<p><strong><span style=\"color: #ff0000;\">Z kazania na kalwaryjskim Wzg\u00f3rzu \u2013 Uroczysto\u015b\u0107 NMP Kr\u00f3lowej Polski 03.05.2021r.<\/span><br \/>\n<\/strong><strong>Testament z Krzy\u017ca<br \/>\n<\/strong>Dzisiejsza uroczysto\u015b\u0107 ma \u015bcis\u0142y zwi\u0105zek z polsk\u0105 histori\u0105 i tradycj\u0105. Pocz\u0105tki tego \u015bwi\u0119ta si\u0119gaj\u0105 czas\u00f3w najazdu szwedzkiego na Polsk\u0119. To w tamtym czasie kr\u00f3l Jan Kazimierz szukaj\u0105c i widz\u0105c ratunek\u00a0 w Maryi, 1 kwietnia 1656r. w katedrze we Lwowie w imieniu ca\u0142ego polskiego narodu z\u0142o\u017cy\u0142 uroczyste \u015bluby Matce Bo\u017cej, obieraj\u0105c J\u0105 na Kr\u00f3low\u0105 Polski. Wiemy, \u017ce Maryja wtedy swym matczynym p\u0142aszczem uchroni\u0142a Polsk\u0119. Potem ten tytu\u0142 Kr\u00f3lowej Polski potwierdzi\u0142 w 1923 roku papie\u017c Pius XI, kt\u00f3ry ustanowi\u0142 \u015bwi\u0119to NMP Kr\u00f3lowej Polski i pozwoli\u0142 je obchodzi\u0107 3 maja, a papie\u017c \u015bw. Jan XXII w 1962 roku ustanowi\u0142 Maryj\u0119 Kr\u00f3low\u0105 Polski g\u0142\u00f3wn\u0105 Patronk\u0105 naszej Ojczyzny. Data obchodzenia tego \u015bwi\u0119ta upami\u0119tnia pierwsz\u0105 polsk\u0105 konstytucj\u0119 z dnia 3 maja 1791 roku.<br \/>\nNieprzypadkowo w dzisiejsz\u0105 uroczysto\u015b\u0107 czytany jest fragment z Ewangelii wed\u0142ug \u015bw. Jana ukazuj\u0105cy scen\u0119 umierania Jezusa na Krzy\u017cu. Kolejny raz ze szczeg\u00f3ln\u0105 uwag\u0105 ws\u0142uchujemy si\u0119 w Chrystusowy Testament zawarty w s\u0142owach: \u201eNiewiasto oto Syn Tw\u00f3j (\u2026) Oto Matka twoja\u201d. Zauwa\u017cmy, \u017ce s\u0142owa te wypowiedzia\u0142 Jezus na Kalwarii. To dokona\u0142o si\u0119 u st\u00f3p Krzy\u017ca. Jezus w ten spos\u00f3b chcia\u0142 nas nauczy\u0107, \u017ce synem Bo\u017cej Matki zostaje si\u0119 pod Krzy\u017cem. Chcia\u0142 nam wskaza\u0107, \u017ce na szczycie Kalwarii, bez \u017cadnych w\u0105tpliwo\u015bci spotkamy zawsze Matk\u0119 Jezusa. Kiedy w \u017cyciu jest ci\u0119\u017cko, kiedy przed oczami wyrasta kolejny \u017cyciowy krzy\u017c, to wtedy przychodz\u0105c na Kalwari\u0119 zawsze mo\u017cemy liczy\u0107 na pomoc i wsparcie naszej ukochanej Matki.\u00a0 \u00a0Ale s\u0142owa Jezusa: \u201eOto Matka twoja\u201d, nie tylko nas zach\u0119caj\u0105 do szukania opieki i pomocy u Matki, kt\u00f3ra wszystko rozumie, kt\u00f3ra Sercem ogarnia ka\u017cdego z nas, kt\u00f3ra zobaczy\u0107 dobro w nas umie, kt\u00f3ra jest z nami w ka\u017cdy czas.<br \/>\nTe s\u0142owa Jezusa: \u201eOto Matka twoja\u201d podkre\u015blaj\u0105, \u017ce mamy tak\u017ce obowi\u0105zki wobec naszej Matki i Kr\u00f3lowej. To obowi\u0105zek czci, szacunku, mi\u0142o\u015bci, obrony przed z\u0142ymi lud\u017ami\u2026 tak obrony przed z\u0142ymi lud\u017ami! Nasta\u0142y bowiem czasy, \u017ce wierno\u015b\u0107 Chrystusowi wymaga od nas tak\u017ce obrony Jego Matki, kt\u00f3r\u0105 Jezus zostawi\u0142 nam w swoim Testamencie na Krzy\u017cu, by\u015bmy si\u0119 Ni\u0105 opiekowali i Jej s\u0142u\u017cyli. Przecie\u017c i w naszej Ojczy\u017anie atakuje si\u0119 w r\u00f3\u017cny spos\u00f3b Matk\u0119 Naj\u015bwi\u0119tsz\u0105 i bezcze\u015bci si\u0119 Jej Wizerunki! Musimy wi\u0119c odwa\u017cnie stawa\u0107 w obronie naszej Matki, a nie tylko ucieka\u0107 si\u0119 pod Jej obron\u0119, gdy potrzebujemy Jej pomocy!<br \/>\nS\u0142yszmy dzisiaj w Ewangelii: A obok krzy\u017ca Jezusowego sta\u0142y: Jego Matka, niewiasty i sta\u0142 Jego ucze\u0144. Dlaczego by\u0142 pod krzy\u017cem Jego umi\u0142owany ucze\u0144 Jan? Poniewa\u017c chcia\u0142 by\u0107 przy Jezusie a\u017c do ko\u0144ca. Nikt go do tego nie zmusza\u0142. Przyszed\u0142 dobrowolnie pod Krzy\u017c na kt\u00f3rym wisia\u0142 i umiera\u0142 Jezus. Mimo, \u017ce by\u0142o mu zapewne bardzo ci\u0119\u017cko, mo\u017ce i si\u0119 ba\u0142, to jednak przyszed\u0142 pod Krzy\u017c bo bardzo kocha\u0142 Jezusa. W darze za t\u0119 mi\u0142o\u015b\u0107 i obecno\u015b\u0107 pod Krzy\u017cem, Jezus ofiaruje Mu swoj\u0105 Matk\u0119 oddaje go pod Jej opiek\u0119. Trzeba w \u017cyciu kocha\u0107 Jezusa! Trzeba w \u017cyciu kocha\u0107 Krzy\u017c na kt\u00f3rym Jezus umar\u0142 za zbawienie \u015bwiata! Trzeba \u00a0cz\u0119sto trwa\u0107 na modlitwie pod Krzy\u017cem, aby cieszy\u0107 si\u0119 w \u017cyciu szczeg\u00f3ln\u0105 opiek\u0105 Matki Jezusa i zarazem naszej Matki i Kr\u00f3lowej!<br \/>\nKr\u00f3lowanie Maryi i Jej opieka nad ka\u017cdym z nas, nad naszymi Rodzinami, nad nasz\u0105 Ojczyzn\u0105 zobowi\u0105zuje nas tak\u017ce do wdzi\u0119czno\u015bci wobec naszej Matki. Bo mi\u0142o\u015b\u0107 wyra\u017ca si\u0119 w wdzi\u0119czno\u015bci, prawdziwa mi\u0142o\u015b\u0107 zawsze potrafi by\u0107 wdzi\u0119czna! Ta nasza mi\u0142o\u015b\u0107 i wdzi\u0119czno\u015b\u0107 wobec naszej Matki i Kr\u00f3lowej, to nie tylko zak\u0142adane na Jej skronie z\u0142ote korony, to nie tylko przynoszone przed Jej o\u0142tarze i figury kwiaty, ale to przede wszystkim nasza pe\u0142na mi\u0142o\u015bci i ufno\u015bci codzienna modlitwa kierowana do Niej. Nasza wdzi\u0119czno\u015b\u0107 wobec naszej Matki i Kr\u00f3lowej to modlitwa r\u00f3\u017ca\u0144cowa, majowa i ta pierwszosobotnia wynagradzaj\u0105ca Jej Niepokalanemu Sercu. To tak\u017ce nasza wiara, mi\u0142o\u015b\u0107, pos\u0142usze\u0144stwo i wierno\u015b\u0107 wobec Jej Syna Jezusa Chrystusa i Jego Ko\u015bcio\u0142a, kt\u00f3rego Maryja przecie\u017c te\u017c jest Matk\u0105! Kto naprawd\u0119 kocha Maryj\u0119 jako Matk\u0119 i Kr\u00f3low\u0105, ten b\u0119dzie te\u017c kocha\u0142 Ko\u015bci\u00f3\u0142 Jej Syna Jezusa Chrystusa i b\u0119dzie szanowa\u0142 budowle i mury ko\u015bcio\u0142\u00f3w!<br \/>\nTu na naszym Wzg\u00f3rzu kalwaryjskim, za ka\u017cdym razem gdy nawiedzamy to \u015bwi\u0119te i wyj\u0105tkowe miejsce, mamy przed oczyma, t\u0119 scen\u0119 z dzisiejszej Ewangelii. Parz\u0105c na Jezusa Ukrzy\u017cowanego s\u0142yszymy te wyj\u0105tkowe s\u0142owa Jezusa, tak pe\u0142ne mi\u0142o\u015bci i troski o nas: \u201eOto twoja Matka\u201d. I wtedy kierujemy nasz wzrok na boczny o\u0142tarz gdzie umieszczony jest wizerunek naszej ukochanej Matki Bolesnej, dla kt\u00f3rej jeste\u015bmy synami i c\u00f3rkami.\u00a0 A Jezus z wysoko\u015bci Krzy\u017ca m\u00f3wi do swojej Matki: patrz \u201eoto Tw\u00f3j syn\u2026 oto Twoja c\u00f3rka\u201d&#8230; opiekuj si\u0119 nimi&#8230;<br \/>\nNiech ta scena Ukrzy\u017cowania w naszym Sanktuarium pomo\u017ce nam jeszcze bardziej pokocha\u0107 nasz\u0105 Matk\u0119 i Kr\u00f3low\u0105 oraz Jej Syna Jezusa Chrystusa. Amen.<br \/>\n(o.R.)<\/p>\n<p><strong><span style=\"color: #ff0000;\"><br \/>\nOdnowienie Jasnog\u00f3rskich \u015alub\u00f3w Narodu \u2013 Te przyrzeczenia zobowi\u0105zuj\u0105 nas do ich przestrzegania i pe\u0142nej realizacji!<\/span><br \/>\n<\/strong><strong>Wielka Boga-Cz\u0142owieka Matko! Bogurodzico Dziewico, Bogiem s\u0142awiona Maryjo! Kr\u00f3lowo \u015bwiata i\u00a0Polski Kr\u00f3lowo!<\/strong> Oto my, Twoje dzieci stajemy zn\u00f3w przed Tob\u0105 i sk\u0142adamy u st\u00f3p Twoich siebie samych i\u00a0wszystko, co mamy: rodziny nasze, \u015bwi\u0105tynie i\u00a0domostwa, zagony polne i\u00a0warsztaty pracy, p\u0142ugi, m\u0142oty i\u00a0pi\u00f3ra, wszystkie wysi\u0142ki my\u015bli naszej, drgnienia serc i\u00a0porywy woli. Odnawiamy dzi\u015b \u015bluby Przodk\u00f3w naszych i\u00a0Ciebie za\u00a0Patronk\u0119 nasz\u0105 i\u00a0za Kr\u00f3low\u0105 Polski uznajemy.<\/p>\n<p>Przyrzekamy uczyni\u0107 wszystko, co le\u017cy w\u00a0naszej mocy, aby Polska by\u0142a rzeczywistym kr\u00f3lestwem Twoim i\u00a0Twojego Syna, poddanym ca\u0142kowicie pod\u00a0Twoje panowanie, w\u00a0\u017cyciu naszym osobistym, rodzinnym, narodowym i\u00a0spo\u0142ecznym. <strong>Kr\u00f3lowo Polski, przyrzekamy!<\/strong><\/p>\n<p>Przyrzekamy\u00a0dochowanie wierno\u015bci Bogu, Krzy\u017cowi i\u00a0Ewangelii, Ko\u015bcio\u0142owi \u015bwi\u0119temu i\u00a0Jego Pasterzom. <strong>Kr\u00f3lowo Polski, przyrzekamy!<\/strong><\/p>\n<p>Matko \u0141aski Bo\u017cej! Przyrzekamy Ci strzec w\u00a0ka\u017cdej duszy polskiej daru \u0142aski, jako \u017ar\u00f3d\u0142a Bo\u017cego \u017cycia. Pragniemy, aby ka\u017cdy z\u00a0nas \u017cy\u0142 w\u00a0\u0142asce u\u015bwi\u0119caj\u0105cej i\u00a0bez grzechu ci\u0119\u017ckiego, aby sta\u0142 si\u0119 Domem Bo\u017cym i\u00a0Bram\u0105 Niebios. <strong>Kr\u00f3lowo Polski, przyrzekamy!<\/strong><\/p>\n<p>\u015awi\u0119ta Bo\u017ca Rodzicielko i\u00a0Matko Dobrej Rady! Przyrzekamy sta\u0107 na\u00a0stra\u017cy budz\u0105cego si\u0119 \u017cycia. Gotowi jeste\u015bmy raczej \u015bmier\u0107 ponie\u015b\u0107, ani\u017celi zada\u0107 \u015bmier\u0107 bezbronnym. Dar \u017cycia uwa\u017ca\u0107 b\u0119dziemy za\u00a0najwi\u0119ksz\u0105 \u0142ask\u0119 Ojca wszelkiego \u017cycia i\u00a0za najcenniejszy skarb Narodu. <strong>Kr\u00f3lowo Polski, przyrzekamy! <\/strong><\/p>\n<p>Matko Chrystusowa! Przyrzekamy broni\u0107 nierozerwalno\u015bci ma\u0142\u017ce\u0144stwa, Przyrzekamy Ci umacnia\u0107 w\u00a0rodzinach kr\u00f3lowanie Syna Twego Jezusa Chrystusa, broni\u0107 czci Imienia Bo\u017cego, wszczepia\u0107 w\u00a0umys\u0142y i\u00a0serca dzieci ducha Ewangelii i\u00a0mi\u0142o\u015bci ku\u00a0Tobie, strzec prawa Bo\u017cego, obyczaj\u00f3w chrze\u015bcija\u0144skich i\u00a0ojczystych. Przyrzekamy Ci wychowa\u0107 m\u0142ode pokolenie w\u00a0wierno\u015bci Chrystusowi, broni\u0107 je przed bezbo\u017cnictwem i\u00a0zepsuciem i\u00a0otoczy\u0107 czujn\u0105 opiek\u0105 rodzicielsk\u0105. <strong>Kr\u00f3lowo Polski, przyrzekamy!<\/strong><\/p>\n<p>Zwierciad\u0142o Sprawiedliwo\u015bci! Ws\u0142uchuj\u0105c si\u0119 w\u00a0odwieczne t\u0119sknoty Narodu, przyrzekamy Ci kroczy\u0107 za\u00a0S\u0142o\u0144cem Sprawiedliwo\u015bci, Chrystusem, Bogiem naszym. Przyrzekamy\u00a0 w \u017cyciu rodzinnym i publicznym zachowa\u0107 \u00a0mi\u0142o\u015b\u0107 i\u00a0sprawiedliwo\u015b\u0107, zgod\u0119 i\u00a0pok\u00f3j, aby w\u015br\u00f3d nas nie by\u0142o nienawi\u015bci, przemocy i\u00a0wyzysku. Przyrzekamy dzieli\u0107 si\u0119 mi\u0119dzy sob\u0105 ochotnie plonami ziemi i\u00a0owocami pracy, aby pod\u00a0wsp\u00f3lnym dachem domostwa naszego nie by\u0142o g\u0142odnych, bezdomnych i\u00a0p\u0142acz\u0105cych. <strong>Kr\u00f3lowo Polski, przyrzekamy!<\/strong><\/p>\n<p>Zwyci\u0119ska Pani Jasnog\u00f3rska! Przyrzekamy stoczy\u0107 pod\u00a0Twoim sztandarem naj\u015bwi\u0119tszy i\u00a0najci\u0119\u017cszy b\u00f3j z\u00a0naszymi wadami narodowymi. Przyrzekamy wypowiedzie\u0107 walk\u0119 lenistwu i\u00a0lekkomy\u015blno\u015bci, marnotrawstwu, pija\u0144stwu, rozwi\u0105z\u0142o\u015bci. Przyrzekamy zdobywa\u0107 cnoty wierno\u015bci i sumienno\u015bci, pracowito\u015bci i oszcz\u0119dno\u015bci, wyrzeczenia si\u0119 siebie i\u00a0wzajemnego poszanowania. <strong>Kr\u00f3lowo Polski, przyrzekamy! <\/strong><\/p>\n<p>Kr\u00f3lowo Polski! Ponawiamy \u015bluby Ojc\u00f3w naszych i\u00a0przyrzekamy, \u017ce z\u00a0wielk\u0105 usilno\u015bci\u0105 umacnia\u0107 i\u00a0szerzy\u0107 b\u0119dziemy w\u00a0sercach naszych i\u00a0w polskiej ziemi cze\u015b\u0107 Twoj\u0105 i\u00a0nabo\u017ce\u0144stwo do\u00a0Ciebie, Bogurodzico Dziewico, ws\u0142awiona w\u00a0tylu \u015bwi\u0105tyniach naszych, a\u00a0szczeg\u00f3lnie w\u00a0Twej Jasnog\u00f3rskiej Stolicy. Oddajemy Tobie szczeg\u00f3lnym aktem mi\u0142o\u015bci ka\u017cdy polski dom i\u00a0ka\u017cde polskie serce, aby chwa\u0142a Twoja nie ustawa\u0142a w\u00a0ustach naszych dnia ka\u017cdego, a\u00a0zw\u0142aszcza w\u00a0dni Twoich \u015bwi\u0105t. Przyrzekamy i\u015b\u0107 w\u00a0\u015blady Twoich cn\u00f3t, Matko Dziewico i\u00a0Panno Wierna, i\u00a0z Twoj\u0105 pomoc\u0105 wprowadza\u0107 w\u00a0\u017cycie nasze przyrzeczenia. <strong>Kr\u00f3lowo Polski, przyrzekamy! <\/strong><\/p>\n<p>Wspomo\u017cenie Wiernych! Przyjmij nasze przyrzeczenia, umocnij je w\u00a0sercach naszych i\u00a0z\u0142\u00f3\u017c przed Oblicze Boga w\u00a0Tr\u00f3jcy \u015awi\u0119tej Jedynego. W Twoje d\u0142onie sk\u0142adamy nasz\u0105 przesz\u0142o\u015b\u0107 i\u00a0przysz\u0142o\u015b\u0107, ca\u0142e nasze \u017cycie, Ko\u015bci\u00f3\u0142 Syna Twego i\u00a0wszystko, co mi\u0142ujemy w\u00a0Bogu. Prowad\u017a nas poprzez poddan\u0105 Ci ziemi\u0119 polsk\u0105 do\u00a0bram Ojczyzny Niebieskiej. A na\u00a0progu nowego \u017cycia sama oka\u017c nam Jezusa, b\u0142ogos\u0142awiony Owoc \u017cywota Twojego. <strong>Amen.<\/strong><\/p>\n<\/div>\n","protected":false},"excerpt":{"rendered":"<p>Z liturgii Uroczysto\u015bci NMP Kr\u00f3lowej Polski \u2013 03.05.2021r. 1. czytanie (Ap 11, 19a; 12, 1. 3-6a. 10ab) Wielki znak ukaza\u0142 si\u0119 na niebie Czytanie z Ksi\u0119gi Apokalipsy \u015bwi\u0119tego Jana Aposto\u0142a \u015awi\u0105tynia Boga w niebie si\u0119 otwar\u0142a, i Arka Jego Przymierza ukaza\u0142a si\u0119 w Jego \u015bwi\u0105tyni. Potem wielki znak si\u0119 ukaza\u0142 na niebie: Niewiasta obleczona w &hellip;<\/p>\n","protected":false},"author":2,"featured_media":18318,"comment_status":"closed","ping_status":"closed","sticky":false,"template":"","format":"standard","meta":{"_mi_skip_tracking":false,"_exactmetrics_sitenote_active":false,"_exactmetrics_sitenote_note":"","_exactmetrics_sitenote_category":0},"categories":[14],"tags":[],"yoast_head":"<!-- This site is optimized with the Yoast SEO plugin v18.1 - https:\/\/yoast.com\/wordpress\/plugins\/seo\/ -->\n<title>Do medytacji z kalwaryjskiego Wzg\u00f3rza \u2013 Poniedzia\u0142ek 03.05.2021r. - Pako\u015b\u0107 \u2013 Kalwaria<\/title>\n<meta name=\"robots\" content=\"index, follow, max-snippet:-1, max-image-preview:large, max-video-preview:-1\" \/>\n<link rel=\"canonical\" href=\"https:\/\/pakosc-kalwaria.franciszkanie.net\/index.php\/2021\/05\/01\/do-medytacji-z-kalwaryjskiego-wzgorza-poniedzialek-03-05-2021r\/\" \/>\n<meta property=\"og:locale\" content=\"pl_PL\" \/>\n<meta property=\"og:type\" content=\"article\" \/>\n<meta property=\"og:title\" content=\"Do medytacji z kalwaryjskiego Wzg\u00f3rza \u2013 Poniedzia\u0142ek 03.05.2021r. - Pako\u015b\u0107 \u2013 Kalwaria\" \/>\n<meta property=\"og:description\" content=\"Z liturgii Uroczysto\u015bci NMP Kr\u00f3lowej Polski \u2013 03.05.2021r. 1. czytanie (Ap 11, 19a; 12, 1. 3-6a. 10ab) Wielki znak ukaza\u0142 si\u0119 na niebie Czytanie z Ksi\u0119gi Apokalipsy \u015bwi\u0119tego Jana Aposto\u0142a \u015awi\u0105tynia Boga w niebie si\u0119 otwar\u0142a, i Arka Jego Przymierza ukaza\u0142a si\u0119 w Jego \u015bwi\u0105tyni. Potem wielki znak si\u0119 ukaza\u0142 na niebie: Niewiasta obleczona w &hellip;\" \/>\n<meta property=\"og:url\" content=\"https:\/\/pakosc-kalwaria.franciszkanie.net\/index.php\/2021\/05\/01\/do-medytacji-z-kalwaryjskiego-wzgorza-poniedzialek-03-05-2021r\/\" \/>\n<meta property=\"og:site_name\" content=\"Pako\u015b\u0107 \u2013 Kalwaria\" \/>\n<meta property=\"article:author\" content=\"https:\/\/www.facebook.com\/KalwariaPakosc\/\" \/>\n<meta property=\"article:published_time\" content=\"2021-05-01T06:30:19+00:00\" \/>\n<meta property=\"article:modified_time\" content=\"2021-05-07T13:49:44+00:00\" \/>\n<meta property=\"og:image\" content=\"https:\/\/pakosc-kalwaria.franciszkanie.net\/wp-content\/uploads\/2021\/05\/Matak-Boza-Bolesna-Krolowa-Polski-2020.jpg\" \/>\n\t<meta property=\"og:image:width\" content=\"400\" \/>\n\t<meta property=\"og:image:height\" content=\"225\" \/>\n\t<meta property=\"og:image:type\" content=\"image\/jpeg\" \/>\n<meta name=\"twitter:card\" content=\"summary\" \/>\n<meta name=\"twitter:label1\" content=\"Napisane przez\" \/>\n\t<meta name=\"twitter:data1\" content=\"pakosc-kalwaria\" \/>\n\t<meta name=\"twitter:label2\" content=\"Szacowany czas czytania\" \/>\n\t<meta name=\"twitter:data2\" content=\"11 minut\" \/>\n<script type=\"application\/ld+json\" class=\"yoast-schema-graph\">{\"@context\":\"https:\/\/schema.org\",\"@graph\":[{\"@type\":\"WebSite\",\"@id\":\"https:\/\/pakosc-kalwaria.franciszkanie.net\/#website\",\"url\":\"https:\/\/pakosc-kalwaria.franciszkanie.net\/\",\"name\":\"Pako\u015b\u0107 \u2013 Kalwaria\",\"description\":\"Parafia Rzymsko \u2013 Katolicka p.w. Pana Jezusa Ukrzy\u017cowanego i  Matki Bo\u017cej Bolesnej ul. Barci\u0144ska 60, 88\u2013170 Pako\u015b\u0107 \u2013 Kalwaria\",\"potentialAction\":[{\"@type\":\"SearchAction\",\"target\":{\"@type\":\"EntryPoint\",\"urlTemplate\":\"https:\/\/pakosc-kalwaria.franciszkanie.net\/?s={search_term_string}\"},\"query-input\":\"required name=search_term_string\"}],\"inLanguage\":\"pl-PL\"},{\"@type\":\"ImageObject\",\"@id\":\"https:\/\/pakosc-kalwaria.franciszkanie.net\/index.php\/2021\/05\/01\/do-medytacji-z-kalwaryjskiego-wzgorza-poniedzialek-03-05-2021r\/#primaryimage\",\"inLanguage\":\"pl-PL\",\"url\":\"https:\/\/pakosc-kalwaria.franciszkanie.net\/wp-content\/uploads\/2021\/05\/Matak-Boza-Bolesna-Krolowa-Polski-2020.jpg\",\"contentUrl\":\"https:\/\/pakosc-kalwaria.franciszkanie.net\/wp-content\/uploads\/2021\/05\/Matak-Boza-Bolesna-Krolowa-Polski-2020.jpg\",\"width\":400,\"height\":225},{\"@type\":\"WebPage\",\"@id\":\"https:\/\/pakosc-kalwaria.franciszkanie.net\/index.php\/2021\/05\/01\/do-medytacji-z-kalwaryjskiego-wzgorza-poniedzialek-03-05-2021r\/#webpage\",\"url\":\"https:\/\/pakosc-kalwaria.franciszkanie.net\/index.php\/2021\/05\/01\/do-medytacji-z-kalwaryjskiego-wzgorza-poniedzialek-03-05-2021r\/\",\"name\":\"Do medytacji z kalwaryjskiego Wzg\u00f3rza \u2013 Poniedzia\u0142ek 03.05.2021r. - Pako\u015b\u0107 \u2013 Kalwaria\",\"isPartOf\":{\"@id\":\"https:\/\/pakosc-kalwaria.franciszkanie.net\/#website\"},\"primaryImageOfPage\":{\"@id\":\"https:\/\/pakosc-kalwaria.franciszkanie.net\/index.php\/2021\/05\/01\/do-medytacji-z-kalwaryjskiego-wzgorza-poniedzialek-03-05-2021r\/#primaryimage\"},\"datePublished\":\"2021-05-01T06:30:19+00:00\",\"dateModified\":\"2021-05-07T13:49:44+00:00\",\"author\":{\"@id\":\"https:\/\/pakosc-kalwaria.franciszkanie.net\/#\/schema\/person\/af10b943be0760709227d060eadcb2aa\"},\"breadcrumb\":{\"@id\":\"https:\/\/pakosc-kalwaria.franciszkanie.net\/index.php\/2021\/05\/01\/do-medytacji-z-kalwaryjskiego-wzgorza-poniedzialek-03-05-2021r\/#breadcrumb\"},\"inLanguage\":\"pl-PL\",\"potentialAction\":[{\"@type\":\"ReadAction\",\"target\":[\"https:\/\/pakosc-kalwaria.franciszkanie.net\/index.php\/2021\/05\/01\/do-medytacji-z-kalwaryjskiego-wzgorza-poniedzialek-03-05-2021r\/\"]}]},{\"@type\":\"BreadcrumbList\",\"@id\":\"https:\/\/pakosc-kalwaria.franciszkanie.net\/index.php\/2021\/05\/01\/do-medytacji-z-kalwaryjskiego-wzgorza-poniedzialek-03-05-2021r\/#breadcrumb\",\"itemListElement\":[{\"@type\":\"ListItem\",\"position\":1,\"name\":\"Strona g\u0142\u00f3wna\",\"item\":\"https:\/\/pakosc-kalwaria.franciszkanie.net\/\"},{\"@type\":\"ListItem\",\"position\":2,\"name\":\"Do medytacji z kalwaryjskiego Wzg\u00f3rza \u2013 Poniedzia\u0142ek 03.05.2021r.\"}]},{\"@type\":\"Person\",\"@id\":\"https:\/\/pakosc-kalwaria.franciszkanie.net\/#\/schema\/person\/af10b943be0760709227d060eadcb2aa\",\"name\":\"pakosc-kalwaria\",\"image\":{\"@type\":\"ImageObject\",\"@id\":\"https:\/\/pakosc-kalwaria.franciszkanie.net\/#personlogo\",\"inLanguage\":\"pl-PL\",\"url\":\"https:\/\/secure.gravatar.com\/avatar\/e7049d338b55eac6a0027ff3218b8d02?s=96&d=mm&r=g\",\"contentUrl\":\"https:\/\/secure.gravatar.com\/avatar\/e7049d338b55eac6a0027ff3218b8d02?s=96&d=mm&r=g\",\"caption\":\"pakosc-kalwaria\"},\"sameAs\":[\"https:\/\/www.facebook.com\/KalwariaPakosc\/\"],\"url\":\"https:\/\/pakosc-kalwaria.franciszkanie.net\/index.php\/author\/pakosc-kalwaria\/\"}]}<\/script>\n<!-- \/ Yoast SEO plugin. -->","yoast_head_json":{"title":"Do medytacji z kalwaryjskiego Wzg\u00f3rza \u2013 Poniedzia\u0142ek 03.05.2021r. - Pako\u015b\u0107 \u2013 Kalwaria","robots":{"index":"index","follow":"follow","max-snippet":"max-snippet:-1","max-image-preview":"max-image-preview:large","max-video-preview":"max-video-preview:-1"},"canonical":"https:\/\/pakosc-kalwaria.franciszkanie.net\/index.php\/2021\/05\/01\/do-medytacji-z-kalwaryjskiego-wzgorza-poniedzialek-03-05-2021r\/","og_locale":"pl_PL","og_type":"article","og_title":"Do medytacji z kalwaryjskiego Wzg\u00f3rza \u2013 Poniedzia\u0142ek 03.05.2021r. - Pako\u015b\u0107 \u2013 Kalwaria","og_description":"Z liturgii Uroczysto\u015bci NMP Kr\u00f3lowej Polski \u2013 03.05.2021r. 1. czytanie (Ap 11, 19a; 12, 1. 3-6a. 10ab) Wielki znak ukaza\u0142 si\u0119 na niebie Czytanie z Ksi\u0119gi Apokalipsy \u015bwi\u0119tego Jana Aposto\u0142a \u015awi\u0105tynia Boga w niebie si\u0119 otwar\u0142a, i Arka Jego Przymierza ukaza\u0142a si\u0119 w Jego \u015bwi\u0105tyni. Potem wielki znak si\u0119 ukaza\u0142 na niebie: Niewiasta obleczona w &hellip;","og_url":"https:\/\/pakosc-kalwaria.franciszkanie.net\/index.php\/2021\/05\/01\/do-medytacji-z-kalwaryjskiego-wzgorza-poniedzialek-03-05-2021r\/","og_site_name":"Pako\u015b\u0107 \u2013 Kalwaria","article_author":"https:\/\/www.facebook.com\/KalwariaPakosc\/","article_published_time":"2021-05-01T06:30:19+00:00","article_modified_time":"2021-05-07T13:49:44+00:00","og_image":[{"width":400,"height":225,"url":"https:\/\/pakosc-kalwaria.franciszkanie.net\/wp-content\/uploads\/2021\/05\/Matak-Boza-Bolesna-Krolowa-Polski-2020.jpg","type":"image\/jpeg"}],"twitter_card":"summary","twitter_misc":{"Napisane przez":"pakosc-kalwaria","Szacowany czas czytania":"11 minut"},"schema":{"@context":"https:\/\/schema.org","@graph":[{"@type":"WebSite","@id":"https:\/\/pakosc-kalwaria.franciszkanie.net\/#website","url":"https:\/\/pakosc-kalwaria.franciszkanie.net\/","name":"Pako\u015b\u0107 \u2013 Kalwaria","description":"Parafia Rzymsko \u2013 Katolicka p.w. Pana Jezusa Ukrzy\u017cowanego i  Matki Bo\u017cej Bolesnej ul. Barci\u0144ska 60, 88\u2013170 Pako\u015b\u0107 \u2013 Kalwaria","potentialAction":[{"@type":"SearchAction","target":{"@type":"EntryPoint","urlTemplate":"https:\/\/pakosc-kalwaria.franciszkanie.net\/?s={search_term_string}"},"query-input":"required name=search_term_string"}],"inLanguage":"pl-PL"},{"@type":"ImageObject","@id":"https:\/\/pakosc-kalwaria.franciszkanie.net\/index.php\/2021\/05\/01\/do-medytacji-z-kalwaryjskiego-wzgorza-poniedzialek-03-05-2021r\/#primaryimage","inLanguage":"pl-PL","url":"https:\/\/pakosc-kalwaria.franciszkanie.net\/wp-content\/uploads\/2021\/05\/Matak-Boza-Bolesna-Krolowa-Polski-2020.jpg","contentUrl":"https:\/\/pakosc-kalwaria.franciszkanie.net\/wp-content\/uploads\/2021\/05\/Matak-Boza-Bolesna-Krolowa-Polski-2020.jpg","width":400,"height":225},{"@type":"WebPage","@id":"https:\/\/pakosc-kalwaria.franciszkanie.net\/index.php\/2021\/05\/01\/do-medytacji-z-kalwaryjskiego-wzgorza-poniedzialek-03-05-2021r\/#webpage","url":"https:\/\/pakosc-kalwaria.franciszkanie.net\/index.php\/2021\/05\/01\/do-medytacji-z-kalwaryjskiego-wzgorza-poniedzialek-03-05-2021r\/","name":"Do medytacji z kalwaryjskiego Wzg\u00f3rza \u2013 Poniedzia\u0142ek 03.05.2021r. - Pako\u015b\u0107 \u2013 Kalwaria","isPartOf":{"@id":"https:\/\/pakosc-kalwaria.franciszkanie.net\/#website"},"primaryImageOfPage":{"@id":"https:\/\/pakosc-kalwaria.franciszkanie.net\/index.php\/2021\/05\/01\/do-medytacji-z-kalwaryjskiego-wzgorza-poniedzialek-03-05-2021r\/#primaryimage"},"datePublished":"2021-05-01T06:30:19+00:00","dateModified":"2021-05-07T13:49:44+00:00","author":{"@id":"https:\/\/pakosc-kalwaria.franciszkanie.net\/#\/schema\/person\/af10b943be0760709227d060eadcb2aa"},"breadcrumb":{"@id":"https:\/\/pakosc-kalwaria.franciszkanie.net\/index.php\/2021\/05\/01\/do-medytacji-z-kalwaryjskiego-wzgorza-poniedzialek-03-05-2021r\/#breadcrumb"},"inLanguage":"pl-PL","potentialAction":[{"@type":"ReadAction","target":["https:\/\/pakosc-kalwaria.franciszkanie.net\/index.php\/2021\/05\/01\/do-medytacji-z-kalwaryjskiego-wzgorza-poniedzialek-03-05-2021r\/"]}]},{"@type":"BreadcrumbList","@id":"https:\/\/pakosc-kalwaria.franciszkanie.net\/index.php\/2021\/05\/01\/do-medytacji-z-kalwaryjskiego-wzgorza-poniedzialek-03-05-2021r\/#breadcrumb","itemListElement":[{"@type":"ListItem","position":1,"name":"Strona g\u0142\u00f3wna","item":"https:\/\/pakosc-kalwaria.franciszkanie.net\/"},{"@type":"ListItem","position":2,"name":"Do medytacji z kalwaryjskiego Wzg\u00f3rza \u2013 Poniedzia\u0142ek 03.05.2021r."}]},{"@type":"Person","@id":"https:\/\/pakosc-kalwaria.franciszkanie.net\/#\/schema\/person\/af10b943be0760709227d060eadcb2aa","name":"pakosc-kalwaria","image":{"@type":"ImageObject","@id":"https:\/\/pakosc-kalwaria.franciszkanie.net\/#personlogo","inLanguage":"pl-PL","url":"https:\/\/secure.gravatar.com\/avatar\/e7049d338b55eac6a0027ff3218b8d02?s=96&d=mm&r=g","contentUrl":"https:\/\/secure.gravatar.com\/avatar\/e7049d338b55eac6a0027ff3218b8d02?s=96&d=mm&r=g","caption":"pakosc-kalwaria"},"sameAs":["https:\/\/www.facebook.com\/KalwariaPakosc\/"],"url":"https:\/\/pakosc-kalwaria.franciszkanie.net\/index.php\/author\/pakosc-kalwaria\/"}]}},"_links":{"self":[{"href":"https:\/\/pakosc-kalwaria.franciszkanie.net\/index.php\/wp-json\/wp\/v2\/posts\/18317"}],"collection":[{"href":"https:\/\/pakosc-kalwaria.franciszkanie.net\/index.php\/wp-json\/wp\/v2\/posts"}],"about":[{"href":"https:\/\/pakosc-kalwaria.franciszkanie.net\/index.php\/wp-json\/wp\/v2\/types\/post"}],"author":[{"embeddable":true,"href":"https:\/\/pakosc-kalwaria.franciszkanie.net\/index.php\/wp-json\/wp\/v2\/users\/2"}],"replies":[{"embeddable":true,"href":"https:\/\/pakosc-kalwaria.franciszkanie.net\/index.php\/wp-json\/wp\/v2\/comments?post=18317"}],"version-history":[{"count":7,"href":"https:\/\/pakosc-kalwaria.franciszkanie.net\/index.php\/wp-json\/wp\/v2\/posts\/18317\/revisions"}],"predecessor-version":[{"id":18325,"href":"https:\/\/pakosc-kalwaria.franciszkanie.net\/index.php\/wp-json\/wp\/v2\/posts\/18317\/revisions\/18325"}],"wp:featuredmedia":[{"embeddable":true,"href":"https:\/\/pakosc-kalwaria.franciszkanie.net\/index.php\/wp-json\/wp\/v2\/media\/18318"}],"wp:attachment":[{"href":"https:\/\/pakosc-kalwaria.franciszkanie.net\/index.php\/wp-json\/wp\/v2\/media?parent=18317"}],"wp:term":[{"taxonomy":"category","embeddable":true,"href":"https:\/\/pakosc-kalwaria.franciszkanie.net\/index.php\/wp-json\/wp\/v2\/categories?post=18317"},{"taxonomy":"post_tag","embeddable":true,"href":"https:\/\/pakosc-kalwaria.franciszkanie.net\/index.php\/wp-json\/wp\/v2\/tags?post=18317"}],"curies":[{"name":"wp","href":"https:\/\/api.w.org\/{rel}","templated":true}]}}