{"id":18503,"date":"2021-05-15T08:00:57","date_gmt":"2021-05-15T06:00:57","guid":{"rendered":"http:\/\/pakosc-kalwaria.franciszkanie.net\/?p=18503"},"modified":"2021-05-21T09:44:23","modified_gmt":"2021-05-21T07:44:23","slug":"do-medytacji-z-kalwaryjskiego-wzgorza-niedziela-16-05-2021r","status":"publish","type":"post","link":"https:\/\/pakosc-kalwaria.franciszkanie.net\/index.php\/2021\/05\/15\/do-medytacji-z-kalwaryjskiego-wzgorza-niedziela-16-05-2021r\/","title":{"rendered":"Do medytacji z kalwaryjskiego Wzg\u00f3rza \u2013 Niedziela 16.05.2021r."},"content":{"rendered":"<p><span style=\"color: #ff0000;\"><strong>Z liturgii Uroczysto\u015bci Wniebowst\u0105pienia Pa\u0144skiego \u2013 16.05.2021r.<\/strong><\/span><\/p>\n<p><span style=\"color: #ff0000;\"><strong>1. czytanie<\/strong> (<\/span>Dz 1, 1-11) <em>Uni\u00f3s\u0142 si\u0119 w ich obecno\u015bci w g\u00f3r\u0119<br \/>\n<\/em><strong>Czytanie z Dziej\u00f3w Apostolskich<br \/>\n<\/strong>Pierwsz\u0105 Ksi\u0119g\u0119 napisa\u0142em, Teofilu, o wszystkim, co Jezus czyni\u0142 i czego naucza\u0142 od pocz\u0105tku a\u017c do dnia, w kt\u00f3rym da\u0142 polecenia aposto\u0142om, kt\u00f3rych sobie wybra\u0142 przez Ducha \u015awi\u0119tego, a potem zosta\u0142 wzi\u0119ty do nieba. Im te\u017c po swojej m\u0119ce da\u0142 wiele dowod\u00f3w, \u017ce \u017cyje: ukazywa\u0142 si\u0119 im przez czterdzie\u015bci dni i m\u00f3wi\u0142 o kr\u00f3lestwie Bo\u017cym. A podczas wsp\u00f3lnego posi\u0142ku przykaza\u0142 im nie odchodzi\u0107 z Jerozolimy, ale oczekiwa\u0107 obietnicy Ojca: \u00abS\u0142yszeli\u015bcie o niej ode Mnie \u2013 m\u00f3wi\u0142 \u2013 Jan chrzci\u0142 wod\u0105, ale wy wkr\u00f3tce zostaniecie ochrzczeni Duchem \u015awi\u0119tym\u00bb. Zapytywali Go zebrani: \u00abPanie, czy w tym czasie przywr\u00f3cisz kr\u00f3lestwo Izraela?\u00bb Odpowiedzia\u0142 im: \u00abNie wasza to rzecz zna\u0107 czasy i chwile, kt\u00f3re Ojciec ustali\u0142 swoj\u0105 w\u0142adz\u0105, ale gdy Duch \u015awi\u0119ty zst\u0105pi na was, otrzymacie Jego moc i b\u0119dziecie moimi \u015bwiadkami w Jeruzalem i w ca\u0142ej Judei, i w Samarii, i a\u017c po kra\u0144ce ziemi\u00bb. Po tych s\u0142owach uni\u00f3s\u0142 si\u0119 w ich obecno\u015bci w g\u00f3r\u0119 i ob\u0142ok zabra\u0142 Go im sprzed oczu. Kiedy jeszcze wpatrywali si\u0119 w Niego, jak wst\u0119powa\u0142 do nieba, przyst\u0105pili do nich dwaj m\u0119\u017cowie w bia\u0142ych szatach. I rzekli: \u00abM\u0119\u017cowie z Galilei, dlaczego stoicie i wpatrujecie si\u0119 w niebo? Ten Jezus, wzi\u0119ty od was do nieba, przyjdzie tak samo, jak widzieli\u015bcie Go wst\u0119puj\u0105cego do nieba\u00bb. Oto S\u0142owo Bo\u017ce.<\/p>\n<p><strong><span style=\"color: #ff0000;\">Psalm<\/span> <\/strong>(Ps 47 (46), 2-3. 6-7. 8-9 (R.: por. 6))<br \/>\n<strong>Pan w\u015br\u00f3d rado\u015bci wst\u0119puje do nieba<br \/>\n<\/strong>Wszystkie narody, klaskajcie w d\u0142onie, *<br \/>\nradosnym g\u0142osem wykrzykujcie Bogu,<br \/>\nbo Pan Najwy\u017cszy i straszliwy, *<br \/>\njest wielkim Kr\u00f3lem nad ca\u0142\u0105 ziemi\u0105.<\/p>\n<div id=\"tabnowy0all\" class=\"tab-pane fade active in\">\n<p><strong>Pan w\u015br\u00f3d rado\u015bci wst\u0119puje do nieba<br \/>\n<\/strong>B\u00f3g wst\u0119puje w\u015br\u00f3d radosnych okrzyk\u00f3w, *<br \/>\nPan wst\u0119puje przy d\u017awi\u0119ku tr\u0105by.<br \/>\n\u015apiewajcie psalmy Bogu, \u015bpiewajcie, *<br \/>\n\u015bpiewajcie Kr\u00f3lowi naszemu, \u015bpiewajcie.<\/p>\n<p><strong>Pan w\u015br\u00f3d rado\u015bci wst\u0119puje do nieba<br \/>\n<\/strong>Gdy\u017c B\u00f3g jest Kr\u00f3lem ca\u0142ej ziemi, *<br \/>\nhymn za\u015bpiewajcie!<br \/>\nB\u00f3g kr\u00f3luje nad narodami, *<br \/>\nB\u00f3g zasiada na swym \u015bwi\u0119tym tronie.<\/p>\n<p><strong>Pan w\u015br\u00f3d rado\u015bci wst\u0119puje do nieba<\/strong><\/p>\n<p><strong><span style=\"color: #ff0000;\">2. czytanie<\/span> <\/strong>(Ef 4, 1-13) <em>Dojdziemy do miary wielko\u015bci wed\u0142ug Pe\u0142ni Chrystusa<br \/>\n<\/em><strong>Czytanie z Listu \u015awi\u0119tego Paw\u0142a Aposto\u0142a do Efezjan<br \/>\n<\/strong>Bracia: Zach\u0119cam was ja, wi\u0119zie\u0144 w Panu, aby\u015bcie post\u0119powali w spos\u00f3b godny powo\u0142ania, do jakiego zostali\u015bcie wezwani, z ca\u0142\u0105 pokor\u0105 i cicho\u015bci\u0105, z cierpliwo\u015bci\u0105, znosz\u0105c siebie nawzajem w mi\u0142o\u015bci. Usi\u0142ujcie zachowa\u0107 jedno\u015b\u0107 Ducha dzi\u0119ki wi\u0119zi, jak\u0105 jest pok\u00f3j. Jedno jest Cia\u0142o i jeden Duch, bo te\u017c zostali\u015bcie wezwani do jednej nadziei, jak\u0105 daje wasze powo\u0142anie. Jeden jest Pan, jedna wiara, jeden chrzest. Jeden jest B\u00f3g i Ojciec wszystkich, kt\u00f3ry jest i dzia\u0142a ponad wszystkimi, przez wszystkich i we wszystkich. Ka\u017cdemu za\u015b z nas zosta\u0142a dana \u0142aska wed\u0142ug miary daru Chrystusowego. Dlatego m\u00f3wi Pismo: \u00abWst\u0105piwszy na wysoko\u015bci, wzi\u0105\u0142 do niewoli je\u0144c\u00f3w, rozda\u0142 ludziom dary\u00bb. S\u0142owo za\u015b \u201ewst\u0105pi\u0142\u201d c\u00f3\u017c oznacza, je\u015bli nie to, \u017ce r\u00f3wnie\u017c zst\u0105pi\u0142 do ni\u017cszych cz\u0119\u015bci ziemi? Ten, kt\u00f3ry zst\u0105pi\u0142, jest i Tym, kt\u00f3ry wst\u0105pi\u0142 ponad wszystkie niebiosa, aby wszystko nape\u0142ni\u0107. On te\u017c ustanowi\u0142 jednych aposto\u0142ami, innych prorokami, innych ewangelistami, innych pasterzami i nauczycielami, aby przysposobili \u015bwi\u0119tych do wykonywania pos\u0142ugi dla budowania Cia\u0142a Chrystusowego, a\u017c dojdziemy wszyscy razem do jedno\u015bci wiary i pe\u0142nego poznania Syna Bo\u017cego, do cz\u0142owieka doskona\u0142ego, do miary wielko\u015bci wed\u0142ug Pe\u0142ni Chrystusa. Oto S\u0142owo Bo\u017ce.<\/p>\n<p><span style=\"color: #ff0000;\"><strong>Aklamacja<\/strong><\/span> (Mt 28, 19a. 20b)<br \/>\n<strong>Alleluja, alleluja, alleluja<br \/>\n<\/strong>Id\u017acie i nauczajcie wszystkie narody.<br \/>\nJa jestem z wami przez wszystkie dni, a\u017c do sko\u0144czenia \u015bwiata.<br \/>\n<strong>Alleluja, alleluja, alleluja<\/strong><\/p>\n<p><strong><span style=\"color: #ff0000;\">Ewangelia<\/span><\/strong> (Mk 16, 15-20) <em>Jezus zosta\u0142 wzi\u0119ty do nieba i zasiad\u0142 po prawicy Boga<br \/>\n<\/em><strong>S\u0142owa Ewangelii wed\u0142ug \u015awi\u0119tego Marka<br \/>\n<\/strong>Jezus, ukazawszy si\u0119 Jedenastu, powiedzia\u0142 do nich: \u00abId\u017acie na ca\u0142y \u015bwiat i g\u0142o\u015bcie Ewangeli\u0119 wszelkiemu stworzeniu! Kto uwierzy i przyjmie chrzest, b\u0119dzie zbawiony; a kto nie uwierzy, b\u0119dzie pot\u0119piony. Te za\u015b znaki towarzyszy\u0107 b\u0119d\u0105 tym, kt\u00f3rzy uwierz\u0105: w imi\u0119 moje z\u0142e duchy b\u0119d\u0105 wyrzuca\u0107, nowymi j\u0119zykami m\u00f3wi\u0107 b\u0119d\u0105; w\u0119\u017ce bra\u0107 b\u0119d\u0105 do r\u0105k, i je\u015bliby co zatrutego wypili, nie b\u0119dzie im szkodzi\u0107. Na chorych r\u0119ce k\u0142a\u015b\u0107 b\u0119d\u0105, a ci odzyskaj\u0105 zdrowie\u00bb. Po rozmowie z nimi Pan Jezus zosta\u0142 wzi\u0119ty do nieba i zasiad\u0142 po prawicy Boga. Oni za\u015b poszli i g\u0142osili Ewangeli\u0119 wsz\u0119dzie, a Pan wsp\u00f3\u0142dzia\u0142a\u0142 z nimi i potwierdza\u0142 nauk\u0119 znakami, kt\u00f3re jej towarzyszy\u0142y.<\/p>\n<\/div>\n<p><strong><span style=\"color: #ff0000;\">Z kazania na kalwaryjskim Wzg\u00f3rzu \u2013 Niedziela 16.05.2021r.<\/span><br \/>\n<\/strong><strong>Jezus zapewnia, \u017ce istnieje Niebo<\/strong><strong><em><br \/>\n<\/em><\/strong>Prze\u017cywaj\u0105c dzisiejsz\u0105 uroczysto\u015b\u0107 widzimy Jezusa w Jego boskim majestacie, jak wst\u0119puje do Nieba. Czyli Niebo naprawd\u0119 istnieje, skoro Jezus tam wst\u0119puje! Zanim wst\u0105pi\u0142 do Nieba zapewni\u0142 swoich uczni\u00f3w, \u017ce \u201eW domu Ojca mego jest mieszka\u0144 wiele. Gdyby tak nie by\u0142o, to bym wam powiedzia\u0142. Id\u0119 przecie\u017c przygotowa\u0107 wam miejsce. A gdy odejd\u0119 i przygotuj\u0119 wam miejsce, przyjd\u0119 powt\u00f3rnie i zabior\u0119 was do siebie, aby\u015bcie i wy byli tam, gdzie Ja jestem\u201d. Tajemnica Wniebowst\u0105pienia jest wi\u0119c dla nas \u017ar\u00f3d\u0142em wielkiej rado\u015bci, p\u0142yn\u0105cej z faktu, \u017ce Niebo istnieje. Co wi\u0119cej dla ka\u017cdego z nas B\u00f3g przygotowa\u0142 w Niebie mieszkanie! Ten fakt tak\u017ce powinien nas nape\u0142ni\u0107 wielk\u0105 rado\u015bci\u0105 i szcz\u0119\u015bciem!<br \/>\nJezus w czasie swojego ziemskiego \u017cycia objawi\u0142 nam Boga, a przez M\u0119k\u0119 i \u015amier\u0107 na Krzy\u017cu odkupi\u0142 nasze grzechy. Po swoim zmartwychwstaniu przez 40 dni ukazywa\u0142 si\u0119 swoim uczniom, a\u017c do dnia gdy na ich oczach wzni\u00f3s\u0142 si\u0119 do Nieba z G\u00f3ry Oliwnej. A teraz, jak wyznajemy w Credo, Jezus \u201esiedzi po prawicy Boga Ojca Wszechmog\u0105cego\u201d i \u201estamt\u0105d przyjdzie s\u0105dzi\u0107 \u017cywych i umar\u0142ych\u201d.<br \/>\nNasza \u017cyciowa droga, kt\u00f3r\u0105 kroczymy po ziemi, posiada zar\u00f3wno sw\u00f3j start jak i met\u0119. Met\u0105 jest spotkanie z Bogiem w wieczno\u015bci, gdy w momencie naszej \u015bmierci, przyjdzie po nas Chrystus i zabierze nas do siebie, tak jak o tym zapewnia. Jak uczy Jezus, droga do Nieba jest \u201ew\u0105ska i stroma\u201d. Ale warto i\u015b\u0107 t\u0105 drog\u0105 wyznaczon\u0105 przez Jezusa, cho\u0107 czasami jest bardzo trudna i wyboista, bo w\u0142a\u015bnie ta droga prowadzi do \u017cycia wiecznego w Niebie. \u015aw. Pawe\u0142, kt\u00f3ry jak wiemy nie mia\u0142 \u0142atwej drogi w \u017cyciu, pisze w Li\u015bcie do Rzymian, \u201e\u017ce cierpie\u0144 tera\u017aniejszych nie mo\u017cna stawia\u0107 na r\u00f3wni z chwal\u0105, kt\u00f3ra ma si\u0119 w nas objawi\u0107\u201d. Chwa\u0142a bowiem b\u0119dzie wieczna, a cierpienie jest przemijaj\u0105ce, nawet je\u017celi trwa wiele lat!<br \/>\nZanim Jezus wst\u0105pi\u0142 do Nieba, to po swoim zmartwychwstaniu, nadal umacnia\u0142 wiar\u0119, nadziej\u0119 i mi\u0142o\u015b\u0107 w sercach Aposto\u0142\u00f3w i swoich uczni\u00f3w. Stara\u0142 si\u0119 ich przekona\u0107, aby dawali \u015bwiadectwo ca\u0142emu \u015bwiatu o tym, czego sami do\u015bwiadczyli i co zobaczyli. Obieca\u0142 te\u017c pomoc Ducha \u015awi\u0119tego. \u201eOni za\u015b poszli &#8211; jak pisze \u015bw. Marek Ewangelista &#8211; i g\u0142osili Ewangeli\u0119 wsz\u0119dzie. a Pan wsp\u00f3\u0142dzia\u0142a\u0142 z nimi i potwierdza\u0142 nauk\u0119 znakami, kt\u00f3re jej towarzyszy\u0142y\u201d.<br \/>\nMisja zbawienia \u015bwiata i ludzi przez Jezusa Chrystusa trwa\u0107 b\u0119dzie a\u017c do sko\u0144czenia \u015bwiata. Po Wniebowst\u0105pieniu Jezusa g\u0142oszenie or\u0119dzia o zbawieniu spoczywa na Ko\u015bciele i na uczniach Jezusa, kt\u00f3rzy dzisiaj nale\u017c\u0105 do wsp\u00f3lnoty Chrystusowego Ko\u015bcio\u0142a \u2026 a wi\u0119c i na ka\u017cdym z nas. Zmartwychwsta\u0142y Chrystus, wst\u0105piwszy do Nieba nie pozostawia swoich uczni\u00f3w samych. Wstawia si\u0119 za nami u swojego Ojca. Zostawi\u0142 nam swoj\u0105 Matk\u0119 i uczyni\u0142 J\u0105 jednocze\u015bnie nasz\u0105 Matk\u0105. \u017byciow\u0105 m\u0105dro\u015b\u0107 przekaza\u0142 nam w swoim S\u0142owie zapisanym na kartach Pisma \u015awi\u0119tego. Pozosta\u0142 te\u017c z nami na ziemi w znakach \u015bwi\u0119tych sakrament\u00f3w, zw\u0142aszcza w Eucharystii. Tak jak obieca\u0142 b\u0119dzie ze swoimi uczniami na tej ziemi \u201ea\u017c do sko\u0144czenia \u015bwiata\u201d. Towarzyszy nam \u00a0ka\u017cdego dnia, i gdy Go o to poprosimy na modlitwie, wspiera nas swoimi \u0142askami w drodze do naszej mety, kt\u00f3r\u0105 b\u0119dzie spotkaniem z Bogiem w wieczno\u015bci.<br \/>\nW \u017cyciu Jezusa na tej ziemi, mo\u017cemy zobaczy\u0107 tak\u017ce nasz\u0105 \u017cyciow\u0105 drog\u0119. B\u00f3g powo\u0142a\u0142 nas do \u017cycia na tej ziemi, aby\u015bmy ka\u017cdego dnia razem z Nim przemierzali drogi tego \u015bwiata. Musimy jednak pami\u0119ta\u0107, \u017ce nic na tej ziemi nie jest nam dane na zawsze. Wszystko co posiadamy, pr\u0119dzej czy p\u00f3\u017aniej na tej ziemi zostawimy. Tak te\u017c by\u0142o w \u017cyciu Jezusa. Tak\u017ce ludzie, kt\u00f3rych kochamy odchodz\u0105 od nas, ukazuj\u0105c krucho\u015b\u0107 \u017cycia na ziemi. Bez wzgl\u0119du na to ile lat przyjdzie nam \u017cy\u0107 na tej ziemi, to ka\u017cdy dzie\u0144, podobnie jak w \u017cyciu Chrystusa, zbli\u017ca nas do powrotu do Domu Ojca. Dlatego wiara w \u017cycie wieczne powinna w spos\u00f3b szczeg\u00f3lny wp\u0142ywa\u0107 na kszta\u0142towanie naszego \u017cycia doczesnego. Nasze \u017cycie na ziemi ma s\u0142u\u017cy\u0107 przede wszystkim temu, aby\u015bmy dobrze przygotowali si\u0119 do wieczno\u015bci. To od jako\u015bci naszego ziemskiego \u017cycia, b\u0119dzie zale\u017ce\u0107 gdzie sp\u0119dzimy wieczno\u015b\u0107. Nie mo\u017cna wi\u0119c pozwoli\u0107 sobie w\u00a0 \u017cyciu na jak\u0105kolwiek lekkomy\u015blno\u015b\u0107, kt\u00f3ra mo\u017ce nas kosztowa\u0107 utrat\u0119 nigdy nie ko\u0144cz\u0105cego si\u0119 szcz\u0119\u015bcia w Niebie. Jak\u017ce inaczej wygl\u0105da\u0142oby \u017cycie na ziemi, gdyby ludzie tak na serio wierzyli w \u017cycie wieczne. Wierzmy wi\u0119c mocno w \u017cycie wieczne, bo jak przypomina \u015bw. Pawe\u0142 w Li\u015bcie do Filipian: \u201eNasza\u00a0 Ojczyzna jest w Niebie\u201d. A Niebo jest tam gdzie \u017cyje i mieszka B\u00f3g! Amen.<br \/>\n(o.R.)<\/p>\n","protected":false},"excerpt":{"rendered":"<p>Z liturgii Uroczysto\u015bci Wniebowst\u0105pienia Pa\u0144skiego \u2013 16.05.2021r. 1. czytanie (Dz 1, 1-11) Uni\u00f3s\u0142 si\u0119 w ich obecno\u015bci w g\u00f3r\u0119 Czytanie z Dziej\u00f3w Apostolskich Pierwsz\u0105 Ksi\u0119g\u0119 napisa\u0142em, Teofilu, o wszystkim, co Jezus czyni\u0142 i czego naucza\u0142 od pocz\u0105tku a\u017c do dnia, w kt\u00f3rym da\u0142 polecenia aposto\u0142om, kt\u00f3rych sobie wybra\u0142 przez Ducha \u015awi\u0119tego, a potem zosta\u0142 wzi\u0119ty &hellip;<\/p>\n","protected":false},"author":2,"featured_media":18487,"comment_status":"closed","ping_status":"closed","sticky":false,"template":"","format":"standard","meta":{"_mi_skip_tracking":false,"_exactmetrics_sitenote_active":false,"_exactmetrics_sitenote_note":"","_exactmetrics_sitenote_category":0},"categories":[14],"tags":[],"yoast_head":"<!-- This site is optimized with the Yoast SEO plugin v18.1 - https:\/\/yoast.com\/wordpress\/plugins\/seo\/ -->\n<title>Do medytacji z kalwaryjskiego Wzg\u00f3rza \u2013 Niedziela 16.05.2021r. - Pako\u015b\u0107 \u2013 Kalwaria<\/title>\n<meta name=\"robots\" content=\"index, follow, max-snippet:-1, max-image-preview:large, max-video-preview:-1\" \/>\n<link rel=\"canonical\" href=\"https:\/\/pakosc-kalwaria.franciszkanie.net\/index.php\/2021\/05\/15\/do-medytacji-z-kalwaryjskiego-wzgorza-niedziela-16-05-2021r\/\" \/>\n<meta property=\"og:locale\" content=\"pl_PL\" \/>\n<meta property=\"og:type\" content=\"article\" \/>\n<meta property=\"og:title\" content=\"Do medytacji z kalwaryjskiego Wzg\u00f3rza \u2013 Niedziela 16.05.2021r. - Pako\u015b\u0107 \u2013 Kalwaria\" \/>\n<meta property=\"og:description\" content=\"Z liturgii Uroczysto\u015bci Wniebowst\u0105pienia Pa\u0144skiego \u2013 16.05.2021r. 1. czytanie (Dz 1, 1-11) Uni\u00f3s\u0142 si\u0119 w ich obecno\u015bci w g\u00f3r\u0119 Czytanie z Dziej\u00f3w Apostolskich Pierwsz\u0105 Ksi\u0119g\u0119 napisa\u0142em, Teofilu, o wszystkim, co Jezus czyni\u0142 i czego naucza\u0142 od pocz\u0105tku a\u017c do dnia, w kt\u00f3rym da\u0142 polecenia aposto\u0142om, kt\u00f3rych sobie wybra\u0142 przez Ducha \u015awi\u0119tego, a potem zosta\u0142 wzi\u0119ty &hellip;\" \/>\n<meta property=\"og:url\" content=\"https:\/\/pakosc-kalwaria.franciszkanie.net\/index.php\/2021\/05\/15\/do-medytacji-z-kalwaryjskiego-wzgorza-niedziela-16-05-2021r\/\" \/>\n<meta property=\"og:site_name\" content=\"Pako\u015b\u0107 \u2013 Kalwaria\" \/>\n<meta property=\"article:author\" content=\"https:\/\/www.facebook.com\/KalwariaPakosc\/\" \/>\n<meta property=\"article:published_time\" content=\"2021-05-15T06:00:57+00:00\" \/>\n<meta property=\"article:modified_time\" content=\"2021-05-21T07:44:23+00:00\" \/>\n<meta property=\"og:image\" content=\"https:\/\/pakosc-kalwaria.franciszkanie.net\/wp-content\/uploads\/2021\/05\/P1000784-\u2014-kopia-1.jpg\" \/>\n\t<meta property=\"og:image:width\" content=\"400\" \/>\n\t<meta property=\"og:image:height\" content=\"225\" \/>\n\t<meta property=\"og:image:type\" content=\"image\/jpeg\" \/>\n<meta name=\"twitter:card\" content=\"summary\" \/>\n<meta name=\"twitter:label1\" content=\"Napisane przez\" \/>\n\t<meta name=\"twitter:data1\" content=\"pakosc-kalwaria\" \/>\n\t<meta name=\"twitter:label2\" content=\"Szacowany czas czytania\" \/>\n\t<meta name=\"twitter:data2\" content=\"8 minut\" \/>\n<script type=\"application\/ld+json\" class=\"yoast-schema-graph\">{\"@context\":\"https:\/\/schema.org\",\"@graph\":[{\"@type\":\"WebSite\",\"@id\":\"https:\/\/pakosc-kalwaria.franciszkanie.net\/#website\",\"url\":\"https:\/\/pakosc-kalwaria.franciszkanie.net\/\",\"name\":\"Pako\u015b\u0107 \u2013 Kalwaria\",\"description\":\"Parafia Rzymsko \u2013 Katolicka p.w. Pana Jezusa Ukrzy\u017cowanego i  Matki Bo\u017cej Bolesnej ul. Barci\u0144ska 60, 88\u2013170 Pako\u015b\u0107 \u2013 Kalwaria\",\"potentialAction\":[{\"@type\":\"SearchAction\",\"target\":{\"@type\":\"EntryPoint\",\"urlTemplate\":\"https:\/\/pakosc-kalwaria.franciszkanie.net\/?s={search_term_string}\"},\"query-input\":\"required name=search_term_string\"}],\"inLanguage\":\"pl-PL\"},{\"@type\":\"ImageObject\",\"@id\":\"https:\/\/pakosc-kalwaria.franciszkanie.net\/index.php\/2021\/05\/15\/do-medytacji-z-kalwaryjskiego-wzgorza-niedziela-16-05-2021r\/#primaryimage\",\"inLanguage\":\"pl-PL\",\"url\":\"https:\/\/pakosc-kalwaria.franciszkanie.net\/wp-content\/uploads\/2021\/05\/P1000784-\u2014-kopia-1.jpg\",\"contentUrl\":\"https:\/\/pakosc-kalwaria.franciszkanie.net\/wp-content\/uploads\/2021\/05\/P1000784-\u2014-kopia-1.jpg\",\"width\":400,\"height\":225},{\"@type\":\"WebPage\",\"@id\":\"https:\/\/pakosc-kalwaria.franciszkanie.net\/index.php\/2021\/05\/15\/do-medytacji-z-kalwaryjskiego-wzgorza-niedziela-16-05-2021r\/#webpage\",\"url\":\"https:\/\/pakosc-kalwaria.franciszkanie.net\/index.php\/2021\/05\/15\/do-medytacji-z-kalwaryjskiego-wzgorza-niedziela-16-05-2021r\/\",\"name\":\"Do medytacji z kalwaryjskiego Wzg\u00f3rza \u2013 Niedziela 16.05.2021r. - Pako\u015b\u0107 \u2013 Kalwaria\",\"isPartOf\":{\"@id\":\"https:\/\/pakosc-kalwaria.franciszkanie.net\/#website\"},\"primaryImageOfPage\":{\"@id\":\"https:\/\/pakosc-kalwaria.franciszkanie.net\/index.php\/2021\/05\/15\/do-medytacji-z-kalwaryjskiego-wzgorza-niedziela-16-05-2021r\/#primaryimage\"},\"datePublished\":\"2021-05-15T06:00:57+00:00\",\"dateModified\":\"2021-05-21T07:44:23+00:00\",\"author\":{\"@id\":\"https:\/\/pakosc-kalwaria.franciszkanie.net\/#\/schema\/person\/af10b943be0760709227d060eadcb2aa\"},\"breadcrumb\":{\"@id\":\"https:\/\/pakosc-kalwaria.franciszkanie.net\/index.php\/2021\/05\/15\/do-medytacji-z-kalwaryjskiego-wzgorza-niedziela-16-05-2021r\/#breadcrumb\"},\"inLanguage\":\"pl-PL\",\"potentialAction\":[{\"@type\":\"ReadAction\",\"target\":[\"https:\/\/pakosc-kalwaria.franciszkanie.net\/index.php\/2021\/05\/15\/do-medytacji-z-kalwaryjskiego-wzgorza-niedziela-16-05-2021r\/\"]}]},{\"@type\":\"BreadcrumbList\",\"@id\":\"https:\/\/pakosc-kalwaria.franciszkanie.net\/index.php\/2021\/05\/15\/do-medytacji-z-kalwaryjskiego-wzgorza-niedziela-16-05-2021r\/#breadcrumb\",\"itemListElement\":[{\"@type\":\"ListItem\",\"position\":1,\"name\":\"Strona g\u0142\u00f3wna\",\"item\":\"https:\/\/pakosc-kalwaria.franciszkanie.net\/\"},{\"@type\":\"ListItem\",\"position\":2,\"name\":\"Do medytacji z kalwaryjskiego Wzg\u00f3rza \u2013 Niedziela 16.05.2021r.\"}]},{\"@type\":\"Person\",\"@id\":\"https:\/\/pakosc-kalwaria.franciszkanie.net\/#\/schema\/person\/af10b943be0760709227d060eadcb2aa\",\"name\":\"pakosc-kalwaria\",\"image\":{\"@type\":\"ImageObject\",\"@id\":\"https:\/\/pakosc-kalwaria.franciszkanie.net\/#personlogo\",\"inLanguage\":\"pl-PL\",\"url\":\"https:\/\/secure.gravatar.com\/avatar\/e7049d338b55eac6a0027ff3218b8d02?s=96&d=mm&r=g\",\"contentUrl\":\"https:\/\/secure.gravatar.com\/avatar\/e7049d338b55eac6a0027ff3218b8d02?s=96&d=mm&r=g\",\"caption\":\"pakosc-kalwaria\"},\"sameAs\":[\"https:\/\/www.facebook.com\/KalwariaPakosc\/\"],\"url\":\"https:\/\/pakosc-kalwaria.franciszkanie.net\/index.php\/author\/pakosc-kalwaria\/\"}]}<\/script>\n<!-- \/ Yoast SEO plugin. -->","yoast_head_json":{"title":"Do medytacji z kalwaryjskiego Wzg\u00f3rza \u2013 Niedziela 16.05.2021r. - Pako\u015b\u0107 \u2013 Kalwaria","robots":{"index":"index","follow":"follow","max-snippet":"max-snippet:-1","max-image-preview":"max-image-preview:large","max-video-preview":"max-video-preview:-1"},"canonical":"https:\/\/pakosc-kalwaria.franciszkanie.net\/index.php\/2021\/05\/15\/do-medytacji-z-kalwaryjskiego-wzgorza-niedziela-16-05-2021r\/","og_locale":"pl_PL","og_type":"article","og_title":"Do medytacji z kalwaryjskiego Wzg\u00f3rza \u2013 Niedziela 16.05.2021r. - Pako\u015b\u0107 \u2013 Kalwaria","og_description":"Z liturgii Uroczysto\u015bci Wniebowst\u0105pienia Pa\u0144skiego \u2013 16.05.2021r. 1. czytanie (Dz 1, 1-11) Uni\u00f3s\u0142 si\u0119 w ich obecno\u015bci w g\u00f3r\u0119 Czytanie z Dziej\u00f3w Apostolskich Pierwsz\u0105 Ksi\u0119g\u0119 napisa\u0142em, Teofilu, o wszystkim, co Jezus czyni\u0142 i czego naucza\u0142 od pocz\u0105tku a\u017c do dnia, w kt\u00f3rym da\u0142 polecenia aposto\u0142om, kt\u00f3rych sobie wybra\u0142 przez Ducha \u015awi\u0119tego, a potem zosta\u0142 wzi\u0119ty &hellip;","og_url":"https:\/\/pakosc-kalwaria.franciszkanie.net\/index.php\/2021\/05\/15\/do-medytacji-z-kalwaryjskiego-wzgorza-niedziela-16-05-2021r\/","og_site_name":"Pako\u015b\u0107 \u2013 Kalwaria","article_author":"https:\/\/www.facebook.com\/KalwariaPakosc\/","article_published_time":"2021-05-15T06:00:57+00:00","article_modified_time":"2021-05-21T07:44:23+00:00","og_image":[{"width":400,"height":225,"url":"https:\/\/pakosc-kalwaria.franciszkanie.net\/wp-content\/uploads\/2021\/05\/P1000784-\u2014-kopia-1.jpg","type":"image\/jpeg"}],"twitter_card":"summary","twitter_misc":{"Napisane przez":"pakosc-kalwaria","Szacowany czas czytania":"8 minut"},"schema":{"@context":"https:\/\/schema.org","@graph":[{"@type":"WebSite","@id":"https:\/\/pakosc-kalwaria.franciszkanie.net\/#website","url":"https:\/\/pakosc-kalwaria.franciszkanie.net\/","name":"Pako\u015b\u0107 \u2013 Kalwaria","description":"Parafia Rzymsko \u2013 Katolicka p.w. Pana Jezusa Ukrzy\u017cowanego i  Matki Bo\u017cej Bolesnej ul. Barci\u0144ska 60, 88\u2013170 Pako\u015b\u0107 \u2013 Kalwaria","potentialAction":[{"@type":"SearchAction","target":{"@type":"EntryPoint","urlTemplate":"https:\/\/pakosc-kalwaria.franciszkanie.net\/?s={search_term_string}"},"query-input":"required name=search_term_string"}],"inLanguage":"pl-PL"},{"@type":"ImageObject","@id":"https:\/\/pakosc-kalwaria.franciszkanie.net\/index.php\/2021\/05\/15\/do-medytacji-z-kalwaryjskiego-wzgorza-niedziela-16-05-2021r\/#primaryimage","inLanguage":"pl-PL","url":"https:\/\/pakosc-kalwaria.franciszkanie.net\/wp-content\/uploads\/2021\/05\/P1000784-\u2014-kopia-1.jpg","contentUrl":"https:\/\/pakosc-kalwaria.franciszkanie.net\/wp-content\/uploads\/2021\/05\/P1000784-\u2014-kopia-1.jpg","width":400,"height":225},{"@type":"WebPage","@id":"https:\/\/pakosc-kalwaria.franciszkanie.net\/index.php\/2021\/05\/15\/do-medytacji-z-kalwaryjskiego-wzgorza-niedziela-16-05-2021r\/#webpage","url":"https:\/\/pakosc-kalwaria.franciszkanie.net\/index.php\/2021\/05\/15\/do-medytacji-z-kalwaryjskiego-wzgorza-niedziela-16-05-2021r\/","name":"Do medytacji z kalwaryjskiego Wzg\u00f3rza \u2013 Niedziela 16.05.2021r. - Pako\u015b\u0107 \u2013 Kalwaria","isPartOf":{"@id":"https:\/\/pakosc-kalwaria.franciszkanie.net\/#website"},"primaryImageOfPage":{"@id":"https:\/\/pakosc-kalwaria.franciszkanie.net\/index.php\/2021\/05\/15\/do-medytacji-z-kalwaryjskiego-wzgorza-niedziela-16-05-2021r\/#primaryimage"},"datePublished":"2021-05-15T06:00:57+00:00","dateModified":"2021-05-21T07:44:23+00:00","author":{"@id":"https:\/\/pakosc-kalwaria.franciszkanie.net\/#\/schema\/person\/af10b943be0760709227d060eadcb2aa"},"breadcrumb":{"@id":"https:\/\/pakosc-kalwaria.franciszkanie.net\/index.php\/2021\/05\/15\/do-medytacji-z-kalwaryjskiego-wzgorza-niedziela-16-05-2021r\/#breadcrumb"},"inLanguage":"pl-PL","potentialAction":[{"@type":"ReadAction","target":["https:\/\/pakosc-kalwaria.franciszkanie.net\/index.php\/2021\/05\/15\/do-medytacji-z-kalwaryjskiego-wzgorza-niedziela-16-05-2021r\/"]}]},{"@type":"BreadcrumbList","@id":"https:\/\/pakosc-kalwaria.franciszkanie.net\/index.php\/2021\/05\/15\/do-medytacji-z-kalwaryjskiego-wzgorza-niedziela-16-05-2021r\/#breadcrumb","itemListElement":[{"@type":"ListItem","position":1,"name":"Strona g\u0142\u00f3wna","item":"https:\/\/pakosc-kalwaria.franciszkanie.net\/"},{"@type":"ListItem","position":2,"name":"Do medytacji z kalwaryjskiego Wzg\u00f3rza \u2013 Niedziela 16.05.2021r."}]},{"@type":"Person","@id":"https:\/\/pakosc-kalwaria.franciszkanie.net\/#\/schema\/person\/af10b943be0760709227d060eadcb2aa","name":"pakosc-kalwaria","image":{"@type":"ImageObject","@id":"https:\/\/pakosc-kalwaria.franciszkanie.net\/#personlogo","inLanguage":"pl-PL","url":"https:\/\/secure.gravatar.com\/avatar\/e7049d338b55eac6a0027ff3218b8d02?s=96&d=mm&r=g","contentUrl":"https:\/\/secure.gravatar.com\/avatar\/e7049d338b55eac6a0027ff3218b8d02?s=96&d=mm&r=g","caption":"pakosc-kalwaria"},"sameAs":["https:\/\/www.facebook.com\/KalwariaPakosc\/"],"url":"https:\/\/pakosc-kalwaria.franciszkanie.net\/index.php\/author\/pakosc-kalwaria\/"}]}},"_links":{"self":[{"href":"https:\/\/pakosc-kalwaria.franciszkanie.net\/index.php\/wp-json\/wp\/v2\/posts\/18503"}],"collection":[{"href":"https:\/\/pakosc-kalwaria.franciszkanie.net\/index.php\/wp-json\/wp\/v2\/posts"}],"about":[{"href":"https:\/\/pakosc-kalwaria.franciszkanie.net\/index.php\/wp-json\/wp\/v2\/types\/post"}],"author":[{"embeddable":true,"href":"https:\/\/pakosc-kalwaria.franciszkanie.net\/index.php\/wp-json\/wp\/v2\/users\/2"}],"replies":[{"embeddable":true,"href":"https:\/\/pakosc-kalwaria.franciszkanie.net\/index.php\/wp-json\/wp\/v2\/comments?post=18503"}],"version-history":[{"count":2,"href":"https:\/\/pakosc-kalwaria.franciszkanie.net\/index.php\/wp-json\/wp\/v2\/posts\/18503\/revisions"}],"predecessor-version":[{"id":18505,"href":"https:\/\/pakosc-kalwaria.franciszkanie.net\/index.php\/wp-json\/wp\/v2\/posts\/18503\/revisions\/18505"}],"wp:featuredmedia":[{"embeddable":true,"href":"https:\/\/pakosc-kalwaria.franciszkanie.net\/index.php\/wp-json\/wp\/v2\/media\/18487"}],"wp:attachment":[{"href":"https:\/\/pakosc-kalwaria.franciszkanie.net\/index.php\/wp-json\/wp\/v2\/media?parent=18503"}],"wp:term":[{"taxonomy":"category","embeddable":true,"href":"https:\/\/pakosc-kalwaria.franciszkanie.net\/index.php\/wp-json\/wp\/v2\/categories?post=18503"},{"taxonomy":"post_tag","embeddable":true,"href":"https:\/\/pakosc-kalwaria.franciszkanie.net\/index.php\/wp-json\/wp\/v2\/tags?post=18503"}],"curies":[{"name":"wp","href":"https:\/\/api.w.org\/{rel}","templated":true}]}}