{"id":18527,"date":"2021-06-02T08:30:18","date_gmt":"2021-06-02T06:30:18","guid":{"rendered":"http:\/\/pakosc-kalwaria.franciszkanie.net\/?p=18527"},"modified":"2021-06-10T20:42:36","modified_gmt":"2021-06-10T18:42:36","slug":"uroczystosc-najswietszego-ciala-i-krwi-panskiej-boze-cialo-3-czerwca-oktawa-bozego-ciala-do-10-czerwca","status":"publish","type":"post","link":"https:\/\/pakosc-kalwaria.franciszkanie.net\/index.php\/2021\/06\/02\/uroczystosc-najswietszego-ciala-i-krwi-panskiej-boze-cialo-3-czerwca-oktawa-bozego-ciala-do-10-czerwca\/","title":{"rendered":"Oktawa Bo\u017cego Cia\u0142a do 10 czerwca. Zapraszamy!"},"content":{"rendered":"<p><strong><span style=\"color: #ff0000;\">W Oktawie Bo\u017cego Cia\u0142a (do czwartku 10 czerwca) \u2013 <\/span>na kalwaryjskim Wzg\u00f3rzu codziennie <span style=\"color: #ff0000;\">Msze \u015bwi\u0119te z Procesj\u0105 o 17.00, a w niedziel\u0119 o 9.00<\/span>. Zapraszamy do licznego udzia\u0142u w procesjach w Oktawie Bo\u017cego Cia\u0142a: ministrant\u00f3w, dzieci pierwszokomunijne w strojach, dzieci sypi\u0105ce kwiatki, m\u0142odzie\u017c i doros\u0142ych.<br \/>\n<span style=\"color: #000000;\">W <\/span>czwartek na zako\u0144czenie\u00a0 Oktawy tradycyjne<span style=\"color: #ff0000;\"> po\u015bwi\u0119cenie wiank\u00f3w z kwiat\u00f3w i zi\u00f3\u0142.<\/span><\/strong><\/p>\n<p><strong><span style=\"color: #ff0000;\">W pi\u0105tek 11 czerwca o 17.00<\/span> <span style=\"color: #000000;\">Msza \u015awi\u0119ta do Bo\u017cego Mi\u0142osierdzia w intencji budowniczych III i IV o\u0142tarza na Bo\u017ce Cia\u0142o oraz ich Rodzin.\u00a0 \u00a0\u00a0\u00a0\u00a0\u00a0\u00a0 \u00a0\u00a0\u00a0\u00a0\u00a0\u00a0\u00a0 <\/span><\/strong><\/p>\n<p>&nbsp;<\/p>\n<p><strong>Pr\u00f3by sypania kwiatk\u00f3w dla dzieci przed Bo\u017cym Cia\u0142em w poniedzia\u0142ek (31 maja) i w \u015brod\u0119 (2 czerwca) o 16.30 przy ko\u015bciele \u015bw. Bonawentury.<\/strong><\/p>\n<p><strong>W czwartek 3 czerwca &#8211; Uroczysto\u015b\u0107 Naj\u015bwi\u0119tszego Cia\u0142a i Krwi Chrystusa (Bo\u017ce Cia\u0142o).<br \/>\nW naszym kalwaryjskim ko\u015bciele Msza \u015awi\u0119ta o 8.00<\/strong><strong>, a po niej nabo\u017ce\u0144stwo czerwcowe. Nie b\u0119dzie Mszy \u015awi\u0119tej o 9.00 i 11.00.<br \/>\n<\/strong><\/p>\n<p><strong>W Bo\u017ce Cia\u0142o o 10.00 Msza \u015awi\u0119ta przy kaplicy Wieczernik i Procesja Eucharystyczna dr\u00f3\u017ckami kalwaryjskimi na Wzg\u00f3rze Kalwaryjskie. Po Procesji Msza \u015awi\u0119ta w ko\u015bciele kalwaryjskim. Zapraszamy serdecznie do licznego udzia\u0142u w Procesji: ministrant\u00f3w, dzieci pierwszokomunijne w strojach, dzieci sypi\u0105ce kwiatki, m\u0142odzie\u017c <\/strong><strong>i doros\u0142ych. Uczestnicz\u0105cych w Procesji obowi\u0105zuje zachowywanie odst\u0119pu 1,5 m \u00a0lub noszenie maseczek.<\/strong><\/p>\n<p><strong>O\u0142tarze na Procesj\u0119 Bo\u017cego Cia\u0142a: I \u2013 przy kaplicy Wieczernik, II \u2013 przy kaplicy Weroniki, III \u2013 przy kaplicy P\u0142acz\u0105ce Niewiasty, IV \u2013 na Wzg\u00f3rzu Kalwaryjskim przy o\u0142tarzu polowym za ko\u015bcio\u0142em.<br \/>\nProsimy o przygotowanie z kalwaryjskiej Parafii: III o\u0142tarza \u2013 R\u00f3\u017ce R\u00f3\u017ca\u0144cowe MB Bolesnej i MB Nieustaj\u0105cej Pomocy, IV o\u0142tarza \u2013 R\u00f3\u017ce R\u00f3\u017ca\u0144cowe: MB Fatimskiej i \u015bw. Jana Paw\u0142a II.<\/strong><\/p>\n<p>&nbsp;<\/p>\n<p><strong><span style=\"color: #ff0000;\">Uroczysto\u015b\u0107 Naj\u015bwi\u0119tszego Cia\u0142a i Krwi Chrystusa<\/span> jest obchodzona w Polsce w czwartek po uroczysto\u015bci Tr\u00f3jcy \u015awi\u0119tej. Bezpo\u015bredni\u0105 przyczyn\u0105 jej ustanowienia by\u0142y objawienia b\u0142. Julianny de Retine z Mont Cornillon. Pod ich wp\u0142ywem bp Robert z Thourotte ustanowi\u0142 w 1246 r. \u015bwi\u0119to Bo\u017cego Cia\u0142a dla diecezji Li\u00e8ge (Belgia).<\/strong><\/p>\n<p><strong>Papie\u017c Urban IV w 1264 r. bull\u0105 \u201eTransiturus de hoc mundo\u201d ustanowi\u0142 to \u015bwi\u0119to dla ca\u0142ego Ko\u015bcio\u0142a.<\/strong> \u015amier\u0107 papie\u017ca przeszkodzi\u0142a og\u0142oszeniu bulli i wprowadzeniu \u015bwi\u0119ta w ca\u0142ym Ko\u015bciele. Dokona\u0142 tego Jan XXII w 1334 r., a Bonifacy IX poleci\u0142 w 1391 r. wprowadzi\u0107 \u015bwi\u0119to Bo\u017cego Cia\u0142a wsz\u0119dzie, gdzie jeszcze nie by\u0142o ono obchodzone. Procesje eucharystyczne wprowadzono p\u00f3\u017aniej ni\u017c samo \u015bwi\u0119to, w drugiej po\u0142owie XIII w., a od czas\u00f3w Reformacji udzia\u0142 w procesji traktowano jako publiczne wyznanie wiary. W Polsce jako pierwszy poleci\u0142 obchodzi\u0107 to \u015bwi\u0119to bp Nankier w diecezji krakowskiej w 1320 r. <strong>Podczas odnowy liturgicznej zamiast tradycyjnej nazwy \u015bwi\u0119ta Bo\u017cego Cia\u0142a wprowadzono now\u0105 nazw\u0119: Uroczysto\u015bci Naj\u015bwi\u0119tszego Cia\u0142a i Krwi Chrystusa.<\/strong><\/p>\n<p>Ko\u015bci\u00f3\u0142 od pocz\u0105tku g\u0142osi wiar\u0119 w realn\u0105 obecno\u015b\u0107 Chrystusa w Naj\u015bwi\u0119tszym Sakramencie, i dlatego Eucharysti\u0119 \u2014 kt\u00f3ra w Ko\u015bciele katolickim realizuje si\u0119 jako Eucharystyczna Ofiara i jako sakrament sprawowany podczas Mszy \u015bw. \u2014 uczyni\u0142 centrum kultu. Jest to \u015bwi\u0119to ca\u0142ego Ko\u015bcio\u0142a, kt\u00f3ry powstaje i gromadzi si\u0119 podczas \u201e\u0142amania chleba\u201d. Obecno\u015b\u0107 Chrystusa urzeczywistnia si\u0119 w liturgii eucharystycznej w wieloraki spos\u00f3b, przede wszystkim dzi\u0119ki temu, \u017ce kap\u0142an, zgodnie z wol\u0105 Jezusa, nad chlebem i winem wypowiada modlitw\u0119 eucharystyczn\u0105 jako modlitw\u0119 b\u0142ogos\u0142awie\u0144stwa. Jej moc\u0105 pod postaciami eucharystycznymi Jezus Chrystus staje si\u0119 obecny prawdziwie (nie tylko w znaku), rzeczywi\u015bcie (nie przez podobie\u0144stwo) i substancjalnie (przez przemian\u0119 ca\u0142ej substancji chleba w Cia\u0142o i ca\u0142ej substancji wina w Krew). Prawdziwa i rzeczywista obecno\u015b\u0107 Jezusa Chrystusa pod postaciami chleba i wina opiera si\u0119 na s\u0142owach Jezusa: \u201eTo jest Cia\u0142o moje\u2026 To jest Krew moja\u201d (Mk 14,22.24).<\/p>\n","protected":false},"excerpt":{"rendered":"<p>W Oktawie Bo\u017cego Cia\u0142a (do czwartku 10 czerwca) \u2013 na kalwaryjskim Wzg\u00f3rzu codziennie Msze \u015bwi\u0119te z Procesj\u0105 o 17.00, a w niedziel\u0119 o 9.00. Zapraszamy do licznego udzia\u0142u w procesjach w Oktawie Bo\u017cego Cia\u0142a: ministrant\u00f3w, dzieci pierwszokomunijne w strojach, dzieci sypi\u0105ce kwiatki, m\u0142odzie\u017c i doros\u0142ych. W czwartek na zako\u0144czenie\u00a0 Oktawy tradycyjne po\u015bwi\u0119cenie wiank\u00f3w z kwiat\u00f3w &hellip;<\/p>\n","protected":false},"author":2,"featured_media":18528,"comment_status":"closed","ping_status":"closed","sticky":false,"template":"","format":"standard","meta":{"_mi_skip_tracking":false,"_exactmetrics_sitenote_active":false,"_exactmetrics_sitenote_note":"","_exactmetrics_sitenote_category":0},"categories":[13,5],"tags":[],"yoast_head":"<!-- This site is optimized with the Yoast SEO plugin v18.1 - https:\/\/yoast.com\/wordpress\/plugins\/seo\/ -->\n<title>Oktawa Bo\u017cego Cia\u0142a do 10 czerwca. Zapraszamy! - Pako\u015b\u0107 \u2013 Kalwaria<\/title>\n<meta name=\"robots\" content=\"index, follow, max-snippet:-1, max-image-preview:large, max-video-preview:-1\" \/>\n<link rel=\"canonical\" href=\"https:\/\/pakosc-kalwaria.franciszkanie.net\/index.php\/2021\/06\/02\/uroczystosc-najswietszego-ciala-i-krwi-panskiej-boze-cialo-3-czerwca-oktawa-bozego-ciala-do-10-czerwca\/\" \/>\n<meta property=\"og:locale\" content=\"pl_PL\" \/>\n<meta property=\"og:type\" content=\"article\" \/>\n<meta property=\"og:title\" content=\"Oktawa Bo\u017cego Cia\u0142a do 10 czerwca. Zapraszamy! - Pako\u015b\u0107 \u2013 Kalwaria\" \/>\n<meta property=\"og:description\" content=\"W Oktawie Bo\u017cego Cia\u0142a (do czwartku 10 czerwca) \u2013 na kalwaryjskim Wzg\u00f3rzu codziennie Msze \u015bwi\u0119te z Procesj\u0105 o 17.00, a w niedziel\u0119 o 9.00. Zapraszamy do licznego udzia\u0142u w procesjach w Oktawie Bo\u017cego Cia\u0142a: ministrant\u00f3w, dzieci pierwszokomunijne w strojach, dzieci sypi\u0105ce kwiatki, m\u0142odzie\u017c i doros\u0142ych. W czwartek na zako\u0144czenie\u00a0 Oktawy tradycyjne po\u015bwi\u0119cenie wiank\u00f3w z kwiat\u00f3w &hellip;\" \/>\n<meta property=\"og:url\" content=\"https:\/\/pakosc-kalwaria.franciszkanie.net\/index.php\/2021\/06\/02\/uroczystosc-najswietszego-ciala-i-krwi-panskiej-boze-cialo-3-czerwca-oktawa-bozego-ciala-do-10-czerwca\/\" \/>\n<meta property=\"og:site_name\" content=\"Pako\u015b\u0107 \u2013 Kalwaria\" \/>\n<meta property=\"article:author\" content=\"https:\/\/www.facebook.com\/KalwariaPakosc\/\" \/>\n<meta property=\"article:published_time\" content=\"2021-06-02T06:30:18+00:00\" \/>\n<meta property=\"article:modified_time\" content=\"2021-06-10T18:42:36+00:00\" \/>\n<meta property=\"og:image\" content=\"https:\/\/pakosc-kalwaria.franciszkanie.net\/wp-content\/uploads\/2021\/05\/Boze-Cialo-2017.jpg\" \/>\n\t<meta property=\"og:image:width\" content=\"350\" \/>\n\t<meta property=\"og:image:height\" content=\"262\" \/>\n\t<meta property=\"og:image:type\" content=\"image\/jpeg\" \/>\n<meta name=\"twitter:card\" content=\"summary\" \/>\n<meta name=\"twitter:label1\" content=\"Napisane przez\" \/>\n\t<meta name=\"twitter:data1\" content=\"pakosc-kalwaria\" \/>\n\t<meta name=\"twitter:label2\" content=\"Szacowany czas czytania\" \/>\n\t<meta name=\"twitter:data2\" content=\"3 minuty\" \/>\n<script type=\"application\/ld+json\" class=\"yoast-schema-graph\">{\"@context\":\"https:\/\/schema.org\",\"@graph\":[{\"@type\":\"WebSite\",\"@id\":\"https:\/\/pakosc-kalwaria.franciszkanie.net\/#website\",\"url\":\"https:\/\/pakosc-kalwaria.franciszkanie.net\/\",\"name\":\"Pako\u015b\u0107 \u2013 Kalwaria\",\"description\":\"Parafia Rzymsko \u2013 Katolicka p.w. Pana Jezusa Ukrzy\u017cowanego i  Matki Bo\u017cej Bolesnej ul. Barci\u0144ska 60, 88\u2013170 Pako\u015b\u0107 \u2013 Kalwaria\",\"potentialAction\":[{\"@type\":\"SearchAction\",\"target\":{\"@type\":\"EntryPoint\",\"urlTemplate\":\"https:\/\/pakosc-kalwaria.franciszkanie.net\/?s={search_term_string}\"},\"query-input\":\"required name=search_term_string\"}],\"inLanguage\":\"pl-PL\"},{\"@type\":\"ImageObject\",\"@id\":\"https:\/\/pakosc-kalwaria.franciszkanie.net\/index.php\/2021\/06\/02\/uroczystosc-najswietszego-ciala-i-krwi-panskiej-boze-cialo-3-czerwca-oktawa-bozego-ciala-do-10-czerwca\/#primaryimage\",\"inLanguage\":\"pl-PL\",\"url\":\"https:\/\/pakosc-kalwaria.franciszkanie.net\/wp-content\/uploads\/2021\/05\/Boze-Cialo-2017.jpg\",\"contentUrl\":\"https:\/\/pakosc-kalwaria.franciszkanie.net\/wp-content\/uploads\/2021\/05\/Boze-Cialo-2017.jpg\",\"width\":350,\"height\":262},{\"@type\":\"WebPage\",\"@id\":\"https:\/\/pakosc-kalwaria.franciszkanie.net\/index.php\/2021\/06\/02\/uroczystosc-najswietszego-ciala-i-krwi-panskiej-boze-cialo-3-czerwca-oktawa-bozego-ciala-do-10-czerwca\/#webpage\",\"url\":\"https:\/\/pakosc-kalwaria.franciszkanie.net\/index.php\/2021\/06\/02\/uroczystosc-najswietszego-ciala-i-krwi-panskiej-boze-cialo-3-czerwca-oktawa-bozego-ciala-do-10-czerwca\/\",\"name\":\"Oktawa Bo\u017cego Cia\u0142a do 10 czerwca. Zapraszamy! - Pako\u015b\u0107 \u2013 Kalwaria\",\"isPartOf\":{\"@id\":\"https:\/\/pakosc-kalwaria.franciszkanie.net\/#website\"},\"primaryImageOfPage\":{\"@id\":\"https:\/\/pakosc-kalwaria.franciszkanie.net\/index.php\/2021\/06\/02\/uroczystosc-najswietszego-ciala-i-krwi-panskiej-boze-cialo-3-czerwca-oktawa-bozego-ciala-do-10-czerwca\/#primaryimage\"},\"datePublished\":\"2021-06-02T06:30:18+00:00\",\"dateModified\":\"2021-06-10T18:42:36+00:00\",\"author\":{\"@id\":\"https:\/\/pakosc-kalwaria.franciszkanie.net\/#\/schema\/person\/af10b943be0760709227d060eadcb2aa\"},\"breadcrumb\":{\"@id\":\"https:\/\/pakosc-kalwaria.franciszkanie.net\/index.php\/2021\/06\/02\/uroczystosc-najswietszego-ciala-i-krwi-panskiej-boze-cialo-3-czerwca-oktawa-bozego-ciala-do-10-czerwca\/#breadcrumb\"},\"inLanguage\":\"pl-PL\",\"potentialAction\":[{\"@type\":\"ReadAction\",\"target\":[\"https:\/\/pakosc-kalwaria.franciszkanie.net\/index.php\/2021\/06\/02\/uroczystosc-najswietszego-ciala-i-krwi-panskiej-boze-cialo-3-czerwca-oktawa-bozego-ciala-do-10-czerwca\/\"]}]},{\"@type\":\"BreadcrumbList\",\"@id\":\"https:\/\/pakosc-kalwaria.franciszkanie.net\/index.php\/2021\/06\/02\/uroczystosc-najswietszego-ciala-i-krwi-panskiej-boze-cialo-3-czerwca-oktawa-bozego-ciala-do-10-czerwca\/#breadcrumb\",\"itemListElement\":[{\"@type\":\"ListItem\",\"position\":1,\"name\":\"Strona g\u0142\u00f3wna\",\"item\":\"https:\/\/pakosc-kalwaria.franciszkanie.net\/\"},{\"@type\":\"ListItem\",\"position\":2,\"name\":\"Oktawa Bo\u017cego Cia\u0142a do 10 czerwca. Zapraszamy!\"}]},{\"@type\":\"Person\",\"@id\":\"https:\/\/pakosc-kalwaria.franciszkanie.net\/#\/schema\/person\/af10b943be0760709227d060eadcb2aa\",\"name\":\"pakosc-kalwaria\",\"image\":{\"@type\":\"ImageObject\",\"@id\":\"https:\/\/pakosc-kalwaria.franciszkanie.net\/#personlogo\",\"inLanguage\":\"pl-PL\",\"url\":\"https:\/\/secure.gravatar.com\/avatar\/e7049d338b55eac6a0027ff3218b8d02?s=96&d=mm&r=g\",\"contentUrl\":\"https:\/\/secure.gravatar.com\/avatar\/e7049d338b55eac6a0027ff3218b8d02?s=96&d=mm&r=g\",\"caption\":\"pakosc-kalwaria\"},\"sameAs\":[\"https:\/\/www.facebook.com\/KalwariaPakosc\/\"],\"url\":\"https:\/\/pakosc-kalwaria.franciszkanie.net\/index.php\/author\/pakosc-kalwaria\/\"}]}<\/script>\n<!-- \/ Yoast SEO plugin. -->","yoast_head_json":{"title":"Oktawa Bo\u017cego Cia\u0142a do 10 czerwca. Zapraszamy! - Pako\u015b\u0107 \u2013 Kalwaria","robots":{"index":"index","follow":"follow","max-snippet":"max-snippet:-1","max-image-preview":"max-image-preview:large","max-video-preview":"max-video-preview:-1"},"canonical":"https:\/\/pakosc-kalwaria.franciszkanie.net\/index.php\/2021\/06\/02\/uroczystosc-najswietszego-ciala-i-krwi-panskiej-boze-cialo-3-czerwca-oktawa-bozego-ciala-do-10-czerwca\/","og_locale":"pl_PL","og_type":"article","og_title":"Oktawa Bo\u017cego Cia\u0142a do 10 czerwca. Zapraszamy! - Pako\u015b\u0107 \u2013 Kalwaria","og_description":"W Oktawie Bo\u017cego Cia\u0142a (do czwartku 10 czerwca) \u2013 na kalwaryjskim Wzg\u00f3rzu codziennie Msze \u015bwi\u0119te z Procesj\u0105 o 17.00, a w niedziel\u0119 o 9.00. Zapraszamy do licznego udzia\u0142u w procesjach w Oktawie Bo\u017cego Cia\u0142a: ministrant\u00f3w, dzieci pierwszokomunijne w strojach, dzieci sypi\u0105ce kwiatki, m\u0142odzie\u017c i doros\u0142ych. W czwartek na zako\u0144czenie\u00a0 Oktawy tradycyjne po\u015bwi\u0119cenie wiank\u00f3w z kwiat\u00f3w &hellip;","og_url":"https:\/\/pakosc-kalwaria.franciszkanie.net\/index.php\/2021\/06\/02\/uroczystosc-najswietszego-ciala-i-krwi-panskiej-boze-cialo-3-czerwca-oktawa-bozego-ciala-do-10-czerwca\/","og_site_name":"Pako\u015b\u0107 \u2013 Kalwaria","article_author":"https:\/\/www.facebook.com\/KalwariaPakosc\/","article_published_time":"2021-06-02T06:30:18+00:00","article_modified_time":"2021-06-10T18:42:36+00:00","og_image":[{"width":350,"height":262,"url":"https:\/\/pakosc-kalwaria.franciszkanie.net\/wp-content\/uploads\/2021\/05\/Boze-Cialo-2017.jpg","type":"image\/jpeg"}],"twitter_card":"summary","twitter_misc":{"Napisane przez":"pakosc-kalwaria","Szacowany czas czytania":"3 minuty"},"schema":{"@context":"https:\/\/schema.org","@graph":[{"@type":"WebSite","@id":"https:\/\/pakosc-kalwaria.franciszkanie.net\/#website","url":"https:\/\/pakosc-kalwaria.franciszkanie.net\/","name":"Pako\u015b\u0107 \u2013 Kalwaria","description":"Parafia Rzymsko \u2013 Katolicka p.w. Pana Jezusa Ukrzy\u017cowanego i  Matki Bo\u017cej Bolesnej ul. Barci\u0144ska 60, 88\u2013170 Pako\u015b\u0107 \u2013 Kalwaria","potentialAction":[{"@type":"SearchAction","target":{"@type":"EntryPoint","urlTemplate":"https:\/\/pakosc-kalwaria.franciszkanie.net\/?s={search_term_string}"},"query-input":"required name=search_term_string"}],"inLanguage":"pl-PL"},{"@type":"ImageObject","@id":"https:\/\/pakosc-kalwaria.franciszkanie.net\/index.php\/2021\/06\/02\/uroczystosc-najswietszego-ciala-i-krwi-panskiej-boze-cialo-3-czerwca-oktawa-bozego-ciala-do-10-czerwca\/#primaryimage","inLanguage":"pl-PL","url":"https:\/\/pakosc-kalwaria.franciszkanie.net\/wp-content\/uploads\/2021\/05\/Boze-Cialo-2017.jpg","contentUrl":"https:\/\/pakosc-kalwaria.franciszkanie.net\/wp-content\/uploads\/2021\/05\/Boze-Cialo-2017.jpg","width":350,"height":262},{"@type":"WebPage","@id":"https:\/\/pakosc-kalwaria.franciszkanie.net\/index.php\/2021\/06\/02\/uroczystosc-najswietszego-ciala-i-krwi-panskiej-boze-cialo-3-czerwca-oktawa-bozego-ciala-do-10-czerwca\/#webpage","url":"https:\/\/pakosc-kalwaria.franciszkanie.net\/index.php\/2021\/06\/02\/uroczystosc-najswietszego-ciala-i-krwi-panskiej-boze-cialo-3-czerwca-oktawa-bozego-ciala-do-10-czerwca\/","name":"Oktawa Bo\u017cego Cia\u0142a do 10 czerwca. Zapraszamy! - Pako\u015b\u0107 \u2013 Kalwaria","isPartOf":{"@id":"https:\/\/pakosc-kalwaria.franciszkanie.net\/#website"},"primaryImageOfPage":{"@id":"https:\/\/pakosc-kalwaria.franciszkanie.net\/index.php\/2021\/06\/02\/uroczystosc-najswietszego-ciala-i-krwi-panskiej-boze-cialo-3-czerwca-oktawa-bozego-ciala-do-10-czerwca\/#primaryimage"},"datePublished":"2021-06-02T06:30:18+00:00","dateModified":"2021-06-10T18:42:36+00:00","author":{"@id":"https:\/\/pakosc-kalwaria.franciszkanie.net\/#\/schema\/person\/af10b943be0760709227d060eadcb2aa"},"breadcrumb":{"@id":"https:\/\/pakosc-kalwaria.franciszkanie.net\/index.php\/2021\/06\/02\/uroczystosc-najswietszego-ciala-i-krwi-panskiej-boze-cialo-3-czerwca-oktawa-bozego-ciala-do-10-czerwca\/#breadcrumb"},"inLanguage":"pl-PL","potentialAction":[{"@type":"ReadAction","target":["https:\/\/pakosc-kalwaria.franciszkanie.net\/index.php\/2021\/06\/02\/uroczystosc-najswietszego-ciala-i-krwi-panskiej-boze-cialo-3-czerwca-oktawa-bozego-ciala-do-10-czerwca\/"]}]},{"@type":"BreadcrumbList","@id":"https:\/\/pakosc-kalwaria.franciszkanie.net\/index.php\/2021\/06\/02\/uroczystosc-najswietszego-ciala-i-krwi-panskiej-boze-cialo-3-czerwca-oktawa-bozego-ciala-do-10-czerwca\/#breadcrumb","itemListElement":[{"@type":"ListItem","position":1,"name":"Strona g\u0142\u00f3wna","item":"https:\/\/pakosc-kalwaria.franciszkanie.net\/"},{"@type":"ListItem","position":2,"name":"Oktawa Bo\u017cego Cia\u0142a do 10 czerwca. Zapraszamy!"}]},{"@type":"Person","@id":"https:\/\/pakosc-kalwaria.franciszkanie.net\/#\/schema\/person\/af10b943be0760709227d060eadcb2aa","name":"pakosc-kalwaria","image":{"@type":"ImageObject","@id":"https:\/\/pakosc-kalwaria.franciszkanie.net\/#personlogo","inLanguage":"pl-PL","url":"https:\/\/secure.gravatar.com\/avatar\/e7049d338b55eac6a0027ff3218b8d02?s=96&d=mm&r=g","contentUrl":"https:\/\/secure.gravatar.com\/avatar\/e7049d338b55eac6a0027ff3218b8d02?s=96&d=mm&r=g","caption":"pakosc-kalwaria"},"sameAs":["https:\/\/www.facebook.com\/KalwariaPakosc\/"],"url":"https:\/\/pakosc-kalwaria.franciszkanie.net\/index.php\/author\/pakosc-kalwaria\/"}]}},"_links":{"self":[{"href":"https:\/\/pakosc-kalwaria.franciszkanie.net\/index.php\/wp-json\/wp\/v2\/posts\/18527"}],"collection":[{"href":"https:\/\/pakosc-kalwaria.franciszkanie.net\/index.php\/wp-json\/wp\/v2\/posts"}],"about":[{"href":"https:\/\/pakosc-kalwaria.franciszkanie.net\/index.php\/wp-json\/wp\/v2\/types\/post"}],"author":[{"embeddable":true,"href":"https:\/\/pakosc-kalwaria.franciszkanie.net\/index.php\/wp-json\/wp\/v2\/users\/2"}],"replies":[{"embeddable":true,"href":"https:\/\/pakosc-kalwaria.franciszkanie.net\/index.php\/wp-json\/wp\/v2\/comments?post=18527"}],"version-history":[{"count":15,"href":"https:\/\/pakosc-kalwaria.franciszkanie.net\/index.php\/wp-json\/wp\/v2\/posts\/18527\/revisions"}],"predecessor-version":[{"id":18630,"href":"https:\/\/pakosc-kalwaria.franciszkanie.net\/index.php\/wp-json\/wp\/v2\/posts\/18527\/revisions\/18630"}],"wp:featuredmedia":[{"embeddable":true,"href":"https:\/\/pakosc-kalwaria.franciszkanie.net\/index.php\/wp-json\/wp\/v2\/media\/18528"}],"wp:attachment":[{"href":"https:\/\/pakosc-kalwaria.franciszkanie.net\/index.php\/wp-json\/wp\/v2\/media?parent=18527"}],"wp:term":[{"taxonomy":"category","embeddable":true,"href":"https:\/\/pakosc-kalwaria.franciszkanie.net\/index.php\/wp-json\/wp\/v2\/categories?post=18527"},{"taxonomy":"post_tag","embeddable":true,"href":"https:\/\/pakosc-kalwaria.franciszkanie.net\/index.php\/wp-json\/wp\/v2\/tags?post=18527"}],"curies":[{"name":"wp","href":"https:\/\/api.w.org\/{rel}","templated":true}]}}