{"id":18596,"date":"2021-06-02T12:57:29","date_gmt":"2021-06-02T10:57:29","guid":{"rendered":"http:\/\/pakosc-kalwaria.franciszkanie.net\/?p=18596"},"modified":"2021-06-02T12:57:58","modified_gmt":"2021-06-02T10:57:58","slug":"ogloszenia-duszpasterskie-uroczystosc-najswietszego-ciala-i-krwi-panskiej-boze-cialo-2","status":"publish","type":"post","link":"https:\/\/pakosc-kalwaria.franciszkanie.net\/index.php\/2021\/06\/02\/ogloszenia-duszpasterskie-uroczystosc-najswietszego-ciala-i-krwi-panskiej-boze-cialo-2\/","title":{"rendered":"Og\u0142oszenia duszpasterskie &#8211; Uroczysto\u015b\u0107 Naj\u015bwi\u0119tszego Cia\u0142a i Krwi Pa\u0144skiej. Bo\u017ce Cia\u0142o"},"content":{"rendered":"<p><strong>W czerwcu codziennie<\/strong><strong><span style=\"color: #ff0000;\"> nabo\u017ce\u0144stwa ku czci Naj\u015bwi\u0119tszego Serca Pana Jezusa:<\/span> w tygodniu po Mszy \u015awi\u0119tej o 17.00, a w niedziel\u0119 po Mszy \u015awi\u0119tej o 9.00. \u00a0\u00a0\u00a0\u00a0\u00a0 <\/strong><\/p>\n<p><span style=\"color: #ff0000;\"><strong><u>W tym tygodniu przypadaj\u0105 Dni Odnowy Wewn\u0119trznej.<\/u><\/strong><\/span><strong><span style=\"color: #ff0000;\"> \u00a0<\/span><br \/>\n<\/strong><strong>Zach\u0119camy do comiesi\u0119cznej Spowiedzi i Komunii \u015bwi\u0119tej pierwszopi\u0105tkowej. \u00a0\u00a0\u00a0\u00a0\u00a0\u00a0\u00a0\u00a0\u00a0\u00a0\u00a0\u00a0\u00a0 <\/strong><\/p>\n<p><strong><span style=\"color: #ff0000;\"><u>W pierwszy czwartek (03.06.)<\/u><\/span><span style=\"color: #ff0000;\"> \u2013 uroczysto\u015b\u0107 Naj\u015bwi\u0119tszego Cia\u0142a i Krwi Chrystusa (Bo\u017ce Cia\u0142o).\u00a0\u00a0\u00a0\u00a0\u00a0\u00a0<\/span><\/strong><br \/>\n<strong>W naszym ko\u015bciele <span style=\"color: #ff0000;\">Msza \u015bwi\u0119ta o 8.00<\/span>, a po niej nabo\u017ce\u0144stwo czerwcowe.<\/strong><br \/>\n<strong>Nie b\u0119dzie Mszy \u015awi\u0119tej o 9.00 i 11.00. Nie b\u0119dzie wieczornej comiesi\u0119cznej adoracji Naj\u015bwi\u0119tszego Sakramentu.<\/strong><\/p>\n<p><strong><span style=\"color: #ff0000;\">O 10.00 Msza \u015awi\u0119ta przy kaplicy Wieczernik i Procesja Eucharystyczna<\/span> dr\u00f3\u017ckami kalwaryjskimi do naszego ko\u015bcio\u0142a kalwaryjskiego. P<span style=\"color: #ff0000;\">o procesji Msza \u015awi\u0119ta w ko\u015bciele kalwaryjskim<\/span> o nowe powo\u0142ania kap\u0142a\u0144skie i zakonne oraz za ministrant\u00f3w i ich Rodziny.<\/strong><br \/>\n<strong>Zapraszamy do udzia\u0142u w procesji Liturgiczn\u0105 S\u0142u\u017cb\u0119 O\u0142tarza, dzieci pierwszokomunijne w strojach, dziewczynki sypi\u0105ce kwiatki, m\u0142odzie\u017c i doros\u0142ych. W czasie Mszy \u015awi\u0119tej i procesji nale\u017cy mie\u0107 zas\u0142oni\u0119te usta i nos lub zachowa\u0107 dystans spo\u0142eczny.<\/strong><\/p>\n<p><strong><span style=\"color: #ff0000;\">W Oktawie Bo\u017cego Cia\u0142a<\/span> (do czwartku 10 czerwca) <span style=\"color: #ff0000;\">codziennie Msza \u015awi\u0119ta z procesj\u0105 o 17.00, a w niedziel\u0119 o 9.00. \u00a0\u00a0\u00a0\u00a0\u00a0<\/span><\/strong><br \/>\n<strong>W Roku po\u015bwi\u0119conym Eucharystii szczeg\u00f3lnie zach\u0119camy wszystkich do udzia\u0142u w Mszach \u015awi\u0119tych i Procesjach.<\/strong><\/p>\n<p><strong><span style=\"color: #ff0000;\"><em><u>W pierwszy pi\u0105tek (04.06.)<\/u><\/em><\/span> \u2013 <span style=\"color: #ff0000;\">o 16.30<\/span> Spowied\u017a \u015bwi\u0119ta. <span style=\"color: #ff0000;\">O 17.00 Msza \u015awi\u0119ta<\/span> w intencjach zbiorowych do Bo\u017cego Mi\u0142osierdzia oraz za zmar\u0142ych polecanych w rocznych wypominkach. Intencje mo\u017cna sk\u0142ada\u0107 do skarbonki lub w zakrystii.<\/strong><\/p>\n<p><strong>Od pi\u0105tku rozpoczynamy <span style=\"color: #ff0000;\">Nowenn\u0119 przed \u015bwi\u0119tem \u015bw. Antoniego z Padwy.\u00a0\u00a0\u00a0\u00a0\u00a0\u00a0\u00a0\u00a0\u00a0<\/span><\/strong><\/p>\n<p><strong>Kuria Metropolitalna w Gnie\u017anie informuje, \u017ce Ksi\u0105dz Arcybiskup Wojciech Polak, Prymas Polski, udzieli\u0142 wszystkim Wiernym Archidiecezji Gnie\u017anie\u0144skiej i osobom przebywaj\u0105cym na terenie Archidiecezji, <span style=\"color: #ff0000;\">dyspensy od obowi\u0105zku zachowania w dniu 4 czerwca wstrzemi\u0119\u017aliwo\u015bci od pokarm\u00f3w mi\u0119snych<\/span> i zachowania charakteru pokutnego tego dnia. Korzystaj\u0105cych z dyspensy Ksi\u0105dz Prymas zach\u0119ca do modlitwy w intencji Ojca \u015awi\u0119tego Franciszka i praktykowania uczynk\u00f3w chrze\u015bcija\u0144skiego mi\u0142osierdzia.<\/strong><\/p>\n<p><strong><span style=\"color: #ff0000;\"><em><u>W pierwsz\u0105 sobot\u0119 (05.06.)<\/u><\/em> \u2013 o 17.00 Msza \u015awi\u0119ta<\/span> w intencji \u017bywego R\u00f3\u017ca\u0144ca. Po procesji z okazji Oktawy Bo\u017cego Cia\u0142a <span style=\"color: #ff0000;\">R\u00f3\u017caniec wynagradzaj\u0105cy Niepokalanemu Sercu Maryi. \u00a0\u00a0\u00a0<\/span>\u00a0\u00a0\u00a0\u00a0\u00a0 <\/strong><\/p>\n<p><strong><span style=\"color: #ff0000;\">W sobot\u0119 12 czerwca,<\/span> we wspomnienie Niepokalanego Serca Maryi, <span style=\"color: #ff0000;\">o 16.30 w ko\u015bciele spotkanie dla \u017bywego R\u00f3\u017cnica.<\/span><br \/>\nW czasie <span style=\"color: #ff0000;\">Mszy \u015awi\u0119tej o 17.00 po\u015bwi\u0119cenie sztandaru \u017bywego R\u00f3\u017ca\u0144ca<\/span> <span style=\"color: #ff0000;\">i zatwierdzenie Parafialnej Rady Duszpasterskiej w naszej Parafii. \u00a0\u00a0\u00a0<\/span><\/strong><\/p>\n<p><strong><span style=\"color: #ff0000;\">W soboty 5, 12 i 19 czerwca o 12.00 w ko\u015bciele spotkania dla kandydat\u00f3w na ministrant\u00f3w.<\/span> Ch\u0142opc\u00f3w bardzo serdecznie zapraszamy do s\u0142u\u017cby przy o\u0142tarzu.<\/strong><\/p>\n<p><strong>Niech umacnia si\u0119 w nas wiara w obecno\u015b\u0107 Jezusa Chrystusa w Naj\u015bwi\u0119tszym Sakramencie oraz mi\u0142o\u015b\u0107 do Eucharystii. Niech cz\u0119sty udzia\u0142 w Mszy \u015awi\u0119tej i cz\u0119sto przyjmowana Komunia \u015bwi\u0119ta umacnia mi\u0142o\u015b\u0107 w nas i w naszych Rodzinach oraz daje si\u0142y do realizacji codziennych zada\u0144 i obowi\u0105zk\u00f3w.<\/strong><\/p>\n<p><strong>Dzi\u0119kujemy za ka\u017cde Wasze duchowe i materialne wsparcie.<\/strong><br \/>\n<strong>Niech Jezus Ukrzy\u017cowany i Mi\u0142osierny obficie b\u0142ogos\u0142awi Wam i waszym Rodzinom, a Matka Bo\u017ca Bolesna niech Was otacza swoj\u0105 przemo\u017cn\u0105 opiek\u0105.<\/strong><\/p>\n<p><strong>Z darem modlitwy Bracia Mniejsi Franciszkanie z Pako\u015bci \u2013 Kalwarii\u00a0\u00a0\u00a0\u00a0 <\/strong><\/p>\n","protected":false},"excerpt":{"rendered":"<p>W czerwcu codziennie nabo\u017ce\u0144stwa ku czci Naj\u015bwi\u0119tszego Serca Pana Jezusa: w tygodniu po Mszy \u015awi\u0119tej o 17.00, a w niedziel\u0119 po Mszy \u015awi\u0119tej o 9.00. \u00a0\u00a0\u00a0\u00a0\u00a0 W tym tygodniu przypadaj\u0105 Dni Odnowy Wewn\u0119trznej. \u00a0 Zach\u0119camy do comiesi\u0119cznej Spowiedzi i Komunii \u015bwi\u0119tej pierwszopi\u0105tkowej. \u00a0\u00a0\u00a0\u00a0\u00a0\u00a0\u00a0\u00a0\u00a0\u00a0\u00a0\u00a0\u00a0 W pierwszy czwartek (03.06.) \u2013 uroczysto\u015b\u0107 Naj\u015bwi\u0119tszego Cia\u0142a i Krwi Chrystusa (Bo\u017ce &hellip;<\/p>\n","protected":false},"author":2,"featured_media":18597,"comment_status":"closed","ping_status":"closed","sticky":false,"template":"","format":"standard","meta":{"_mi_skip_tracking":false,"_exactmetrics_sitenote_active":false,"_exactmetrics_sitenote_note":"","_exactmetrics_sitenote_category":0},"categories":[5],"tags":[],"yoast_head":"<!-- This site is optimized with the Yoast SEO plugin v18.1 - https:\/\/yoast.com\/wordpress\/plugins\/seo\/ -->\n<title>Og\u0142oszenia duszpasterskie - Uroczysto\u015b\u0107 Naj\u015bwi\u0119tszego Cia\u0142a i Krwi Pa\u0144skiej. Bo\u017ce Cia\u0142o - Pako\u015b\u0107 \u2013 Kalwaria<\/title>\n<meta name=\"robots\" content=\"index, follow, max-snippet:-1, max-image-preview:large, max-video-preview:-1\" \/>\n<link rel=\"canonical\" href=\"https:\/\/pakosc-kalwaria.franciszkanie.net\/index.php\/2021\/06\/02\/ogloszenia-duszpasterskie-uroczystosc-najswietszego-ciala-i-krwi-panskiej-boze-cialo-2\/\" \/>\n<meta property=\"og:locale\" content=\"pl_PL\" \/>\n<meta property=\"og:type\" content=\"article\" \/>\n<meta property=\"og:title\" content=\"Og\u0142oszenia duszpasterskie - Uroczysto\u015b\u0107 Naj\u015bwi\u0119tszego Cia\u0142a i Krwi Pa\u0144skiej. Bo\u017ce Cia\u0142o - Pako\u015b\u0107 \u2013 Kalwaria\" \/>\n<meta property=\"og:description\" content=\"W czerwcu codziennie nabo\u017ce\u0144stwa ku czci Naj\u015bwi\u0119tszego Serca Pana Jezusa: w tygodniu po Mszy \u015awi\u0119tej o 17.00, a w niedziel\u0119 po Mszy \u015awi\u0119tej o 9.00. \u00a0\u00a0\u00a0\u00a0\u00a0 W tym tygodniu przypadaj\u0105 Dni Odnowy Wewn\u0119trznej. \u00a0 Zach\u0119camy do comiesi\u0119cznej Spowiedzi i Komunii \u015bwi\u0119tej pierwszopi\u0105tkowej. \u00a0\u00a0\u00a0\u00a0\u00a0\u00a0\u00a0\u00a0\u00a0\u00a0\u00a0\u00a0\u00a0 W pierwszy czwartek (03.06.) \u2013 uroczysto\u015b\u0107 Naj\u015bwi\u0119tszego Cia\u0142a i Krwi Chrystusa (Bo\u017ce &hellip;\" \/>\n<meta property=\"og:url\" content=\"https:\/\/pakosc-kalwaria.franciszkanie.net\/index.php\/2021\/06\/02\/ogloszenia-duszpasterskie-uroczystosc-najswietszego-ciala-i-krwi-panskiej-boze-cialo-2\/\" \/>\n<meta property=\"og:site_name\" content=\"Pako\u015b\u0107 \u2013 Kalwaria\" \/>\n<meta property=\"article:author\" content=\"https:\/\/www.facebook.com\/KalwariaPakosc\/\" \/>\n<meta property=\"article:published_time\" content=\"2021-06-02T10:57:29+00:00\" \/>\n<meta property=\"article:modified_time\" content=\"2021-06-02T10:57:58+00:00\" \/>\n<meta property=\"og:image\" content=\"https:\/\/pakosc-kalwaria.franciszkanie.net\/wp-content\/uploads\/2021\/06\/baner-na-boze-cialo-oltarz-77A-sklep.jpg\" \/>\n\t<meta property=\"og:image:width\" content=\"250\" \/>\n\t<meta property=\"og:image:height\" content=\"332\" \/>\n\t<meta property=\"og:image:type\" content=\"image\/jpeg\" \/>\n<meta name=\"twitter:card\" content=\"summary\" \/>\n<meta name=\"twitter:label1\" content=\"Napisane przez\" \/>\n\t<meta name=\"twitter:data1\" content=\"pakosc-kalwaria\" \/>\n\t<meta name=\"twitter:label2\" content=\"Szacowany czas czytania\" \/>\n\t<meta name=\"twitter:data2\" content=\"3 minuty\" \/>\n<script type=\"application\/ld+json\" class=\"yoast-schema-graph\">{\"@context\":\"https:\/\/schema.org\",\"@graph\":[{\"@type\":\"WebSite\",\"@id\":\"https:\/\/pakosc-kalwaria.franciszkanie.net\/#website\",\"url\":\"https:\/\/pakosc-kalwaria.franciszkanie.net\/\",\"name\":\"Pako\u015b\u0107 \u2013 Kalwaria\",\"description\":\"Parafia Rzymsko \u2013 Katolicka p.w. Pana Jezusa Ukrzy\u017cowanego i  Matki Bo\u017cej Bolesnej ul. Barci\u0144ska 60, 88\u2013170 Pako\u015b\u0107 \u2013 Kalwaria\",\"potentialAction\":[{\"@type\":\"SearchAction\",\"target\":{\"@type\":\"EntryPoint\",\"urlTemplate\":\"https:\/\/pakosc-kalwaria.franciszkanie.net\/?s={search_term_string}\"},\"query-input\":\"required name=search_term_string\"}],\"inLanguage\":\"pl-PL\"},{\"@type\":\"ImageObject\",\"@id\":\"https:\/\/pakosc-kalwaria.franciszkanie.net\/index.php\/2021\/06\/02\/ogloszenia-duszpasterskie-uroczystosc-najswietszego-ciala-i-krwi-panskiej-boze-cialo-2\/#primaryimage\",\"inLanguage\":\"pl-PL\",\"url\":\"https:\/\/pakosc-kalwaria.franciszkanie.net\/wp-content\/uploads\/2021\/06\/baner-na-boze-cialo-oltarz-77A-sklep.jpg\",\"contentUrl\":\"https:\/\/pakosc-kalwaria.franciszkanie.net\/wp-content\/uploads\/2021\/06\/baner-na-boze-cialo-oltarz-77A-sklep.jpg\",\"width\":250,\"height\":332},{\"@type\":\"WebPage\",\"@id\":\"https:\/\/pakosc-kalwaria.franciszkanie.net\/index.php\/2021\/06\/02\/ogloszenia-duszpasterskie-uroczystosc-najswietszego-ciala-i-krwi-panskiej-boze-cialo-2\/#webpage\",\"url\":\"https:\/\/pakosc-kalwaria.franciszkanie.net\/index.php\/2021\/06\/02\/ogloszenia-duszpasterskie-uroczystosc-najswietszego-ciala-i-krwi-panskiej-boze-cialo-2\/\",\"name\":\"Og\u0142oszenia duszpasterskie - Uroczysto\u015b\u0107 Naj\u015bwi\u0119tszego Cia\u0142a i Krwi Pa\u0144skiej. Bo\u017ce Cia\u0142o - Pako\u015b\u0107 \u2013 Kalwaria\",\"isPartOf\":{\"@id\":\"https:\/\/pakosc-kalwaria.franciszkanie.net\/#website\"},\"primaryImageOfPage\":{\"@id\":\"https:\/\/pakosc-kalwaria.franciszkanie.net\/index.php\/2021\/06\/02\/ogloszenia-duszpasterskie-uroczystosc-najswietszego-ciala-i-krwi-panskiej-boze-cialo-2\/#primaryimage\"},\"datePublished\":\"2021-06-02T10:57:29+00:00\",\"dateModified\":\"2021-06-02T10:57:58+00:00\",\"author\":{\"@id\":\"https:\/\/pakosc-kalwaria.franciszkanie.net\/#\/schema\/person\/af10b943be0760709227d060eadcb2aa\"},\"breadcrumb\":{\"@id\":\"https:\/\/pakosc-kalwaria.franciszkanie.net\/index.php\/2021\/06\/02\/ogloszenia-duszpasterskie-uroczystosc-najswietszego-ciala-i-krwi-panskiej-boze-cialo-2\/#breadcrumb\"},\"inLanguage\":\"pl-PL\",\"potentialAction\":[{\"@type\":\"ReadAction\",\"target\":[\"https:\/\/pakosc-kalwaria.franciszkanie.net\/index.php\/2021\/06\/02\/ogloszenia-duszpasterskie-uroczystosc-najswietszego-ciala-i-krwi-panskiej-boze-cialo-2\/\"]}]},{\"@type\":\"BreadcrumbList\",\"@id\":\"https:\/\/pakosc-kalwaria.franciszkanie.net\/index.php\/2021\/06\/02\/ogloszenia-duszpasterskie-uroczystosc-najswietszego-ciala-i-krwi-panskiej-boze-cialo-2\/#breadcrumb\",\"itemListElement\":[{\"@type\":\"ListItem\",\"position\":1,\"name\":\"Strona g\u0142\u00f3wna\",\"item\":\"https:\/\/pakosc-kalwaria.franciszkanie.net\/\"},{\"@type\":\"ListItem\",\"position\":2,\"name\":\"Og\u0142oszenia duszpasterskie &#8211; Uroczysto\u015b\u0107 Naj\u015bwi\u0119tszego Cia\u0142a i Krwi Pa\u0144skiej. Bo\u017ce Cia\u0142o\"}]},{\"@type\":\"Person\",\"@id\":\"https:\/\/pakosc-kalwaria.franciszkanie.net\/#\/schema\/person\/af10b943be0760709227d060eadcb2aa\",\"name\":\"pakosc-kalwaria\",\"image\":{\"@type\":\"ImageObject\",\"@id\":\"https:\/\/pakosc-kalwaria.franciszkanie.net\/#personlogo\",\"inLanguage\":\"pl-PL\",\"url\":\"https:\/\/secure.gravatar.com\/avatar\/e7049d338b55eac6a0027ff3218b8d02?s=96&d=mm&r=g\",\"contentUrl\":\"https:\/\/secure.gravatar.com\/avatar\/e7049d338b55eac6a0027ff3218b8d02?s=96&d=mm&r=g\",\"caption\":\"pakosc-kalwaria\"},\"sameAs\":[\"https:\/\/www.facebook.com\/KalwariaPakosc\/\"],\"url\":\"https:\/\/pakosc-kalwaria.franciszkanie.net\/index.php\/author\/pakosc-kalwaria\/\"}]}<\/script>\n<!-- \/ Yoast SEO plugin. -->","yoast_head_json":{"title":"Og\u0142oszenia duszpasterskie - Uroczysto\u015b\u0107 Naj\u015bwi\u0119tszego Cia\u0142a i Krwi Pa\u0144skiej. Bo\u017ce Cia\u0142o - Pako\u015b\u0107 \u2013 Kalwaria","robots":{"index":"index","follow":"follow","max-snippet":"max-snippet:-1","max-image-preview":"max-image-preview:large","max-video-preview":"max-video-preview:-1"},"canonical":"https:\/\/pakosc-kalwaria.franciszkanie.net\/index.php\/2021\/06\/02\/ogloszenia-duszpasterskie-uroczystosc-najswietszego-ciala-i-krwi-panskiej-boze-cialo-2\/","og_locale":"pl_PL","og_type":"article","og_title":"Og\u0142oszenia duszpasterskie - Uroczysto\u015b\u0107 Naj\u015bwi\u0119tszego Cia\u0142a i Krwi Pa\u0144skiej. Bo\u017ce Cia\u0142o - Pako\u015b\u0107 \u2013 Kalwaria","og_description":"W czerwcu codziennie nabo\u017ce\u0144stwa ku czci Naj\u015bwi\u0119tszego Serca Pana Jezusa: w tygodniu po Mszy \u015awi\u0119tej o 17.00, a w niedziel\u0119 po Mszy \u015awi\u0119tej o 9.00. \u00a0\u00a0\u00a0\u00a0\u00a0 W tym tygodniu przypadaj\u0105 Dni Odnowy Wewn\u0119trznej. \u00a0 Zach\u0119camy do comiesi\u0119cznej Spowiedzi i Komunii \u015bwi\u0119tej pierwszopi\u0105tkowej. \u00a0\u00a0\u00a0\u00a0\u00a0\u00a0\u00a0\u00a0\u00a0\u00a0\u00a0\u00a0\u00a0 W pierwszy czwartek (03.06.) \u2013 uroczysto\u015b\u0107 Naj\u015bwi\u0119tszego Cia\u0142a i Krwi Chrystusa (Bo\u017ce &hellip;","og_url":"https:\/\/pakosc-kalwaria.franciszkanie.net\/index.php\/2021\/06\/02\/ogloszenia-duszpasterskie-uroczystosc-najswietszego-ciala-i-krwi-panskiej-boze-cialo-2\/","og_site_name":"Pako\u015b\u0107 \u2013 Kalwaria","article_author":"https:\/\/www.facebook.com\/KalwariaPakosc\/","article_published_time":"2021-06-02T10:57:29+00:00","article_modified_time":"2021-06-02T10:57:58+00:00","og_image":[{"width":250,"height":332,"url":"https:\/\/pakosc-kalwaria.franciszkanie.net\/wp-content\/uploads\/2021\/06\/baner-na-boze-cialo-oltarz-77A-sklep.jpg","type":"image\/jpeg"}],"twitter_card":"summary","twitter_misc":{"Napisane przez":"pakosc-kalwaria","Szacowany czas czytania":"3 minuty"},"schema":{"@context":"https:\/\/schema.org","@graph":[{"@type":"WebSite","@id":"https:\/\/pakosc-kalwaria.franciszkanie.net\/#website","url":"https:\/\/pakosc-kalwaria.franciszkanie.net\/","name":"Pako\u015b\u0107 \u2013 Kalwaria","description":"Parafia Rzymsko \u2013 Katolicka p.w. Pana Jezusa Ukrzy\u017cowanego i  Matki Bo\u017cej Bolesnej ul. Barci\u0144ska 60, 88\u2013170 Pako\u015b\u0107 \u2013 Kalwaria","potentialAction":[{"@type":"SearchAction","target":{"@type":"EntryPoint","urlTemplate":"https:\/\/pakosc-kalwaria.franciszkanie.net\/?s={search_term_string}"},"query-input":"required name=search_term_string"}],"inLanguage":"pl-PL"},{"@type":"ImageObject","@id":"https:\/\/pakosc-kalwaria.franciszkanie.net\/index.php\/2021\/06\/02\/ogloszenia-duszpasterskie-uroczystosc-najswietszego-ciala-i-krwi-panskiej-boze-cialo-2\/#primaryimage","inLanguage":"pl-PL","url":"https:\/\/pakosc-kalwaria.franciszkanie.net\/wp-content\/uploads\/2021\/06\/baner-na-boze-cialo-oltarz-77A-sklep.jpg","contentUrl":"https:\/\/pakosc-kalwaria.franciszkanie.net\/wp-content\/uploads\/2021\/06\/baner-na-boze-cialo-oltarz-77A-sklep.jpg","width":250,"height":332},{"@type":"WebPage","@id":"https:\/\/pakosc-kalwaria.franciszkanie.net\/index.php\/2021\/06\/02\/ogloszenia-duszpasterskie-uroczystosc-najswietszego-ciala-i-krwi-panskiej-boze-cialo-2\/#webpage","url":"https:\/\/pakosc-kalwaria.franciszkanie.net\/index.php\/2021\/06\/02\/ogloszenia-duszpasterskie-uroczystosc-najswietszego-ciala-i-krwi-panskiej-boze-cialo-2\/","name":"Og\u0142oszenia duszpasterskie - Uroczysto\u015b\u0107 Naj\u015bwi\u0119tszego Cia\u0142a i Krwi Pa\u0144skiej. Bo\u017ce Cia\u0142o - Pako\u015b\u0107 \u2013 Kalwaria","isPartOf":{"@id":"https:\/\/pakosc-kalwaria.franciszkanie.net\/#website"},"primaryImageOfPage":{"@id":"https:\/\/pakosc-kalwaria.franciszkanie.net\/index.php\/2021\/06\/02\/ogloszenia-duszpasterskie-uroczystosc-najswietszego-ciala-i-krwi-panskiej-boze-cialo-2\/#primaryimage"},"datePublished":"2021-06-02T10:57:29+00:00","dateModified":"2021-06-02T10:57:58+00:00","author":{"@id":"https:\/\/pakosc-kalwaria.franciszkanie.net\/#\/schema\/person\/af10b943be0760709227d060eadcb2aa"},"breadcrumb":{"@id":"https:\/\/pakosc-kalwaria.franciszkanie.net\/index.php\/2021\/06\/02\/ogloszenia-duszpasterskie-uroczystosc-najswietszego-ciala-i-krwi-panskiej-boze-cialo-2\/#breadcrumb"},"inLanguage":"pl-PL","potentialAction":[{"@type":"ReadAction","target":["https:\/\/pakosc-kalwaria.franciszkanie.net\/index.php\/2021\/06\/02\/ogloszenia-duszpasterskie-uroczystosc-najswietszego-ciala-i-krwi-panskiej-boze-cialo-2\/"]}]},{"@type":"BreadcrumbList","@id":"https:\/\/pakosc-kalwaria.franciszkanie.net\/index.php\/2021\/06\/02\/ogloszenia-duszpasterskie-uroczystosc-najswietszego-ciala-i-krwi-panskiej-boze-cialo-2\/#breadcrumb","itemListElement":[{"@type":"ListItem","position":1,"name":"Strona g\u0142\u00f3wna","item":"https:\/\/pakosc-kalwaria.franciszkanie.net\/"},{"@type":"ListItem","position":2,"name":"Og\u0142oszenia duszpasterskie &#8211; Uroczysto\u015b\u0107 Naj\u015bwi\u0119tszego Cia\u0142a i Krwi Pa\u0144skiej. Bo\u017ce Cia\u0142o"}]},{"@type":"Person","@id":"https:\/\/pakosc-kalwaria.franciszkanie.net\/#\/schema\/person\/af10b943be0760709227d060eadcb2aa","name":"pakosc-kalwaria","image":{"@type":"ImageObject","@id":"https:\/\/pakosc-kalwaria.franciszkanie.net\/#personlogo","inLanguage":"pl-PL","url":"https:\/\/secure.gravatar.com\/avatar\/e7049d338b55eac6a0027ff3218b8d02?s=96&d=mm&r=g","contentUrl":"https:\/\/secure.gravatar.com\/avatar\/e7049d338b55eac6a0027ff3218b8d02?s=96&d=mm&r=g","caption":"pakosc-kalwaria"},"sameAs":["https:\/\/www.facebook.com\/KalwariaPakosc\/"],"url":"https:\/\/pakosc-kalwaria.franciszkanie.net\/index.php\/author\/pakosc-kalwaria\/"}]}},"_links":{"self":[{"href":"https:\/\/pakosc-kalwaria.franciszkanie.net\/index.php\/wp-json\/wp\/v2\/posts\/18596"}],"collection":[{"href":"https:\/\/pakosc-kalwaria.franciszkanie.net\/index.php\/wp-json\/wp\/v2\/posts"}],"about":[{"href":"https:\/\/pakosc-kalwaria.franciszkanie.net\/index.php\/wp-json\/wp\/v2\/types\/post"}],"author":[{"embeddable":true,"href":"https:\/\/pakosc-kalwaria.franciszkanie.net\/index.php\/wp-json\/wp\/v2\/users\/2"}],"replies":[{"embeddable":true,"href":"https:\/\/pakosc-kalwaria.franciszkanie.net\/index.php\/wp-json\/wp\/v2\/comments?post=18596"}],"version-history":[{"count":2,"href":"https:\/\/pakosc-kalwaria.franciszkanie.net\/index.php\/wp-json\/wp\/v2\/posts\/18596\/revisions"}],"predecessor-version":[{"id":18599,"href":"https:\/\/pakosc-kalwaria.franciszkanie.net\/index.php\/wp-json\/wp\/v2\/posts\/18596\/revisions\/18599"}],"wp:featuredmedia":[{"embeddable":true,"href":"https:\/\/pakosc-kalwaria.franciszkanie.net\/index.php\/wp-json\/wp\/v2\/media\/18597"}],"wp:attachment":[{"href":"https:\/\/pakosc-kalwaria.franciszkanie.net\/index.php\/wp-json\/wp\/v2\/media?parent=18596"}],"wp:term":[{"taxonomy":"category","embeddable":true,"href":"https:\/\/pakosc-kalwaria.franciszkanie.net\/index.php\/wp-json\/wp\/v2\/categories?post=18596"},{"taxonomy":"post_tag","embeddable":true,"href":"https:\/\/pakosc-kalwaria.franciszkanie.net\/index.php\/wp-json\/wp\/v2\/tags?post=18596"}],"curies":[{"name":"wp","href":"https:\/\/api.w.org\/{rel}","templated":true}]}}