{"id":18602,"date":"2021-06-03T13:00:29","date_gmt":"2021-06-03T11:00:29","guid":{"rendered":"http:\/\/pakosc-kalwaria.franciszkanie.net\/?p=18602"},"modified":"2021-06-03T09:33:25","modified_gmt":"2021-06-03T07:33:25","slug":"do-medytacji-z-kalwaryjskiego-wzgorza-czwartek-03-06-2021r","status":"publish","type":"post","link":"https:\/\/pakosc-kalwaria.franciszkanie.net\/index.php\/2021\/06\/03\/do-medytacji-z-kalwaryjskiego-wzgorza-czwartek-03-06-2021r\/","title":{"rendered":"Do medytacji z kalwaryjskiego Wzg\u00f3rza \u2013 Czwartek 03.06.2021r."},"content":{"rendered":"<p><strong><span style=\"color: #ff0000;\">Z liturgii Uroczysto\u015bci Naj\u015bwi\u0119tszego Cia\u0142a i Krwi Chrystusa \u2013 03.06.2021r.<\/span><\/strong><\/p>\n<p><strong><span style=\"color: #ff0000;\">1. czytanie<\/span> <\/strong>(Wj 24, 3-8) <em>Zawarcie przymierza przez krew<br \/>\n<\/em><strong>Czytanie z Ksi\u0119gi Wyj\u015bcia<br \/>\n<\/strong>Moj\u017cesz wr\u00f3ci\u0142 z g\u00f3ry Synaj i obwie\u015bci\u0142 ludowi wszystkie s\u0142owa Pana i wszystkie Jego polecenia. Wtedy ca\u0142y lud odpowiedzia\u0142 jednog\u0142o\u015bnie: \u00abWszystkie s\u0142owa, jakie powiedzia\u0142 Pan, wype\u0142nimy\u00bb. Spisa\u0142 wi\u0119c Moj\u017cesz wszystkie s\u0142owa Pana. Nazajutrz wcze\u015bnie rano zbudowa\u0142 o\u0142tarz u st\u00f3p g\u00f3ry i postawi\u0142 dwana\u015bcie stel, stosownie do liczby dwunastu szczep\u00f3w Izraela. Potem poleci\u0142 m\u0142odzie\u0144com izraelskim z\u0142o\u017cy\u0107 Panu ofiar\u0119 ca\u0142opaln\u0105 i ofiar\u0119 biesiadn\u0105 z cielc\u00f3w. Moj\u017cesz za\u015b wzi\u0105\u0142 po\u0142ow\u0119 krwi i wla\u0142 j\u0105 do czar, a drug\u0105 po\u0142ow\u0105 krwi skropi\u0142 o\u0142tarz. Wtedy wzi\u0105\u0142 Ksi\u0119g\u0119 Przymierza i czyta\u0142 j\u0105 g\u0142o\u015bno ludowi. I o\u015bwiadczyli: \u00abWszystko, co powiedzia\u0142 Pan, uczynimy i b\u0119dziemy pos\u0142uszni\u00bb. Moj\u017cesz wzi\u0105\u0142 krew i pokropi\u0142 ni\u0105 lud, m\u00f3wi\u0105c: \u00abOto krew przymierza, kt\u00f3re Pan zawar\u0142 z wami na podstawie wszystkich tych s\u0142\u00f3w\u00bb. Oto S\u0142owo Bo\u017ce<\/p>\n<p><span style=\"color: #ff0000;\"><strong>Psalm<\/strong><\/span> (Ps 116B (115), 12-13. 15 i 16bc. 17-18 (R.: por. 13))<br \/>\n<strong>Kielich zbawienia wznios\u0119 w imi\u0119 Pana<\/strong><br \/>\nCzym si\u0119 Panu odp\u0142ac\u0119 *<br \/>\nza wszystko, co mi wy\u015bwiadczy\u0142?<br \/>\nPodnios\u0119 kielich zbawienia *<br \/>\ni wezw\u0119 imienia Pana.<\/p>\n<div id=\"elementyTabContent0\" class=\"tab-content liturgia-content\">\n<div id=\"tabnowy0all\" class=\"tab-pane fade active in\">\n<p><strong>Kielich zbawienia wznios\u0119 w imi\u0119 Pana<br \/>\n<\/strong>Cenna jest w oczach Pana *<br \/>\n\u015bmier\u0107 Jego wyznawc\u00f3w.<br \/>\nJestem Twym s\u0142ug\u0105, synem Twojej s\u0142u\u017cebnicy, *<br \/>\nTy rozerwa\u0142e\u015b moje kajdany.<\/p>\n<p><strong>Kielich zbawienia wznios\u0119 w imi\u0119 Pana<br \/>\n<\/strong>Tobie z\u0142o\u017c\u0119 ofiar\u0119 pochwaln\u0105 *<br \/>\ni wezw\u0119 imienia Pana.<br \/>\nWype\u0142ni\u0119 me \u015bluby dla Pana *<br \/>\nprzed ca\u0142ym Jego ludem.<\/p>\n<p><strong>Kielich zbawienia wznios\u0119 w imi\u0119 Pana<\/strong><\/p>\n<p><strong><span style=\"color: #ff0000;\">2. czytanie<\/span><\/strong> (Hbr 9, 11-15) <em>Krew Chrystusa oczyszcza nasze sumienia<br \/>\n<\/em><strong>Czytanie z Listu do Hebrajczyk\u00f3w<br \/>\n<\/strong>Bracia: Chrystus, zjawiwszy si\u0119 jako arcykap\u0142an d\u00f3br przysz\u0142ych, przez wy\u017cszy i doskonalszy, i nie r\u0119k\u0105 \u2013 to jest nie na tym \u015bwiecie \u2013 uczyniony przybytek, ani nie przez krew koz\u0142\u00f3w i cielc\u00f3w, lecz przez w\u0142asn\u0105 krew wszed\u0142 raz na zawsze do Miejsca \u015awi\u0119tego i osi\u0105gn\u0105\u0142 wieczne odkupienie. Je\u015bli bowiem krew koz\u0142\u00f3w i cielc\u00f3w oraz popi\u00f3\u0142 z krowy, kt\u00f3rymi skrapia si\u0119 zanieczyszczonych, sprawiaj\u0105 oczyszczenie cia\u0142a, to o ile bardziej krew Chrystusa, kt\u00f3ry przez Ducha wiecznego z\u0142o\u017cy\u0142 Bogu samego siebie jako nieskalan\u0105 ofiar\u0119, oczy\u015bci wasze sumienia z martwych uczynk\u00f3w, aby\u015bcie s\u0142u\u017cy\u0107 mogli Bogu \u017cywemu. I dlatego jest po\u015brednikiem Nowego Przymierza, a\u017ceby przez \u015bmier\u0107, poniesion\u0105 dla odkupienia przest\u0119pstw pope\u0142nionych za pierwszego przymierza, ci, kt\u00f3rzy s\u0105 wezwani do wiecznego dziedzictwa, dost\u0105pili spe\u0142nienia obietnicy. Oto S\u0142owo Bo\u017ce.<\/p>\n<p><span style=\"color: #ff0000;\"><strong>Aklamacja<\/strong><\/span> (J 6, 51ab)<br \/>\n<strong>Alleluja, alleluja, alleluja<br \/>\n<\/strong>Ja jestem chlebem \u017cywym, kt\u00f3ry zst\u0105pi\u0142 z nieba.<br \/>\nJe\u015bli kto\u015b spo\u017cywa ten chleb, b\u0119dzie \u017cy\u0142 na wieki.<br \/>\n<strong>Alleluja, alleluja, alleluja<\/strong><\/p>\n<p><strong><span style=\"color: #ff0000;\">Ewangelia<\/span> <\/strong>(Mk 14, 12-16. 22-26) <em>Ustanowienie ofiary Nowego Przymierza<br \/>\n<\/em><strong>S\u0142owa Ewangelii wed\u0142ug \u015awi\u0119tego Marka<br \/>\n<\/strong>W pierwszy dzie\u0144 Prza\u015bnik\u00f3w, kiedy ofiarowywano Pasch\u0119, zapytali Jezusa Jego uczniowie: \u00abGdzie chcesz, \u017ceby\u015bmy przygotowali Ci spo\u017cywanie Paschy?\u00bb I pos\u0142a\u0142 dw\u00f3ch spo\u015br\u00f3d swoich uczni\u00f3w z tym poleceniem: \u00abId\u017acie do miasta, a spotka was cz\u0142owiek nios\u0105cy dzban wody. Id\u017acie za nim i tam, gdzie wejdzie, powiedzcie gospodarzowi: Nauczyciel pyta: Gdzie jest dla Mnie izba, w kt\u00f3rej m\u00f3g\u0142bym spo\u017cy\u0107 Pasch\u0119 z moimi uczniami? On wska\u017ce wam na g\u00f3rze sal\u0119 du\u017c\u0105, us\u0142an\u0105 i gotow\u0105. Tam przygotujecie dla nas\u00bb. Uczniowie wybrali si\u0119 i przyszli do miasta, a tam znale\u017ali wszystko, tak jak im powiedzia\u0142, i przygotowali Pasch\u0119. A gdy jedli, wzi\u0105\u0142 chleb, odm\u00f3wi\u0142 b\u0142ogos\u0142awie\u0144stwo, po\u0142ama\u0142 i da\u0142 im, m\u00f3wi\u0105c: \u00abBierzcie, to jest Cia\u0142o moje\u00bb. Potem wzi\u0105\u0142 kielich i odm\u00f3wiwszy dzi\u0119kczynienie, da\u0142 im, i pili z niego wszyscy. I rzek\u0142 do nich: \u00abTo jest moja Krew Przymierza, kt\u00f3ra za wielu b\u0119dzie wylana. Zaprawd\u0119, powiadam wam: Odt\u0105d nie b\u0119d\u0119 ju\u017c pi\u0142 napoju z owocu winnego krzewu a\u017c do owego dnia, kiedy pi\u0107 b\u0119d\u0119 go nowy w kr\u00f3lestwie Bo\u017cym\u00bb. Po od\u015bpiewaniu hymnu wyszli w stron\u0119 G\u00f3ry Oliwnej. Oto S\u0142owo Pa\u0144skie.<\/p>\n<p><strong><span style=\"color: #ff0000;\">Z kazania na kalwaryjskim Wzg\u00f3rzu \u2013 Czwartek 03.06.2021r.<\/span><br \/>\nEucharystia daje \u017cycie!<br \/>\n<\/strong>W uroczysto\u015b\u0107 Naj\u015bwi\u0119tszego Cia\u0142a i Krwi Chrystusa nasze oczy w spos\u00f3b szczeg\u00f3lny zwr\u00f3cone s\u0105 na Eucharysti\u0119. Staje przed nami \u017cywy i prawdziwy B\u00f3g ukryty pod postaci\u0105 Chleba. Chrystus pozosta\u0142 z nami w Naj\u015bwi\u0119tszym Sakramencie nie tylko po to by\u015bmy Go podziwiali i uwielbiali, ale przede wszystkim po to, \u017ceby\u015bmy w Niego wierzyli, mocno Go kochali, cz\u0119sto si\u0119 z Nim spotykali i przyjmowali do swojego serca! Dzisiaj w spos\u00f3b szczeg\u00f3lny docieraj\u0105 do nas s\u0142owa pie\u015bni: \u201eW tej Hostii jest B\u00f3g \u017bywy, cho\u0107 zakryty lecz prawdziwy\u201d. Wierzysz w to? Wierzysz w to, \u017ce w tej ma\u0142ej bia\u0142ej Hostii cho\u0107 zakryty, \u017cyje prawdziwy B\u00f3g? Zdajemy sobie wszyscy spraw\u0119, \u017ce nie jest \u0142atwo uwierzy\u0107 w obecno\u015b\u0107 Boga w Hostii Naj\u015bwi\u0119tszego Sakramentu. Nie jest \u0142atwo uwierzy\u0107 w cud, kt\u00f3ry dzieje si\u0119 na naszych oczach, w czasie ka\u017cdej Eucharystii, w czasie ka\u017cdej Mszy \u015awi\u0119tej, gdy moc\u0105 Ducha \u015awi\u0119tego chleb przemienia si\u0119 w Cia\u0142o Chrystusa, a wino w Jego Krew! Wobec tak wielkiej tajemnicy naszej wiary, jak\u0105 jest Eucharystia, potrzebujemy wszyscy wielkiej wiary, naprawd\u0119 wielkiej wiary!<br \/>\nB\u0142. Honorat Ko\u017ami\u0144ski powiedzia\u0142, \u017ce: \u201eEucharystia jest cudem nad cudami, jest to \u017cywa pami\u0105tka wszystkich tajemnic \u015bwi\u0119tej wiary, dlatego zas\u0142uguje na najwy\u017csze uczczenie\u201d. \u015aw. Jan Pawe\u0142 II podkre\u015bla\u0142, \u017ce \u201eEucharystia stanowi najwi\u0119kszy dar jakim Chrystus obdarzy\u0142 i nieustannie obdarza sw\u00f3j Ko\u015bci\u00f3\u0142. Jest ona korzeniem i szczytem chrze\u015bcija\u0144skiego \u017cycia i ka\u017cdego dzia\u0142ania Ko\u015bcio\u0142a\u201d.<br \/>\nA jak\u00a0 to jest w naszym \u017cyciu?\u00a0 Czy dla ka\u017cdego katolika, czy dla ka\u017cdego z nas, Eucharystia jest najwi\u0119kszym darem jakim Chrystus obdarzy\u0142 i obdarza sw\u00f3j Ko\u015bci\u00f3\u0142, a wi\u0119c obdarza i nas? Czy dla ka\u017cdego z nas Eucharystia jest \u017ar\u00f3d\u0142em naszego chrze\u015bcija\u0144skiego \u017cycia zar\u00f3wno osobistego jak i rodzinnego? Jak cz\u0119sto uczestniczymy we Mszy \u015bwi\u0119tej? Jak cz\u0119sto przyst\u0119pujemy do Komunii \u015bwi\u0119tej? Jak cz\u0119sto adorujemy Naj\u015bwi\u0119tszy Sakrament? Pytam\u2026 jak cz\u0119sto\u2026? I nie pytam \u00a0tylko przez pryzmat ogranicze\u0144 zwi\u0105zanych z pandemi\u0105!?<br \/>\n\u201eBierzcie i jedziecie to jest Cia\u0142o moje\u201d \u2013 pami\u0119tamy te s\u0142owa Jezusa z Wieczernika z wielkoczwartkowej Ostatniej Wieczerzy. S\u0142yszymy te s\u0142owa w czasie ka\u017cdej Mszy \u015awi\u0119tej\u2026 \u201eBierzcie i jedzcie, to jest Cia\u0142o moje\u201d. W swoim nauczaniu Chrystus zwraca uwag\u0119, \u017ce ustanowiona przez Niego Eucharystia jest pokarmem, i to pokarmem bardzo konkretnym i bardzo realnym. Przez swoje Cia\u0142o i Krew Jezus pragnie nie tylko da\u0107 cz\u0142owiekowi si\u0142y do dobrego \u017cycia doczesnego na ziemi, ale przede wszystkim pragnie zabezpieczy\u0107 nasze \u017cycie wieczne: \u201eKto spo\u017cywa moje Cia\u0142o i pije moj\u0105 Krew, ma \u017cycie wieczne, a ja go wskrzesz\u0119 w dzie\u0144 ostatecznym\u201d. Te s\u0142owa Jezusa, to nie \u017cadna przeno\u015bnia, ale rzeczywista prawda! Dlaczego? Bo Jezus jako B\u00f3g jest Panem \u017cycia i \u015bmierci! Tylko On jeden mo\u017ce tak naprawd\u0119 da\u0107 cz\u0142owiekowi \u017cycie wieczne i pom\u00f3c cz\u0142owiekowi to \u017cycie wieczne osi\u0105gn\u0105\u0107. Ale warunek jaki stawia Jezus, ka\u017cdemu kto chce osi\u0105gn\u0105\u0107 \u017cycie wieczne jest bardzo konkretny: kto chce cieszy\u0107 si\u0119 \u017cyciem wiecznym w Niebie i kto chce mie\u0107 w tym \u017cyciu wiecznym sw\u00f3j udzia\u0142, musi na ziemi karmi\u0107 si\u0119 Jego Cia\u0142em! Eucharystia jest wi\u0119c pokarmem, kt\u00f3re daje \u017cycie i daje \u017cycie wieczne! Przypomina nam to obecny Rok Duszpasterski.<br \/>\nJezus zach\u0119ca te\u017c nas swoich uczni\u00f3w: \u201eNie troszczcie si\u0119 zbytnio o to co macie je\u015b\u0107, i co macie pi\u0107, ale troszczcie si\u0119 najpierw o Kr\u00f3lestwo Bo\u017ce\u201d. Mamy w swoim \u017cyciu troszczy\u0107 si\u0119 najpierw o sprawy Bo\u017ce i o nasze zbawienie! Mamy troszczy\u0107 si\u0119 najpierw o nasz\u0105 wiar\u0119, o dobre chrze\u015bcija\u0144skie \u017cycie, o \u017cycie w \u0142asce u\u015bwi\u0119caj\u0105cej, o \u017cycie wieczne. Bo cho\u0107 w swoim \u017cyciu b\u0119dziemy si\u0119 \u017cywili najbardziej zdrowymi pokarmami, przyjmowali super witaminy, sw\u00f3j jad\u0142ospis opierali na najlepszej diecie, to i tak pr\u0119dzej czy p\u00f3\u017aniej dotknie nas fizyczna \u015bmier\u0107. Dlatego Chrystus przypomina, nam ludziom wierz\u0105cym, \u017ce trzeba w \u017cyciu troszczy\u0107 si\u0119 szczeg\u00f3lnie o ten pokarm, kt\u00f3ry zapewni nam \u017cycie wieczne: \u201eKto spo\u017cywa ten Chleb, b\u0119dzie \u017cy\u0142 na wieki\u201d. I dodaje: \u201eJe\u015bli nie b\u0119dziecie spo\u017cywali Cia\u0142a Syna Cz\u0142owieczego i nie b\u0119dziecie pili Krwi jego, nie b\u0119dziecie mieli \u017cycia w sobie\u201d. Kt\u00f3ry pokarm na ziemi jest dla nas wa\u017cniejszy? Ten ziemski czy ten, kt\u00f3ry pochodzi z Nieba, kt\u00f3ry da\u0142 nam Chrystus? O kt\u00f3ry pokarm bardziej dbamy i zabiegamy na ziemi: o ten ziemski, czy o ten niebieski? Idziemy do sklep\u00f3w bo chcemy je\u015b\u0107 i nie boimy si\u0119 \u017ce zachorujemy!? A nie przychodzimy do ko\u015bcio\u0142a na Msze \u015awi\u0119te i nie przyst\u0119pujemy do Komunii \u015bwi\u0119tej, bo si\u0119 boimy, \u017ce zachorujemy!? Co jest dla nas wa\u017cniejsze!? Jakim kosztem rezygnujemy z Mszy \u015awi\u0119tej i cz\u0119stej Komunii\u00a0 \u015bwi\u0119tej!? Troszczmy si\u0119 i zabiegajmy o \u017cycie wieczne w Niebie, uczestnicz\u0105c jak\u00a0 najcz\u0119\u015bciej we Mszy \u015awi\u0119tej i spo\u017cywaj\u0105c jak najcz\u0119\u015bciej Cia\u0142o Jezusa w Komunii \u015bwi\u0119tej!<br \/>\nGdy gromadzimy si\u0119 przed o\u0142tarzem, na kt\u00f3rym sprawowana jest Naj\u015bwi\u0119tsza Ofiara Mszy \u015bwi\u0119tej, gdy adorujemy Naj\u015bwi\u0119tsz\u0105 Hosti\u0119 wystawion\u0105 w monstrancji, gdy idziemy w Procesji eucharystycznej, to niech to b\u0119dzie dla nas zawsze szczeg\u00f3lna okazja, by wzruszy\u0107 si\u0119 tak wielk\u0105 mi\u0142o\u015bci\u0105 i czu\u0142o\u015bci\u0105 Boga oraz Jego blisko\u015bci\u0105. Niech to b\u0119dzie okazja, by na nowo zachwyci\u0107 si\u0119 Eucharysti\u0105, tym \u201ecudem nad cudami\u201d. A gdy przyjmujemy Komuni\u0119 \u015bwi\u0119t\u0105, a w niej prawdziwe Cia\u0142o Jezusa Chrystusa naszego Boga, to pomy\u015blmy jak blisko siebie s\u0105 te dwa serca: kochaj\u0105ce mnie Serce Jezusa i moje serce kochaj\u0105ce Jezusa.<br \/>\nNiech w t\u0119 dzisiejsz\u0105 uroczysto\u015b\u0107 Bo\u017cego Cia\u0142a jeszcze raz wybrzmi\u0105 s\u0142owa zach\u0119ty \u015bw. Jana Paw\u0142a II i zostan\u0105 w naszych sercach na ca\u0142e dalsze \u017cycie na ziemi: \u201ePostawcie Eucharysti\u0119 w centrum swojego \u017cycia osobistego, rodzinnego i wsp\u00f3lnotowego. Kochajcie J\u0105 i adorujcie (\u2026) \u017byjcie Eucharysti\u0105 daj\u0105c \u015bwiadectwo mi\u0142o\u015bci Boga do ludzi (\u2026) Niech Eucharystia kszta\u0142tuje wasze \u017cycie i \u017cycie waszych rodzin. Niech ona kieruje wszystkimi waszymi wyborami\u201d. Amen.<br \/>\n(o.R.)<\/p>\n<\/div>\n<\/div>\n","protected":false},"excerpt":{"rendered":"<p>Z liturgii Uroczysto\u015bci Naj\u015bwi\u0119tszego Cia\u0142a i Krwi Chrystusa \u2013 03.06.2021r. 1. czytanie (Wj 24, 3-8) Zawarcie przymierza przez krew Czytanie z Ksi\u0119gi Wyj\u015bcia Moj\u017cesz wr\u00f3ci\u0142 z g\u00f3ry Synaj i obwie\u015bci\u0142 ludowi wszystkie s\u0142owa Pana i wszystkie Jego polecenia. Wtedy ca\u0142y lud odpowiedzia\u0142 jednog\u0142o\u015bnie: \u00abWszystkie s\u0142owa, jakie powiedzia\u0142 Pan, wype\u0142nimy\u00bb. Spisa\u0142 wi\u0119c Moj\u017cesz wszystkie s\u0142owa Pana. &hellip;<\/p>\n","protected":false},"author":2,"featured_media":18603,"comment_status":"closed","ping_status":"closed","sticky":false,"template":"","format":"standard","meta":{"_mi_skip_tracking":false,"_exactmetrics_sitenote_active":false,"_exactmetrics_sitenote_note":"","_exactmetrics_sitenote_category":0},"categories":[14],"tags":[],"yoast_head":"<!-- This site is optimized with the Yoast SEO plugin v18.1 - https:\/\/yoast.com\/wordpress\/plugins\/seo\/ -->\n<title>Do medytacji z kalwaryjskiego Wzg\u00f3rza \u2013 Czwartek 03.06.2021r. - Pako\u015b\u0107 \u2013 Kalwaria<\/title>\n<meta name=\"robots\" content=\"index, follow, max-snippet:-1, max-image-preview:large, max-video-preview:-1\" \/>\n<link rel=\"canonical\" href=\"https:\/\/pakosc-kalwaria.franciszkanie.net\/index.php\/2021\/06\/03\/do-medytacji-z-kalwaryjskiego-wzgorza-czwartek-03-06-2021r\/\" \/>\n<meta property=\"og:locale\" content=\"pl_PL\" \/>\n<meta property=\"og:type\" content=\"article\" \/>\n<meta property=\"og:title\" content=\"Do medytacji z kalwaryjskiego Wzg\u00f3rza \u2013 Czwartek 03.06.2021r. - Pako\u015b\u0107 \u2013 Kalwaria\" \/>\n<meta property=\"og:description\" content=\"Z liturgii Uroczysto\u015bci Naj\u015bwi\u0119tszego Cia\u0142a i Krwi Chrystusa \u2013 03.06.2021r. 1. czytanie (Wj 24, 3-8) Zawarcie przymierza przez krew Czytanie z Ksi\u0119gi Wyj\u015bcia Moj\u017cesz wr\u00f3ci\u0142 z g\u00f3ry Synaj i obwie\u015bci\u0142 ludowi wszystkie s\u0142owa Pana i wszystkie Jego polecenia. Wtedy ca\u0142y lud odpowiedzia\u0142 jednog\u0142o\u015bnie: \u00abWszystkie s\u0142owa, jakie powiedzia\u0142 Pan, wype\u0142nimy\u00bb. Spisa\u0142 wi\u0119c Moj\u017cesz wszystkie s\u0142owa Pana. &hellip;\" \/>\n<meta property=\"og:url\" content=\"https:\/\/pakosc-kalwaria.franciszkanie.net\/index.php\/2021\/06\/03\/do-medytacji-z-kalwaryjskiego-wzgorza-czwartek-03-06-2021r\/\" \/>\n<meta property=\"og:site_name\" content=\"Pako\u015b\u0107 \u2013 Kalwaria\" \/>\n<meta property=\"article:author\" content=\"https:\/\/www.facebook.com\/KalwariaPakosc\/\" \/>\n<meta property=\"article:published_time\" content=\"2021-06-03T11:00:29+00:00\" \/>\n<meta property=\"article:modified_time\" content=\"2021-06-03T07:33:25+00:00\" \/>\n<meta property=\"og:image\" content=\"https:\/\/pakosc-kalwaria.franciszkanie.net\/wp-content\/uploads\/2021\/06\/Bo\u017ce_Cia\u0142o-324x235.jpg\" \/>\n\t<meta property=\"og:image:width\" content=\"324\" \/>\n\t<meta property=\"og:image:height\" content=\"235\" \/>\n\t<meta property=\"og:image:type\" content=\"image\/jpeg\" \/>\n<meta name=\"twitter:card\" content=\"summary\" \/>\n<meta name=\"twitter:label1\" content=\"Napisane przez\" \/>\n\t<meta name=\"twitter:data1\" content=\"pakosc-kalwaria\" \/>\n\t<meta name=\"twitter:label2\" content=\"Szacowany czas czytania\" \/>\n\t<meta name=\"twitter:data2\" content=\"9 minut\" \/>\n<script type=\"application\/ld+json\" class=\"yoast-schema-graph\">{\"@context\":\"https:\/\/schema.org\",\"@graph\":[{\"@type\":\"WebSite\",\"@id\":\"https:\/\/pakosc-kalwaria.franciszkanie.net\/#website\",\"url\":\"https:\/\/pakosc-kalwaria.franciszkanie.net\/\",\"name\":\"Pako\u015b\u0107 \u2013 Kalwaria\",\"description\":\"Parafia Rzymsko \u2013 Katolicka p.w. Pana Jezusa Ukrzy\u017cowanego i  Matki Bo\u017cej Bolesnej ul. Barci\u0144ska 60, 88\u2013170 Pako\u015b\u0107 \u2013 Kalwaria\",\"potentialAction\":[{\"@type\":\"SearchAction\",\"target\":{\"@type\":\"EntryPoint\",\"urlTemplate\":\"https:\/\/pakosc-kalwaria.franciszkanie.net\/?s={search_term_string}\"},\"query-input\":\"required name=search_term_string\"}],\"inLanguage\":\"pl-PL\"},{\"@type\":\"ImageObject\",\"@id\":\"https:\/\/pakosc-kalwaria.franciszkanie.net\/index.php\/2021\/06\/03\/do-medytacji-z-kalwaryjskiego-wzgorza-czwartek-03-06-2021r\/#primaryimage\",\"inLanguage\":\"pl-PL\",\"url\":\"https:\/\/pakosc-kalwaria.franciszkanie.net\/wp-content\/uploads\/2021\/06\/Bo\u017ce_Cia\u0142o-324x235.jpg\",\"contentUrl\":\"https:\/\/pakosc-kalwaria.franciszkanie.net\/wp-content\/uploads\/2021\/06\/Bo\u017ce_Cia\u0142o-324x235.jpg\",\"width\":324,\"height\":235},{\"@type\":\"WebPage\",\"@id\":\"https:\/\/pakosc-kalwaria.franciszkanie.net\/index.php\/2021\/06\/03\/do-medytacji-z-kalwaryjskiego-wzgorza-czwartek-03-06-2021r\/#webpage\",\"url\":\"https:\/\/pakosc-kalwaria.franciszkanie.net\/index.php\/2021\/06\/03\/do-medytacji-z-kalwaryjskiego-wzgorza-czwartek-03-06-2021r\/\",\"name\":\"Do medytacji z kalwaryjskiego Wzg\u00f3rza \u2013 Czwartek 03.06.2021r. - Pako\u015b\u0107 \u2013 Kalwaria\",\"isPartOf\":{\"@id\":\"https:\/\/pakosc-kalwaria.franciszkanie.net\/#website\"},\"primaryImageOfPage\":{\"@id\":\"https:\/\/pakosc-kalwaria.franciszkanie.net\/index.php\/2021\/06\/03\/do-medytacji-z-kalwaryjskiego-wzgorza-czwartek-03-06-2021r\/#primaryimage\"},\"datePublished\":\"2021-06-03T11:00:29+00:00\",\"dateModified\":\"2021-06-03T07:33:25+00:00\",\"author\":{\"@id\":\"https:\/\/pakosc-kalwaria.franciszkanie.net\/#\/schema\/person\/af10b943be0760709227d060eadcb2aa\"},\"breadcrumb\":{\"@id\":\"https:\/\/pakosc-kalwaria.franciszkanie.net\/index.php\/2021\/06\/03\/do-medytacji-z-kalwaryjskiego-wzgorza-czwartek-03-06-2021r\/#breadcrumb\"},\"inLanguage\":\"pl-PL\",\"potentialAction\":[{\"@type\":\"ReadAction\",\"target\":[\"https:\/\/pakosc-kalwaria.franciszkanie.net\/index.php\/2021\/06\/03\/do-medytacji-z-kalwaryjskiego-wzgorza-czwartek-03-06-2021r\/\"]}]},{\"@type\":\"BreadcrumbList\",\"@id\":\"https:\/\/pakosc-kalwaria.franciszkanie.net\/index.php\/2021\/06\/03\/do-medytacji-z-kalwaryjskiego-wzgorza-czwartek-03-06-2021r\/#breadcrumb\",\"itemListElement\":[{\"@type\":\"ListItem\",\"position\":1,\"name\":\"Strona g\u0142\u00f3wna\",\"item\":\"https:\/\/pakosc-kalwaria.franciszkanie.net\/\"},{\"@type\":\"ListItem\",\"position\":2,\"name\":\"Do medytacji z kalwaryjskiego Wzg\u00f3rza \u2013 Czwartek 03.06.2021r.\"}]},{\"@type\":\"Person\",\"@id\":\"https:\/\/pakosc-kalwaria.franciszkanie.net\/#\/schema\/person\/af10b943be0760709227d060eadcb2aa\",\"name\":\"pakosc-kalwaria\",\"image\":{\"@type\":\"ImageObject\",\"@id\":\"https:\/\/pakosc-kalwaria.franciszkanie.net\/#personlogo\",\"inLanguage\":\"pl-PL\",\"url\":\"https:\/\/secure.gravatar.com\/avatar\/e7049d338b55eac6a0027ff3218b8d02?s=96&d=mm&r=g\",\"contentUrl\":\"https:\/\/secure.gravatar.com\/avatar\/e7049d338b55eac6a0027ff3218b8d02?s=96&d=mm&r=g\",\"caption\":\"pakosc-kalwaria\"},\"sameAs\":[\"https:\/\/www.facebook.com\/KalwariaPakosc\/\"],\"url\":\"https:\/\/pakosc-kalwaria.franciszkanie.net\/index.php\/author\/pakosc-kalwaria\/\"}]}<\/script>\n<!-- \/ Yoast SEO plugin. -->","yoast_head_json":{"title":"Do medytacji z kalwaryjskiego Wzg\u00f3rza \u2013 Czwartek 03.06.2021r. - Pako\u015b\u0107 \u2013 Kalwaria","robots":{"index":"index","follow":"follow","max-snippet":"max-snippet:-1","max-image-preview":"max-image-preview:large","max-video-preview":"max-video-preview:-1"},"canonical":"https:\/\/pakosc-kalwaria.franciszkanie.net\/index.php\/2021\/06\/03\/do-medytacji-z-kalwaryjskiego-wzgorza-czwartek-03-06-2021r\/","og_locale":"pl_PL","og_type":"article","og_title":"Do medytacji z kalwaryjskiego Wzg\u00f3rza \u2013 Czwartek 03.06.2021r. - Pako\u015b\u0107 \u2013 Kalwaria","og_description":"Z liturgii Uroczysto\u015bci Naj\u015bwi\u0119tszego Cia\u0142a i Krwi Chrystusa \u2013 03.06.2021r. 1. czytanie (Wj 24, 3-8) Zawarcie przymierza przez krew Czytanie z Ksi\u0119gi Wyj\u015bcia Moj\u017cesz wr\u00f3ci\u0142 z g\u00f3ry Synaj i obwie\u015bci\u0142 ludowi wszystkie s\u0142owa Pana i wszystkie Jego polecenia. Wtedy ca\u0142y lud odpowiedzia\u0142 jednog\u0142o\u015bnie: \u00abWszystkie s\u0142owa, jakie powiedzia\u0142 Pan, wype\u0142nimy\u00bb. Spisa\u0142 wi\u0119c Moj\u017cesz wszystkie s\u0142owa Pana. &hellip;","og_url":"https:\/\/pakosc-kalwaria.franciszkanie.net\/index.php\/2021\/06\/03\/do-medytacji-z-kalwaryjskiego-wzgorza-czwartek-03-06-2021r\/","og_site_name":"Pako\u015b\u0107 \u2013 Kalwaria","article_author":"https:\/\/www.facebook.com\/KalwariaPakosc\/","article_published_time":"2021-06-03T11:00:29+00:00","article_modified_time":"2021-06-03T07:33:25+00:00","og_image":[{"width":324,"height":235,"url":"https:\/\/pakosc-kalwaria.franciszkanie.net\/wp-content\/uploads\/2021\/06\/Bo\u017ce_Cia\u0142o-324x235.jpg","type":"image\/jpeg"}],"twitter_card":"summary","twitter_misc":{"Napisane przez":"pakosc-kalwaria","Szacowany czas czytania":"9 minut"},"schema":{"@context":"https:\/\/schema.org","@graph":[{"@type":"WebSite","@id":"https:\/\/pakosc-kalwaria.franciszkanie.net\/#website","url":"https:\/\/pakosc-kalwaria.franciszkanie.net\/","name":"Pako\u015b\u0107 \u2013 Kalwaria","description":"Parafia Rzymsko \u2013 Katolicka p.w. Pana Jezusa Ukrzy\u017cowanego i  Matki Bo\u017cej Bolesnej ul. Barci\u0144ska 60, 88\u2013170 Pako\u015b\u0107 \u2013 Kalwaria","potentialAction":[{"@type":"SearchAction","target":{"@type":"EntryPoint","urlTemplate":"https:\/\/pakosc-kalwaria.franciszkanie.net\/?s={search_term_string}"},"query-input":"required name=search_term_string"}],"inLanguage":"pl-PL"},{"@type":"ImageObject","@id":"https:\/\/pakosc-kalwaria.franciszkanie.net\/index.php\/2021\/06\/03\/do-medytacji-z-kalwaryjskiego-wzgorza-czwartek-03-06-2021r\/#primaryimage","inLanguage":"pl-PL","url":"https:\/\/pakosc-kalwaria.franciszkanie.net\/wp-content\/uploads\/2021\/06\/Bo\u017ce_Cia\u0142o-324x235.jpg","contentUrl":"https:\/\/pakosc-kalwaria.franciszkanie.net\/wp-content\/uploads\/2021\/06\/Bo\u017ce_Cia\u0142o-324x235.jpg","width":324,"height":235},{"@type":"WebPage","@id":"https:\/\/pakosc-kalwaria.franciszkanie.net\/index.php\/2021\/06\/03\/do-medytacji-z-kalwaryjskiego-wzgorza-czwartek-03-06-2021r\/#webpage","url":"https:\/\/pakosc-kalwaria.franciszkanie.net\/index.php\/2021\/06\/03\/do-medytacji-z-kalwaryjskiego-wzgorza-czwartek-03-06-2021r\/","name":"Do medytacji z kalwaryjskiego Wzg\u00f3rza \u2013 Czwartek 03.06.2021r. - Pako\u015b\u0107 \u2013 Kalwaria","isPartOf":{"@id":"https:\/\/pakosc-kalwaria.franciszkanie.net\/#website"},"primaryImageOfPage":{"@id":"https:\/\/pakosc-kalwaria.franciszkanie.net\/index.php\/2021\/06\/03\/do-medytacji-z-kalwaryjskiego-wzgorza-czwartek-03-06-2021r\/#primaryimage"},"datePublished":"2021-06-03T11:00:29+00:00","dateModified":"2021-06-03T07:33:25+00:00","author":{"@id":"https:\/\/pakosc-kalwaria.franciszkanie.net\/#\/schema\/person\/af10b943be0760709227d060eadcb2aa"},"breadcrumb":{"@id":"https:\/\/pakosc-kalwaria.franciszkanie.net\/index.php\/2021\/06\/03\/do-medytacji-z-kalwaryjskiego-wzgorza-czwartek-03-06-2021r\/#breadcrumb"},"inLanguage":"pl-PL","potentialAction":[{"@type":"ReadAction","target":["https:\/\/pakosc-kalwaria.franciszkanie.net\/index.php\/2021\/06\/03\/do-medytacji-z-kalwaryjskiego-wzgorza-czwartek-03-06-2021r\/"]}]},{"@type":"BreadcrumbList","@id":"https:\/\/pakosc-kalwaria.franciszkanie.net\/index.php\/2021\/06\/03\/do-medytacji-z-kalwaryjskiego-wzgorza-czwartek-03-06-2021r\/#breadcrumb","itemListElement":[{"@type":"ListItem","position":1,"name":"Strona g\u0142\u00f3wna","item":"https:\/\/pakosc-kalwaria.franciszkanie.net\/"},{"@type":"ListItem","position":2,"name":"Do medytacji z kalwaryjskiego Wzg\u00f3rza \u2013 Czwartek 03.06.2021r."}]},{"@type":"Person","@id":"https:\/\/pakosc-kalwaria.franciszkanie.net\/#\/schema\/person\/af10b943be0760709227d060eadcb2aa","name":"pakosc-kalwaria","image":{"@type":"ImageObject","@id":"https:\/\/pakosc-kalwaria.franciszkanie.net\/#personlogo","inLanguage":"pl-PL","url":"https:\/\/secure.gravatar.com\/avatar\/e7049d338b55eac6a0027ff3218b8d02?s=96&d=mm&r=g","contentUrl":"https:\/\/secure.gravatar.com\/avatar\/e7049d338b55eac6a0027ff3218b8d02?s=96&d=mm&r=g","caption":"pakosc-kalwaria"},"sameAs":["https:\/\/www.facebook.com\/KalwariaPakosc\/"],"url":"https:\/\/pakosc-kalwaria.franciszkanie.net\/index.php\/author\/pakosc-kalwaria\/"}]}},"_links":{"self":[{"href":"https:\/\/pakosc-kalwaria.franciszkanie.net\/index.php\/wp-json\/wp\/v2\/posts\/18602"}],"collection":[{"href":"https:\/\/pakosc-kalwaria.franciszkanie.net\/index.php\/wp-json\/wp\/v2\/posts"}],"about":[{"href":"https:\/\/pakosc-kalwaria.franciszkanie.net\/index.php\/wp-json\/wp\/v2\/types\/post"}],"author":[{"embeddable":true,"href":"https:\/\/pakosc-kalwaria.franciszkanie.net\/index.php\/wp-json\/wp\/v2\/users\/2"}],"replies":[{"embeddable":true,"href":"https:\/\/pakosc-kalwaria.franciszkanie.net\/index.php\/wp-json\/wp\/v2\/comments?post=18602"}],"version-history":[{"count":2,"href":"https:\/\/pakosc-kalwaria.franciszkanie.net\/index.php\/wp-json\/wp\/v2\/posts\/18602\/revisions"}],"predecessor-version":[{"id":18605,"href":"https:\/\/pakosc-kalwaria.franciszkanie.net\/index.php\/wp-json\/wp\/v2\/posts\/18602\/revisions\/18605"}],"wp:featuredmedia":[{"embeddable":true,"href":"https:\/\/pakosc-kalwaria.franciszkanie.net\/index.php\/wp-json\/wp\/v2\/media\/18603"}],"wp:attachment":[{"href":"https:\/\/pakosc-kalwaria.franciszkanie.net\/index.php\/wp-json\/wp\/v2\/media?parent=18602"}],"wp:term":[{"taxonomy":"category","embeddable":true,"href":"https:\/\/pakosc-kalwaria.franciszkanie.net\/index.php\/wp-json\/wp\/v2\/categories?post=18602"},{"taxonomy":"post_tag","embeddable":true,"href":"https:\/\/pakosc-kalwaria.franciszkanie.net\/index.php\/wp-json\/wp\/v2\/tags?post=18602"}],"curies":[{"name":"wp","href":"https:\/\/api.w.org\/{rel}","templated":true}]}}