{"id":18637,"date":"2021-06-09T08:00:02","date_gmt":"2021-06-09T06:00:02","guid":{"rendered":"http:\/\/pakosc-kalwaria.franciszkanie.net\/?p=18637"},"modified":"2021-06-11T07:58:33","modified_gmt":"2021-06-11T05:58:33","slug":"uroczystosc-najswietszego-serca-pana-jezusa-piatek-11-czerwca","status":"publish","type":"post","link":"https:\/\/pakosc-kalwaria.franciszkanie.net\/index.php\/2021\/06\/09\/uroczystosc-najswietszego-serca-pana-jezusa-piatek-11-czerwca\/","title":{"rendered":"Uroczysto\u015b\u0107 Naj\u015bwi\u0119tszego Serca Pana Jezusa. Odnowienie Aktu Po\u015bwi\u0119cenia Narodu Polskiego NSPJ &#8211; 11 czerwca 2021r."},"content":{"rendered":"<div class=\"entry-content\">\n<p><strong><span style=\"color: #ff0000;\">W pi\u0105tek 11 czerwca<\/span> obchodzimy <span style=\"color: #ff0000;\">uroczysto\u015b\u0107 Naj\u015bwi\u0119tszego Serca Pana Jezusa.<\/span><br \/>\n<span style=\"color: #ff0000;\">Msze \u015awi\u0119te o 10.00 i 17.00<span style=\"color: #000000;\"> po\u0142\u0105czone<\/span> z Odnowieniem Aktu Po\u015bwi\u0119cenia Narodu Polskiego Naj\u015bwi\u0119tszemu Sercu Pana Jezusa.<\/span><br \/>\n<\/strong><strong>Serdecznie zapraszamy do wsp\u00f3lnej modlitwy na kalwaryjskim Wzg\u00f3rzu. <\/strong><\/p>\n<p><strong>Na Kalwarii Pakoskiej w pi\u0105tek przy pomniku Naj\u015bwi\u0119tszego Serca Pana Jezusa o 18.00 Msza \u015bw., a po niej Procesja Eucharystyczna do ko\u015bcio\u0142a \u015bw. Bonawentury.<\/strong><\/p>\n<p><strong>Uroczysto\u015b\u0107 Naj\u015bwi\u0119tszego Serca Pana Jezusa<\/strong>, w liturgii \u00a0przypada w pierwszy pi\u0105tek po oktawie Bo\u017cego Cia\u0142a, czyli w pi\u0105tek po drugiej niedzieli po Zes\u0142aniu Ducha \u015awi\u0119tego (Zielonych \u015awi\u0105tkach, Pi\u0119\u0107dziesi\u0105tnicy). Uroczysto\u015b\u0107 ta zosta\u0142a ustanowiona po objawieniu si\u0119 Chrystusa \u015bwi\u0119tej Ma\u0142gorzacie Marii Alacoque w latach 1673-1675. W objawieniach tych Chrystus poleci\u0142, by ustanowiono \u015bwi\u0119to ku czci Jego Serca w pierwszy pi\u0105tek po oktawie Bo\u017cego Cia\u0142a oraz by odprawiano specjalnego nabo\u017ce\u0144stwa. Wiernym, kt\u00f3rzy b\u0119d\u0105 oddawa\u0107 cze\u015b\u0107 Boskiemu Sercu, obieca\u0142 wiele \u0142ask (tzw. obietnice Serca Jezusowego). Formalnie \u015bwi\u0119to, jako uroczysto\u015b\u0107 liturgiczna, zosta\u0142o ustanowione przez papie\u017ca Klemensa XIII w dniu 6 lutego 1765, w\u00f3wczas tylko dla Kr\u00f3lestwa Polskiego. Uroczysto\u015b\u0107 t\u0119 rozszerzy\u0142 na ca\u0142y Ko\u015bci\u00f3\u0142 papie\u017c Pius IX w dniu 23 sierpnia 1856.<\/p>\n<p><span style=\"color: #ff0000;\"><strong>ODNOWIENIE AKTU PO\u015aWI\u0118CENIA NARODU POLSKIEGO\u00a0 NAJ\u015aWI\u0118TSZEMU SERCU PANA JEZUSA &#8211; 11 czerwca 2021r.<br \/>\n<\/strong><\/span><\/p>\n<p>Panie nasz Jezu Chryste,<\/p>\n<p>Dzi\u015b, tak jak przed stu laty, zbieramy si\u0119 w \u015bwi\u0105tyni po\u015bwi\u0119conej czci Naj\u015bwi\u0119tszego Serca Twego w Krakowie. W osobach swoich pasterzy, os\u00f3b \u017cycia konsekrowanego i wiernych \u2013 staje przed Tob\u0105 nar\u00f3d i Ko\u015bci\u00f3\u0142 w Polsce, aby uroczy\u015bcie ponowi\u0107 akt oddania si\u0119 Twojemu Naj\u015bwi\u0119tszemu Sercu.<\/p>\n<p>Podobnie jak nasi przodkowie u progu niepodleg\u0142o\u015bci, tak i my polecamy Ci dzisiaj Ko\u015bci\u00f3\u0142 i Ojczyzn\u0119, dzi\u0119kuj\u0105c za dar wolno\u015bci. Oddaj\u0105c si\u0119 Twojemu Naj\u015bwi\u0119tszemu Sercu, prosimy: Przyjd\u017a kr\u00f3lestwo Twoje! A w \u015blad za \u015bw. Janem Paw\u0142em II wo\u0142amy: \u201eNiech zst\u0105pi Duch Tw\u00f3j i odnowi oblicze ziemi. Tej ziemi!\u201d.<\/p>\n<p>W obliczu Twego mi\u0142osierdzia, wyznajemy ze skruch\u0105 nasze grzechy indywidualne i spo\u0142eczne. Przepraszamy za brak szacunku dla \u017cycia, tak\u017ce tego najs\u0142abszego, ukrytego pod sercem matki. Przepraszamy za grzechy wykorzystania seksualnego ma\u0142oletnich, pope\u0142nione zw\u0142aszcza przez niekt\u00f3rych duchownych i zwi\u0105zane z tym grzechy zaniedbania ich prze\u0142o\u017conych. Przepraszamy za na\u0142ogi i uzale\u017cnienia, za prywat\u0119, partyjnictwo, agresj\u0119 i niezdolno\u015b\u0107 do dialogu. Przepraszamy za brak czci dla tego co \u015bwi\u0119te, w tym pr\u00f3by instrumentalnego traktowania religii.<\/p>\n<p>\u015awiadomi naszych wad i s\u0142abo\u015bci &#8211; stoj\u0105c wobec nowych i trudnych wyzwa\u0144 dla Ko\u015bcio\u0142a i Ojczyzny &#8211; z ufno\u015bci\u0105 wo\u0142amy: Otw\u00f3rz nasze oczy, ulecz chore serca, obmyj to, co brudne, daj \u0142ask\u0119 nawr\u00f3cenia i pokuty! Uwolnij nas od wzajemnej nienawi\u015bci i pogardy, od ducha niezgody i rani\u0105cych podzia\u0142\u00f3w. Daj nam \u015bwiat\u0142e oczy serca, aby\u015bmy przestali dostrzega\u0107 w sobie wzajemnie przeciwnik\u00f3w a zobaczyli wsp\u00f3\u0142domownik\u00f3w \u2013 w Twoim Domu, a tak\u017ce w tym domu, kt\u00f3ry ma na imi\u0119 Polska. Daj nam \u0142ask\u0119 szczerej mi\u0142o\u015bci do Ciebie, do Ko\u015bcio\u0142a, Ojczyzny i do siebie nawzajem. Zaszczep w nas ducha powszechnego braterstwa.<\/p>\n<p>Jezu, uczy\u0144 nasze serca na wz\u00f3r Serca Twego, aby\u015bmy umieli traci\u0107 \u017cycie w s\u0142u\u017cbie najbardziej potrzebuj\u0105cym, najs\u0142abszym i bezbronnym. W trudnym czasie pandemii poprowad\u017a nas ku chorym i starszym oraz tym, kt\u00f3rzy op\u0142akuj\u0105 swoich zmar\u0142ych. Otw\u00f3rz nasze serca na tych, kt\u00f3rzy zostali bole\u015bnie zranieni we wsp\u00f3lnocie Ko\u015bcio\u0142a, aby dzi\u0119ki Twojej \u0142asce ich rany si\u0119 zagoi\u0142y i aby ponownie zaznali pokoju.<\/p>\n<p>Spraw, aby polskie rodziny w Twoim mi\u0142uj\u0105cym sercu znajdowa\u0142y \u017ar\u00f3d\u0142o jedno\u015bci i odnowy. Aby by\u0142y ogniskami mi\u0142o\u015bci i pokoju, wolnymi od zdrady, agresji i przemocy, otwartymi na przyj\u0119cie nowego \u017cycia oraz zdolnymi do przekazu wiary nowym pokoleniom. Otw\u00f3rz serca m\u0142odych, by ich entuzjazm, si\u0142a wiary i \u015bwiadectwo nadziei odnawia\u0142o wsp\u00f3lnot\u0119 Ko\u015bcio\u0142a.<\/p>\n<p>Naucz nas kontemplowa\u0107 to, co sam stworzy\u0142e\u015b. Naucz nas dba\u0107 o pi\u0119kn\u0105 i niezniszczon\u0105 ziemi\u0119, aby\u015bmy &#8211; w darze od Ciebie \u2013 mogli przekaza\u0107 j\u0105 tym, kt\u00f3rzy przyjd\u0105 po nas.<\/p>\n<p>Powierzamy Ci ca\u0142e nasze \u017cycie osobiste, rodzinne i spo\u0142eczne, kt\u00f3re pragniemy oprze\u0107 na trwa\u0142ych zasadach Ewangelii. Podobnie jak przed stu laty, w pokorze po\u015bwi\u0119camy si\u0119 Twojemu Naj\u015bwi\u0119tszemu Sercu, oddaj\u0105c nasz\u0105 Ojczyzn\u0119 w Twoje w\u0142adanie.<\/p>\n<p>Z ufno\u015bci\u0105 wo\u0142amy: Chwa\u0142a niech b\u0119dzie Naj\u015bwi\u0119tszemu Sercu Twemu, kt\u00f3rym tak bardzo nas umi\u0142owa\u0142e\u015b i przez kt\u00f3re prowadzi droga do naszego zbawienia. Amen.<\/p>\n<p>&nbsp;<\/p>\n<p><strong><span style=\"color: #ff0000;\"><u>Litania do Naj\u015bwi\u0119tszego Serca Pana Jezusa<\/u>\u00a0<\/span>\u00a0 <u><br \/>\n<\/u><\/strong>Kyrie, elejson. Chryste, elejson. Kyrie, elejson.<br \/>\nChryste, us\u0142ysz nas. Chryste, wys\u0142uchaj nas.<br \/>\nOjcze z nieba, Bo\u017ce, <strong>zmi\u0142uj si\u0119 nad nami.<\/strong><br \/>\nSynu, Odkupicielu \u015bwiata, Bo\u017ce,<br \/>\nDuchu \u015awi\u0119ty, Bo\u017ce,<br \/>\n\u015awi\u0119ta Tr\u00f3jco, Jedyny Bo\u017ce,<\/p>\n<p>Serce Jezusa, Syna Ojca Przedwiecznego<strong><em>, zmi\u0142uj si\u0119 nad nami<br \/>\n<\/em><\/strong>Serce Jezusa, w \u0142onie Matki Dziewicy przez Ducha \u015awi\u0119tego utworzone,<br \/>\nSerce Jezusa, ze S\u0142owem Bo\u017cym istotowo zjednoczone,<br \/>\nSerce Jezusa, niesko\u0144czonego majestatu,<br \/>\nSerce Jezusa, \u015bwi\u0105tynio Boga,<br \/>\nSerce Jezusa, przybytku Najwy\u017cszego,<br \/>\nSerce Jezusa, domie Bo\u017cy i bramo niebios,<br \/>\nSerce Jezusa, gorej\u0105ce ognisko mi\u0142o\u015bci,<br \/>\nSerce Jezusa, sprawiedliwo\u015bci i mi\u0142o\u015bci skarbnico,<br \/>\nSerce Jezusa, dobroci i mi\u0142o\u015bci pe\u0142ne,<br \/>\nSerce Jezusa, cn\u00f3t wszelkich bezdenna g\u0142\u0119bino,<br \/>\nSerce Jezusa, wszelkiej chwa\u0142y najgodniejsze,<br \/>\nSerce Jezusa, kr\u00f3lu i zjednoczenie serc wszystkich,<br \/>\nSerce Jezusa, w kt\u00f3rym s\u0105 wszystkie skarby m\u0105dro\u015bci i umiej\u0119tno\u015bci,<br \/>\nSerce Jezusa, w kt\u00f3rym mieszka ca\u0142a pe\u0142nia B\u00f3stwa,<br \/>\nSerce Jezusa, w kt\u00f3rym sobie Ojciec bardzo upodoba\u0142,<br \/>\nSerce Jezusa, z kt\u00f3rego pe\u0142ni wszyscy\u015bmy otrzymali,<br \/>\nSerce Jezusa, odwieczne upragnienie \u015bwiata,<br \/>\nSerce Jezusa, cierpliwe i wielkiego mi\u0142osierdzia,<br \/>\nSerce Jezusa, hojne dla wszystkich, kt\u00f3rzy Ci\u0119 wzywaj\u0105,<br \/>\nSerce Jezusa, \u017ar\u00f3d\u0142o \u017cycia i \u015bwi\u0119to\u015bci,<br \/>\nSerce Jezusa, przeb\u0142aganie za grzechy nasze,<br \/>\nSerce Jezusa, zel\u017cywo\u015bci\u0105 nape\u0142nione,<br \/>\nSerce Jezusa, dla nieprawo\u015bci naszych starte,<br \/>\nSerce Jezusa, a\u017c do \u015bmierci pos\u0142uszne,<br \/>\nSerce Jezusa, w\u0142\u00f3czni\u0105 przebite,<br \/>\nSerce Jezusa, \u017ar\u00f3d\u0142o wszelkiej pociechy,<br \/>\nSerce Jezusa, \u017cycie i zmartwychwstanie nasze,<br \/>\nSerce Jezusa, pokoju i pojednanie nasze,<br \/>\nSerce Jezusa, krwawa ofiaro grzesznik\u00f3w,<br \/>\nSerce Jezusa, zbawienie ufaj\u0105cych Tobie,<br \/>\nSerce Jezusa, nadziejo w Tobie umieraj\u0105cych,<br \/>\nSerce Jezusa, rozkoszy wszystkich \u015awi\u0119tych,<\/p>\n<p>Baranku Bo\u017cy, kt\u00f3ry g\u0142adzisz grzechy \u015bwiata,<br \/>\n<strong>przepu\u015b\u0107 nam, Panie.<\/strong><br \/>\nBaranku Bo\u017cy, kt\u00f3ry g\u0142adzisz grzechy \u015bwiata,<br \/>\n<strong>wys\u0142uchaj nas, Panie.<\/strong><br \/>\nBaranku Bo\u017cy, kt\u00f3ry g\u0142adzisz grzechy \u015bwiata,<br \/>\n<strong>zmi\u0142uj si\u0119 nad nami.<\/strong><\/p>\n<p><strong>K. Jezu cichy i pokornego serca.<br \/>\nW.<\/strong> Uczy\u0144 serca nasze wed\u0142ug Serca Twego.<br \/>\n<strong><br \/>\nM\u00f3dlmy si\u0119:<\/strong><br \/>\nWszechmog\u0105cy, wieczny Bo\u017ce, wejrzyj na Serce najmilszego Syna swego i na chwa\u0142\u0119 i zado\u015b\u0107uczynienie, jakie w imieniu grzesznik\u00f3w Ci sk\u0142ada; daj si\u0119 przeb\u0142aga\u0107 tym, kt\u00f3rzy \u017cebrz\u0105 Twego mi\u0142osierdzia i racz udzieli\u0107 przebaczenia w imi\u0119 tego\u017c Syna Swego, Jezusa Chrystusa, kt\u00f3ry z Tob\u0105 \u017cyje i kr\u00f3luje na wieki wiek\u00f3w. <strong>W. Amen.<\/strong><\/p>\n<p><strong><br \/>\n<span style=\"color: #ff0000;\">Akt po\u015bwi\u0119cenia rodzaju ludzkiego Naj\u015bwi\u0119tszemu Sercu Pana Jezusa.<\/span><br \/>\n<\/strong>O Jezu najs\u0142odszy, Odkupicielu rodzaju ludzkiego, wejrzyj na nas, korz\u0105cych si\u0119 u st\u00f3p Twego o\u0142tarza. Twoj\u0105 jeste\u015bmy w\u0142asno\u015bci\u0105 i do Ciebie nale\u017ce\u0107 chcemy. Oto dzisiaj ka\u017cdy z nas oddaje si\u0119 dobrowolnie Naj\u015bwi\u0119tszemu Sercu Twemu, aby jeszcze \u015bci\u015blej zjednoczy\u0107 si\u0119 z Tob\u0105. Wielu nie zna ci\u0119 wcale; wielu odwr\u00f3ci\u0142o si\u0119 od Ciebie, wzgardziwszy przykazaniami Twymi. Zlituj si\u0119 nad jednymi i drugimi, o Jezu Naj\u0142askawszy, i poci\u0105gnij wszystkich do \u015bwi\u0119tego Serca Swego. Kr\u00f3lem b\u0105d\u017a nam, o Panie, nie tylko wiernym, kt\u00f3rzy nigdy nie odst\u0105pili od Ciebie, ale i synom marnotrawnym, kt\u00f3rzy Ci\u0119 opu\u015bcili. Spraw, aby do domu rodzicielskiego wr\u00f3cili co pr\u0119dzej i nie zgin\u0119li z n\u0119dzy i g\u0142odu. Kr\u00f3luj tym, kt\u00f3rych albo b\u0142\u0119dne mniemania uwiod\u0142y, albo niezgoda rozdziela; przywied\u017a ich do przystani prawdy i jedno\u015bci wiary, aby rych\u0142o nasta\u0142a jedna owczarnia i jeden pasterz. U\u017cycz Ko\u015bcio\u0142owi Twemu bezpiecznej wolno\u015bci. Udziel wszystkim narodom spokoju i \u0142adu. Spraw, \u017ceby ze wszystkiej ziemi, od ko\u0144ca do ko\u0144ca, jeden brzmia\u0142 g\u0142os: Chwa\u0142a b\u0105d\u017a Bo\u017cemu Sercu, przez kt\u00f3re sta\u0142o si\u0119 nam zbawienie. Jemu cze\u015b\u0107 i chwa\u0142a na wieki. Amen.<\/p>\n<\/div>\n","protected":false},"excerpt":{"rendered":"<p>W pi\u0105tek 11 czerwca obchodzimy uroczysto\u015b\u0107 Naj\u015bwi\u0119tszego Serca Pana Jezusa. Msze \u015awi\u0119te o 10.00 i 17.00 po\u0142\u0105czone z Odnowieniem Aktu Po\u015bwi\u0119cenia Narodu Polskiego Naj\u015bwi\u0119tszemu Sercu Pana Jezusa. Serdecznie zapraszamy do wsp\u00f3lnej modlitwy na kalwaryjskim Wzg\u00f3rzu. Na Kalwarii Pakoskiej w pi\u0105tek przy pomniku Naj\u015bwi\u0119tszego Serca Pana Jezusa o 18.00 Msza \u015bw., a po niej Procesja Eucharystyczna &hellip;<\/p>\n","protected":false},"author":2,"featured_media":18638,"comment_status":"closed","ping_status":"closed","sticky":false,"template":"","format":"standard","meta":{"_mi_skip_tracking":false,"_exactmetrics_sitenote_active":false,"_exactmetrics_sitenote_note":"","_exactmetrics_sitenote_category":0},"categories":[13,14],"tags":[],"yoast_head":"<!-- This site is optimized with the Yoast SEO plugin v18.1 - https:\/\/yoast.com\/wordpress\/plugins\/seo\/ -->\n<title>Uroczysto\u015b\u0107 Naj\u015bwi\u0119tszego Serca Pana Jezusa. Odnowienie Aktu Po\u015bwi\u0119cenia Narodu Polskiego NSPJ - 11 czerwca 2021r. - Pako\u015b\u0107 \u2013 Kalwaria<\/title>\n<meta name=\"robots\" content=\"index, follow, max-snippet:-1, max-image-preview:large, max-video-preview:-1\" \/>\n<link rel=\"canonical\" href=\"https:\/\/pakosc-kalwaria.franciszkanie.net\/index.php\/2021\/06\/09\/uroczystosc-najswietszego-serca-pana-jezusa-piatek-11-czerwca\/\" \/>\n<meta property=\"og:locale\" content=\"pl_PL\" \/>\n<meta property=\"og:type\" content=\"article\" \/>\n<meta property=\"og:title\" content=\"Uroczysto\u015b\u0107 Naj\u015bwi\u0119tszego Serca Pana Jezusa. Odnowienie Aktu Po\u015bwi\u0119cenia Narodu Polskiego NSPJ - 11 czerwca 2021r. - Pako\u015b\u0107 \u2013 Kalwaria\" \/>\n<meta property=\"og:description\" content=\"W pi\u0105tek 11 czerwca obchodzimy uroczysto\u015b\u0107 Naj\u015bwi\u0119tszego Serca Pana Jezusa. Msze \u015awi\u0119te o 10.00 i 17.00 po\u0142\u0105czone z Odnowieniem Aktu Po\u015bwi\u0119cenia Narodu Polskiego Naj\u015bwi\u0119tszemu Sercu Pana Jezusa. Serdecznie zapraszamy do wsp\u00f3lnej modlitwy na kalwaryjskim Wzg\u00f3rzu. Na Kalwarii Pakoskiej w pi\u0105tek przy pomniku Naj\u015bwi\u0119tszego Serca Pana Jezusa o 18.00 Msza \u015bw., a po niej Procesja Eucharystyczna &hellip;\" \/>\n<meta property=\"og:url\" content=\"https:\/\/pakosc-kalwaria.franciszkanie.net\/index.php\/2021\/06\/09\/uroczystosc-najswietszego-serca-pana-jezusa-piatek-11-czerwca\/\" \/>\n<meta property=\"og:site_name\" content=\"Pako\u015b\u0107 \u2013 Kalwaria\" \/>\n<meta property=\"article:author\" content=\"https:\/\/www.facebook.com\/KalwariaPakosc\/\" \/>\n<meta property=\"article:published_time\" content=\"2021-06-09T06:00:02+00:00\" \/>\n<meta property=\"article:modified_time\" content=\"2021-06-11T05:58:33+00:00\" \/>\n<meta property=\"og:image\" content=\"https:\/\/pakosc-kalwaria.franciszkanie.net\/wp-content\/uploads\/2021\/06\/Serce-Jezusa.jpg\" \/>\n\t<meta property=\"og:image:width\" content=\"350\" \/>\n\t<meta property=\"og:image:height\" content=\"248\" \/>\n\t<meta property=\"og:image:type\" content=\"image\/jpeg\" \/>\n<meta name=\"twitter:card\" content=\"summary\" \/>\n<meta name=\"twitter:label1\" content=\"Napisane przez\" \/>\n\t<meta name=\"twitter:data1\" content=\"pakosc-kalwaria\" \/>\n\t<meta name=\"twitter:label2\" content=\"Szacowany czas czytania\" \/>\n\t<meta name=\"twitter:data2\" content=\"7 minut\" \/>\n<script type=\"application\/ld+json\" class=\"yoast-schema-graph\">{\"@context\":\"https:\/\/schema.org\",\"@graph\":[{\"@type\":\"WebSite\",\"@id\":\"https:\/\/pakosc-kalwaria.franciszkanie.net\/#website\",\"url\":\"https:\/\/pakosc-kalwaria.franciszkanie.net\/\",\"name\":\"Pako\u015b\u0107 \u2013 Kalwaria\",\"description\":\"Parafia Rzymsko \u2013 Katolicka p.w. Pana Jezusa Ukrzy\u017cowanego i  Matki Bo\u017cej Bolesnej ul. Barci\u0144ska 60, 88\u2013170 Pako\u015b\u0107 \u2013 Kalwaria\",\"potentialAction\":[{\"@type\":\"SearchAction\",\"target\":{\"@type\":\"EntryPoint\",\"urlTemplate\":\"https:\/\/pakosc-kalwaria.franciszkanie.net\/?s={search_term_string}\"},\"query-input\":\"required name=search_term_string\"}],\"inLanguage\":\"pl-PL\"},{\"@type\":\"ImageObject\",\"@id\":\"https:\/\/pakosc-kalwaria.franciszkanie.net\/index.php\/2021\/06\/09\/uroczystosc-najswietszego-serca-pana-jezusa-piatek-11-czerwca\/#primaryimage\",\"inLanguage\":\"pl-PL\",\"url\":\"https:\/\/pakosc-kalwaria.franciszkanie.net\/wp-content\/uploads\/2021\/06\/Serce-Jezusa.jpg\",\"contentUrl\":\"https:\/\/pakosc-kalwaria.franciszkanie.net\/wp-content\/uploads\/2021\/06\/Serce-Jezusa.jpg\",\"width\":350,\"height\":248},{\"@type\":\"WebPage\",\"@id\":\"https:\/\/pakosc-kalwaria.franciszkanie.net\/index.php\/2021\/06\/09\/uroczystosc-najswietszego-serca-pana-jezusa-piatek-11-czerwca\/#webpage\",\"url\":\"https:\/\/pakosc-kalwaria.franciszkanie.net\/index.php\/2021\/06\/09\/uroczystosc-najswietszego-serca-pana-jezusa-piatek-11-czerwca\/\",\"name\":\"Uroczysto\u015b\u0107 Naj\u015bwi\u0119tszego Serca Pana Jezusa. Odnowienie Aktu Po\u015bwi\u0119cenia Narodu Polskiego NSPJ - 11 czerwca 2021r. - Pako\u015b\u0107 \u2013 Kalwaria\",\"isPartOf\":{\"@id\":\"https:\/\/pakosc-kalwaria.franciszkanie.net\/#website\"},\"primaryImageOfPage\":{\"@id\":\"https:\/\/pakosc-kalwaria.franciszkanie.net\/index.php\/2021\/06\/09\/uroczystosc-najswietszego-serca-pana-jezusa-piatek-11-czerwca\/#primaryimage\"},\"datePublished\":\"2021-06-09T06:00:02+00:00\",\"dateModified\":\"2021-06-11T05:58:33+00:00\",\"author\":{\"@id\":\"https:\/\/pakosc-kalwaria.franciszkanie.net\/#\/schema\/person\/af10b943be0760709227d060eadcb2aa\"},\"breadcrumb\":{\"@id\":\"https:\/\/pakosc-kalwaria.franciszkanie.net\/index.php\/2021\/06\/09\/uroczystosc-najswietszego-serca-pana-jezusa-piatek-11-czerwca\/#breadcrumb\"},\"inLanguage\":\"pl-PL\",\"potentialAction\":[{\"@type\":\"ReadAction\",\"target\":[\"https:\/\/pakosc-kalwaria.franciszkanie.net\/index.php\/2021\/06\/09\/uroczystosc-najswietszego-serca-pana-jezusa-piatek-11-czerwca\/\"]}]},{\"@type\":\"BreadcrumbList\",\"@id\":\"https:\/\/pakosc-kalwaria.franciszkanie.net\/index.php\/2021\/06\/09\/uroczystosc-najswietszego-serca-pana-jezusa-piatek-11-czerwca\/#breadcrumb\",\"itemListElement\":[{\"@type\":\"ListItem\",\"position\":1,\"name\":\"Strona g\u0142\u00f3wna\",\"item\":\"https:\/\/pakosc-kalwaria.franciszkanie.net\/\"},{\"@type\":\"ListItem\",\"position\":2,\"name\":\"Uroczysto\u015b\u0107 Naj\u015bwi\u0119tszego Serca Pana Jezusa. Odnowienie Aktu Po\u015bwi\u0119cenia Narodu Polskiego NSPJ &#8211; 11 czerwca 2021r.\"}]},{\"@type\":\"Person\",\"@id\":\"https:\/\/pakosc-kalwaria.franciszkanie.net\/#\/schema\/person\/af10b943be0760709227d060eadcb2aa\",\"name\":\"pakosc-kalwaria\",\"image\":{\"@type\":\"ImageObject\",\"@id\":\"https:\/\/pakosc-kalwaria.franciszkanie.net\/#personlogo\",\"inLanguage\":\"pl-PL\",\"url\":\"https:\/\/secure.gravatar.com\/avatar\/e7049d338b55eac6a0027ff3218b8d02?s=96&d=mm&r=g\",\"contentUrl\":\"https:\/\/secure.gravatar.com\/avatar\/e7049d338b55eac6a0027ff3218b8d02?s=96&d=mm&r=g\",\"caption\":\"pakosc-kalwaria\"},\"sameAs\":[\"https:\/\/www.facebook.com\/KalwariaPakosc\/\"],\"url\":\"https:\/\/pakosc-kalwaria.franciszkanie.net\/index.php\/author\/pakosc-kalwaria\/\"}]}<\/script>\n<!-- \/ Yoast SEO plugin. -->","yoast_head_json":{"title":"Uroczysto\u015b\u0107 Naj\u015bwi\u0119tszego Serca Pana Jezusa. Odnowienie Aktu Po\u015bwi\u0119cenia Narodu Polskiego NSPJ - 11 czerwca 2021r. - Pako\u015b\u0107 \u2013 Kalwaria","robots":{"index":"index","follow":"follow","max-snippet":"max-snippet:-1","max-image-preview":"max-image-preview:large","max-video-preview":"max-video-preview:-1"},"canonical":"https:\/\/pakosc-kalwaria.franciszkanie.net\/index.php\/2021\/06\/09\/uroczystosc-najswietszego-serca-pana-jezusa-piatek-11-czerwca\/","og_locale":"pl_PL","og_type":"article","og_title":"Uroczysto\u015b\u0107 Naj\u015bwi\u0119tszego Serca Pana Jezusa. Odnowienie Aktu Po\u015bwi\u0119cenia Narodu Polskiego NSPJ - 11 czerwca 2021r. - Pako\u015b\u0107 \u2013 Kalwaria","og_description":"W pi\u0105tek 11 czerwca obchodzimy uroczysto\u015b\u0107 Naj\u015bwi\u0119tszego Serca Pana Jezusa. Msze \u015awi\u0119te o 10.00 i 17.00 po\u0142\u0105czone z Odnowieniem Aktu Po\u015bwi\u0119cenia Narodu Polskiego Naj\u015bwi\u0119tszemu Sercu Pana Jezusa. Serdecznie zapraszamy do wsp\u00f3lnej modlitwy na kalwaryjskim Wzg\u00f3rzu. Na Kalwarii Pakoskiej w pi\u0105tek przy pomniku Naj\u015bwi\u0119tszego Serca Pana Jezusa o 18.00 Msza \u015bw., a po niej Procesja Eucharystyczna &hellip;","og_url":"https:\/\/pakosc-kalwaria.franciszkanie.net\/index.php\/2021\/06\/09\/uroczystosc-najswietszego-serca-pana-jezusa-piatek-11-czerwca\/","og_site_name":"Pako\u015b\u0107 \u2013 Kalwaria","article_author":"https:\/\/www.facebook.com\/KalwariaPakosc\/","article_published_time":"2021-06-09T06:00:02+00:00","article_modified_time":"2021-06-11T05:58:33+00:00","og_image":[{"width":350,"height":248,"url":"https:\/\/pakosc-kalwaria.franciszkanie.net\/wp-content\/uploads\/2021\/06\/Serce-Jezusa.jpg","type":"image\/jpeg"}],"twitter_card":"summary","twitter_misc":{"Napisane przez":"pakosc-kalwaria","Szacowany czas czytania":"7 minut"},"schema":{"@context":"https:\/\/schema.org","@graph":[{"@type":"WebSite","@id":"https:\/\/pakosc-kalwaria.franciszkanie.net\/#website","url":"https:\/\/pakosc-kalwaria.franciszkanie.net\/","name":"Pako\u015b\u0107 \u2013 Kalwaria","description":"Parafia Rzymsko \u2013 Katolicka p.w. Pana Jezusa Ukrzy\u017cowanego i  Matki Bo\u017cej Bolesnej ul. Barci\u0144ska 60, 88\u2013170 Pako\u015b\u0107 \u2013 Kalwaria","potentialAction":[{"@type":"SearchAction","target":{"@type":"EntryPoint","urlTemplate":"https:\/\/pakosc-kalwaria.franciszkanie.net\/?s={search_term_string}"},"query-input":"required name=search_term_string"}],"inLanguage":"pl-PL"},{"@type":"ImageObject","@id":"https:\/\/pakosc-kalwaria.franciszkanie.net\/index.php\/2021\/06\/09\/uroczystosc-najswietszego-serca-pana-jezusa-piatek-11-czerwca\/#primaryimage","inLanguage":"pl-PL","url":"https:\/\/pakosc-kalwaria.franciszkanie.net\/wp-content\/uploads\/2021\/06\/Serce-Jezusa.jpg","contentUrl":"https:\/\/pakosc-kalwaria.franciszkanie.net\/wp-content\/uploads\/2021\/06\/Serce-Jezusa.jpg","width":350,"height":248},{"@type":"WebPage","@id":"https:\/\/pakosc-kalwaria.franciszkanie.net\/index.php\/2021\/06\/09\/uroczystosc-najswietszego-serca-pana-jezusa-piatek-11-czerwca\/#webpage","url":"https:\/\/pakosc-kalwaria.franciszkanie.net\/index.php\/2021\/06\/09\/uroczystosc-najswietszego-serca-pana-jezusa-piatek-11-czerwca\/","name":"Uroczysto\u015b\u0107 Naj\u015bwi\u0119tszego Serca Pana Jezusa. Odnowienie Aktu Po\u015bwi\u0119cenia Narodu Polskiego NSPJ - 11 czerwca 2021r. - Pako\u015b\u0107 \u2013 Kalwaria","isPartOf":{"@id":"https:\/\/pakosc-kalwaria.franciszkanie.net\/#website"},"primaryImageOfPage":{"@id":"https:\/\/pakosc-kalwaria.franciszkanie.net\/index.php\/2021\/06\/09\/uroczystosc-najswietszego-serca-pana-jezusa-piatek-11-czerwca\/#primaryimage"},"datePublished":"2021-06-09T06:00:02+00:00","dateModified":"2021-06-11T05:58:33+00:00","author":{"@id":"https:\/\/pakosc-kalwaria.franciszkanie.net\/#\/schema\/person\/af10b943be0760709227d060eadcb2aa"},"breadcrumb":{"@id":"https:\/\/pakosc-kalwaria.franciszkanie.net\/index.php\/2021\/06\/09\/uroczystosc-najswietszego-serca-pana-jezusa-piatek-11-czerwca\/#breadcrumb"},"inLanguage":"pl-PL","potentialAction":[{"@type":"ReadAction","target":["https:\/\/pakosc-kalwaria.franciszkanie.net\/index.php\/2021\/06\/09\/uroczystosc-najswietszego-serca-pana-jezusa-piatek-11-czerwca\/"]}]},{"@type":"BreadcrumbList","@id":"https:\/\/pakosc-kalwaria.franciszkanie.net\/index.php\/2021\/06\/09\/uroczystosc-najswietszego-serca-pana-jezusa-piatek-11-czerwca\/#breadcrumb","itemListElement":[{"@type":"ListItem","position":1,"name":"Strona g\u0142\u00f3wna","item":"https:\/\/pakosc-kalwaria.franciszkanie.net\/"},{"@type":"ListItem","position":2,"name":"Uroczysto\u015b\u0107 Naj\u015bwi\u0119tszego Serca Pana Jezusa. Odnowienie Aktu Po\u015bwi\u0119cenia Narodu Polskiego NSPJ &#8211; 11 czerwca 2021r."}]},{"@type":"Person","@id":"https:\/\/pakosc-kalwaria.franciszkanie.net\/#\/schema\/person\/af10b943be0760709227d060eadcb2aa","name":"pakosc-kalwaria","image":{"@type":"ImageObject","@id":"https:\/\/pakosc-kalwaria.franciszkanie.net\/#personlogo","inLanguage":"pl-PL","url":"https:\/\/secure.gravatar.com\/avatar\/e7049d338b55eac6a0027ff3218b8d02?s=96&d=mm&r=g","contentUrl":"https:\/\/secure.gravatar.com\/avatar\/e7049d338b55eac6a0027ff3218b8d02?s=96&d=mm&r=g","caption":"pakosc-kalwaria"},"sameAs":["https:\/\/www.facebook.com\/KalwariaPakosc\/"],"url":"https:\/\/pakosc-kalwaria.franciszkanie.net\/index.php\/author\/pakosc-kalwaria\/"}]}},"_links":{"self":[{"href":"https:\/\/pakosc-kalwaria.franciszkanie.net\/index.php\/wp-json\/wp\/v2\/posts\/18637"}],"collection":[{"href":"https:\/\/pakosc-kalwaria.franciszkanie.net\/index.php\/wp-json\/wp\/v2\/posts"}],"about":[{"href":"https:\/\/pakosc-kalwaria.franciszkanie.net\/index.php\/wp-json\/wp\/v2\/types\/post"}],"author":[{"embeddable":true,"href":"https:\/\/pakosc-kalwaria.franciszkanie.net\/index.php\/wp-json\/wp\/v2\/users\/2"}],"replies":[{"embeddable":true,"href":"https:\/\/pakosc-kalwaria.franciszkanie.net\/index.php\/wp-json\/wp\/v2\/comments?post=18637"}],"version-history":[{"count":5,"href":"https:\/\/pakosc-kalwaria.franciszkanie.net\/index.php\/wp-json\/wp\/v2\/posts\/18637\/revisions"}],"predecessor-version":[{"id":18648,"href":"https:\/\/pakosc-kalwaria.franciszkanie.net\/index.php\/wp-json\/wp\/v2\/posts\/18637\/revisions\/18648"}],"wp:featuredmedia":[{"embeddable":true,"href":"https:\/\/pakosc-kalwaria.franciszkanie.net\/index.php\/wp-json\/wp\/v2\/media\/18638"}],"wp:attachment":[{"href":"https:\/\/pakosc-kalwaria.franciszkanie.net\/index.php\/wp-json\/wp\/v2\/media?parent=18637"}],"wp:term":[{"taxonomy":"category","embeddable":true,"href":"https:\/\/pakosc-kalwaria.franciszkanie.net\/index.php\/wp-json\/wp\/v2\/categories?post=18637"},{"taxonomy":"post_tag","embeddable":true,"href":"https:\/\/pakosc-kalwaria.franciszkanie.net\/index.php\/wp-json\/wp\/v2\/tags?post=18637"}],"curies":[{"name":"wp","href":"https:\/\/api.w.org\/{rel}","templated":true}]}}