{"id":18642,"date":"2021-06-12T07:01:53","date_gmt":"2021-06-12T05:01:53","guid":{"rendered":"http:\/\/pakosc-kalwaria.franciszkanie.net\/?p=18642"},"modified":"2021-06-12T07:09:22","modified_gmt":"2021-06-12T05:09:22","slug":"spotkanie-zywego-rozanca-poswiecenie-choragwi-12-06-2021","status":"publish","type":"post","link":"https:\/\/pakosc-kalwaria.franciszkanie.net\/index.php\/2021\/06\/12\/spotkanie-zywego-rozanca-poswiecenie-choragwi-12-06-2021\/","title":{"rendered":"Spotkanie \u017bywego R\u00f3\u017ca\u0144ca. Po\u015bwi\u0119cenie chor\u0105gwi &#8211; sobota 12.06.2021r."},"content":{"rendered":"<p><strong><span style=\"color: #ff0000;\">W sobot\u0119 12 czerwca<\/span> we wspomnienie Niepokalanego Serca NMP:<br \/>\n<span style=\"color: #ff0000;\">o <\/span><\/strong><span style=\"color: #ff0000;\"><strong>16.30<\/strong><\/span><strong> w ko\u015bciele spotkanie dla \u017bywego R\u00f3\u017ca\u0144ca<br \/>\n<span style=\"color: #ff0000;\">o 17.00 <span style=\"color: #000000;\">Msza \u015awi\u0119ta<\/span><\/span> i po\u015bwi\u0119cenie chor\u0105gwi \u017bywego R\u00f3\u017ca\u0144ca w naszej kalwaryjskiej Parafii<br \/>\nW czasie Mszy \u015awi\u0119tej og\u0142oszenie nowej Parafialnej Rady Duszpasterskiej w naszej kalwaryjskiej Parafii.<br \/>\nSerdecznie zapraszamy i zach\u0119camy do w\u0142\u0105czenia si\u0119 w \u017bywy R\u00f3\u017caniec w naszej Parafii.<br \/>\n<\/strong><\/p>\n","protected":false},"excerpt":{"rendered":"<p>W sobot\u0119 12 czerwca we wspomnienie Niepokalanego Serca NMP: o 16.30 w ko\u015bciele spotkanie dla \u017bywego R\u00f3\u017ca\u0144ca o 17.00 Msza \u015awi\u0119ta i po\u015bwi\u0119cenie chor\u0105gwi \u017bywego R\u00f3\u017ca\u0144ca w naszej kalwaryjskiej Parafii W czasie Mszy \u015awi\u0119tej og\u0142oszenie nowej Parafialnej Rady Duszpasterskiej w naszej kalwaryjskiej Parafii. Serdecznie zapraszamy i zach\u0119camy do w\u0142\u0105czenia si\u0119 w \u017bywy R\u00f3\u017caniec w naszej &hellip;<\/p>\n","protected":false},"author":2,"featured_media":18643,"comment_status":"closed","ping_status":"closed","sticky":false,"template":"","format":"standard","meta":{"_mi_skip_tracking":false,"_exactmetrics_sitenote_active":false,"_exactmetrics_sitenote_note":"","_exactmetrics_sitenote_category":0},"categories":[13],"tags":[],"yoast_head":"<!-- This site is optimized with the Yoast SEO plugin v18.1 - https:\/\/yoast.com\/wordpress\/plugins\/seo\/ -->\n<title>Spotkanie \u017bywego R\u00f3\u017ca\u0144ca. Po\u015bwi\u0119cenie chor\u0105gwi - sobota 12.06.2021r. - Pako\u015b\u0107 \u2013 Kalwaria<\/title>\n<meta name=\"robots\" content=\"index, follow, max-snippet:-1, max-image-preview:large, max-video-preview:-1\" \/>\n<link rel=\"canonical\" href=\"https:\/\/pakosc-kalwaria.franciszkanie.net\/index.php\/2021\/06\/12\/spotkanie-zywego-rozanca-poswiecenie-choragwi-12-06-2021\/\" \/>\n<meta property=\"og:locale\" content=\"pl_PL\" \/>\n<meta property=\"og:type\" content=\"article\" \/>\n<meta property=\"og:title\" content=\"Spotkanie \u017bywego R\u00f3\u017ca\u0144ca. Po\u015bwi\u0119cenie chor\u0105gwi - sobota 12.06.2021r. - Pako\u015b\u0107 \u2013 Kalwaria\" \/>\n<meta property=\"og:description\" content=\"W sobot\u0119 12 czerwca we wspomnienie Niepokalanego Serca NMP: o 16.30 w ko\u015bciele spotkanie dla \u017bywego R\u00f3\u017ca\u0144ca o 17.00 Msza \u015awi\u0119ta i po\u015bwi\u0119cenie chor\u0105gwi \u017bywego R\u00f3\u017ca\u0144ca w naszej kalwaryjskiej Parafii W czasie Mszy \u015awi\u0119tej og\u0142oszenie nowej Parafialnej Rady Duszpasterskiej w naszej kalwaryjskiej Parafii. Serdecznie zapraszamy i zach\u0119camy do w\u0142\u0105czenia si\u0119 w \u017bywy R\u00f3\u017caniec w naszej &hellip;\" \/>\n<meta property=\"og:url\" content=\"https:\/\/pakosc-kalwaria.franciszkanie.net\/index.php\/2021\/06\/12\/spotkanie-zywego-rozanca-poswiecenie-choragwi-12-06-2021\/\" \/>\n<meta property=\"og:site_name\" content=\"Pako\u015b\u0107 \u2013 Kalwaria\" \/>\n<meta property=\"article:author\" content=\"https:\/\/www.facebook.com\/KalwariaPakosc\/\" \/>\n<meta property=\"article:published_time\" content=\"2021-06-12T05:01:53+00:00\" \/>\n<meta property=\"article:modified_time\" content=\"2021-06-12T05:09:22+00:00\" \/>\n<meta property=\"og:image\" content=\"https:\/\/pakosc-kalwaria.franciszkanie.net\/wp-content\/uploads\/2021\/06\/logo-Zywego-Rozanca.jpg\" \/>\n\t<meta property=\"og:image:width\" content=\"221\" \/>\n\t<meta property=\"og:image:height\" content=\"228\" \/>\n\t<meta property=\"og:image:type\" content=\"image\/jpeg\" \/>\n<meta name=\"twitter:card\" content=\"summary\" \/>\n<meta name=\"twitter:label1\" content=\"Napisane przez\" \/>\n\t<meta name=\"twitter:data1\" content=\"pakosc-kalwaria\" \/>\n<script type=\"application\/ld+json\" class=\"yoast-schema-graph\">{\"@context\":\"https:\/\/schema.org\",\"@graph\":[{\"@type\":\"WebSite\",\"@id\":\"https:\/\/pakosc-kalwaria.franciszkanie.net\/#website\",\"url\":\"https:\/\/pakosc-kalwaria.franciszkanie.net\/\",\"name\":\"Pako\u015b\u0107 \u2013 Kalwaria\",\"description\":\"Parafia Rzymsko \u2013 Katolicka p.w. Pana Jezusa Ukrzy\u017cowanego i  Matki Bo\u017cej Bolesnej ul. Barci\u0144ska 60, 88\u2013170 Pako\u015b\u0107 \u2013 Kalwaria\",\"potentialAction\":[{\"@type\":\"SearchAction\",\"target\":{\"@type\":\"EntryPoint\",\"urlTemplate\":\"https:\/\/pakosc-kalwaria.franciszkanie.net\/?s={search_term_string}\"},\"query-input\":\"required name=search_term_string\"}],\"inLanguage\":\"pl-PL\"},{\"@type\":\"ImageObject\",\"@id\":\"https:\/\/pakosc-kalwaria.franciszkanie.net\/index.php\/2021\/06\/12\/spotkanie-zywego-rozanca-poswiecenie-choragwi-12-06-2021\/#primaryimage\",\"inLanguage\":\"pl-PL\",\"url\":\"https:\/\/pakosc-kalwaria.franciszkanie.net\/wp-content\/uploads\/2021\/06\/logo-Zywego-Rozanca.jpg\",\"contentUrl\":\"https:\/\/pakosc-kalwaria.franciszkanie.net\/wp-content\/uploads\/2021\/06\/logo-Zywego-Rozanca.jpg\",\"width\":221,\"height\":228},{\"@type\":\"WebPage\",\"@id\":\"https:\/\/pakosc-kalwaria.franciszkanie.net\/index.php\/2021\/06\/12\/spotkanie-zywego-rozanca-poswiecenie-choragwi-12-06-2021\/#webpage\",\"url\":\"https:\/\/pakosc-kalwaria.franciszkanie.net\/index.php\/2021\/06\/12\/spotkanie-zywego-rozanca-poswiecenie-choragwi-12-06-2021\/\",\"name\":\"Spotkanie \u017bywego R\u00f3\u017ca\u0144ca. Po\u015bwi\u0119cenie chor\u0105gwi - sobota 12.06.2021r. - Pako\u015b\u0107 \u2013 Kalwaria\",\"isPartOf\":{\"@id\":\"https:\/\/pakosc-kalwaria.franciszkanie.net\/#website\"},\"primaryImageOfPage\":{\"@id\":\"https:\/\/pakosc-kalwaria.franciszkanie.net\/index.php\/2021\/06\/12\/spotkanie-zywego-rozanca-poswiecenie-choragwi-12-06-2021\/#primaryimage\"},\"datePublished\":\"2021-06-12T05:01:53+00:00\",\"dateModified\":\"2021-06-12T05:09:22+00:00\",\"author\":{\"@id\":\"https:\/\/pakosc-kalwaria.franciszkanie.net\/#\/schema\/person\/af10b943be0760709227d060eadcb2aa\"},\"breadcrumb\":{\"@id\":\"https:\/\/pakosc-kalwaria.franciszkanie.net\/index.php\/2021\/06\/12\/spotkanie-zywego-rozanca-poswiecenie-choragwi-12-06-2021\/#breadcrumb\"},\"inLanguage\":\"pl-PL\",\"potentialAction\":[{\"@type\":\"ReadAction\",\"target\":[\"https:\/\/pakosc-kalwaria.franciszkanie.net\/index.php\/2021\/06\/12\/spotkanie-zywego-rozanca-poswiecenie-choragwi-12-06-2021\/\"]}]},{\"@type\":\"BreadcrumbList\",\"@id\":\"https:\/\/pakosc-kalwaria.franciszkanie.net\/index.php\/2021\/06\/12\/spotkanie-zywego-rozanca-poswiecenie-choragwi-12-06-2021\/#breadcrumb\",\"itemListElement\":[{\"@type\":\"ListItem\",\"position\":1,\"name\":\"Strona g\u0142\u00f3wna\",\"item\":\"https:\/\/pakosc-kalwaria.franciszkanie.net\/\"},{\"@type\":\"ListItem\",\"position\":2,\"name\":\"Spotkanie \u017bywego R\u00f3\u017ca\u0144ca. Po\u015bwi\u0119cenie chor\u0105gwi &#8211; sobota 12.06.2021r.\"}]},{\"@type\":\"Person\",\"@id\":\"https:\/\/pakosc-kalwaria.franciszkanie.net\/#\/schema\/person\/af10b943be0760709227d060eadcb2aa\",\"name\":\"pakosc-kalwaria\",\"image\":{\"@type\":\"ImageObject\",\"@id\":\"https:\/\/pakosc-kalwaria.franciszkanie.net\/#personlogo\",\"inLanguage\":\"pl-PL\",\"url\":\"https:\/\/secure.gravatar.com\/avatar\/e7049d338b55eac6a0027ff3218b8d02?s=96&d=mm&r=g\",\"contentUrl\":\"https:\/\/secure.gravatar.com\/avatar\/e7049d338b55eac6a0027ff3218b8d02?s=96&d=mm&r=g\",\"caption\":\"pakosc-kalwaria\"},\"sameAs\":[\"https:\/\/www.facebook.com\/KalwariaPakosc\/\"],\"url\":\"https:\/\/pakosc-kalwaria.franciszkanie.net\/index.php\/author\/pakosc-kalwaria\/\"}]}<\/script>\n<!-- \/ Yoast SEO plugin. -->","yoast_head_json":{"title":"Spotkanie \u017bywego R\u00f3\u017ca\u0144ca. Po\u015bwi\u0119cenie chor\u0105gwi - sobota 12.06.2021r. - Pako\u015b\u0107 \u2013 Kalwaria","robots":{"index":"index","follow":"follow","max-snippet":"max-snippet:-1","max-image-preview":"max-image-preview:large","max-video-preview":"max-video-preview:-1"},"canonical":"https:\/\/pakosc-kalwaria.franciszkanie.net\/index.php\/2021\/06\/12\/spotkanie-zywego-rozanca-poswiecenie-choragwi-12-06-2021\/","og_locale":"pl_PL","og_type":"article","og_title":"Spotkanie \u017bywego R\u00f3\u017ca\u0144ca. Po\u015bwi\u0119cenie chor\u0105gwi - sobota 12.06.2021r. - Pako\u015b\u0107 \u2013 Kalwaria","og_description":"W sobot\u0119 12 czerwca we wspomnienie Niepokalanego Serca NMP: o 16.30 w ko\u015bciele spotkanie dla \u017bywego R\u00f3\u017ca\u0144ca o 17.00 Msza \u015awi\u0119ta i po\u015bwi\u0119cenie chor\u0105gwi \u017bywego R\u00f3\u017ca\u0144ca w naszej kalwaryjskiej Parafii W czasie Mszy \u015awi\u0119tej og\u0142oszenie nowej Parafialnej Rady Duszpasterskiej w naszej kalwaryjskiej Parafii. Serdecznie zapraszamy i zach\u0119camy do w\u0142\u0105czenia si\u0119 w \u017bywy R\u00f3\u017caniec w naszej &hellip;","og_url":"https:\/\/pakosc-kalwaria.franciszkanie.net\/index.php\/2021\/06\/12\/spotkanie-zywego-rozanca-poswiecenie-choragwi-12-06-2021\/","og_site_name":"Pako\u015b\u0107 \u2013 Kalwaria","article_author":"https:\/\/www.facebook.com\/KalwariaPakosc\/","article_published_time":"2021-06-12T05:01:53+00:00","article_modified_time":"2021-06-12T05:09:22+00:00","og_image":[{"width":221,"height":228,"url":"https:\/\/pakosc-kalwaria.franciszkanie.net\/wp-content\/uploads\/2021\/06\/logo-Zywego-Rozanca.jpg","type":"image\/jpeg"}],"twitter_card":"summary","twitter_misc":{"Napisane przez":"pakosc-kalwaria"},"schema":{"@context":"https:\/\/schema.org","@graph":[{"@type":"WebSite","@id":"https:\/\/pakosc-kalwaria.franciszkanie.net\/#website","url":"https:\/\/pakosc-kalwaria.franciszkanie.net\/","name":"Pako\u015b\u0107 \u2013 Kalwaria","description":"Parafia Rzymsko \u2013 Katolicka p.w. Pana Jezusa Ukrzy\u017cowanego i  Matki Bo\u017cej Bolesnej ul. Barci\u0144ska 60, 88\u2013170 Pako\u015b\u0107 \u2013 Kalwaria","potentialAction":[{"@type":"SearchAction","target":{"@type":"EntryPoint","urlTemplate":"https:\/\/pakosc-kalwaria.franciszkanie.net\/?s={search_term_string}"},"query-input":"required name=search_term_string"}],"inLanguage":"pl-PL"},{"@type":"ImageObject","@id":"https:\/\/pakosc-kalwaria.franciszkanie.net\/index.php\/2021\/06\/12\/spotkanie-zywego-rozanca-poswiecenie-choragwi-12-06-2021\/#primaryimage","inLanguage":"pl-PL","url":"https:\/\/pakosc-kalwaria.franciszkanie.net\/wp-content\/uploads\/2021\/06\/logo-Zywego-Rozanca.jpg","contentUrl":"https:\/\/pakosc-kalwaria.franciszkanie.net\/wp-content\/uploads\/2021\/06\/logo-Zywego-Rozanca.jpg","width":221,"height":228},{"@type":"WebPage","@id":"https:\/\/pakosc-kalwaria.franciszkanie.net\/index.php\/2021\/06\/12\/spotkanie-zywego-rozanca-poswiecenie-choragwi-12-06-2021\/#webpage","url":"https:\/\/pakosc-kalwaria.franciszkanie.net\/index.php\/2021\/06\/12\/spotkanie-zywego-rozanca-poswiecenie-choragwi-12-06-2021\/","name":"Spotkanie \u017bywego R\u00f3\u017ca\u0144ca. Po\u015bwi\u0119cenie chor\u0105gwi - sobota 12.06.2021r. - Pako\u015b\u0107 \u2013 Kalwaria","isPartOf":{"@id":"https:\/\/pakosc-kalwaria.franciszkanie.net\/#website"},"primaryImageOfPage":{"@id":"https:\/\/pakosc-kalwaria.franciszkanie.net\/index.php\/2021\/06\/12\/spotkanie-zywego-rozanca-poswiecenie-choragwi-12-06-2021\/#primaryimage"},"datePublished":"2021-06-12T05:01:53+00:00","dateModified":"2021-06-12T05:09:22+00:00","author":{"@id":"https:\/\/pakosc-kalwaria.franciszkanie.net\/#\/schema\/person\/af10b943be0760709227d060eadcb2aa"},"breadcrumb":{"@id":"https:\/\/pakosc-kalwaria.franciszkanie.net\/index.php\/2021\/06\/12\/spotkanie-zywego-rozanca-poswiecenie-choragwi-12-06-2021\/#breadcrumb"},"inLanguage":"pl-PL","potentialAction":[{"@type":"ReadAction","target":["https:\/\/pakosc-kalwaria.franciszkanie.net\/index.php\/2021\/06\/12\/spotkanie-zywego-rozanca-poswiecenie-choragwi-12-06-2021\/"]}]},{"@type":"BreadcrumbList","@id":"https:\/\/pakosc-kalwaria.franciszkanie.net\/index.php\/2021\/06\/12\/spotkanie-zywego-rozanca-poswiecenie-choragwi-12-06-2021\/#breadcrumb","itemListElement":[{"@type":"ListItem","position":1,"name":"Strona g\u0142\u00f3wna","item":"https:\/\/pakosc-kalwaria.franciszkanie.net\/"},{"@type":"ListItem","position":2,"name":"Spotkanie \u017bywego R\u00f3\u017ca\u0144ca. Po\u015bwi\u0119cenie chor\u0105gwi &#8211; sobota 12.06.2021r."}]},{"@type":"Person","@id":"https:\/\/pakosc-kalwaria.franciszkanie.net\/#\/schema\/person\/af10b943be0760709227d060eadcb2aa","name":"pakosc-kalwaria","image":{"@type":"ImageObject","@id":"https:\/\/pakosc-kalwaria.franciszkanie.net\/#personlogo","inLanguage":"pl-PL","url":"https:\/\/secure.gravatar.com\/avatar\/e7049d338b55eac6a0027ff3218b8d02?s=96&d=mm&r=g","contentUrl":"https:\/\/secure.gravatar.com\/avatar\/e7049d338b55eac6a0027ff3218b8d02?s=96&d=mm&r=g","caption":"pakosc-kalwaria"},"sameAs":["https:\/\/www.facebook.com\/KalwariaPakosc\/"],"url":"https:\/\/pakosc-kalwaria.franciszkanie.net\/index.php\/author\/pakosc-kalwaria\/"}]}},"_links":{"self":[{"href":"https:\/\/pakosc-kalwaria.franciszkanie.net\/index.php\/wp-json\/wp\/v2\/posts\/18642"}],"collection":[{"href":"https:\/\/pakosc-kalwaria.franciszkanie.net\/index.php\/wp-json\/wp\/v2\/posts"}],"about":[{"href":"https:\/\/pakosc-kalwaria.franciszkanie.net\/index.php\/wp-json\/wp\/v2\/types\/post"}],"author":[{"embeddable":true,"href":"https:\/\/pakosc-kalwaria.franciszkanie.net\/index.php\/wp-json\/wp\/v2\/users\/2"}],"replies":[{"embeddable":true,"href":"https:\/\/pakosc-kalwaria.franciszkanie.net\/index.php\/wp-json\/wp\/v2\/comments?post=18642"}],"version-history":[{"count":3,"href":"https:\/\/pakosc-kalwaria.franciszkanie.net\/index.php\/wp-json\/wp\/v2\/posts\/18642\/revisions"}],"predecessor-version":[{"id":18654,"href":"https:\/\/pakosc-kalwaria.franciszkanie.net\/index.php\/wp-json\/wp\/v2\/posts\/18642\/revisions\/18654"}],"wp:featuredmedia":[{"embeddable":true,"href":"https:\/\/pakosc-kalwaria.franciszkanie.net\/index.php\/wp-json\/wp\/v2\/media\/18643"}],"wp:attachment":[{"href":"https:\/\/pakosc-kalwaria.franciszkanie.net\/index.php\/wp-json\/wp\/v2\/media?parent=18642"}],"wp:term":[{"taxonomy":"category","embeddable":true,"href":"https:\/\/pakosc-kalwaria.franciszkanie.net\/index.php\/wp-json\/wp\/v2\/categories?post=18642"},{"taxonomy":"post_tag","embeddable":true,"href":"https:\/\/pakosc-kalwaria.franciszkanie.net\/index.php\/wp-json\/wp\/v2\/tags?post=18642"}],"curies":[{"name":"wp","href":"https:\/\/api.w.org\/{rel}","templated":true}]}}