{"id":18666,"date":"2021-06-13T11:00:51","date_gmt":"2021-06-13T09:00:51","guid":{"rendered":"http:\/\/pakosc-kalwaria.franciszkanie.net\/?p=18666"},"modified":"2021-06-14T08:08:35","modified_gmt":"2021-06-14T06:08:35","slug":"nowa-parafialna-rada-duszpasterska","status":"publish","type":"post","link":"https:\/\/pakosc-kalwaria.franciszkanie.net\/index.php\/2021\/06\/13\/nowa-parafialna-rada-duszpasterska\/","title":{"rendered":"Parafialna Rada Duszpasterska w kalwaryjskiej Parafii"},"content":{"rendered":"<p><strong>Dekretem z dnia 13 maja 2021r. Ks. Arcybiskup Wojciech Polak, Metropolita Gnie\u017anie\u0144ski, Prymas Polski zatwierdzi\u0142 <span style=\"color: #ff0000;\">na okres trzech lat Parafialn\u0105 Rad\u0119 Duszpastersk\u0105<\/span> w naszej kalwaryjskiej Parafii p.w. Pana Jezusa Ukrzy\u017cowanego i Matki Bo\u017cej Bolesnej w Pako\u015bci, <span style=\"color: #ff0000;\">w nast\u0119puj\u0105cym sk\u0142adzie:<\/span><br \/>\n<\/strong><br \/>\n<strong>1. Andrzej Podlaszewski \u2013 Towarzystwo \u015awi\u0119tego Wojciecha, \u017bywy R\u00f3\u017caniec<\/strong><br \/>\n<strong>2. Maria R\u00f3\u017cycka \u2013 \u017bywy R\u00f3\u017caniec<\/strong><br \/>\n<strong>3. Danuta Grzechowiak \u2013 \u017bywy R\u00f3\u017caniec<\/strong><br \/>\n<strong>4. Dorota Kulpa \u2013 \u017bywy R\u00f3\u017caniec<\/strong><br \/>\n<strong>5. Miros\u0142awa Nowak \u2013 \u017bywy R\u00f3\u017caniec<\/strong><br \/>\n<strong>6. Ewa Dolaci\u0144ska \u2013 Caritas, \u017bywy R\u00f3\u017caniec<\/strong><br \/>\n<strong>7. Oskar Ratka \u2013 Liturgiczna S\u0142u\u017cba O\u0142tarza<\/strong><\/p>\n<p><strong><br \/>\n<span style=\"color: #ff0000;\">W dniu 10.06.2021r.<\/span>, po zako\u0144czeniu Oktawy Bo\u017cego Cia\u0142a, odby\u0142o si\u0119 pierwsze posiedzenie nowej Parafialnej Rady Duszpasterskiej pod przewodnictwem Proboszcza o. Roberta.<br \/>\n<span style=\"color: #ff0000;\">W dniu 12.06.2021r.<\/span> nowa PRD zosta\u0142a w spos\u00f3b uroczysty og\u0142oszona w ko\u015bciele parafialnym w czasie Mszy \u015awi\u0119tej, we wspomnienie Niepokalanego Serca Maryi. <\/strong><\/p>\n<p><strong><br \/>\nCzym jest Parafialna Rada Duszpasterska?<\/strong><br \/>\nZgodnie z prawem kanonicznym i zaleceniem adhoratacji \u201cChristifideles laici\u201d \u015bw. Jana Paw\u0142a II katolicy \u015bwieccy Parafii s\u0142u\u017c\u0105 swoim do\u015bwiadczeniem i fachow\u0105 wiedz\u0105 dla usprawnienia pracy duszpasterskiej. W tym celu powo\u0142ywana Rada Parafialna Duszpasterska. To wsp\u00f3lnota os\u00f3b s\u0142u\u017c\u0105cych proboszczowi rad\u0105 w sprawach duszpasterskich i jest miejscem aktywnego, wsp\u00f3\u0142odpowiedzialnego zaanga\u017cowania \u015bwieckich w pos\u0142annictwo zbawcze Ko\u015bcio\u0142a, zgodnie z kan. 536 Kodeksu Prawa Kanonicznego i Statutu Parafialnej Rady Duszpasterskiej III Powojennego Synodu Archidiecezji Gnie\u017anie\u0144skiej. Zebrania zwo\u0142uje proboszcz i przewodniczy obradom. Rada ma g\u0142os doradczy dla decyzji proboszcza i wsp\u00f3lnoty braci.<\/p>\n<p><strong>Statut Parafialnej Rady Duszpasterskiej (PRD) w Archidiecezji Gnie\u017anie\u0144skiej<br \/>\nI. Istota Rady<br \/>\n<\/strong>Zgodnie ze wskazaniami Ko\u015bcio\u0142a (por. kan.536 KPK, KK 31, KK 37, DK 9, DA 26, ChL 27) w ka\u017cdej parafii nale\u017cy powo\u0142a\u0107 Parafialn\u0105 Rad\u0119 Duszpastersk\u0105 (PRD), kt\u00f3ra stanowi organ doradczy proboszcza i jest miejscem aktywnego, wsp\u00f3\u0142odpowiedzialnego zaanga\u017cowania \u015bwieckich w pos\u0142annictwo zbawcze Ko\u015bcio\u0142a.<\/p>\n<p><strong>II. Sk\u0142ad Rady i spos\u00f3b powo\u0142ywania<br \/>\n<\/strong>1. W sk\u0142ad PRD wchodz\u0105: proboszcz (z urz\u0119du jest przewodnicz\u0105cym), wikariusze, rektorzy ko\u015bcio\u0142\u00f3w nieparafialnych, przedstawiciele zgromadze\u0144 zakonnych dzia\u0142aj\u0105cych na terenie parafii, przedstawiciele katechet\u00f3w, animatorzy grup apostolskich z parafii oraz katolicy \u015bwieccy odznaczaj\u0105cy si\u0119 cechami moralnymi i umys\u0142owymi czy charyzmatami przydatnymi w \u017cyciu wsp\u00f3lnoty parafialnej.<br \/>\n2. Sk\u0142ad Rady powinien odzwierciedla\u0107 \u2013 w miar\u0119 mo\u017cliwo\u015bci \u2013 przekr\u00f3j spo\u0142eczny parafii, a ilo\u015b\u0107 cz\u0142onk\u00f3w powinna by\u0107 taka, by by\u0142a zachowana reprezentatywno\u015b\u0107 i jednocze\u015bnie operatywno\u015b\u0107 i czynny udzia\u0142 wszystkich w pracach PRD. Optymalna liczba oscyluje pomi\u0119dzy 10-30 osobami.<br \/>\n3. Cz\u0142onk\u00f3w PRD powo\u0142uje proboszcz na podstawie w\u0142asnego rozeznania i zaci\u0105gni\u0119tej opinii.<br \/>\n4. Nie mog\u0105 w sk\u0142ad Rady wchodzi\u0107 osoby ob\u0142o\u017cone karami ko\u015bcielnymi, wzgl\u0119dnie niegodne w powszechnym odczuciu parafian.<br \/>\n5. Sk\u0142ad PRD oraz jego zmiany podlegaj\u0105 zatwierdzeniu przez Ordynariusza.<\/p>\n<p><strong>III. Zadania PRD i jej kompetencje<br \/>\n<\/strong>1. Do zada\u0144 Rady nale\u017cy mi\u0119dzy innymi pobudzanie i rozw\u00f3j inicjatywy apostolskiej w\u015br\u00f3d parafian, wspomaganie duchowie\u0144stwa w pracy duszpasterskiej, wyra\u017canie opinii w sprawach parafii, wysuwanie propozycji i wniosk\u00f3w dotycz\u0105cych udoskonalenia pracy parafialnej, uzyskanie mo\u017cliwej i pe\u0142nej diagnozy stanu religijno \u2013 moralnego parafii i pomoc w zaspokojeniu jej potrzeb.<br \/>\n2. W zakres kompetencji nie wchodz\u0105 kwestie z zakresu doktryny i moralno\u015bci jak r\u00f3wnie\u017c personalnej obsady duchowie\u0144stwa parafialnego.<br \/>\n3. Sprawy materialno \u2013 gospodarcze podlegaj\u0105 radom ekonomicznym, jakkolwiek PRD mo\u017ce wyra\u017ca\u0107 swoje opinie i kierowa\u0107 wnioski.<br \/>\n4. PRD posiada charakter g\u0142osu doradczego. Niemniej proboszcz przed podj\u0119ciem decyzji winien wzi\u0105\u0107 pod uwag\u0119 i w sumieniu rozwa\u017cy\u0107 g\u0142osy Rady. W sprawach spornych rozstrzyga Ordynariusz.<\/p>\n<p><strong>IV. Kadencja i spos\u00f3b funkcjonowania<br \/>\n<\/strong>1. Cz\u0142onkowie Rady s\u0105 powo\u0142ywani na okres 3 lat, a ich udzia\u0142 w pracach mo\u017ce by\u0107 przed\u0142u\u017cony na nast\u0119pne kadencje. Wskazana jest jednak rotacja i przynajmniej cz\u0119\u015bciowa wymiana sk\u0142adu, by unikn\u0105\u0107 stagnacji.<br \/>\n2. Cz\u0142onkowie Rady mog\u0105 by\u0107 odwo\u0142ani przed up\u0142ywem kadencji, gdy zajd\u0105 okoliczno\u015bci uniemo\u017cliwiaj\u0105ce dalsze pe\u0142nienie zada\u0144.<br \/>\n3. PRD zbiera si\u0119 na swoje zebranie co najmniej raz na kwarta\u0142, a zwo\u0142uje je Proboszcz lub te\u017c z inicjatyw\u0105 wychodz\u0105 cz\u0142onkowie.<br \/>\n4. Porz\u0105dek zebrania winien by\u0107 wcze\u015bniej znany cz\u0142onkom Rady, a zawsze nale\u017cy przewidzie\u0107 wolne wnioski.<br \/>\n5. Z ka\u017cdego posiedzenia, wybrany spo\u015br\u00f3d cz\u0142onk\u00f3w Rady sekretarz sporz\u0105dza protok\u00f3\u0142, kt\u00f3ry przechowywany w specjalnej ksi\u0119dze nale\u017cy przedstawi\u0107 biskupowi podczas wizytacji kanonicznej.<br \/>\n6. Wa\u017cniejsze ustalenia duszpasterskie PRD winny by\u0107 komunikowane ca\u0142ej spo\u0142eczno\u015bci parafialnej.<\/p>\n<p>Gniezno, dnia 8 grudnia 2000 r. &#8211; Arcybiskup Metropolita Gnie\u017anie\u0144ski Henryk Muszy\u0144ski<\/p>\n","protected":false},"excerpt":{"rendered":"<p>Dekretem z dnia 13 maja 2021r. Ks. Arcybiskup Wojciech Polak, Metropolita Gnie\u017anie\u0144ski, Prymas Polski zatwierdzi\u0142 na okres trzech lat Parafialn\u0105 Rad\u0119 Duszpastersk\u0105 w naszej kalwaryjskiej Parafii p.w. Pana Jezusa Ukrzy\u017cowanego i Matki Bo\u017cej Bolesnej w Pako\u015bci, w nast\u0119puj\u0105cym sk\u0142adzie: 1. Andrzej Podlaszewski \u2013 Towarzystwo \u015awi\u0119tego Wojciecha, \u017bywy R\u00f3\u017caniec 2. Maria R\u00f3\u017cycka \u2013 \u017bywy R\u00f3\u017caniec 3. &hellip;<\/p>\n","protected":false},"author":2,"featured_media":18667,"comment_status":"closed","ping_status":"closed","sticky":false,"template":"","format":"standard","meta":{"_mi_skip_tracking":false,"_exactmetrics_sitenote_active":false,"_exactmetrics_sitenote_note":"","_exactmetrics_sitenote_category":0},"categories":[13,7],"tags":[],"yoast_head":"<!-- This site is optimized with the Yoast SEO plugin v18.1 - https:\/\/yoast.com\/wordpress\/plugins\/seo\/ -->\n<title>Parafialna Rada Duszpasterska w kalwaryjskiej Parafii - Pako\u015b\u0107 \u2013 Kalwaria<\/title>\n<meta name=\"robots\" content=\"index, follow, max-snippet:-1, max-image-preview:large, max-video-preview:-1\" \/>\n<link rel=\"canonical\" href=\"https:\/\/pakosc-kalwaria.franciszkanie.net\/index.php\/2021\/06\/13\/nowa-parafialna-rada-duszpasterska\/\" \/>\n<meta property=\"og:locale\" content=\"pl_PL\" \/>\n<meta property=\"og:type\" content=\"article\" \/>\n<meta property=\"og:title\" content=\"Parafialna Rada Duszpasterska w kalwaryjskiej Parafii - Pako\u015b\u0107 \u2013 Kalwaria\" \/>\n<meta property=\"og:description\" content=\"Dekretem z dnia 13 maja 2021r. Ks. Arcybiskup Wojciech Polak, Metropolita Gnie\u017anie\u0144ski, Prymas Polski zatwierdzi\u0142 na okres trzech lat Parafialn\u0105 Rad\u0119 Duszpastersk\u0105 w naszej kalwaryjskiej Parafii p.w. Pana Jezusa Ukrzy\u017cowanego i Matki Bo\u017cej Bolesnej w Pako\u015bci, w nast\u0119puj\u0105cym sk\u0142adzie: 1. Andrzej Podlaszewski \u2013 Towarzystwo \u015awi\u0119tego Wojciecha, \u017bywy R\u00f3\u017caniec 2. Maria R\u00f3\u017cycka \u2013 \u017bywy R\u00f3\u017caniec 3. &hellip;\" \/>\n<meta property=\"og:url\" content=\"https:\/\/pakosc-kalwaria.franciszkanie.net\/index.php\/2021\/06\/13\/nowa-parafialna-rada-duszpasterska\/\" \/>\n<meta property=\"og:site_name\" content=\"Pako\u015b\u0107 \u2013 Kalwaria\" \/>\n<meta property=\"article:author\" content=\"https:\/\/www.facebook.com\/KalwariaPakosc\/\" \/>\n<meta property=\"article:published_time\" content=\"2021-06-13T09:00:51+00:00\" \/>\n<meta property=\"article:modified_time\" content=\"2021-06-14T06:08:35+00:00\" \/>\n<meta property=\"og:image\" content=\"https:\/\/pakosc-kalwaria.franciszkanie.net\/wp-content\/uploads\/2021\/06\/DSCN1748.jpg\" \/>\n\t<meta property=\"og:image:width\" content=\"300\" \/>\n\t<meta property=\"og:image:height\" content=\"225\" \/>\n\t<meta property=\"og:image:type\" content=\"image\/jpeg\" \/>\n<meta name=\"twitter:card\" content=\"summary\" \/>\n<meta name=\"twitter:label1\" content=\"Napisane przez\" \/>\n\t<meta name=\"twitter:data1\" content=\"pakosc-kalwaria\" \/>\n\t<meta name=\"twitter:label2\" content=\"Szacowany czas czytania\" \/>\n\t<meta name=\"twitter:data2\" content=\"4 minuty\" \/>\n<script type=\"application\/ld+json\" class=\"yoast-schema-graph\">{\"@context\":\"https:\/\/schema.org\",\"@graph\":[{\"@type\":\"WebSite\",\"@id\":\"https:\/\/pakosc-kalwaria.franciszkanie.net\/#website\",\"url\":\"https:\/\/pakosc-kalwaria.franciszkanie.net\/\",\"name\":\"Pako\u015b\u0107 \u2013 Kalwaria\",\"description\":\"Parafia Rzymsko \u2013 Katolicka p.w. Pana Jezusa Ukrzy\u017cowanego i  Matki Bo\u017cej Bolesnej ul. Barci\u0144ska 60, 88\u2013170 Pako\u015b\u0107 \u2013 Kalwaria\",\"potentialAction\":[{\"@type\":\"SearchAction\",\"target\":{\"@type\":\"EntryPoint\",\"urlTemplate\":\"https:\/\/pakosc-kalwaria.franciszkanie.net\/?s={search_term_string}\"},\"query-input\":\"required name=search_term_string\"}],\"inLanguage\":\"pl-PL\"},{\"@type\":\"ImageObject\",\"@id\":\"https:\/\/pakosc-kalwaria.franciszkanie.net\/index.php\/2021\/06\/13\/nowa-parafialna-rada-duszpasterska\/#primaryimage\",\"inLanguage\":\"pl-PL\",\"url\":\"https:\/\/pakosc-kalwaria.franciszkanie.net\/wp-content\/uploads\/2021\/06\/DSCN1748.jpg\",\"contentUrl\":\"https:\/\/pakosc-kalwaria.franciszkanie.net\/wp-content\/uploads\/2021\/06\/DSCN1748.jpg\",\"width\":300,\"height\":225},{\"@type\":\"WebPage\",\"@id\":\"https:\/\/pakosc-kalwaria.franciszkanie.net\/index.php\/2021\/06\/13\/nowa-parafialna-rada-duszpasterska\/#webpage\",\"url\":\"https:\/\/pakosc-kalwaria.franciszkanie.net\/index.php\/2021\/06\/13\/nowa-parafialna-rada-duszpasterska\/\",\"name\":\"Parafialna Rada Duszpasterska w kalwaryjskiej Parafii - Pako\u015b\u0107 \u2013 Kalwaria\",\"isPartOf\":{\"@id\":\"https:\/\/pakosc-kalwaria.franciszkanie.net\/#website\"},\"primaryImageOfPage\":{\"@id\":\"https:\/\/pakosc-kalwaria.franciszkanie.net\/index.php\/2021\/06\/13\/nowa-parafialna-rada-duszpasterska\/#primaryimage\"},\"datePublished\":\"2021-06-13T09:00:51+00:00\",\"dateModified\":\"2021-06-14T06:08:35+00:00\",\"author\":{\"@id\":\"https:\/\/pakosc-kalwaria.franciszkanie.net\/#\/schema\/person\/af10b943be0760709227d060eadcb2aa\"},\"breadcrumb\":{\"@id\":\"https:\/\/pakosc-kalwaria.franciszkanie.net\/index.php\/2021\/06\/13\/nowa-parafialna-rada-duszpasterska\/#breadcrumb\"},\"inLanguage\":\"pl-PL\",\"potentialAction\":[{\"@type\":\"ReadAction\",\"target\":[\"https:\/\/pakosc-kalwaria.franciszkanie.net\/index.php\/2021\/06\/13\/nowa-parafialna-rada-duszpasterska\/\"]}]},{\"@type\":\"BreadcrumbList\",\"@id\":\"https:\/\/pakosc-kalwaria.franciszkanie.net\/index.php\/2021\/06\/13\/nowa-parafialna-rada-duszpasterska\/#breadcrumb\",\"itemListElement\":[{\"@type\":\"ListItem\",\"position\":1,\"name\":\"Strona g\u0142\u00f3wna\",\"item\":\"https:\/\/pakosc-kalwaria.franciszkanie.net\/\"},{\"@type\":\"ListItem\",\"position\":2,\"name\":\"Parafialna Rada Duszpasterska w kalwaryjskiej Parafii\"}]},{\"@type\":\"Person\",\"@id\":\"https:\/\/pakosc-kalwaria.franciszkanie.net\/#\/schema\/person\/af10b943be0760709227d060eadcb2aa\",\"name\":\"pakosc-kalwaria\",\"image\":{\"@type\":\"ImageObject\",\"@id\":\"https:\/\/pakosc-kalwaria.franciszkanie.net\/#personlogo\",\"inLanguage\":\"pl-PL\",\"url\":\"https:\/\/secure.gravatar.com\/avatar\/e7049d338b55eac6a0027ff3218b8d02?s=96&d=mm&r=g\",\"contentUrl\":\"https:\/\/secure.gravatar.com\/avatar\/e7049d338b55eac6a0027ff3218b8d02?s=96&d=mm&r=g\",\"caption\":\"pakosc-kalwaria\"},\"sameAs\":[\"https:\/\/www.facebook.com\/KalwariaPakosc\/\"],\"url\":\"https:\/\/pakosc-kalwaria.franciszkanie.net\/index.php\/author\/pakosc-kalwaria\/\"}]}<\/script>\n<!-- \/ Yoast SEO plugin. -->","yoast_head_json":{"title":"Parafialna Rada Duszpasterska w kalwaryjskiej Parafii - Pako\u015b\u0107 \u2013 Kalwaria","robots":{"index":"index","follow":"follow","max-snippet":"max-snippet:-1","max-image-preview":"max-image-preview:large","max-video-preview":"max-video-preview:-1"},"canonical":"https:\/\/pakosc-kalwaria.franciszkanie.net\/index.php\/2021\/06\/13\/nowa-parafialna-rada-duszpasterska\/","og_locale":"pl_PL","og_type":"article","og_title":"Parafialna Rada Duszpasterska w kalwaryjskiej Parafii - Pako\u015b\u0107 \u2013 Kalwaria","og_description":"Dekretem z dnia 13 maja 2021r. Ks. Arcybiskup Wojciech Polak, Metropolita Gnie\u017anie\u0144ski, Prymas Polski zatwierdzi\u0142 na okres trzech lat Parafialn\u0105 Rad\u0119 Duszpastersk\u0105 w naszej kalwaryjskiej Parafii p.w. Pana Jezusa Ukrzy\u017cowanego i Matki Bo\u017cej Bolesnej w Pako\u015bci, w nast\u0119puj\u0105cym sk\u0142adzie: 1. Andrzej Podlaszewski \u2013 Towarzystwo \u015awi\u0119tego Wojciecha, \u017bywy R\u00f3\u017caniec 2. Maria R\u00f3\u017cycka \u2013 \u017bywy R\u00f3\u017caniec 3. &hellip;","og_url":"https:\/\/pakosc-kalwaria.franciszkanie.net\/index.php\/2021\/06\/13\/nowa-parafialna-rada-duszpasterska\/","og_site_name":"Pako\u015b\u0107 \u2013 Kalwaria","article_author":"https:\/\/www.facebook.com\/KalwariaPakosc\/","article_published_time":"2021-06-13T09:00:51+00:00","article_modified_time":"2021-06-14T06:08:35+00:00","og_image":[{"width":300,"height":225,"url":"https:\/\/pakosc-kalwaria.franciszkanie.net\/wp-content\/uploads\/2021\/06\/DSCN1748.jpg","type":"image\/jpeg"}],"twitter_card":"summary","twitter_misc":{"Napisane przez":"pakosc-kalwaria","Szacowany czas czytania":"4 minuty"},"schema":{"@context":"https:\/\/schema.org","@graph":[{"@type":"WebSite","@id":"https:\/\/pakosc-kalwaria.franciszkanie.net\/#website","url":"https:\/\/pakosc-kalwaria.franciszkanie.net\/","name":"Pako\u015b\u0107 \u2013 Kalwaria","description":"Parafia Rzymsko \u2013 Katolicka p.w. Pana Jezusa Ukrzy\u017cowanego i  Matki Bo\u017cej Bolesnej ul. Barci\u0144ska 60, 88\u2013170 Pako\u015b\u0107 \u2013 Kalwaria","potentialAction":[{"@type":"SearchAction","target":{"@type":"EntryPoint","urlTemplate":"https:\/\/pakosc-kalwaria.franciszkanie.net\/?s={search_term_string}"},"query-input":"required name=search_term_string"}],"inLanguage":"pl-PL"},{"@type":"ImageObject","@id":"https:\/\/pakosc-kalwaria.franciszkanie.net\/index.php\/2021\/06\/13\/nowa-parafialna-rada-duszpasterska\/#primaryimage","inLanguage":"pl-PL","url":"https:\/\/pakosc-kalwaria.franciszkanie.net\/wp-content\/uploads\/2021\/06\/DSCN1748.jpg","contentUrl":"https:\/\/pakosc-kalwaria.franciszkanie.net\/wp-content\/uploads\/2021\/06\/DSCN1748.jpg","width":300,"height":225},{"@type":"WebPage","@id":"https:\/\/pakosc-kalwaria.franciszkanie.net\/index.php\/2021\/06\/13\/nowa-parafialna-rada-duszpasterska\/#webpage","url":"https:\/\/pakosc-kalwaria.franciszkanie.net\/index.php\/2021\/06\/13\/nowa-parafialna-rada-duszpasterska\/","name":"Parafialna Rada Duszpasterska w kalwaryjskiej Parafii - Pako\u015b\u0107 \u2013 Kalwaria","isPartOf":{"@id":"https:\/\/pakosc-kalwaria.franciszkanie.net\/#website"},"primaryImageOfPage":{"@id":"https:\/\/pakosc-kalwaria.franciszkanie.net\/index.php\/2021\/06\/13\/nowa-parafialna-rada-duszpasterska\/#primaryimage"},"datePublished":"2021-06-13T09:00:51+00:00","dateModified":"2021-06-14T06:08:35+00:00","author":{"@id":"https:\/\/pakosc-kalwaria.franciszkanie.net\/#\/schema\/person\/af10b943be0760709227d060eadcb2aa"},"breadcrumb":{"@id":"https:\/\/pakosc-kalwaria.franciszkanie.net\/index.php\/2021\/06\/13\/nowa-parafialna-rada-duszpasterska\/#breadcrumb"},"inLanguage":"pl-PL","potentialAction":[{"@type":"ReadAction","target":["https:\/\/pakosc-kalwaria.franciszkanie.net\/index.php\/2021\/06\/13\/nowa-parafialna-rada-duszpasterska\/"]}]},{"@type":"BreadcrumbList","@id":"https:\/\/pakosc-kalwaria.franciszkanie.net\/index.php\/2021\/06\/13\/nowa-parafialna-rada-duszpasterska\/#breadcrumb","itemListElement":[{"@type":"ListItem","position":1,"name":"Strona g\u0142\u00f3wna","item":"https:\/\/pakosc-kalwaria.franciszkanie.net\/"},{"@type":"ListItem","position":2,"name":"Parafialna Rada Duszpasterska w kalwaryjskiej Parafii"}]},{"@type":"Person","@id":"https:\/\/pakosc-kalwaria.franciszkanie.net\/#\/schema\/person\/af10b943be0760709227d060eadcb2aa","name":"pakosc-kalwaria","image":{"@type":"ImageObject","@id":"https:\/\/pakosc-kalwaria.franciszkanie.net\/#personlogo","inLanguage":"pl-PL","url":"https:\/\/secure.gravatar.com\/avatar\/e7049d338b55eac6a0027ff3218b8d02?s=96&d=mm&r=g","contentUrl":"https:\/\/secure.gravatar.com\/avatar\/e7049d338b55eac6a0027ff3218b8d02?s=96&d=mm&r=g","caption":"pakosc-kalwaria"},"sameAs":["https:\/\/www.facebook.com\/KalwariaPakosc\/"],"url":"https:\/\/pakosc-kalwaria.franciszkanie.net\/index.php\/author\/pakosc-kalwaria\/"}]}},"_links":{"self":[{"href":"https:\/\/pakosc-kalwaria.franciszkanie.net\/index.php\/wp-json\/wp\/v2\/posts\/18666"}],"collection":[{"href":"https:\/\/pakosc-kalwaria.franciszkanie.net\/index.php\/wp-json\/wp\/v2\/posts"}],"about":[{"href":"https:\/\/pakosc-kalwaria.franciszkanie.net\/index.php\/wp-json\/wp\/v2\/types\/post"}],"author":[{"embeddable":true,"href":"https:\/\/pakosc-kalwaria.franciszkanie.net\/index.php\/wp-json\/wp\/v2\/users\/2"}],"replies":[{"embeddable":true,"href":"https:\/\/pakosc-kalwaria.franciszkanie.net\/index.php\/wp-json\/wp\/v2\/comments?post=18666"}],"version-history":[{"count":6,"href":"https:\/\/pakosc-kalwaria.franciszkanie.net\/index.php\/wp-json\/wp\/v2\/posts\/18666\/revisions"}],"predecessor-version":[{"id":18679,"href":"https:\/\/pakosc-kalwaria.franciszkanie.net\/index.php\/wp-json\/wp\/v2\/posts\/18666\/revisions\/18679"}],"wp:featuredmedia":[{"embeddable":true,"href":"https:\/\/pakosc-kalwaria.franciszkanie.net\/index.php\/wp-json\/wp\/v2\/media\/18667"}],"wp:attachment":[{"href":"https:\/\/pakosc-kalwaria.franciszkanie.net\/index.php\/wp-json\/wp\/v2\/media?parent=18666"}],"wp:term":[{"taxonomy":"category","embeddable":true,"href":"https:\/\/pakosc-kalwaria.franciszkanie.net\/index.php\/wp-json\/wp\/v2\/categories?post=18666"},{"taxonomy":"post_tag","embeddable":true,"href":"https:\/\/pakosc-kalwaria.franciszkanie.net\/index.php\/wp-json\/wp\/v2\/tags?post=18666"}],"curies":[{"name":"wp","href":"https:\/\/api.w.org\/{rel}","templated":true}]}}